{"id":105084,"date":"2025-03-30T11:08:32","date_gmt":"2025-03-30T18:08:32","guid":{"rendered":"https:\/\/fuentesfidedignas.com.mx\/?p=105084"},"modified":"2025-03-30T11:08:34","modified_gmt":"2025-03-30T18:08:34","slug":"se-enfrentan-a-balazos-grupos-criminales-en-choix-y-el-fuerte-reportes","status":"publish","type":"post","link":"https:\/\/fuentesfidedignas.com.mx\/index.php\/2025\/03\/30\/se-enfrentan-a-balazos-grupos-criminales-en-choix-y-el-fuerte-reportes\/","title":{"rendered":"Se enfrentan a balazos grupos criminales en Choix y El Fuerte: reportes"},"content":{"rendered":"\n<p><strong><em>Esta ser\u00eda la primera confrontaci\u00f3n de las c\u00e9lulas del C\u00e1rtel de Sinaloa en la regi\u00f3n.<\/em><\/strong><\/p>\n\n\n\n<p>La disputa interna en el C\u00e1rtel de Sinaloa habr\u00eda estallado en la zona serrana del norte del estado. Seg\u00fan reportes extraoficiales, c\u00e9lulas de La Chapiza y del grupo de El Mayito Flaco se habr\u00edan enfrentado a balazos en la sindicatura de Chinobampo, municipio de El Fuerte, en lo que ser\u00eda el primer confrontamiento armado entre ambas facciones en esta regi\u00f3n.<\/p>\n\n\n\n<p>El conflicto se habr\u00eda extendido por varias horas anoche y la madrugada de este domingo, con enfrentamientos a lo largo de caminos y comunidades serranas en los l\u00edmites de El Fuerte y Choix.\u00a0<\/p>\n\n\n\n<p>Habitantes de la zona reportaron detonaciones de armas de alto calibre e incluso explosiones similares a bazucazos, adem\u00e1s de la quema de viviendas.<\/p>\n\n\n\n<p>\u200bSe presume que un grupo proveniente de San Jos\u00e9 de Gracia, municipio de Sinaloa, intent\u00f3 tomar territorio en la sierra, lo que desat\u00f3 la balacera. En medio del enfrentamiento, un hombre identificado como El Rojo&nbsp;habr\u00eda sido asesinado junto con otros hombres, aunque esta informaci\u00f3n a\u00fan no ha sido confirmada oficialmente.<\/p>\n\n\n\n<p><strong>Operativo sin resultados<\/strong><br>Tras las denuncias de los pobladores, un operativo conjunto de la Polic\u00eda Municipal de El Fuerte y la Guardia Nacional recorri\u00f3 la zona para ubicar a los grupos armados y verificar los reportes de violencia. Sin embargo, las autoridades aseguraron que no encontraron rastros del enfrentamiento ni cuerpos en el \u00e1rea.<\/p>\n\n\n\n<p>El director de Seguridad P\u00fablica, Natanael T\u00e9llez Ibarra, inform\u00f3 que los habitantes confirmaron haber escuchado los enfrentamientos, pero hasta el momento no hay evidencia tangible de los hechos.<\/p>\n\n\n\n<p><strong>Movilizaci\u00f3n de hombres armados en El Fuerte y Choix<\/strong><br>Adem\u00e1s del tiroteo en la sierra, en la cabecera municipal de El Fuerte se detect\u00f3 la presencia de decenas de camionetas con civiles armados, quienes fueron grabados mientras patrullaban la zona. Posteriormente, se dirigieron hacia la sierra de Choix por la v\u00eda de Chinobampo.<\/p>\n\n\n\n<p>Se reporta que al menos 12 camionetas con hombres armados fueron vistas desplaz\u00e1ndose hacia Yecorato y Bacayopa, donde se presume que los enfrentamientos continuaron hasta la medianoche.<\/p>\n\n\n\n<p><strong>\u00bfPrimer golpe en una guerra interna?<\/strong><br>Esta zona serrana es clave para el crimen organizado debido a su geograf\u00eda, que facilita el trasiego de drogas, armas y otros il\u00edcitos. Tambi\u00e9n es una ruta estrat\u00e9gica para el tr\u00e1fico de fentanilo, metanfetaminas y mariguana, adem\u00e1s de ser un punto de conexi\u00f3n con la sierra de Chihuahua y Durango, territorios hist\u00f3ricamente dominados por el C\u00e1rtel de Sinaloa.<\/p>\n\n\n\n<p>Este choque entre Mayos y Chapos marcar\u00eda el inicio de una posible disputa por el control de estos corredores estrat\u00e9gicos. Adem\u00e1s del narcotr\u00e1fico, en esta regi\u00f3n tambi\u00e9n operan redes de tala ilegal, miner\u00eda clandestina y robo de combustible, lo que convierte el territorio en un objetivo codiciado.<\/p>\n\n\n\n<p>Hasta ahora, las autoridades no han confirmado bajas ni detenciones de presuntos responsables, pero los habitantes insisten en que la violencia dej\u00f3 muertos y varias casas incendiadas. No se descarta que nuevos enfrentamientos ocurran en los pr\u00f3ximos d\u00edas.<\/p>\n","protected":false},"excerpt":{"rendered":"<p>Esta ser\u00eda la primera confrontaci\u00f3n de las c\u00e9lulas del C\u00e1rtel de Sinaloa en la regi\u00f3n. La disputa interna en el C\u00e1rtel de Sinaloa habr\u00eda estallado en la zona serrana del norte del estado. Seg\u00fan reportes extraoficiales, c\u00e9lulas de La Chapiza y del grupo de El Mayito Flaco se habr\u00edan enfrentado a balazos en la sindicatura [&hellip;]<\/p>\n","protected":false},"author":9,"featured_media":105085,"comment_status":"open","ping_status":"open","sticky":false,"template":"","format":"standard","meta":{"tdm_status":"","tdm_grid_status":"","footnotes":""},"categories":[37],"tags":[],"class_list":{"0":"post-105084","1":"post","2":"type-post","3":"status-publish","4":"format-standard","5":"has-post-thumbnail","7":"category-nota-principal"},"yoast_head":"<!-- This site is optimized with the Yoast SEO plugin v27.4 - https:\/\/yoast.com\/product\/yoast-seo-wordpress\/ -->\n<title>Se enfrentan a balazos grupos criminales en Choix y El Fuerte: reportes - Fuentes Fidedignas<\/title>\n<meta name=\"robots\" content=\"index, follow, max-snippet:-1, max-image-preview:large, max-video-preview:-1\" \/>\n<link rel=\"canonical\" href=\"https:\/\/fuentesfidedignas.com.mx\/index.php\/2025\/03\/30\/se-enfrentan-a-balazos-grupos-criminales-en-choix-y-el-fuerte-reportes\/\" \/>\n<meta property=\"og:locale\" content=\"es_MX\" \/>\n<meta property=\"og:type\" content=\"article\" \/>\n<meta property=\"og:title\" content=\"Se enfrentan a balazos grupos criminales en Choix y El Fuerte: reportes - Fuentes Fidedignas\" \/>\n<meta property=\"og:description\" content=\"Esta ser\u00eda la primera confrontaci\u00f3n de las c\u00e9lulas del C\u00e1rtel de Sinaloa en la regi\u00f3n. La disputa interna en el C\u00e1rtel de Sinaloa habr\u00eda estallado en la zona serrana del norte del estado. Seg\u00fan reportes extraoficiales, c\u00e9lulas de La Chapiza y del grupo de El Mayito Flaco se habr\u00edan enfrentado a balazos en la sindicatura [&hellip;]\" \/>\n<meta property=\"og:url\" content=\"https:\/\/fuentesfidedignas.com.mx\/index.php\/2025\/03\/30\/se-enfrentan-a-balazos-grupos-criminales-en-choix-y-el-fuerte-reportes\/\" \/>\n<meta property=\"og:site_name\" content=\"Fuentes Fidedignas\" \/>\n<meta property=\"article:publisher\" content=\"https:\/\/www.facebook.com\/Fuentes-Fidedignas-368234489921644\" \/>\n<meta property=\"article:published_time\" content=\"2025-03-30T18:08:32+00:00\" \/>\n<meta property=\"article:modified_time\" content=\"2025-03-30T18:08:34+00:00\" \/>\n<meta property=\"og:image\" content=\"https:\/\/fuentesfidedignas.com.mx\/wp-content\/uploads\/2025\/03\/operativo_choix.jpg\" \/>\n\t<meta property=\"og:image:width\" content=\"600\" \/>\n\t<meta property=\"og:image:height\" content=\"377\" \/>\n\t<meta property=\"og:image:type\" content=\"image\/jpeg\" \/>\n<meta name=\"author\" content=\"Milenio\" \/>\n<meta name=\"twitter:card\" content=\"summary_large_image\" \/>\n<meta name=\"twitter:creator\" content=\"@fidedignas\" \/>\n<meta name=\"twitter:site\" content=\"@fidedignas\" \/>\n<meta name=\"twitter:label1\" content=\"Escrito por\" \/>\n\t<meta name=\"twitter:data1\" content=\"Milenio\" \/>\n\t<meta name=\"twitter:label2\" content=\"Tiempo de lectura\" \/>\n\t<meta name=\"twitter:data2\" content=\"3 minutos\" \/>\n<script type=\"application\/ld+json\" class=\"yoast-schema-graph\">{\"@context\":\"https:\\\/\\\/schema.org\",\"@graph\":[{\"@type\":\"Article\",\"@id\":\"https:\\\/\\\/fuentesfidedignas.com.mx\\\/index.php\\\/2025\\\/03\\\/30\\\/se-enfrentan-a-balazos-grupos-criminales-en-choix-y-el-fuerte-reportes\\\/#article\",\"isPartOf\":{\"@id\":\"https:\\\/\\\/fuentesfidedignas.com.mx\\\/index.php\\\/2025\\\/03\\\/30\\\/se-enfrentan-a-balazos-grupos-criminales-en-choix-y-el-fuerte-reportes\\\/\"},\"author\":{\"name\":\"Milenio\",\"@id\":\"https:\\\/\\\/fuentesfidedignas.com.mx\\\/#\\\/schema\\\/person\\\/47ec0135738f4b0c7495f06a77a2c976\"},\"headline\":\"Se enfrentan a balazos grupos criminales en Choix y El Fuerte: reportes\",\"datePublished\":\"2025-03-30T18:08:32+00:00\",\"dateModified\":\"2025-03-30T18:08:34+00:00\",\"mainEntityOfPage\":{\"@id\":\"https:\\\/\\\/fuentesfidedignas.com.mx\\\/index.php\\\/2025\\\/03\\\/30\\\/se-enfrentan-a-balazos-grupos-criminales-en-choix-y-el-fuerte-reportes\\\/\"},\"wordCount\":548,\"commentCount\":0,\"publisher\":{\"@id\":\"https:\\\/\\\/fuentesfidedignas.com.mx\\\/#organization\"},\"image\":{\"@id\":\"https:\\\/\\\/fuentesfidedignas.com.mx\\\/index.php\\\/2025\\\/03\\\/30\\\/se-enfrentan-a-balazos-grupos-criminales-en-choix-y-el-fuerte-reportes\\\/#primaryimage\"},\"thumbnailUrl\":\"https:\\\/\\\/fuentesfidedignas.com.mx\\\/wp-content\\\/uploads\\\/2025\\\/03\\\/operativo_choix.jpg\",\"articleSection\":[\"NOTA PRINCIPAL\"],\"inLanguage\":\"es\",\"potentialAction\":[{\"@type\":\"CommentAction\",\"name\":\"Comment\",\"target\":[\"https:\\\/\\\/fuentesfidedignas.com.mx\\\/index.php\\\/2025\\\/03\\\/30\\\/se-enfrentan-a-balazos-grupos-criminales-en-choix-y-el-fuerte-reportes\\\/#respond\"]}]},{\"@type\":\"WebPage\",\"@id\":\"https:\\\/\\\/fuentesfidedignas.com.mx\\\/index.php\\\/2025\\\/03\\\/30\\\/se-enfrentan-a-balazos-grupos-criminales-en-choix-y-el-fuerte-reportes\\\/\",\"url\":\"https:\\\/\\\/fuentesfidedignas.com.mx\\\/index.php\\\/2025\\\/03\\\/30\\\/se-enfrentan-a-balazos-grupos-criminales-en-choix-y-el-fuerte-reportes\\\/\",\"name\":\"Se enfrentan a balazos grupos criminales en Choix y El Fuerte: reportes - Fuentes Fidedignas\",\"isPartOf\":{\"@id\":\"https:\\\/\\\/fuentesfidedignas.com.mx\\\/#website\"},\"primaryImageOfPage\":{\"@id\":\"https:\\\/\\\/fuentesfidedignas.com.mx\\\/index.php\\\/2025\\\/03\\\/30\\\/se-enfrentan-a-balazos-grupos-criminales-en-choix-y-el-fuerte-reportes\\\/#primaryimage\"},\"image\":{\"@id\":\"https:\\\/\\\/fuentesfidedignas.com.mx\\\/index.php\\\/2025\\\/03\\\/30\\\/se-enfrentan-a-balazos-grupos-criminales-en-choix-y-el-fuerte-reportes\\\/#primaryimage\"},\"thumbnailUrl\":\"https:\\\/\\\/fuentesfidedignas.com.mx\\\/wp-content\\\/uploads\\\/2025\\\/03\\\/operativo_choix.jpg\",\"datePublished\":\"2025-03-30T18:08:32+00:00\",\"dateModified\":\"2025-03-30T18:08:34+00:00\",\"breadcrumb\":{\"@id\":\"https:\\\/\\\/fuentesfidedignas.com.mx\\\/index.php\\\/2025\\\/03\\\/30\\\/se-enfrentan-a-balazos-grupos-criminales-en-choix-y-el-fuerte-reportes\\\/#breadcrumb\"},\"inLanguage\":\"es\",\"potentialAction\":[{\"@type\":\"ReadAction\",\"target\":[\"https:\\\/\\\/fuentesfidedignas.com.mx\\\/index.php\\\/2025\\\/03\\\/30\\\/se-enfrentan-a-balazos-grupos-criminales-en-choix-y-el-fuerte-reportes\\\/\"]}]},{\"@type\":\"ImageObject\",\"inLanguage\":\"es\",\"@id\":\"https:\\\/\\\/fuentesfidedignas.com.mx\\\/index.php\\\/2025\\\/03\\\/30\\\/se-enfrentan-a-balazos-grupos-criminales-en-choix-y-el-fuerte-reportes\\\/#primaryimage\",\"url\":\"https:\\\/\\\/fuentesfidedignas.com.mx\\\/wp-content\\\/uploads\\\/2025\\\/03\\\/operativo_choix.jpg\",\"contentUrl\":\"https:\\\/\\\/fuentesfidedignas.com.mx\\\/wp-content\\\/uploads\\\/2025\\\/03\\\/operativo_choix.jpg\",\"width\":600,\"height\":377},{\"@type\":\"BreadcrumbList\",\"@id\":\"https:\\\/\\\/fuentesfidedignas.com.mx\\\/index.php\\\/2025\\\/03\\\/30\\\/se-enfrentan-a-balazos-grupos-criminales-en-choix-y-el-fuerte-reportes\\\/#breadcrumb\",\"itemListElement\":[{\"@type\":\"ListItem\",\"position\":1,\"name\":\"Inicio\",\"item\":\"https:\\\/\\\/fuentesfidedignas.com.mx\\\/\"},{\"@type\":\"ListItem\",\"position\":2,\"name\":\"Se enfrentan a balazos grupos criminales en Choix y El Fuerte: reportes\"}]},{\"@type\":\"WebSite\",\"@id\":\"https:\\\/\\\/fuentesfidedignas.com.mx\\\/#website\",\"url\":\"https:\\\/\\\/fuentesfidedignas.com.mx\\\/\",\"name\":\"Fuentes Fidedignas\",\"description\":\"Otro sitio realizado con WordPress\",\"publisher\":{\"@id\":\"https:\\\/\\\/fuentesfidedignas.com.mx\\\/#organization\"},\"potentialAction\":[{\"@type\":\"SearchAction\",\"target\":{\"@type\":\"EntryPoint\",\"urlTemplate\":\"https:\\\/\\\/fuentesfidedignas.com.mx\\\/?s={search_term_string}\"},\"query-input\":{\"@type\":\"PropertyValueSpecification\",\"valueRequired\":true,\"valueName\":\"search_term_string\"}}],\"inLanguage\":\"es\"},{\"@type\":\"Organization\",\"@id\":\"https:\\\/\\\/fuentesfidedignas.com.mx\\\/#organization\",\"name\":\"Fuentes Fidedignas\",\"url\":\"https:\\\/\\\/fuentesfidedignas.com.mx\\\/\",\"logo\":{\"@type\":\"ImageObject\",\"inLanguage\":\"es\",\"@id\":\"https:\\\/\\\/fuentesfidedignas.com.mx\\\/#\\\/schema\\\/logo\\\/image\\\/\",\"url\":\"https:\\\/\\\/fuentesfidedignas.com.mx\\\/wp-content\\\/uploads\\\/2021\\\/04\\\/logo-retina.png\",\"contentUrl\":\"https:\\\/\\\/fuentesfidedignas.com.mx\\\/wp-content\\\/uploads\\\/2021\\\/04\\\/logo-retina.png\",\"width\":280,\"height\":51,\"caption\":\"Fuentes Fidedignas\"},\"image\":{\"@id\":\"https:\\\/\\\/fuentesfidedignas.com.mx\\\/#\\\/schema\\\/logo\\\/image\\\/\"},\"sameAs\":[\"https:\\\/\\\/www.facebook.com\\\/Fuentes-Fidedignas-368234489921644\",\"https:\\\/\\\/x.com\\\/fidedignas\"]},{\"@type\":\"Person\",\"@id\":\"https:\\\/\\\/fuentesfidedignas.com.mx\\\/#\\\/schema\\\/person\\\/47ec0135738f4b0c7495f06a77a2c976\",\"name\":\"Milenio\",\"image\":{\"@type\":\"ImageObject\",\"inLanguage\":\"es\",\"@id\":\"https:\\\/\\\/secure.gravatar.com\\\/avatar\\\/acabf7b54753e51c2c76457954577c236b3b764789b19879565769739d1e4a75?s=96&d=mm&r=g\",\"url\":\"https:\\\/\\\/secure.gravatar.com\\\/avatar\\\/acabf7b54753e51c2c76457954577c236b3b764789b19879565769739d1e4a75?s=96&d=mm&r=g\",\"contentUrl\":\"https:\\\/\\\/secure.gravatar.com\\\/avatar\\\/acabf7b54753e51c2c76457954577c236b3b764789b19879565769739d1e4a75?s=96&d=mm&r=g\",\"caption\":\"Milenio\"},\"url\":\"https:\\\/\\\/fuentesfidedignas.com.mx\\\/index.php\\\/author\\\/milenio\\\/\"}]}<\/script>\n<!-- \/ Yoast SEO plugin. -->","yoast_head_json":{"title":"Se enfrentan a balazos grupos criminales en Choix y El Fuerte: reportes - Fuentes Fidedignas","robots":{"index":"index","follow":"follow","max-snippet":"max-snippet:-1","max-image-preview":"max-image-preview:large","max-video-preview":"max-video-preview:-1"},"canonical":"https:\/\/fuentesfidedignas.com.mx\/index.php\/2025\/03\/30\/se-enfrentan-a-balazos-grupos-criminales-en-choix-y-el-fuerte-reportes\/","og_locale":"es_MX","og_type":"article","og_title":"Se enfrentan a balazos grupos criminales en Choix y El Fuerte: reportes - Fuentes Fidedignas","og_description":"Esta ser\u00eda la primera confrontaci\u00f3n de las c\u00e9lulas del C\u00e1rtel de Sinaloa en la regi\u00f3n. La disputa interna en el C\u00e1rtel de Sinaloa habr\u00eda estallado en la zona serrana del norte del estado. Seg\u00fan reportes extraoficiales, c\u00e9lulas de La Chapiza y del grupo de El Mayito Flaco se habr\u00edan enfrentado a balazos en la sindicatura [&hellip;]","og_url":"https:\/\/fuentesfidedignas.com.mx\/index.php\/2025\/03\/30\/se-enfrentan-a-balazos-grupos-criminales-en-choix-y-el-fuerte-reportes\/","og_site_name":"Fuentes Fidedignas","article_publisher":"https:\/\/www.facebook.com\/Fuentes-Fidedignas-368234489921644","article_published_time":"2025-03-30T18:08:32+00:00","article_modified_time":"2025-03-30T18:08:34+00:00","og_image":[{"width":600,"height":377,"url":"https:\/\/fuentesfidedignas.com.mx\/wp-content\/uploads\/2025\/03\/operativo_choix.jpg","type":"image\/jpeg"}],"author":"Milenio","twitter_card":"summary_large_image","twitter_creator":"@fidedignas","twitter_site":"@fidedignas","twitter_misc":{"Escrito por":"Milenio","Tiempo de lectura":"3 minutos"},"schema":{"@context":"https:\/\/schema.org","@graph":[{"@type":"Article","@id":"https:\/\/fuentesfidedignas.com.mx\/index.php\/2025\/03\/30\/se-enfrentan-a-balazos-grupos-criminales-en-choix-y-el-fuerte-reportes\/#article","isPartOf":{"@id":"https:\/\/fuentesfidedignas.com.mx\/index.php\/2025\/03\/30\/se-enfrentan-a-balazos-grupos-criminales-en-choix-y-el-fuerte-reportes\/"},"author":{"name":"Milenio","@id":"https:\/\/fuentesfidedignas.com.mx\/#\/schema\/person\/47ec0135738f4b0c7495f06a77a2c976"},"headline":"Se enfrentan a balazos grupos criminales en Choix y El Fuerte: reportes","datePublished":"2025-03-30T18:08:32+00:00","dateModified":"2025-03-30T18:08:34+00:00","mainEntityOfPage":{"@id":"https:\/\/fuentesfidedignas.com.mx\/index.php\/2025\/03\/30\/se-enfrentan-a-balazos-grupos-criminales-en-choix-y-el-fuerte-reportes\/"},"wordCount":548,"commentCount":0,"publisher":{"@id":"https:\/\/fuentesfidedignas.com.mx\/#organization"},"image":{"@id":"https:\/\/fuentesfidedignas.com.mx\/index.php\/2025\/03\/30\/se-enfrentan-a-balazos-grupos-criminales-en-choix-y-el-fuerte-reportes\/#primaryimage"},"thumbnailUrl":"https:\/\/fuentesfidedignas.com.mx\/wp-content\/uploads\/2025\/03\/operativo_choix.jpg","articleSection":["NOTA PRINCIPAL"],"inLanguage":"es","potentialAction":[{"@type":"CommentAction","name":"Comment","target":["https:\/\/fuentesfidedignas.com.mx\/index.php\/2025\/03\/30\/se-enfrentan-a-balazos-grupos-criminales-en-choix-y-el-fuerte-reportes\/#respond"]}]},{"@type":"WebPage","@id":"https:\/\/fuentesfidedignas.com.mx\/index.php\/2025\/03\/30\/se-enfrentan-a-balazos-grupos-criminales-en-choix-y-el-fuerte-reportes\/","url":"https:\/\/fuentesfidedignas.com.mx\/index.php\/2025\/03\/30\/se-enfrentan-a-balazos-grupos-criminales-en-choix-y-el-fuerte-reportes\/","name":"Se enfrentan a balazos grupos criminales en Choix y El Fuerte: reportes - Fuentes Fidedignas","isPartOf":{"@id":"https:\/\/fuentesfidedignas.com.mx\/#website"},"primaryImageOfPage":{"@id":"https:\/\/fuentesfidedignas.com.mx\/index.php\/2025\/03\/30\/se-enfrentan-a-balazos-grupos-criminales-en-choix-y-el-fuerte-reportes\/#primaryimage"},"image":{"@id":"https:\/\/fuentesfidedignas.com.mx\/index.php\/2025\/03\/30\/se-enfrentan-a-balazos-grupos-criminales-en-choix-y-el-fuerte-reportes\/#primaryimage"},"thumbnailUrl":"https:\/\/fuentesfidedignas.com.mx\/wp-content\/uploads\/2025\/03\/operativo_choix.jpg","datePublished":"2025-03-30T18:08:32+00:00","dateModified":"2025-03-30T18:08:34+00:00","breadcrumb":{"@id":"https:\/\/fuentesfidedignas.com.mx\/index.php\/2025\/03\/30\/se-enfrentan-a-balazos-grupos-criminales-en-choix-y-el-fuerte-reportes\/#breadcrumb"},"inLanguage":"es","potentialAction":[{"@type":"ReadAction","target":["https:\/\/fuentesfidedignas.com.mx\/index.php\/2025\/03\/30\/se-enfrentan-a-balazos-grupos-criminales-en-choix-y-el-fuerte-reportes\/"]}]},{"@type":"ImageObject","inLanguage":"es","@id":"https:\/\/fuentesfidedignas.com.mx\/index.php\/2025\/03\/30\/se-enfrentan-a-balazos-grupos-criminales-en-choix-y-el-fuerte-reportes\/#primaryimage","url":"https:\/\/fuentesfidedignas.com.mx\/wp-content\/uploads\/2025\/03\/operativo_choix.jpg","contentUrl":"https:\/\/fuentesfidedignas.com.mx\/wp-content\/uploads\/2025\/03\/operativo_choix.jpg","width":600,"height":377},{"@type":"BreadcrumbList","@id":"https:\/\/fuentesfidedignas.com.mx\/index.php\/2025\/03\/30\/se-enfrentan-a-balazos-grupos-criminales-en-choix-y-el-fuerte-reportes\/#breadcrumb","itemListElement":[{"@type":"ListItem","position":1,"name":"Inicio","item":"https:\/\/fuentesfidedignas.com.mx\/"},{"@type":"ListItem","position":2,"name":"Se enfrentan a balazos grupos criminales en Choix y El Fuerte: reportes"}]},{"@type":"WebSite","@id":"https:\/\/fuentesfidedignas.com.mx\/#website","url":"https:\/\/fuentesfidedignas.com.mx\/","name":"Fuentes Fidedignas","description":"Otro sitio realizado con WordPress","publisher":{"@id":"https:\/\/fuentesfidedignas.com.mx\/#organization"},"potentialAction":[{"@type":"SearchAction","target":{"@type":"EntryPoint","urlTemplate":"https:\/\/fuentesfidedignas.com.mx\/?s={search_term_string}"},"query-input":{"@type":"PropertyValueSpecification","valueRequired":true,"valueName":"search_term_string"}}],"inLanguage":"es"},{"@type":"Organization","@id":"https:\/\/fuentesfidedignas.com.mx\/#organization","name":"Fuentes Fidedignas","url":"https:\/\/fuentesfidedignas.com.mx\/","logo":{"@type":"ImageObject","inLanguage":"es","@id":"https:\/\/fuentesfidedignas.com.mx\/#\/schema\/logo\/image\/","url":"https:\/\/fuentesfidedignas.com.mx\/wp-content\/uploads\/2021\/04\/logo-retina.png","contentUrl":"https:\/\/fuentesfidedignas.com.mx\/wp-content\/uploads\/2021\/04\/logo-retina.png","width":280,"height":51,"caption":"Fuentes Fidedignas"},"image":{"@id":"https:\/\/fuentesfidedignas.com.mx\/#\/schema\/logo\/image\/"},"sameAs":["https:\/\/www.facebook.com\/Fuentes-Fidedignas-368234489921644","https:\/\/x.com\/fidedignas"]},{"@type":"Person","@id":"https:\/\/fuentesfidedignas.com.mx\/#\/schema\/person\/47ec0135738f4b0c7495f06a77a2c976","name":"Milenio","image":{"@type":"ImageObject","inLanguage":"es","@id":"https:\/\/secure.gravatar.com\/avatar\/acabf7b54753e51c2c76457954577c236b3b764789b19879565769739d1e4a75?s=96&d=mm&r=g","url":"https:\/\/secure.gravatar.com\/avatar\/acabf7b54753e51c2c76457954577c236b3b764789b19879565769739d1e4a75?s=96&d=mm&r=g","contentUrl":"https:\/\/secure.gravatar.com\/avatar\/acabf7b54753e51c2c76457954577c236b3b764789b19879565769739d1e4a75?s=96&d=mm&r=g","caption":"Milenio"},"url":"https:\/\/fuentesfidedignas.com.mx\/index.php\/author\/milenio\/"}]}},"_links":{"self":[{"href":"https:\/\/fuentesfidedignas.com.mx\/index.php\/wp-json\/wp\/v2\/posts\/105084","targetHints":{"allow":["GET"]}}],"collection":[{"href":"https:\/\/fuentesfidedignas.com.mx\/index.php\/wp-json\/wp\/v2\/posts"}],"about":[{"href":"https:\/\/fuentesfidedignas.com.mx\/index.php\/wp-json\/wp\/v2\/types\/post"}],"author":[{"embeddable":true,"href":"https:\/\/fuentesfidedignas.com.mx\/index.php\/wp-json\/wp\/v2\/users\/9"}],"replies":[{"embeddable":true,"href":"https:\/\/fuentesfidedignas.com.mx\/index.php\/wp-json\/wp\/v2\/comments?post=105084"}],"version-history":[{"count":1,"href":"https:\/\/fuentesfidedignas.com.mx\/index.php\/wp-json\/wp\/v2\/posts\/105084\/revisions"}],"predecessor-version":[{"id":105086,"href":"https:\/\/fuentesfidedignas.com.mx\/index.php\/wp-json\/wp\/v2\/posts\/105084\/revisions\/105086"}],"wp:featuredmedia":[{"embeddable":true,"href":"https:\/\/fuentesfidedignas.com.mx\/index.php\/wp-json\/wp\/v2\/media\/105085"}],"wp:attachment":[{"href":"https:\/\/fuentesfidedignas.com.mx\/index.php\/wp-json\/wp\/v2\/media?parent=105084"}],"wp:term":[{"taxonomy":"category","embeddable":true,"href":"https:\/\/fuentesfidedignas.com.mx\/index.php\/wp-json\/wp\/v2\/categories?post=105084"},{"taxonomy":"post_tag","embeddable":true,"href":"https:\/\/fuentesfidedignas.com.mx\/index.php\/wp-json\/wp\/v2\/tags?post=105084"}],"curies":[{"name":"wp","href":"https:\/\/api.w.org\/{rel}","templated":true}]}}