{"id":1050,"date":"2021-05-04T19:58:07","date_gmt":"2021-05-05T02:58:07","guid":{"rendered":"https:\/\/fuentesfidedignas.com.mx\/?p=1050"},"modified":"2021-05-05T05:03:35","modified_gmt":"2021-05-05T12:03:35","slug":"desecha-teesin-una-tercera-denuncia-de-morena-contra-mario-zamora","status":"publish","type":"post","link":"https:\/\/fuentesfidedignas.com.mx\/index.php\/2021\/05\/04\/desecha-teesin-una-tercera-denuncia-de-morena-contra-mario-zamora\/","title":{"rendered":"Desecha Teesin una tercera denuncia de Morena contra Mario Zamora"},"content":{"rendered":"\n<p><strong><em>Para el Tribunal, del an\u00e1lisis de las pruebas se advirti\u00f3 que el evento materia de la queja fue dirigido a la militancia del PRI, acto que no tuvo como finalidad la de posicionar o favorecer alguna candidatura<\/em><\/strong><\/p>\n\n\n\n<p>Culiac\u00e1n, Sin.- El Tribunal Electoral del Estado de Sinaloa resolvi\u00f3, por mayor\u00eda de votos, el procedimiento sancionador especial 14 de 2021, promovido por el partido pol\u00edtico MORENA, en contra de la coalici\u00f3n \u201cVa por Sinaloa\u201d, conformada por los partidos Acci\u00f3n Nacional, Revolucionario Institucional y de la Revoluci\u00f3n Democr\u00e1tica, y en contra de su candidato a la Gubernatura del Estado de Sinaloa, Mario Zamora Gast\u00e9lum, por la presunta realizaci\u00f3n de actos anticipados de campa\u00f1a.<\/p>\n\n\n\n<p>&nbsp;El partido denunciante se\u00f1al\u00f3 que el d\u00eda 18 de febrero de 2021 la coalici\u00f3n \u201cVa por Sinaloa\u201d y su candidato a la Gubernatura realizaron un evento de presentaci\u00f3n y promoci\u00f3n de su candidatura, con la participaci\u00f3n de los partidos coaligados, promoviendo y pidiendo el apoyo para el candidato, y afirmando que se hicieron llamados al voto a favor del citado candidato, por lo que, en su concepto, se realiz\u00f3 un acto anticipado de campa\u00f1a.<\/p>\n\n\n\n<p>Para el Tribunal, del an\u00e1lisis de las pruebas se advirti\u00f3 que el evento materia de la queja fue dirigido a la militancia del PRI, en el cual se entreg\u00f3 la constancia y se le tom\u00f3 la protesta a Mario Zamora Gast\u00e9lum, como candidato a la gubernatura del Estado de Sinaloa por el PRI; acto que no tuvo como finalidad la de posicionar o favorecer alguna candidatura.<\/p>\n\n\n\n<p>Por tal motivo, se declar\u00f3 inexistente la infracci\u00f3n relativa a la realizaci\u00f3n de actos anticipados de campa\u00f1a, atribuida a la coalici\u00f3n \u201cVa por Sinaloa\u201d y a su candidato a la gubernatura del Estado de Sinaloa, Mario Zamora Gast\u00e9lum.<\/p>\n","protected":false},"excerpt":{"rendered":"<p>Para el Tribunal, del an\u00e1lisis de las pruebas se advirti\u00f3 que el evento materia de la queja fue dirigido a la militancia del PRI, acto que no tuvo como finalidad la de posicionar o favorecer alguna candidatura Culiac\u00e1n, Sin.- El Tribunal Electoral del Estado de Sinaloa resolvi\u00f3, por mayor\u00eda de votos, el procedimiento sancionador especial [&hellip;]<\/p>\n","protected":false},"author":4,"featured_media":1051,"comment_status":"open","ping_status":"open","sticky":false,"template":"","format":"standard","meta":{"tdm_status":"","tdm_grid_status":"","footnotes":""},"categories":[38],"tags":[50,64,43,49,217],"class_list":{"0":"post-1050","1":"post","2":"type-post","3":"status-publish","4":"format-standard","5":"has-post-thumbnail","7":"category-noticias-locales","8":"tag-elecciones2021","9":"tag-mario-zamora","10":"tag-politica","11":"tag-sinaloa","12":"tag-tribunal-electoral-del-estado-de-sinaloa"},"yoast_head":"<!-- This site is optimized with the Yoast SEO plugin v27.5 - https:\/\/yoast.com\/product\/yoast-seo-wordpress\/ -->\n<title>Desecha Teesin una tercera denuncia de Morena contra Mario Zamora - Fuentes Fidedignas<\/title>\n<meta name=\"robots\" content=\"index, follow, max-snippet:-1, max-image-preview:large, max-video-preview:-1\" \/>\n<link rel=\"canonical\" href=\"https:\/\/fuentesfidedignas.com.mx\/index.php\/2021\/05\/04\/desecha-teesin-una-tercera-denuncia-de-morena-contra-mario-zamora\/\" \/>\n<meta property=\"og:locale\" content=\"es_MX\" \/>\n<meta property=\"og:type\" content=\"article\" \/>\n<meta property=\"og:title\" content=\"Desecha Teesin una tercera denuncia de Morena contra Mario Zamora - Fuentes Fidedignas\" \/>\n<meta property=\"og:description\" content=\"Para el Tribunal, del an\u00e1lisis de las pruebas se advirti\u00f3 que el evento materia de la queja fue dirigido a la militancia del PRI, acto que no tuvo como finalidad la de posicionar o favorecer alguna candidatura Culiac\u00e1n, Sin.- El Tribunal Electoral del Estado de Sinaloa resolvi\u00f3, por mayor\u00eda de votos, el procedimiento sancionador especial [&hellip;]\" \/>\n<meta property=\"og:url\" content=\"https:\/\/fuentesfidedignas.com.mx\/index.php\/2021\/05\/04\/desecha-teesin-una-tercera-denuncia-de-morena-contra-mario-zamora\/\" \/>\n<meta property=\"og:site_name\" content=\"Fuentes Fidedignas\" \/>\n<meta property=\"article:publisher\" content=\"https:\/\/www.facebook.com\/Fuentes-Fidedignas-368234489921644\" \/>\n<meta property=\"article:published_time\" content=\"2021-05-05T02:58:07+00:00\" \/>\n<meta property=\"article:modified_time\" content=\"2021-05-05T12:03:35+00:00\" \/>\n<meta property=\"og:image\" content=\"https:\/\/fuentesfidedignas.com.mx\/wp-content\/uploads\/2021\/05\/pri.jpg\" \/>\n\t<meta property=\"og:image:width\" content=\"1024\" \/>\n\t<meta property=\"og:image:height\" content=\"682\" \/>\n\t<meta property=\"og:image:type\" content=\"image\/jpeg\" \/>\n<meta name=\"author\" content=\"Redacci\u00f3n\" \/>\n<meta name=\"twitter:card\" content=\"summary_large_image\" \/>\n<meta name=\"twitter:creator\" content=\"@fidedignas\" \/>\n<meta name=\"twitter:site\" content=\"@fidedignas\" \/>\n<meta name=\"twitter:label1\" content=\"Escrito por\" \/>\n\t<meta name=\"twitter:data1\" content=\"Redacci\u00f3n\" \/>\n\t<meta name=\"twitter:label2\" content=\"Tiempo de lectura\" \/>\n\t<meta name=\"twitter:data2\" content=\"2 minutos\" \/>\n<script type=\"application\/ld+json\" class=\"yoast-schema-graph\">{\"@context\":\"https:\\\/\\\/schema.org\",\"@graph\":[{\"@type\":\"Article\",\"@id\":\"https:\\\/\\\/fuentesfidedignas.com.mx\\\/index.php\\\/2021\\\/05\\\/04\\\/desecha-teesin-una-tercera-denuncia-de-morena-contra-mario-zamora\\\/#article\",\"isPartOf\":{\"@id\":\"https:\\\/\\\/fuentesfidedignas.com.mx\\\/index.php\\\/2021\\\/05\\\/04\\\/desecha-teesin-una-tercera-denuncia-de-morena-contra-mario-zamora\\\/\"},\"author\":{\"name\":\"Redacci\u00f3n\",\"@id\":\"https:\\\/\\\/fuentesfidedignas.com.mx\\\/#\\\/schema\\\/person\\\/331be9283d37198e2acd5750279085b0\"},\"headline\":\"Desecha Teesin una tercera denuncia de Morena contra Mario Zamora\",\"datePublished\":\"2021-05-05T02:58:07+00:00\",\"dateModified\":\"2021-05-05T12:03:35+00:00\",\"mainEntityOfPage\":{\"@id\":\"https:\\\/\\\/fuentesfidedignas.com.mx\\\/index.php\\\/2021\\\/05\\\/04\\\/desecha-teesin-una-tercera-denuncia-de-morena-contra-mario-zamora\\\/\"},\"wordCount\":321,\"commentCount\":0,\"publisher\":{\"@id\":\"https:\\\/\\\/fuentesfidedignas.com.mx\\\/#organization\"},\"image\":{\"@id\":\"https:\\\/\\\/fuentesfidedignas.com.mx\\\/index.php\\\/2021\\\/05\\\/04\\\/desecha-teesin-una-tercera-denuncia-de-morena-contra-mario-zamora\\\/#primaryimage\"},\"thumbnailUrl\":\"https:\\\/\\\/fuentesfidedignas.com.mx\\\/wp-content\\\/uploads\\\/2021\\\/05\\\/pri.jpg\",\"keywords\":[\"elecciones2021\",\"Mario Zamora\",\"pol\u00edtica\",\"sinaloa\",\"Tribunal Electoral del Estado de Sinaloa\"],\"articleSection\":[\"NOTICIAS LOCALES\"],\"inLanguage\":\"es\",\"potentialAction\":[{\"@type\":\"CommentAction\",\"name\":\"Comment\",\"target\":[\"https:\\\/\\\/fuentesfidedignas.com.mx\\\/index.php\\\/2021\\\/05\\\/04\\\/desecha-teesin-una-tercera-denuncia-de-morena-contra-mario-zamora\\\/#respond\"]}]},{\"@type\":\"WebPage\",\"@id\":\"https:\\\/\\\/fuentesfidedignas.com.mx\\\/index.php\\\/2021\\\/05\\\/04\\\/desecha-teesin-una-tercera-denuncia-de-morena-contra-mario-zamora\\\/\",\"url\":\"https:\\\/\\\/fuentesfidedignas.com.mx\\\/index.php\\\/2021\\\/05\\\/04\\\/desecha-teesin-una-tercera-denuncia-de-morena-contra-mario-zamora\\\/\",\"name\":\"Desecha Teesin una tercera denuncia de Morena contra Mario Zamora - Fuentes Fidedignas\",\"isPartOf\":{\"@id\":\"https:\\\/\\\/fuentesfidedignas.com.mx\\\/#website\"},\"primaryImageOfPage\":{\"@id\":\"https:\\\/\\\/fuentesfidedignas.com.mx\\\/index.php\\\/2021\\\/05\\\/04\\\/desecha-teesin-una-tercera-denuncia-de-morena-contra-mario-zamora\\\/#primaryimage\"},\"image\":{\"@id\":\"https:\\\/\\\/fuentesfidedignas.com.mx\\\/index.php\\\/2021\\\/05\\\/04\\\/desecha-teesin-una-tercera-denuncia-de-morena-contra-mario-zamora\\\/#primaryimage\"},\"thumbnailUrl\":\"https:\\\/\\\/fuentesfidedignas.com.mx\\\/wp-content\\\/uploads\\\/2021\\\/05\\\/pri.jpg\",\"datePublished\":\"2021-05-05T02:58:07+00:00\",\"dateModified\":\"2021-05-05T12:03:35+00:00\",\"breadcrumb\":{\"@id\":\"https:\\\/\\\/fuentesfidedignas.com.mx\\\/index.php\\\/2021\\\/05\\\/04\\\/desecha-teesin-una-tercera-denuncia-de-morena-contra-mario-zamora\\\/#breadcrumb\"},\"inLanguage\":\"es\",\"potentialAction\":[{\"@type\":\"ReadAction\",\"target\":[\"https:\\\/\\\/fuentesfidedignas.com.mx\\\/index.php\\\/2021\\\/05\\\/04\\\/desecha-teesin-una-tercera-denuncia-de-morena-contra-mario-zamora\\\/\"]}]},{\"@type\":\"ImageObject\",\"inLanguage\":\"es\",\"@id\":\"https:\\\/\\\/fuentesfidedignas.com.mx\\\/index.php\\\/2021\\\/05\\\/04\\\/desecha-teesin-una-tercera-denuncia-de-morena-contra-mario-zamora\\\/#primaryimage\",\"url\":\"https:\\\/\\\/fuentesfidedignas.com.mx\\\/wp-content\\\/uploads\\\/2021\\\/05\\\/pri.jpg\",\"contentUrl\":\"https:\\\/\\\/fuentesfidedignas.com.mx\\\/wp-content\\\/uploads\\\/2021\\\/05\\\/pri.jpg\",\"width\":1024,\"height\":682},{\"@type\":\"BreadcrumbList\",\"@id\":\"https:\\\/\\\/fuentesfidedignas.com.mx\\\/index.php\\\/2021\\\/05\\\/04\\\/desecha-teesin-una-tercera-denuncia-de-morena-contra-mario-zamora\\\/#breadcrumb\",\"itemListElement\":[{\"@type\":\"ListItem\",\"position\":1,\"name\":\"Inicio\",\"item\":\"https:\\\/\\\/fuentesfidedignas.com.mx\\\/\"},{\"@type\":\"ListItem\",\"position\":2,\"name\":\"Desecha Teesin una tercera denuncia de Morena contra Mario Zamora\"}]},{\"@type\":\"WebSite\",\"@id\":\"https:\\\/\\\/fuentesfidedignas.com.mx\\\/#website\",\"url\":\"https:\\\/\\\/fuentesfidedignas.com.mx\\\/\",\"name\":\"Fuentes Fidedignas\",\"description\":\"Otro sitio realizado con WordPress\",\"publisher\":{\"@id\":\"https:\\\/\\\/fuentesfidedignas.com.mx\\\/#organization\"},\"potentialAction\":[{\"@type\":\"SearchAction\",\"target\":{\"@type\":\"EntryPoint\",\"urlTemplate\":\"https:\\\/\\\/fuentesfidedignas.com.mx\\\/?s={search_term_string}\"},\"query-input\":{\"@type\":\"PropertyValueSpecification\",\"valueRequired\":true,\"valueName\":\"search_term_string\"}}],\"inLanguage\":\"es\"},{\"@type\":\"Organization\",\"@id\":\"https:\\\/\\\/fuentesfidedignas.com.mx\\\/#organization\",\"name\":\"Fuentes Fidedignas\",\"url\":\"https:\\\/\\\/fuentesfidedignas.com.mx\\\/\",\"logo\":{\"@type\":\"ImageObject\",\"inLanguage\":\"es\",\"@id\":\"https:\\\/\\\/fuentesfidedignas.com.mx\\\/#\\\/schema\\\/logo\\\/image\\\/\",\"url\":\"https:\\\/\\\/fuentesfidedignas.com.mx\\\/wp-content\\\/uploads\\\/2021\\\/04\\\/logo-retina.png\",\"contentUrl\":\"https:\\\/\\\/fuentesfidedignas.com.mx\\\/wp-content\\\/uploads\\\/2021\\\/04\\\/logo-retina.png\",\"width\":280,\"height\":51,\"caption\":\"Fuentes Fidedignas\"},\"image\":{\"@id\":\"https:\\\/\\\/fuentesfidedignas.com.mx\\\/#\\\/schema\\\/logo\\\/image\\\/\"},\"sameAs\":[\"https:\\\/\\\/www.facebook.com\\\/Fuentes-Fidedignas-368234489921644\",\"https:\\\/\\\/x.com\\\/fidedignas\"]},{\"@type\":\"Person\",\"@id\":\"https:\\\/\\\/fuentesfidedignas.com.mx\\\/#\\\/schema\\\/person\\\/331be9283d37198e2acd5750279085b0\",\"name\":\"Redacci\u00f3n\",\"image\":{\"@type\":\"ImageObject\",\"inLanguage\":\"es\",\"@id\":\"https:\\\/\\\/secure.gravatar.com\\\/avatar\\\/f6d8782c11d12b2d4ad3fbb6931aeab5309937a4d6cd2fc9cfaa28a6396a5aec?s=96&d=mm&r=g\",\"url\":\"https:\\\/\\\/secure.gravatar.com\\\/avatar\\\/f6d8782c11d12b2d4ad3fbb6931aeab5309937a4d6cd2fc9cfaa28a6396a5aec?s=96&d=mm&r=g\",\"contentUrl\":\"https:\\\/\\\/secure.gravatar.com\\\/avatar\\\/f6d8782c11d12b2d4ad3fbb6931aeab5309937a4d6cd2fc9cfaa28a6396a5aec?s=96&d=mm&r=g\",\"caption\":\"Redacci\u00f3n\"},\"url\":\"https:\\\/\\\/fuentesfidedignas.com.mx\\\/index.php\\\/author\\\/redaccion\\\/\"}]}<\/script>\n<!-- \/ Yoast SEO plugin. -->","yoast_head_json":{"title":"Desecha Teesin una tercera denuncia de Morena contra Mario Zamora - Fuentes Fidedignas","robots":{"index":"index","follow":"follow","max-snippet":"max-snippet:-1","max-image-preview":"max-image-preview:large","max-video-preview":"max-video-preview:-1"},"canonical":"https:\/\/fuentesfidedignas.com.mx\/index.php\/2021\/05\/04\/desecha-teesin-una-tercera-denuncia-de-morena-contra-mario-zamora\/","og_locale":"es_MX","og_type":"article","og_title":"Desecha Teesin una tercera denuncia de Morena contra Mario Zamora - Fuentes Fidedignas","og_description":"Para el Tribunal, del an\u00e1lisis de las pruebas se advirti\u00f3 que el evento materia de la queja fue dirigido a la militancia del PRI, acto que no tuvo como finalidad la de posicionar o favorecer alguna candidatura Culiac\u00e1n, Sin.- El Tribunal Electoral del Estado de Sinaloa resolvi\u00f3, por mayor\u00eda de votos, el procedimiento sancionador especial [&hellip;]","og_url":"https:\/\/fuentesfidedignas.com.mx\/index.php\/2021\/05\/04\/desecha-teesin-una-tercera-denuncia-de-morena-contra-mario-zamora\/","og_site_name":"Fuentes Fidedignas","article_publisher":"https:\/\/www.facebook.com\/Fuentes-Fidedignas-368234489921644","article_published_time":"2021-05-05T02:58:07+00:00","article_modified_time":"2021-05-05T12:03:35+00:00","og_image":[{"width":1024,"height":682,"url":"https:\/\/fuentesfidedignas.com.mx\/wp-content\/uploads\/2021\/05\/pri.jpg","type":"image\/jpeg"}],"author":"Redacci\u00f3n","twitter_card":"summary_large_image","twitter_creator":"@fidedignas","twitter_site":"@fidedignas","twitter_misc":{"Escrito por":"Redacci\u00f3n","Tiempo de lectura":"2 minutos"},"schema":{"@context":"https:\/\/schema.org","@graph":[{"@type":"Article","@id":"https:\/\/fuentesfidedignas.com.mx\/index.php\/2021\/05\/04\/desecha-teesin-una-tercera-denuncia-de-morena-contra-mario-zamora\/#article","isPartOf":{"@id":"https:\/\/fuentesfidedignas.com.mx\/index.php\/2021\/05\/04\/desecha-teesin-una-tercera-denuncia-de-morena-contra-mario-zamora\/"},"author":{"name":"Redacci\u00f3n","@id":"https:\/\/fuentesfidedignas.com.mx\/#\/schema\/person\/331be9283d37198e2acd5750279085b0"},"headline":"Desecha Teesin una tercera denuncia de Morena contra Mario Zamora","datePublished":"2021-05-05T02:58:07+00:00","dateModified":"2021-05-05T12:03:35+00:00","mainEntityOfPage":{"@id":"https:\/\/fuentesfidedignas.com.mx\/index.php\/2021\/05\/04\/desecha-teesin-una-tercera-denuncia-de-morena-contra-mario-zamora\/"},"wordCount":321,"commentCount":0,"publisher":{"@id":"https:\/\/fuentesfidedignas.com.mx\/#organization"},"image":{"@id":"https:\/\/fuentesfidedignas.com.mx\/index.php\/2021\/05\/04\/desecha-teesin-una-tercera-denuncia-de-morena-contra-mario-zamora\/#primaryimage"},"thumbnailUrl":"https:\/\/fuentesfidedignas.com.mx\/wp-content\/uploads\/2021\/05\/pri.jpg","keywords":["elecciones2021","Mario Zamora","pol\u00edtica","sinaloa","Tribunal Electoral del Estado de Sinaloa"],"articleSection":["NOTICIAS LOCALES"],"inLanguage":"es","potentialAction":[{"@type":"CommentAction","name":"Comment","target":["https:\/\/fuentesfidedignas.com.mx\/index.php\/2021\/05\/04\/desecha-teesin-una-tercera-denuncia-de-morena-contra-mario-zamora\/#respond"]}]},{"@type":"WebPage","@id":"https:\/\/fuentesfidedignas.com.mx\/index.php\/2021\/05\/04\/desecha-teesin-una-tercera-denuncia-de-morena-contra-mario-zamora\/","url":"https:\/\/fuentesfidedignas.com.mx\/index.php\/2021\/05\/04\/desecha-teesin-una-tercera-denuncia-de-morena-contra-mario-zamora\/","name":"Desecha Teesin una tercera denuncia de Morena contra Mario Zamora - Fuentes Fidedignas","isPartOf":{"@id":"https:\/\/fuentesfidedignas.com.mx\/#website"},"primaryImageOfPage":{"@id":"https:\/\/fuentesfidedignas.com.mx\/index.php\/2021\/05\/04\/desecha-teesin-una-tercera-denuncia-de-morena-contra-mario-zamora\/#primaryimage"},"image":{"@id":"https:\/\/fuentesfidedignas.com.mx\/index.php\/2021\/05\/04\/desecha-teesin-una-tercera-denuncia-de-morena-contra-mario-zamora\/#primaryimage"},"thumbnailUrl":"https:\/\/fuentesfidedignas.com.mx\/wp-content\/uploads\/2021\/05\/pri.jpg","datePublished":"2021-05-05T02:58:07+00:00","dateModified":"2021-05-05T12:03:35+00:00","breadcrumb":{"@id":"https:\/\/fuentesfidedignas.com.mx\/index.php\/2021\/05\/04\/desecha-teesin-una-tercera-denuncia-de-morena-contra-mario-zamora\/#breadcrumb"},"inLanguage":"es","potentialAction":[{"@type":"ReadAction","target":["https:\/\/fuentesfidedignas.com.mx\/index.php\/2021\/05\/04\/desecha-teesin-una-tercera-denuncia-de-morena-contra-mario-zamora\/"]}]},{"@type":"ImageObject","inLanguage":"es","@id":"https:\/\/fuentesfidedignas.com.mx\/index.php\/2021\/05\/04\/desecha-teesin-una-tercera-denuncia-de-morena-contra-mario-zamora\/#primaryimage","url":"https:\/\/fuentesfidedignas.com.mx\/wp-content\/uploads\/2021\/05\/pri.jpg","contentUrl":"https:\/\/fuentesfidedignas.com.mx\/wp-content\/uploads\/2021\/05\/pri.jpg","width":1024,"height":682},{"@type":"BreadcrumbList","@id":"https:\/\/fuentesfidedignas.com.mx\/index.php\/2021\/05\/04\/desecha-teesin-una-tercera-denuncia-de-morena-contra-mario-zamora\/#breadcrumb","itemListElement":[{"@type":"ListItem","position":1,"name":"Inicio","item":"https:\/\/fuentesfidedignas.com.mx\/"},{"@type":"ListItem","position":2,"name":"Desecha Teesin una tercera denuncia de Morena contra Mario Zamora"}]},{"@type":"WebSite","@id":"https:\/\/fuentesfidedignas.com.mx\/#website","url":"https:\/\/fuentesfidedignas.com.mx\/","name":"Fuentes Fidedignas","description":"Otro sitio realizado con WordPress","publisher":{"@id":"https:\/\/fuentesfidedignas.com.mx\/#organization"},"potentialAction":[{"@type":"SearchAction","target":{"@type":"EntryPoint","urlTemplate":"https:\/\/fuentesfidedignas.com.mx\/?s={search_term_string}"},"query-input":{"@type":"PropertyValueSpecification","valueRequired":true,"valueName":"search_term_string"}}],"inLanguage":"es"},{"@type":"Organization","@id":"https:\/\/fuentesfidedignas.com.mx\/#organization","name":"Fuentes Fidedignas","url":"https:\/\/fuentesfidedignas.com.mx\/","logo":{"@type":"ImageObject","inLanguage":"es","@id":"https:\/\/fuentesfidedignas.com.mx\/#\/schema\/logo\/image\/","url":"https:\/\/fuentesfidedignas.com.mx\/wp-content\/uploads\/2021\/04\/logo-retina.png","contentUrl":"https:\/\/fuentesfidedignas.com.mx\/wp-content\/uploads\/2021\/04\/logo-retina.png","width":280,"height":51,"caption":"Fuentes Fidedignas"},"image":{"@id":"https:\/\/fuentesfidedignas.com.mx\/#\/schema\/logo\/image\/"},"sameAs":["https:\/\/www.facebook.com\/Fuentes-Fidedignas-368234489921644","https:\/\/x.com\/fidedignas"]},{"@type":"Person","@id":"https:\/\/fuentesfidedignas.com.mx\/#\/schema\/person\/331be9283d37198e2acd5750279085b0","name":"Redacci\u00f3n","image":{"@type":"ImageObject","inLanguage":"es","@id":"https:\/\/secure.gravatar.com\/avatar\/f6d8782c11d12b2d4ad3fbb6931aeab5309937a4d6cd2fc9cfaa28a6396a5aec?s=96&d=mm&r=g","url":"https:\/\/secure.gravatar.com\/avatar\/f6d8782c11d12b2d4ad3fbb6931aeab5309937a4d6cd2fc9cfaa28a6396a5aec?s=96&d=mm&r=g","contentUrl":"https:\/\/secure.gravatar.com\/avatar\/f6d8782c11d12b2d4ad3fbb6931aeab5309937a4d6cd2fc9cfaa28a6396a5aec?s=96&d=mm&r=g","caption":"Redacci\u00f3n"},"url":"https:\/\/fuentesfidedignas.com.mx\/index.php\/author\/redaccion\/"}]}},"_links":{"self":[{"href":"https:\/\/fuentesfidedignas.com.mx\/index.php\/wp-json\/wp\/v2\/posts\/1050","targetHints":{"allow":["GET"]}}],"collection":[{"href":"https:\/\/fuentesfidedignas.com.mx\/index.php\/wp-json\/wp\/v2\/posts"}],"about":[{"href":"https:\/\/fuentesfidedignas.com.mx\/index.php\/wp-json\/wp\/v2\/types\/post"}],"author":[{"embeddable":true,"href":"https:\/\/fuentesfidedignas.com.mx\/index.php\/wp-json\/wp\/v2\/users\/4"}],"replies":[{"embeddable":true,"href":"https:\/\/fuentesfidedignas.com.mx\/index.php\/wp-json\/wp\/v2\/comments?post=1050"}],"version-history":[{"count":1,"href":"https:\/\/fuentesfidedignas.com.mx\/index.php\/wp-json\/wp\/v2\/posts\/1050\/revisions"}],"predecessor-version":[{"id":1052,"href":"https:\/\/fuentesfidedignas.com.mx\/index.php\/wp-json\/wp\/v2\/posts\/1050\/revisions\/1052"}],"wp:featuredmedia":[{"embeddable":true,"href":"https:\/\/fuentesfidedignas.com.mx\/index.php\/wp-json\/wp\/v2\/media\/1051"}],"wp:attachment":[{"href":"https:\/\/fuentesfidedignas.com.mx\/index.php\/wp-json\/wp\/v2\/media?parent=1050"}],"wp:term":[{"taxonomy":"category","embeddable":true,"href":"https:\/\/fuentesfidedignas.com.mx\/index.php\/wp-json\/wp\/v2\/categories?post=1050"},{"taxonomy":"post_tag","embeddable":true,"href":"https:\/\/fuentesfidedignas.com.mx\/index.php\/wp-json\/wp\/v2\/tags?post=1050"}],"curies":[{"name":"wp","href":"https:\/\/api.w.org\/{rel}","templated":true}]}}