{"id":104967,"date":"2025-03-28T16:08:01","date_gmt":"2025-03-28T23:08:01","guid":{"rendered":"https:\/\/fuentesfidedignas.com.mx\/?p=104967"},"modified":"2025-03-28T16:08:08","modified_gmt":"2025-03-28T23:08:08","slug":"este-domingo-inician-las-campanas-rumbo-a-elecciones-judiciales","status":"publish","type":"post","link":"https:\/\/fuentesfidedignas.com.mx\/index.php\/2025\/03\/28\/este-domingo-inician-las-campanas-rumbo-a-elecciones-judiciales\/","title":{"rendered":"Este domingo inician las campa\u00f1as rumbo a elecciones judiciales"},"content":{"rendered":"\n<p><strong><em>Este domingo, unos 3 mil 422 candidatos iniciar\u00e1n campa\u00f1a para ser elegidos como jueces, magistrados y ministros<\/em><\/strong><\/p>\n\n\n\n<p>Este domingo 30 de marzo iniciar\u00e1n las campa\u00f1as rumbo a las elecciones judiciales.<\/p>\n\n\n\n<p>Participar\u00e1n 3 mil 422 candidatos para ser elegidos como jueces, magistrados y ministros.<\/p>\n\n\n\n<p>En total se disputar\u00e1n 881 cargos a nivel federal, en tanto que mil 787 que se votar\u00e1n en 19 estados al tener elecciones locales.<\/p>\n\n\n\n<p>Los candidatos federales a jueces de Distrito son mil 570 y solo pueden gastar 220 mil 326 pesos durante las campa\u00f1as, en tanto que para las magistraturas de Circuito participar\u00e1n mil 640 candidatos.<\/p>\n\n\n\n<p>En ninguno de los cargos hay paridad, ya que solo 40 por ciento de los candidatos son mujeres.<\/p>\n\n\n\n<p>Las elecciones judiciales se llevar\u00e1n a cabo el domingo 1 de junio, de las 8:00 a las 18:00 h.<\/p>\n\n\n\n<p>No obstante, las personas con alguna discapacidad podr\u00e1n emitir su Voto Anticipado del 12 al 21 de mayo.<\/p>\n\n\n\n<p>Los votos ser\u00e1n remitidos a los Consejos Distritales y concluir\u00e1n con la sumatoria de los c\u00f3mputos realizada por el Consejo General.<\/p>\n\n\n\n<p>El conteo de votos se llevar\u00e1 a cabo del 1 al 12 de junio.<\/p>\n","protected":false},"excerpt":{"rendered":"<p>Este domingo, unos 3 mil 422 candidatos iniciar\u00e1n campa\u00f1a para ser elegidos como jueces, magistrados y ministros Este domingo 30 de marzo iniciar\u00e1n las campa\u00f1as rumbo a las elecciones judiciales. Participar\u00e1n 3 mil 422 candidatos para ser elegidos como jueces, magistrados y ministros. En total se disputar\u00e1n 881 cargos a nivel federal, en tanto que [&hellip;]<\/p>\n","protected":false},"author":47,"featured_media":103347,"comment_status":"open","ping_status":"open","sticky":false,"template":"","format":"standard","meta":{"tdm_status":"","tdm_grid_status":"","footnotes":""},"categories":[39],"tags":[],"class_list":{"0":"post-104967","1":"post","2":"type-post","3":"status-publish","4":"format-standard","5":"has-post-thumbnail","7":"category-noticias-nacionales"},"yoast_head":"<!-- This site is optimized with the Yoast SEO plugin v27.4 - https:\/\/yoast.com\/product\/yoast-seo-wordpress\/ -->\n<title>Este domingo inician las campa\u00f1as rumbo a elecciones judiciales - Fuentes Fidedignas<\/title>\n<meta name=\"robots\" content=\"index, follow, max-snippet:-1, max-image-preview:large, max-video-preview:-1\" \/>\n<link rel=\"canonical\" href=\"https:\/\/fuentesfidedignas.com.mx\/index.php\/2025\/03\/28\/este-domingo-inician-las-campanas-rumbo-a-elecciones-judiciales\/\" \/>\n<meta property=\"og:locale\" content=\"es_MX\" \/>\n<meta property=\"og:type\" content=\"article\" \/>\n<meta property=\"og:title\" content=\"Este domingo inician las campa\u00f1as rumbo a elecciones judiciales - Fuentes Fidedignas\" \/>\n<meta property=\"og:description\" content=\"Este domingo, unos 3 mil 422 candidatos iniciar\u00e1n campa\u00f1a para ser elegidos como jueces, magistrados y ministros Este domingo 30 de marzo iniciar\u00e1n las campa\u00f1as rumbo a las elecciones judiciales. Participar\u00e1n 3 mil 422 candidatos para ser elegidos como jueces, magistrados y ministros. En total se disputar\u00e1n 881 cargos a nivel federal, en tanto que [&hellip;]\" \/>\n<meta property=\"og:url\" content=\"https:\/\/fuentesfidedignas.com.mx\/index.php\/2025\/03\/28\/este-domingo-inician-las-campanas-rumbo-a-elecciones-judiciales\/\" \/>\n<meta property=\"og:site_name\" content=\"Fuentes Fidedignas\" \/>\n<meta property=\"article:publisher\" content=\"https:\/\/www.facebook.com\/Fuentes-Fidedignas-368234489921644\" \/>\n<meta property=\"article:published_time\" content=\"2025-03-28T23:08:01+00:00\" \/>\n<meta property=\"article:modified_time\" content=\"2025-03-28T23:08:08+00:00\" \/>\n<meta property=\"og:image\" content=\"https:\/\/fuentesfidedignas.com.mx\/wp-content\/uploads\/2025\/03\/700e9b66-f5d1-441c-b7f6-9694ec4d58e6-1.jpg\" \/>\n\t<meta property=\"og:image:width\" content=\"1066\" \/>\n\t<meta property=\"og:image:height\" content=\"781\" \/>\n\t<meta property=\"og:image:type\" content=\"image\/jpeg\" \/>\n<meta name=\"author\" content=\"L\u00f3pez D\u00f3riga\" \/>\n<meta name=\"twitter:card\" content=\"summary_large_image\" \/>\n<meta name=\"twitter:creator\" content=\"@fidedignas\" \/>\n<meta name=\"twitter:site\" content=\"@fidedignas\" \/>\n<meta name=\"twitter:label1\" content=\"Escrito por\" \/>\n\t<meta name=\"twitter:data1\" content=\"L\u00f3pez D\u00f3riga\" \/>\n\t<meta name=\"twitter:label2\" content=\"Tiempo de lectura\" \/>\n\t<meta name=\"twitter:data2\" content=\"2 minutos\" \/>\n<script type=\"application\/ld+json\" class=\"yoast-schema-graph\">{\"@context\":\"https:\\\/\\\/schema.org\",\"@graph\":[{\"@type\":\"Article\",\"@id\":\"https:\\\/\\\/fuentesfidedignas.com.mx\\\/index.php\\\/2025\\\/03\\\/28\\\/este-domingo-inician-las-campanas-rumbo-a-elecciones-judiciales\\\/#article\",\"isPartOf\":{\"@id\":\"https:\\\/\\\/fuentesfidedignas.com.mx\\\/index.php\\\/2025\\\/03\\\/28\\\/este-domingo-inician-las-campanas-rumbo-a-elecciones-judiciales\\\/\"},\"author\":{\"name\":\"L\u00f3pez D\u00f3riga\",\"@id\":\"https:\\\/\\\/fuentesfidedignas.com.mx\\\/#\\\/schema\\\/person\\\/67d852f0557c8509146a4b9ddebd543a\"},\"headline\":\"Este domingo inician las campa\u00f1as rumbo a elecciones judiciales\",\"datePublished\":\"2025-03-28T23:08:01+00:00\",\"dateModified\":\"2025-03-28T23:08:08+00:00\",\"mainEntityOfPage\":{\"@id\":\"https:\\\/\\\/fuentesfidedignas.com.mx\\\/index.php\\\/2025\\\/03\\\/28\\\/este-domingo-inician-las-campanas-rumbo-a-elecciones-judiciales\\\/\"},\"wordCount\":194,\"commentCount\":0,\"publisher\":{\"@id\":\"https:\\\/\\\/fuentesfidedignas.com.mx\\\/#organization\"},\"image\":{\"@id\":\"https:\\\/\\\/fuentesfidedignas.com.mx\\\/index.php\\\/2025\\\/03\\\/28\\\/este-domingo-inician-las-campanas-rumbo-a-elecciones-judiciales\\\/#primaryimage\"},\"thumbnailUrl\":\"https:\\\/\\\/fuentesfidedignas.com.mx\\\/wp-content\\\/uploads\\\/2025\\\/03\\\/700e9b66-f5d1-441c-b7f6-9694ec4d58e6-1.jpg\",\"articleSection\":[\"NOTICIAS NACIONALES\"],\"inLanguage\":\"es\",\"potentialAction\":[{\"@type\":\"CommentAction\",\"name\":\"Comment\",\"target\":[\"https:\\\/\\\/fuentesfidedignas.com.mx\\\/index.php\\\/2025\\\/03\\\/28\\\/este-domingo-inician-las-campanas-rumbo-a-elecciones-judiciales\\\/#respond\"]}]},{\"@type\":\"WebPage\",\"@id\":\"https:\\\/\\\/fuentesfidedignas.com.mx\\\/index.php\\\/2025\\\/03\\\/28\\\/este-domingo-inician-las-campanas-rumbo-a-elecciones-judiciales\\\/\",\"url\":\"https:\\\/\\\/fuentesfidedignas.com.mx\\\/index.php\\\/2025\\\/03\\\/28\\\/este-domingo-inician-las-campanas-rumbo-a-elecciones-judiciales\\\/\",\"name\":\"Este domingo inician las campa\u00f1as rumbo a elecciones judiciales - Fuentes Fidedignas\",\"isPartOf\":{\"@id\":\"https:\\\/\\\/fuentesfidedignas.com.mx\\\/#website\"},\"primaryImageOfPage\":{\"@id\":\"https:\\\/\\\/fuentesfidedignas.com.mx\\\/index.php\\\/2025\\\/03\\\/28\\\/este-domingo-inician-las-campanas-rumbo-a-elecciones-judiciales\\\/#primaryimage\"},\"image\":{\"@id\":\"https:\\\/\\\/fuentesfidedignas.com.mx\\\/index.php\\\/2025\\\/03\\\/28\\\/este-domingo-inician-las-campanas-rumbo-a-elecciones-judiciales\\\/#primaryimage\"},\"thumbnailUrl\":\"https:\\\/\\\/fuentesfidedignas.com.mx\\\/wp-content\\\/uploads\\\/2025\\\/03\\\/700e9b66-f5d1-441c-b7f6-9694ec4d58e6-1.jpg\",\"datePublished\":\"2025-03-28T23:08:01+00:00\",\"dateModified\":\"2025-03-28T23:08:08+00:00\",\"breadcrumb\":{\"@id\":\"https:\\\/\\\/fuentesfidedignas.com.mx\\\/index.php\\\/2025\\\/03\\\/28\\\/este-domingo-inician-las-campanas-rumbo-a-elecciones-judiciales\\\/#breadcrumb\"},\"inLanguage\":\"es\",\"potentialAction\":[{\"@type\":\"ReadAction\",\"target\":[\"https:\\\/\\\/fuentesfidedignas.com.mx\\\/index.php\\\/2025\\\/03\\\/28\\\/este-domingo-inician-las-campanas-rumbo-a-elecciones-judiciales\\\/\"]}]},{\"@type\":\"ImageObject\",\"inLanguage\":\"es\",\"@id\":\"https:\\\/\\\/fuentesfidedignas.com.mx\\\/index.php\\\/2025\\\/03\\\/28\\\/este-domingo-inician-las-campanas-rumbo-a-elecciones-judiciales\\\/#primaryimage\",\"url\":\"https:\\\/\\\/fuentesfidedignas.com.mx\\\/wp-content\\\/uploads\\\/2025\\\/03\\\/700e9b66-f5d1-441c-b7f6-9694ec4d58e6-1.jpg\",\"contentUrl\":\"https:\\\/\\\/fuentesfidedignas.com.mx\\\/wp-content\\\/uploads\\\/2025\\\/03\\\/700e9b66-f5d1-441c-b7f6-9694ec4d58e6-1.jpg\",\"width\":1066,\"height\":781},{\"@type\":\"BreadcrumbList\",\"@id\":\"https:\\\/\\\/fuentesfidedignas.com.mx\\\/index.php\\\/2025\\\/03\\\/28\\\/este-domingo-inician-las-campanas-rumbo-a-elecciones-judiciales\\\/#breadcrumb\",\"itemListElement\":[{\"@type\":\"ListItem\",\"position\":1,\"name\":\"Inicio\",\"item\":\"https:\\\/\\\/fuentesfidedignas.com.mx\\\/\"},{\"@type\":\"ListItem\",\"position\":2,\"name\":\"Este domingo inician las campa\u00f1as rumbo a elecciones judiciales\"}]},{\"@type\":\"WebSite\",\"@id\":\"https:\\\/\\\/fuentesfidedignas.com.mx\\\/#website\",\"url\":\"https:\\\/\\\/fuentesfidedignas.com.mx\\\/\",\"name\":\"Fuentes Fidedignas\",\"description\":\"Otro sitio realizado con WordPress\",\"publisher\":{\"@id\":\"https:\\\/\\\/fuentesfidedignas.com.mx\\\/#organization\"},\"potentialAction\":[{\"@type\":\"SearchAction\",\"target\":{\"@type\":\"EntryPoint\",\"urlTemplate\":\"https:\\\/\\\/fuentesfidedignas.com.mx\\\/?s={search_term_string}\"},\"query-input\":{\"@type\":\"PropertyValueSpecification\",\"valueRequired\":true,\"valueName\":\"search_term_string\"}}],\"inLanguage\":\"es\"},{\"@type\":\"Organization\",\"@id\":\"https:\\\/\\\/fuentesfidedignas.com.mx\\\/#organization\",\"name\":\"Fuentes Fidedignas\",\"url\":\"https:\\\/\\\/fuentesfidedignas.com.mx\\\/\",\"logo\":{\"@type\":\"ImageObject\",\"inLanguage\":\"es\",\"@id\":\"https:\\\/\\\/fuentesfidedignas.com.mx\\\/#\\\/schema\\\/logo\\\/image\\\/\",\"url\":\"https:\\\/\\\/fuentesfidedignas.com.mx\\\/wp-content\\\/uploads\\\/2021\\\/04\\\/logo-retina.png\",\"contentUrl\":\"https:\\\/\\\/fuentesfidedignas.com.mx\\\/wp-content\\\/uploads\\\/2021\\\/04\\\/logo-retina.png\",\"width\":280,\"height\":51,\"caption\":\"Fuentes Fidedignas\"},\"image\":{\"@id\":\"https:\\\/\\\/fuentesfidedignas.com.mx\\\/#\\\/schema\\\/logo\\\/image\\\/\"},\"sameAs\":[\"https:\\\/\\\/www.facebook.com\\\/Fuentes-Fidedignas-368234489921644\",\"https:\\\/\\\/x.com\\\/fidedignas\"]},{\"@type\":\"Person\",\"@id\":\"https:\\\/\\\/fuentesfidedignas.com.mx\\\/#\\\/schema\\\/person\\\/67d852f0557c8509146a4b9ddebd543a\",\"name\":\"L\u00f3pez D\u00f3riga\",\"image\":{\"@type\":\"ImageObject\",\"inLanguage\":\"es\",\"@id\":\"https:\\\/\\\/secure.gravatar.com\\\/avatar\\\/e525b06574ca18b33cded59dfe5778d6c823b9513154eff47da551b0551bdd1e?s=96&d=mm&r=g\",\"url\":\"https:\\\/\\\/secure.gravatar.com\\\/avatar\\\/e525b06574ca18b33cded59dfe5778d6c823b9513154eff47da551b0551bdd1e?s=96&d=mm&r=g\",\"contentUrl\":\"https:\\\/\\\/secure.gravatar.com\\\/avatar\\\/e525b06574ca18b33cded59dfe5778d6c823b9513154eff47da551b0551bdd1e?s=96&d=mm&r=g\",\"caption\":\"L\u00f3pez D\u00f3riga\"},\"url\":\"https:\\\/\\\/fuentesfidedignas.com.mx\\\/index.php\\\/author\\\/doriga\\\/\"}]}<\/script>\n<!-- \/ Yoast SEO plugin. -->","yoast_head_json":{"title":"Este domingo inician las campa\u00f1as rumbo a elecciones judiciales - Fuentes Fidedignas","robots":{"index":"index","follow":"follow","max-snippet":"max-snippet:-1","max-image-preview":"max-image-preview:large","max-video-preview":"max-video-preview:-1"},"canonical":"https:\/\/fuentesfidedignas.com.mx\/index.php\/2025\/03\/28\/este-domingo-inician-las-campanas-rumbo-a-elecciones-judiciales\/","og_locale":"es_MX","og_type":"article","og_title":"Este domingo inician las campa\u00f1as rumbo a elecciones judiciales - Fuentes Fidedignas","og_description":"Este domingo, unos 3 mil 422 candidatos iniciar\u00e1n campa\u00f1a para ser elegidos como jueces, magistrados y ministros Este domingo 30 de marzo iniciar\u00e1n las campa\u00f1as rumbo a las elecciones judiciales. Participar\u00e1n 3 mil 422 candidatos para ser elegidos como jueces, magistrados y ministros. En total se disputar\u00e1n 881 cargos a nivel federal, en tanto que [&hellip;]","og_url":"https:\/\/fuentesfidedignas.com.mx\/index.php\/2025\/03\/28\/este-domingo-inician-las-campanas-rumbo-a-elecciones-judiciales\/","og_site_name":"Fuentes Fidedignas","article_publisher":"https:\/\/www.facebook.com\/Fuentes-Fidedignas-368234489921644","article_published_time":"2025-03-28T23:08:01+00:00","article_modified_time":"2025-03-28T23:08:08+00:00","og_image":[{"width":1066,"height":781,"url":"https:\/\/fuentesfidedignas.com.mx\/wp-content\/uploads\/2025\/03\/700e9b66-f5d1-441c-b7f6-9694ec4d58e6-1.jpg","type":"image\/jpeg"}],"author":"L\u00f3pez D\u00f3riga","twitter_card":"summary_large_image","twitter_creator":"@fidedignas","twitter_site":"@fidedignas","twitter_misc":{"Escrito por":"L\u00f3pez D\u00f3riga","Tiempo de lectura":"2 minutos"},"schema":{"@context":"https:\/\/schema.org","@graph":[{"@type":"Article","@id":"https:\/\/fuentesfidedignas.com.mx\/index.php\/2025\/03\/28\/este-domingo-inician-las-campanas-rumbo-a-elecciones-judiciales\/#article","isPartOf":{"@id":"https:\/\/fuentesfidedignas.com.mx\/index.php\/2025\/03\/28\/este-domingo-inician-las-campanas-rumbo-a-elecciones-judiciales\/"},"author":{"name":"L\u00f3pez D\u00f3riga","@id":"https:\/\/fuentesfidedignas.com.mx\/#\/schema\/person\/67d852f0557c8509146a4b9ddebd543a"},"headline":"Este domingo inician las campa\u00f1as rumbo a elecciones judiciales","datePublished":"2025-03-28T23:08:01+00:00","dateModified":"2025-03-28T23:08:08+00:00","mainEntityOfPage":{"@id":"https:\/\/fuentesfidedignas.com.mx\/index.php\/2025\/03\/28\/este-domingo-inician-las-campanas-rumbo-a-elecciones-judiciales\/"},"wordCount":194,"commentCount":0,"publisher":{"@id":"https:\/\/fuentesfidedignas.com.mx\/#organization"},"image":{"@id":"https:\/\/fuentesfidedignas.com.mx\/index.php\/2025\/03\/28\/este-domingo-inician-las-campanas-rumbo-a-elecciones-judiciales\/#primaryimage"},"thumbnailUrl":"https:\/\/fuentesfidedignas.com.mx\/wp-content\/uploads\/2025\/03\/700e9b66-f5d1-441c-b7f6-9694ec4d58e6-1.jpg","articleSection":["NOTICIAS NACIONALES"],"inLanguage":"es","potentialAction":[{"@type":"CommentAction","name":"Comment","target":["https:\/\/fuentesfidedignas.com.mx\/index.php\/2025\/03\/28\/este-domingo-inician-las-campanas-rumbo-a-elecciones-judiciales\/#respond"]}]},{"@type":"WebPage","@id":"https:\/\/fuentesfidedignas.com.mx\/index.php\/2025\/03\/28\/este-domingo-inician-las-campanas-rumbo-a-elecciones-judiciales\/","url":"https:\/\/fuentesfidedignas.com.mx\/index.php\/2025\/03\/28\/este-domingo-inician-las-campanas-rumbo-a-elecciones-judiciales\/","name":"Este domingo inician las campa\u00f1as rumbo a elecciones judiciales - Fuentes Fidedignas","isPartOf":{"@id":"https:\/\/fuentesfidedignas.com.mx\/#website"},"primaryImageOfPage":{"@id":"https:\/\/fuentesfidedignas.com.mx\/index.php\/2025\/03\/28\/este-domingo-inician-las-campanas-rumbo-a-elecciones-judiciales\/#primaryimage"},"image":{"@id":"https:\/\/fuentesfidedignas.com.mx\/index.php\/2025\/03\/28\/este-domingo-inician-las-campanas-rumbo-a-elecciones-judiciales\/#primaryimage"},"thumbnailUrl":"https:\/\/fuentesfidedignas.com.mx\/wp-content\/uploads\/2025\/03\/700e9b66-f5d1-441c-b7f6-9694ec4d58e6-1.jpg","datePublished":"2025-03-28T23:08:01+00:00","dateModified":"2025-03-28T23:08:08+00:00","breadcrumb":{"@id":"https:\/\/fuentesfidedignas.com.mx\/index.php\/2025\/03\/28\/este-domingo-inician-las-campanas-rumbo-a-elecciones-judiciales\/#breadcrumb"},"inLanguage":"es","potentialAction":[{"@type":"ReadAction","target":["https:\/\/fuentesfidedignas.com.mx\/index.php\/2025\/03\/28\/este-domingo-inician-las-campanas-rumbo-a-elecciones-judiciales\/"]}]},{"@type":"ImageObject","inLanguage":"es","@id":"https:\/\/fuentesfidedignas.com.mx\/index.php\/2025\/03\/28\/este-domingo-inician-las-campanas-rumbo-a-elecciones-judiciales\/#primaryimage","url":"https:\/\/fuentesfidedignas.com.mx\/wp-content\/uploads\/2025\/03\/700e9b66-f5d1-441c-b7f6-9694ec4d58e6-1.jpg","contentUrl":"https:\/\/fuentesfidedignas.com.mx\/wp-content\/uploads\/2025\/03\/700e9b66-f5d1-441c-b7f6-9694ec4d58e6-1.jpg","width":1066,"height":781},{"@type":"BreadcrumbList","@id":"https:\/\/fuentesfidedignas.com.mx\/index.php\/2025\/03\/28\/este-domingo-inician-las-campanas-rumbo-a-elecciones-judiciales\/#breadcrumb","itemListElement":[{"@type":"ListItem","position":1,"name":"Inicio","item":"https:\/\/fuentesfidedignas.com.mx\/"},{"@type":"ListItem","position":2,"name":"Este domingo inician las campa\u00f1as rumbo a elecciones judiciales"}]},{"@type":"WebSite","@id":"https:\/\/fuentesfidedignas.com.mx\/#website","url":"https:\/\/fuentesfidedignas.com.mx\/","name":"Fuentes Fidedignas","description":"Otro sitio realizado con WordPress","publisher":{"@id":"https:\/\/fuentesfidedignas.com.mx\/#organization"},"potentialAction":[{"@type":"SearchAction","target":{"@type":"EntryPoint","urlTemplate":"https:\/\/fuentesfidedignas.com.mx\/?s={search_term_string}"},"query-input":{"@type":"PropertyValueSpecification","valueRequired":true,"valueName":"search_term_string"}}],"inLanguage":"es"},{"@type":"Organization","@id":"https:\/\/fuentesfidedignas.com.mx\/#organization","name":"Fuentes Fidedignas","url":"https:\/\/fuentesfidedignas.com.mx\/","logo":{"@type":"ImageObject","inLanguage":"es","@id":"https:\/\/fuentesfidedignas.com.mx\/#\/schema\/logo\/image\/","url":"https:\/\/fuentesfidedignas.com.mx\/wp-content\/uploads\/2021\/04\/logo-retina.png","contentUrl":"https:\/\/fuentesfidedignas.com.mx\/wp-content\/uploads\/2021\/04\/logo-retina.png","width":280,"height":51,"caption":"Fuentes Fidedignas"},"image":{"@id":"https:\/\/fuentesfidedignas.com.mx\/#\/schema\/logo\/image\/"},"sameAs":["https:\/\/www.facebook.com\/Fuentes-Fidedignas-368234489921644","https:\/\/x.com\/fidedignas"]},{"@type":"Person","@id":"https:\/\/fuentesfidedignas.com.mx\/#\/schema\/person\/67d852f0557c8509146a4b9ddebd543a","name":"L\u00f3pez D\u00f3riga","image":{"@type":"ImageObject","inLanguage":"es","@id":"https:\/\/secure.gravatar.com\/avatar\/e525b06574ca18b33cded59dfe5778d6c823b9513154eff47da551b0551bdd1e?s=96&d=mm&r=g","url":"https:\/\/secure.gravatar.com\/avatar\/e525b06574ca18b33cded59dfe5778d6c823b9513154eff47da551b0551bdd1e?s=96&d=mm&r=g","contentUrl":"https:\/\/secure.gravatar.com\/avatar\/e525b06574ca18b33cded59dfe5778d6c823b9513154eff47da551b0551bdd1e?s=96&d=mm&r=g","caption":"L\u00f3pez D\u00f3riga"},"url":"https:\/\/fuentesfidedignas.com.mx\/index.php\/author\/doriga\/"}]}},"_links":{"self":[{"href":"https:\/\/fuentesfidedignas.com.mx\/index.php\/wp-json\/wp\/v2\/posts\/104967","targetHints":{"allow":["GET"]}}],"collection":[{"href":"https:\/\/fuentesfidedignas.com.mx\/index.php\/wp-json\/wp\/v2\/posts"}],"about":[{"href":"https:\/\/fuentesfidedignas.com.mx\/index.php\/wp-json\/wp\/v2\/types\/post"}],"author":[{"embeddable":true,"href":"https:\/\/fuentesfidedignas.com.mx\/index.php\/wp-json\/wp\/v2\/users\/47"}],"replies":[{"embeddable":true,"href":"https:\/\/fuentesfidedignas.com.mx\/index.php\/wp-json\/wp\/v2\/comments?post=104967"}],"version-history":[{"count":1,"href":"https:\/\/fuentesfidedignas.com.mx\/index.php\/wp-json\/wp\/v2\/posts\/104967\/revisions"}],"predecessor-version":[{"id":104968,"href":"https:\/\/fuentesfidedignas.com.mx\/index.php\/wp-json\/wp\/v2\/posts\/104967\/revisions\/104968"}],"wp:featuredmedia":[{"embeddable":true,"href":"https:\/\/fuentesfidedignas.com.mx\/index.php\/wp-json\/wp\/v2\/media\/103347"}],"wp:attachment":[{"href":"https:\/\/fuentesfidedignas.com.mx\/index.php\/wp-json\/wp\/v2\/media?parent=104967"}],"wp:term":[{"taxonomy":"category","embeddable":true,"href":"https:\/\/fuentesfidedignas.com.mx\/index.php\/wp-json\/wp\/v2\/categories?post=104967"},{"taxonomy":"post_tag","embeddable":true,"href":"https:\/\/fuentesfidedignas.com.mx\/index.php\/wp-json\/wp\/v2\/tags?post=104967"}],"curies":[{"name":"wp","href":"https:\/\/api.w.org\/{rel}","templated":true}]}}