{"id":10490,"date":"2021-08-22T10:54:26","date_gmt":"2021-08-22T17:54:26","guid":{"rendered":"https:\/\/fuentesfidedignas.com.mx\/?p=10490"},"modified":"2021-08-22T10:54:27","modified_gmt":"2021-08-22T17:54:27","slug":"fallece-otro-nino-de-nueve-anos-por-covid-19-en-sinaloa","status":"publish","type":"post","link":"https:\/\/fuentesfidedignas.com.mx\/index.php\/2021\/08\/22\/fallece-otro-nino-de-nueve-anos-por-covid-19-en-sinaloa\/","title":{"rendered":"Fallece otro ni\u00f1o de nueve a\u00f1os por Covid-19 en Sinaloa"},"content":{"rendered":"\n<p><strong><em>A lo largo de la pandemia en Sinaloa, la Secretar\u00eda de Salud estatal tiene registradas veinte defunciones de menores por complicaciones relacionadas al coronavirus<\/em><\/strong><\/p>\n\n\n\n<p>Culiac\u00e1n, Sin.- Con un registro r\u00e9cord de 56 nuevos fallecimientos por Covid-19 reportados en plataforma, se ubic\u00f3 a otro ni\u00f1o, de solo nueve a\u00f1os de edad que present\u00f3 complicaciones por obesidad, en un hospital de Culiac\u00e1n.<\/p>\n\n\n\n<p>A lo largo de la pandemia en el estado, la Secretar\u00eda de Salud de Sinaloa tiene registradas veinte defunciones de menores, cuyas edades van de un a\u00f1o y medio a los 14 a\u00f1os, con padecimientos de obesidad, diabetes, problemas renales y que tuvieron complicaciones durante su atenci\u00f3n m\u00e9dica.<\/p>\n\n\n\n<p>La dependencia de salud explic\u00f3 que el alto n\u00famero de muertes derivadas de contagios de Covid-19 que se reportaron las \u00faltimas veinticuatro horas, las cuales suman 56, corresponden a una actualizaci\u00f3n de registros por dictaminaciones que corresponden a defunciones que han ocurrido entre el siete de julio y el 18 de agosto pasado.<\/p>\n\n\n\n<p>En el \u00faltimo reporte, se establece que se tuvieron 305 nuevos pacientes contagiados, entre ellos 108, casos en Mazatl\u00e1n, 52 en Culiac\u00e1n, 43 en Ahome, 28 en Guasave, 16 en Elota y nueve en Salvador Alvarado, entre otros municipios.<\/p>\n\n\n\n<p>Con relaci\u00f3n al n\u00famero de casos activos, la cifra es de dos mil 138, de los cuales, Ahome presenta 566 , Culiac\u00e1n 518, Guasave 290, Mazatl\u00e1n, 221, Elota, 107, Navolato, 80, El Fuerte 73, Escuinapa 69, Badiraguato 52 y el resto se distribuyen en nueve municipios m\u00e1s del estado.<\/p>\n\n\n\n<p>La Secretar\u00eda de Salud del Estado reporta que a lo largo de la emergencia sanitaria un total de 66 mil sesenta y seis personas han resultado contagiadas, de las cuales un total de 56 mil 305 se han logrado recuperar y siete mil 623 han fallecido.<\/p>\n","protected":false},"excerpt":{"rendered":"<p>A lo largo de la pandemia en Sinaloa, la Secretar\u00eda de Salud estatal tiene registradas veinte defunciones de menores por complicaciones relacionadas al coronavirus Culiac\u00e1n, Sin.- Con un registro r\u00e9cord de 56 nuevos fallecimientos por Covid-19 reportados en plataforma, se ubic\u00f3 a otro ni\u00f1o, de solo nueve a\u00f1os de edad que present\u00f3 complicaciones por obesidad, [&hellip;]<\/p>\n","protected":false},"author":39,"featured_media":10491,"comment_status":"open","ping_status":"open","sticky":false,"template":"","format":"standard","meta":{"tdm_status":"","tdm_grid_status":"","footnotes":""},"categories":[37],"tags":[332,59,416],"class_list":{"0":"post-10490","1":"post","2":"type-post","3":"status-publish","4":"format-standard","5":"has-post-thumbnail","7":"category-nota-principal","8":"tag-coronavirus","9":"tag-covid-19","10":"tag-sars-cov-2"},"yoast_head":"<!-- This site is optimized with the Yoast SEO plugin v27.5 - https:\/\/yoast.com\/product\/yoast-seo-wordpress\/ -->\n<title>Fallece otro ni\u00f1o de nueve a\u00f1os por Covid-19 en Sinaloa - Fuentes Fidedignas<\/title>\n<meta name=\"robots\" content=\"index, follow, max-snippet:-1, max-image-preview:large, max-video-preview:-1\" \/>\n<link rel=\"canonical\" href=\"https:\/\/fuentesfidedignas.com.mx\/index.php\/2021\/08\/22\/fallece-otro-nino-de-nueve-anos-por-covid-19-en-sinaloa\/\" \/>\n<meta property=\"og:locale\" content=\"es_MX\" \/>\n<meta property=\"og:type\" content=\"article\" \/>\n<meta property=\"og:title\" content=\"Fallece otro ni\u00f1o de nueve a\u00f1os por Covid-19 en Sinaloa - Fuentes Fidedignas\" \/>\n<meta property=\"og:description\" content=\"A lo largo de la pandemia en Sinaloa, la Secretar\u00eda de Salud estatal tiene registradas veinte defunciones de menores por complicaciones relacionadas al coronavirus Culiac\u00e1n, Sin.- Con un registro r\u00e9cord de 56 nuevos fallecimientos por Covid-19 reportados en plataforma, se ubic\u00f3 a otro ni\u00f1o, de solo nueve a\u00f1os de edad que present\u00f3 complicaciones por obesidad, [&hellip;]\" \/>\n<meta property=\"og:url\" content=\"https:\/\/fuentesfidedignas.com.mx\/index.php\/2021\/08\/22\/fallece-otro-nino-de-nueve-anos-por-covid-19-en-sinaloa\/\" \/>\n<meta property=\"og:site_name\" content=\"Fuentes Fidedignas\" \/>\n<meta property=\"article:publisher\" content=\"https:\/\/www.facebook.com\/Fuentes-Fidedignas-368234489921644\" \/>\n<meta property=\"article:published_time\" content=\"2021-08-22T17:54:26+00:00\" \/>\n<meta property=\"article:modified_time\" content=\"2021-08-22T17:54:27+00:00\" \/>\n<meta property=\"og:image\" content=\"https:\/\/fuentesfidedignas.com.mx\/wp-content\/uploads\/2021\/08\/NINO_COVID.jpg\" \/>\n\t<meta property=\"og:image:width\" content=\"1329\" \/>\n\t<meta property=\"og:image:height\" content=\"820\" \/>\n\t<meta property=\"og:image:type\" content=\"image\/jpeg\" \/>\n<meta name=\"author\" content=\"El Universal\" \/>\n<meta name=\"twitter:card\" content=\"summary_large_image\" \/>\n<meta name=\"twitter:creator\" content=\"@fidedignas\" \/>\n<meta name=\"twitter:site\" content=\"@fidedignas\" \/>\n<meta name=\"twitter:label1\" content=\"Escrito por\" \/>\n\t<meta name=\"twitter:data1\" content=\"El Universal\" \/>\n\t<meta name=\"twitter:label2\" content=\"Tiempo de lectura\" \/>\n\t<meta name=\"twitter:data2\" content=\"2 minutos\" \/>\n<script type=\"application\/ld+json\" class=\"yoast-schema-graph\">{\"@context\":\"https:\\\/\\\/schema.org\",\"@graph\":[{\"@type\":\"Article\",\"@id\":\"https:\\\/\\\/fuentesfidedignas.com.mx\\\/index.php\\\/2021\\\/08\\\/22\\\/fallece-otro-nino-de-nueve-anos-por-covid-19-en-sinaloa\\\/#article\",\"isPartOf\":{\"@id\":\"https:\\\/\\\/fuentesfidedignas.com.mx\\\/index.php\\\/2021\\\/08\\\/22\\\/fallece-otro-nino-de-nueve-anos-por-covid-19-en-sinaloa\\\/\"},\"author\":{\"name\":\"El Universal\",\"@id\":\"https:\\\/\\\/fuentesfidedignas.com.mx\\\/#\\\/schema\\\/person\\\/fee3882e65fd0510d292c43a346d35d7\"},\"headline\":\"Fallece otro ni\u00f1o de nueve a\u00f1os por Covid-19 en Sinaloa\",\"datePublished\":\"2021-08-22T17:54:26+00:00\",\"dateModified\":\"2021-08-22T17:54:27+00:00\",\"mainEntityOfPage\":{\"@id\":\"https:\\\/\\\/fuentesfidedignas.com.mx\\\/index.php\\\/2021\\\/08\\\/22\\\/fallece-otro-nino-de-nueve-anos-por-covid-19-en-sinaloa\\\/\"},\"wordCount\":304,\"commentCount\":0,\"publisher\":{\"@id\":\"https:\\\/\\\/fuentesfidedignas.com.mx\\\/#organization\"},\"image\":{\"@id\":\"https:\\\/\\\/fuentesfidedignas.com.mx\\\/index.php\\\/2021\\\/08\\\/22\\\/fallece-otro-nino-de-nueve-anos-por-covid-19-en-sinaloa\\\/#primaryimage\"},\"thumbnailUrl\":\"https:\\\/\\\/fuentesfidedignas.com.mx\\\/wp-content\\\/uploads\\\/2021\\\/08\\\/NINO_COVID.jpg\",\"keywords\":[\"Coronavirus\",\"Covid-19\",\"SARS-CoV-2\"],\"articleSection\":[\"NOTA PRINCIPAL\"],\"inLanguage\":\"es\",\"potentialAction\":[{\"@type\":\"CommentAction\",\"name\":\"Comment\",\"target\":[\"https:\\\/\\\/fuentesfidedignas.com.mx\\\/index.php\\\/2021\\\/08\\\/22\\\/fallece-otro-nino-de-nueve-anos-por-covid-19-en-sinaloa\\\/#respond\"]}]},{\"@type\":\"WebPage\",\"@id\":\"https:\\\/\\\/fuentesfidedignas.com.mx\\\/index.php\\\/2021\\\/08\\\/22\\\/fallece-otro-nino-de-nueve-anos-por-covid-19-en-sinaloa\\\/\",\"url\":\"https:\\\/\\\/fuentesfidedignas.com.mx\\\/index.php\\\/2021\\\/08\\\/22\\\/fallece-otro-nino-de-nueve-anos-por-covid-19-en-sinaloa\\\/\",\"name\":\"Fallece otro ni\u00f1o de nueve a\u00f1os por Covid-19 en Sinaloa - Fuentes Fidedignas\",\"isPartOf\":{\"@id\":\"https:\\\/\\\/fuentesfidedignas.com.mx\\\/#website\"},\"primaryImageOfPage\":{\"@id\":\"https:\\\/\\\/fuentesfidedignas.com.mx\\\/index.php\\\/2021\\\/08\\\/22\\\/fallece-otro-nino-de-nueve-anos-por-covid-19-en-sinaloa\\\/#primaryimage\"},\"image\":{\"@id\":\"https:\\\/\\\/fuentesfidedignas.com.mx\\\/index.php\\\/2021\\\/08\\\/22\\\/fallece-otro-nino-de-nueve-anos-por-covid-19-en-sinaloa\\\/#primaryimage\"},\"thumbnailUrl\":\"https:\\\/\\\/fuentesfidedignas.com.mx\\\/wp-content\\\/uploads\\\/2021\\\/08\\\/NINO_COVID.jpg\",\"datePublished\":\"2021-08-22T17:54:26+00:00\",\"dateModified\":\"2021-08-22T17:54:27+00:00\",\"breadcrumb\":{\"@id\":\"https:\\\/\\\/fuentesfidedignas.com.mx\\\/index.php\\\/2021\\\/08\\\/22\\\/fallece-otro-nino-de-nueve-anos-por-covid-19-en-sinaloa\\\/#breadcrumb\"},\"inLanguage\":\"es\",\"potentialAction\":[{\"@type\":\"ReadAction\",\"target\":[\"https:\\\/\\\/fuentesfidedignas.com.mx\\\/index.php\\\/2021\\\/08\\\/22\\\/fallece-otro-nino-de-nueve-anos-por-covid-19-en-sinaloa\\\/\"]}]},{\"@type\":\"ImageObject\",\"inLanguage\":\"es\",\"@id\":\"https:\\\/\\\/fuentesfidedignas.com.mx\\\/index.php\\\/2021\\\/08\\\/22\\\/fallece-otro-nino-de-nueve-anos-por-covid-19-en-sinaloa\\\/#primaryimage\",\"url\":\"https:\\\/\\\/fuentesfidedignas.com.mx\\\/wp-content\\\/uploads\\\/2021\\\/08\\\/NINO_COVID.jpg\",\"contentUrl\":\"https:\\\/\\\/fuentesfidedignas.com.mx\\\/wp-content\\\/uploads\\\/2021\\\/08\\\/NINO_COVID.jpg\",\"width\":1329,\"height\":820},{\"@type\":\"BreadcrumbList\",\"@id\":\"https:\\\/\\\/fuentesfidedignas.com.mx\\\/index.php\\\/2021\\\/08\\\/22\\\/fallece-otro-nino-de-nueve-anos-por-covid-19-en-sinaloa\\\/#breadcrumb\",\"itemListElement\":[{\"@type\":\"ListItem\",\"position\":1,\"name\":\"Inicio\",\"item\":\"https:\\\/\\\/fuentesfidedignas.com.mx\\\/\"},{\"@type\":\"ListItem\",\"position\":2,\"name\":\"Fallece otro ni\u00f1o de nueve a\u00f1os por Covid-19 en Sinaloa\"}]},{\"@type\":\"WebSite\",\"@id\":\"https:\\\/\\\/fuentesfidedignas.com.mx\\\/#website\",\"url\":\"https:\\\/\\\/fuentesfidedignas.com.mx\\\/\",\"name\":\"Fuentes Fidedignas\",\"description\":\"Otro sitio realizado con WordPress\",\"publisher\":{\"@id\":\"https:\\\/\\\/fuentesfidedignas.com.mx\\\/#organization\"},\"potentialAction\":[{\"@type\":\"SearchAction\",\"target\":{\"@type\":\"EntryPoint\",\"urlTemplate\":\"https:\\\/\\\/fuentesfidedignas.com.mx\\\/?s={search_term_string}\"},\"query-input\":{\"@type\":\"PropertyValueSpecification\",\"valueRequired\":true,\"valueName\":\"search_term_string\"}}],\"inLanguage\":\"es\"},{\"@type\":\"Organization\",\"@id\":\"https:\\\/\\\/fuentesfidedignas.com.mx\\\/#organization\",\"name\":\"Fuentes Fidedignas\",\"url\":\"https:\\\/\\\/fuentesfidedignas.com.mx\\\/\",\"logo\":{\"@type\":\"ImageObject\",\"inLanguage\":\"es\",\"@id\":\"https:\\\/\\\/fuentesfidedignas.com.mx\\\/#\\\/schema\\\/logo\\\/image\\\/\",\"url\":\"https:\\\/\\\/fuentesfidedignas.com.mx\\\/wp-content\\\/uploads\\\/2021\\\/04\\\/logo-retina.png\",\"contentUrl\":\"https:\\\/\\\/fuentesfidedignas.com.mx\\\/wp-content\\\/uploads\\\/2021\\\/04\\\/logo-retina.png\",\"width\":280,\"height\":51,\"caption\":\"Fuentes Fidedignas\"},\"image\":{\"@id\":\"https:\\\/\\\/fuentesfidedignas.com.mx\\\/#\\\/schema\\\/logo\\\/image\\\/\"},\"sameAs\":[\"https:\\\/\\\/www.facebook.com\\\/Fuentes-Fidedignas-368234489921644\",\"https:\\\/\\\/x.com\\\/fidedignas\"]},{\"@type\":\"Person\",\"@id\":\"https:\\\/\\\/fuentesfidedignas.com.mx\\\/#\\\/schema\\\/person\\\/fee3882e65fd0510d292c43a346d35d7\",\"name\":\"El Universal\",\"image\":{\"@type\":\"ImageObject\",\"inLanguage\":\"es\",\"@id\":\"https:\\\/\\\/secure.gravatar.com\\\/avatar\\\/1ebc94d82b6c3c081781f73e5b76a0d0c1ac7bf8e57426f18802246eeaa2747c?s=96&d=mm&r=g\",\"url\":\"https:\\\/\\\/secure.gravatar.com\\\/avatar\\\/1ebc94d82b6c3c081781f73e5b76a0d0c1ac7bf8e57426f18802246eeaa2747c?s=96&d=mm&r=g\",\"contentUrl\":\"https:\\\/\\\/secure.gravatar.com\\\/avatar\\\/1ebc94d82b6c3c081781f73e5b76a0d0c1ac7bf8e57426f18802246eeaa2747c?s=96&d=mm&r=g\",\"caption\":\"El Universal\"},\"url\":\"https:\\\/\\\/fuentesfidedignas.com.mx\\\/index.php\\\/author\\\/el-universal\\\/\"}]}<\/script>\n<!-- \/ Yoast SEO plugin. -->","yoast_head_json":{"title":"Fallece otro ni\u00f1o de nueve a\u00f1os por Covid-19 en Sinaloa - Fuentes Fidedignas","robots":{"index":"index","follow":"follow","max-snippet":"max-snippet:-1","max-image-preview":"max-image-preview:large","max-video-preview":"max-video-preview:-1"},"canonical":"https:\/\/fuentesfidedignas.com.mx\/index.php\/2021\/08\/22\/fallece-otro-nino-de-nueve-anos-por-covid-19-en-sinaloa\/","og_locale":"es_MX","og_type":"article","og_title":"Fallece otro ni\u00f1o de nueve a\u00f1os por Covid-19 en Sinaloa - Fuentes Fidedignas","og_description":"A lo largo de la pandemia en Sinaloa, la Secretar\u00eda de Salud estatal tiene registradas veinte defunciones de menores por complicaciones relacionadas al coronavirus Culiac\u00e1n, Sin.- Con un registro r\u00e9cord de 56 nuevos fallecimientos por Covid-19 reportados en plataforma, se ubic\u00f3 a otro ni\u00f1o, de solo nueve a\u00f1os de edad que present\u00f3 complicaciones por obesidad, [&hellip;]","og_url":"https:\/\/fuentesfidedignas.com.mx\/index.php\/2021\/08\/22\/fallece-otro-nino-de-nueve-anos-por-covid-19-en-sinaloa\/","og_site_name":"Fuentes Fidedignas","article_publisher":"https:\/\/www.facebook.com\/Fuentes-Fidedignas-368234489921644","article_published_time":"2021-08-22T17:54:26+00:00","article_modified_time":"2021-08-22T17:54:27+00:00","og_image":[{"width":1329,"height":820,"url":"https:\/\/fuentesfidedignas.com.mx\/wp-content\/uploads\/2021\/08\/NINO_COVID.jpg","type":"image\/jpeg"}],"author":"El Universal","twitter_card":"summary_large_image","twitter_creator":"@fidedignas","twitter_site":"@fidedignas","twitter_misc":{"Escrito por":"El Universal","Tiempo de lectura":"2 minutos"},"schema":{"@context":"https:\/\/schema.org","@graph":[{"@type":"Article","@id":"https:\/\/fuentesfidedignas.com.mx\/index.php\/2021\/08\/22\/fallece-otro-nino-de-nueve-anos-por-covid-19-en-sinaloa\/#article","isPartOf":{"@id":"https:\/\/fuentesfidedignas.com.mx\/index.php\/2021\/08\/22\/fallece-otro-nino-de-nueve-anos-por-covid-19-en-sinaloa\/"},"author":{"name":"El Universal","@id":"https:\/\/fuentesfidedignas.com.mx\/#\/schema\/person\/fee3882e65fd0510d292c43a346d35d7"},"headline":"Fallece otro ni\u00f1o de nueve a\u00f1os por Covid-19 en Sinaloa","datePublished":"2021-08-22T17:54:26+00:00","dateModified":"2021-08-22T17:54:27+00:00","mainEntityOfPage":{"@id":"https:\/\/fuentesfidedignas.com.mx\/index.php\/2021\/08\/22\/fallece-otro-nino-de-nueve-anos-por-covid-19-en-sinaloa\/"},"wordCount":304,"commentCount":0,"publisher":{"@id":"https:\/\/fuentesfidedignas.com.mx\/#organization"},"image":{"@id":"https:\/\/fuentesfidedignas.com.mx\/index.php\/2021\/08\/22\/fallece-otro-nino-de-nueve-anos-por-covid-19-en-sinaloa\/#primaryimage"},"thumbnailUrl":"https:\/\/fuentesfidedignas.com.mx\/wp-content\/uploads\/2021\/08\/NINO_COVID.jpg","keywords":["Coronavirus","Covid-19","SARS-CoV-2"],"articleSection":["NOTA PRINCIPAL"],"inLanguage":"es","potentialAction":[{"@type":"CommentAction","name":"Comment","target":["https:\/\/fuentesfidedignas.com.mx\/index.php\/2021\/08\/22\/fallece-otro-nino-de-nueve-anos-por-covid-19-en-sinaloa\/#respond"]}]},{"@type":"WebPage","@id":"https:\/\/fuentesfidedignas.com.mx\/index.php\/2021\/08\/22\/fallece-otro-nino-de-nueve-anos-por-covid-19-en-sinaloa\/","url":"https:\/\/fuentesfidedignas.com.mx\/index.php\/2021\/08\/22\/fallece-otro-nino-de-nueve-anos-por-covid-19-en-sinaloa\/","name":"Fallece otro ni\u00f1o de nueve a\u00f1os por Covid-19 en Sinaloa - Fuentes Fidedignas","isPartOf":{"@id":"https:\/\/fuentesfidedignas.com.mx\/#website"},"primaryImageOfPage":{"@id":"https:\/\/fuentesfidedignas.com.mx\/index.php\/2021\/08\/22\/fallece-otro-nino-de-nueve-anos-por-covid-19-en-sinaloa\/#primaryimage"},"image":{"@id":"https:\/\/fuentesfidedignas.com.mx\/index.php\/2021\/08\/22\/fallece-otro-nino-de-nueve-anos-por-covid-19-en-sinaloa\/#primaryimage"},"thumbnailUrl":"https:\/\/fuentesfidedignas.com.mx\/wp-content\/uploads\/2021\/08\/NINO_COVID.jpg","datePublished":"2021-08-22T17:54:26+00:00","dateModified":"2021-08-22T17:54:27+00:00","breadcrumb":{"@id":"https:\/\/fuentesfidedignas.com.mx\/index.php\/2021\/08\/22\/fallece-otro-nino-de-nueve-anos-por-covid-19-en-sinaloa\/#breadcrumb"},"inLanguage":"es","potentialAction":[{"@type":"ReadAction","target":["https:\/\/fuentesfidedignas.com.mx\/index.php\/2021\/08\/22\/fallece-otro-nino-de-nueve-anos-por-covid-19-en-sinaloa\/"]}]},{"@type":"ImageObject","inLanguage":"es","@id":"https:\/\/fuentesfidedignas.com.mx\/index.php\/2021\/08\/22\/fallece-otro-nino-de-nueve-anos-por-covid-19-en-sinaloa\/#primaryimage","url":"https:\/\/fuentesfidedignas.com.mx\/wp-content\/uploads\/2021\/08\/NINO_COVID.jpg","contentUrl":"https:\/\/fuentesfidedignas.com.mx\/wp-content\/uploads\/2021\/08\/NINO_COVID.jpg","width":1329,"height":820},{"@type":"BreadcrumbList","@id":"https:\/\/fuentesfidedignas.com.mx\/index.php\/2021\/08\/22\/fallece-otro-nino-de-nueve-anos-por-covid-19-en-sinaloa\/#breadcrumb","itemListElement":[{"@type":"ListItem","position":1,"name":"Inicio","item":"https:\/\/fuentesfidedignas.com.mx\/"},{"@type":"ListItem","position":2,"name":"Fallece otro ni\u00f1o de nueve a\u00f1os por Covid-19 en Sinaloa"}]},{"@type":"WebSite","@id":"https:\/\/fuentesfidedignas.com.mx\/#website","url":"https:\/\/fuentesfidedignas.com.mx\/","name":"Fuentes Fidedignas","description":"Otro sitio realizado con WordPress","publisher":{"@id":"https:\/\/fuentesfidedignas.com.mx\/#organization"},"potentialAction":[{"@type":"SearchAction","target":{"@type":"EntryPoint","urlTemplate":"https:\/\/fuentesfidedignas.com.mx\/?s={search_term_string}"},"query-input":{"@type":"PropertyValueSpecification","valueRequired":true,"valueName":"search_term_string"}}],"inLanguage":"es"},{"@type":"Organization","@id":"https:\/\/fuentesfidedignas.com.mx\/#organization","name":"Fuentes Fidedignas","url":"https:\/\/fuentesfidedignas.com.mx\/","logo":{"@type":"ImageObject","inLanguage":"es","@id":"https:\/\/fuentesfidedignas.com.mx\/#\/schema\/logo\/image\/","url":"https:\/\/fuentesfidedignas.com.mx\/wp-content\/uploads\/2021\/04\/logo-retina.png","contentUrl":"https:\/\/fuentesfidedignas.com.mx\/wp-content\/uploads\/2021\/04\/logo-retina.png","width":280,"height":51,"caption":"Fuentes Fidedignas"},"image":{"@id":"https:\/\/fuentesfidedignas.com.mx\/#\/schema\/logo\/image\/"},"sameAs":["https:\/\/www.facebook.com\/Fuentes-Fidedignas-368234489921644","https:\/\/x.com\/fidedignas"]},{"@type":"Person","@id":"https:\/\/fuentesfidedignas.com.mx\/#\/schema\/person\/fee3882e65fd0510d292c43a346d35d7","name":"El Universal","image":{"@type":"ImageObject","inLanguage":"es","@id":"https:\/\/secure.gravatar.com\/avatar\/1ebc94d82b6c3c081781f73e5b76a0d0c1ac7bf8e57426f18802246eeaa2747c?s=96&d=mm&r=g","url":"https:\/\/secure.gravatar.com\/avatar\/1ebc94d82b6c3c081781f73e5b76a0d0c1ac7bf8e57426f18802246eeaa2747c?s=96&d=mm&r=g","contentUrl":"https:\/\/secure.gravatar.com\/avatar\/1ebc94d82b6c3c081781f73e5b76a0d0c1ac7bf8e57426f18802246eeaa2747c?s=96&d=mm&r=g","caption":"El Universal"},"url":"https:\/\/fuentesfidedignas.com.mx\/index.php\/author\/el-universal\/"}]}},"_links":{"self":[{"href":"https:\/\/fuentesfidedignas.com.mx\/index.php\/wp-json\/wp\/v2\/posts\/10490","targetHints":{"allow":["GET"]}}],"collection":[{"href":"https:\/\/fuentesfidedignas.com.mx\/index.php\/wp-json\/wp\/v2\/posts"}],"about":[{"href":"https:\/\/fuentesfidedignas.com.mx\/index.php\/wp-json\/wp\/v2\/types\/post"}],"author":[{"embeddable":true,"href":"https:\/\/fuentesfidedignas.com.mx\/index.php\/wp-json\/wp\/v2\/users\/39"}],"replies":[{"embeddable":true,"href":"https:\/\/fuentesfidedignas.com.mx\/index.php\/wp-json\/wp\/v2\/comments?post=10490"}],"version-history":[{"count":1,"href":"https:\/\/fuentesfidedignas.com.mx\/index.php\/wp-json\/wp\/v2\/posts\/10490\/revisions"}],"predecessor-version":[{"id":10492,"href":"https:\/\/fuentesfidedignas.com.mx\/index.php\/wp-json\/wp\/v2\/posts\/10490\/revisions\/10492"}],"wp:featuredmedia":[{"embeddable":true,"href":"https:\/\/fuentesfidedignas.com.mx\/index.php\/wp-json\/wp\/v2\/media\/10491"}],"wp:attachment":[{"href":"https:\/\/fuentesfidedignas.com.mx\/index.php\/wp-json\/wp\/v2\/media?parent=10490"}],"wp:term":[{"taxonomy":"category","embeddable":true,"href":"https:\/\/fuentesfidedignas.com.mx\/index.php\/wp-json\/wp\/v2\/categories?post=10490"},{"taxonomy":"post_tag","embeddable":true,"href":"https:\/\/fuentesfidedignas.com.mx\/index.php\/wp-json\/wp\/v2\/tags?post=10490"}],"curies":[{"name":"wp","href":"https:\/\/api.w.org\/{rel}","templated":true}]}}