{"id":104748,"date":"2025-03-26T07:17:25","date_gmt":"2025-03-26T14:17:25","guid":{"rendered":"https:\/\/fuentesfidedignas.com.mx\/?p=104748"},"modified":"2025-03-26T07:17:30","modified_gmt":"2025-03-26T14:17:30","slug":"hallan-muertos-en-veracruz-a-cinco-jovenes-reportados-como-desaparecidos-desde-2020","status":"publish","type":"post","link":"https:\/\/fuentesfidedignas.com.mx\/index.php\/2025\/03\/26\/hallan-muertos-en-veracruz-a-cinco-jovenes-reportados-como-desaparecidos-desde-2020\/","title":{"rendered":"Hallan muertos en Veracruz a cinco j\u00f3venes reportados como desaparecidos desde 2020"},"content":{"rendered":"\n<p><strong><em>Cinco hombres de entre 21 y 36 a\u00f1os de edad fueron hallados muertos tras ser llevados por la fuerza de un centro botanero<\/em><\/strong><\/p>\n\n\n\n<p>Cinco j\u00f3venes reportados como desaparecidos desde 2020 fueron hallados muertos en Veracruz.<\/p>\n\n\n\n<p>El colectivo Familiares Xalapa dio a conocer la noticia mediante redes sociales.<\/p>\n\n\n\n<iframe loading=\"lazy\" src=\"https:\/\/www.facebook.com\/plugins\/post.php?href=https%3A%2F%2Fwww.facebook.com%2Fvictoria.delgadilloromero%2Fposts%2Fpfbid037RHR17zFRBeC9ijihd71suutUTgqVqbi69nFXUrotBTd3vkDGCi3W7hN2PXGE5Ptl&#038;show_text=true&#038;width=500\" width=\"500\" height=\"697\" style=\"border:none;overflow:hidden\" scrolling=\"no\" frameborder=\"0\" allowfullscreen=\"true\" allow=\"autoplay; clipboard-write; encrypted-media; picture-in-picture; web-share\"><\/iframe>\n\n\n\n<p>Se trata de Marcos Javier Reyes Castillo, Iv\u00e1n Aurelio Aguilar Villa, Iv\u00e1n de Jes\u00fas Sosa Lagunes, Mario Figueroa Dom\u00ednguez y Cedrik Abdiel Ram\u00edrez Aguilar, de entre 21 y 36 a\u00f1os de edad.<\/p>\n\n\n\n<p>El 2 de julio de 2020, los cinco se encontraban al interior de un centro botanero denominado Michelucas, en Palo Gacho, cuando sujetos armados se los llevaron por la fuerza.<\/p>\n\n\n\n<p>&#8220;El colectivo est\u00e1 de luto por la p\u00e9rdida de los seres queridos de nuestros compa\u00f1eros de lucha y de dolor. Nuestro m\u00e1s sentido p\u00e9same a las familias. Descansen en paz\u201d, se\u00f1al\u00f3 Victoria Delgadillo, presidenta de Familiares Xalapa.<\/p>\n\n\n\n<p>Hasta el momento se desconocen los detalles del hallazgo de los cuerpos de los cinco hombres.<\/p>\n","protected":false},"excerpt":{"rendered":"<p>Cinco hombres de entre 21 y 36 a\u00f1os de edad fueron hallados muertos tras ser llevados por la fuerza de un centro botanero Cinco j\u00f3venes reportados como desaparecidos desde 2020 fueron hallados muertos en Veracruz. El colectivo Familiares Xalapa dio a conocer la noticia mediante redes sociales. Se trata de Marcos Javier Reyes Castillo, Iv\u00e1n [&hellip;]<\/p>\n","protected":false},"author":47,"featured_media":104749,"comment_status":"open","ping_status":"open","sticky":false,"template":"","format":"standard","meta":{"tdm_status":"","tdm_grid_status":"","footnotes":""},"categories":[39],"tags":[],"class_list":{"0":"post-104748","1":"post","2":"type-post","3":"status-publish","4":"format-standard","5":"has-post-thumbnail","7":"category-noticias-nacionales"},"yoast_head":"<!-- This site is optimized with the Yoast SEO plugin v27.4 - https:\/\/yoast.com\/product\/yoast-seo-wordpress\/ -->\n<title>Hallan muertos en Veracruz a cinco j\u00f3venes reportados como desaparecidos desde 2020 - Fuentes Fidedignas<\/title>\n<meta name=\"robots\" content=\"index, follow, max-snippet:-1, max-image-preview:large, max-video-preview:-1\" \/>\n<link rel=\"canonical\" href=\"https:\/\/fuentesfidedignas.com.mx\/index.php\/2025\/03\/26\/hallan-muertos-en-veracruz-a-cinco-jovenes-reportados-como-desaparecidos-desde-2020\/\" \/>\n<meta property=\"og:locale\" content=\"es_MX\" \/>\n<meta property=\"og:type\" content=\"article\" \/>\n<meta property=\"og:title\" content=\"Hallan muertos en Veracruz a cinco j\u00f3venes reportados como desaparecidos desde 2020 - Fuentes Fidedignas\" \/>\n<meta property=\"og:description\" content=\"Cinco hombres de entre 21 y 36 a\u00f1os de edad fueron hallados muertos tras ser llevados por la fuerza de un centro botanero Cinco j\u00f3venes reportados como desaparecidos desde 2020 fueron hallados muertos en Veracruz. El colectivo Familiares Xalapa dio a conocer la noticia mediante redes sociales. Se trata de Marcos Javier Reyes Castillo, Iv\u00e1n [&hellip;]\" \/>\n<meta property=\"og:url\" content=\"https:\/\/fuentesfidedignas.com.mx\/index.php\/2025\/03\/26\/hallan-muertos-en-veracruz-a-cinco-jovenes-reportados-como-desaparecidos-desde-2020\/\" \/>\n<meta property=\"og:site_name\" content=\"Fuentes Fidedignas\" \/>\n<meta property=\"article:publisher\" content=\"https:\/\/www.facebook.com\/Fuentes-Fidedignas-368234489921644\" \/>\n<meta property=\"article:published_time\" content=\"2025-03-26T14:17:25+00:00\" \/>\n<meta property=\"article:modified_time\" content=\"2025-03-26T14:17:30+00:00\" \/>\n<meta property=\"og:image\" content=\"https:\/\/fuentesfidedignas.com.mx\/wp-content\/uploads\/2025\/03\/desaparecidos.jpg\" \/>\n\t<meta property=\"og:image:width\" content=\"600\" \/>\n\t<meta property=\"og:image:height\" content=\"309\" \/>\n\t<meta property=\"og:image:type\" content=\"image\/jpeg\" \/>\n<meta name=\"author\" content=\"L\u00f3pez D\u00f3riga\" \/>\n<meta name=\"twitter:card\" content=\"summary_large_image\" \/>\n<meta name=\"twitter:creator\" content=\"@fidedignas\" \/>\n<meta name=\"twitter:site\" content=\"@fidedignas\" \/>\n<meta name=\"twitter:label1\" content=\"Escrito por\" \/>\n\t<meta name=\"twitter:data1\" content=\"L\u00f3pez D\u00f3riga\" \/>\n\t<meta name=\"twitter:label2\" content=\"Tiempo de lectura\" \/>\n\t<meta name=\"twitter:data2\" content=\"1 minuto\" \/>\n<script type=\"application\/ld+json\" class=\"yoast-schema-graph\">{\"@context\":\"https:\\\/\\\/schema.org\",\"@graph\":[{\"@type\":\"Article\",\"@id\":\"https:\\\/\\\/fuentesfidedignas.com.mx\\\/index.php\\\/2025\\\/03\\\/26\\\/hallan-muertos-en-veracruz-a-cinco-jovenes-reportados-como-desaparecidos-desde-2020\\\/#article\",\"isPartOf\":{\"@id\":\"https:\\\/\\\/fuentesfidedignas.com.mx\\\/index.php\\\/2025\\\/03\\\/26\\\/hallan-muertos-en-veracruz-a-cinco-jovenes-reportados-como-desaparecidos-desde-2020\\\/\"},\"author\":{\"name\":\"L\u00f3pez D\u00f3riga\",\"@id\":\"https:\\\/\\\/fuentesfidedignas.com.mx\\\/#\\\/schema\\\/person\\\/67d852f0557c8509146a4b9ddebd543a\"},\"headline\":\"Hallan muertos en Veracruz a cinco j\u00f3venes reportados como desaparecidos desde 2020\",\"datePublished\":\"2025-03-26T14:17:25+00:00\",\"dateModified\":\"2025-03-26T14:17:30+00:00\",\"mainEntityOfPage\":{\"@id\":\"https:\\\/\\\/fuentesfidedignas.com.mx\\\/index.php\\\/2025\\\/03\\\/26\\\/hallan-muertos-en-veracruz-a-cinco-jovenes-reportados-como-desaparecidos-desde-2020\\\/\"},\"wordCount\":180,\"commentCount\":0,\"publisher\":{\"@id\":\"https:\\\/\\\/fuentesfidedignas.com.mx\\\/#organization\"},\"image\":{\"@id\":\"https:\\\/\\\/fuentesfidedignas.com.mx\\\/index.php\\\/2025\\\/03\\\/26\\\/hallan-muertos-en-veracruz-a-cinco-jovenes-reportados-como-desaparecidos-desde-2020\\\/#primaryimage\"},\"thumbnailUrl\":\"https:\\\/\\\/fuentesfidedignas.com.mx\\\/wp-content\\\/uploads\\\/2025\\\/03\\\/desaparecidos.jpg\",\"articleSection\":[\"NOTICIAS NACIONALES\"],\"inLanguage\":\"es\",\"potentialAction\":[{\"@type\":\"CommentAction\",\"name\":\"Comment\",\"target\":[\"https:\\\/\\\/fuentesfidedignas.com.mx\\\/index.php\\\/2025\\\/03\\\/26\\\/hallan-muertos-en-veracruz-a-cinco-jovenes-reportados-como-desaparecidos-desde-2020\\\/#respond\"]}]},{\"@type\":\"WebPage\",\"@id\":\"https:\\\/\\\/fuentesfidedignas.com.mx\\\/index.php\\\/2025\\\/03\\\/26\\\/hallan-muertos-en-veracruz-a-cinco-jovenes-reportados-como-desaparecidos-desde-2020\\\/\",\"url\":\"https:\\\/\\\/fuentesfidedignas.com.mx\\\/index.php\\\/2025\\\/03\\\/26\\\/hallan-muertos-en-veracruz-a-cinco-jovenes-reportados-como-desaparecidos-desde-2020\\\/\",\"name\":\"Hallan muertos en Veracruz a cinco j\u00f3venes reportados como desaparecidos desde 2020 - Fuentes Fidedignas\",\"isPartOf\":{\"@id\":\"https:\\\/\\\/fuentesfidedignas.com.mx\\\/#website\"},\"primaryImageOfPage\":{\"@id\":\"https:\\\/\\\/fuentesfidedignas.com.mx\\\/index.php\\\/2025\\\/03\\\/26\\\/hallan-muertos-en-veracruz-a-cinco-jovenes-reportados-como-desaparecidos-desde-2020\\\/#primaryimage\"},\"image\":{\"@id\":\"https:\\\/\\\/fuentesfidedignas.com.mx\\\/index.php\\\/2025\\\/03\\\/26\\\/hallan-muertos-en-veracruz-a-cinco-jovenes-reportados-como-desaparecidos-desde-2020\\\/#primaryimage\"},\"thumbnailUrl\":\"https:\\\/\\\/fuentesfidedignas.com.mx\\\/wp-content\\\/uploads\\\/2025\\\/03\\\/desaparecidos.jpg\",\"datePublished\":\"2025-03-26T14:17:25+00:00\",\"dateModified\":\"2025-03-26T14:17:30+00:00\",\"breadcrumb\":{\"@id\":\"https:\\\/\\\/fuentesfidedignas.com.mx\\\/index.php\\\/2025\\\/03\\\/26\\\/hallan-muertos-en-veracruz-a-cinco-jovenes-reportados-como-desaparecidos-desde-2020\\\/#breadcrumb\"},\"inLanguage\":\"es\",\"potentialAction\":[{\"@type\":\"ReadAction\",\"target\":[\"https:\\\/\\\/fuentesfidedignas.com.mx\\\/index.php\\\/2025\\\/03\\\/26\\\/hallan-muertos-en-veracruz-a-cinco-jovenes-reportados-como-desaparecidos-desde-2020\\\/\"]}]},{\"@type\":\"ImageObject\",\"inLanguage\":\"es\",\"@id\":\"https:\\\/\\\/fuentesfidedignas.com.mx\\\/index.php\\\/2025\\\/03\\\/26\\\/hallan-muertos-en-veracruz-a-cinco-jovenes-reportados-como-desaparecidos-desde-2020\\\/#primaryimage\",\"url\":\"https:\\\/\\\/fuentesfidedignas.com.mx\\\/wp-content\\\/uploads\\\/2025\\\/03\\\/desaparecidos.jpg\",\"contentUrl\":\"https:\\\/\\\/fuentesfidedignas.com.mx\\\/wp-content\\\/uploads\\\/2025\\\/03\\\/desaparecidos.jpg\",\"width\":600,\"height\":309},{\"@type\":\"BreadcrumbList\",\"@id\":\"https:\\\/\\\/fuentesfidedignas.com.mx\\\/index.php\\\/2025\\\/03\\\/26\\\/hallan-muertos-en-veracruz-a-cinco-jovenes-reportados-como-desaparecidos-desde-2020\\\/#breadcrumb\",\"itemListElement\":[{\"@type\":\"ListItem\",\"position\":1,\"name\":\"Inicio\",\"item\":\"https:\\\/\\\/fuentesfidedignas.com.mx\\\/\"},{\"@type\":\"ListItem\",\"position\":2,\"name\":\"Hallan muertos en Veracruz a cinco j\u00f3venes reportados como desaparecidos desde 2020\"}]},{\"@type\":\"WebSite\",\"@id\":\"https:\\\/\\\/fuentesfidedignas.com.mx\\\/#website\",\"url\":\"https:\\\/\\\/fuentesfidedignas.com.mx\\\/\",\"name\":\"Fuentes Fidedignas\",\"description\":\"Otro sitio realizado con WordPress\",\"publisher\":{\"@id\":\"https:\\\/\\\/fuentesfidedignas.com.mx\\\/#organization\"},\"potentialAction\":[{\"@type\":\"SearchAction\",\"target\":{\"@type\":\"EntryPoint\",\"urlTemplate\":\"https:\\\/\\\/fuentesfidedignas.com.mx\\\/?s={search_term_string}\"},\"query-input\":{\"@type\":\"PropertyValueSpecification\",\"valueRequired\":true,\"valueName\":\"search_term_string\"}}],\"inLanguage\":\"es\"},{\"@type\":\"Organization\",\"@id\":\"https:\\\/\\\/fuentesfidedignas.com.mx\\\/#organization\",\"name\":\"Fuentes Fidedignas\",\"url\":\"https:\\\/\\\/fuentesfidedignas.com.mx\\\/\",\"logo\":{\"@type\":\"ImageObject\",\"inLanguage\":\"es\",\"@id\":\"https:\\\/\\\/fuentesfidedignas.com.mx\\\/#\\\/schema\\\/logo\\\/image\\\/\",\"url\":\"https:\\\/\\\/fuentesfidedignas.com.mx\\\/wp-content\\\/uploads\\\/2021\\\/04\\\/logo-retina.png\",\"contentUrl\":\"https:\\\/\\\/fuentesfidedignas.com.mx\\\/wp-content\\\/uploads\\\/2021\\\/04\\\/logo-retina.png\",\"width\":280,\"height\":51,\"caption\":\"Fuentes Fidedignas\"},\"image\":{\"@id\":\"https:\\\/\\\/fuentesfidedignas.com.mx\\\/#\\\/schema\\\/logo\\\/image\\\/\"},\"sameAs\":[\"https:\\\/\\\/www.facebook.com\\\/Fuentes-Fidedignas-368234489921644\",\"https:\\\/\\\/x.com\\\/fidedignas\"]},{\"@type\":\"Person\",\"@id\":\"https:\\\/\\\/fuentesfidedignas.com.mx\\\/#\\\/schema\\\/person\\\/67d852f0557c8509146a4b9ddebd543a\",\"name\":\"L\u00f3pez D\u00f3riga\",\"image\":{\"@type\":\"ImageObject\",\"inLanguage\":\"es\",\"@id\":\"https:\\\/\\\/secure.gravatar.com\\\/avatar\\\/e525b06574ca18b33cded59dfe5778d6c823b9513154eff47da551b0551bdd1e?s=96&d=mm&r=g\",\"url\":\"https:\\\/\\\/secure.gravatar.com\\\/avatar\\\/e525b06574ca18b33cded59dfe5778d6c823b9513154eff47da551b0551bdd1e?s=96&d=mm&r=g\",\"contentUrl\":\"https:\\\/\\\/secure.gravatar.com\\\/avatar\\\/e525b06574ca18b33cded59dfe5778d6c823b9513154eff47da551b0551bdd1e?s=96&d=mm&r=g\",\"caption\":\"L\u00f3pez D\u00f3riga\"},\"url\":\"https:\\\/\\\/fuentesfidedignas.com.mx\\\/index.php\\\/author\\\/doriga\\\/\"}]}<\/script>\n<!-- \/ Yoast SEO plugin. -->","yoast_head_json":{"title":"Hallan muertos en Veracruz a cinco j\u00f3venes reportados como desaparecidos desde 2020 - Fuentes Fidedignas","robots":{"index":"index","follow":"follow","max-snippet":"max-snippet:-1","max-image-preview":"max-image-preview:large","max-video-preview":"max-video-preview:-1"},"canonical":"https:\/\/fuentesfidedignas.com.mx\/index.php\/2025\/03\/26\/hallan-muertos-en-veracruz-a-cinco-jovenes-reportados-como-desaparecidos-desde-2020\/","og_locale":"es_MX","og_type":"article","og_title":"Hallan muertos en Veracruz a cinco j\u00f3venes reportados como desaparecidos desde 2020 - Fuentes Fidedignas","og_description":"Cinco hombres de entre 21 y 36 a\u00f1os de edad fueron hallados muertos tras ser llevados por la fuerza de un centro botanero Cinco j\u00f3venes reportados como desaparecidos desde 2020 fueron hallados muertos en Veracruz. El colectivo Familiares Xalapa dio a conocer la noticia mediante redes sociales. Se trata de Marcos Javier Reyes Castillo, Iv\u00e1n [&hellip;]","og_url":"https:\/\/fuentesfidedignas.com.mx\/index.php\/2025\/03\/26\/hallan-muertos-en-veracruz-a-cinco-jovenes-reportados-como-desaparecidos-desde-2020\/","og_site_name":"Fuentes Fidedignas","article_publisher":"https:\/\/www.facebook.com\/Fuentes-Fidedignas-368234489921644","article_published_time":"2025-03-26T14:17:25+00:00","article_modified_time":"2025-03-26T14:17:30+00:00","og_image":[{"width":600,"height":309,"url":"https:\/\/fuentesfidedignas.com.mx\/wp-content\/uploads\/2025\/03\/desaparecidos.jpg","type":"image\/jpeg"}],"author":"L\u00f3pez D\u00f3riga","twitter_card":"summary_large_image","twitter_creator":"@fidedignas","twitter_site":"@fidedignas","twitter_misc":{"Escrito por":"L\u00f3pez D\u00f3riga","Tiempo de lectura":"1 minuto"},"schema":{"@context":"https:\/\/schema.org","@graph":[{"@type":"Article","@id":"https:\/\/fuentesfidedignas.com.mx\/index.php\/2025\/03\/26\/hallan-muertos-en-veracruz-a-cinco-jovenes-reportados-como-desaparecidos-desde-2020\/#article","isPartOf":{"@id":"https:\/\/fuentesfidedignas.com.mx\/index.php\/2025\/03\/26\/hallan-muertos-en-veracruz-a-cinco-jovenes-reportados-como-desaparecidos-desde-2020\/"},"author":{"name":"L\u00f3pez D\u00f3riga","@id":"https:\/\/fuentesfidedignas.com.mx\/#\/schema\/person\/67d852f0557c8509146a4b9ddebd543a"},"headline":"Hallan muertos en Veracruz a cinco j\u00f3venes reportados como desaparecidos desde 2020","datePublished":"2025-03-26T14:17:25+00:00","dateModified":"2025-03-26T14:17:30+00:00","mainEntityOfPage":{"@id":"https:\/\/fuentesfidedignas.com.mx\/index.php\/2025\/03\/26\/hallan-muertos-en-veracruz-a-cinco-jovenes-reportados-como-desaparecidos-desde-2020\/"},"wordCount":180,"commentCount":0,"publisher":{"@id":"https:\/\/fuentesfidedignas.com.mx\/#organization"},"image":{"@id":"https:\/\/fuentesfidedignas.com.mx\/index.php\/2025\/03\/26\/hallan-muertos-en-veracruz-a-cinco-jovenes-reportados-como-desaparecidos-desde-2020\/#primaryimage"},"thumbnailUrl":"https:\/\/fuentesfidedignas.com.mx\/wp-content\/uploads\/2025\/03\/desaparecidos.jpg","articleSection":["NOTICIAS NACIONALES"],"inLanguage":"es","potentialAction":[{"@type":"CommentAction","name":"Comment","target":["https:\/\/fuentesfidedignas.com.mx\/index.php\/2025\/03\/26\/hallan-muertos-en-veracruz-a-cinco-jovenes-reportados-como-desaparecidos-desde-2020\/#respond"]}]},{"@type":"WebPage","@id":"https:\/\/fuentesfidedignas.com.mx\/index.php\/2025\/03\/26\/hallan-muertos-en-veracruz-a-cinco-jovenes-reportados-como-desaparecidos-desde-2020\/","url":"https:\/\/fuentesfidedignas.com.mx\/index.php\/2025\/03\/26\/hallan-muertos-en-veracruz-a-cinco-jovenes-reportados-como-desaparecidos-desde-2020\/","name":"Hallan muertos en Veracruz a cinco j\u00f3venes reportados como desaparecidos desde 2020 - Fuentes Fidedignas","isPartOf":{"@id":"https:\/\/fuentesfidedignas.com.mx\/#website"},"primaryImageOfPage":{"@id":"https:\/\/fuentesfidedignas.com.mx\/index.php\/2025\/03\/26\/hallan-muertos-en-veracruz-a-cinco-jovenes-reportados-como-desaparecidos-desde-2020\/#primaryimage"},"image":{"@id":"https:\/\/fuentesfidedignas.com.mx\/index.php\/2025\/03\/26\/hallan-muertos-en-veracruz-a-cinco-jovenes-reportados-como-desaparecidos-desde-2020\/#primaryimage"},"thumbnailUrl":"https:\/\/fuentesfidedignas.com.mx\/wp-content\/uploads\/2025\/03\/desaparecidos.jpg","datePublished":"2025-03-26T14:17:25+00:00","dateModified":"2025-03-26T14:17:30+00:00","breadcrumb":{"@id":"https:\/\/fuentesfidedignas.com.mx\/index.php\/2025\/03\/26\/hallan-muertos-en-veracruz-a-cinco-jovenes-reportados-como-desaparecidos-desde-2020\/#breadcrumb"},"inLanguage":"es","potentialAction":[{"@type":"ReadAction","target":["https:\/\/fuentesfidedignas.com.mx\/index.php\/2025\/03\/26\/hallan-muertos-en-veracruz-a-cinco-jovenes-reportados-como-desaparecidos-desde-2020\/"]}]},{"@type":"ImageObject","inLanguage":"es","@id":"https:\/\/fuentesfidedignas.com.mx\/index.php\/2025\/03\/26\/hallan-muertos-en-veracruz-a-cinco-jovenes-reportados-como-desaparecidos-desde-2020\/#primaryimage","url":"https:\/\/fuentesfidedignas.com.mx\/wp-content\/uploads\/2025\/03\/desaparecidos.jpg","contentUrl":"https:\/\/fuentesfidedignas.com.mx\/wp-content\/uploads\/2025\/03\/desaparecidos.jpg","width":600,"height":309},{"@type":"BreadcrumbList","@id":"https:\/\/fuentesfidedignas.com.mx\/index.php\/2025\/03\/26\/hallan-muertos-en-veracruz-a-cinco-jovenes-reportados-como-desaparecidos-desde-2020\/#breadcrumb","itemListElement":[{"@type":"ListItem","position":1,"name":"Inicio","item":"https:\/\/fuentesfidedignas.com.mx\/"},{"@type":"ListItem","position":2,"name":"Hallan muertos en Veracruz a cinco j\u00f3venes reportados como desaparecidos desde 2020"}]},{"@type":"WebSite","@id":"https:\/\/fuentesfidedignas.com.mx\/#website","url":"https:\/\/fuentesfidedignas.com.mx\/","name":"Fuentes Fidedignas","description":"Otro sitio realizado con WordPress","publisher":{"@id":"https:\/\/fuentesfidedignas.com.mx\/#organization"},"potentialAction":[{"@type":"SearchAction","target":{"@type":"EntryPoint","urlTemplate":"https:\/\/fuentesfidedignas.com.mx\/?s={search_term_string}"},"query-input":{"@type":"PropertyValueSpecification","valueRequired":true,"valueName":"search_term_string"}}],"inLanguage":"es"},{"@type":"Organization","@id":"https:\/\/fuentesfidedignas.com.mx\/#organization","name":"Fuentes Fidedignas","url":"https:\/\/fuentesfidedignas.com.mx\/","logo":{"@type":"ImageObject","inLanguage":"es","@id":"https:\/\/fuentesfidedignas.com.mx\/#\/schema\/logo\/image\/","url":"https:\/\/fuentesfidedignas.com.mx\/wp-content\/uploads\/2021\/04\/logo-retina.png","contentUrl":"https:\/\/fuentesfidedignas.com.mx\/wp-content\/uploads\/2021\/04\/logo-retina.png","width":280,"height":51,"caption":"Fuentes Fidedignas"},"image":{"@id":"https:\/\/fuentesfidedignas.com.mx\/#\/schema\/logo\/image\/"},"sameAs":["https:\/\/www.facebook.com\/Fuentes-Fidedignas-368234489921644","https:\/\/x.com\/fidedignas"]},{"@type":"Person","@id":"https:\/\/fuentesfidedignas.com.mx\/#\/schema\/person\/67d852f0557c8509146a4b9ddebd543a","name":"L\u00f3pez D\u00f3riga","image":{"@type":"ImageObject","inLanguage":"es","@id":"https:\/\/secure.gravatar.com\/avatar\/e525b06574ca18b33cded59dfe5778d6c823b9513154eff47da551b0551bdd1e?s=96&d=mm&r=g","url":"https:\/\/secure.gravatar.com\/avatar\/e525b06574ca18b33cded59dfe5778d6c823b9513154eff47da551b0551bdd1e?s=96&d=mm&r=g","contentUrl":"https:\/\/secure.gravatar.com\/avatar\/e525b06574ca18b33cded59dfe5778d6c823b9513154eff47da551b0551bdd1e?s=96&d=mm&r=g","caption":"L\u00f3pez D\u00f3riga"},"url":"https:\/\/fuentesfidedignas.com.mx\/index.php\/author\/doriga\/"}]}},"_links":{"self":[{"href":"https:\/\/fuentesfidedignas.com.mx\/index.php\/wp-json\/wp\/v2\/posts\/104748","targetHints":{"allow":["GET"]}}],"collection":[{"href":"https:\/\/fuentesfidedignas.com.mx\/index.php\/wp-json\/wp\/v2\/posts"}],"about":[{"href":"https:\/\/fuentesfidedignas.com.mx\/index.php\/wp-json\/wp\/v2\/types\/post"}],"author":[{"embeddable":true,"href":"https:\/\/fuentesfidedignas.com.mx\/index.php\/wp-json\/wp\/v2\/users\/47"}],"replies":[{"embeddable":true,"href":"https:\/\/fuentesfidedignas.com.mx\/index.php\/wp-json\/wp\/v2\/comments?post=104748"}],"version-history":[{"count":1,"href":"https:\/\/fuentesfidedignas.com.mx\/index.php\/wp-json\/wp\/v2\/posts\/104748\/revisions"}],"predecessor-version":[{"id":104750,"href":"https:\/\/fuentesfidedignas.com.mx\/index.php\/wp-json\/wp\/v2\/posts\/104748\/revisions\/104750"}],"wp:featuredmedia":[{"embeddable":true,"href":"https:\/\/fuentesfidedignas.com.mx\/index.php\/wp-json\/wp\/v2\/media\/104749"}],"wp:attachment":[{"href":"https:\/\/fuentesfidedignas.com.mx\/index.php\/wp-json\/wp\/v2\/media?parent=104748"}],"wp:term":[{"taxonomy":"category","embeddable":true,"href":"https:\/\/fuentesfidedignas.com.mx\/index.php\/wp-json\/wp\/v2\/categories?post=104748"},{"taxonomy":"post_tag","embeddable":true,"href":"https:\/\/fuentesfidedignas.com.mx\/index.php\/wp-json\/wp\/v2\/tags?post=104748"}],"curies":[{"name":"wp","href":"https:\/\/api.w.org\/{rel}","templated":true}]}}