{"id":104726,"date":"2025-03-26T04:14:00","date_gmt":"2025-03-26T11:14:00","guid":{"rendered":"https:\/\/fuentesfidedignas.com.mx\/?p=104726"},"modified":"2025-03-25T18:19:11","modified_gmt":"2025-03-26T01:19:11","slug":"video-el-colmo-empleados-de-funerarias-pelean-por-un-muertito-en-villahermosa","status":"publish","type":"post","link":"https:\/\/fuentesfidedignas.com.mx\/index.php\/2025\/03\/26\/video-el-colmo-empleados-de-funerarias-pelean-por-un-muertito-en-villahermosa\/","title":{"rendered":"VIDEO | El colmo: empleados de funerarias pelean por un &#8216;muertito&#8217; en Villahermosa"},"content":{"rendered":"\n<p><strong><em>El colmo: violencia entre funerarias y omisi\u00f3n policial reactivan exigencias por regulaci\u00f3n legal y mejores protocolos de actuaci\u00f3n en Tabasco<\/em><\/strong><\/p>\n\n\n\n<p>En un hecho ins\u00f3lito ocurrido en Villahermosa, Tabasco, empleados de dos funerarias protagonizaron una violenta pelea por obtener el servicio funerario de un hombre que falleci\u00f3 electrocutado.<\/p>\n\n\n\n<figure class=\"wp-block-embed is-type-rich is-provider-twitter wp-block-embed-twitter\"><div class=\"wp-block-embed__wrapper\">\n<blockquote class=\"twitter-tweet\" data-width=\"550\" data-dnt=\"true\"><p lang=\"es\" dir=\"ltr\">En Villahermosa, Tabasco un par de trabajadores, de distintas funerarias, se pelaron a golpes por el cuerpo de un hombre que acababa de fallecer electrocutado. Al final, estos sujeto fueron arrestados y el cuerpo llevado a la SEMEFO. <a href=\"https:\/\/t.co\/6Or139cEMr\">pic.twitter.com\/6Or139cEMr<\/a><\/p>&mdash; Hiram Hurtado (@ehiramhurtado) <a href=\"https:\/\/twitter.com\/ehiramhurtado\/status\/1904624087143448759?ref_src=twsrc%5Etfw\">March 25, 2025<\/a><\/blockquote><script async src=\"https:\/\/platform.twitter.com\/widgets.js\" charset=\"utf-8\"><\/script>\n<\/div><\/figure>\n\n\n\n<p>El lamentable incidente sucedi\u00f3 en la colonia Atasta, cuando un trabajador, dedicado a labores de pintura, perdi\u00f3 la vida tras recibir una descarga al tocar cables de alta tensi\u00f3n. Minutos despu\u00e9s, empleados de las funerarias &#8220;Sagrado Coraz\u00f3n&#8221; y &#8220;Los \u00c1ngeles&#8221; llegaron al lugar para disputarse agresivamente el cuerpo del fallecido, pasando r\u00e1pidamente de palabras a golpes frente a testigos incr\u00e9dulos.<\/p>\n\n\n\n<p>Lo m\u00e1s escandaloso del caso es que la ri\u00f1a ocurri\u00f3 en presencia de polic\u00edas municipales que, lejos de mediar oportunamente, permitieron inicialmente que el conflicto escalara a amenazas, golpes e incluso agresiones con arma blanca. Conflicto funerario en Tabasco<\/p>\n\n\n\n<p><strong>Intervenci\u00f3n policial tard\u00eda y traslado al SEMEFO<\/strong><br>Finalmente, tras varios minutos de caos, ambos trabajadores funerarios fueron detenidos por las autoridades. El cuerpo del fallecido fue trasladado al Servicio M\u00e9dico Forense (SEMEFO) mientras contin\u00faan las investigaciones del caso.<\/p>\n\n\n\n<p>Este incidente ha causado gran indignaci\u00f3n entre los habitantes de la zona, quienes exigen que se regulen de manera estricta las pr\u00e1cticas comerciales de las funerarias, as\u00ed como una actuaci\u00f3n responsable y efectiva por parte de las autoridades policiales.<\/p>\n\n\n\n<p>Regulaci\u00f3n de funerarias y exigencias ciudadanas han vuelto al centro del debate tras los hechos acontecidos.<\/p>\n\n\n\n<p><strong>Antecedentes y contexto nacional<\/strong><br>Este tipo de enfrentamientos entre funerarias, aunque inusuales, no son casos aislados en M\u00e9xico. La competencia desleal entre casas funerarias ha sido denunciada en diversas ocasiones por familiares de fallecidos y por asociaciones del ramo. En 2018, la Procuradur\u00eda Federal del Consumidor (Profeco) se\u00f1al\u00f3 que exist\u00edan pr\u00e1cticas agresivas y poco \u00e9ticas en al menos 10 entidades del pa\u00eds, especialmente en situaciones de muerte repentina, donde los empleados de funerarias llegan incluso antes que los servicios de emergencia para captar clientes.<\/p>\n\n\n\n<p>En cuanto a la regulaci\u00f3n, la Ley General de Salud y los reglamentos municipales otorgan licencias a las funerarias, pero no existe una normativa federal espec\u00edfica que regule la forma en que estas empresas deben actuar en el levantamiento de cuerpos. Esto ha generado vac\u00edos legales que permiten este tipo de disputas. Algunas legislaturas locales, como la de Jalisco y Ciudad de M\u00e9xico, han intentado endurecer la normativa, pero a\u00fan sin un marco legal uniforme a nivel nacional.<\/p>\n\n\n\n<p>Vac\u00edos legales y falta de regulaci\u00f3n federal han sido se\u00f1alados como factores clave para la ocurrencia de estos incidentes.<\/p>\n\n\n\n<p><strong>Desconfianza ciudadana hacia la polic\u00eda en Tabasco<\/strong><br>Respecto a la actuaci\u00f3n policial, Tabasco ha sido se\u00f1alado en reiteradas ocasiones por deficiencias en el actuar de sus cuerpos de seguridad. De acuerdo con la Encuesta Nacional de Seguridad P\u00fablica Urbana (ENSU) del INEGI publicada en diciembre de 2024, el 67.9% de los habitantes de Villahermosa manifest\u00f3 desconfianza hacia la polic\u00eda municipal, principalmente por su inacci\u00f3n y presunta colusi\u00f3n con actores privados.<\/p>\n\n\n\n<p>El incidente ha reavivado el debate sobre la necesidad de reformar la normatividad funeraria, as\u00ed como mejorar los protocolos de intervenci\u00f3n de la polic\u00eda en situaciones de crisis p\u00fablica.<\/p>\n\n\n\n<p>El debate sobre la seguridad p\u00fablica y el control normativo funerario contin\u00faa creciendo a ra\u00edz de estos hechos.<\/p>\n","protected":false},"excerpt":{"rendered":"<p>El colmo: violencia entre funerarias y omisi\u00f3n policial reactivan exigencias por regulaci\u00f3n legal y mejores protocolos de actuaci\u00f3n en Tabasco En un hecho ins\u00f3lito ocurrido en Villahermosa, Tabasco, empleados de dos funerarias protagonizaron una violenta pelea por obtener el servicio funerario de un hombre que falleci\u00f3 electrocutado. El lamentable incidente sucedi\u00f3 en la colonia Atasta, [&hellip;]<\/p>\n","protected":false},"author":7,"featured_media":104727,"comment_status":"open","ping_status":"open","sticky":false,"template":"","format":"standard","meta":{"tdm_status":"","tdm_grid_status":"","footnotes":""},"categories":[40],"tags":[],"class_list":{"0":"post-104726","1":"post","2":"type-post","3":"status-publish","4":"format-standard","5":"has-post-thumbnail","7":"category-las-asombrosas"},"yoast_head":"<!-- This site is optimized with the Yoast SEO plugin v27.5 - https:\/\/yoast.com\/product\/yoast-seo-wordpress\/ -->\n<title>VIDEO | El colmo: empleados de funerarias pelean por un &#039;muertito&#039; en Villahermosa - Fuentes Fidedignas<\/title>\n<meta name=\"robots\" content=\"index, follow, max-snippet:-1, max-image-preview:large, max-video-preview:-1\" \/>\n<link rel=\"canonical\" href=\"https:\/\/fuentesfidedignas.com.mx\/index.php\/2025\/03\/26\/video-el-colmo-empleados-de-funerarias-pelean-por-un-muertito-en-villahermosa\/\" \/>\n<meta property=\"og:locale\" content=\"es_MX\" \/>\n<meta property=\"og:type\" content=\"article\" \/>\n<meta property=\"og:title\" content=\"VIDEO | El colmo: empleados de funerarias pelean por un &#039;muertito&#039; en Villahermosa - Fuentes Fidedignas\" \/>\n<meta property=\"og:description\" content=\"El colmo: violencia entre funerarias y omisi\u00f3n policial reactivan exigencias por regulaci\u00f3n legal y mejores protocolos de actuaci\u00f3n en Tabasco En un hecho ins\u00f3lito ocurrido en Villahermosa, Tabasco, empleados de dos funerarias protagonizaron una violenta pelea por obtener el servicio funerario de un hombre que falleci\u00f3 electrocutado. El lamentable incidente sucedi\u00f3 en la colonia Atasta, [&hellip;]\" \/>\n<meta property=\"og:url\" content=\"https:\/\/fuentesfidedignas.com.mx\/index.php\/2025\/03\/26\/video-el-colmo-empleados-de-funerarias-pelean-por-un-muertito-en-villahermosa\/\" \/>\n<meta property=\"og:site_name\" content=\"Fuentes Fidedignas\" \/>\n<meta property=\"article:publisher\" content=\"https:\/\/www.facebook.com\/Fuentes-Fidedignas-368234489921644\" \/>\n<meta property=\"article:published_time\" content=\"2025-03-26T11:14:00+00:00\" \/>\n<meta property=\"og:image\" content=\"https:\/\/fuentesfidedignas.com.mx\/wp-content\/uploads\/2025\/03\/agentes_funerarios.jpg\" \/>\n\t<meta property=\"og:image:width\" content=\"600\" \/>\n\t<meta property=\"og:image:height\" content=\"336\" \/>\n\t<meta property=\"og:image:type\" content=\"image\/jpeg\" \/>\n<meta name=\"author\" content=\"Exc\u00e9lsior\" \/>\n<meta name=\"twitter:card\" content=\"summary_large_image\" \/>\n<meta name=\"twitter:creator\" content=\"@fidedignas\" \/>\n<meta name=\"twitter:site\" content=\"@fidedignas\" \/>\n<meta name=\"twitter:label1\" content=\"Escrito por\" \/>\n\t<meta name=\"twitter:data1\" content=\"Exc\u00e9lsior\" \/>\n\t<meta name=\"twitter:label2\" content=\"Tiempo de lectura\" \/>\n\t<meta name=\"twitter:data2\" content=\"3 minutos\" \/>\n<script type=\"application\/ld+json\" class=\"yoast-schema-graph\">{\"@context\":\"https:\\\/\\\/schema.org\",\"@graph\":[{\"@type\":\"Article\",\"@id\":\"https:\\\/\\\/fuentesfidedignas.com.mx\\\/index.php\\\/2025\\\/03\\\/26\\\/video-el-colmo-empleados-de-funerarias-pelean-por-un-muertito-en-villahermosa\\\/#article\",\"isPartOf\":{\"@id\":\"https:\\\/\\\/fuentesfidedignas.com.mx\\\/index.php\\\/2025\\\/03\\\/26\\\/video-el-colmo-empleados-de-funerarias-pelean-por-un-muertito-en-villahermosa\\\/\"},\"author\":{\"name\":\"Exc\u00e9lsior\",\"@id\":\"https:\\\/\\\/fuentesfidedignas.com.mx\\\/#\\\/schema\\\/person\\\/ec4edd1fbf5efa3e44fce34fe2787780\"},\"headline\":\"VIDEO | El colmo: empleados de funerarias pelean por un &#8216;muertito&#8217; en Villahermosa\",\"datePublished\":\"2025-03-26T11:14:00+00:00\",\"mainEntityOfPage\":{\"@id\":\"https:\\\/\\\/fuentesfidedignas.com.mx\\\/index.php\\\/2025\\\/03\\\/26\\\/video-el-colmo-empleados-de-funerarias-pelean-por-un-muertito-en-villahermosa\\\/\"},\"wordCount\":597,\"commentCount\":0,\"publisher\":{\"@id\":\"https:\\\/\\\/fuentesfidedignas.com.mx\\\/#organization\"},\"image\":{\"@id\":\"https:\\\/\\\/fuentesfidedignas.com.mx\\\/index.php\\\/2025\\\/03\\\/26\\\/video-el-colmo-empleados-de-funerarias-pelean-por-un-muertito-en-villahermosa\\\/#primaryimage\"},\"thumbnailUrl\":\"https:\\\/\\\/fuentesfidedignas.com.mx\\\/wp-content\\\/uploads\\\/2025\\\/03\\\/agentes_funerarios.jpg\",\"articleSection\":[\"LAS ASOMBROSAS\"],\"inLanguage\":\"es\",\"potentialAction\":[{\"@type\":\"CommentAction\",\"name\":\"Comment\",\"target\":[\"https:\\\/\\\/fuentesfidedignas.com.mx\\\/index.php\\\/2025\\\/03\\\/26\\\/video-el-colmo-empleados-de-funerarias-pelean-por-un-muertito-en-villahermosa\\\/#respond\"]}]},{\"@type\":\"WebPage\",\"@id\":\"https:\\\/\\\/fuentesfidedignas.com.mx\\\/index.php\\\/2025\\\/03\\\/26\\\/video-el-colmo-empleados-de-funerarias-pelean-por-un-muertito-en-villahermosa\\\/\",\"url\":\"https:\\\/\\\/fuentesfidedignas.com.mx\\\/index.php\\\/2025\\\/03\\\/26\\\/video-el-colmo-empleados-de-funerarias-pelean-por-un-muertito-en-villahermosa\\\/\",\"name\":\"VIDEO | El colmo: empleados de funerarias pelean por un 'muertito' en Villahermosa - Fuentes Fidedignas\",\"isPartOf\":{\"@id\":\"https:\\\/\\\/fuentesfidedignas.com.mx\\\/#website\"},\"primaryImageOfPage\":{\"@id\":\"https:\\\/\\\/fuentesfidedignas.com.mx\\\/index.php\\\/2025\\\/03\\\/26\\\/video-el-colmo-empleados-de-funerarias-pelean-por-un-muertito-en-villahermosa\\\/#primaryimage\"},\"image\":{\"@id\":\"https:\\\/\\\/fuentesfidedignas.com.mx\\\/index.php\\\/2025\\\/03\\\/26\\\/video-el-colmo-empleados-de-funerarias-pelean-por-un-muertito-en-villahermosa\\\/#primaryimage\"},\"thumbnailUrl\":\"https:\\\/\\\/fuentesfidedignas.com.mx\\\/wp-content\\\/uploads\\\/2025\\\/03\\\/agentes_funerarios.jpg\",\"datePublished\":\"2025-03-26T11:14:00+00:00\",\"breadcrumb\":{\"@id\":\"https:\\\/\\\/fuentesfidedignas.com.mx\\\/index.php\\\/2025\\\/03\\\/26\\\/video-el-colmo-empleados-de-funerarias-pelean-por-un-muertito-en-villahermosa\\\/#breadcrumb\"},\"inLanguage\":\"es\",\"potentialAction\":[{\"@type\":\"ReadAction\",\"target\":[\"https:\\\/\\\/fuentesfidedignas.com.mx\\\/index.php\\\/2025\\\/03\\\/26\\\/video-el-colmo-empleados-de-funerarias-pelean-por-un-muertito-en-villahermosa\\\/\"]}]},{\"@type\":\"ImageObject\",\"inLanguage\":\"es\",\"@id\":\"https:\\\/\\\/fuentesfidedignas.com.mx\\\/index.php\\\/2025\\\/03\\\/26\\\/video-el-colmo-empleados-de-funerarias-pelean-por-un-muertito-en-villahermosa\\\/#primaryimage\",\"url\":\"https:\\\/\\\/fuentesfidedignas.com.mx\\\/wp-content\\\/uploads\\\/2025\\\/03\\\/agentes_funerarios.jpg\",\"contentUrl\":\"https:\\\/\\\/fuentesfidedignas.com.mx\\\/wp-content\\\/uploads\\\/2025\\\/03\\\/agentes_funerarios.jpg\",\"width\":600,\"height\":336},{\"@type\":\"BreadcrumbList\",\"@id\":\"https:\\\/\\\/fuentesfidedignas.com.mx\\\/index.php\\\/2025\\\/03\\\/26\\\/video-el-colmo-empleados-de-funerarias-pelean-por-un-muertito-en-villahermosa\\\/#breadcrumb\",\"itemListElement\":[{\"@type\":\"ListItem\",\"position\":1,\"name\":\"Inicio\",\"item\":\"https:\\\/\\\/fuentesfidedignas.com.mx\\\/\"},{\"@type\":\"ListItem\",\"position\":2,\"name\":\"VIDEO | El colmo: empleados de funerarias pelean por un &#8216;muertito&#8217; en Villahermosa\"}]},{\"@type\":\"WebSite\",\"@id\":\"https:\\\/\\\/fuentesfidedignas.com.mx\\\/#website\",\"url\":\"https:\\\/\\\/fuentesfidedignas.com.mx\\\/\",\"name\":\"Fuentes Fidedignas\",\"description\":\"Otro sitio realizado con WordPress\",\"publisher\":{\"@id\":\"https:\\\/\\\/fuentesfidedignas.com.mx\\\/#organization\"},\"potentialAction\":[{\"@type\":\"SearchAction\",\"target\":{\"@type\":\"EntryPoint\",\"urlTemplate\":\"https:\\\/\\\/fuentesfidedignas.com.mx\\\/?s={search_term_string}\"},\"query-input\":{\"@type\":\"PropertyValueSpecification\",\"valueRequired\":true,\"valueName\":\"search_term_string\"}}],\"inLanguage\":\"es\"},{\"@type\":\"Organization\",\"@id\":\"https:\\\/\\\/fuentesfidedignas.com.mx\\\/#organization\",\"name\":\"Fuentes Fidedignas\",\"url\":\"https:\\\/\\\/fuentesfidedignas.com.mx\\\/\",\"logo\":{\"@type\":\"ImageObject\",\"inLanguage\":\"es\",\"@id\":\"https:\\\/\\\/fuentesfidedignas.com.mx\\\/#\\\/schema\\\/logo\\\/image\\\/\",\"url\":\"https:\\\/\\\/fuentesfidedignas.com.mx\\\/wp-content\\\/uploads\\\/2021\\\/04\\\/logo-retina.png\",\"contentUrl\":\"https:\\\/\\\/fuentesfidedignas.com.mx\\\/wp-content\\\/uploads\\\/2021\\\/04\\\/logo-retina.png\",\"width\":280,\"height\":51,\"caption\":\"Fuentes Fidedignas\"},\"image\":{\"@id\":\"https:\\\/\\\/fuentesfidedignas.com.mx\\\/#\\\/schema\\\/logo\\\/image\\\/\"},\"sameAs\":[\"https:\\\/\\\/www.facebook.com\\\/Fuentes-Fidedignas-368234489921644\",\"https:\\\/\\\/x.com\\\/fidedignas\"]},{\"@type\":\"Person\",\"@id\":\"https:\\\/\\\/fuentesfidedignas.com.mx\\\/#\\\/schema\\\/person\\\/ec4edd1fbf5efa3e44fce34fe2787780\",\"name\":\"Exc\u00e9lsior\",\"image\":{\"@type\":\"ImageObject\",\"inLanguage\":\"es\",\"@id\":\"https:\\\/\\\/secure.gravatar.com\\\/avatar\\\/4b7ee9206b48be08447852b3f0814dbc7c0f3b51541b164f1464a2725614020b?s=96&d=mm&r=g\",\"url\":\"https:\\\/\\\/secure.gravatar.com\\\/avatar\\\/4b7ee9206b48be08447852b3f0814dbc7c0f3b51541b164f1464a2725614020b?s=96&d=mm&r=g\",\"contentUrl\":\"https:\\\/\\\/secure.gravatar.com\\\/avatar\\\/4b7ee9206b48be08447852b3f0814dbc7c0f3b51541b164f1464a2725614020b?s=96&d=mm&r=g\",\"caption\":\"Exc\u00e9lsior\"},\"url\":\"https:\\\/\\\/fuentesfidedignas.com.mx\\\/index.php\\\/author\\\/excelsior\\\/\"}]}<\/script>\n<!-- \/ Yoast SEO plugin. -->","yoast_head_json":{"title":"VIDEO | El colmo: empleados de funerarias pelean por un 'muertito' en Villahermosa - Fuentes Fidedignas","robots":{"index":"index","follow":"follow","max-snippet":"max-snippet:-1","max-image-preview":"max-image-preview:large","max-video-preview":"max-video-preview:-1"},"canonical":"https:\/\/fuentesfidedignas.com.mx\/index.php\/2025\/03\/26\/video-el-colmo-empleados-de-funerarias-pelean-por-un-muertito-en-villahermosa\/","og_locale":"es_MX","og_type":"article","og_title":"VIDEO | El colmo: empleados de funerarias pelean por un 'muertito' en Villahermosa - Fuentes Fidedignas","og_description":"El colmo: violencia entre funerarias y omisi\u00f3n policial reactivan exigencias por regulaci\u00f3n legal y mejores protocolos de actuaci\u00f3n en Tabasco En un hecho ins\u00f3lito ocurrido en Villahermosa, Tabasco, empleados de dos funerarias protagonizaron una violenta pelea por obtener el servicio funerario de un hombre que falleci\u00f3 electrocutado. El lamentable incidente sucedi\u00f3 en la colonia Atasta, [&hellip;]","og_url":"https:\/\/fuentesfidedignas.com.mx\/index.php\/2025\/03\/26\/video-el-colmo-empleados-de-funerarias-pelean-por-un-muertito-en-villahermosa\/","og_site_name":"Fuentes Fidedignas","article_publisher":"https:\/\/www.facebook.com\/Fuentes-Fidedignas-368234489921644","article_published_time":"2025-03-26T11:14:00+00:00","og_image":[{"width":600,"height":336,"url":"https:\/\/fuentesfidedignas.com.mx\/wp-content\/uploads\/2025\/03\/agentes_funerarios.jpg","type":"image\/jpeg"}],"author":"Exc\u00e9lsior","twitter_card":"summary_large_image","twitter_creator":"@fidedignas","twitter_site":"@fidedignas","twitter_misc":{"Escrito por":"Exc\u00e9lsior","Tiempo de lectura":"3 minutos"},"schema":{"@context":"https:\/\/schema.org","@graph":[{"@type":"Article","@id":"https:\/\/fuentesfidedignas.com.mx\/index.php\/2025\/03\/26\/video-el-colmo-empleados-de-funerarias-pelean-por-un-muertito-en-villahermosa\/#article","isPartOf":{"@id":"https:\/\/fuentesfidedignas.com.mx\/index.php\/2025\/03\/26\/video-el-colmo-empleados-de-funerarias-pelean-por-un-muertito-en-villahermosa\/"},"author":{"name":"Exc\u00e9lsior","@id":"https:\/\/fuentesfidedignas.com.mx\/#\/schema\/person\/ec4edd1fbf5efa3e44fce34fe2787780"},"headline":"VIDEO | El colmo: empleados de funerarias pelean por un &#8216;muertito&#8217; en Villahermosa","datePublished":"2025-03-26T11:14:00+00:00","mainEntityOfPage":{"@id":"https:\/\/fuentesfidedignas.com.mx\/index.php\/2025\/03\/26\/video-el-colmo-empleados-de-funerarias-pelean-por-un-muertito-en-villahermosa\/"},"wordCount":597,"commentCount":0,"publisher":{"@id":"https:\/\/fuentesfidedignas.com.mx\/#organization"},"image":{"@id":"https:\/\/fuentesfidedignas.com.mx\/index.php\/2025\/03\/26\/video-el-colmo-empleados-de-funerarias-pelean-por-un-muertito-en-villahermosa\/#primaryimage"},"thumbnailUrl":"https:\/\/fuentesfidedignas.com.mx\/wp-content\/uploads\/2025\/03\/agentes_funerarios.jpg","articleSection":["LAS ASOMBROSAS"],"inLanguage":"es","potentialAction":[{"@type":"CommentAction","name":"Comment","target":["https:\/\/fuentesfidedignas.com.mx\/index.php\/2025\/03\/26\/video-el-colmo-empleados-de-funerarias-pelean-por-un-muertito-en-villahermosa\/#respond"]}]},{"@type":"WebPage","@id":"https:\/\/fuentesfidedignas.com.mx\/index.php\/2025\/03\/26\/video-el-colmo-empleados-de-funerarias-pelean-por-un-muertito-en-villahermosa\/","url":"https:\/\/fuentesfidedignas.com.mx\/index.php\/2025\/03\/26\/video-el-colmo-empleados-de-funerarias-pelean-por-un-muertito-en-villahermosa\/","name":"VIDEO | El colmo: empleados de funerarias pelean por un 'muertito' en Villahermosa - Fuentes Fidedignas","isPartOf":{"@id":"https:\/\/fuentesfidedignas.com.mx\/#website"},"primaryImageOfPage":{"@id":"https:\/\/fuentesfidedignas.com.mx\/index.php\/2025\/03\/26\/video-el-colmo-empleados-de-funerarias-pelean-por-un-muertito-en-villahermosa\/#primaryimage"},"image":{"@id":"https:\/\/fuentesfidedignas.com.mx\/index.php\/2025\/03\/26\/video-el-colmo-empleados-de-funerarias-pelean-por-un-muertito-en-villahermosa\/#primaryimage"},"thumbnailUrl":"https:\/\/fuentesfidedignas.com.mx\/wp-content\/uploads\/2025\/03\/agentes_funerarios.jpg","datePublished":"2025-03-26T11:14:00+00:00","breadcrumb":{"@id":"https:\/\/fuentesfidedignas.com.mx\/index.php\/2025\/03\/26\/video-el-colmo-empleados-de-funerarias-pelean-por-un-muertito-en-villahermosa\/#breadcrumb"},"inLanguage":"es","potentialAction":[{"@type":"ReadAction","target":["https:\/\/fuentesfidedignas.com.mx\/index.php\/2025\/03\/26\/video-el-colmo-empleados-de-funerarias-pelean-por-un-muertito-en-villahermosa\/"]}]},{"@type":"ImageObject","inLanguage":"es","@id":"https:\/\/fuentesfidedignas.com.mx\/index.php\/2025\/03\/26\/video-el-colmo-empleados-de-funerarias-pelean-por-un-muertito-en-villahermosa\/#primaryimage","url":"https:\/\/fuentesfidedignas.com.mx\/wp-content\/uploads\/2025\/03\/agentes_funerarios.jpg","contentUrl":"https:\/\/fuentesfidedignas.com.mx\/wp-content\/uploads\/2025\/03\/agentes_funerarios.jpg","width":600,"height":336},{"@type":"BreadcrumbList","@id":"https:\/\/fuentesfidedignas.com.mx\/index.php\/2025\/03\/26\/video-el-colmo-empleados-de-funerarias-pelean-por-un-muertito-en-villahermosa\/#breadcrumb","itemListElement":[{"@type":"ListItem","position":1,"name":"Inicio","item":"https:\/\/fuentesfidedignas.com.mx\/"},{"@type":"ListItem","position":2,"name":"VIDEO | El colmo: empleados de funerarias pelean por un &#8216;muertito&#8217; en Villahermosa"}]},{"@type":"WebSite","@id":"https:\/\/fuentesfidedignas.com.mx\/#website","url":"https:\/\/fuentesfidedignas.com.mx\/","name":"Fuentes Fidedignas","description":"Otro sitio realizado con WordPress","publisher":{"@id":"https:\/\/fuentesfidedignas.com.mx\/#organization"},"potentialAction":[{"@type":"SearchAction","target":{"@type":"EntryPoint","urlTemplate":"https:\/\/fuentesfidedignas.com.mx\/?s={search_term_string}"},"query-input":{"@type":"PropertyValueSpecification","valueRequired":true,"valueName":"search_term_string"}}],"inLanguage":"es"},{"@type":"Organization","@id":"https:\/\/fuentesfidedignas.com.mx\/#organization","name":"Fuentes Fidedignas","url":"https:\/\/fuentesfidedignas.com.mx\/","logo":{"@type":"ImageObject","inLanguage":"es","@id":"https:\/\/fuentesfidedignas.com.mx\/#\/schema\/logo\/image\/","url":"https:\/\/fuentesfidedignas.com.mx\/wp-content\/uploads\/2021\/04\/logo-retina.png","contentUrl":"https:\/\/fuentesfidedignas.com.mx\/wp-content\/uploads\/2021\/04\/logo-retina.png","width":280,"height":51,"caption":"Fuentes Fidedignas"},"image":{"@id":"https:\/\/fuentesfidedignas.com.mx\/#\/schema\/logo\/image\/"},"sameAs":["https:\/\/www.facebook.com\/Fuentes-Fidedignas-368234489921644","https:\/\/x.com\/fidedignas"]},{"@type":"Person","@id":"https:\/\/fuentesfidedignas.com.mx\/#\/schema\/person\/ec4edd1fbf5efa3e44fce34fe2787780","name":"Exc\u00e9lsior","image":{"@type":"ImageObject","inLanguage":"es","@id":"https:\/\/secure.gravatar.com\/avatar\/4b7ee9206b48be08447852b3f0814dbc7c0f3b51541b164f1464a2725614020b?s=96&d=mm&r=g","url":"https:\/\/secure.gravatar.com\/avatar\/4b7ee9206b48be08447852b3f0814dbc7c0f3b51541b164f1464a2725614020b?s=96&d=mm&r=g","contentUrl":"https:\/\/secure.gravatar.com\/avatar\/4b7ee9206b48be08447852b3f0814dbc7c0f3b51541b164f1464a2725614020b?s=96&d=mm&r=g","caption":"Exc\u00e9lsior"},"url":"https:\/\/fuentesfidedignas.com.mx\/index.php\/author\/excelsior\/"}]}},"_links":{"self":[{"href":"https:\/\/fuentesfidedignas.com.mx\/index.php\/wp-json\/wp\/v2\/posts\/104726","targetHints":{"allow":["GET"]}}],"collection":[{"href":"https:\/\/fuentesfidedignas.com.mx\/index.php\/wp-json\/wp\/v2\/posts"}],"about":[{"href":"https:\/\/fuentesfidedignas.com.mx\/index.php\/wp-json\/wp\/v2\/types\/post"}],"author":[{"embeddable":true,"href":"https:\/\/fuentesfidedignas.com.mx\/index.php\/wp-json\/wp\/v2\/users\/7"}],"replies":[{"embeddable":true,"href":"https:\/\/fuentesfidedignas.com.mx\/index.php\/wp-json\/wp\/v2\/comments?post=104726"}],"version-history":[{"count":1,"href":"https:\/\/fuentesfidedignas.com.mx\/index.php\/wp-json\/wp\/v2\/posts\/104726\/revisions"}],"predecessor-version":[{"id":104728,"href":"https:\/\/fuentesfidedignas.com.mx\/index.php\/wp-json\/wp\/v2\/posts\/104726\/revisions\/104728"}],"wp:featuredmedia":[{"embeddable":true,"href":"https:\/\/fuentesfidedignas.com.mx\/index.php\/wp-json\/wp\/v2\/media\/104727"}],"wp:attachment":[{"href":"https:\/\/fuentesfidedignas.com.mx\/index.php\/wp-json\/wp\/v2\/media?parent=104726"}],"wp:term":[{"taxonomy":"category","embeddable":true,"href":"https:\/\/fuentesfidedignas.com.mx\/index.php\/wp-json\/wp\/v2\/categories?post=104726"},{"taxonomy":"post_tag","embeddable":true,"href":"https:\/\/fuentesfidedignas.com.mx\/index.php\/wp-json\/wp\/v2\/tags?post=104726"}],"curies":[{"name":"wp","href":"https:\/\/api.w.org\/{rel}","templated":true}]}}