{"id":104714,"date":"2025-03-25T16:00:00","date_gmt":"2025-03-25T23:00:00","guid":{"rendered":"https:\/\/fuentesfidedignas.com.mx\/?p=104714"},"modified":"2025-03-25T17:03:28","modified_gmt":"2025-03-26T00:03:28","slug":"diputados-declaran-improcedente-solicitud-de-desafuero-a-cuauhtemoc-blanco","status":"publish","type":"post","link":"https:\/\/fuentesfidedignas.com.mx\/index.php\/2025\/03\/25\/diputados-declaran-improcedente-solicitud-de-desafuero-a-cuauhtemoc-blanco\/","title":{"rendered":"Diputados declaran improcedente solicitud de desafuero a Cuauht\u00e9moc Blanco"},"content":{"rendered":"\n<p><strong><em>El Pleno de la C\u00e1mara de Diputados declar\u00f3 improcedente la solicitud de desafuero contra Cuauht\u00e9moc Blanco, se\u00f1alado de abuso sexual<\/em><\/strong><\/p>\n\n\n\n<p>La C\u00e1mara de Diputados declar\u00f3 improcedente la solicitud de desafuero contra Cuauht\u00e9moc Blanco, se\u00f1alado de abuso sexual.<\/p>\n\n\n\n<p>Con 291 votos a favor, 158 en contra y 12 abstenciones el Pleno aprob\u00f3 el dictamen de la Secci\u00f3n Instructora, que hab\u00eda desechado el asunto.&#8221;<\/p>\n\n\n\n<p>Se declara notoriamente improcedente la solicitud para que se retire el fuero constitucional a Cuauht\u00e9moc Blanco Bravo\u201d, inform\u00f3 la C\u00e1mara de Diputados.<\/p>\n\n\n\n<p>Durante la discusi\u00f3n del asunto, cuando Cuauht\u00e9moc Blanco tom\u00f3 la palabra para negar la acusaci\u00f3n en su contra, diputadas por Morena tomaron la tribuna para externarle su apoyo al grito de \u201c\u00a1no est\u00e1s solo!\u201d.<\/p>\n\n\n\n<figure class=\"wp-block-embed is-type-rich is-provider-twitter wp-block-embed-twitter\"><div class=\"wp-block-embed__wrapper\">\n<blockquote class=\"twitter-tweet\" data-width=\"550\" data-dnt=\"true\"><p lang=\"es\" dir=\"ltr\">Joaqu\u00edn L\u00f3pez-D\u00f3riga (<a href=\"https:\/\/twitter.com\/lopezdoriga?ref_src=twsrc%5Etfw\">@lopezdoriga<\/a>) reacciona al apoyo que recibi\u00f3 Cuauht\u00e9moc Blanco tras subir a tribuna en plena sesi\u00f3n de desafuero: \u201cLo m\u00e1s triste es o\u00edr ese coro de mujeres decir \u2018no est\u00e1s solo\u00b4\u201d. <a href=\"https:\/\/twitter.com\/hashtag\/F%C3%B3rmulaNoticias?src=hash&amp;ref_src=twsrc%5Etfw\">#F\u00f3rmulaNoticias<\/a> <a href=\"https:\/\/t.co\/24xKGzzIzi\">pic.twitter.com\/24xKGzzIzi<\/a><\/p>&mdash; Grupo F\u00f3rmula (@Radio_Formula) <a href=\"https:\/\/twitter.com\/Radio_Formula\/status\/1904633931267203314?ref_src=twsrc%5Etfw\">March 25, 2025<\/a><\/blockquote><script async src=\"https:\/\/platform.twitter.com\/widgets.js\" charset=\"utf-8\"><\/script>\n<\/div><\/figure>\n\n\n\n<p>Dicha acci\u00f3n fue condenada por la diputada morenista Mar\u00eda Teresa Ealy, quien sentenci\u00f3 que \u201cen la historia quedar\u00e1 su traici\u00f3n\u201d.<\/p>\n\n\n\n<p>&#8220;Es verdaderamente indignante que mujeres as\u00ed nos representen, representen a las mujeres, va a quedar en la historia de traici\u00f3n que est\u00e1n haciendo con este voto a favor\u201d, dijo entrevista con Joaqu\u00ednL\u00f3pez-D\u00f3riga para Radio F\u00f3rmula.<\/p>\n\n\n\n<p>La legisladora acus\u00f3 adem\u00e1s que se ha violentado a algunas diputadas a favor de que se investigue a Cuauht\u00e9moc Blanco.<\/p>\n\n\n\n<p>&#8220;\u00c9l se ofreci\u00f3 a acudir a la Fiscal\u00eda, sin embargo, yo lo invit\u00e9 a renunciar al fuero (\u2026) Es indigente como mujeres no es tema de partidos pol\u00edticos, es tema de una causa de la justicia, y vamos a pasar a la historia como unas traidoras\u201d, insisti\u00f3.<\/p>\n","protected":false},"excerpt":{"rendered":"<p>El Pleno de la C\u00e1mara de Diputados declar\u00f3 improcedente la solicitud de desafuero contra Cuauht\u00e9moc Blanco, se\u00f1alado de abuso sexual La C\u00e1mara de Diputados declar\u00f3 improcedente la solicitud de desafuero contra Cuauht\u00e9moc Blanco, se\u00f1alado de abuso sexual. Con 291 votos a favor, 158 en contra y 12 abstenciones el Pleno aprob\u00f3 el dictamen de la [&hellip;]<\/p>\n","protected":false},"author":47,"featured_media":104715,"comment_status":"open","ping_status":"open","sticky":false,"template":"","format":"standard","meta":{"tdm_status":"","tdm_grid_status":"","footnotes":""},"categories":[39],"tags":[],"class_list":{"0":"post-104714","1":"post","2":"type-post","3":"status-publish","4":"format-standard","5":"has-post-thumbnail","7":"category-noticias-nacionales"},"yoast_head":"<!-- This site is optimized with the Yoast SEO plugin v27.4 - https:\/\/yoast.com\/product\/yoast-seo-wordpress\/ -->\n<title>Diputados declaran improcedente solicitud de desafuero a Cuauht\u00e9moc Blanco - Fuentes Fidedignas<\/title>\n<meta name=\"robots\" content=\"index, follow, max-snippet:-1, max-image-preview:large, max-video-preview:-1\" \/>\n<link rel=\"canonical\" href=\"https:\/\/fuentesfidedignas.com.mx\/index.php\/2025\/03\/25\/diputados-declaran-improcedente-solicitud-de-desafuero-a-cuauhtemoc-blanco\/\" \/>\n<meta property=\"og:locale\" content=\"es_MX\" \/>\n<meta property=\"og:type\" content=\"article\" \/>\n<meta property=\"og:title\" content=\"Diputados declaran improcedente solicitud de desafuero a Cuauht\u00e9moc Blanco - Fuentes Fidedignas\" \/>\n<meta property=\"og:description\" content=\"El Pleno de la C\u00e1mara de Diputados declar\u00f3 improcedente la solicitud de desafuero contra Cuauht\u00e9moc Blanco, se\u00f1alado de abuso sexual La C\u00e1mara de Diputados declar\u00f3 improcedente la solicitud de desafuero contra Cuauht\u00e9moc Blanco, se\u00f1alado de abuso sexual. Con 291 votos a favor, 158 en contra y 12 abstenciones el Pleno aprob\u00f3 el dictamen de la [&hellip;]\" \/>\n<meta property=\"og:url\" content=\"https:\/\/fuentesfidedignas.com.mx\/index.php\/2025\/03\/25\/diputados-declaran-improcedente-solicitud-de-desafuero-a-cuauhtemoc-blanco\/\" \/>\n<meta property=\"og:site_name\" content=\"Fuentes Fidedignas\" \/>\n<meta property=\"article:publisher\" content=\"https:\/\/www.facebook.com\/Fuentes-Fidedignas-368234489921644\" \/>\n<meta property=\"article:published_time\" content=\"2025-03-25T23:00:00+00:00\" \/>\n<meta property=\"article:modified_time\" content=\"2025-03-26T00:03:28+00:00\" \/>\n<meta property=\"og:image\" content=\"https:\/\/fuentesfidedignas.com.mx\/wp-content\/uploads\/2025\/03\/dsafuero_blanco.jpg\" \/>\n\t<meta property=\"og:image:width\" content=\"600\" \/>\n\t<meta property=\"og:image:height\" content=\"310\" \/>\n\t<meta property=\"og:image:type\" content=\"image\/jpeg\" \/>\n<meta name=\"author\" content=\"L\u00f3pez D\u00f3riga\" \/>\n<meta name=\"twitter:card\" content=\"summary_large_image\" \/>\n<meta name=\"twitter:creator\" content=\"@fidedignas\" \/>\n<meta name=\"twitter:site\" content=\"@fidedignas\" \/>\n<meta name=\"twitter:label1\" content=\"Escrito por\" \/>\n\t<meta name=\"twitter:data1\" content=\"L\u00f3pez D\u00f3riga\" \/>\n\t<meta name=\"twitter:label2\" content=\"Tiempo de lectura\" \/>\n\t<meta name=\"twitter:data2\" content=\"2 minutos\" \/>\n<script type=\"application\/ld+json\" class=\"yoast-schema-graph\">{\"@context\":\"https:\\\/\\\/schema.org\",\"@graph\":[{\"@type\":\"Article\",\"@id\":\"https:\\\/\\\/fuentesfidedignas.com.mx\\\/index.php\\\/2025\\\/03\\\/25\\\/diputados-declaran-improcedente-solicitud-de-desafuero-a-cuauhtemoc-blanco\\\/#article\",\"isPartOf\":{\"@id\":\"https:\\\/\\\/fuentesfidedignas.com.mx\\\/index.php\\\/2025\\\/03\\\/25\\\/diputados-declaran-improcedente-solicitud-de-desafuero-a-cuauhtemoc-blanco\\\/\"},\"author\":{\"name\":\"L\u00f3pez D\u00f3riga\",\"@id\":\"https:\\\/\\\/fuentesfidedignas.com.mx\\\/#\\\/schema\\\/person\\\/67d852f0557c8509146a4b9ddebd543a\"},\"headline\":\"Diputados declaran improcedente solicitud de desafuero a Cuauht\u00e9moc Blanco\",\"datePublished\":\"2025-03-25T23:00:00+00:00\",\"dateModified\":\"2025-03-26T00:03:28+00:00\",\"mainEntityOfPage\":{\"@id\":\"https:\\\/\\\/fuentesfidedignas.com.mx\\\/index.php\\\/2025\\\/03\\\/25\\\/diputados-declaran-improcedente-solicitud-de-desafuero-a-cuauhtemoc-blanco\\\/\"},\"wordCount\":278,\"commentCount\":0,\"publisher\":{\"@id\":\"https:\\\/\\\/fuentesfidedignas.com.mx\\\/#organization\"},\"image\":{\"@id\":\"https:\\\/\\\/fuentesfidedignas.com.mx\\\/index.php\\\/2025\\\/03\\\/25\\\/diputados-declaran-improcedente-solicitud-de-desafuero-a-cuauhtemoc-blanco\\\/#primaryimage\"},\"thumbnailUrl\":\"https:\\\/\\\/fuentesfidedignas.com.mx\\\/wp-content\\\/uploads\\\/2025\\\/03\\\/dsafuero_blanco.jpg\",\"articleSection\":[\"NOTICIAS NACIONALES\"],\"inLanguage\":\"es\",\"potentialAction\":[{\"@type\":\"CommentAction\",\"name\":\"Comment\",\"target\":[\"https:\\\/\\\/fuentesfidedignas.com.mx\\\/index.php\\\/2025\\\/03\\\/25\\\/diputados-declaran-improcedente-solicitud-de-desafuero-a-cuauhtemoc-blanco\\\/#respond\"]}]},{\"@type\":\"WebPage\",\"@id\":\"https:\\\/\\\/fuentesfidedignas.com.mx\\\/index.php\\\/2025\\\/03\\\/25\\\/diputados-declaran-improcedente-solicitud-de-desafuero-a-cuauhtemoc-blanco\\\/\",\"url\":\"https:\\\/\\\/fuentesfidedignas.com.mx\\\/index.php\\\/2025\\\/03\\\/25\\\/diputados-declaran-improcedente-solicitud-de-desafuero-a-cuauhtemoc-blanco\\\/\",\"name\":\"Diputados declaran improcedente solicitud de desafuero a Cuauht\u00e9moc Blanco - Fuentes Fidedignas\",\"isPartOf\":{\"@id\":\"https:\\\/\\\/fuentesfidedignas.com.mx\\\/#website\"},\"primaryImageOfPage\":{\"@id\":\"https:\\\/\\\/fuentesfidedignas.com.mx\\\/index.php\\\/2025\\\/03\\\/25\\\/diputados-declaran-improcedente-solicitud-de-desafuero-a-cuauhtemoc-blanco\\\/#primaryimage\"},\"image\":{\"@id\":\"https:\\\/\\\/fuentesfidedignas.com.mx\\\/index.php\\\/2025\\\/03\\\/25\\\/diputados-declaran-improcedente-solicitud-de-desafuero-a-cuauhtemoc-blanco\\\/#primaryimage\"},\"thumbnailUrl\":\"https:\\\/\\\/fuentesfidedignas.com.mx\\\/wp-content\\\/uploads\\\/2025\\\/03\\\/dsafuero_blanco.jpg\",\"datePublished\":\"2025-03-25T23:00:00+00:00\",\"dateModified\":\"2025-03-26T00:03:28+00:00\",\"breadcrumb\":{\"@id\":\"https:\\\/\\\/fuentesfidedignas.com.mx\\\/index.php\\\/2025\\\/03\\\/25\\\/diputados-declaran-improcedente-solicitud-de-desafuero-a-cuauhtemoc-blanco\\\/#breadcrumb\"},\"inLanguage\":\"es\",\"potentialAction\":[{\"@type\":\"ReadAction\",\"target\":[\"https:\\\/\\\/fuentesfidedignas.com.mx\\\/index.php\\\/2025\\\/03\\\/25\\\/diputados-declaran-improcedente-solicitud-de-desafuero-a-cuauhtemoc-blanco\\\/\"]}]},{\"@type\":\"ImageObject\",\"inLanguage\":\"es\",\"@id\":\"https:\\\/\\\/fuentesfidedignas.com.mx\\\/index.php\\\/2025\\\/03\\\/25\\\/diputados-declaran-improcedente-solicitud-de-desafuero-a-cuauhtemoc-blanco\\\/#primaryimage\",\"url\":\"https:\\\/\\\/fuentesfidedignas.com.mx\\\/wp-content\\\/uploads\\\/2025\\\/03\\\/dsafuero_blanco.jpg\",\"contentUrl\":\"https:\\\/\\\/fuentesfidedignas.com.mx\\\/wp-content\\\/uploads\\\/2025\\\/03\\\/dsafuero_blanco.jpg\",\"width\":600,\"height\":310},{\"@type\":\"BreadcrumbList\",\"@id\":\"https:\\\/\\\/fuentesfidedignas.com.mx\\\/index.php\\\/2025\\\/03\\\/25\\\/diputados-declaran-improcedente-solicitud-de-desafuero-a-cuauhtemoc-blanco\\\/#breadcrumb\",\"itemListElement\":[{\"@type\":\"ListItem\",\"position\":1,\"name\":\"Inicio\",\"item\":\"https:\\\/\\\/fuentesfidedignas.com.mx\\\/\"},{\"@type\":\"ListItem\",\"position\":2,\"name\":\"Diputados declaran improcedente solicitud de desafuero a Cuauht\u00e9moc Blanco\"}]},{\"@type\":\"WebSite\",\"@id\":\"https:\\\/\\\/fuentesfidedignas.com.mx\\\/#website\",\"url\":\"https:\\\/\\\/fuentesfidedignas.com.mx\\\/\",\"name\":\"Fuentes Fidedignas\",\"description\":\"Otro sitio realizado con WordPress\",\"publisher\":{\"@id\":\"https:\\\/\\\/fuentesfidedignas.com.mx\\\/#organization\"},\"potentialAction\":[{\"@type\":\"SearchAction\",\"target\":{\"@type\":\"EntryPoint\",\"urlTemplate\":\"https:\\\/\\\/fuentesfidedignas.com.mx\\\/?s={search_term_string}\"},\"query-input\":{\"@type\":\"PropertyValueSpecification\",\"valueRequired\":true,\"valueName\":\"search_term_string\"}}],\"inLanguage\":\"es\"},{\"@type\":\"Organization\",\"@id\":\"https:\\\/\\\/fuentesfidedignas.com.mx\\\/#organization\",\"name\":\"Fuentes Fidedignas\",\"url\":\"https:\\\/\\\/fuentesfidedignas.com.mx\\\/\",\"logo\":{\"@type\":\"ImageObject\",\"inLanguage\":\"es\",\"@id\":\"https:\\\/\\\/fuentesfidedignas.com.mx\\\/#\\\/schema\\\/logo\\\/image\\\/\",\"url\":\"https:\\\/\\\/fuentesfidedignas.com.mx\\\/wp-content\\\/uploads\\\/2021\\\/04\\\/logo-retina.png\",\"contentUrl\":\"https:\\\/\\\/fuentesfidedignas.com.mx\\\/wp-content\\\/uploads\\\/2021\\\/04\\\/logo-retina.png\",\"width\":280,\"height\":51,\"caption\":\"Fuentes Fidedignas\"},\"image\":{\"@id\":\"https:\\\/\\\/fuentesfidedignas.com.mx\\\/#\\\/schema\\\/logo\\\/image\\\/\"},\"sameAs\":[\"https:\\\/\\\/www.facebook.com\\\/Fuentes-Fidedignas-368234489921644\",\"https:\\\/\\\/x.com\\\/fidedignas\"]},{\"@type\":\"Person\",\"@id\":\"https:\\\/\\\/fuentesfidedignas.com.mx\\\/#\\\/schema\\\/person\\\/67d852f0557c8509146a4b9ddebd543a\",\"name\":\"L\u00f3pez D\u00f3riga\",\"image\":{\"@type\":\"ImageObject\",\"inLanguage\":\"es\",\"@id\":\"https:\\\/\\\/secure.gravatar.com\\\/avatar\\\/e525b06574ca18b33cded59dfe5778d6c823b9513154eff47da551b0551bdd1e?s=96&d=mm&r=g\",\"url\":\"https:\\\/\\\/secure.gravatar.com\\\/avatar\\\/e525b06574ca18b33cded59dfe5778d6c823b9513154eff47da551b0551bdd1e?s=96&d=mm&r=g\",\"contentUrl\":\"https:\\\/\\\/secure.gravatar.com\\\/avatar\\\/e525b06574ca18b33cded59dfe5778d6c823b9513154eff47da551b0551bdd1e?s=96&d=mm&r=g\",\"caption\":\"L\u00f3pez D\u00f3riga\"},\"url\":\"https:\\\/\\\/fuentesfidedignas.com.mx\\\/index.php\\\/author\\\/doriga\\\/\"}]}<\/script>\n<!-- \/ Yoast SEO plugin. -->","yoast_head_json":{"title":"Diputados declaran improcedente solicitud de desafuero a Cuauht\u00e9moc Blanco - Fuentes Fidedignas","robots":{"index":"index","follow":"follow","max-snippet":"max-snippet:-1","max-image-preview":"max-image-preview:large","max-video-preview":"max-video-preview:-1"},"canonical":"https:\/\/fuentesfidedignas.com.mx\/index.php\/2025\/03\/25\/diputados-declaran-improcedente-solicitud-de-desafuero-a-cuauhtemoc-blanco\/","og_locale":"es_MX","og_type":"article","og_title":"Diputados declaran improcedente solicitud de desafuero a Cuauht\u00e9moc Blanco - Fuentes Fidedignas","og_description":"El Pleno de la C\u00e1mara de Diputados declar\u00f3 improcedente la solicitud de desafuero contra Cuauht\u00e9moc Blanco, se\u00f1alado de abuso sexual La C\u00e1mara de Diputados declar\u00f3 improcedente la solicitud de desafuero contra Cuauht\u00e9moc Blanco, se\u00f1alado de abuso sexual. Con 291 votos a favor, 158 en contra y 12 abstenciones el Pleno aprob\u00f3 el dictamen de la [&hellip;]","og_url":"https:\/\/fuentesfidedignas.com.mx\/index.php\/2025\/03\/25\/diputados-declaran-improcedente-solicitud-de-desafuero-a-cuauhtemoc-blanco\/","og_site_name":"Fuentes Fidedignas","article_publisher":"https:\/\/www.facebook.com\/Fuentes-Fidedignas-368234489921644","article_published_time":"2025-03-25T23:00:00+00:00","article_modified_time":"2025-03-26T00:03:28+00:00","og_image":[{"width":600,"height":310,"url":"https:\/\/fuentesfidedignas.com.mx\/wp-content\/uploads\/2025\/03\/dsafuero_blanco.jpg","type":"image\/jpeg"}],"author":"L\u00f3pez D\u00f3riga","twitter_card":"summary_large_image","twitter_creator":"@fidedignas","twitter_site":"@fidedignas","twitter_misc":{"Escrito por":"L\u00f3pez D\u00f3riga","Tiempo de lectura":"2 minutos"},"schema":{"@context":"https:\/\/schema.org","@graph":[{"@type":"Article","@id":"https:\/\/fuentesfidedignas.com.mx\/index.php\/2025\/03\/25\/diputados-declaran-improcedente-solicitud-de-desafuero-a-cuauhtemoc-blanco\/#article","isPartOf":{"@id":"https:\/\/fuentesfidedignas.com.mx\/index.php\/2025\/03\/25\/diputados-declaran-improcedente-solicitud-de-desafuero-a-cuauhtemoc-blanco\/"},"author":{"name":"L\u00f3pez D\u00f3riga","@id":"https:\/\/fuentesfidedignas.com.mx\/#\/schema\/person\/67d852f0557c8509146a4b9ddebd543a"},"headline":"Diputados declaran improcedente solicitud de desafuero a Cuauht\u00e9moc Blanco","datePublished":"2025-03-25T23:00:00+00:00","dateModified":"2025-03-26T00:03:28+00:00","mainEntityOfPage":{"@id":"https:\/\/fuentesfidedignas.com.mx\/index.php\/2025\/03\/25\/diputados-declaran-improcedente-solicitud-de-desafuero-a-cuauhtemoc-blanco\/"},"wordCount":278,"commentCount":0,"publisher":{"@id":"https:\/\/fuentesfidedignas.com.mx\/#organization"},"image":{"@id":"https:\/\/fuentesfidedignas.com.mx\/index.php\/2025\/03\/25\/diputados-declaran-improcedente-solicitud-de-desafuero-a-cuauhtemoc-blanco\/#primaryimage"},"thumbnailUrl":"https:\/\/fuentesfidedignas.com.mx\/wp-content\/uploads\/2025\/03\/dsafuero_blanco.jpg","articleSection":["NOTICIAS NACIONALES"],"inLanguage":"es","potentialAction":[{"@type":"CommentAction","name":"Comment","target":["https:\/\/fuentesfidedignas.com.mx\/index.php\/2025\/03\/25\/diputados-declaran-improcedente-solicitud-de-desafuero-a-cuauhtemoc-blanco\/#respond"]}]},{"@type":"WebPage","@id":"https:\/\/fuentesfidedignas.com.mx\/index.php\/2025\/03\/25\/diputados-declaran-improcedente-solicitud-de-desafuero-a-cuauhtemoc-blanco\/","url":"https:\/\/fuentesfidedignas.com.mx\/index.php\/2025\/03\/25\/diputados-declaran-improcedente-solicitud-de-desafuero-a-cuauhtemoc-blanco\/","name":"Diputados declaran improcedente solicitud de desafuero a Cuauht\u00e9moc Blanco - Fuentes Fidedignas","isPartOf":{"@id":"https:\/\/fuentesfidedignas.com.mx\/#website"},"primaryImageOfPage":{"@id":"https:\/\/fuentesfidedignas.com.mx\/index.php\/2025\/03\/25\/diputados-declaran-improcedente-solicitud-de-desafuero-a-cuauhtemoc-blanco\/#primaryimage"},"image":{"@id":"https:\/\/fuentesfidedignas.com.mx\/index.php\/2025\/03\/25\/diputados-declaran-improcedente-solicitud-de-desafuero-a-cuauhtemoc-blanco\/#primaryimage"},"thumbnailUrl":"https:\/\/fuentesfidedignas.com.mx\/wp-content\/uploads\/2025\/03\/dsafuero_blanco.jpg","datePublished":"2025-03-25T23:00:00+00:00","dateModified":"2025-03-26T00:03:28+00:00","breadcrumb":{"@id":"https:\/\/fuentesfidedignas.com.mx\/index.php\/2025\/03\/25\/diputados-declaran-improcedente-solicitud-de-desafuero-a-cuauhtemoc-blanco\/#breadcrumb"},"inLanguage":"es","potentialAction":[{"@type":"ReadAction","target":["https:\/\/fuentesfidedignas.com.mx\/index.php\/2025\/03\/25\/diputados-declaran-improcedente-solicitud-de-desafuero-a-cuauhtemoc-blanco\/"]}]},{"@type":"ImageObject","inLanguage":"es","@id":"https:\/\/fuentesfidedignas.com.mx\/index.php\/2025\/03\/25\/diputados-declaran-improcedente-solicitud-de-desafuero-a-cuauhtemoc-blanco\/#primaryimage","url":"https:\/\/fuentesfidedignas.com.mx\/wp-content\/uploads\/2025\/03\/dsafuero_blanco.jpg","contentUrl":"https:\/\/fuentesfidedignas.com.mx\/wp-content\/uploads\/2025\/03\/dsafuero_blanco.jpg","width":600,"height":310},{"@type":"BreadcrumbList","@id":"https:\/\/fuentesfidedignas.com.mx\/index.php\/2025\/03\/25\/diputados-declaran-improcedente-solicitud-de-desafuero-a-cuauhtemoc-blanco\/#breadcrumb","itemListElement":[{"@type":"ListItem","position":1,"name":"Inicio","item":"https:\/\/fuentesfidedignas.com.mx\/"},{"@type":"ListItem","position":2,"name":"Diputados declaran improcedente solicitud de desafuero a Cuauht\u00e9moc Blanco"}]},{"@type":"WebSite","@id":"https:\/\/fuentesfidedignas.com.mx\/#website","url":"https:\/\/fuentesfidedignas.com.mx\/","name":"Fuentes Fidedignas","description":"Otro sitio realizado con WordPress","publisher":{"@id":"https:\/\/fuentesfidedignas.com.mx\/#organization"},"potentialAction":[{"@type":"SearchAction","target":{"@type":"EntryPoint","urlTemplate":"https:\/\/fuentesfidedignas.com.mx\/?s={search_term_string}"},"query-input":{"@type":"PropertyValueSpecification","valueRequired":true,"valueName":"search_term_string"}}],"inLanguage":"es"},{"@type":"Organization","@id":"https:\/\/fuentesfidedignas.com.mx\/#organization","name":"Fuentes Fidedignas","url":"https:\/\/fuentesfidedignas.com.mx\/","logo":{"@type":"ImageObject","inLanguage":"es","@id":"https:\/\/fuentesfidedignas.com.mx\/#\/schema\/logo\/image\/","url":"https:\/\/fuentesfidedignas.com.mx\/wp-content\/uploads\/2021\/04\/logo-retina.png","contentUrl":"https:\/\/fuentesfidedignas.com.mx\/wp-content\/uploads\/2021\/04\/logo-retina.png","width":280,"height":51,"caption":"Fuentes Fidedignas"},"image":{"@id":"https:\/\/fuentesfidedignas.com.mx\/#\/schema\/logo\/image\/"},"sameAs":["https:\/\/www.facebook.com\/Fuentes-Fidedignas-368234489921644","https:\/\/x.com\/fidedignas"]},{"@type":"Person","@id":"https:\/\/fuentesfidedignas.com.mx\/#\/schema\/person\/67d852f0557c8509146a4b9ddebd543a","name":"L\u00f3pez D\u00f3riga","image":{"@type":"ImageObject","inLanguage":"es","@id":"https:\/\/secure.gravatar.com\/avatar\/e525b06574ca18b33cded59dfe5778d6c823b9513154eff47da551b0551bdd1e?s=96&d=mm&r=g","url":"https:\/\/secure.gravatar.com\/avatar\/e525b06574ca18b33cded59dfe5778d6c823b9513154eff47da551b0551bdd1e?s=96&d=mm&r=g","contentUrl":"https:\/\/secure.gravatar.com\/avatar\/e525b06574ca18b33cded59dfe5778d6c823b9513154eff47da551b0551bdd1e?s=96&d=mm&r=g","caption":"L\u00f3pez D\u00f3riga"},"url":"https:\/\/fuentesfidedignas.com.mx\/index.php\/author\/doriga\/"}]}},"_links":{"self":[{"href":"https:\/\/fuentesfidedignas.com.mx\/index.php\/wp-json\/wp\/v2\/posts\/104714","targetHints":{"allow":["GET"]}}],"collection":[{"href":"https:\/\/fuentesfidedignas.com.mx\/index.php\/wp-json\/wp\/v2\/posts"}],"about":[{"href":"https:\/\/fuentesfidedignas.com.mx\/index.php\/wp-json\/wp\/v2\/types\/post"}],"author":[{"embeddable":true,"href":"https:\/\/fuentesfidedignas.com.mx\/index.php\/wp-json\/wp\/v2\/users\/47"}],"replies":[{"embeddable":true,"href":"https:\/\/fuentesfidedignas.com.mx\/index.php\/wp-json\/wp\/v2\/comments?post=104714"}],"version-history":[{"count":1,"href":"https:\/\/fuentesfidedignas.com.mx\/index.php\/wp-json\/wp\/v2\/posts\/104714\/revisions"}],"predecessor-version":[{"id":104716,"href":"https:\/\/fuentesfidedignas.com.mx\/index.php\/wp-json\/wp\/v2\/posts\/104714\/revisions\/104716"}],"wp:featuredmedia":[{"embeddable":true,"href":"https:\/\/fuentesfidedignas.com.mx\/index.php\/wp-json\/wp\/v2\/media\/104715"}],"wp:attachment":[{"href":"https:\/\/fuentesfidedignas.com.mx\/index.php\/wp-json\/wp\/v2\/media?parent=104714"}],"wp:term":[{"taxonomy":"category","embeddable":true,"href":"https:\/\/fuentesfidedignas.com.mx\/index.php\/wp-json\/wp\/v2\/categories?post=104714"},{"taxonomy":"post_tag","embeddable":true,"href":"https:\/\/fuentesfidedignas.com.mx\/index.php\/wp-json\/wp\/v2\/tags?post=104714"}],"curies":[{"name":"wp","href":"https:\/\/api.w.org\/{rel}","templated":true}]}}