{"id":104653,"date":"2025-03-25T07:52:12","date_gmt":"2025-03-25T14:52:12","guid":{"rendered":"https:\/\/fuentesfidedignas.com.mx\/?p=104653"},"modified":"2025-03-25T07:52:16","modified_gmt":"2025-03-25T14:52:16","slug":"caro-quintero-vuelve-a-la-corte-de-brooklyn-busca-evitar-pena-de-muerte","status":"publish","type":"post","link":"https:\/\/fuentesfidedignas.com.mx\/index.php\/2025\/03\/25\/caro-quintero-vuelve-a-la-corte-de-brooklyn-busca-evitar-pena-de-muerte\/","title":{"rendered":"Caro Quintero vuelve a la corte de Brooklyn; busca evitar pena de muerte"},"content":{"rendered":"\n<p><strong><em>Caro Quintero tiene una acusaci\u00f3n vigente en la corte federal de Los \u00c1ngeles, California, por el asesinato de Kiki Camarena.<\/em><\/strong><\/p>\n\n\n\n<p>El Narco de Narcos, Rafael Caro Quintero, volver\u00e1 a ver al juez de distrito Frederic Block como parte de la acusaci\u00f3n que enfrenta por crimen organizado, tr\u00e1fico de mariguana, hero\u00edna, coca\u00edna y metanfetamina, as\u00ed como&nbsp;uso de armas de fuego, mientras era el l\u00edder del C\u00e1rtel de Guadalajara y despu\u00e9s en el C\u00e1rtel de Sinaloa.<\/p>\n\n\n\n<p>Su audiencia, en la que se revisar\u00e1 el avance de los preparativos para un juicio, potenciales negociaciones y la entrega de la evidencia que la fiscal\u00eda estadunidense tiene en contra del capo, est\u00e1 calendarizada para el mi\u00e9rcoles 26 de marzo, a las 15:00 horas, en la corte federal del Distrito Este.<\/p>\n\n\n\n<p><strong>Evidencia contra Rafael Caro Quintero<\/strong><br>Los materiales que tienen las autoridades en sus manos, van desde declaraciones, fotograf\u00edas, ex\u00e1menes forenses, interceptaciones de comunicaciones y hasta varios testigos protegidos que podr\u00edan tomar el estrado en caso de un juicio; todas estas corresponden a un periodo aproximado de entre 1980 y hasta 2018.<\/p>\n\n\n\n<p>Por su parte, la mayor preocupaci\u00f3n de Caro Quintero es quitar de en medio la posibilidad de que, si fuera encontrado culpable, la Fiscal\u00eda solicitara la pena de muerte en su contra, ya que Washington se ha tomado personal la existencia del narcotraficante.<\/p>\n\n\n\n<p><strong>EU no olvida caso Kiki Camarena<\/strong><br>Adem\u00e1s de los cargos por narcotr\u00e1fico, Caro Quintero tiene una acusaci\u00f3n vigente en la corte federal de Los \u00c1ngeles, California, por el asesinato de un investigador federal: el agente especial de la Administraci\u00f3n para el Control de Drogas (DEA, por sus siglas in ingl\u00e9s), Enrique Camarena, Kiki, as\u00ed como de su piloto, Alfredo Zavala.<\/p>\n\n\n\n<p>El expediente en la ciudad angelina consta de millones de hojas en declaraciones e incluso informaci\u00f3n compartida por el gobierno mexicano, as\u00ed como reportes de campo, que apuntan a que en 1985, Caro Quintero orden\u00f3 el secuestro, tortura y asesinato del agente.&nbsp;<\/p>\n\n\n\n<p>La informaci\u00f3n apunta a que Kiki Camarena, adem\u00e1s de haber rastreado por a\u00f1os sus operaciones, hab\u00eda causado el aseguramiento de un rancho en Chihuahua, con toneladas de mariguana.<\/p>\n\n\n\n<p>&#8220;Nunca podr\u00e1s asesinar a una gente de la DEA y salirte con la tuya. Nunca permitiremos que eso pase y nunca olvidaremos. 40 despu\u00e9s del brutal secuestro, tortura y asesinado del agente especial Enrique Kiki Camarena, su asesino est\u00e1 enfrentando la justicia en los Estados Unidos&#8221;, dijo John Durham, fiscal para el Distrito Este de nueva York, tras el arraigo de Rafael Caro Quintero el 28 de febrero.<\/p>\n\n\n\n<p>Esto, a un d\u00eda despu\u00e9s de que el gobierno mexicano entregara al Narco de Narcos junto a otros 28 narcotraficantes al gobierno estadunidense, en un hecho sin precedentes en el combate al tr\u00e1fico de drogas.<\/p>\n","protected":false},"excerpt":{"rendered":"<p>Caro Quintero tiene una acusaci\u00f3n vigente en la corte federal de Los \u00c1ngeles, California, por el asesinato de Kiki Camarena. El Narco de Narcos, Rafael Caro Quintero, volver\u00e1 a ver al juez de distrito Frederic Block como parte de la acusaci\u00f3n que enfrenta por crimen organizado, tr\u00e1fico de mariguana, hero\u00edna, coca\u00edna y metanfetamina, as\u00ed como&nbsp;uso [&hellip;]<\/p>\n","protected":false},"author":9,"featured_media":53994,"comment_status":"open","ping_status":"open","sticky":false,"template":"","format":"standard","meta":{"tdm_status":"","tdm_grid_status":"","footnotes":""},"categories":[39],"tags":[],"class_list":{"0":"post-104653","1":"post","2":"type-post","3":"status-publish","4":"format-standard","5":"has-post-thumbnail","7":"category-noticias-nacionales"},"yoast_head":"<!-- This site is optimized with the Yoast SEO plugin v27.4 - https:\/\/yoast.com\/product\/yoast-seo-wordpress\/ -->\n<title>Caro Quintero vuelve a la corte de Brooklyn; busca evitar pena de muerte - Fuentes Fidedignas<\/title>\n<meta name=\"robots\" content=\"index, follow, max-snippet:-1, max-image-preview:large, max-video-preview:-1\" \/>\n<link rel=\"canonical\" href=\"https:\/\/fuentesfidedignas.com.mx\/index.php\/2025\/03\/25\/caro-quintero-vuelve-a-la-corte-de-brooklyn-busca-evitar-pena-de-muerte\/\" \/>\n<meta property=\"og:locale\" content=\"es_MX\" \/>\n<meta property=\"og:type\" content=\"article\" \/>\n<meta property=\"og:title\" content=\"Caro Quintero vuelve a la corte de Brooklyn; busca evitar pena de muerte - Fuentes Fidedignas\" \/>\n<meta property=\"og:description\" content=\"Caro Quintero tiene una acusaci\u00f3n vigente en la corte federal de Los \u00c1ngeles, California, por el asesinato de Kiki Camarena. El Narco de Narcos, Rafael Caro Quintero, volver\u00e1 a ver al juez de distrito Frederic Block como parte de la acusaci\u00f3n que enfrenta por crimen organizado, tr\u00e1fico de mariguana, hero\u00edna, coca\u00edna y metanfetamina, as\u00ed como&nbsp;uso [&hellip;]\" \/>\n<meta property=\"og:url\" content=\"https:\/\/fuentesfidedignas.com.mx\/index.php\/2025\/03\/25\/caro-quintero-vuelve-a-la-corte-de-brooklyn-busca-evitar-pena-de-muerte\/\" \/>\n<meta property=\"og:site_name\" content=\"Fuentes Fidedignas\" \/>\n<meta property=\"article:publisher\" content=\"https:\/\/www.facebook.com\/Fuentes-Fidedignas-368234489921644\" \/>\n<meta property=\"article:published_time\" content=\"2025-03-25T14:52:12+00:00\" \/>\n<meta property=\"article:modified_time\" content=\"2025-03-25T14:52:16+00:00\" \/>\n<meta property=\"og:image\" content=\"https:\/\/fuentesfidedignas.com.mx\/wp-content\/uploads\/2023\/07\/rafael-caro-.jpg\" \/>\n\t<meta property=\"og:image:width\" content=\"640\" \/>\n\t<meta property=\"og:image:height\" content=\"390\" \/>\n\t<meta property=\"og:image:type\" content=\"image\/jpeg\" \/>\n<meta name=\"author\" content=\"Milenio\" \/>\n<meta name=\"twitter:card\" content=\"summary_large_image\" \/>\n<meta name=\"twitter:creator\" content=\"@fidedignas\" \/>\n<meta name=\"twitter:site\" content=\"@fidedignas\" \/>\n<meta name=\"twitter:label1\" content=\"Escrito por\" \/>\n\t<meta name=\"twitter:data1\" content=\"Milenio\" \/>\n\t<meta name=\"twitter:label2\" content=\"Tiempo de lectura\" \/>\n\t<meta name=\"twitter:data2\" content=\"3 minutos\" \/>\n<script type=\"application\/ld+json\" class=\"yoast-schema-graph\">{\"@context\":\"https:\\\/\\\/schema.org\",\"@graph\":[{\"@type\":\"Article\",\"@id\":\"https:\\\/\\\/fuentesfidedignas.com.mx\\\/index.php\\\/2025\\\/03\\\/25\\\/caro-quintero-vuelve-a-la-corte-de-brooklyn-busca-evitar-pena-de-muerte\\\/#article\",\"isPartOf\":{\"@id\":\"https:\\\/\\\/fuentesfidedignas.com.mx\\\/index.php\\\/2025\\\/03\\\/25\\\/caro-quintero-vuelve-a-la-corte-de-brooklyn-busca-evitar-pena-de-muerte\\\/\"},\"author\":{\"name\":\"Milenio\",\"@id\":\"https:\\\/\\\/fuentesfidedignas.com.mx\\\/#\\\/schema\\\/person\\\/47ec0135738f4b0c7495f06a77a2c976\"},\"headline\":\"Caro Quintero vuelve a la corte de Brooklyn; busca evitar pena de muerte\",\"datePublished\":\"2025-03-25T14:52:12+00:00\",\"dateModified\":\"2025-03-25T14:52:16+00:00\",\"mainEntityOfPage\":{\"@id\":\"https:\\\/\\\/fuentesfidedignas.com.mx\\\/index.php\\\/2025\\\/03\\\/25\\\/caro-quintero-vuelve-a-la-corte-de-brooklyn-busca-evitar-pena-de-muerte\\\/\"},\"wordCount\":491,\"commentCount\":0,\"publisher\":{\"@id\":\"https:\\\/\\\/fuentesfidedignas.com.mx\\\/#organization\"},\"image\":{\"@id\":\"https:\\\/\\\/fuentesfidedignas.com.mx\\\/index.php\\\/2025\\\/03\\\/25\\\/caro-quintero-vuelve-a-la-corte-de-brooklyn-busca-evitar-pena-de-muerte\\\/#primaryimage\"},\"thumbnailUrl\":\"https:\\\/\\\/fuentesfidedignas.com.mx\\\/wp-content\\\/uploads\\\/2023\\\/07\\\/rafael-caro-.jpg\",\"articleSection\":[\"NOTICIAS NACIONALES\"],\"inLanguage\":\"es\",\"potentialAction\":[{\"@type\":\"CommentAction\",\"name\":\"Comment\",\"target\":[\"https:\\\/\\\/fuentesfidedignas.com.mx\\\/index.php\\\/2025\\\/03\\\/25\\\/caro-quintero-vuelve-a-la-corte-de-brooklyn-busca-evitar-pena-de-muerte\\\/#respond\"]}]},{\"@type\":\"WebPage\",\"@id\":\"https:\\\/\\\/fuentesfidedignas.com.mx\\\/index.php\\\/2025\\\/03\\\/25\\\/caro-quintero-vuelve-a-la-corte-de-brooklyn-busca-evitar-pena-de-muerte\\\/\",\"url\":\"https:\\\/\\\/fuentesfidedignas.com.mx\\\/index.php\\\/2025\\\/03\\\/25\\\/caro-quintero-vuelve-a-la-corte-de-brooklyn-busca-evitar-pena-de-muerte\\\/\",\"name\":\"Caro Quintero vuelve a la corte de Brooklyn; busca evitar pena de muerte - Fuentes Fidedignas\",\"isPartOf\":{\"@id\":\"https:\\\/\\\/fuentesfidedignas.com.mx\\\/#website\"},\"primaryImageOfPage\":{\"@id\":\"https:\\\/\\\/fuentesfidedignas.com.mx\\\/index.php\\\/2025\\\/03\\\/25\\\/caro-quintero-vuelve-a-la-corte-de-brooklyn-busca-evitar-pena-de-muerte\\\/#primaryimage\"},\"image\":{\"@id\":\"https:\\\/\\\/fuentesfidedignas.com.mx\\\/index.php\\\/2025\\\/03\\\/25\\\/caro-quintero-vuelve-a-la-corte-de-brooklyn-busca-evitar-pena-de-muerte\\\/#primaryimage\"},\"thumbnailUrl\":\"https:\\\/\\\/fuentesfidedignas.com.mx\\\/wp-content\\\/uploads\\\/2023\\\/07\\\/rafael-caro-.jpg\",\"datePublished\":\"2025-03-25T14:52:12+00:00\",\"dateModified\":\"2025-03-25T14:52:16+00:00\",\"breadcrumb\":{\"@id\":\"https:\\\/\\\/fuentesfidedignas.com.mx\\\/index.php\\\/2025\\\/03\\\/25\\\/caro-quintero-vuelve-a-la-corte-de-brooklyn-busca-evitar-pena-de-muerte\\\/#breadcrumb\"},\"inLanguage\":\"es\",\"potentialAction\":[{\"@type\":\"ReadAction\",\"target\":[\"https:\\\/\\\/fuentesfidedignas.com.mx\\\/index.php\\\/2025\\\/03\\\/25\\\/caro-quintero-vuelve-a-la-corte-de-brooklyn-busca-evitar-pena-de-muerte\\\/\"]}]},{\"@type\":\"ImageObject\",\"inLanguage\":\"es\",\"@id\":\"https:\\\/\\\/fuentesfidedignas.com.mx\\\/index.php\\\/2025\\\/03\\\/25\\\/caro-quintero-vuelve-a-la-corte-de-brooklyn-busca-evitar-pena-de-muerte\\\/#primaryimage\",\"url\":\"https:\\\/\\\/fuentesfidedignas.com.mx\\\/wp-content\\\/uploads\\\/2023\\\/07\\\/rafael-caro-.jpg\",\"contentUrl\":\"https:\\\/\\\/fuentesfidedignas.com.mx\\\/wp-content\\\/uploads\\\/2023\\\/07\\\/rafael-caro-.jpg\",\"width\":640,\"height\":390},{\"@type\":\"BreadcrumbList\",\"@id\":\"https:\\\/\\\/fuentesfidedignas.com.mx\\\/index.php\\\/2025\\\/03\\\/25\\\/caro-quintero-vuelve-a-la-corte-de-brooklyn-busca-evitar-pena-de-muerte\\\/#breadcrumb\",\"itemListElement\":[{\"@type\":\"ListItem\",\"position\":1,\"name\":\"Inicio\",\"item\":\"https:\\\/\\\/fuentesfidedignas.com.mx\\\/\"},{\"@type\":\"ListItem\",\"position\":2,\"name\":\"Caro Quintero vuelve a la corte de Brooklyn; busca evitar pena de muerte\"}]},{\"@type\":\"WebSite\",\"@id\":\"https:\\\/\\\/fuentesfidedignas.com.mx\\\/#website\",\"url\":\"https:\\\/\\\/fuentesfidedignas.com.mx\\\/\",\"name\":\"Fuentes Fidedignas\",\"description\":\"Otro sitio realizado con WordPress\",\"publisher\":{\"@id\":\"https:\\\/\\\/fuentesfidedignas.com.mx\\\/#organization\"},\"potentialAction\":[{\"@type\":\"SearchAction\",\"target\":{\"@type\":\"EntryPoint\",\"urlTemplate\":\"https:\\\/\\\/fuentesfidedignas.com.mx\\\/?s={search_term_string}\"},\"query-input\":{\"@type\":\"PropertyValueSpecification\",\"valueRequired\":true,\"valueName\":\"search_term_string\"}}],\"inLanguage\":\"es\"},{\"@type\":\"Organization\",\"@id\":\"https:\\\/\\\/fuentesfidedignas.com.mx\\\/#organization\",\"name\":\"Fuentes Fidedignas\",\"url\":\"https:\\\/\\\/fuentesfidedignas.com.mx\\\/\",\"logo\":{\"@type\":\"ImageObject\",\"inLanguage\":\"es\",\"@id\":\"https:\\\/\\\/fuentesfidedignas.com.mx\\\/#\\\/schema\\\/logo\\\/image\\\/\",\"url\":\"https:\\\/\\\/fuentesfidedignas.com.mx\\\/wp-content\\\/uploads\\\/2021\\\/04\\\/logo-retina.png\",\"contentUrl\":\"https:\\\/\\\/fuentesfidedignas.com.mx\\\/wp-content\\\/uploads\\\/2021\\\/04\\\/logo-retina.png\",\"width\":280,\"height\":51,\"caption\":\"Fuentes Fidedignas\"},\"image\":{\"@id\":\"https:\\\/\\\/fuentesfidedignas.com.mx\\\/#\\\/schema\\\/logo\\\/image\\\/\"},\"sameAs\":[\"https:\\\/\\\/www.facebook.com\\\/Fuentes-Fidedignas-368234489921644\",\"https:\\\/\\\/x.com\\\/fidedignas\"]},{\"@type\":\"Person\",\"@id\":\"https:\\\/\\\/fuentesfidedignas.com.mx\\\/#\\\/schema\\\/person\\\/47ec0135738f4b0c7495f06a77a2c976\",\"name\":\"Milenio\",\"image\":{\"@type\":\"ImageObject\",\"inLanguage\":\"es\",\"@id\":\"https:\\\/\\\/secure.gravatar.com\\\/avatar\\\/acabf7b54753e51c2c76457954577c236b3b764789b19879565769739d1e4a75?s=96&d=mm&r=g\",\"url\":\"https:\\\/\\\/secure.gravatar.com\\\/avatar\\\/acabf7b54753e51c2c76457954577c236b3b764789b19879565769739d1e4a75?s=96&d=mm&r=g\",\"contentUrl\":\"https:\\\/\\\/secure.gravatar.com\\\/avatar\\\/acabf7b54753e51c2c76457954577c236b3b764789b19879565769739d1e4a75?s=96&d=mm&r=g\",\"caption\":\"Milenio\"},\"url\":\"https:\\\/\\\/fuentesfidedignas.com.mx\\\/index.php\\\/author\\\/milenio\\\/\"}]}<\/script>\n<!-- \/ Yoast SEO plugin. -->","yoast_head_json":{"title":"Caro Quintero vuelve a la corte de Brooklyn; busca evitar pena de muerte - Fuentes Fidedignas","robots":{"index":"index","follow":"follow","max-snippet":"max-snippet:-1","max-image-preview":"max-image-preview:large","max-video-preview":"max-video-preview:-1"},"canonical":"https:\/\/fuentesfidedignas.com.mx\/index.php\/2025\/03\/25\/caro-quintero-vuelve-a-la-corte-de-brooklyn-busca-evitar-pena-de-muerte\/","og_locale":"es_MX","og_type":"article","og_title":"Caro Quintero vuelve a la corte de Brooklyn; busca evitar pena de muerte - Fuentes Fidedignas","og_description":"Caro Quintero tiene una acusaci\u00f3n vigente en la corte federal de Los \u00c1ngeles, California, por el asesinato de Kiki Camarena. El Narco de Narcos, Rafael Caro Quintero, volver\u00e1 a ver al juez de distrito Frederic Block como parte de la acusaci\u00f3n que enfrenta por crimen organizado, tr\u00e1fico de mariguana, hero\u00edna, coca\u00edna y metanfetamina, as\u00ed como&nbsp;uso [&hellip;]","og_url":"https:\/\/fuentesfidedignas.com.mx\/index.php\/2025\/03\/25\/caro-quintero-vuelve-a-la-corte-de-brooklyn-busca-evitar-pena-de-muerte\/","og_site_name":"Fuentes Fidedignas","article_publisher":"https:\/\/www.facebook.com\/Fuentes-Fidedignas-368234489921644","article_published_time":"2025-03-25T14:52:12+00:00","article_modified_time":"2025-03-25T14:52:16+00:00","og_image":[{"width":640,"height":390,"url":"https:\/\/fuentesfidedignas.com.mx\/wp-content\/uploads\/2023\/07\/rafael-caro-.jpg","type":"image\/jpeg"}],"author":"Milenio","twitter_card":"summary_large_image","twitter_creator":"@fidedignas","twitter_site":"@fidedignas","twitter_misc":{"Escrito por":"Milenio","Tiempo de lectura":"3 minutos"},"schema":{"@context":"https:\/\/schema.org","@graph":[{"@type":"Article","@id":"https:\/\/fuentesfidedignas.com.mx\/index.php\/2025\/03\/25\/caro-quintero-vuelve-a-la-corte-de-brooklyn-busca-evitar-pena-de-muerte\/#article","isPartOf":{"@id":"https:\/\/fuentesfidedignas.com.mx\/index.php\/2025\/03\/25\/caro-quintero-vuelve-a-la-corte-de-brooklyn-busca-evitar-pena-de-muerte\/"},"author":{"name":"Milenio","@id":"https:\/\/fuentesfidedignas.com.mx\/#\/schema\/person\/47ec0135738f4b0c7495f06a77a2c976"},"headline":"Caro Quintero vuelve a la corte de Brooklyn; busca evitar pena de muerte","datePublished":"2025-03-25T14:52:12+00:00","dateModified":"2025-03-25T14:52:16+00:00","mainEntityOfPage":{"@id":"https:\/\/fuentesfidedignas.com.mx\/index.php\/2025\/03\/25\/caro-quintero-vuelve-a-la-corte-de-brooklyn-busca-evitar-pena-de-muerte\/"},"wordCount":491,"commentCount":0,"publisher":{"@id":"https:\/\/fuentesfidedignas.com.mx\/#organization"},"image":{"@id":"https:\/\/fuentesfidedignas.com.mx\/index.php\/2025\/03\/25\/caro-quintero-vuelve-a-la-corte-de-brooklyn-busca-evitar-pena-de-muerte\/#primaryimage"},"thumbnailUrl":"https:\/\/fuentesfidedignas.com.mx\/wp-content\/uploads\/2023\/07\/rafael-caro-.jpg","articleSection":["NOTICIAS NACIONALES"],"inLanguage":"es","potentialAction":[{"@type":"CommentAction","name":"Comment","target":["https:\/\/fuentesfidedignas.com.mx\/index.php\/2025\/03\/25\/caro-quintero-vuelve-a-la-corte-de-brooklyn-busca-evitar-pena-de-muerte\/#respond"]}]},{"@type":"WebPage","@id":"https:\/\/fuentesfidedignas.com.mx\/index.php\/2025\/03\/25\/caro-quintero-vuelve-a-la-corte-de-brooklyn-busca-evitar-pena-de-muerte\/","url":"https:\/\/fuentesfidedignas.com.mx\/index.php\/2025\/03\/25\/caro-quintero-vuelve-a-la-corte-de-brooklyn-busca-evitar-pena-de-muerte\/","name":"Caro Quintero vuelve a la corte de Brooklyn; busca evitar pena de muerte - Fuentes Fidedignas","isPartOf":{"@id":"https:\/\/fuentesfidedignas.com.mx\/#website"},"primaryImageOfPage":{"@id":"https:\/\/fuentesfidedignas.com.mx\/index.php\/2025\/03\/25\/caro-quintero-vuelve-a-la-corte-de-brooklyn-busca-evitar-pena-de-muerte\/#primaryimage"},"image":{"@id":"https:\/\/fuentesfidedignas.com.mx\/index.php\/2025\/03\/25\/caro-quintero-vuelve-a-la-corte-de-brooklyn-busca-evitar-pena-de-muerte\/#primaryimage"},"thumbnailUrl":"https:\/\/fuentesfidedignas.com.mx\/wp-content\/uploads\/2023\/07\/rafael-caro-.jpg","datePublished":"2025-03-25T14:52:12+00:00","dateModified":"2025-03-25T14:52:16+00:00","breadcrumb":{"@id":"https:\/\/fuentesfidedignas.com.mx\/index.php\/2025\/03\/25\/caro-quintero-vuelve-a-la-corte-de-brooklyn-busca-evitar-pena-de-muerte\/#breadcrumb"},"inLanguage":"es","potentialAction":[{"@type":"ReadAction","target":["https:\/\/fuentesfidedignas.com.mx\/index.php\/2025\/03\/25\/caro-quintero-vuelve-a-la-corte-de-brooklyn-busca-evitar-pena-de-muerte\/"]}]},{"@type":"ImageObject","inLanguage":"es","@id":"https:\/\/fuentesfidedignas.com.mx\/index.php\/2025\/03\/25\/caro-quintero-vuelve-a-la-corte-de-brooklyn-busca-evitar-pena-de-muerte\/#primaryimage","url":"https:\/\/fuentesfidedignas.com.mx\/wp-content\/uploads\/2023\/07\/rafael-caro-.jpg","contentUrl":"https:\/\/fuentesfidedignas.com.mx\/wp-content\/uploads\/2023\/07\/rafael-caro-.jpg","width":640,"height":390},{"@type":"BreadcrumbList","@id":"https:\/\/fuentesfidedignas.com.mx\/index.php\/2025\/03\/25\/caro-quintero-vuelve-a-la-corte-de-brooklyn-busca-evitar-pena-de-muerte\/#breadcrumb","itemListElement":[{"@type":"ListItem","position":1,"name":"Inicio","item":"https:\/\/fuentesfidedignas.com.mx\/"},{"@type":"ListItem","position":2,"name":"Caro Quintero vuelve a la corte de Brooklyn; busca evitar pena de muerte"}]},{"@type":"WebSite","@id":"https:\/\/fuentesfidedignas.com.mx\/#website","url":"https:\/\/fuentesfidedignas.com.mx\/","name":"Fuentes Fidedignas","description":"Otro sitio realizado con WordPress","publisher":{"@id":"https:\/\/fuentesfidedignas.com.mx\/#organization"},"potentialAction":[{"@type":"SearchAction","target":{"@type":"EntryPoint","urlTemplate":"https:\/\/fuentesfidedignas.com.mx\/?s={search_term_string}"},"query-input":{"@type":"PropertyValueSpecification","valueRequired":true,"valueName":"search_term_string"}}],"inLanguage":"es"},{"@type":"Organization","@id":"https:\/\/fuentesfidedignas.com.mx\/#organization","name":"Fuentes Fidedignas","url":"https:\/\/fuentesfidedignas.com.mx\/","logo":{"@type":"ImageObject","inLanguage":"es","@id":"https:\/\/fuentesfidedignas.com.mx\/#\/schema\/logo\/image\/","url":"https:\/\/fuentesfidedignas.com.mx\/wp-content\/uploads\/2021\/04\/logo-retina.png","contentUrl":"https:\/\/fuentesfidedignas.com.mx\/wp-content\/uploads\/2021\/04\/logo-retina.png","width":280,"height":51,"caption":"Fuentes Fidedignas"},"image":{"@id":"https:\/\/fuentesfidedignas.com.mx\/#\/schema\/logo\/image\/"},"sameAs":["https:\/\/www.facebook.com\/Fuentes-Fidedignas-368234489921644","https:\/\/x.com\/fidedignas"]},{"@type":"Person","@id":"https:\/\/fuentesfidedignas.com.mx\/#\/schema\/person\/47ec0135738f4b0c7495f06a77a2c976","name":"Milenio","image":{"@type":"ImageObject","inLanguage":"es","@id":"https:\/\/secure.gravatar.com\/avatar\/acabf7b54753e51c2c76457954577c236b3b764789b19879565769739d1e4a75?s=96&d=mm&r=g","url":"https:\/\/secure.gravatar.com\/avatar\/acabf7b54753e51c2c76457954577c236b3b764789b19879565769739d1e4a75?s=96&d=mm&r=g","contentUrl":"https:\/\/secure.gravatar.com\/avatar\/acabf7b54753e51c2c76457954577c236b3b764789b19879565769739d1e4a75?s=96&d=mm&r=g","caption":"Milenio"},"url":"https:\/\/fuentesfidedignas.com.mx\/index.php\/author\/milenio\/"}]}},"_links":{"self":[{"href":"https:\/\/fuentesfidedignas.com.mx\/index.php\/wp-json\/wp\/v2\/posts\/104653","targetHints":{"allow":["GET"]}}],"collection":[{"href":"https:\/\/fuentesfidedignas.com.mx\/index.php\/wp-json\/wp\/v2\/posts"}],"about":[{"href":"https:\/\/fuentesfidedignas.com.mx\/index.php\/wp-json\/wp\/v2\/types\/post"}],"author":[{"embeddable":true,"href":"https:\/\/fuentesfidedignas.com.mx\/index.php\/wp-json\/wp\/v2\/users\/9"}],"replies":[{"embeddable":true,"href":"https:\/\/fuentesfidedignas.com.mx\/index.php\/wp-json\/wp\/v2\/comments?post=104653"}],"version-history":[{"count":1,"href":"https:\/\/fuentesfidedignas.com.mx\/index.php\/wp-json\/wp\/v2\/posts\/104653\/revisions"}],"predecessor-version":[{"id":104654,"href":"https:\/\/fuentesfidedignas.com.mx\/index.php\/wp-json\/wp\/v2\/posts\/104653\/revisions\/104654"}],"wp:featuredmedia":[{"embeddable":true,"href":"https:\/\/fuentesfidedignas.com.mx\/index.php\/wp-json\/wp\/v2\/media\/53994"}],"wp:attachment":[{"href":"https:\/\/fuentesfidedignas.com.mx\/index.php\/wp-json\/wp\/v2\/media?parent=104653"}],"wp:term":[{"taxonomy":"category","embeddable":true,"href":"https:\/\/fuentesfidedignas.com.mx\/index.php\/wp-json\/wp\/v2\/categories?post=104653"},{"taxonomy":"post_tag","embeddable":true,"href":"https:\/\/fuentesfidedignas.com.mx\/index.php\/wp-json\/wp\/v2\/tags?post=104653"}],"curies":[{"name":"wp","href":"https:\/\/api.w.org\/{rel}","templated":true}]}}