{"id":104572,"date":"2025-03-24T10:54:47","date_gmt":"2025-03-24T17:54:47","guid":{"rendered":"https:\/\/fuentesfidedignas.com.mx\/?p=104572"},"modified":"2025-03-24T10:54:47","modified_gmt":"2025-03-24T17:54:47","slug":"pueblo-de-mexico-tiene-que-conocer-la-verdad-del-rancho-izaguirre-de-teuchitlan-sheinbaum","status":"publish","type":"post","link":"https:\/\/fuentesfidedignas.com.mx\/index.php\/2025\/03\/24\/pueblo-de-mexico-tiene-que-conocer-la-verdad-del-rancho-izaguirre-de-teuchitlan-sheinbaum\/","title":{"rendered":"Pueblo de M\u00e9xico tiene que conocer la verdad del rancho Izaguirre de Teuchitl\u00e1n: Sheinbaum"},"content":{"rendered":"\n<p><\/p>\n\n\n\n<p><strong><em>La presidenta Sheinbaum dijo que la FGR debe asumir ya la investigaci\u00f3n de lo que ocurri\u00f3 en el rancho Izaguirre de Teuchitl\u00e1n<\/em><\/strong><\/p>\n\n\n\n<p>La presidenta Claudia Sheinbaum Pardo dej\u00f3 en claro que el pueblo de M\u00e9xico debe conocer la verdad de lo que ocurri\u00f3 en el rancho Izaguirre de Teuchitl\u00e1n, Jalisco<\/p>\n\n\n\n<p>En la conferencia matutina de Palacio Nacional, Sheinbaum Pardo recalc\u00f3 que ls Fiscal\u00eda General de la Rep\u00fablica (<strong>FGR<\/strong>) debe asumir la responsabilidad de la investigaci\u00f3n de este caso.<\/p>\n\n\n\n<blockquote class=\"wp-block-quote is-layout-flow wp-block-quote-is-layout-flow\">\n<p>\u201cEl pueblo de M\u00e9xico tiene que saber la verdad de qu\u00e9 hay en ese rancho\u201d, argument\u00f3.<\/p>\n<\/blockquote>\n\n\n\n<p>La mandataria mexicana manifest\u00f3 sus dudas acerca de las investigaciones que ha llevado a cabo la F<strong>iscal\u00eda de Jalisco<\/strong>&nbsp;de este caso a partir de septiembre.<\/p>\n\n\n\n<p>\u201cNecesitamos saber m\u00e1s y para ello la FGR tiene ya que asumir toda la responsabilidad investigaci\u00f3n\u201d, puntualiz\u00f3.<\/p>\n\n\n\n<p>&nbsp;\u201cTiene que iniciar un proceso de investigaci\u00f3n en el predio, si hay ah\u00ed restos humanos o no, lo tiene que decir la Fiscal\u00eda\u201d, destac\u00f3.<\/p>\n\n\n\n<p>La mandataria mexicana pidi\u00f3 que se revisen los testimonios difundidos por medios de comunicaci\u00f3n sobre presuntas actividades criminales en el rancho Izaguirre.<\/p>\n\n\n\n<p>Sheinbaum Pardo resalt\u00f3 la detenci\u00f3n de Jos\u00e9 Gregorio \u201cN\u201d, alias El Lastra, se\u00f1alado por tener su cargo el campo de adiestramiento perteneciente al<strong>&nbsp;C\u00e1rtel Jalisco Nueva Generaci\u00f3n<\/strong>&nbsp;(<strong>CJNG<\/strong>).<\/p>\n\n\n\n<p>\u201cHasta ahora por la detenci\u00f3n de esta persona, que esta persona estaba encargada de reclutar personas a trav\u00e9s de \u00e1gonas, 39 p\u00e1ginas fueron bajadas y se va a continuar\u201d, extern\u00f3.<\/p>\n\n\n\n<p>El secretario de Seguridad y Protecci\u00f3n Ciudadana (<strong>SSPC<\/strong>),<strong>&nbsp;Omar Garc\u00eda Harfuch<\/strong>,&nbsp;<a href=\"https:\/\/lopezdoriga.com\/nacional\/rancho-izaguirre-teuchitlan-centro-adiestramiento-garcia-harfuch\/\" target=\"_blank\" rel=\"noreferrer noopener\">afirm\u00f3 este lunes<\/a>&nbsp;que el rancho Izaguirre de Teuchitl\u00e1n era \u201cun centro de adiestramiento\u201d del C\u00e1rtel Jalisco Nuevo Generaci\u00f3n, pero rechaz\u00f3 que fuese un campo de exterminio como denunciaron colectivos de ciudadanos buscadores.<\/p>\n","protected":false},"excerpt":{"rendered":"<p>La presidenta Sheinbaum dijo que la FGR debe asumir ya la investigaci\u00f3n de lo que ocurri\u00f3 en el rancho Izaguirre de Teuchitl\u00e1n La presidenta Claudia Sheinbaum Pardo dej\u00f3 en claro que el pueblo de M\u00e9xico debe conocer la verdad de lo que ocurri\u00f3 en el rancho Izaguirre de Teuchitl\u00e1n, Jalisco En la conferencia matutina de [&hellip;]<\/p>\n","protected":false},"author":47,"featured_media":104571,"comment_status":"closed","ping_status":"open","sticky":false,"template":"","format":"standard","meta":{"tdm_status":"","tdm_grid_status":"","footnotes":""},"categories":[39],"tags":[],"class_list":{"0":"post-104572","1":"post","2":"type-post","3":"status-publish","4":"format-standard","5":"has-post-thumbnail","7":"category-noticias-nacionales"},"yoast_head":"<!-- This site is optimized with the Yoast SEO plugin v27.4 - https:\/\/yoast.com\/product\/yoast-seo-wordpress\/ -->\n<title>Pueblo de M\u00e9xico tiene que conocer la verdad del rancho Izaguirre de Teuchitl\u00e1n: Sheinbaum - Fuentes Fidedignas<\/title>\n<meta name=\"robots\" content=\"index, follow, max-snippet:-1, max-image-preview:large, max-video-preview:-1\" \/>\n<link rel=\"canonical\" href=\"https:\/\/fuentesfidedignas.com.mx\/index.php\/2025\/03\/24\/pueblo-de-mexico-tiene-que-conocer-la-verdad-del-rancho-izaguirre-de-teuchitlan-sheinbaum\/\" \/>\n<meta property=\"og:locale\" content=\"es_MX\" \/>\n<meta property=\"og:type\" content=\"article\" \/>\n<meta property=\"og:title\" content=\"Pueblo de M\u00e9xico tiene que conocer la verdad del rancho Izaguirre de Teuchitl\u00e1n: Sheinbaum - Fuentes Fidedignas\" \/>\n<meta property=\"og:description\" content=\"La presidenta Sheinbaum dijo que la FGR debe asumir ya la investigaci\u00f3n de lo que ocurri\u00f3 en el rancho Izaguirre de Teuchitl\u00e1n La presidenta Claudia Sheinbaum Pardo dej\u00f3 en claro que el pueblo de M\u00e9xico debe conocer la verdad de lo que ocurri\u00f3 en el rancho Izaguirre de Teuchitl\u00e1n, Jalisco En la conferencia matutina de [&hellip;]\" \/>\n<meta property=\"og:url\" content=\"https:\/\/fuentesfidedignas.com.mx\/index.php\/2025\/03\/24\/pueblo-de-mexico-tiene-que-conocer-la-verdad-del-rancho-izaguirre-de-teuchitlan-sheinbaum\/\" \/>\n<meta property=\"og:site_name\" content=\"Fuentes Fidedignas\" \/>\n<meta property=\"article:publisher\" content=\"https:\/\/www.facebook.com\/Fuentes-Fidedignas-368234489921644\" \/>\n<meta property=\"article:published_time\" content=\"2025-03-24T17:54:47+00:00\" \/>\n<meta property=\"og:image\" content=\"https:\/\/fuentesfidedignas.com.mx\/wp-content\/uploads\/2025\/03\/img_4310-1.jpg\" \/>\n\t<meta property=\"og:image:width\" content=\"1536\" \/>\n\t<meta property=\"og:image:height\" content=\"1024\" \/>\n\t<meta property=\"og:image:type\" content=\"image\/jpeg\" \/>\n<meta name=\"author\" content=\"L\u00f3pez D\u00f3riga\" \/>\n<meta name=\"twitter:card\" content=\"summary_large_image\" \/>\n<meta name=\"twitter:creator\" content=\"@fidedignas\" \/>\n<meta name=\"twitter:site\" content=\"@fidedignas\" \/>\n<meta name=\"twitter:label1\" content=\"Escrito por\" \/>\n\t<meta name=\"twitter:data1\" content=\"L\u00f3pez D\u00f3riga\" \/>\n\t<meta name=\"twitter:label2\" content=\"Tiempo de lectura\" \/>\n\t<meta name=\"twitter:data2\" content=\"2 minutos\" \/>\n<script type=\"application\/ld+json\" class=\"yoast-schema-graph\">{\"@context\":\"https:\\\/\\\/schema.org\",\"@graph\":[{\"@type\":\"Article\",\"@id\":\"https:\\\/\\\/fuentesfidedignas.com.mx\\\/index.php\\\/2025\\\/03\\\/24\\\/pueblo-de-mexico-tiene-que-conocer-la-verdad-del-rancho-izaguirre-de-teuchitlan-sheinbaum\\\/#article\",\"isPartOf\":{\"@id\":\"https:\\\/\\\/fuentesfidedignas.com.mx\\\/index.php\\\/2025\\\/03\\\/24\\\/pueblo-de-mexico-tiene-que-conocer-la-verdad-del-rancho-izaguirre-de-teuchitlan-sheinbaum\\\/\"},\"author\":{\"name\":\"L\u00f3pez D\u00f3riga\",\"@id\":\"https:\\\/\\\/fuentesfidedignas.com.mx\\\/#\\\/schema\\\/person\\\/67d852f0557c8509146a4b9ddebd543a\"},\"headline\":\"Pueblo de M\u00e9xico tiene que conocer la verdad del rancho Izaguirre de Teuchitl\u00e1n: Sheinbaum\",\"datePublished\":\"2025-03-24T17:54:47+00:00\",\"mainEntityOfPage\":{\"@id\":\"https:\\\/\\\/fuentesfidedignas.com.mx\\\/index.php\\\/2025\\\/03\\\/24\\\/pueblo-de-mexico-tiene-que-conocer-la-verdad-del-rancho-izaguirre-de-teuchitlan-sheinbaum\\\/\"},\"wordCount\":333,\"publisher\":{\"@id\":\"https:\\\/\\\/fuentesfidedignas.com.mx\\\/#organization\"},\"image\":{\"@id\":\"https:\\\/\\\/fuentesfidedignas.com.mx\\\/index.php\\\/2025\\\/03\\\/24\\\/pueblo-de-mexico-tiene-que-conocer-la-verdad-del-rancho-izaguirre-de-teuchitlan-sheinbaum\\\/#primaryimage\"},\"thumbnailUrl\":\"https:\\\/\\\/fuentesfidedignas.com.mx\\\/wp-content\\\/uploads\\\/2025\\\/03\\\/img_4310-1.jpg\",\"articleSection\":[\"NOTICIAS NACIONALES\"],\"inLanguage\":\"es\"},{\"@type\":\"WebPage\",\"@id\":\"https:\\\/\\\/fuentesfidedignas.com.mx\\\/index.php\\\/2025\\\/03\\\/24\\\/pueblo-de-mexico-tiene-que-conocer-la-verdad-del-rancho-izaguirre-de-teuchitlan-sheinbaum\\\/\",\"url\":\"https:\\\/\\\/fuentesfidedignas.com.mx\\\/index.php\\\/2025\\\/03\\\/24\\\/pueblo-de-mexico-tiene-que-conocer-la-verdad-del-rancho-izaguirre-de-teuchitlan-sheinbaum\\\/\",\"name\":\"Pueblo de M\u00e9xico tiene que conocer la verdad del rancho Izaguirre de Teuchitl\u00e1n: Sheinbaum - Fuentes Fidedignas\",\"isPartOf\":{\"@id\":\"https:\\\/\\\/fuentesfidedignas.com.mx\\\/#website\"},\"primaryImageOfPage\":{\"@id\":\"https:\\\/\\\/fuentesfidedignas.com.mx\\\/index.php\\\/2025\\\/03\\\/24\\\/pueblo-de-mexico-tiene-que-conocer-la-verdad-del-rancho-izaguirre-de-teuchitlan-sheinbaum\\\/#primaryimage\"},\"image\":{\"@id\":\"https:\\\/\\\/fuentesfidedignas.com.mx\\\/index.php\\\/2025\\\/03\\\/24\\\/pueblo-de-mexico-tiene-que-conocer-la-verdad-del-rancho-izaguirre-de-teuchitlan-sheinbaum\\\/#primaryimage\"},\"thumbnailUrl\":\"https:\\\/\\\/fuentesfidedignas.com.mx\\\/wp-content\\\/uploads\\\/2025\\\/03\\\/img_4310-1.jpg\",\"datePublished\":\"2025-03-24T17:54:47+00:00\",\"breadcrumb\":{\"@id\":\"https:\\\/\\\/fuentesfidedignas.com.mx\\\/index.php\\\/2025\\\/03\\\/24\\\/pueblo-de-mexico-tiene-que-conocer-la-verdad-del-rancho-izaguirre-de-teuchitlan-sheinbaum\\\/#breadcrumb\"},\"inLanguage\":\"es\",\"potentialAction\":[{\"@type\":\"ReadAction\",\"target\":[\"https:\\\/\\\/fuentesfidedignas.com.mx\\\/index.php\\\/2025\\\/03\\\/24\\\/pueblo-de-mexico-tiene-que-conocer-la-verdad-del-rancho-izaguirre-de-teuchitlan-sheinbaum\\\/\"]}]},{\"@type\":\"ImageObject\",\"inLanguage\":\"es\",\"@id\":\"https:\\\/\\\/fuentesfidedignas.com.mx\\\/index.php\\\/2025\\\/03\\\/24\\\/pueblo-de-mexico-tiene-que-conocer-la-verdad-del-rancho-izaguirre-de-teuchitlan-sheinbaum\\\/#primaryimage\",\"url\":\"https:\\\/\\\/fuentesfidedignas.com.mx\\\/wp-content\\\/uploads\\\/2025\\\/03\\\/img_4310-1.jpg\",\"contentUrl\":\"https:\\\/\\\/fuentesfidedignas.com.mx\\\/wp-content\\\/uploads\\\/2025\\\/03\\\/img_4310-1.jpg\",\"width\":1536,\"height\":1024},{\"@type\":\"BreadcrumbList\",\"@id\":\"https:\\\/\\\/fuentesfidedignas.com.mx\\\/index.php\\\/2025\\\/03\\\/24\\\/pueblo-de-mexico-tiene-que-conocer-la-verdad-del-rancho-izaguirre-de-teuchitlan-sheinbaum\\\/#breadcrumb\",\"itemListElement\":[{\"@type\":\"ListItem\",\"position\":1,\"name\":\"Inicio\",\"item\":\"https:\\\/\\\/fuentesfidedignas.com.mx\\\/\"},{\"@type\":\"ListItem\",\"position\":2,\"name\":\"Pueblo de M\u00e9xico tiene que conocer la verdad del rancho Izaguirre de Teuchitl\u00e1n: Sheinbaum\"}]},{\"@type\":\"WebSite\",\"@id\":\"https:\\\/\\\/fuentesfidedignas.com.mx\\\/#website\",\"url\":\"https:\\\/\\\/fuentesfidedignas.com.mx\\\/\",\"name\":\"Fuentes Fidedignas\",\"description\":\"Otro sitio realizado con WordPress\",\"publisher\":{\"@id\":\"https:\\\/\\\/fuentesfidedignas.com.mx\\\/#organization\"},\"potentialAction\":[{\"@type\":\"SearchAction\",\"target\":{\"@type\":\"EntryPoint\",\"urlTemplate\":\"https:\\\/\\\/fuentesfidedignas.com.mx\\\/?s={search_term_string}\"},\"query-input\":{\"@type\":\"PropertyValueSpecification\",\"valueRequired\":true,\"valueName\":\"search_term_string\"}}],\"inLanguage\":\"es\"},{\"@type\":\"Organization\",\"@id\":\"https:\\\/\\\/fuentesfidedignas.com.mx\\\/#organization\",\"name\":\"Fuentes Fidedignas\",\"url\":\"https:\\\/\\\/fuentesfidedignas.com.mx\\\/\",\"logo\":{\"@type\":\"ImageObject\",\"inLanguage\":\"es\",\"@id\":\"https:\\\/\\\/fuentesfidedignas.com.mx\\\/#\\\/schema\\\/logo\\\/image\\\/\",\"url\":\"https:\\\/\\\/fuentesfidedignas.com.mx\\\/wp-content\\\/uploads\\\/2021\\\/04\\\/logo-retina.png\",\"contentUrl\":\"https:\\\/\\\/fuentesfidedignas.com.mx\\\/wp-content\\\/uploads\\\/2021\\\/04\\\/logo-retina.png\",\"width\":280,\"height\":51,\"caption\":\"Fuentes Fidedignas\"},\"image\":{\"@id\":\"https:\\\/\\\/fuentesfidedignas.com.mx\\\/#\\\/schema\\\/logo\\\/image\\\/\"},\"sameAs\":[\"https:\\\/\\\/www.facebook.com\\\/Fuentes-Fidedignas-368234489921644\",\"https:\\\/\\\/x.com\\\/fidedignas\"]},{\"@type\":\"Person\",\"@id\":\"https:\\\/\\\/fuentesfidedignas.com.mx\\\/#\\\/schema\\\/person\\\/67d852f0557c8509146a4b9ddebd543a\",\"name\":\"L\u00f3pez D\u00f3riga\",\"image\":{\"@type\":\"ImageObject\",\"inLanguage\":\"es\",\"@id\":\"https:\\\/\\\/secure.gravatar.com\\\/avatar\\\/e525b06574ca18b33cded59dfe5778d6c823b9513154eff47da551b0551bdd1e?s=96&d=mm&r=g\",\"url\":\"https:\\\/\\\/secure.gravatar.com\\\/avatar\\\/e525b06574ca18b33cded59dfe5778d6c823b9513154eff47da551b0551bdd1e?s=96&d=mm&r=g\",\"contentUrl\":\"https:\\\/\\\/secure.gravatar.com\\\/avatar\\\/e525b06574ca18b33cded59dfe5778d6c823b9513154eff47da551b0551bdd1e?s=96&d=mm&r=g\",\"caption\":\"L\u00f3pez D\u00f3riga\"},\"url\":\"https:\\\/\\\/fuentesfidedignas.com.mx\\\/index.php\\\/author\\\/doriga\\\/\"}]}<\/script>\n<!-- \/ Yoast SEO plugin. -->","yoast_head_json":{"title":"Pueblo de M\u00e9xico tiene que conocer la verdad del rancho Izaguirre de Teuchitl\u00e1n: Sheinbaum - Fuentes Fidedignas","robots":{"index":"index","follow":"follow","max-snippet":"max-snippet:-1","max-image-preview":"max-image-preview:large","max-video-preview":"max-video-preview:-1"},"canonical":"https:\/\/fuentesfidedignas.com.mx\/index.php\/2025\/03\/24\/pueblo-de-mexico-tiene-que-conocer-la-verdad-del-rancho-izaguirre-de-teuchitlan-sheinbaum\/","og_locale":"es_MX","og_type":"article","og_title":"Pueblo de M\u00e9xico tiene que conocer la verdad del rancho Izaguirre de Teuchitl\u00e1n: Sheinbaum - Fuentes Fidedignas","og_description":"La presidenta Sheinbaum dijo que la FGR debe asumir ya la investigaci\u00f3n de lo que ocurri\u00f3 en el rancho Izaguirre de Teuchitl\u00e1n La presidenta Claudia Sheinbaum Pardo dej\u00f3 en claro que el pueblo de M\u00e9xico debe conocer la verdad de lo que ocurri\u00f3 en el rancho Izaguirre de Teuchitl\u00e1n, Jalisco En la conferencia matutina de [&hellip;]","og_url":"https:\/\/fuentesfidedignas.com.mx\/index.php\/2025\/03\/24\/pueblo-de-mexico-tiene-que-conocer-la-verdad-del-rancho-izaguirre-de-teuchitlan-sheinbaum\/","og_site_name":"Fuentes Fidedignas","article_publisher":"https:\/\/www.facebook.com\/Fuentes-Fidedignas-368234489921644","article_published_time":"2025-03-24T17:54:47+00:00","og_image":[{"width":1536,"height":1024,"url":"https:\/\/fuentesfidedignas.com.mx\/wp-content\/uploads\/2025\/03\/img_4310-1.jpg","type":"image\/jpeg"}],"author":"L\u00f3pez D\u00f3riga","twitter_card":"summary_large_image","twitter_creator":"@fidedignas","twitter_site":"@fidedignas","twitter_misc":{"Escrito por":"L\u00f3pez D\u00f3riga","Tiempo de lectura":"2 minutos"},"schema":{"@context":"https:\/\/schema.org","@graph":[{"@type":"Article","@id":"https:\/\/fuentesfidedignas.com.mx\/index.php\/2025\/03\/24\/pueblo-de-mexico-tiene-que-conocer-la-verdad-del-rancho-izaguirre-de-teuchitlan-sheinbaum\/#article","isPartOf":{"@id":"https:\/\/fuentesfidedignas.com.mx\/index.php\/2025\/03\/24\/pueblo-de-mexico-tiene-que-conocer-la-verdad-del-rancho-izaguirre-de-teuchitlan-sheinbaum\/"},"author":{"name":"L\u00f3pez D\u00f3riga","@id":"https:\/\/fuentesfidedignas.com.mx\/#\/schema\/person\/67d852f0557c8509146a4b9ddebd543a"},"headline":"Pueblo de M\u00e9xico tiene que conocer la verdad del rancho Izaguirre de Teuchitl\u00e1n: Sheinbaum","datePublished":"2025-03-24T17:54:47+00:00","mainEntityOfPage":{"@id":"https:\/\/fuentesfidedignas.com.mx\/index.php\/2025\/03\/24\/pueblo-de-mexico-tiene-que-conocer-la-verdad-del-rancho-izaguirre-de-teuchitlan-sheinbaum\/"},"wordCount":333,"publisher":{"@id":"https:\/\/fuentesfidedignas.com.mx\/#organization"},"image":{"@id":"https:\/\/fuentesfidedignas.com.mx\/index.php\/2025\/03\/24\/pueblo-de-mexico-tiene-que-conocer-la-verdad-del-rancho-izaguirre-de-teuchitlan-sheinbaum\/#primaryimage"},"thumbnailUrl":"https:\/\/fuentesfidedignas.com.mx\/wp-content\/uploads\/2025\/03\/img_4310-1.jpg","articleSection":["NOTICIAS NACIONALES"],"inLanguage":"es"},{"@type":"WebPage","@id":"https:\/\/fuentesfidedignas.com.mx\/index.php\/2025\/03\/24\/pueblo-de-mexico-tiene-que-conocer-la-verdad-del-rancho-izaguirre-de-teuchitlan-sheinbaum\/","url":"https:\/\/fuentesfidedignas.com.mx\/index.php\/2025\/03\/24\/pueblo-de-mexico-tiene-que-conocer-la-verdad-del-rancho-izaguirre-de-teuchitlan-sheinbaum\/","name":"Pueblo de M\u00e9xico tiene que conocer la verdad del rancho Izaguirre de Teuchitl\u00e1n: Sheinbaum - Fuentes Fidedignas","isPartOf":{"@id":"https:\/\/fuentesfidedignas.com.mx\/#website"},"primaryImageOfPage":{"@id":"https:\/\/fuentesfidedignas.com.mx\/index.php\/2025\/03\/24\/pueblo-de-mexico-tiene-que-conocer-la-verdad-del-rancho-izaguirre-de-teuchitlan-sheinbaum\/#primaryimage"},"image":{"@id":"https:\/\/fuentesfidedignas.com.mx\/index.php\/2025\/03\/24\/pueblo-de-mexico-tiene-que-conocer-la-verdad-del-rancho-izaguirre-de-teuchitlan-sheinbaum\/#primaryimage"},"thumbnailUrl":"https:\/\/fuentesfidedignas.com.mx\/wp-content\/uploads\/2025\/03\/img_4310-1.jpg","datePublished":"2025-03-24T17:54:47+00:00","breadcrumb":{"@id":"https:\/\/fuentesfidedignas.com.mx\/index.php\/2025\/03\/24\/pueblo-de-mexico-tiene-que-conocer-la-verdad-del-rancho-izaguirre-de-teuchitlan-sheinbaum\/#breadcrumb"},"inLanguage":"es","potentialAction":[{"@type":"ReadAction","target":["https:\/\/fuentesfidedignas.com.mx\/index.php\/2025\/03\/24\/pueblo-de-mexico-tiene-que-conocer-la-verdad-del-rancho-izaguirre-de-teuchitlan-sheinbaum\/"]}]},{"@type":"ImageObject","inLanguage":"es","@id":"https:\/\/fuentesfidedignas.com.mx\/index.php\/2025\/03\/24\/pueblo-de-mexico-tiene-que-conocer-la-verdad-del-rancho-izaguirre-de-teuchitlan-sheinbaum\/#primaryimage","url":"https:\/\/fuentesfidedignas.com.mx\/wp-content\/uploads\/2025\/03\/img_4310-1.jpg","contentUrl":"https:\/\/fuentesfidedignas.com.mx\/wp-content\/uploads\/2025\/03\/img_4310-1.jpg","width":1536,"height":1024},{"@type":"BreadcrumbList","@id":"https:\/\/fuentesfidedignas.com.mx\/index.php\/2025\/03\/24\/pueblo-de-mexico-tiene-que-conocer-la-verdad-del-rancho-izaguirre-de-teuchitlan-sheinbaum\/#breadcrumb","itemListElement":[{"@type":"ListItem","position":1,"name":"Inicio","item":"https:\/\/fuentesfidedignas.com.mx\/"},{"@type":"ListItem","position":2,"name":"Pueblo de M\u00e9xico tiene que conocer la verdad del rancho Izaguirre de Teuchitl\u00e1n: Sheinbaum"}]},{"@type":"WebSite","@id":"https:\/\/fuentesfidedignas.com.mx\/#website","url":"https:\/\/fuentesfidedignas.com.mx\/","name":"Fuentes Fidedignas","description":"Otro sitio realizado con WordPress","publisher":{"@id":"https:\/\/fuentesfidedignas.com.mx\/#organization"},"potentialAction":[{"@type":"SearchAction","target":{"@type":"EntryPoint","urlTemplate":"https:\/\/fuentesfidedignas.com.mx\/?s={search_term_string}"},"query-input":{"@type":"PropertyValueSpecification","valueRequired":true,"valueName":"search_term_string"}}],"inLanguage":"es"},{"@type":"Organization","@id":"https:\/\/fuentesfidedignas.com.mx\/#organization","name":"Fuentes Fidedignas","url":"https:\/\/fuentesfidedignas.com.mx\/","logo":{"@type":"ImageObject","inLanguage":"es","@id":"https:\/\/fuentesfidedignas.com.mx\/#\/schema\/logo\/image\/","url":"https:\/\/fuentesfidedignas.com.mx\/wp-content\/uploads\/2021\/04\/logo-retina.png","contentUrl":"https:\/\/fuentesfidedignas.com.mx\/wp-content\/uploads\/2021\/04\/logo-retina.png","width":280,"height":51,"caption":"Fuentes Fidedignas"},"image":{"@id":"https:\/\/fuentesfidedignas.com.mx\/#\/schema\/logo\/image\/"},"sameAs":["https:\/\/www.facebook.com\/Fuentes-Fidedignas-368234489921644","https:\/\/x.com\/fidedignas"]},{"@type":"Person","@id":"https:\/\/fuentesfidedignas.com.mx\/#\/schema\/person\/67d852f0557c8509146a4b9ddebd543a","name":"L\u00f3pez D\u00f3riga","image":{"@type":"ImageObject","inLanguage":"es","@id":"https:\/\/secure.gravatar.com\/avatar\/e525b06574ca18b33cded59dfe5778d6c823b9513154eff47da551b0551bdd1e?s=96&d=mm&r=g","url":"https:\/\/secure.gravatar.com\/avatar\/e525b06574ca18b33cded59dfe5778d6c823b9513154eff47da551b0551bdd1e?s=96&d=mm&r=g","contentUrl":"https:\/\/secure.gravatar.com\/avatar\/e525b06574ca18b33cded59dfe5778d6c823b9513154eff47da551b0551bdd1e?s=96&d=mm&r=g","caption":"L\u00f3pez D\u00f3riga"},"url":"https:\/\/fuentesfidedignas.com.mx\/index.php\/author\/doriga\/"}]}},"_links":{"self":[{"href":"https:\/\/fuentesfidedignas.com.mx\/index.php\/wp-json\/wp\/v2\/posts\/104572","targetHints":{"allow":["GET"]}}],"collection":[{"href":"https:\/\/fuentesfidedignas.com.mx\/index.php\/wp-json\/wp\/v2\/posts"}],"about":[{"href":"https:\/\/fuentesfidedignas.com.mx\/index.php\/wp-json\/wp\/v2\/types\/post"}],"author":[{"embeddable":true,"href":"https:\/\/fuentesfidedignas.com.mx\/index.php\/wp-json\/wp\/v2\/users\/47"}],"replies":[{"embeddable":true,"href":"https:\/\/fuentesfidedignas.com.mx\/index.php\/wp-json\/wp\/v2\/comments?post=104572"}],"version-history":[{"count":1,"href":"https:\/\/fuentesfidedignas.com.mx\/index.php\/wp-json\/wp\/v2\/posts\/104572\/revisions"}],"predecessor-version":[{"id":104573,"href":"https:\/\/fuentesfidedignas.com.mx\/index.php\/wp-json\/wp\/v2\/posts\/104572\/revisions\/104573"}],"wp:featuredmedia":[{"embeddable":true,"href":"https:\/\/fuentesfidedignas.com.mx\/index.php\/wp-json\/wp\/v2\/media\/104571"}],"wp:attachment":[{"href":"https:\/\/fuentesfidedignas.com.mx\/index.php\/wp-json\/wp\/v2\/media?parent=104572"}],"wp:term":[{"taxonomy":"category","embeddable":true,"href":"https:\/\/fuentesfidedignas.com.mx\/index.php\/wp-json\/wp\/v2\/categories?post=104572"},{"taxonomy":"post_tag","embeddable":true,"href":"https:\/\/fuentesfidedignas.com.mx\/index.php\/wp-json\/wp\/v2\/tags?post=104572"}],"curies":[{"name":"wp","href":"https:\/\/api.w.org\/{rel}","templated":true}]}}