{"id":104559,"date":"2025-03-24T07:06:58","date_gmt":"2025-03-24T14:06:58","guid":{"rendered":"https:\/\/fuentesfidedignas.com.mx\/?p=104559"},"modified":"2025-03-24T14:15:26","modified_gmt":"2025-03-24T21:15:26","slug":"frente-frio-y-canales-de-baja-presion-traeran-a-sinaloa-temperaturas-de-40-a-45-c","status":"publish","type":"post","link":"https:\/\/fuentesfidedignas.com.mx\/index.php\/2025\/03\/24\/frente-frio-y-canales-de-baja-presion-traeran-a-sinaloa-temperaturas-de-40-a-45-c\/","title":{"rendered":"Frente fr\u00edo y canales de baja presi\u00f3n traer\u00e1n a Sinaloa temperaturas de 40 a 45 \u00b0C"},"content":{"rendered":"\n<p><strong><em>Ocho estados superar\u00e1n este lunes 24 de marzo los 40\u00b0C; frente fr\u00edo afectar\u00e1 entidades del norte del territorio nacional<\/em><\/strong><\/p>\n\n\n\n<p>El Servicio Meteorol\u00f3gico Nacional (SMN) prev\u00e9 para este lunes 24 de marzo que un frente fr\u00edo sobre la frontera norte y noreste del pa\u00eds, adem\u00e1s de que se esperan temperaturas superiores a los 40 \u00b0C en ocho estados.<\/p>\n\n\n\n<p>Dicho frente fr\u00edo, en interacci\u00f3n con una l\u00ednea seca que se establecer\u00e1 sobre Coahuila y un canal de baja presi\u00f3n que se extender\u00e1 sobre la Mesa del Norte, ocasionar\u00e1n chubascos con lluvias puntuales fuertes, adem\u00e1s de rachas fuertes de viento en estados del noreste.<\/p>\n\n\n\n<p>Un segundo canal de baja presi\u00f3n en el sureste de M\u00e9xico y la pen\u00ednsula de Yucat\u00e1n, en combinaci\u00f3n con el ingreso de humedad del oc\u00e9ano Pac\u00edfico y mar Caribe, propiciar\u00e1n lluvias y chubascos en dichas regiones, incluyendo la regi\u00f3n central de M\u00e9xico.<\/p>\n\n\n\n<p>Finalmente se mantendr\u00e1 ambiente diurno c\u00e1lido a caluroso sobre gran parte del territorio nacional, con temperaturas superiores a 40 \u00b0C en zonas de Sonora, Sinaloa, Michoac\u00e1n, Guerrero, Morelos, Oaxaca, Chiapas y Campeche.<\/p>\n\n\n\n<p><strong>Pron\u00f3stico de temperaturas m\u00e1ximas para hoy:<\/strong><\/p>\n\n\n\n<p>De 40 a 45 \u00b0C: Sonora, Sinaloa, Michoac\u00e1n, Guerrero, Oaxaca, Chiapas, Morelos y Campeche.<br>De 35 a 40 \u00b0C: Baja California (noreste), Nayarit, Jalisco, Colima, Chihuahua (oeste), Durango (oeste), Coahuila, Nuevo Le\u00f3n, Tamaulipas, San Luis Potos\u00ed, Hidalgo, Estado de M\u00e9xico (suroeste), Puebla (suroeste), Veracruz, Tabasco, Yucat\u00e1n y Quintana Roo.<br>De 30 a 35 \u00b0C: Baja California Sur, Zacatecas, Aguascalientes, Guanajuato y Quer\u00e9taro.<\/p>\n\n\n\n<p><strong>Pron\u00f3stico de temperaturas m\u00ednimas para este lunes 24 de marzo:<\/strong><\/p>\n\n\n\n<p>De -10 a -5 \u00b0C con heladas: zonas monta\u00f1osas de Chihuahua y Durango.<br>De -5 a 0 \u00b0C con heladas: zonas monta\u00f1osas de Sonora, Zacatecas y Estado de M\u00e9xico.<br>De 0 a 5 \u00b0C: zonas de Baja California, Aguascalientes, Jalisco, Michoac\u00e1n, Guanajuato, Tlaxcala, Puebla y Oaxaca.<\/p>\n","protected":false},"excerpt":{"rendered":"<p>Ocho estados superar\u00e1n este lunes 24 de marzo los 40\u00b0C; frente fr\u00edo afectar\u00e1 entidades del norte del territorio nacional El Servicio Meteorol\u00f3gico Nacional (SMN) prev\u00e9 para este lunes 24 de marzo que un frente fr\u00edo sobre la frontera norte y noreste del pa\u00eds, adem\u00e1s de que se esperan temperaturas superiores a los 40 \u00b0C en [&hellip;]<\/p>\n","protected":false},"author":47,"featured_media":45507,"comment_status":"open","ping_status":"open","sticky":false,"template":"","format":"standard","meta":{"tdm_status":"","tdm_grid_status":"","footnotes":""},"categories":[39],"tags":[],"class_list":{"0":"post-104559","1":"post","2":"type-post","3":"status-publish","4":"format-standard","5":"has-post-thumbnail","7":"category-noticias-nacionales"},"yoast_head":"<!-- This site is optimized with the Yoast SEO plugin v27.4 - https:\/\/yoast.com\/product\/yoast-seo-wordpress\/ -->\n<title>Frente fr\u00edo y canales de baja presi\u00f3n traer\u00e1n a Sinaloa temperaturas de 40 a 45 \u00b0C - Fuentes Fidedignas<\/title>\n<meta name=\"robots\" content=\"index, follow, max-snippet:-1, max-image-preview:large, max-video-preview:-1\" \/>\n<link rel=\"canonical\" href=\"https:\/\/fuentesfidedignas.com.mx\/index.php\/2025\/03\/24\/frente-frio-y-canales-de-baja-presion-traeran-a-sinaloa-temperaturas-de-40-a-45-c\/\" \/>\n<meta property=\"og:locale\" content=\"es_MX\" \/>\n<meta property=\"og:type\" content=\"article\" \/>\n<meta property=\"og:title\" content=\"Frente fr\u00edo y canales de baja presi\u00f3n traer\u00e1n a Sinaloa temperaturas de 40 a 45 \u00b0C - Fuentes Fidedignas\" \/>\n<meta property=\"og:description\" content=\"Ocho estados superar\u00e1n este lunes 24 de marzo los 40\u00b0C; frente fr\u00edo afectar\u00e1 entidades del norte del territorio nacional El Servicio Meteorol\u00f3gico Nacional (SMN) prev\u00e9 para este lunes 24 de marzo que un frente fr\u00edo sobre la frontera norte y noreste del pa\u00eds, adem\u00e1s de que se esperan temperaturas superiores a los 40 \u00b0C en [&hellip;]\" \/>\n<meta property=\"og:url\" content=\"https:\/\/fuentesfidedignas.com.mx\/index.php\/2025\/03\/24\/frente-frio-y-canales-de-baja-presion-traeran-a-sinaloa-temperaturas-de-40-a-45-c\/\" \/>\n<meta property=\"og:site_name\" content=\"Fuentes Fidedignas\" \/>\n<meta property=\"article:publisher\" content=\"https:\/\/www.facebook.com\/Fuentes-Fidedignas-368234489921644\" \/>\n<meta property=\"article:published_time\" content=\"2025-03-24T14:06:58+00:00\" \/>\n<meta property=\"article:modified_time\" content=\"2025-03-24T21:15:26+00:00\" \/>\n<meta property=\"og:image\" content=\"https:\/\/fuentesfidedignas.com.mx\/wp-content\/uploads\/2023\/04\/calor-verano-persona-con-sombrilla.jpg\" \/>\n\t<meta property=\"og:image:width\" content=\"1140\" \/>\n\t<meta property=\"og:image:height\" content=\"712\" \/>\n\t<meta property=\"og:image:type\" content=\"image\/jpeg\" \/>\n<meta name=\"author\" content=\"L\u00f3pez D\u00f3riga\" \/>\n<meta name=\"twitter:card\" content=\"summary_large_image\" \/>\n<meta name=\"twitter:creator\" content=\"@fidedignas\" \/>\n<meta name=\"twitter:site\" content=\"@fidedignas\" \/>\n<meta name=\"twitter:label1\" content=\"Escrito por\" \/>\n\t<meta name=\"twitter:data1\" content=\"L\u00f3pez D\u00f3riga\" \/>\n\t<meta name=\"twitter:label2\" content=\"Tiempo de lectura\" \/>\n\t<meta name=\"twitter:data2\" content=\"2 minutos\" \/>\n<script type=\"application\/ld+json\" class=\"yoast-schema-graph\">{\"@context\":\"https:\\\/\\\/schema.org\",\"@graph\":[{\"@type\":\"Article\",\"@id\":\"https:\\\/\\\/fuentesfidedignas.com.mx\\\/index.php\\\/2025\\\/03\\\/24\\\/frente-frio-y-canales-de-baja-presion-traeran-a-sinaloa-temperaturas-de-40-a-45-c\\\/#article\",\"isPartOf\":{\"@id\":\"https:\\\/\\\/fuentesfidedignas.com.mx\\\/index.php\\\/2025\\\/03\\\/24\\\/frente-frio-y-canales-de-baja-presion-traeran-a-sinaloa-temperaturas-de-40-a-45-c\\\/\"},\"author\":{\"name\":\"L\u00f3pez D\u00f3riga\",\"@id\":\"https:\\\/\\\/fuentesfidedignas.com.mx\\\/#\\\/schema\\\/person\\\/67d852f0557c8509146a4b9ddebd543a\"},\"headline\":\"Frente fr\u00edo y canales de baja presi\u00f3n traer\u00e1n a Sinaloa temperaturas de 40 a 45 \u00b0C\",\"datePublished\":\"2025-03-24T14:06:58+00:00\",\"dateModified\":\"2025-03-24T21:15:26+00:00\",\"mainEntityOfPage\":{\"@id\":\"https:\\\/\\\/fuentesfidedignas.com.mx\\\/index.php\\\/2025\\\/03\\\/24\\\/frente-frio-y-canales-de-baja-presion-traeran-a-sinaloa-temperaturas-de-40-a-45-c\\\/\"},\"wordCount\":339,\"commentCount\":0,\"publisher\":{\"@id\":\"https:\\\/\\\/fuentesfidedignas.com.mx\\\/#organization\"},\"image\":{\"@id\":\"https:\\\/\\\/fuentesfidedignas.com.mx\\\/index.php\\\/2025\\\/03\\\/24\\\/frente-frio-y-canales-de-baja-presion-traeran-a-sinaloa-temperaturas-de-40-a-45-c\\\/#primaryimage\"},\"thumbnailUrl\":\"https:\\\/\\\/fuentesfidedignas.com.mx\\\/wp-content\\\/uploads\\\/2023\\\/04\\\/calor-verano-persona-con-sombrilla.jpg\",\"articleSection\":[\"NOTICIAS NACIONALES\"],\"inLanguage\":\"es\",\"potentialAction\":[{\"@type\":\"CommentAction\",\"name\":\"Comment\",\"target\":[\"https:\\\/\\\/fuentesfidedignas.com.mx\\\/index.php\\\/2025\\\/03\\\/24\\\/frente-frio-y-canales-de-baja-presion-traeran-a-sinaloa-temperaturas-de-40-a-45-c\\\/#respond\"]}]},{\"@type\":\"WebPage\",\"@id\":\"https:\\\/\\\/fuentesfidedignas.com.mx\\\/index.php\\\/2025\\\/03\\\/24\\\/frente-frio-y-canales-de-baja-presion-traeran-a-sinaloa-temperaturas-de-40-a-45-c\\\/\",\"url\":\"https:\\\/\\\/fuentesfidedignas.com.mx\\\/index.php\\\/2025\\\/03\\\/24\\\/frente-frio-y-canales-de-baja-presion-traeran-a-sinaloa-temperaturas-de-40-a-45-c\\\/\",\"name\":\"Frente fr\u00edo y canales de baja presi\u00f3n traer\u00e1n a Sinaloa temperaturas de 40 a 45 \u00b0C - Fuentes Fidedignas\",\"isPartOf\":{\"@id\":\"https:\\\/\\\/fuentesfidedignas.com.mx\\\/#website\"},\"primaryImageOfPage\":{\"@id\":\"https:\\\/\\\/fuentesfidedignas.com.mx\\\/index.php\\\/2025\\\/03\\\/24\\\/frente-frio-y-canales-de-baja-presion-traeran-a-sinaloa-temperaturas-de-40-a-45-c\\\/#primaryimage\"},\"image\":{\"@id\":\"https:\\\/\\\/fuentesfidedignas.com.mx\\\/index.php\\\/2025\\\/03\\\/24\\\/frente-frio-y-canales-de-baja-presion-traeran-a-sinaloa-temperaturas-de-40-a-45-c\\\/#primaryimage\"},\"thumbnailUrl\":\"https:\\\/\\\/fuentesfidedignas.com.mx\\\/wp-content\\\/uploads\\\/2023\\\/04\\\/calor-verano-persona-con-sombrilla.jpg\",\"datePublished\":\"2025-03-24T14:06:58+00:00\",\"dateModified\":\"2025-03-24T21:15:26+00:00\",\"breadcrumb\":{\"@id\":\"https:\\\/\\\/fuentesfidedignas.com.mx\\\/index.php\\\/2025\\\/03\\\/24\\\/frente-frio-y-canales-de-baja-presion-traeran-a-sinaloa-temperaturas-de-40-a-45-c\\\/#breadcrumb\"},\"inLanguage\":\"es\",\"potentialAction\":[{\"@type\":\"ReadAction\",\"target\":[\"https:\\\/\\\/fuentesfidedignas.com.mx\\\/index.php\\\/2025\\\/03\\\/24\\\/frente-frio-y-canales-de-baja-presion-traeran-a-sinaloa-temperaturas-de-40-a-45-c\\\/\"]}]},{\"@type\":\"ImageObject\",\"inLanguage\":\"es\",\"@id\":\"https:\\\/\\\/fuentesfidedignas.com.mx\\\/index.php\\\/2025\\\/03\\\/24\\\/frente-frio-y-canales-de-baja-presion-traeran-a-sinaloa-temperaturas-de-40-a-45-c\\\/#primaryimage\",\"url\":\"https:\\\/\\\/fuentesfidedignas.com.mx\\\/wp-content\\\/uploads\\\/2023\\\/04\\\/calor-verano-persona-con-sombrilla.jpg\",\"contentUrl\":\"https:\\\/\\\/fuentesfidedignas.com.mx\\\/wp-content\\\/uploads\\\/2023\\\/04\\\/calor-verano-persona-con-sombrilla.jpg\",\"width\":1140,\"height\":712},{\"@type\":\"BreadcrumbList\",\"@id\":\"https:\\\/\\\/fuentesfidedignas.com.mx\\\/index.php\\\/2025\\\/03\\\/24\\\/frente-frio-y-canales-de-baja-presion-traeran-a-sinaloa-temperaturas-de-40-a-45-c\\\/#breadcrumb\",\"itemListElement\":[{\"@type\":\"ListItem\",\"position\":1,\"name\":\"Inicio\",\"item\":\"https:\\\/\\\/fuentesfidedignas.com.mx\\\/\"},{\"@type\":\"ListItem\",\"position\":2,\"name\":\"Frente fr\u00edo y canales de baja presi\u00f3n traer\u00e1n a Sinaloa temperaturas de 40 a 45 \u00b0C\"}]},{\"@type\":\"WebSite\",\"@id\":\"https:\\\/\\\/fuentesfidedignas.com.mx\\\/#website\",\"url\":\"https:\\\/\\\/fuentesfidedignas.com.mx\\\/\",\"name\":\"Fuentes Fidedignas\",\"description\":\"Otro sitio realizado con WordPress\",\"publisher\":{\"@id\":\"https:\\\/\\\/fuentesfidedignas.com.mx\\\/#organization\"},\"potentialAction\":[{\"@type\":\"SearchAction\",\"target\":{\"@type\":\"EntryPoint\",\"urlTemplate\":\"https:\\\/\\\/fuentesfidedignas.com.mx\\\/?s={search_term_string}\"},\"query-input\":{\"@type\":\"PropertyValueSpecification\",\"valueRequired\":true,\"valueName\":\"search_term_string\"}}],\"inLanguage\":\"es\"},{\"@type\":\"Organization\",\"@id\":\"https:\\\/\\\/fuentesfidedignas.com.mx\\\/#organization\",\"name\":\"Fuentes Fidedignas\",\"url\":\"https:\\\/\\\/fuentesfidedignas.com.mx\\\/\",\"logo\":{\"@type\":\"ImageObject\",\"inLanguage\":\"es\",\"@id\":\"https:\\\/\\\/fuentesfidedignas.com.mx\\\/#\\\/schema\\\/logo\\\/image\\\/\",\"url\":\"https:\\\/\\\/fuentesfidedignas.com.mx\\\/wp-content\\\/uploads\\\/2021\\\/04\\\/logo-retina.png\",\"contentUrl\":\"https:\\\/\\\/fuentesfidedignas.com.mx\\\/wp-content\\\/uploads\\\/2021\\\/04\\\/logo-retina.png\",\"width\":280,\"height\":51,\"caption\":\"Fuentes Fidedignas\"},\"image\":{\"@id\":\"https:\\\/\\\/fuentesfidedignas.com.mx\\\/#\\\/schema\\\/logo\\\/image\\\/\"},\"sameAs\":[\"https:\\\/\\\/www.facebook.com\\\/Fuentes-Fidedignas-368234489921644\",\"https:\\\/\\\/x.com\\\/fidedignas\"]},{\"@type\":\"Person\",\"@id\":\"https:\\\/\\\/fuentesfidedignas.com.mx\\\/#\\\/schema\\\/person\\\/67d852f0557c8509146a4b9ddebd543a\",\"name\":\"L\u00f3pez D\u00f3riga\",\"image\":{\"@type\":\"ImageObject\",\"inLanguage\":\"es\",\"@id\":\"https:\\\/\\\/secure.gravatar.com\\\/avatar\\\/e525b06574ca18b33cded59dfe5778d6c823b9513154eff47da551b0551bdd1e?s=96&d=mm&r=g\",\"url\":\"https:\\\/\\\/secure.gravatar.com\\\/avatar\\\/e525b06574ca18b33cded59dfe5778d6c823b9513154eff47da551b0551bdd1e?s=96&d=mm&r=g\",\"contentUrl\":\"https:\\\/\\\/secure.gravatar.com\\\/avatar\\\/e525b06574ca18b33cded59dfe5778d6c823b9513154eff47da551b0551bdd1e?s=96&d=mm&r=g\",\"caption\":\"L\u00f3pez D\u00f3riga\"},\"url\":\"https:\\\/\\\/fuentesfidedignas.com.mx\\\/index.php\\\/author\\\/doriga\\\/\"}]}<\/script>\n<!-- \/ Yoast SEO plugin. -->","yoast_head_json":{"title":"Frente fr\u00edo y canales de baja presi\u00f3n traer\u00e1n a Sinaloa temperaturas de 40 a 45 \u00b0C - Fuentes Fidedignas","robots":{"index":"index","follow":"follow","max-snippet":"max-snippet:-1","max-image-preview":"max-image-preview:large","max-video-preview":"max-video-preview:-1"},"canonical":"https:\/\/fuentesfidedignas.com.mx\/index.php\/2025\/03\/24\/frente-frio-y-canales-de-baja-presion-traeran-a-sinaloa-temperaturas-de-40-a-45-c\/","og_locale":"es_MX","og_type":"article","og_title":"Frente fr\u00edo y canales de baja presi\u00f3n traer\u00e1n a Sinaloa temperaturas de 40 a 45 \u00b0C - Fuentes Fidedignas","og_description":"Ocho estados superar\u00e1n este lunes 24 de marzo los 40\u00b0C; frente fr\u00edo afectar\u00e1 entidades del norte del territorio nacional El Servicio Meteorol\u00f3gico Nacional (SMN) prev\u00e9 para este lunes 24 de marzo que un frente fr\u00edo sobre la frontera norte y noreste del pa\u00eds, adem\u00e1s de que se esperan temperaturas superiores a los 40 \u00b0C en [&hellip;]","og_url":"https:\/\/fuentesfidedignas.com.mx\/index.php\/2025\/03\/24\/frente-frio-y-canales-de-baja-presion-traeran-a-sinaloa-temperaturas-de-40-a-45-c\/","og_site_name":"Fuentes Fidedignas","article_publisher":"https:\/\/www.facebook.com\/Fuentes-Fidedignas-368234489921644","article_published_time":"2025-03-24T14:06:58+00:00","article_modified_time":"2025-03-24T21:15:26+00:00","og_image":[{"width":1140,"height":712,"url":"https:\/\/fuentesfidedignas.com.mx\/wp-content\/uploads\/2023\/04\/calor-verano-persona-con-sombrilla.jpg","type":"image\/jpeg"}],"author":"L\u00f3pez D\u00f3riga","twitter_card":"summary_large_image","twitter_creator":"@fidedignas","twitter_site":"@fidedignas","twitter_misc":{"Escrito por":"L\u00f3pez D\u00f3riga","Tiempo de lectura":"2 minutos"},"schema":{"@context":"https:\/\/schema.org","@graph":[{"@type":"Article","@id":"https:\/\/fuentesfidedignas.com.mx\/index.php\/2025\/03\/24\/frente-frio-y-canales-de-baja-presion-traeran-a-sinaloa-temperaturas-de-40-a-45-c\/#article","isPartOf":{"@id":"https:\/\/fuentesfidedignas.com.mx\/index.php\/2025\/03\/24\/frente-frio-y-canales-de-baja-presion-traeran-a-sinaloa-temperaturas-de-40-a-45-c\/"},"author":{"name":"L\u00f3pez D\u00f3riga","@id":"https:\/\/fuentesfidedignas.com.mx\/#\/schema\/person\/67d852f0557c8509146a4b9ddebd543a"},"headline":"Frente fr\u00edo y canales de baja presi\u00f3n traer\u00e1n a Sinaloa temperaturas de 40 a 45 \u00b0C","datePublished":"2025-03-24T14:06:58+00:00","dateModified":"2025-03-24T21:15:26+00:00","mainEntityOfPage":{"@id":"https:\/\/fuentesfidedignas.com.mx\/index.php\/2025\/03\/24\/frente-frio-y-canales-de-baja-presion-traeran-a-sinaloa-temperaturas-de-40-a-45-c\/"},"wordCount":339,"commentCount":0,"publisher":{"@id":"https:\/\/fuentesfidedignas.com.mx\/#organization"},"image":{"@id":"https:\/\/fuentesfidedignas.com.mx\/index.php\/2025\/03\/24\/frente-frio-y-canales-de-baja-presion-traeran-a-sinaloa-temperaturas-de-40-a-45-c\/#primaryimage"},"thumbnailUrl":"https:\/\/fuentesfidedignas.com.mx\/wp-content\/uploads\/2023\/04\/calor-verano-persona-con-sombrilla.jpg","articleSection":["NOTICIAS NACIONALES"],"inLanguage":"es","potentialAction":[{"@type":"CommentAction","name":"Comment","target":["https:\/\/fuentesfidedignas.com.mx\/index.php\/2025\/03\/24\/frente-frio-y-canales-de-baja-presion-traeran-a-sinaloa-temperaturas-de-40-a-45-c\/#respond"]}]},{"@type":"WebPage","@id":"https:\/\/fuentesfidedignas.com.mx\/index.php\/2025\/03\/24\/frente-frio-y-canales-de-baja-presion-traeran-a-sinaloa-temperaturas-de-40-a-45-c\/","url":"https:\/\/fuentesfidedignas.com.mx\/index.php\/2025\/03\/24\/frente-frio-y-canales-de-baja-presion-traeran-a-sinaloa-temperaturas-de-40-a-45-c\/","name":"Frente fr\u00edo y canales de baja presi\u00f3n traer\u00e1n a Sinaloa temperaturas de 40 a 45 \u00b0C - Fuentes Fidedignas","isPartOf":{"@id":"https:\/\/fuentesfidedignas.com.mx\/#website"},"primaryImageOfPage":{"@id":"https:\/\/fuentesfidedignas.com.mx\/index.php\/2025\/03\/24\/frente-frio-y-canales-de-baja-presion-traeran-a-sinaloa-temperaturas-de-40-a-45-c\/#primaryimage"},"image":{"@id":"https:\/\/fuentesfidedignas.com.mx\/index.php\/2025\/03\/24\/frente-frio-y-canales-de-baja-presion-traeran-a-sinaloa-temperaturas-de-40-a-45-c\/#primaryimage"},"thumbnailUrl":"https:\/\/fuentesfidedignas.com.mx\/wp-content\/uploads\/2023\/04\/calor-verano-persona-con-sombrilla.jpg","datePublished":"2025-03-24T14:06:58+00:00","dateModified":"2025-03-24T21:15:26+00:00","breadcrumb":{"@id":"https:\/\/fuentesfidedignas.com.mx\/index.php\/2025\/03\/24\/frente-frio-y-canales-de-baja-presion-traeran-a-sinaloa-temperaturas-de-40-a-45-c\/#breadcrumb"},"inLanguage":"es","potentialAction":[{"@type":"ReadAction","target":["https:\/\/fuentesfidedignas.com.mx\/index.php\/2025\/03\/24\/frente-frio-y-canales-de-baja-presion-traeran-a-sinaloa-temperaturas-de-40-a-45-c\/"]}]},{"@type":"ImageObject","inLanguage":"es","@id":"https:\/\/fuentesfidedignas.com.mx\/index.php\/2025\/03\/24\/frente-frio-y-canales-de-baja-presion-traeran-a-sinaloa-temperaturas-de-40-a-45-c\/#primaryimage","url":"https:\/\/fuentesfidedignas.com.mx\/wp-content\/uploads\/2023\/04\/calor-verano-persona-con-sombrilla.jpg","contentUrl":"https:\/\/fuentesfidedignas.com.mx\/wp-content\/uploads\/2023\/04\/calor-verano-persona-con-sombrilla.jpg","width":1140,"height":712},{"@type":"BreadcrumbList","@id":"https:\/\/fuentesfidedignas.com.mx\/index.php\/2025\/03\/24\/frente-frio-y-canales-de-baja-presion-traeran-a-sinaloa-temperaturas-de-40-a-45-c\/#breadcrumb","itemListElement":[{"@type":"ListItem","position":1,"name":"Inicio","item":"https:\/\/fuentesfidedignas.com.mx\/"},{"@type":"ListItem","position":2,"name":"Frente fr\u00edo y canales de baja presi\u00f3n traer\u00e1n a Sinaloa temperaturas de 40 a 45 \u00b0C"}]},{"@type":"WebSite","@id":"https:\/\/fuentesfidedignas.com.mx\/#website","url":"https:\/\/fuentesfidedignas.com.mx\/","name":"Fuentes Fidedignas","description":"Otro sitio realizado con WordPress","publisher":{"@id":"https:\/\/fuentesfidedignas.com.mx\/#organization"},"potentialAction":[{"@type":"SearchAction","target":{"@type":"EntryPoint","urlTemplate":"https:\/\/fuentesfidedignas.com.mx\/?s={search_term_string}"},"query-input":{"@type":"PropertyValueSpecification","valueRequired":true,"valueName":"search_term_string"}}],"inLanguage":"es"},{"@type":"Organization","@id":"https:\/\/fuentesfidedignas.com.mx\/#organization","name":"Fuentes Fidedignas","url":"https:\/\/fuentesfidedignas.com.mx\/","logo":{"@type":"ImageObject","inLanguage":"es","@id":"https:\/\/fuentesfidedignas.com.mx\/#\/schema\/logo\/image\/","url":"https:\/\/fuentesfidedignas.com.mx\/wp-content\/uploads\/2021\/04\/logo-retina.png","contentUrl":"https:\/\/fuentesfidedignas.com.mx\/wp-content\/uploads\/2021\/04\/logo-retina.png","width":280,"height":51,"caption":"Fuentes Fidedignas"},"image":{"@id":"https:\/\/fuentesfidedignas.com.mx\/#\/schema\/logo\/image\/"},"sameAs":["https:\/\/www.facebook.com\/Fuentes-Fidedignas-368234489921644","https:\/\/x.com\/fidedignas"]},{"@type":"Person","@id":"https:\/\/fuentesfidedignas.com.mx\/#\/schema\/person\/67d852f0557c8509146a4b9ddebd543a","name":"L\u00f3pez D\u00f3riga","image":{"@type":"ImageObject","inLanguage":"es","@id":"https:\/\/secure.gravatar.com\/avatar\/e525b06574ca18b33cded59dfe5778d6c823b9513154eff47da551b0551bdd1e?s=96&d=mm&r=g","url":"https:\/\/secure.gravatar.com\/avatar\/e525b06574ca18b33cded59dfe5778d6c823b9513154eff47da551b0551bdd1e?s=96&d=mm&r=g","contentUrl":"https:\/\/secure.gravatar.com\/avatar\/e525b06574ca18b33cded59dfe5778d6c823b9513154eff47da551b0551bdd1e?s=96&d=mm&r=g","caption":"L\u00f3pez D\u00f3riga"},"url":"https:\/\/fuentesfidedignas.com.mx\/index.php\/author\/doriga\/"}]}},"_links":{"self":[{"href":"https:\/\/fuentesfidedignas.com.mx\/index.php\/wp-json\/wp\/v2\/posts\/104559","targetHints":{"allow":["GET"]}}],"collection":[{"href":"https:\/\/fuentesfidedignas.com.mx\/index.php\/wp-json\/wp\/v2\/posts"}],"about":[{"href":"https:\/\/fuentesfidedignas.com.mx\/index.php\/wp-json\/wp\/v2\/types\/post"}],"author":[{"embeddable":true,"href":"https:\/\/fuentesfidedignas.com.mx\/index.php\/wp-json\/wp\/v2\/users\/47"}],"replies":[{"embeddable":true,"href":"https:\/\/fuentesfidedignas.com.mx\/index.php\/wp-json\/wp\/v2\/comments?post=104559"}],"version-history":[{"count":1,"href":"https:\/\/fuentesfidedignas.com.mx\/index.php\/wp-json\/wp\/v2\/posts\/104559\/revisions"}],"predecessor-version":[{"id":104560,"href":"https:\/\/fuentesfidedignas.com.mx\/index.php\/wp-json\/wp\/v2\/posts\/104559\/revisions\/104560"}],"wp:featuredmedia":[{"embeddable":true,"href":"https:\/\/fuentesfidedignas.com.mx\/index.php\/wp-json\/wp\/v2\/media\/45507"}],"wp:attachment":[{"href":"https:\/\/fuentesfidedignas.com.mx\/index.php\/wp-json\/wp\/v2\/media?parent=104559"}],"wp:term":[{"taxonomy":"category","embeddable":true,"href":"https:\/\/fuentesfidedignas.com.mx\/index.php\/wp-json\/wp\/v2\/categories?post=104559"},{"taxonomy":"post_tag","embeddable":true,"href":"https:\/\/fuentesfidedignas.com.mx\/index.php\/wp-json\/wp\/v2\/tags?post=104559"}],"curies":[{"name":"wp","href":"https:\/\/api.w.org\/{rel}","templated":true}]}}