{"id":104487,"date":"2025-03-23T11:27:10","date_gmt":"2025-03-23T18:27:10","guid":{"rendered":"https:\/\/fuentesfidedignas.com.mx\/?p=104487"},"modified":"2025-03-23T11:27:13","modified_gmt":"2025-03-23T18:27:13","slug":"papa-francisco-abandona-el-hospital-y-reaparece-en-publico","status":"publish","type":"post","link":"https:\/\/fuentesfidedignas.com.mx\/index.php\/2025\/03\/23\/papa-francisco-abandona-el-hospital-y-reaparece-en-publico\/","title":{"rendered":"Papa Francisco abandona el hospital y reaparece en p\u00fablico"},"content":{"rendered":"\n<p><strong><em>En su reaparici\u00f3n p\u00fablica tras ser dado de alta, el papa Francisco lament\u00f3 la guerra en Gaza y pidi\u00f3 un alto al fuego<\/em><\/strong><\/p>\n\n\n\n<p>El papa Francisco abandon\u00f3 este domingo el Policl\u00ednico Gemelli de Roma, donde permaneci\u00f3 38 d\u00edas ingresado por una grave infecci\u00f3n respiratoria, poco despu\u00e9s de reaparecer en p\u00fablico desde una ventana del hospital, desde la que agradeci\u00f3 el apoyo de la multitud que esperaba para verle.<\/p>\n\n\n\n<p>Francisco, que en el texto del \u00c1ngelus que se difundi\u00f3 por escrito por sexto domingo consecutivo se mostr\u00f3 \u201centristecido\u201d por los bombardeos isarel\u00edes en Gaza, pidi\u00f3 \u201cun alto al fuego definitivo\u201d. Dej\u00f3 el hospital en direcci\u00f3n a su residencia en el Vaticano, pero, por sorpresa, cambi\u00f3 de direcci\u00f3n cuando estaba llegando.<\/p>\n\n\n\n<iframe loading=\"lazy\" width=\"728\" height=\"600\" src=\"https:\/\/www.youtube.com\/embed\/-JMJIIKNS44\" title=\"Saludo y Bendici\u00f3n, 23 de marzo de 2025 - Papa Francisco\" frameborder=\"0\" allow=\"accelerometer; autoplay; clipboard-write; encrypted-media; gyroscope; picture-in-picture; web-share\" referrerpolicy=\"strict-origin-when-cross-origin\" allowfullscreen><\/iframe>\n\n\n\n<p><strong>Un recorrido en directo por las calles de Roma<\/strong><br>En un movimiento inesperado, la comitiva encabezada por el peque\u00f1o utilitario que habitualmente utiliza el papa para sus desplazamientos, se desvi\u00f3 de su camino para desplazarse primero a la Iglesia de Santa Mar\u00eda La Mayor, que custodia el icono \u2018Salus Populi Romani\u2019, del que Francisco es muy devoto y que visita siempre despu\u00e9s de sus viajes.<\/p>\n\n\n\n<p>Durante su recorrido por las calles del centro de Roma, que fue retransmitido en directo por la televisi\u00f3n p\u00fablica italiana RAI, numerosos viandantes se detuvieron en las aceras para aplaudirle, mientras Francisco, que llevaba las c\u00e1nulas nasales para recibir ox\u00edgeno, saludaba desde el interior del veh\u00edculo y agradec\u00eda las muestras de cari\u00f1o.<\/p>\n\n\n\n<p>En la bas\u00edlica romana, en la que Francisco quiere ser sepultado, el pont\u00edfice dej\u00f3 un ramo de flores en se\u00f1al de agradecimiento a la Virgen tras su larga hospitalizaci\u00f3n y despu\u00e9s la comitiva se dirigi\u00f3, esta vez s\u00ed, a su residencia en la Casa de Santa Marta del Vaticano.<\/p>\n\n\n\n<p><strong>Las flores amarillas y el pulgar arriba<\/strong><\/p>\n\n\n\n<p>El pont\u00edfice, de 88 a\u00f1os, abandon\u00f3 el hospital poco despu\u00e9s de asomarse a una ventana del segundo piso del Genelli, en su primera aparici\u00f3n p\u00fablica en seis semanas para saludar y bendecir a los fieles tras una hospitalizaci\u00f3n en la que sufri\u00f3 dos graves crisis que pusieron su vida en peligro.<\/p>\n\n\n\n<p>\u201cAgradezco a todos\u201d, dijo ante la multitud que abarrotaba desde una hora antes las puertas del centro y las c\u00e1maras de televisi\u00f3n de medio mundo. Apareci\u00f3 en silla de ruedas, con buen aspecto y sonriente, mientras levantaba el pulgar y la multitud que le esperaba gritaba: \u201cpapa Francisco, papa Francisco\u201d.<\/p>\n\n\n\n<p>\u201cVeo a esa se\u00f1ora con las flores amarillas, que bien\u201d, a\u00f1adi\u00f3 con la voz muy debilitada, despu\u00e9s de que el prolongado uso de ox\u00edgeno durante su hospitalizaci\u00f3n haya debilitado sus m\u00fasculos de la garganta, por lo que no pudo decir nada m\u00e1s.<\/p>\n\n\n\n<p>Se trata de la primera aparici\u00f3n p\u00fablica del papa desde que el pasado 14 de febrero ingresara en el Gemelli por sus problemas de respiraci\u00f3n, que resultaron deberse a una bronquitis por infecci\u00f3n polimicrobiol\u00f3gica a la que se sum\u00f3 una neumon\u00eda bilateral.<\/p>\n\n\n\n<p>El pasado 6 de marzo el papa envi\u00f3 un mensaje de audio, en espa\u00f1ol y con una voz muy fatigada, durante el Rosario por su restablecimiento que se reza cada noche en la plaza de San Pedro y el pasado domingo el Vaticano public\u00f3 la primera foto del pont\u00edfice en el Gemelli.<\/p>\n\n\n\n<p><strong>Un alto al fuego en Gaza<\/strong><br>Debido a sus dificultades para hablar, el texto del \u00c1ngelus se volvi\u00f3 a difundir por escrito y en \u00e9l Francisco se mostr\u00f3 \u201centristecido por la reanudaci\u00f3n de los intensos bombardeos israel\u00edes sobre la Franja de Gaza, con muchos muertos y heridos\u201d y pidi\u00f3 \u201cel cese inmediato de las armas\u201d y que se alcance \u201cun alto al fuego definitivo\u201c.<\/p>\n\n\n\n<p>\u201cLa situaci\u00f3n humanitaria en la Franja vuelve a ser muy grave y requiere el compromiso urgente de las partes beligerantes y de la comunidad internacional\u201d, agreg\u00f3, al tiempo que se mostraba contento porque \u201cArmenia y Azerbaiy\u00e1n hayan llegado a un acuerdo sobre el texto final del Acuerdo de Paz\u201d.<\/p>\n\n\n\n<p>\u201cEspero que se firme lo antes posible y pueda contribuir as\u00ed a establecer una paz duradera en el C\u00e1ucaso Sur\u201d, a\u00f1adi\u00f3, sin olvidarse de pedir \u201cel fin de las guerras y por la paz, especialmente en la atormentada Ucrania, Palestina, Israel, L\u00edbano, Myanmar, Sud\u00e1n, Rep\u00fablica Democr\u00e1tica del Congo\u201d.<\/p>\n\n\n\n<p>Y, tras recordar la paciencia que ha experimentado durante su larga hospitalizaci\u00f3n, concluy\u00f3 con unas palabras de agradecimiento: \u201cCon tanta paciencia y perseverancia siguen rezando por m\u00ed: \u00a1muchas gracias!.<\/p>\n","protected":false},"excerpt":{"rendered":"<p>En su reaparici\u00f3n p\u00fablica tras ser dado de alta, el papa Francisco lament\u00f3 la guerra en Gaza y pidi\u00f3 un alto al fuego El papa Francisco abandon\u00f3 este domingo el Policl\u00ednico Gemelli de Roma, donde permaneci\u00f3 38 d\u00edas ingresado por una grave infecci\u00f3n respiratoria, poco despu\u00e9s de reaparecer en p\u00fablico desde una ventana del hospital, [&hellip;]<\/p>\n","protected":false},"author":22,"featured_media":104488,"comment_status":"open","ping_status":"open","sticky":false,"template":"","format":"standard","meta":{"tdm_status":"","tdm_grid_status":"","footnotes":""},"categories":[39],"tags":[],"class_list":{"0":"post-104487","1":"post","2":"type-post","3":"status-publish","4":"format-standard","5":"has-post-thumbnail","7":"category-noticias-nacionales"},"yoast_head":"<!-- This site is optimized with the Yoast SEO plugin v27.5 - https:\/\/yoast.com\/product\/yoast-seo-wordpress\/ -->\n<title>Papa Francisco abandona el hospital y reaparece en p\u00fablico - Fuentes Fidedignas<\/title>\n<meta name=\"robots\" content=\"index, follow, max-snippet:-1, max-image-preview:large, max-video-preview:-1\" \/>\n<link rel=\"canonical\" href=\"https:\/\/fuentesfidedignas.com.mx\/index.php\/2025\/03\/23\/papa-francisco-abandona-el-hospital-y-reaparece-en-publico\/\" \/>\n<meta property=\"og:locale\" content=\"es_MX\" \/>\n<meta property=\"og:type\" content=\"article\" \/>\n<meta property=\"og:title\" content=\"Papa Francisco abandona el hospital y reaparece en p\u00fablico - Fuentes Fidedignas\" \/>\n<meta property=\"og:description\" content=\"En su reaparici\u00f3n p\u00fablica tras ser dado de alta, el papa Francisco lament\u00f3 la guerra en Gaza y pidi\u00f3 un alto al fuego El papa Francisco abandon\u00f3 este domingo el Policl\u00ednico Gemelli de Roma, donde permaneci\u00f3 38 d\u00edas ingresado por una grave infecci\u00f3n respiratoria, poco despu\u00e9s de reaparecer en p\u00fablico desde una ventana del hospital, [&hellip;]\" \/>\n<meta property=\"og:url\" content=\"https:\/\/fuentesfidedignas.com.mx\/index.php\/2025\/03\/23\/papa-francisco-abandona-el-hospital-y-reaparece-en-publico\/\" \/>\n<meta property=\"og:site_name\" content=\"Fuentes Fidedignas\" \/>\n<meta property=\"article:publisher\" content=\"https:\/\/www.facebook.com\/Fuentes-Fidedignas-368234489921644\" \/>\n<meta property=\"article:published_time\" content=\"2025-03-23T18:27:10+00:00\" \/>\n<meta property=\"article:modified_time\" content=\"2025-03-23T18:27:13+00:00\" \/>\n<meta property=\"og:image\" content=\"https:\/\/fuentesfidedignas.com.mx\/wp-content\/uploads\/2025\/03\/papa_2303.jpg\" \/>\n\t<meta property=\"og:image:width\" content=\"584\" \/>\n\t<meta property=\"og:image:height\" content=\"422\" \/>\n\t<meta property=\"og:image:type\" content=\"image\/jpeg\" \/>\n<meta name=\"author\" content=\"EFE\" \/>\n<meta name=\"twitter:card\" content=\"summary_large_image\" \/>\n<meta name=\"twitter:creator\" content=\"@fidedignas\" \/>\n<meta name=\"twitter:site\" content=\"@fidedignas\" \/>\n<meta name=\"twitter:label1\" content=\"Escrito por\" \/>\n\t<meta name=\"twitter:data1\" content=\"EFE\" \/>\n\t<meta name=\"twitter:label2\" content=\"Tiempo de lectura\" \/>\n\t<meta name=\"twitter:data2\" content=\"4 minutos\" \/>\n<script type=\"application\/ld+json\" class=\"yoast-schema-graph\">{\"@context\":\"https:\\\/\\\/schema.org\",\"@graph\":[{\"@type\":\"Article\",\"@id\":\"https:\\\/\\\/fuentesfidedignas.com.mx\\\/index.php\\\/2025\\\/03\\\/23\\\/papa-francisco-abandona-el-hospital-y-reaparece-en-publico\\\/#article\",\"isPartOf\":{\"@id\":\"https:\\\/\\\/fuentesfidedignas.com.mx\\\/index.php\\\/2025\\\/03\\\/23\\\/papa-francisco-abandona-el-hospital-y-reaparece-en-publico\\\/\"},\"author\":{\"name\":\"EFE\",\"@id\":\"https:\\\/\\\/fuentesfidedignas.com.mx\\\/#\\\/schema\\\/person\\\/0d44615087b5a626d5d3f13afe31ac41\"},\"headline\":\"Papa Francisco abandona el hospital y reaparece en p\u00fablico\",\"datePublished\":\"2025-03-23T18:27:10+00:00\",\"dateModified\":\"2025-03-23T18:27:13+00:00\",\"mainEntityOfPage\":{\"@id\":\"https:\\\/\\\/fuentesfidedignas.com.mx\\\/index.php\\\/2025\\\/03\\\/23\\\/papa-francisco-abandona-el-hospital-y-reaparece-en-publico\\\/\"},\"wordCount\":784,\"commentCount\":0,\"publisher\":{\"@id\":\"https:\\\/\\\/fuentesfidedignas.com.mx\\\/#organization\"},\"image\":{\"@id\":\"https:\\\/\\\/fuentesfidedignas.com.mx\\\/index.php\\\/2025\\\/03\\\/23\\\/papa-francisco-abandona-el-hospital-y-reaparece-en-publico\\\/#primaryimage\"},\"thumbnailUrl\":\"https:\\\/\\\/fuentesfidedignas.com.mx\\\/wp-content\\\/uploads\\\/2025\\\/03\\\/papa_2303.jpg\",\"articleSection\":[\"NOTICIAS NACIONALES\"],\"inLanguage\":\"es\",\"potentialAction\":[{\"@type\":\"CommentAction\",\"name\":\"Comment\",\"target\":[\"https:\\\/\\\/fuentesfidedignas.com.mx\\\/index.php\\\/2025\\\/03\\\/23\\\/papa-francisco-abandona-el-hospital-y-reaparece-en-publico\\\/#respond\"]}]},{\"@type\":\"WebPage\",\"@id\":\"https:\\\/\\\/fuentesfidedignas.com.mx\\\/index.php\\\/2025\\\/03\\\/23\\\/papa-francisco-abandona-el-hospital-y-reaparece-en-publico\\\/\",\"url\":\"https:\\\/\\\/fuentesfidedignas.com.mx\\\/index.php\\\/2025\\\/03\\\/23\\\/papa-francisco-abandona-el-hospital-y-reaparece-en-publico\\\/\",\"name\":\"Papa Francisco abandona el hospital y reaparece en p\u00fablico - Fuentes Fidedignas\",\"isPartOf\":{\"@id\":\"https:\\\/\\\/fuentesfidedignas.com.mx\\\/#website\"},\"primaryImageOfPage\":{\"@id\":\"https:\\\/\\\/fuentesfidedignas.com.mx\\\/index.php\\\/2025\\\/03\\\/23\\\/papa-francisco-abandona-el-hospital-y-reaparece-en-publico\\\/#primaryimage\"},\"image\":{\"@id\":\"https:\\\/\\\/fuentesfidedignas.com.mx\\\/index.php\\\/2025\\\/03\\\/23\\\/papa-francisco-abandona-el-hospital-y-reaparece-en-publico\\\/#primaryimage\"},\"thumbnailUrl\":\"https:\\\/\\\/fuentesfidedignas.com.mx\\\/wp-content\\\/uploads\\\/2025\\\/03\\\/papa_2303.jpg\",\"datePublished\":\"2025-03-23T18:27:10+00:00\",\"dateModified\":\"2025-03-23T18:27:13+00:00\",\"breadcrumb\":{\"@id\":\"https:\\\/\\\/fuentesfidedignas.com.mx\\\/index.php\\\/2025\\\/03\\\/23\\\/papa-francisco-abandona-el-hospital-y-reaparece-en-publico\\\/#breadcrumb\"},\"inLanguage\":\"es\",\"potentialAction\":[{\"@type\":\"ReadAction\",\"target\":[\"https:\\\/\\\/fuentesfidedignas.com.mx\\\/index.php\\\/2025\\\/03\\\/23\\\/papa-francisco-abandona-el-hospital-y-reaparece-en-publico\\\/\"]}]},{\"@type\":\"ImageObject\",\"inLanguage\":\"es\",\"@id\":\"https:\\\/\\\/fuentesfidedignas.com.mx\\\/index.php\\\/2025\\\/03\\\/23\\\/papa-francisco-abandona-el-hospital-y-reaparece-en-publico\\\/#primaryimage\",\"url\":\"https:\\\/\\\/fuentesfidedignas.com.mx\\\/wp-content\\\/uploads\\\/2025\\\/03\\\/papa_2303.jpg\",\"contentUrl\":\"https:\\\/\\\/fuentesfidedignas.com.mx\\\/wp-content\\\/uploads\\\/2025\\\/03\\\/papa_2303.jpg\",\"width\":584,\"height\":422},{\"@type\":\"BreadcrumbList\",\"@id\":\"https:\\\/\\\/fuentesfidedignas.com.mx\\\/index.php\\\/2025\\\/03\\\/23\\\/papa-francisco-abandona-el-hospital-y-reaparece-en-publico\\\/#breadcrumb\",\"itemListElement\":[{\"@type\":\"ListItem\",\"position\":1,\"name\":\"Inicio\",\"item\":\"https:\\\/\\\/fuentesfidedignas.com.mx\\\/\"},{\"@type\":\"ListItem\",\"position\":2,\"name\":\"Papa Francisco abandona el hospital y reaparece en p\u00fablico\"}]},{\"@type\":\"WebSite\",\"@id\":\"https:\\\/\\\/fuentesfidedignas.com.mx\\\/#website\",\"url\":\"https:\\\/\\\/fuentesfidedignas.com.mx\\\/\",\"name\":\"Fuentes Fidedignas\",\"description\":\"Otro sitio realizado con WordPress\",\"publisher\":{\"@id\":\"https:\\\/\\\/fuentesfidedignas.com.mx\\\/#organization\"},\"potentialAction\":[{\"@type\":\"SearchAction\",\"target\":{\"@type\":\"EntryPoint\",\"urlTemplate\":\"https:\\\/\\\/fuentesfidedignas.com.mx\\\/?s={search_term_string}\"},\"query-input\":{\"@type\":\"PropertyValueSpecification\",\"valueRequired\":true,\"valueName\":\"search_term_string\"}}],\"inLanguage\":\"es\"},{\"@type\":\"Organization\",\"@id\":\"https:\\\/\\\/fuentesfidedignas.com.mx\\\/#organization\",\"name\":\"Fuentes Fidedignas\",\"url\":\"https:\\\/\\\/fuentesfidedignas.com.mx\\\/\",\"logo\":{\"@type\":\"ImageObject\",\"inLanguage\":\"es\",\"@id\":\"https:\\\/\\\/fuentesfidedignas.com.mx\\\/#\\\/schema\\\/logo\\\/image\\\/\",\"url\":\"https:\\\/\\\/fuentesfidedignas.com.mx\\\/wp-content\\\/uploads\\\/2021\\\/04\\\/logo-retina.png\",\"contentUrl\":\"https:\\\/\\\/fuentesfidedignas.com.mx\\\/wp-content\\\/uploads\\\/2021\\\/04\\\/logo-retina.png\",\"width\":280,\"height\":51,\"caption\":\"Fuentes Fidedignas\"},\"image\":{\"@id\":\"https:\\\/\\\/fuentesfidedignas.com.mx\\\/#\\\/schema\\\/logo\\\/image\\\/\"},\"sameAs\":[\"https:\\\/\\\/www.facebook.com\\\/Fuentes-Fidedignas-368234489921644\",\"https:\\\/\\\/x.com\\\/fidedignas\"]},{\"@type\":\"Person\",\"@id\":\"https:\\\/\\\/fuentesfidedignas.com.mx\\\/#\\\/schema\\\/person\\\/0d44615087b5a626d5d3f13afe31ac41\",\"name\":\"EFE\",\"image\":{\"@type\":\"ImageObject\",\"inLanguage\":\"es\",\"@id\":\"https:\\\/\\\/secure.gravatar.com\\\/avatar\\\/7048c2d9b569d9bed55bb53ad23821e6e047aa66338fb6ea9868627bbb9f54e8?s=96&d=mm&r=g\",\"url\":\"https:\\\/\\\/secure.gravatar.com\\\/avatar\\\/7048c2d9b569d9bed55bb53ad23821e6e047aa66338fb6ea9868627bbb9f54e8?s=96&d=mm&r=g\",\"contentUrl\":\"https:\\\/\\\/secure.gravatar.com\\\/avatar\\\/7048c2d9b569d9bed55bb53ad23821e6e047aa66338fb6ea9868627bbb9f54e8?s=96&d=mm&r=g\",\"caption\":\"EFE\"},\"url\":\"https:\\\/\\\/fuentesfidedignas.com.mx\\\/index.php\\\/author\\\/efe\\\/\"}]}<\/script>\n<!-- \/ Yoast SEO plugin. -->","yoast_head_json":{"title":"Papa Francisco abandona el hospital y reaparece en p\u00fablico - Fuentes Fidedignas","robots":{"index":"index","follow":"follow","max-snippet":"max-snippet:-1","max-image-preview":"max-image-preview:large","max-video-preview":"max-video-preview:-1"},"canonical":"https:\/\/fuentesfidedignas.com.mx\/index.php\/2025\/03\/23\/papa-francisco-abandona-el-hospital-y-reaparece-en-publico\/","og_locale":"es_MX","og_type":"article","og_title":"Papa Francisco abandona el hospital y reaparece en p\u00fablico - Fuentes Fidedignas","og_description":"En su reaparici\u00f3n p\u00fablica tras ser dado de alta, el papa Francisco lament\u00f3 la guerra en Gaza y pidi\u00f3 un alto al fuego El papa Francisco abandon\u00f3 este domingo el Policl\u00ednico Gemelli de Roma, donde permaneci\u00f3 38 d\u00edas ingresado por una grave infecci\u00f3n respiratoria, poco despu\u00e9s de reaparecer en p\u00fablico desde una ventana del hospital, [&hellip;]","og_url":"https:\/\/fuentesfidedignas.com.mx\/index.php\/2025\/03\/23\/papa-francisco-abandona-el-hospital-y-reaparece-en-publico\/","og_site_name":"Fuentes Fidedignas","article_publisher":"https:\/\/www.facebook.com\/Fuentes-Fidedignas-368234489921644","article_published_time":"2025-03-23T18:27:10+00:00","article_modified_time":"2025-03-23T18:27:13+00:00","og_image":[{"width":584,"height":422,"url":"https:\/\/fuentesfidedignas.com.mx\/wp-content\/uploads\/2025\/03\/papa_2303.jpg","type":"image\/jpeg"}],"author":"EFE","twitter_card":"summary_large_image","twitter_creator":"@fidedignas","twitter_site":"@fidedignas","twitter_misc":{"Escrito por":"EFE","Tiempo de lectura":"4 minutos"},"schema":{"@context":"https:\/\/schema.org","@graph":[{"@type":"Article","@id":"https:\/\/fuentesfidedignas.com.mx\/index.php\/2025\/03\/23\/papa-francisco-abandona-el-hospital-y-reaparece-en-publico\/#article","isPartOf":{"@id":"https:\/\/fuentesfidedignas.com.mx\/index.php\/2025\/03\/23\/papa-francisco-abandona-el-hospital-y-reaparece-en-publico\/"},"author":{"name":"EFE","@id":"https:\/\/fuentesfidedignas.com.mx\/#\/schema\/person\/0d44615087b5a626d5d3f13afe31ac41"},"headline":"Papa Francisco abandona el hospital y reaparece en p\u00fablico","datePublished":"2025-03-23T18:27:10+00:00","dateModified":"2025-03-23T18:27:13+00:00","mainEntityOfPage":{"@id":"https:\/\/fuentesfidedignas.com.mx\/index.php\/2025\/03\/23\/papa-francisco-abandona-el-hospital-y-reaparece-en-publico\/"},"wordCount":784,"commentCount":0,"publisher":{"@id":"https:\/\/fuentesfidedignas.com.mx\/#organization"},"image":{"@id":"https:\/\/fuentesfidedignas.com.mx\/index.php\/2025\/03\/23\/papa-francisco-abandona-el-hospital-y-reaparece-en-publico\/#primaryimage"},"thumbnailUrl":"https:\/\/fuentesfidedignas.com.mx\/wp-content\/uploads\/2025\/03\/papa_2303.jpg","articleSection":["NOTICIAS NACIONALES"],"inLanguage":"es","potentialAction":[{"@type":"CommentAction","name":"Comment","target":["https:\/\/fuentesfidedignas.com.mx\/index.php\/2025\/03\/23\/papa-francisco-abandona-el-hospital-y-reaparece-en-publico\/#respond"]}]},{"@type":"WebPage","@id":"https:\/\/fuentesfidedignas.com.mx\/index.php\/2025\/03\/23\/papa-francisco-abandona-el-hospital-y-reaparece-en-publico\/","url":"https:\/\/fuentesfidedignas.com.mx\/index.php\/2025\/03\/23\/papa-francisco-abandona-el-hospital-y-reaparece-en-publico\/","name":"Papa Francisco abandona el hospital y reaparece en p\u00fablico - Fuentes Fidedignas","isPartOf":{"@id":"https:\/\/fuentesfidedignas.com.mx\/#website"},"primaryImageOfPage":{"@id":"https:\/\/fuentesfidedignas.com.mx\/index.php\/2025\/03\/23\/papa-francisco-abandona-el-hospital-y-reaparece-en-publico\/#primaryimage"},"image":{"@id":"https:\/\/fuentesfidedignas.com.mx\/index.php\/2025\/03\/23\/papa-francisco-abandona-el-hospital-y-reaparece-en-publico\/#primaryimage"},"thumbnailUrl":"https:\/\/fuentesfidedignas.com.mx\/wp-content\/uploads\/2025\/03\/papa_2303.jpg","datePublished":"2025-03-23T18:27:10+00:00","dateModified":"2025-03-23T18:27:13+00:00","breadcrumb":{"@id":"https:\/\/fuentesfidedignas.com.mx\/index.php\/2025\/03\/23\/papa-francisco-abandona-el-hospital-y-reaparece-en-publico\/#breadcrumb"},"inLanguage":"es","potentialAction":[{"@type":"ReadAction","target":["https:\/\/fuentesfidedignas.com.mx\/index.php\/2025\/03\/23\/papa-francisco-abandona-el-hospital-y-reaparece-en-publico\/"]}]},{"@type":"ImageObject","inLanguage":"es","@id":"https:\/\/fuentesfidedignas.com.mx\/index.php\/2025\/03\/23\/papa-francisco-abandona-el-hospital-y-reaparece-en-publico\/#primaryimage","url":"https:\/\/fuentesfidedignas.com.mx\/wp-content\/uploads\/2025\/03\/papa_2303.jpg","contentUrl":"https:\/\/fuentesfidedignas.com.mx\/wp-content\/uploads\/2025\/03\/papa_2303.jpg","width":584,"height":422},{"@type":"BreadcrumbList","@id":"https:\/\/fuentesfidedignas.com.mx\/index.php\/2025\/03\/23\/papa-francisco-abandona-el-hospital-y-reaparece-en-publico\/#breadcrumb","itemListElement":[{"@type":"ListItem","position":1,"name":"Inicio","item":"https:\/\/fuentesfidedignas.com.mx\/"},{"@type":"ListItem","position":2,"name":"Papa Francisco abandona el hospital y reaparece en p\u00fablico"}]},{"@type":"WebSite","@id":"https:\/\/fuentesfidedignas.com.mx\/#website","url":"https:\/\/fuentesfidedignas.com.mx\/","name":"Fuentes Fidedignas","description":"Otro sitio realizado con WordPress","publisher":{"@id":"https:\/\/fuentesfidedignas.com.mx\/#organization"},"potentialAction":[{"@type":"SearchAction","target":{"@type":"EntryPoint","urlTemplate":"https:\/\/fuentesfidedignas.com.mx\/?s={search_term_string}"},"query-input":{"@type":"PropertyValueSpecification","valueRequired":true,"valueName":"search_term_string"}}],"inLanguage":"es"},{"@type":"Organization","@id":"https:\/\/fuentesfidedignas.com.mx\/#organization","name":"Fuentes Fidedignas","url":"https:\/\/fuentesfidedignas.com.mx\/","logo":{"@type":"ImageObject","inLanguage":"es","@id":"https:\/\/fuentesfidedignas.com.mx\/#\/schema\/logo\/image\/","url":"https:\/\/fuentesfidedignas.com.mx\/wp-content\/uploads\/2021\/04\/logo-retina.png","contentUrl":"https:\/\/fuentesfidedignas.com.mx\/wp-content\/uploads\/2021\/04\/logo-retina.png","width":280,"height":51,"caption":"Fuentes Fidedignas"},"image":{"@id":"https:\/\/fuentesfidedignas.com.mx\/#\/schema\/logo\/image\/"},"sameAs":["https:\/\/www.facebook.com\/Fuentes-Fidedignas-368234489921644","https:\/\/x.com\/fidedignas"]},{"@type":"Person","@id":"https:\/\/fuentesfidedignas.com.mx\/#\/schema\/person\/0d44615087b5a626d5d3f13afe31ac41","name":"EFE","image":{"@type":"ImageObject","inLanguage":"es","@id":"https:\/\/secure.gravatar.com\/avatar\/7048c2d9b569d9bed55bb53ad23821e6e047aa66338fb6ea9868627bbb9f54e8?s=96&d=mm&r=g","url":"https:\/\/secure.gravatar.com\/avatar\/7048c2d9b569d9bed55bb53ad23821e6e047aa66338fb6ea9868627bbb9f54e8?s=96&d=mm&r=g","contentUrl":"https:\/\/secure.gravatar.com\/avatar\/7048c2d9b569d9bed55bb53ad23821e6e047aa66338fb6ea9868627bbb9f54e8?s=96&d=mm&r=g","caption":"EFE"},"url":"https:\/\/fuentesfidedignas.com.mx\/index.php\/author\/efe\/"}]}},"_links":{"self":[{"href":"https:\/\/fuentesfidedignas.com.mx\/index.php\/wp-json\/wp\/v2\/posts\/104487","targetHints":{"allow":["GET"]}}],"collection":[{"href":"https:\/\/fuentesfidedignas.com.mx\/index.php\/wp-json\/wp\/v2\/posts"}],"about":[{"href":"https:\/\/fuentesfidedignas.com.mx\/index.php\/wp-json\/wp\/v2\/types\/post"}],"author":[{"embeddable":true,"href":"https:\/\/fuentesfidedignas.com.mx\/index.php\/wp-json\/wp\/v2\/users\/22"}],"replies":[{"embeddable":true,"href":"https:\/\/fuentesfidedignas.com.mx\/index.php\/wp-json\/wp\/v2\/comments?post=104487"}],"version-history":[{"count":1,"href":"https:\/\/fuentesfidedignas.com.mx\/index.php\/wp-json\/wp\/v2\/posts\/104487\/revisions"}],"predecessor-version":[{"id":104489,"href":"https:\/\/fuentesfidedignas.com.mx\/index.php\/wp-json\/wp\/v2\/posts\/104487\/revisions\/104489"}],"wp:featuredmedia":[{"embeddable":true,"href":"https:\/\/fuentesfidedignas.com.mx\/index.php\/wp-json\/wp\/v2\/media\/104488"}],"wp:attachment":[{"href":"https:\/\/fuentesfidedignas.com.mx\/index.php\/wp-json\/wp\/v2\/media?parent=104487"}],"wp:term":[{"taxonomy":"category","embeddable":true,"href":"https:\/\/fuentesfidedignas.com.mx\/index.php\/wp-json\/wp\/v2\/categories?post=104487"},{"taxonomy":"post_tag","embeddable":true,"href":"https:\/\/fuentesfidedignas.com.mx\/index.php\/wp-json\/wp\/v2\/tags?post=104487"}],"curies":[{"name":"wp","href":"https:\/\/api.w.org\/{rel}","templated":true}]}}