{"id":104404,"date":"2025-03-21T18:22:43","date_gmt":"2025-03-22T01:22:43","guid":{"rendered":"https:\/\/fuentesfidedignas.com.mx\/?p=104404"},"modified":"2025-03-21T18:22:46","modified_gmt":"2025-03-22T01:22:46","slug":"asesinan-a-policia-municipal-de-navolato-suman-24-agentes-caidos-desde-septiembre","status":"publish","type":"post","link":"https:\/\/fuentesfidedignas.com.mx\/index.php\/2025\/03\/21\/asesinan-a-policia-municipal-de-navolato-suman-24-agentes-caidos-desde-septiembre\/","title":{"rendered":"Asesinan a Polic\u00eda Municipal de Navolato; suman 24 agentes ca\u00eddos desde septiembre"},"content":{"rendered":"\n<p><strong><em>Su homicidio eleva a 24 el n\u00famero de agentes abatidos en Sinaloa desde septiembre pasado, en medio de una ola de violencia.<\/em><\/strong><\/p>\n\n\n\n<p>La violencia sigue cobrando vidas en Sinaloa. La tarde de este viernes 21 de marzo, un comandante de la Polic\u00eda Municipal de Navolato fue asesinado a balazos en pleno centro de la ciudad, sum\u00e1ndose a la lista de agentes abatidos en el estado.<\/p>\n\n\n\n<p>La v\u00edctima fue identificada como el comandante Alfonso, quien fue sorprendido por sicarios en la esquina de las calles Vicente Guerrero y Ram\u00f3n Corona, a solo una cuadra del Ayuntamiento.&nbsp;<\/p>\n\n\n\n<p>De acuerdo con los primeros reportes, los atacantes dispararon en repetidas ocasiones antes de huir del lugar, asesinando al mando policial.<\/p>\n\n\n\n<p>Con este homicidio, la cifra de agentes asesinados en Sinaloa desde el 9 de septiembre asciende a 24. La ola de violencia contra las fuerzas del orden ha sido atribuida a la pugna entre grupos rivales del crimen organizado que operan en la entidad.<\/p>\n\n\n\n<p>Apenas el 19 de marzo, en Culiac\u00e1n, otro elemento de seguridad fue ejecutado en circunstancias similares. Jorge Octavio \u201cT\u201d, ex suboficial de la Polic\u00eda de Tr\u00e1nsito Municipal, fue atacado en el estacionamiento de un supermercado en el fraccionamiento Ca\u00f1adas, al suroeste de la capital sinaloense.<\/p>\n\n\n\n<p>Ante estos hechos, el gobernador Rub\u00e9n Rocha Moya reconoci\u00f3 que la violencia contra polic\u00edas est\u00e1 ligada a la lucha que mantienen contra la delincuencia organizada, aunque no detall\u00f3 estrategias espec\u00edficas para frenar esta situaci\u00f3n.<\/p>\n\n\n\n<p>El clima de inseguridad persiste en Sinaloa, mientras las corporaciones de seguridad contin\u00faan en la mira de grupos delictivos que han recrudecido sus ataques en la entidad.<\/p>\n\n\n\n<p><\/p>\n","protected":false},"excerpt":{"rendered":"<p>Su homicidio eleva a 24 el n\u00famero de agentes abatidos en Sinaloa desde septiembre pasado, en medio de una ola de violencia. La violencia sigue cobrando vidas en Sinaloa. La tarde de este viernes 21 de marzo, un comandante de la Polic\u00eda Municipal de Navolato fue asesinado a balazos en pleno centro de la ciudad, [&hellip;]<\/p>\n","protected":false},"author":9,"featured_media":104405,"comment_status":"open","ping_status":"open","sticky":false,"template":"","format":"standard","meta":{"tdm_status":"","tdm_grid_status":"","footnotes":""},"categories":[37],"tags":[],"class_list":{"0":"post-104404","1":"post","2":"type-post","3":"status-publish","4":"format-standard","5":"has-post-thumbnail","7":"category-nota-principal"},"yoast_head":"<!-- This site is optimized with the Yoast SEO plugin v27.4 - https:\/\/yoast.com\/product\/yoast-seo-wordpress\/ -->\n<title>Asesinan a Polic\u00eda Municipal de Navolato; suman 24 agentes ca\u00eddos desde septiembre - Fuentes Fidedignas<\/title>\n<meta name=\"robots\" content=\"index, follow, max-snippet:-1, max-image-preview:large, max-video-preview:-1\" \/>\n<link rel=\"canonical\" href=\"https:\/\/fuentesfidedignas.com.mx\/index.php\/2025\/03\/21\/asesinan-a-policia-municipal-de-navolato-suman-24-agentes-caidos-desde-septiembre\/\" \/>\n<meta property=\"og:locale\" content=\"es_MX\" \/>\n<meta property=\"og:type\" content=\"article\" \/>\n<meta property=\"og:title\" content=\"Asesinan a Polic\u00eda Municipal de Navolato; suman 24 agentes ca\u00eddos desde septiembre - Fuentes Fidedignas\" \/>\n<meta property=\"og:description\" content=\"Su homicidio eleva a 24 el n\u00famero de agentes abatidos en Sinaloa desde septiembre pasado, en medio de una ola de violencia. La violencia sigue cobrando vidas en Sinaloa. La tarde de este viernes 21 de marzo, un comandante de la Polic\u00eda Municipal de Navolato fue asesinado a balazos en pleno centro de la ciudad, [&hellip;]\" \/>\n<meta property=\"og:url\" content=\"https:\/\/fuentesfidedignas.com.mx\/index.php\/2025\/03\/21\/asesinan-a-policia-municipal-de-navolato-suman-24-agentes-caidos-desde-septiembre\/\" \/>\n<meta property=\"og:site_name\" content=\"Fuentes Fidedignas\" \/>\n<meta property=\"article:publisher\" content=\"https:\/\/www.facebook.com\/Fuentes-Fidedignas-368234489921644\" \/>\n<meta property=\"article:published_time\" content=\"2025-03-22T01:22:43+00:00\" \/>\n<meta property=\"article:modified_time\" content=\"2025-03-22T01:22:46+00:00\" \/>\n<meta property=\"og:image\" content=\"https:\/\/fuentesfidedignas.com.mx\/wp-content\/uploads\/2025\/03\/agente_navolato.jpg\" \/>\n\t<meta property=\"og:image:width\" content=\"600\" \/>\n\t<meta property=\"og:image:height\" content=\"362\" \/>\n\t<meta property=\"og:image:type\" content=\"image\/jpeg\" \/>\n<meta name=\"author\" content=\"Milenio\" \/>\n<meta name=\"twitter:card\" content=\"summary_large_image\" \/>\n<meta name=\"twitter:creator\" content=\"@fidedignas\" \/>\n<meta name=\"twitter:site\" content=\"@fidedignas\" \/>\n<meta name=\"twitter:label1\" content=\"Escrito por\" \/>\n\t<meta name=\"twitter:data1\" content=\"Milenio\" \/>\n\t<meta name=\"twitter:label2\" content=\"Tiempo de lectura\" \/>\n\t<meta name=\"twitter:data2\" content=\"2 minutos\" \/>\n<script type=\"application\/ld+json\" class=\"yoast-schema-graph\">{\"@context\":\"https:\\\/\\\/schema.org\",\"@graph\":[{\"@type\":\"Article\",\"@id\":\"https:\\\/\\\/fuentesfidedignas.com.mx\\\/index.php\\\/2025\\\/03\\\/21\\\/asesinan-a-policia-municipal-de-navolato-suman-24-agentes-caidos-desde-septiembre\\\/#article\",\"isPartOf\":{\"@id\":\"https:\\\/\\\/fuentesfidedignas.com.mx\\\/index.php\\\/2025\\\/03\\\/21\\\/asesinan-a-policia-municipal-de-navolato-suman-24-agentes-caidos-desde-septiembre\\\/\"},\"author\":{\"name\":\"Milenio\",\"@id\":\"https:\\\/\\\/fuentesfidedignas.com.mx\\\/#\\\/schema\\\/person\\\/47ec0135738f4b0c7495f06a77a2c976\"},\"headline\":\"Asesinan a Polic\u00eda Municipal de Navolato; suman 24 agentes ca\u00eddos desde septiembre\",\"datePublished\":\"2025-03-22T01:22:43+00:00\",\"dateModified\":\"2025-03-22T01:22:46+00:00\",\"mainEntityOfPage\":{\"@id\":\"https:\\\/\\\/fuentesfidedignas.com.mx\\\/index.php\\\/2025\\\/03\\\/21\\\/asesinan-a-policia-municipal-de-navolato-suman-24-agentes-caidos-desde-septiembre\\\/\"},\"wordCount\":289,\"commentCount\":0,\"publisher\":{\"@id\":\"https:\\\/\\\/fuentesfidedignas.com.mx\\\/#organization\"},\"image\":{\"@id\":\"https:\\\/\\\/fuentesfidedignas.com.mx\\\/index.php\\\/2025\\\/03\\\/21\\\/asesinan-a-policia-municipal-de-navolato-suman-24-agentes-caidos-desde-septiembre\\\/#primaryimage\"},\"thumbnailUrl\":\"https:\\\/\\\/fuentesfidedignas.com.mx\\\/wp-content\\\/uploads\\\/2025\\\/03\\\/agente_navolato.jpg\",\"articleSection\":[\"NOTA PRINCIPAL\"],\"inLanguage\":\"es\",\"potentialAction\":[{\"@type\":\"CommentAction\",\"name\":\"Comment\",\"target\":[\"https:\\\/\\\/fuentesfidedignas.com.mx\\\/index.php\\\/2025\\\/03\\\/21\\\/asesinan-a-policia-municipal-de-navolato-suman-24-agentes-caidos-desde-septiembre\\\/#respond\"]}]},{\"@type\":\"WebPage\",\"@id\":\"https:\\\/\\\/fuentesfidedignas.com.mx\\\/index.php\\\/2025\\\/03\\\/21\\\/asesinan-a-policia-municipal-de-navolato-suman-24-agentes-caidos-desde-septiembre\\\/\",\"url\":\"https:\\\/\\\/fuentesfidedignas.com.mx\\\/index.php\\\/2025\\\/03\\\/21\\\/asesinan-a-policia-municipal-de-navolato-suman-24-agentes-caidos-desde-septiembre\\\/\",\"name\":\"Asesinan a Polic\u00eda Municipal de Navolato; suman 24 agentes ca\u00eddos desde septiembre - Fuentes Fidedignas\",\"isPartOf\":{\"@id\":\"https:\\\/\\\/fuentesfidedignas.com.mx\\\/#website\"},\"primaryImageOfPage\":{\"@id\":\"https:\\\/\\\/fuentesfidedignas.com.mx\\\/index.php\\\/2025\\\/03\\\/21\\\/asesinan-a-policia-municipal-de-navolato-suman-24-agentes-caidos-desde-septiembre\\\/#primaryimage\"},\"image\":{\"@id\":\"https:\\\/\\\/fuentesfidedignas.com.mx\\\/index.php\\\/2025\\\/03\\\/21\\\/asesinan-a-policia-municipal-de-navolato-suman-24-agentes-caidos-desde-septiembre\\\/#primaryimage\"},\"thumbnailUrl\":\"https:\\\/\\\/fuentesfidedignas.com.mx\\\/wp-content\\\/uploads\\\/2025\\\/03\\\/agente_navolato.jpg\",\"datePublished\":\"2025-03-22T01:22:43+00:00\",\"dateModified\":\"2025-03-22T01:22:46+00:00\",\"breadcrumb\":{\"@id\":\"https:\\\/\\\/fuentesfidedignas.com.mx\\\/index.php\\\/2025\\\/03\\\/21\\\/asesinan-a-policia-municipal-de-navolato-suman-24-agentes-caidos-desde-septiembre\\\/#breadcrumb\"},\"inLanguage\":\"es\",\"potentialAction\":[{\"@type\":\"ReadAction\",\"target\":[\"https:\\\/\\\/fuentesfidedignas.com.mx\\\/index.php\\\/2025\\\/03\\\/21\\\/asesinan-a-policia-municipal-de-navolato-suman-24-agentes-caidos-desde-septiembre\\\/\"]}]},{\"@type\":\"ImageObject\",\"inLanguage\":\"es\",\"@id\":\"https:\\\/\\\/fuentesfidedignas.com.mx\\\/index.php\\\/2025\\\/03\\\/21\\\/asesinan-a-policia-municipal-de-navolato-suman-24-agentes-caidos-desde-septiembre\\\/#primaryimage\",\"url\":\"https:\\\/\\\/fuentesfidedignas.com.mx\\\/wp-content\\\/uploads\\\/2025\\\/03\\\/agente_navolato.jpg\",\"contentUrl\":\"https:\\\/\\\/fuentesfidedignas.com.mx\\\/wp-content\\\/uploads\\\/2025\\\/03\\\/agente_navolato.jpg\",\"width\":600,\"height\":362},{\"@type\":\"BreadcrumbList\",\"@id\":\"https:\\\/\\\/fuentesfidedignas.com.mx\\\/index.php\\\/2025\\\/03\\\/21\\\/asesinan-a-policia-municipal-de-navolato-suman-24-agentes-caidos-desde-septiembre\\\/#breadcrumb\",\"itemListElement\":[{\"@type\":\"ListItem\",\"position\":1,\"name\":\"Inicio\",\"item\":\"https:\\\/\\\/fuentesfidedignas.com.mx\\\/\"},{\"@type\":\"ListItem\",\"position\":2,\"name\":\"Asesinan a Polic\u00eda Municipal de Navolato; suman 24 agentes ca\u00eddos desde septiembre\"}]},{\"@type\":\"WebSite\",\"@id\":\"https:\\\/\\\/fuentesfidedignas.com.mx\\\/#website\",\"url\":\"https:\\\/\\\/fuentesfidedignas.com.mx\\\/\",\"name\":\"Fuentes Fidedignas\",\"description\":\"Otro sitio realizado con WordPress\",\"publisher\":{\"@id\":\"https:\\\/\\\/fuentesfidedignas.com.mx\\\/#organization\"},\"potentialAction\":[{\"@type\":\"SearchAction\",\"target\":{\"@type\":\"EntryPoint\",\"urlTemplate\":\"https:\\\/\\\/fuentesfidedignas.com.mx\\\/?s={search_term_string}\"},\"query-input\":{\"@type\":\"PropertyValueSpecification\",\"valueRequired\":true,\"valueName\":\"search_term_string\"}}],\"inLanguage\":\"es\"},{\"@type\":\"Organization\",\"@id\":\"https:\\\/\\\/fuentesfidedignas.com.mx\\\/#organization\",\"name\":\"Fuentes Fidedignas\",\"url\":\"https:\\\/\\\/fuentesfidedignas.com.mx\\\/\",\"logo\":{\"@type\":\"ImageObject\",\"inLanguage\":\"es\",\"@id\":\"https:\\\/\\\/fuentesfidedignas.com.mx\\\/#\\\/schema\\\/logo\\\/image\\\/\",\"url\":\"https:\\\/\\\/fuentesfidedignas.com.mx\\\/wp-content\\\/uploads\\\/2021\\\/04\\\/logo-retina.png\",\"contentUrl\":\"https:\\\/\\\/fuentesfidedignas.com.mx\\\/wp-content\\\/uploads\\\/2021\\\/04\\\/logo-retina.png\",\"width\":280,\"height\":51,\"caption\":\"Fuentes Fidedignas\"},\"image\":{\"@id\":\"https:\\\/\\\/fuentesfidedignas.com.mx\\\/#\\\/schema\\\/logo\\\/image\\\/\"},\"sameAs\":[\"https:\\\/\\\/www.facebook.com\\\/Fuentes-Fidedignas-368234489921644\",\"https:\\\/\\\/x.com\\\/fidedignas\"]},{\"@type\":\"Person\",\"@id\":\"https:\\\/\\\/fuentesfidedignas.com.mx\\\/#\\\/schema\\\/person\\\/47ec0135738f4b0c7495f06a77a2c976\",\"name\":\"Milenio\",\"image\":{\"@type\":\"ImageObject\",\"inLanguage\":\"es\",\"@id\":\"https:\\\/\\\/secure.gravatar.com\\\/avatar\\\/acabf7b54753e51c2c76457954577c236b3b764789b19879565769739d1e4a75?s=96&d=mm&r=g\",\"url\":\"https:\\\/\\\/secure.gravatar.com\\\/avatar\\\/acabf7b54753e51c2c76457954577c236b3b764789b19879565769739d1e4a75?s=96&d=mm&r=g\",\"contentUrl\":\"https:\\\/\\\/secure.gravatar.com\\\/avatar\\\/acabf7b54753e51c2c76457954577c236b3b764789b19879565769739d1e4a75?s=96&d=mm&r=g\",\"caption\":\"Milenio\"},\"url\":\"https:\\\/\\\/fuentesfidedignas.com.mx\\\/index.php\\\/author\\\/milenio\\\/\"}]}<\/script>\n<!-- \/ Yoast SEO plugin. -->","yoast_head_json":{"title":"Asesinan a Polic\u00eda Municipal de Navolato; suman 24 agentes ca\u00eddos desde septiembre - Fuentes Fidedignas","robots":{"index":"index","follow":"follow","max-snippet":"max-snippet:-1","max-image-preview":"max-image-preview:large","max-video-preview":"max-video-preview:-1"},"canonical":"https:\/\/fuentesfidedignas.com.mx\/index.php\/2025\/03\/21\/asesinan-a-policia-municipal-de-navolato-suman-24-agentes-caidos-desde-septiembre\/","og_locale":"es_MX","og_type":"article","og_title":"Asesinan a Polic\u00eda Municipal de Navolato; suman 24 agentes ca\u00eddos desde septiembre - Fuentes Fidedignas","og_description":"Su homicidio eleva a 24 el n\u00famero de agentes abatidos en Sinaloa desde septiembre pasado, en medio de una ola de violencia. La violencia sigue cobrando vidas en Sinaloa. La tarde de este viernes 21 de marzo, un comandante de la Polic\u00eda Municipal de Navolato fue asesinado a balazos en pleno centro de la ciudad, [&hellip;]","og_url":"https:\/\/fuentesfidedignas.com.mx\/index.php\/2025\/03\/21\/asesinan-a-policia-municipal-de-navolato-suman-24-agentes-caidos-desde-septiembre\/","og_site_name":"Fuentes Fidedignas","article_publisher":"https:\/\/www.facebook.com\/Fuentes-Fidedignas-368234489921644","article_published_time":"2025-03-22T01:22:43+00:00","article_modified_time":"2025-03-22T01:22:46+00:00","og_image":[{"width":600,"height":362,"url":"https:\/\/fuentesfidedignas.com.mx\/wp-content\/uploads\/2025\/03\/agente_navolato.jpg","type":"image\/jpeg"}],"author":"Milenio","twitter_card":"summary_large_image","twitter_creator":"@fidedignas","twitter_site":"@fidedignas","twitter_misc":{"Escrito por":"Milenio","Tiempo de lectura":"2 minutos"},"schema":{"@context":"https:\/\/schema.org","@graph":[{"@type":"Article","@id":"https:\/\/fuentesfidedignas.com.mx\/index.php\/2025\/03\/21\/asesinan-a-policia-municipal-de-navolato-suman-24-agentes-caidos-desde-septiembre\/#article","isPartOf":{"@id":"https:\/\/fuentesfidedignas.com.mx\/index.php\/2025\/03\/21\/asesinan-a-policia-municipal-de-navolato-suman-24-agentes-caidos-desde-septiembre\/"},"author":{"name":"Milenio","@id":"https:\/\/fuentesfidedignas.com.mx\/#\/schema\/person\/47ec0135738f4b0c7495f06a77a2c976"},"headline":"Asesinan a Polic\u00eda Municipal de Navolato; suman 24 agentes ca\u00eddos desde septiembre","datePublished":"2025-03-22T01:22:43+00:00","dateModified":"2025-03-22T01:22:46+00:00","mainEntityOfPage":{"@id":"https:\/\/fuentesfidedignas.com.mx\/index.php\/2025\/03\/21\/asesinan-a-policia-municipal-de-navolato-suman-24-agentes-caidos-desde-septiembre\/"},"wordCount":289,"commentCount":0,"publisher":{"@id":"https:\/\/fuentesfidedignas.com.mx\/#organization"},"image":{"@id":"https:\/\/fuentesfidedignas.com.mx\/index.php\/2025\/03\/21\/asesinan-a-policia-municipal-de-navolato-suman-24-agentes-caidos-desde-septiembre\/#primaryimage"},"thumbnailUrl":"https:\/\/fuentesfidedignas.com.mx\/wp-content\/uploads\/2025\/03\/agente_navolato.jpg","articleSection":["NOTA PRINCIPAL"],"inLanguage":"es","potentialAction":[{"@type":"CommentAction","name":"Comment","target":["https:\/\/fuentesfidedignas.com.mx\/index.php\/2025\/03\/21\/asesinan-a-policia-municipal-de-navolato-suman-24-agentes-caidos-desde-septiembre\/#respond"]}]},{"@type":"WebPage","@id":"https:\/\/fuentesfidedignas.com.mx\/index.php\/2025\/03\/21\/asesinan-a-policia-municipal-de-navolato-suman-24-agentes-caidos-desde-septiembre\/","url":"https:\/\/fuentesfidedignas.com.mx\/index.php\/2025\/03\/21\/asesinan-a-policia-municipal-de-navolato-suman-24-agentes-caidos-desde-septiembre\/","name":"Asesinan a Polic\u00eda Municipal de Navolato; suman 24 agentes ca\u00eddos desde septiembre - Fuentes Fidedignas","isPartOf":{"@id":"https:\/\/fuentesfidedignas.com.mx\/#website"},"primaryImageOfPage":{"@id":"https:\/\/fuentesfidedignas.com.mx\/index.php\/2025\/03\/21\/asesinan-a-policia-municipal-de-navolato-suman-24-agentes-caidos-desde-septiembre\/#primaryimage"},"image":{"@id":"https:\/\/fuentesfidedignas.com.mx\/index.php\/2025\/03\/21\/asesinan-a-policia-municipal-de-navolato-suman-24-agentes-caidos-desde-septiembre\/#primaryimage"},"thumbnailUrl":"https:\/\/fuentesfidedignas.com.mx\/wp-content\/uploads\/2025\/03\/agente_navolato.jpg","datePublished":"2025-03-22T01:22:43+00:00","dateModified":"2025-03-22T01:22:46+00:00","breadcrumb":{"@id":"https:\/\/fuentesfidedignas.com.mx\/index.php\/2025\/03\/21\/asesinan-a-policia-municipal-de-navolato-suman-24-agentes-caidos-desde-septiembre\/#breadcrumb"},"inLanguage":"es","potentialAction":[{"@type":"ReadAction","target":["https:\/\/fuentesfidedignas.com.mx\/index.php\/2025\/03\/21\/asesinan-a-policia-municipal-de-navolato-suman-24-agentes-caidos-desde-septiembre\/"]}]},{"@type":"ImageObject","inLanguage":"es","@id":"https:\/\/fuentesfidedignas.com.mx\/index.php\/2025\/03\/21\/asesinan-a-policia-municipal-de-navolato-suman-24-agentes-caidos-desde-septiembre\/#primaryimage","url":"https:\/\/fuentesfidedignas.com.mx\/wp-content\/uploads\/2025\/03\/agente_navolato.jpg","contentUrl":"https:\/\/fuentesfidedignas.com.mx\/wp-content\/uploads\/2025\/03\/agente_navolato.jpg","width":600,"height":362},{"@type":"BreadcrumbList","@id":"https:\/\/fuentesfidedignas.com.mx\/index.php\/2025\/03\/21\/asesinan-a-policia-municipal-de-navolato-suman-24-agentes-caidos-desde-septiembre\/#breadcrumb","itemListElement":[{"@type":"ListItem","position":1,"name":"Inicio","item":"https:\/\/fuentesfidedignas.com.mx\/"},{"@type":"ListItem","position":2,"name":"Asesinan a Polic\u00eda Municipal de Navolato; suman 24 agentes ca\u00eddos desde septiembre"}]},{"@type":"WebSite","@id":"https:\/\/fuentesfidedignas.com.mx\/#website","url":"https:\/\/fuentesfidedignas.com.mx\/","name":"Fuentes Fidedignas","description":"Otro sitio realizado con WordPress","publisher":{"@id":"https:\/\/fuentesfidedignas.com.mx\/#organization"},"potentialAction":[{"@type":"SearchAction","target":{"@type":"EntryPoint","urlTemplate":"https:\/\/fuentesfidedignas.com.mx\/?s={search_term_string}"},"query-input":{"@type":"PropertyValueSpecification","valueRequired":true,"valueName":"search_term_string"}}],"inLanguage":"es"},{"@type":"Organization","@id":"https:\/\/fuentesfidedignas.com.mx\/#organization","name":"Fuentes Fidedignas","url":"https:\/\/fuentesfidedignas.com.mx\/","logo":{"@type":"ImageObject","inLanguage":"es","@id":"https:\/\/fuentesfidedignas.com.mx\/#\/schema\/logo\/image\/","url":"https:\/\/fuentesfidedignas.com.mx\/wp-content\/uploads\/2021\/04\/logo-retina.png","contentUrl":"https:\/\/fuentesfidedignas.com.mx\/wp-content\/uploads\/2021\/04\/logo-retina.png","width":280,"height":51,"caption":"Fuentes Fidedignas"},"image":{"@id":"https:\/\/fuentesfidedignas.com.mx\/#\/schema\/logo\/image\/"},"sameAs":["https:\/\/www.facebook.com\/Fuentes-Fidedignas-368234489921644","https:\/\/x.com\/fidedignas"]},{"@type":"Person","@id":"https:\/\/fuentesfidedignas.com.mx\/#\/schema\/person\/47ec0135738f4b0c7495f06a77a2c976","name":"Milenio","image":{"@type":"ImageObject","inLanguage":"es","@id":"https:\/\/secure.gravatar.com\/avatar\/acabf7b54753e51c2c76457954577c236b3b764789b19879565769739d1e4a75?s=96&d=mm&r=g","url":"https:\/\/secure.gravatar.com\/avatar\/acabf7b54753e51c2c76457954577c236b3b764789b19879565769739d1e4a75?s=96&d=mm&r=g","contentUrl":"https:\/\/secure.gravatar.com\/avatar\/acabf7b54753e51c2c76457954577c236b3b764789b19879565769739d1e4a75?s=96&d=mm&r=g","caption":"Milenio"},"url":"https:\/\/fuentesfidedignas.com.mx\/index.php\/author\/milenio\/"}]}},"_links":{"self":[{"href":"https:\/\/fuentesfidedignas.com.mx\/index.php\/wp-json\/wp\/v2\/posts\/104404","targetHints":{"allow":["GET"]}}],"collection":[{"href":"https:\/\/fuentesfidedignas.com.mx\/index.php\/wp-json\/wp\/v2\/posts"}],"about":[{"href":"https:\/\/fuentesfidedignas.com.mx\/index.php\/wp-json\/wp\/v2\/types\/post"}],"author":[{"embeddable":true,"href":"https:\/\/fuentesfidedignas.com.mx\/index.php\/wp-json\/wp\/v2\/users\/9"}],"replies":[{"embeddable":true,"href":"https:\/\/fuentesfidedignas.com.mx\/index.php\/wp-json\/wp\/v2\/comments?post=104404"}],"version-history":[{"count":1,"href":"https:\/\/fuentesfidedignas.com.mx\/index.php\/wp-json\/wp\/v2\/posts\/104404\/revisions"}],"predecessor-version":[{"id":104406,"href":"https:\/\/fuentesfidedignas.com.mx\/index.php\/wp-json\/wp\/v2\/posts\/104404\/revisions\/104406"}],"wp:featuredmedia":[{"embeddable":true,"href":"https:\/\/fuentesfidedignas.com.mx\/index.php\/wp-json\/wp\/v2\/media\/104405"}],"wp:attachment":[{"href":"https:\/\/fuentesfidedignas.com.mx\/index.php\/wp-json\/wp\/v2\/media?parent=104404"}],"wp:term":[{"taxonomy":"category","embeddable":true,"href":"https:\/\/fuentesfidedignas.com.mx\/index.php\/wp-json\/wp\/v2\/categories?post=104404"},{"taxonomy":"post_tag","embeddable":true,"href":"https:\/\/fuentesfidedignas.com.mx\/index.php\/wp-json\/wp\/v2\/tags?post=104404"}],"curies":[{"name":"wp","href":"https:\/\/api.w.org\/{rel}","templated":true}]}}