{"id":104369,"date":"2025-03-21T13:24:03","date_gmt":"2025-03-21T20:24:03","guid":{"rendered":"https:\/\/fuentesfidedignas.com.mx\/?p=104369"},"modified":"2025-03-21T13:28:57","modified_gmt":"2025-03-21T20:28:57","slug":"la-vida-nocturna-en-culiacan-reactivacion-o-riesgo","status":"publish","type":"post","link":"https:\/\/fuentesfidedignas.com.mx\/index.php\/2025\/03\/21\/la-vida-nocturna-en-culiacan-reactivacion-o-riesgo\/","title":{"rendered":"La vida nocturna en Culiac\u00e1n: \u00bfreactivaci\u00f3n o riesgo?"},"content":{"rendered":"\n<p class=\"p1\">En medio de una ola de violencia que mantiene en alerta a la poblaci\u00f3n, la reactivaci\u00f3n de la vida nocturna en Culiac\u00e1n genera un debate necesario: \u00bfes una se\u00f1al de normalidad o una exposici\u00f3n innecesaria al peligro?<\/p>\n\n\n\n<p class=\"p1\">Los bares, antros y restaurantes han comenzado a recuperar el dinamismo que perdieron tras operativos y hechos violentos que se registran desde el mes de septiembre. La necesidad econ\u00f3mica es un motor innegable para empresarios y trabajadores del sector, quienes no pueden darse el lujo de mantener las puertas cerradas. Sin embargo, la percepci\u00f3n de inseguridad sigue presente entre los ciudadanos.<\/p>\n\n\n\n<p class=\"p1\">La paradoja es evidente. Mientras algunos disfrutan de una noche de fiesta, otros evitan salir despu\u00e9s de cierta hora, temerosos de quedar atrapados en un enfrentamiento. Esta dualidad refleja la compleja realidad de la capital sinaloense, donde la normalidad se construye a la par de la incertidumbre.<\/p>\n\n\n\n<p class=\"p1\">Reactivar la vida nocturna es positivo si viene acompa\u00f1ado de condiciones seguras para los asistentes. Las autoridades deben garantizar que la apertura de estos espacios no signifique exponer a la ciudadan\u00eda a situaciones de riesgo. La vigilancia, los protocolos de seguridad y la coordinaci\u00f3n con los empresarios del sector deben ser prioritarios.<\/p>\n\n\n\n<p class=\"p1\">La pregunta que queda en el aire es si la sociedad culiacanense ha aprendido a convivir con el miedo o si, en su af\u00e1n de recuperar la normalidad, est\u00e1 ignorando un problema de fondo. La reactivaci\u00f3n nocturna es un s\u00edntoma de resiliencia, pero tambi\u00e9n un recordatorio de que la inseguridad sigue marcando la vida diaria.<\/p>\n\n\n\n<p class=\"p1\"><strong>Culiac\u00e1n en Movimiento: \u00bfesperanza o simulacro de seguridad?<\/strong><\/p>\n\n\n\n<p class=\"p1\">El operativo Culiac\u00e1n en Movimiento, implementado para reactivar la vida nocturna en la capital sinaloense, representa un esfuerzo ambicioso por devolver la confianza a los ciudadanos y revitalizar la econom\u00eda local. Sin embargo, la pregunta que surge es: \u00bfestamos ante una verdadera soluci\u00f3n o solo ante una medida paliativa en medio de una crisis de seguridad no resuelta?<\/p>\n\n\n\n<p class=\"p1\">Por un lado, la presencia de fuerzas de seguridad en las principales zonas de entretenimiento genera una sensaci\u00f3n de protecci\u00f3n para quienes desean salir a disfrutar la noche sin temor. Restauranteros, empresarios y trabajadores del sector ven con buenos ojos esta estrategia, pues su estabilidad econ\u00f3mica depende de que la gente se anime a volver a los bares, antros y eventos nocturnos.<\/p>\n\n\n\n<p class=\"p1\">No obstante, esta estrategia tambi\u00e9n expone una realidad inc\u00f3moda: la necesidad de operativos especiales para garantizar algo tan b\u00e1sico como salir a cenar o divertirse. \u00bfNo deber\u00eda la seguridad ser una condici\u00f3n permanente y no una excepci\u00f3n? La violencia en Culiac\u00e1n no es un problema de percepci\u00f3n; es una amenaza latente que ha cobrado vidas y alterado el tejido social.<\/p>\n\n\n\n<p class=\"p1\">Si bien Culiac\u00e1n en Movimiento puede ser un alivio temporal, su \u00e9xito real depender\u00e1 de que vaya acompa\u00f1ado de estrategias de largo plazo. No basta con desplegar patrullas los fines de semana; se necesita atacar las causas profundas de la inseguridad y recuperar la ciudad m\u00e1s all\u00e1 de la vida nocturna.<\/p>\n","protected":false},"excerpt":{"rendered":"<p>En medio de una ola de violencia que mantiene en alerta a la poblaci\u00f3n, la reactivaci\u00f3n de la vida nocturna en Culiac\u00e1n genera un debate necesario: \u00bfes una se\u00f1al de normalidad o una exposici\u00f3n innecesaria al peligro? Los bares, antros y restaurantes han comenzado a recuperar el dinamismo que perdieron tras operativos y hechos violentos [&hellip;]<\/p>\n","protected":false},"author":11,"featured_media":104366,"comment_status":"closed","ping_status":"open","sticky":false,"template":"","format":"standard","meta":{"tdm_status":"","tdm_grid_status":"","footnotes":""},"categories":[3064,2772],"tags":[],"class_list":{"0":"post-104369","1":"post","2":"type-post","3":"status-publish","4":"format-standard","5":"has-post-thumbnail","7":"category-columnas","8":"category-vis-a-vis"},"yoast_head":"<!-- This site is optimized with the Yoast SEO plugin v27.5 - https:\/\/yoast.com\/product\/yoast-seo-wordpress\/ -->\n<title>La vida nocturna en Culiac\u00e1n: \u00bfreactivaci\u00f3n o riesgo? - Fuentes Fidedignas<\/title>\n<meta name=\"robots\" content=\"index, follow, max-snippet:-1, max-image-preview:large, max-video-preview:-1\" \/>\n<link rel=\"canonical\" href=\"https:\/\/fuentesfidedignas.com.mx\/index.php\/2025\/03\/21\/la-vida-nocturna-en-culiacan-reactivacion-o-riesgo\/\" \/>\n<meta property=\"og:locale\" content=\"es_MX\" \/>\n<meta property=\"og:type\" content=\"article\" \/>\n<meta property=\"og:title\" content=\"La vida nocturna en Culiac\u00e1n: \u00bfreactivaci\u00f3n o riesgo? - Fuentes Fidedignas\" \/>\n<meta property=\"og:description\" content=\"En medio de una ola de violencia que mantiene en alerta a la poblaci\u00f3n, la reactivaci\u00f3n de la vida nocturna en Culiac\u00e1n genera un debate necesario: \u00bfes una se\u00f1al de normalidad o una exposici\u00f3n innecesaria al peligro? Los bares, antros y restaurantes han comenzado a recuperar el dinamismo que perdieron tras operativos y hechos violentos [&hellip;]\" \/>\n<meta property=\"og:url\" content=\"https:\/\/fuentesfidedignas.com.mx\/index.php\/2025\/03\/21\/la-vida-nocturna-en-culiacan-reactivacion-o-riesgo\/\" \/>\n<meta property=\"og:site_name\" content=\"Fuentes Fidedignas\" \/>\n<meta property=\"article:publisher\" content=\"https:\/\/www.facebook.com\/Fuentes-Fidedignas-368234489921644\" \/>\n<meta property=\"article:published_time\" content=\"2025-03-21T20:24:03+00:00\" \/>\n<meta property=\"article:modified_time\" content=\"2025-03-21T20:28:57+00:00\" \/>\n<meta property=\"og:image\" content=\"https:\/\/fuentesfidedignas.com.mx\/wp-content\/uploads\/2025\/03\/f4afd262-0bdf-4edb-b811-cd85eb603d02-1.jpg\" \/>\n\t<meta property=\"og:image:width\" content=\"1600\" \/>\n\t<meta property=\"og:image:height\" content=\"1064\" \/>\n\t<meta property=\"og:image:type\" content=\"image\/jpeg\" \/>\n<meta name=\"author\" content=\"Marissa Palafox\" \/>\n<meta name=\"twitter:card\" content=\"summary_large_image\" \/>\n<meta name=\"twitter:creator\" content=\"@fidedignas\" \/>\n<meta name=\"twitter:site\" content=\"@fidedignas\" \/>\n<meta name=\"twitter:label1\" content=\"Escrito por\" \/>\n\t<meta name=\"twitter:data1\" content=\"Marissa Palafox\" \/>\n\t<meta name=\"twitter:label2\" content=\"Tiempo de lectura\" \/>\n\t<meta name=\"twitter:data2\" content=\"3 minutos\" \/>\n<script type=\"application\/ld+json\" class=\"yoast-schema-graph\">{\"@context\":\"https:\\\/\\\/schema.org\",\"@graph\":[{\"@type\":\"Article\",\"@id\":\"https:\\\/\\\/fuentesfidedignas.com.mx\\\/index.php\\\/2025\\\/03\\\/21\\\/la-vida-nocturna-en-culiacan-reactivacion-o-riesgo\\\/#article\",\"isPartOf\":{\"@id\":\"https:\\\/\\\/fuentesfidedignas.com.mx\\\/index.php\\\/2025\\\/03\\\/21\\\/la-vida-nocturna-en-culiacan-reactivacion-o-riesgo\\\/\"},\"author\":{\"name\":\"Marissa Palafox\",\"@id\":\"https:\\\/\\\/fuentesfidedignas.com.mx\\\/#\\\/schema\\\/person\\\/2c10028b4a30078c05a056a215342ab9\"},\"headline\":\"La vida nocturna en Culiac\u00e1n: \u00bfreactivaci\u00f3n o riesgo?\",\"datePublished\":\"2025-03-21T20:24:03+00:00\",\"dateModified\":\"2025-03-21T20:28:57+00:00\",\"mainEntityOfPage\":{\"@id\":\"https:\\\/\\\/fuentesfidedignas.com.mx\\\/index.php\\\/2025\\\/03\\\/21\\\/la-vida-nocturna-en-culiacan-reactivacion-o-riesgo\\\/\"},\"wordCount\":534,\"publisher\":{\"@id\":\"https:\\\/\\\/fuentesfidedignas.com.mx\\\/#organization\"},\"image\":{\"@id\":\"https:\\\/\\\/fuentesfidedignas.com.mx\\\/index.php\\\/2025\\\/03\\\/21\\\/la-vida-nocturna-en-culiacan-reactivacion-o-riesgo\\\/#primaryimage\"},\"thumbnailUrl\":\"https:\\\/\\\/fuentesfidedignas.com.mx\\\/wp-content\\\/uploads\\\/2025\\\/03\\\/f4afd262-0bdf-4edb-b811-cd85eb603d02-1.jpg\",\"articleSection\":[\"COLUMNAS\",\"VIS \u00c0 VIS\"],\"inLanguage\":\"es\"},{\"@type\":\"WebPage\",\"@id\":\"https:\\\/\\\/fuentesfidedignas.com.mx\\\/index.php\\\/2025\\\/03\\\/21\\\/la-vida-nocturna-en-culiacan-reactivacion-o-riesgo\\\/\",\"url\":\"https:\\\/\\\/fuentesfidedignas.com.mx\\\/index.php\\\/2025\\\/03\\\/21\\\/la-vida-nocturna-en-culiacan-reactivacion-o-riesgo\\\/\",\"name\":\"La vida nocturna en Culiac\u00e1n: \u00bfreactivaci\u00f3n o riesgo? - Fuentes Fidedignas\",\"isPartOf\":{\"@id\":\"https:\\\/\\\/fuentesfidedignas.com.mx\\\/#website\"},\"primaryImageOfPage\":{\"@id\":\"https:\\\/\\\/fuentesfidedignas.com.mx\\\/index.php\\\/2025\\\/03\\\/21\\\/la-vida-nocturna-en-culiacan-reactivacion-o-riesgo\\\/#primaryimage\"},\"image\":{\"@id\":\"https:\\\/\\\/fuentesfidedignas.com.mx\\\/index.php\\\/2025\\\/03\\\/21\\\/la-vida-nocturna-en-culiacan-reactivacion-o-riesgo\\\/#primaryimage\"},\"thumbnailUrl\":\"https:\\\/\\\/fuentesfidedignas.com.mx\\\/wp-content\\\/uploads\\\/2025\\\/03\\\/f4afd262-0bdf-4edb-b811-cd85eb603d02-1.jpg\",\"datePublished\":\"2025-03-21T20:24:03+00:00\",\"dateModified\":\"2025-03-21T20:28:57+00:00\",\"breadcrumb\":{\"@id\":\"https:\\\/\\\/fuentesfidedignas.com.mx\\\/index.php\\\/2025\\\/03\\\/21\\\/la-vida-nocturna-en-culiacan-reactivacion-o-riesgo\\\/#breadcrumb\"},\"inLanguage\":\"es\",\"potentialAction\":[{\"@type\":\"ReadAction\",\"target\":[\"https:\\\/\\\/fuentesfidedignas.com.mx\\\/index.php\\\/2025\\\/03\\\/21\\\/la-vida-nocturna-en-culiacan-reactivacion-o-riesgo\\\/\"]}]},{\"@type\":\"ImageObject\",\"inLanguage\":\"es\",\"@id\":\"https:\\\/\\\/fuentesfidedignas.com.mx\\\/index.php\\\/2025\\\/03\\\/21\\\/la-vida-nocturna-en-culiacan-reactivacion-o-riesgo\\\/#primaryimage\",\"url\":\"https:\\\/\\\/fuentesfidedignas.com.mx\\\/wp-content\\\/uploads\\\/2025\\\/03\\\/f4afd262-0bdf-4edb-b811-cd85eb603d02-1.jpg\",\"contentUrl\":\"https:\\\/\\\/fuentesfidedignas.com.mx\\\/wp-content\\\/uploads\\\/2025\\\/03\\\/f4afd262-0bdf-4edb-b811-cd85eb603d02-1.jpg\",\"width\":1600,\"height\":1064},{\"@type\":\"BreadcrumbList\",\"@id\":\"https:\\\/\\\/fuentesfidedignas.com.mx\\\/index.php\\\/2025\\\/03\\\/21\\\/la-vida-nocturna-en-culiacan-reactivacion-o-riesgo\\\/#breadcrumb\",\"itemListElement\":[{\"@type\":\"ListItem\",\"position\":1,\"name\":\"Inicio\",\"item\":\"https:\\\/\\\/fuentesfidedignas.com.mx\\\/\"},{\"@type\":\"ListItem\",\"position\":2,\"name\":\"La vida nocturna en Culiac\u00e1n: \u00bfreactivaci\u00f3n o riesgo?\"}]},{\"@type\":\"WebSite\",\"@id\":\"https:\\\/\\\/fuentesfidedignas.com.mx\\\/#website\",\"url\":\"https:\\\/\\\/fuentesfidedignas.com.mx\\\/\",\"name\":\"Fuentes Fidedignas\",\"description\":\"Otro sitio realizado con WordPress\",\"publisher\":{\"@id\":\"https:\\\/\\\/fuentesfidedignas.com.mx\\\/#organization\"},\"potentialAction\":[{\"@type\":\"SearchAction\",\"target\":{\"@type\":\"EntryPoint\",\"urlTemplate\":\"https:\\\/\\\/fuentesfidedignas.com.mx\\\/?s={search_term_string}\"},\"query-input\":{\"@type\":\"PropertyValueSpecification\",\"valueRequired\":true,\"valueName\":\"search_term_string\"}}],\"inLanguage\":\"es\"},{\"@type\":\"Organization\",\"@id\":\"https:\\\/\\\/fuentesfidedignas.com.mx\\\/#organization\",\"name\":\"Fuentes Fidedignas\",\"url\":\"https:\\\/\\\/fuentesfidedignas.com.mx\\\/\",\"logo\":{\"@type\":\"ImageObject\",\"inLanguage\":\"es\",\"@id\":\"https:\\\/\\\/fuentesfidedignas.com.mx\\\/#\\\/schema\\\/logo\\\/image\\\/\",\"url\":\"https:\\\/\\\/fuentesfidedignas.com.mx\\\/wp-content\\\/uploads\\\/2021\\\/04\\\/logo-retina.png\",\"contentUrl\":\"https:\\\/\\\/fuentesfidedignas.com.mx\\\/wp-content\\\/uploads\\\/2021\\\/04\\\/logo-retina.png\",\"width\":280,\"height\":51,\"caption\":\"Fuentes Fidedignas\"},\"image\":{\"@id\":\"https:\\\/\\\/fuentesfidedignas.com.mx\\\/#\\\/schema\\\/logo\\\/image\\\/\"},\"sameAs\":[\"https:\\\/\\\/www.facebook.com\\\/Fuentes-Fidedignas-368234489921644\",\"https:\\\/\\\/x.com\\\/fidedignas\"]},{\"@type\":\"Person\",\"@id\":\"https:\\\/\\\/fuentesfidedignas.com.mx\\\/#\\\/schema\\\/person\\\/2c10028b4a30078c05a056a215342ab9\",\"name\":\"Marissa Palafox\",\"image\":{\"@type\":\"ImageObject\",\"inLanguage\":\"es\",\"@id\":\"https:\\\/\\\/secure.gravatar.com\\\/avatar\\\/20a43bdb2f2db10f20b22d4e98b96eb027faf98f7f76d29854dc5fab46d1cf71?s=96&d=mm&r=g\",\"url\":\"https:\\\/\\\/secure.gravatar.com\\\/avatar\\\/20a43bdb2f2db10f20b22d4e98b96eb027faf98f7f76d29854dc5fab46d1cf71?s=96&d=mm&r=g\",\"contentUrl\":\"https:\\\/\\\/secure.gravatar.com\\\/avatar\\\/20a43bdb2f2db10f20b22d4e98b96eb027faf98f7f76d29854dc5fab46d1cf71?s=96&d=mm&r=g\",\"caption\":\"Marissa Palafox\"},\"url\":\"https:\\\/\\\/fuentesfidedignas.com.mx\\\/index.php\\\/author\\\/marissa\\\/\"}]}<\/script>\n<!-- \/ Yoast SEO plugin. -->","yoast_head_json":{"title":"La vida nocturna en Culiac\u00e1n: \u00bfreactivaci\u00f3n o riesgo? - Fuentes Fidedignas","robots":{"index":"index","follow":"follow","max-snippet":"max-snippet:-1","max-image-preview":"max-image-preview:large","max-video-preview":"max-video-preview:-1"},"canonical":"https:\/\/fuentesfidedignas.com.mx\/index.php\/2025\/03\/21\/la-vida-nocturna-en-culiacan-reactivacion-o-riesgo\/","og_locale":"es_MX","og_type":"article","og_title":"La vida nocturna en Culiac\u00e1n: \u00bfreactivaci\u00f3n o riesgo? - Fuentes Fidedignas","og_description":"En medio de una ola de violencia que mantiene en alerta a la poblaci\u00f3n, la reactivaci\u00f3n de la vida nocturna en Culiac\u00e1n genera un debate necesario: \u00bfes una se\u00f1al de normalidad o una exposici\u00f3n innecesaria al peligro? Los bares, antros y restaurantes han comenzado a recuperar el dinamismo que perdieron tras operativos y hechos violentos [&hellip;]","og_url":"https:\/\/fuentesfidedignas.com.mx\/index.php\/2025\/03\/21\/la-vida-nocturna-en-culiacan-reactivacion-o-riesgo\/","og_site_name":"Fuentes Fidedignas","article_publisher":"https:\/\/www.facebook.com\/Fuentes-Fidedignas-368234489921644","article_published_time":"2025-03-21T20:24:03+00:00","article_modified_time":"2025-03-21T20:28:57+00:00","og_image":[{"width":1600,"height":1064,"url":"https:\/\/fuentesfidedignas.com.mx\/wp-content\/uploads\/2025\/03\/f4afd262-0bdf-4edb-b811-cd85eb603d02-1.jpg","type":"image\/jpeg"}],"author":"Marissa Palafox","twitter_card":"summary_large_image","twitter_creator":"@fidedignas","twitter_site":"@fidedignas","twitter_misc":{"Escrito por":"Marissa Palafox","Tiempo de lectura":"3 minutos"},"schema":{"@context":"https:\/\/schema.org","@graph":[{"@type":"Article","@id":"https:\/\/fuentesfidedignas.com.mx\/index.php\/2025\/03\/21\/la-vida-nocturna-en-culiacan-reactivacion-o-riesgo\/#article","isPartOf":{"@id":"https:\/\/fuentesfidedignas.com.mx\/index.php\/2025\/03\/21\/la-vida-nocturna-en-culiacan-reactivacion-o-riesgo\/"},"author":{"name":"Marissa Palafox","@id":"https:\/\/fuentesfidedignas.com.mx\/#\/schema\/person\/2c10028b4a30078c05a056a215342ab9"},"headline":"La vida nocturna en Culiac\u00e1n: \u00bfreactivaci\u00f3n o riesgo?","datePublished":"2025-03-21T20:24:03+00:00","dateModified":"2025-03-21T20:28:57+00:00","mainEntityOfPage":{"@id":"https:\/\/fuentesfidedignas.com.mx\/index.php\/2025\/03\/21\/la-vida-nocturna-en-culiacan-reactivacion-o-riesgo\/"},"wordCount":534,"publisher":{"@id":"https:\/\/fuentesfidedignas.com.mx\/#organization"},"image":{"@id":"https:\/\/fuentesfidedignas.com.mx\/index.php\/2025\/03\/21\/la-vida-nocturna-en-culiacan-reactivacion-o-riesgo\/#primaryimage"},"thumbnailUrl":"https:\/\/fuentesfidedignas.com.mx\/wp-content\/uploads\/2025\/03\/f4afd262-0bdf-4edb-b811-cd85eb603d02-1.jpg","articleSection":["COLUMNAS","VIS \u00c0 VIS"],"inLanguage":"es"},{"@type":"WebPage","@id":"https:\/\/fuentesfidedignas.com.mx\/index.php\/2025\/03\/21\/la-vida-nocturna-en-culiacan-reactivacion-o-riesgo\/","url":"https:\/\/fuentesfidedignas.com.mx\/index.php\/2025\/03\/21\/la-vida-nocturna-en-culiacan-reactivacion-o-riesgo\/","name":"La vida nocturna en Culiac\u00e1n: \u00bfreactivaci\u00f3n o riesgo? - Fuentes Fidedignas","isPartOf":{"@id":"https:\/\/fuentesfidedignas.com.mx\/#website"},"primaryImageOfPage":{"@id":"https:\/\/fuentesfidedignas.com.mx\/index.php\/2025\/03\/21\/la-vida-nocturna-en-culiacan-reactivacion-o-riesgo\/#primaryimage"},"image":{"@id":"https:\/\/fuentesfidedignas.com.mx\/index.php\/2025\/03\/21\/la-vida-nocturna-en-culiacan-reactivacion-o-riesgo\/#primaryimage"},"thumbnailUrl":"https:\/\/fuentesfidedignas.com.mx\/wp-content\/uploads\/2025\/03\/f4afd262-0bdf-4edb-b811-cd85eb603d02-1.jpg","datePublished":"2025-03-21T20:24:03+00:00","dateModified":"2025-03-21T20:28:57+00:00","breadcrumb":{"@id":"https:\/\/fuentesfidedignas.com.mx\/index.php\/2025\/03\/21\/la-vida-nocturna-en-culiacan-reactivacion-o-riesgo\/#breadcrumb"},"inLanguage":"es","potentialAction":[{"@type":"ReadAction","target":["https:\/\/fuentesfidedignas.com.mx\/index.php\/2025\/03\/21\/la-vida-nocturna-en-culiacan-reactivacion-o-riesgo\/"]}]},{"@type":"ImageObject","inLanguage":"es","@id":"https:\/\/fuentesfidedignas.com.mx\/index.php\/2025\/03\/21\/la-vida-nocturna-en-culiacan-reactivacion-o-riesgo\/#primaryimage","url":"https:\/\/fuentesfidedignas.com.mx\/wp-content\/uploads\/2025\/03\/f4afd262-0bdf-4edb-b811-cd85eb603d02-1.jpg","contentUrl":"https:\/\/fuentesfidedignas.com.mx\/wp-content\/uploads\/2025\/03\/f4afd262-0bdf-4edb-b811-cd85eb603d02-1.jpg","width":1600,"height":1064},{"@type":"BreadcrumbList","@id":"https:\/\/fuentesfidedignas.com.mx\/index.php\/2025\/03\/21\/la-vida-nocturna-en-culiacan-reactivacion-o-riesgo\/#breadcrumb","itemListElement":[{"@type":"ListItem","position":1,"name":"Inicio","item":"https:\/\/fuentesfidedignas.com.mx\/"},{"@type":"ListItem","position":2,"name":"La vida nocturna en Culiac\u00e1n: \u00bfreactivaci\u00f3n o riesgo?"}]},{"@type":"WebSite","@id":"https:\/\/fuentesfidedignas.com.mx\/#website","url":"https:\/\/fuentesfidedignas.com.mx\/","name":"Fuentes Fidedignas","description":"Otro sitio realizado con WordPress","publisher":{"@id":"https:\/\/fuentesfidedignas.com.mx\/#organization"},"potentialAction":[{"@type":"SearchAction","target":{"@type":"EntryPoint","urlTemplate":"https:\/\/fuentesfidedignas.com.mx\/?s={search_term_string}"},"query-input":{"@type":"PropertyValueSpecification","valueRequired":true,"valueName":"search_term_string"}}],"inLanguage":"es"},{"@type":"Organization","@id":"https:\/\/fuentesfidedignas.com.mx\/#organization","name":"Fuentes Fidedignas","url":"https:\/\/fuentesfidedignas.com.mx\/","logo":{"@type":"ImageObject","inLanguage":"es","@id":"https:\/\/fuentesfidedignas.com.mx\/#\/schema\/logo\/image\/","url":"https:\/\/fuentesfidedignas.com.mx\/wp-content\/uploads\/2021\/04\/logo-retina.png","contentUrl":"https:\/\/fuentesfidedignas.com.mx\/wp-content\/uploads\/2021\/04\/logo-retina.png","width":280,"height":51,"caption":"Fuentes Fidedignas"},"image":{"@id":"https:\/\/fuentesfidedignas.com.mx\/#\/schema\/logo\/image\/"},"sameAs":["https:\/\/www.facebook.com\/Fuentes-Fidedignas-368234489921644","https:\/\/x.com\/fidedignas"]},{"@type":"Person","@id":"https:\/\/fuentesfidedignas.com.mx\/#\/schema\/person\/2c10028b4a30078c05a056a215342ab9","name":"Marissa Palafox","image":{"@type":"ImageObject","inLanguage":"es","@id":"https:\/\/secure.gravatar.com\/avatar\/20a43bdb2f2db10f20b22d4e98b96eb027faf98f7f76d29854dc5fab46d1cf71?s=96&d=mm&r=g","url":"https:\/\/secure.gravatar.com\/avatar\/20a43bdb2f2db10f20b22d4e98b96eb027faf98f7f76d29854dc5fab46d1cf71?s=96&d=mm&r=g","contentUrl":"https:\/\/secure.gravatar.com\/avatar\/20a43bdb2f2db10f20b22d4e98b96eb027faf98f7f76d29854dc5fab46d1cf71?s=96&d=mm&r=g","caption":"Marissa Palafox"},"url":"https:\/\/fuentesfidedignas.com.mx\/index.php\/author\/marissa\/"}]}},"_links":{"self":[{"href":"https:\/\/fuentesfidedignas.com.mx\/index.php\/wp-json\/wp\/v2\/posts\/104369","targetHints":{"allow":["GET"]}}],"collection":[{"href":"https:\/\/fuentesfidedignas.com.mx\/index.php\/wp-json\/wp\/v2\/posts"}],"about":[{"href":"https:\/\/fuentesfidedignas.com.mx\/index.php\/wp-json\/wp\/v2\/types\/post"}],"author":[{"embeddable":true,"href":"https:\/\/fuentesfidedignas.com.mx\/index.php\/wp-json\/wp\/v2\/users\/11"}],"replies":[{"embeddable":true,"href":"https:\/\/fuentesfidedignas.com.mx\/index.php\/wp-json\/wp\/v2\/comments?post=104369"}],"version-history":[{"count":2,"href":"https:\/\/fuentesfidedignas.com.mx\/index.php\/wp-json\/wp\/v2\/posts\/104369\/revisions"}],"predecessor-version":[{"id":104371,"href":"https:\/\/fuentesfidedignas.com.mx\/index.php\/wp-json\/wp\/v2\/posts\/104369\/revisions\/104371"}],"wp:featuredmedia":[{"embeddable":true,"href":"https:\/\/fuentesfidedignas.com.mx\/index.php\/wp-json\/wp\/v2\/media\/104366"}],"wp:attachment":[{"href":"https:\/\/fuentesfidedignas.com.mx\/index.php\/wp-json\/wp\/v2\/media?parent=104369"}],"wp:term":[{"taxonomy":"category","embeddable":true,"href":"https:\/\/fuentesfidedignas.com.mx\/index.php\/wp-json\/wp\/v2\/categories?post=104369"},{"taxonomy":"post_tag","embeddable":true,"href":"https:\/\/fuentesfidedignas.com.mx\/index.php\/wp-json\/wp\/v2\/tags?post=104369"}],"curies":[{"name":"wp","href":"https:\/\/api.w.org\/{rel}","templated":true}]}}