{"id":104367,"date":"2025-03-21T12:32:16","date_gmt":"2025-03-21T19:32:16","guid":{"rendered":"https:\/\/fuentesfidedignas.com.mx\/?p=104367"},"modified":"2025-03-21T12:32:16","modified_gmt":"2025-03-21T19:32:16","slug":"con-vamos-pal-barrio-buscan-reactivar-el-paseo-del-angel","status":"publish","type":"post","link":"https:\/\/fuentesfidedignas.com.mx\/index.php\/2025\/03\/21\/con-vamos-pal-barrio-buscan-reactivar-el-paseo-del-angel\/","title":{"rendered":"Con &#8220;Vamos Pal&#8217; Barrio&#8221;, buscan reactivar el Paseo del \u00c1ngel"},"content":{"rendered":"\n<p><strong><em>La iniciativa se suma al Plan Culiac\u00e1n en Movimiento, para cuidar la seguridad de clientes y trabajadores de empresas restauranteras, bares, centros nocturnos y otros de entretenimiento.<\/em><\/strong><\/p>\n\n\n\n<p>Culiac\u00e1n, Sinaloa.- \u201cVamos Pal\u2019 Barrio\u201d es una iniciativa impulsada por los empresarios del Barrio M\u00e1gico denominado Paseo del \u00c1ngel, zona c\u00e9ntrica de la ciudad de Culiac\u00e1n que cuenta con tal distintivo a nivel nacional, el cual busca incentivar la vida social vespertina y nocturna en Culiac\u00e1n, a trav\u00e9s de una serie de restaurantes y centros de recreo que se ofrecen a lo largo de la calle \u00c1ngel Flores, de la cual deriva su nombre, dio a conocer Jos\u00e9 Valenzuela Garc\u00eda, presidente del Patronato del Paseo del \u00c1ngel.<\/p>\n\n\n\n<p>En conjunto con el Gobierno del estado de Sinaloa, a trav\u00e9s de sus Secretar\u00edas de Econom\u00eda y, Turismo, as\u00ed como del Ayuntamiento de Culiac\u00e1n, se lanza esta nueva propuesta que se viene a sumar al denominado Plan &#8220;Culiac\u00e1n en Movimiento&#8221;, que se puso en marcha el fin de semana pasado mediante una acci\u00f3n impulsada por la agrupaci\u00f3n empresarial Intercamaral de Culiac\u00e1n y, respaldada por los tres \u00f3rdenes de gobierno y las corporaciones de seguridad, con el objetivo de ampliar los horarios de operaci\u00f3n de los negocios locales.<\/p>\n\n\n\n<p>Con &#8220;Vamos Pal&#8217; Barrio&#8221;, se busca reactivar el Barrio M\u00e1gico mediante actividades recurrentes en las calles, creando un espacio vibrante y lleno de vida. El objetivo<br \/>es que esta zona ic\u00f3nica de Culiac\u00e1n recupere su dinamismo y se convierta nuevamente en un punto de encuentro para la comunidad. Cada mes, habr\u00e1 una agenda constante de actividades, manteniendo la zona activa con eventos que variar\u00e1n entre gastronom\u00eda, arte, historia, cultura, m\u00fasica y m\u00e1s, seg\u00fan lo planeado.<\/p>\n\n\n\n<p>Cabe recordar que es a trav\u00e9s de un operativo especial con la participaci\u00f3n de m\u00e1s de 250 elementos de los tres niveles de gobierno, que el Plan \u201cCuliac\u00e1n en Movimiento\u201d busca garantizar el funcionamiento normal de los negocios, vigilando la seguridad tanto de clientes como de trabajadores de las empresas principalmente de la industria restaurantera, de bares, y entretenimiento. Este operativo se lleva a cabo los viernes y s\u00e1bados, de 6 de la tarde a 11 de la noche, y en su primera edici\u00f3n tuvo un impacto positivo en la zona.<\/p>\n","protected":false},"excerpt":{"rendered":"<p>La iniciativa se suma al Plan Culiac\u00e1n en Movimiento, para cuidar la seguridad de clientes y trabajadores de empresas restauranteras, bares, centros nocturnos y otros de entretenimiento. Culiac\u00e1n, Sinaloa.- \u201cVamos Pal\u2019 Barrio\u201d es una iniciativa impulsada por los empresarios del Barrio M\u00e1gico denominado Paseo del \u00c1ngel, zona c\u00e9ntrica de la ciudad de Culiac\u00e1n que cuenta [&hellip;]<\/p>\n","protected":false},"author":4,"featured_media":104366,"comment_status":"closed","ping_status":"open","sticky":false,"template":"","format":"standard","meta":{"tdm_status":"","tdm_grid_status":"","footnotes":""},"categories":[38],"tags":[],"class_list":{"0":"post-104367","1":"post","2":"type-post","3":"status-publish","4":"format-standard","5":"has-post-thumbnail","7":"category-noticias-locales"},"yoast_head":"<!-- This site is optimized with the Yoast SEO plugin v27.5 - https:\/\/yoast.com\/product\/yoast-seo-wordpress\/ -->\n<title>Con &quot;Vamos Pal&#039; Barrio&quot;, buscan reactivar el Paseo del \u00c1ngel - Fuentes Fidedignas<\/title>\n<meta name=\"robots\" content=\"index, follow, max-snippet:-1, max-image-preview:large, max-video-preview:-1\" \/>\n<link rel=\"canonical\" href=\"https:\/\/fuentesfidedignas.com.mx\/index.php\/2025\/03\/21\/con-vamos-pal-barrio-buscan-reactivar-el-paseo-del-angel\/\" \/>\n<meta property=\"og:locale\" content=\"es_MX\" \/>\n<meta property=\"og:type\" content=\"article\" \/>\n<meta property=\"og:title\" content=\"Con &quot;Vamos Pal&#039; Barrio&quot;, buscan reactivar el Paseo del \u00c1ngel - Fuentes Fidedignas\" \/>\n<meta property=\"og:description\" content=\"La iniciativa se suma al Plan Culiac\u00e1n en Movimiento, para cuidar la seguridad de clientes y trabajadores de empresas restauranteras, bares, centros nocturnos y otros de entretenimiento. Culiac\u00e1n, Sinaloa.- \u201cVamos Pal\u2019 Barrio\u201d es una iniciativa impulsada por los empresarios del Barrio M\u00e1gico denominado Paseo del \u00c1ngel, zona c\u00e9ntrica de la ciudad de Culiac\u00e1n que cuenta [&hellip;]\" \/>\n<meta property=\"og:url\" content=\"https:\/\/fuentesfidedignas.com.mx\/index.php\/2025\/03\/21\/con-vamos-pal-barrio-buscan-reactivar-el-paseo-del-angel\/\" \/>\n<meta property=\"og:site_name\" content=\"Fuentes Fidedignas\" \/>\n<meta property=\"article:publisher\" content=\"https:\/\/www.facebook.com\/Fuentes-Fidedignas-368234489921644\" \/>\n<meta property=\"article:published_time\" content=\"2025-03-21T19:32:16+00:00\" \/>\n<meta property=\"og:image\" content=\"https:\/\/fuentesfidedignas.com.mx\/wp-content\/uploads\/2025\/03\/f4afd262-0bdf-4edb-b811-cd85eb603d02-1.jpg\" \/>\n\t<meta property=\"og:image:width\" content=\"1600\" \/>\n\t<meta property=\"og:image:height\" content=\"1064\" \/>\n\t<meta property=\"og:image:type\" content=\"image\/jpeg\" \/>\n<meta name=\"author\" content=\"Redacci\u00f3n\" \/>\n<meta name=\"twitter:card\" content=\"summary_large_image\" \/>\n<meta name=\"twitter:creator\" content=\"@fidedignas\" \/>\n<meta name=\"twitter:site\" content=\"@fidedignas\" \/>\n<meta name=\"twitter:label1\" content=\"Escrito por\" \/>\n\t<meta name=\"twitter:data1\" content=\"Redacci\u00f3n\" \/>\n\t<meta name=\"twitter:label2\" content=\"Tiempo de lectura\" \/>\n\t<meta name=\"twitter:data2\" content=\"2 minutos\" \/>\n<script type=\"application\/ld+json\" class=\"yoast-schema-graph\">{\"@context\":\"https:\\\/\\\/schema.org\",\"@graph\":[{\"@type\":\"Article\",\"@id\":\"https:\\\/\\\/fuentesfidedignas.com.mx\\\/index.php\\\/2025\\\/03\\\/21\\\/con-vamos-pal-barrio-buscan-reactivar-el-paseo-del-angel\\\/#article\",\"isPartOf\":{\"@id\":\"https:\\\/\\\/fuentesfidedignas.com.mx\\\/index.php\\\/2025\\\/03\\\/21\\\/con-vamos-pal-barrio-buscan-reactivar-el-paseo-del-angel\\\/\"},\"author\":{\"name\":\"Redacci\u00f3n\",\"@id\":\"https:\\\/\\\/fuentesfidedignas.com.mx\\\/#\\\/schema\\\/person\\\/331be9283d37198e2acd5750279085b0\"},\"headline\":\"Con &#8220;Vamos Pal&#8217; Barrio&#8221;, buscan reactivar el Paseo del \u00c1ngel\",\"datePublished\":\"2025-03-21T19:32:16+00:00\",\"mainEntityOfPage\":{\"@id\":\"https:\\\/\\\/fuentesfidedignas.com.mx\\\/index.php\\\/2025\\\/03\\\/21\\\/con-vamos-pal-barrio-buscan-reactivar-el-paseo-del-angel\\\/\"},\"wordCount\":405,\"publisher\":{\"@id\":\"https:\\\/\\\/fuentesfidedignas.com.mx\\\/#organization\"},\"image\":{\"@id\":\"https:\\\/\\\/fuentesfidedignas.com.mx\\\/index.php\\\/2025\\\/03\\\/21\\\/con-vamos-pal-barrio-buscan-reactivar-el-paseo-del-angel\\\/#primaryimage\"},\"thumbnailUrl\":\"https:\\\/\\\/fuentesfidedignas.com.mx\\\/wp-content\\\/uploads\\\/2025\\\/03\\\/f4afd262-0bdf-4edb-b811-cd85eb603d02-1.jpg\",\"articleSection\":[\"NOTICIAS LOCALES\"],\"inLanguage\":\"es\"},{\"@type\":\"WebPage\",\"@id\":\"https:\\\/\\\/fuentesfidedignas.com.mx\\\/index.php\\\/2025\\\/03\\\/21\\\/con-vamos-pal-barrio-buscan-reactivar-el-paseo-del-angel\\\/\",\"url\":\"https:\\\/\\\/fuentesfidedignas.com.mx\\\/index.php\\\/2025\\\/03\\\/21\\\/con-vamos-pal-barrio-buscan-reactivar-el-paseo-del-angel\\\/\",\"name\":\"Con \\\"Vamos Pal' Barrio\\\", buscan reactivar el Paseo del \u00c1ngel - Fuentes Fidedignas\",\"isPartOf\":{\"@id\":\"https:\\\/\\\/fuentesfidedignas.com.mx\\\/#website\"},\"primaryImageOfPage\":{\"@id\":\"https:\\\/\\\/fuentesfidedignas.com.mx\\\/index.php\\\/2025\\\/03\\\/21\\\/con-vamos-pal-barrio-buscan-reactivar-el-paseo-del-angel\\\/#primaryimage\"},\"image\":{\"@id\":\"https:\\\/\\\/fuentesfidedignas.com.mx\\\/index.php\\\/2025\\\/03\\\/21\\\/con-vamos-pal-barrio-buscan-reactivar-el-paseo-del-angel\\\/#primaryimage\"},\"thumbnailUrl\":\"https:\\\/\\\/fuentesfidedignas.com.mx\\\/wp-content\\\/uploads\\\/2025\\\/03\\\/f4afd262-0bdf-4edb-b811-cd85eb603d02-1.jpg\",\"datePublished\":\"2025-03-21T19:32:16+00:00\",\"breadcrumb\":{\"@id\":\"https:\\\/\\\/fuentesfidedignas.com.mx\\\/index.php\\\/2025\\\/03\\\/21\\\/con-vamos-pal-barrio-buscan-reactivar-el-paseo-del-angel\\\/#breadcrumb\"},\"inLanguage\":\"es\",\"potentialAction\":[{\"@type\":\"ReadAction\",\"target\":[\"https:\\\/\\\/fuentesfidedignas.com.mx\\\/index.php\\\/2025\\\/03\\\/21\\\/con-vamos-pal-barrio-buscan-reactivar-el-paseo-del-angel\\\/\"]}]},{\"@type\":\"ImageObject\",\"inLanguage\":\"es\",\"@id\":\"https:\\\/\\\/fuentesfidedignas.com.mx\\\/index.php\\\/2025\\\/03\\\/21\\\/con-vamos-pal-barrio-buscan-reactivar-el-paseo-del-angel\\\/#primaryimage\",\"url\":\"https:\\\/\\\/fuentesfidedignas.com.mx\\\/wp-content\\\/uploads\\\/2025\\\/03\\\/f4afd262-0bdf-4edb-b811-cd85eb603d02-1.jpg\",\"contentUrl\":\"https:\\\/\\\/fuentesfidedignas.com.mx\\\/wp-content\\\/uploads\\\/2025\\\/03\\\/f4afd262-0bdf-4edb-b811-cd85eb603d02-1.jpg\",\"width\":1600,\"height\":1064},{\"@type\":\"BreadcrumbList\",\"@id\":\"https:\\\/\\\/fuentesfidedignas.com.mx\\\/index.php\\\/2025\\\/03\\\/21\\\/con-vamos-pal-barrio-buscan-reactivar-el-paseo-del-angel\\\/#breadcrumb\",\"itemListElement\":[{\"@type\":\"ListItem\",\"position\":1,\"name\":\"Inicio\",\"item\":\"https:\\\/\\\/fuentesfidedignas.com.mx\\\/\"},{\"@type\":\"ListItem\",\"position\":2,\"name\":\"Con &#8220;Vamos Pal&#8217; Barrio&#8221;, buscan reactivar el Paseo del \u00c1ngel\"}]},{\"@type\":\"WebSite\",\"@id\":\"https:\\\/\\\/fuentesfidedignas.com.mx\\\/#website\",\"url\":\"https:\\\/\\\/fuentesfidedignas.com.mx\\\/\",\"name\":\"Fuentes Fidedignas\",\"description\":\"Otro sitio realizado con WordPress\",\"publisher\":{\"@id\":\"https:\\\/\\\/fuentesfidedignas.com.mx\\\/#organization\"},\"potentialAction\":[{\"@type\":\"SearchAction\",\"target\":{\"@type\":\"EntryPoint\",\"urlTemplate\":\"https:\\\/\\\/fuentesfidedignas.com.mx\\\/?s={search_term_string}\"},\"query-input\":{\"@type\":\"PropertyValueSpecification\",\"valueRequired\":true,\"valueName\":\"search_term_string\"}}],\"inLanguage\":\"es\"},{\"@type\":\"Organization\",\"@id\":\"https:\\\/\\\/fuentesfidedignas.com.mx\\\/#organization\",\"name\":\"Fuentes Fidedignas\",\"url\":\"https:\\\/\\\/fuentesfidedignas.com.mx\\\/\",\"logo\":{\"@type\":\"ImageObject\",\"inLanguage\":\"es\",\"@id\":\"https:\\\/\\\/fuentesfidedignas.com.mx\\\/#\\\/schema\\\/logo\\\/image\\\/\",\"url\":\"https:\\\/\\\/fuentesfidedignas.com.mx\\\/wp-content\\\/uploads\\\/2021\\\/04\\\/logo-retina.png\",\"contentUrl\":\"https:\\\/\\\/fuentesfidedignas.com.mx\\\/wp-content\\\/uploads\\\/2021\\\/04\\\/logo-retina.png\",\"width\":280,\"height\":51,\"caption\":\"Fuentes Fidedignas\"},\"image\":{\"@id\":\"https:\\\/\\\/fuentesfidedignas.com.mx\\\/#\\\/schema\\\/logo\\\/image\\\/\"},\"sameAs\":[\"https:\\\/\\\/www.facebook.com\\\/Fuentes-Fidedignas-368234489921644\",\"https:\\\/\\\/x.com\\\/fidedignas\"]},{\"@type\":\"Person\",\"@id\":\"https:\\\/\\\/fuentesfidedignas.com.mx\\\/#\\\/schema\\\/person\\\/331be9283d37198e2acd5750279085b0\",\"name\":\"Redacci\u00f3n\",\"image\":{\"@type\":\"ImageObject\",\"inLanguage\":\"es\",\"@id\":\"https:\\\/\\\/secure.gravatar.com\\\/avatar\\\/f6d8782c11d12b2d4ad3fbb6931aeab5309937a4d6cd2fc9cfaa28a6396a5aec?s=96&d=mm&r=g\",\"url\":\"https:\\\/\\\/secure.gravatar.com\\\/avatar\\\/f6d8782c11d12b2d4ad3fbb6931aeab5309937a4d6cd2fc9cfaa28a6396a5aec?s=96&d=mm&r=g\",\"contentUrl\":\"https:\\\/\\\/secure.gravatar.com\\\/avatar\\\/f6d8782c11d12b2d4ad3fbb6931aeab5309937a4d6cd2fc9cfaa28a6396a5aec?s=96&d=mm&r=g\",\"caption\":\"Redacci\u00f3n\"},\"url\":\"https:\\\/\\\/fuentesfidedignas.com.mx\\\/index.php\\\/author\\\/redaccion\\\/\"}]}<\/script>\n<!-- \/ Yoast SEO plugin. -->","yoast_head_json":{"title":"Con \"Vamos Pal' Barrio\", buscan reactivar el Paseo del \u00c1ngel - Fuentes Fidedignas","robots":{"index":"index","follow":"follow","max-snippet":"max-snippet:-1","max-image-preview":"max-image-preview:large","max-video-preview":"max-video-preview:-1"},"canonical":"https:\/\/fuentesfidedignas.com.mx\/index.php\/2025\/03\/21\/con-vamos-pal-barrio-buscan-reactivar-el-paseo-del-angel\/","og_locale":"es_MX","og_type":"article","og_title":"Con \"Vamos Pal' Barrio\", buscan reactivar el Paseo del \u00c1ngel - Fuentes Fidedignas","og_description":"La iniciativa se suma al Plan Culiac\u00e1n en Movimiento, para cuidar la seguridad de clientes y trabajadores de empresas restauranteras, bares, centros nocturnos y otros de entretenimiento. Culiac\u00e1n, Sinaloa.- \u201cVamos Pal\u2019 Barrio\u201d es una iniciativa impulsada por los empresarios del Barrio M\u00e1gico denominado Paseo del \u00c1ngel, zona c\u00e9ntrica de la ciudad de Culiac\u00e1n que cuenta [&hellip;]","og_url":"https:\/\/fuentesfidedignas.com.mx\/index.php\/2025\/03\/21\/con-vamos-pal-barrio-buscan-reactivar-el-paseo-del-angel\/","og_site_name":"Fuentes Fidedignas","article_publisher":"https:\/\/www.facebook.com\/Fuentes-Fidedignas-368234489921644","article_published_time":"2025-03-21T19:32:16+00:00","og_image":[{"width":1600,"height":1064,"url":"https:\/\/fuentesfidedignas.com.mx\/wp-content\/uploads\/2025\/03\/f4afd262-0bdf-4edb-b811-cd85eb603d02-1.jpg","type":"image\/jpeg"}],"author":"Redacci\u00f3n","twitter_card":"summary_large_image","twitter_creator":"@fidedignas","twitter_site":"@fidedignas","twitter_misc":{"Escrito por":"Redacci\u00f3n","Tiempo de lectura":"2 minutos"},"schema":{"@context":"https:\/\/schema.org","@graph":[{"@type":"Article","@id":"https:\/\/fuentesfidedignas.com.mx\/index.php\/2025\/03\/21\/con-vamos-pal-barrio-buscan-reactivar-el-paseo-del-angel\/#article","isPartOf":{"@id":"https:\/\/fuentesfidedignas.com.mx\/index.php\/2025\/03\/21\/con-vamos-pal-barrio-buscan-reactivar-el-paseo-del-angel\/"},"author":{"name":"Redacci\u00f3n","@id":"https:\/\/fuentesfidedignas.com.mx\/#\/schema\/person\/331be9283d37198e2acd5750279085b0"},"headline":"Con &#8220;Vamos Pal&#8217; Barrio&#8221;, buscan reactivar el Paseo del \u00c1ngel","datePublished":"2025-03-21T19:32:16+00:00","mainEntityOfPage":{"@id":"https:\/\/fuentesfidedignas.com.mx\/index.php\/2025\/03\/21\/con-vamos-pal-barrio-buscan-reactivar-el-paseo-del-angel\/"},"wordCount":405,"publisher":{"@id":"https:\/\/fuentesfidedignas.com.mx\/#organization"},"image":{"@id":"https:\/\/fuentesfidedignas.com.mx\/index.php\/2025\/03\/21\/con-vamos-pal-barrio-buscan-reactivar-el-paseo-del-angel\/#primaryimage"},"thumbnailUrl":"https:\/\/fuentesfidedignas.com.mx\/wp-content\/uploads\/2025\/03\/f4afd262-0bdf-4edb-b811-cd85eb603d02-1.jpg","articleSection":["NOTICIAS LOCALES"],"inLanguage":"es"},{"@type":"WebPage","@id":"https:\/\/fuentesfidedignas.com.mx\/index.php\/2025\/03\/21\/con-vamos-pal-barrio-buscan-reactivar-el-paseo-del-angel\/","url":"https:\/\/fuentesfidedignas.com.mx\/index.php\/2025\/03\/21\/con-vamos-pal-barrio-buscan-reactivar-el-paseo-del-angel\/","name":"Con \"Vamos Pal' Barrio\", buscan reactivar el Paseo del \u00c1ngel - Fuentes Fidedignas","isPartOf":{"@id":"https:\/\/fuentesfidedignas.com.mx\/#website"},"primaryImageOfPage":{"@id":"https:\/\/fuentesfidedignas.com.mx\/index.php\/2025\/03\/21\/con-vamos-pal-barrio-buscan-reactivar-el-paseo-del-angel\/#primaryimage"},"image":{"@id":"https:\/\/fuentesfidedignas.com.mx\/index.php\/2025\/03\/21\/con-vamos-pal-barrio-buscan-reactivar-el-paseo-del-angel\/#primaryimage"},"thumbnailUrl":"https:\/\/fuentesfidedignas.com.mx\/wp-content\/uploads\/2025\/03\/f4afd262-0bdf-4edb-b811-cd85eb603d02-1.jpg","datePublished":"2025-03-21T19:32:16+00:00","breadcrumb":{"@id":"https:\/\/fuentesfidedignas.com.mx\/index.php\/2025\/03\/21\/con-vamos-pal-barrio-buscan-reactivar-el-paseo-del-angel\/#breadcrumb"},"inLanguage":"es","potentialAction":[{"@type":"ReadAction","target":["https:\/\/fuentesfidedignas.com.mx\/index.php\/2025\/03\/21\/con-vamos-pal-barrio-buscan-reactivar-el-paseo-del-angel\/"]}]},{"@type":"ImageObject","inLanguage":"es","@id":"https:\/\/fuentesfidedignas.com.mx\/index.php\/2025\/03\/21\/con-vamos-pal-barrio-buscan-reactivar-el-paseo-del-angel\/#primaryimage","url":"https:\/\/fuentesfidedignas.com.mx\/wp-content\/uploads\/2025\/03\/f4afd262-0bdf-4edb-b811-cd85eb603d02-1.jpg","contentUrl":"https:\/\/fuentesfidedignas.com.mx\/wp-content\/uploads\/2025\/03\/f4afd262-0bdf-4edb-b811-cd85eb603d02-1.jpg","width":1600,"height":1064},{"@type":"BreadcrumbList","@id":"https:\/\/fuentesfidedignas.com.mx\/index.php\/2025\/03\/21\/con-vamos-pal-barrio-buscan-reactivar-el-paseo-del-angel\/#breadcrumb","itemListElement":[{"@type":"ListItem","position":1,"name":"Inicio","item":"https:\/\/fuentesfidedignas.com.mx\/"},{"@type":"ListItem","position":2,"name":"Con &#8220;Vamos Pal&#8217; Barrio&#8221;, buscan reactivar el Paseo del \u00c1ngel"}]},{"@type":"WebSite","@id":"https:\/\/fuentesfidedignas.com.mx\/#website","url":"https:\/\/fuentesfidedignas.com.mx\/","name":"Fuentes Fidedignas","description":"Otro sitio realizado con WordPress","publisher":{"@id":"https:\/\/fuentesfidedignas.com.mx\/#organization"},"potentialAction":[{"@type":"SearchAction","target":{"@type":"EntryPoint","urlTemplate":"https:\/\/fuentesfidedignas.com.mx\/?s={search_term_string}"},"query-input":{"@type":"PropertyValueSpecification","valueRequired":true,"valueName":"search_term_string"}}],"inLanguage":"es"},{"@type":"Organization","@id":"https:\/\/fuentesfidedignas.com.mx\/#organization","name":"Fuentes Fidedignas","url":"https:\/\/fuentesfidedignas.com.mx\/","logo":{"@type":"ImageObject","inLanguage":"es","@id":"https:\/\/fuentesfidedignas.com.mx\/#\/schema\/logo\/image\/","url":"https:\/\/fuentesfidedignas.com.mx\/wp-content\/uploads\/2021\/04\/logo-retina.png","contentUrl":"https:\/\/fuentesfidedignas.com.mx\/wp-content\/uploads\/2021\/04\/logo-retina.png","width":280,"height":51,"caption":"Fuentes Fidedignas"},"image":{"@id":"https:\/\/fuentesfidedignas.com.mx\/#\/schema\/logo\/image\/"},"sameAs":["https:\/\/www.facebook.com\/Fuentes-Fidedignas-368234489921644","https:\/\/x.com\/fidedignas"]},{"@type":"Person","@id":"https:\/\/fuentesfidedignas.com.mx\/#\/schema\/person\/331be9283d37198e2acd5750279085b0","name":"Redacci\u00f3n","image":{"@type":"ImageObject","inLanguage":"es","@id":"https:\/\/secure.gravatar.com\/avatar\/f6d8782c11d12b2d4ad3fbb6931aeab5309937a4d6cd2fc9cfaa28a6396a5aec?s=96&d=mm&r=g","url":"https:\/\/secure.gravatar.com\/avatar\/f6d8782c11d12b2d4ad3fbb6931aeab5309937a4d6cd2fc9cfaa28a6396a5aec?s=96&d=mm&r=g","contentUrl":"https:\/\/secure.gravatar.com\/avatar\/f6d8782c11d12b2d4ad3fbb6931aeab5309937a4d6cd2fc9cfaa28a6396a5aec?s=96&d=mm&r=g","caption":"Redacci\u00f3n"},"url":"https:\/\/fuentesfidedignas.com.mx\/index.php\/author\/redaccion\/"}]}},"_links":{"self":[{"href":"https:\/\/fuentesfidedignas.com.mx\/index.php\/wp-json\/wp\/v2\/posts\/104367","targetHints":{"allow":["GET"]}}],"collection":[{"href":"https:\/\/fuentesfidedignas.com.mx\/index.php\/wp-json\/wp\/v2\/posts"}],"about":[{"href":"https:\/\/fuentesfidedignas.com.mx\/index.php\/wp-json\/wp\/v2\/types\/post"}],"author":[{"embeddable":true,"href":"https:\/\/fuentesfidedignas.com.mx\/index.php\/wp-json\/wp\/v2\/users\/4"}],"replies":[{"embeddable":true,"href":"https:\/\/fuentesfidedignas.com.mx\/index.php\/wp-json\/wp\/v2\/comments?post=104367"}],"version-history":[{"count":1,"href":"https:\/\/fuentesfidedignas.com.mx\/index.php\/wp-json\/wp\/v2\/posts\/104367\/revisions"}],"predecessor-version":[{"id":104368,"href":"https:\/\/fuentesfidedignas.com.mx\/index.php\/wp-json\/wp\/v2\/posts\/104367\/revisions\/104368"}],"wp:featuredmedia":[{"embeddable":true,"href":"https:\/\/fuentesfidedignas.com.mx\/index.php\/wp-json\/wp\/v2\/media\/104366"}],"wp:attachment":[{"href":"https:\/\/fuentesfidedignas.com.mx\/index.php\/wp-json\/wp\/v2\/media?parent=104367"}],"wp:term":[{"taxonomy":"category","embeddable":true,"href":"https:\/\/fuentesfidedignas.com.mx\/index.php\/wp-json\/wp\/v2\/categories?post=104367"},{"taxonomy":"post_tag","embeddable":true,"href":"https:\/\/fuentesfidedignas.com.mx\/index.php\/wp-json\/wp\/v2\/tags?post=104367"}],"curies":[{"name":"wp","href":"https:\/\/api.w.org\/{rel}","templated":true}]}}