{"id":104269,"date":"2025-03-20T07:17:22","date_gmt":"2025-03-20T14:17:22","guid":{"rendered":"https:\/\/fuentesfidedignas.com.mx\/?p=104269"},"modified":"2025-03-20T07:17:26","modified_gmt":"2025-03-20T14:17:26","slug":"salud-del-papa-francisco-obliga-a-pensar-en-un-plan-b-para-semana-santa","status":"publish","type":"post","link":"https:\/\/fuentesfidedignas.com.mx\/index.php\/2025\/03\/20\/salud-del-papa-francisco-obliga-a-pensar-en-un-plan-b-para-semana-santa\/","title":{"rendered":"Salud del papa Francisco obliga a pensar en un \u201cplan B\u201d para Semana Santa"},"content":{"rendered":"\n<p><strong><em>En el Vaticano se piensa en un \u201cplan B\u201d para la conmemoraci\u00f3n de la Semana Santa debido a la hospitalizaci\u00f3n del papa Francisco<\/em><\/strong><\/p>\n\n\n\n<p>El papa Francisco sigue mejorando de sus problemas respiratorios, pero su hospitalizaci\u00f3n ser\u00e1 a\u00fan larga y despu\u00e9s del alta tendr\u00e1 que guardar una larga convalecencia en su residencia, la Casa Santa Marta, por lo que en el Vaticano se piensa en un \u201cplan B\u201d para la conmemoraci\u00f3n de la Semana Santa.<\/p>\n\n\n\n<p>La oficina de prensa de la Santa Sede ha precisado que por el momento no hay nada decidido y que las especulaciones que aparecen estos d\u00edas en los medios sobre c\u00f3mo se desarrollar\u00e1n los ritos de la Semana Santa vaticana \u201cson solo hip\u00f3tesis\u201c.<\/p>\n\n\n\n<p>La neumon\u00eda bilateral que mantiene al papa Francisco ingresado en el hospital Gemelli de Roma desde el pasado 14 de febrero est\u00e1 \u201cbajo control\u201c, aunque \u201ca\u00fan no eliminada\u201d, la ventilaci\u00f3n mec\u00e1nica durante la noche ya no es necesaria y el pr\u00f3ximo parte m\u00e9dico no se publicar\u00e1 hasta la pr\u00f3xima semana.<\/p>\n\n\n\n<p>Una mejor\u00eda gradual pero lenta que no invita a esperar en un alta del hospital en breve. En 2023, el pont\u00edfice argentino presidi\u00f3 todas las ceremonias de Semana Santa un d\u00eda despu\u00e9s de salir del hospital por una bronquitis, pero esta vez no podr\u00e1 ser as\u00ed.<\/p>\n\n\n\n<p>Por ello, en el Vaticano ya se ha estudiado un posible \u2018plan B\u2019, como hip\u00f3tesis, que podr\u00eda incluir, de ser necesario, la celebraci\u00f3n de los ritos de Semana Santa sin el papa, visto que es el periodo m\u00e1s intenso de las celebraciones de la Iglesia cat\u00f3lica.<\/p>\n\n\n\n<p>Los actos comenzar\u00e1n ya el 13 de abril con la misa del Domingo de Ramos, mientras que la Semana Santa vaticana \u2013 del 17 al 21 de abril- se inicia con el Jueves Santo, cuando hay dos misas, una por la ma\u00f1ana y otra por la tarde y el lavado de los pies, un acto en el que Francisco sol\u00eda acudir a una c\u00e1rcel romana.<\/p>\n\n\n\n<p>Mientras que el Viernes Santo hay otras dos celebraciones, entre ellas el V\u00eda Crucis en el Coliseo por la tarde, y el S\u00e1bado Santo se celebra la vigilia, una ceremonia de m\u00e1s de tres horas.<\/p>\n\n\n\n<p>Y tambi\u00e9n est\u00e1 la misa de Pascua del Domingo de Resurrecci\u00f3n, que culmina con la bendici\u00f3n Urbi et Orbi desde la Logia de las Bendiciones de la bas\u00edlica de San Pedro.<\/p>\n\n\n\n<p>Seg\u00fan el plan alternativo que han publicado algunos medios, se han identificado algunos cardenales para celebrar los ritos en nombre del papa, un poco como se hizo en 2005, en el \u00faltimo per\u00edodo de la vida de Juan Pablo II, cuando ya muy enfermo por el parkinson, la tarea fue confiada a sus colaboradores m\u00e1s cercanos. Karol Wojtyla apareci\u00f3 s\u00f3lo el Domingo de Resurrecci\u00f3n desde la ventana de su estudio, pero sin poder hablar.<\/p>\n\n\n\n<p>El esquema de delegar en los cardenales ya se est\u00e1 usando en las misas previstas para Jubileo y tambi\u00e9n en la celebraci\u00f3n del Mi\u00e9rcoles del ceniza, cuando celebr\u00f3 el penitenciario apost\u00f3lico, Angelo De Donatis.<\/p>\n\n\n\n<p>En la Semana Santa del a\u00f1o que muri\u00f3 Wojtyla, cada cardenal delegado por el papa ley\u00f3 un saludo de san Juan Pablo II y pronunci\u00f3 su propia homil\u00eda, mientras que el entonces secretario de Estado, Angelo Sodano, el Domingo de Resurrecci\u00f3n celebr\u00f3 misa en la plaza y ley\u00f3 el mensaje Urbi et Orbi.<\/p>\n\n\n\n<p>Esta vez, quiz\u00e1 el papa ya est\u00e9 recuper\u00e1ndose en esas fechas, por lo que se estudiar\u00eda una manera de que pudiera estar presente en algunos momentos importantes pero sin participar a las largas ceremonias, como por ejemplo con v\u00eddeomensajes o conexiones directos desde la capilla de su residencia.<\/p>\n\n\n\n<p>Seg\u00fan algunas especulaciones, que el Vaticano ha tachado como hip\u00f3tesis, el papa Francisco encargar\u00e1 la tarea de celebrar en su nombre a algunos cardenales como el secretario de Estado, Pietro Parolin; el decano del colegio cardenalicio, Giovanni Battista Re; el vicario de Roma, Bado Reina o De Donatis.<\/p>\n\n\n\n<p>Mientras que el secretario de Estado, Parolin, como en 2005, ser\u00eda tambi\u00e9n el encargado de leer en su nombre el mensaje del Urbi et Orbi, en el que aparecen referencias a las crisis y guerras que atraviesa el mundo, aunque no lo har\u00e1 desde el balc\u00f3n de la bas\u00edlica porque ese es un lugar s\u00f3lo reservado a los papas.<\/p>\n","protected":false},"excerpt":{"rendered":"<p>En el Vaticano se piensa en un \u201cplan B\u201d para la conmemoraci\u00f3n de la Semana Santa debido a la hospitalizaci\u00f3n del papa Francisco El papa Francisco sigue mejorando de sus problemas respiratorios, pero su hospitalizaci\u00f3n ser\u00e1 a\u00fan larga y despu\u00e9s del alta tendr\u00e1 que guardar una larga convalecencia en su residencia, la Casa Santa Marta, [&hellip;]<\/p>\n","protected":false},"author":22,"featured_media":104270,"comment_status":"open","ping_status":"open","sticky":false,"template":"","format":"standard","meta":{"tdm_status":"","tdm_grid_status":"","footnotes":""},"categories":[39],"tags":[],"class_list":{"0":"post-104269","1":"post","2":"type-post","3":"status-publish","4":"format-standard","5":"has-post-thumbnail","7":"category-noticias-nacionales"},"yoast_head":"<!-- This site is optimized with the Yoast SEO plugin v27.5 - https:\/\/yoast.com\/product\/yoast-seo-wordpress\/ -->\n<title>Salud del papa Francisco obliga a pensar en un \u201cplan B\u201d para Semana Santa - Fuentes Fidedignas<\/title>\n<meta name=\"robots\" content=\"index, follow, max-snippet:-1, max-image-preview:large, max-video-preview:-1\" \/>\n<link rel=\"canonical\" href=\"https:\/\/fuentesfidedignas.com.mx\/index.php\/2025\/03\/20\/salud-del-papa-francisco-obliga-a-pensar-en-un-plan-b-para-semana-santa\/\" \/>\n<meta property=\"og:locale\" content=\"es_MX\" \/>\n<meta property=\"og:type\" content=\"article\" \/>\n<meta property=\"og:title\" content=\"Salud del papa Francisco obliga a pensar en un \u201cplan B\u201d para Semana Santa - Fuentes Fidedignas\" \/>\n<meta property=\"og:description\" content=\"En el Vaticano se piensa en un \u201cplan B\u201d para la conmemoraci\u00f3n de la Semana Santa debido a la hospitalizaci\u00f3n del papa Francisco El papa Francisco sigue mejorando de sus problemas respiratorios, pero su hospitalizaci\u00f3n ser\u00e1 a\u00fan larga y despu\u00e9s del alta tendr\u00e1 que guardar una larga convalecencia en su residencia, la Casa Santa Marta, [&hellip;]\" \/>\n<meta property=\"og:url\" content=\"https:\/\/fuentesfidedignas.com.mx\/index.php\/2025\/03\/20\/salud-del-papa-francisco-obliga-a-pensar-en-un-plan-b-para-semana-santa\/\" \/>\n<meta property=\"og:site_name\" content=\"Fuentes Fidedignas\" \/>\n<meta property=\"article:publisher\" content=\"https:\/\/www.facebook.com\/Fuentes-Fidedignas-368234489921644\" \/>\n<meta property=\"article:published_time\" content=\"2025-03-20T14:17:22+00:00\" \/>\n<meta property=\"article:modified_time\" content=\"2025-03-20T14:17:26+00:00\" \/>\n<meta property=\"og:image\" content=\"https:\/\/fuentesfidedignas.com.mx\/wp-content\/uploads\/2025\/03\/rosario-por-el-papa.jpg\" \/>\n\t<meta property=\"og:image:width\" content=\"580\" \/>\n\t<meta property=\"og:image:height\" content=\"386\" \/>\n\t<meta property=\"og:image:type\" content=\"image\/jpeg\" \/>\n<meta name=\"author\" content=\"EFE\" \/>\n<meta name=\"twitter:card\" content=\"summary_large_image\" \/>\n<meta name=\"twitter:creator\" content=\"@fidedignas\" \/>\n<meta name=\"twitter:site\" content=\"@fidedignas\" \/>\n<meta name=\"twitter:label1\" content=\"Escrito por\" \/>\n\t<meta name=\"twitter:data1\" content=\"EFE\" \/>\n\t<meta name=\"twitter:label2\" content=\"Tiempo de lectura\" \/>\n\t<meta name=\"twitter:data2\" content=\"4 minutos\" \/>\n<script type=\"application\/ld+json\" class=\"yoast-schema-graph\">{\"@context\":\"https:\\\/\\\/schema.org\",\"@graph\":[{\"@type\":\"Article\",\"@id\":\"https:\\\/\\\/fuentesfidedignas.com.mx\\\/index.php\\\/2025\\\/03\\\/20\\\/salud-del-papa-francisco-obliga-a-pensar-en-un-plan-b-para-semana-santa\\\/#article\",\"isPartOf\":{\"@id\":\"https:\\\/\\\/fuentesfidedignas.com.mx\\\/index.php\\\/2025\\\/03\\\/20\\\/salud-del-papa-francisco-obliga-a-pensar-en-un-plan-b-para-semana-santa\\\/\"},\"author\":{\"name\":\"EFE\",\"@id\":\"https:\\\/\\\/fuentesfidedignas.com.mx\\\/#\\\/schema\\\/person\\\/0d44615087b5a626d5d3f13afe31ac41\"},\"headline\":\"Salud del papa Francisco obliga a pensar en un \u201cplan B\u201d para Semana Santa\",\"datePublished\":\"2025-03-20T14:17:22+00:00\",\"dateModified\":\"2025-03-20T14:17:26+00:00\",\"mainEntityOfPage\":{\"@id\":\"https:\\\/\\\/fuentesfidedignas.com.mx\\\/index.php\\\/2025\\\/03\\\/20\\\/salud-del-papa-francisco-obliga-a-pensar-en-un-plan-b-para-semana-santa\\\/\"},\"wordCount\":771,\"commentCount\":0,\"publisher\":{\"@id\":\"https:\\\/\\\/fuentesfidedignas.com.mx\\\/#organization\"},\"image\":{\"@id\":\"https:\\\/\\\/fuentesfidedignas.com.mx\\\/index.php\\\/2025\\\/03\\\/20\\\/salud-del-papa-francisco-obliga-a-pensar-en-un-plan-b-para-semana-santa\\\/#primaryimage\"},\"thumbnailUrl\":\"https:\\\/\\\/fuentesfidedignas.com.mx\\\/wp-content\\\/uploads\\\/2025\\\/03\\\/rosario-por-el-papa.jpg\",\"articleSection\":[\"NOTICIAS NACIONALES\"],\"inLanguage\":\"es\",\"potentialAction\":[{\"@type\":\"CommentAction\",\"name\":\"Comment\",\"target\":[\"https:\\\/\\\/fuentesfidedignas.com.mx\\\/index.php\\\/2025\\\/03\\\/20\\\/salud-del-papa-francisco-obliga-a-pensar-en-un-plan-b-para-semana-santa\\\/#respond\"]}]},{\"@type\":\"WebPage\",\"@id\":\"https:\\\/\\\/fuentesfidedignas.com.mx\\\/index.php\\\/2025\\\/03\\\/20\\\/salud-del-papa-francisco-obliga-a-pensar-en-un-plan-b-para-semana-santa\\\/\",\"url\":\"https:\\\/\\\/fuentesfidedignas.com.mx\\\/index.php\\\/2025\\\/03\\\/20\\\/salud-del-papa-francisco-obliga-a-pensar-en-un-plan-b-para-semana-santa\\\/\",\"name\":\"Salud del papa Francisco obliga a pensar en un \u201cplan B\u201d para Semana Santa - Fuentes Fidedignas\",\"isPartOf\":{\"@id\":\"https:\\\/\\\/fuentesfidedignas.com.mx\\\/#website\"},\"primaryImageOfPage\":{\"@id\":\"https:\\\/\\\/fuentesfidedignas.com.mx\\\/index.php\\\/2025\\\/03\\\/20\\\/salud-del-papa-francisco-obliga-a-pensar-en-un-plan-b-para-semana-santa\\\/#primaryimage\"},\"image\":{\"@id\":\"https:\\\/\\\/fuentesfidedignas.com.mx\\\/index.php\\\/2025\\\/03\\\/20\\\/salud-del-papa-francisco-obliga-a-pensar-en-un-plan-b-para-semana-santa\\\/#primaryimage\"},\"thumbnailUrl\":\"https:\\\/\\\/fuentesfidedignas.com.mx\\\/wp-content\\\/uploads\\\/2025\\\/03\\\/rosario-por-el-papa.jpg\",\"datePublished\":\"2025-03-20T14:17:22+00:00\",\"dateModified\":\"2025-03-20T14:17:26+00:00\",\"breadcrumb\":{\"@id\":\"https:\\\/\\\/fuentesfidedignas.com.mx\\\/index.php\\\/2025\\\/03\\\/20\\\/salud-del-papa-francisco-obliga-a-pensar-en-un-plan-b-para-semana-santa\\\/#breadcrumb\"},\"inLanguage\":\"es\",\"potentialAction\":[{\"@type\":\"ReadAction\",\"target\":[\"https:\\\/\\\/fuentesfidedignas.com.mx\\\/index.php\\\/2025\\\/03\\\/20\\\/salud-del-papa-francisco-obliga-a-pensar-en-un-plan-b-para-semana-santa\\\/\"]}]},{\"@type\":\"ImageObject\",\"inLanguage\":\"es\",\"@id\":\"https:\\\/\\\/fuentesfidedignas.com.mx\\\/index.php\\\/2025\\\/03\\\/20\\\/salud-del-papa-francisco-obliga-a-pensar-en-un-plan-b-para-semana-santa\\\/#primaryimage\",\"url\":\"https:\\\/\\\/fuentesfidedignas.com.mx\\\/wp-content\\\/uploads\\\/2025\\\/03\\\/rosario-por-el-papa.jpg\",\"contentUrl\":\"https:\\\/\\\/fuentesfidedignas.com.mx\\\/wp-content\\\/uploads\\\/2025\\\/03\\\/rosario-por-el-papa.jpg\",\"width\":580,\"height\":386},{\"@type\":\"BreadcrumbList\",\"@id\":\"https:\\\/\\\/fuentesfidedignas.com.mx\\\/index.php\\\/2025\\\/03\\\/20\\\/salud-del-papa-francisco-obliga-a-pensar-en-un-plan-b-para-semana-santa\\\/#breadcrumb\",\"itemListElement\":[{\"@type\":\"ListItem\",\"position\":1,\"name\":\"Inicio\",\"item\":\"https:\\\/\\\/fuentesfidedignas.com.mx\\\/\"},{\"@type\":\"ListItem\",\"position\":2,\"name\":\"Salud del papa Francisco obliga a pensar en un \u201cplan B\u201d para Semana Santa\"}]},{\"@type\":\"WebSite\",\"@id\":\"https:\\\/\\\/fuentesfidedignas.com.mx\\\/#website\",\"url\":\"https:\\\/\\\/fuentesfidedignas.com.mx\\\/\",\"name\":\"Fuentes Fidedignas\",\"description\":\"Otro sitio realizado con WordPress\",\"publisher\":{\"@id\":\"https:\\\/\\\/fuentesfidedignas.com.mx\\\/#organization\"},\"potentialAction\":[{\"@type\":\"SearchAction\",\"target\":{\"@type\":\"EntryPoint\",\"urlTemplate\":\"https:\\\/\\\/fuentesfidedignas.com.mx\\\/?s={search_term_string}\"},\"query-input\":{\"@type\":\"PropertyValueSpecification\",\"valueRequired\":true,\"valueName\":\"search_term_string\"}}],\"inLanguage\":\"es\"},{\"@type\":\"Organization\",\"@id\":\"https:\\\/\\\/fuentesfidedignas.com.mx\\\/#organization\",\"name\":\"Fuentes Fidedignas\",\"url\":\"https:\\\/\\\/fuentesfidedignas.com.mx\\\/\",\"logo\":{\"@type\":\"ImageObject\",\"inLanguage\":\"es\",\"@id\":\"https:\\\/\\\/fuentesfidedignas.com.mx\\\/#\\\/schema\\\/logo\\\/image\\\/\",\"url\":\"https:\\\/\\\/fuentesfidedignas.com.mx\\\/wp-content\\\/uploads\\\/2021\\\/04\\\/logo-retina.png\",\"contentUrl\":\"https:\\\/\\\/fuentesfidedignas.com.mx\\\/wp-content\\\/uploads\\\/2021\\\/04\\\/logo-retina.png\",\"width\":280,\"height\":51,\"caption\":\"Fuentes Fidedignas\"},\"image\":{\"@id\":\"https:\\\/\\\/fuentesfidedignas.com.mx\\\/#\\\/schema\\\/logo\\\/image\\\/\"},\"sameAs\":[\"https:\\\/\\\/www.facebook.com\\\/Fuentes-Fidedignas-368234489921644\",\"https:\\\/\\\/x.com\\\/fidedignas\"]},{\"@type\":\"Person\",\"@id\":\"https:\\\/\\\/fuentesfidedignas.com.mx\\\/#\\\/schema\\\/person\\\/0d44615087b5a626d5d3f13afe31ac41\",\"name\":\"EFE\",\"image\":{\"@type\":\"ImageObject\",\"inLanguage\":\"es\",\"@id\":\"https:\\\/\\\/secure.gravatar.com\\\/avatar\\\/7048c2d9b569d9bed55bb53ad23821e6e047aa66338fb6ea9868627bbb9f54e8?s=96&d=mm&r=g\",\"url\":\"https:\\\/\\\/secure.gravatar.com\\\/avatar\\\/7048c2d9b569d9bed55bb53ad23821e6e047aa66338fb6ea9868627bbb9f54e8?s=96&d=mm&r=g\",\"contentUrl\":\"https:\\\/\\\/secure.gravatar.com\\\/avatar\\\/7048c2d9b569d9bed55bb53ad23821e6e047aa66338fb6ea9868627bbb9f54e8?s=96&d=mm&r=g\",\"caption\":\"EFE\"},\"url\":\"https:\\\/\\\/fuentesfidedignas.com.mx\\\/index.php\\\/author\\\/efe\\\/\"}]}<\/script>\n<!-- \/ Yoast SEO plugin. -->","yoast_head_json":{"title":"Salud del papa Francisco obliga a pensar en un \u201cplan B\u201d para Semana Santa - Fuentes Fidedignas","robots":{"index":"index","follow":"follow","max-snippet":"max-snippet:-1","max-image-preview":"max-image-preview:large","max-video-preview":"max-video-preview:-1"},"canonical":"https:\/\/fuentesfidedignas.com.mx\/index.php\/2025\/03\/20\/salud-del-papa-francisco-obliga-a-pensar-en-un-plan-b-para-semana-santa\/","og_locale":"es_MX","og_type":"article","og_title":"Salud del papa Francisco obliga a pensar en un \u201cplan B\u201d para Semana Santa - Fuentes Fidedignas","og_description":"En el Vaticano se piensa en un \u201cplan B\u201d para la conmemoraci\u00f3n de la Semana Santa debido a la hospitalizaci\u00f3n del papa Francisco El papa Francisco sigue mejorando de sus problemas respiratorios, pero su hospitalizaci\u00f3n ser\u00e1 a\u00fan larga y despu\u00e9s del alta tendr\u00e1 que guardar una larga convalecencia en su residencia, la Casa Santa Marta, [&hellip;]","og_url":"https:\/\/fuentesfidedignas.com.mx\/index.php\/2025\/03\/20\/salud-del-papa-francisco-obliga-a-pensar-en-un-plan-b-para-semana-santa\/","og_site_name":"Fuentes Fidedignas","article_publisher":"https:\/\/www.facebook.com\/Fuentes-Fidedignas-368234489921644","article_published_time":"2025-03-20T14:17:22+00:00","article_modified_time":"2025-03-20T14:17:26+00:00","og_image":[{"width":580,"height":386,"url":"https:\/\/fuentesfidedignas.com.mx\/wp-content\/uploads\/2025\/03\/rosario-por-el-papa.jpg","type":"image\/jpeg"}],"author":"EFE","twitter_card":"summary_large_image","twitter_creator":"@fidedignas","twitter_site":"@fidedignas","twitter_misc":{"Escrito por":"EFE","Tiempo de lectura":"4 minutos"},"schema":{"@context":"https:\/\/schema.org","@graph":[{"@type":"Article","@id":"https:\/\/fuentesfidedignas.com.mx\/index.php\/2025\/03\/20\/salud-del-papa-francisco-obliga-a-pensar-en-un-plan-b-para-semana-santa\/#article","isPartOf":{"@id":"https:\/\/fuentesfidedignas.com.mx\/index.php\/2025\/03\/20\/salud-del-papa-francisco-obliga-a-pensar-en-un-plan-b-para-semana-santa\/"},"author":{"name":"EFE","@id":"https:\/\/fuentesfidedignas.com.mx\/#\/schema\/person\/0d44615087b5a626d5d3f13afe31ac41"},"headline":"Salud del papa Francisco obliga a pensar en un \u201cplan B\u201d para Semana Santa","datePublished":"2025-03-20T14:17:22+00:00","dateModified":"2025-03-20T14:17:26+00:00","mainEntityOfPage":{"@id":"https:\/\/fuentesfidedignas.com.mx\/index.php\/2025\/03\/20\/salud-del-papa-francisco-obliga-a-pensar-en-un-plan-b-para-semana-santa\/"},"wordCount":771,"commentCount":0,"publisher":{"@id":"https:\/\/fuentesfidedignas.com.mx\/#organization"},"image":{"@id":"https:\/\/fuentesfidedignas.com.mx\/index.php\/2025\/03\/20\/salud-del-papa-francisco-obliga-a-pensar-en-un-plan-b-para-semana-santa\/#primaryimage"},"thumbnailUrl":"https:\/\/fuentesfidedignas.com.mx\/wp-content\/uploads\/2025\/03\/rosario-por-el-papa.jpg","articleSection":["NOTICIAS NACIONALES"],"inLanguage":"es","potentialAction":[{"@type":"CommentAction","name":"Comment","target":["https:\/\/fuentesfidedignas.com.mx\/index.php\/2025\/03\/20\/salud-del-papa-francisco-obliga-a-pensar-en-un-plan-b-para-semana-santa\/#respond"]}]},{"@type":"WebPage","@id":"https:\/\/fuentesfidedignas.com.mx\/index.php\/2025\/03\/20\/salud-del-papa-francisco-obliga-a-pensar-en-un-plan-b-para-semana-santa\/","url":"https:\/\/fuentesfidedignas.com.mx\/index.php\/2025\/03\/20\/salud-del-papa-francisco-obliga-a-pensar-en-un-plan-b-para-semana-santa\/","name":"Salud del papa Francisco obliga a pensar en un \u201cplan B\u201d para Semana Santa - Fuentes Fidedignas","isPartOf":{"@id":"https:\/\/fuentesfidedignas.com.mx\/#website"},"primaryImageOfPage":{"@id":"https:\/\/fuentesfidedignas.com.mx\/index.php\/2025\/03\/20\/salud-del-papa-francisco-obliga-a-pensar-en-un-plan-b-para-semana-santa\/#primaryimage"},"image":{"@id":"https:\/\/fuentesfidedignas.com.mx\/index.php\/2025\/03\/20\/salud-del-papa-francisco-obliga-a-pensar-en-un-plan-b-para-semana-santa\/#primaryimage"},"thumbnailUrl":"https:\/\/fuentesfidedignas.com.mx\/wp-content\/uploads\/2025\/03\/rosario-por-el-papa.jpg","datePublished":"2025-03-20T14:17:22+00:00","dateModified":"2025-03-20T14:17:26+00:00","breadcrumb":{"@id":"https:\/\/fuentesfidedignas.com.mx\/index.php\/2025\/03\/20\/salud-del-papa-francisco-obliga-a-pensar-en-un-plan-b-para-semana-santa\/#breadcrumb"},"inLanguage":"es","potentialAction":[{"@type":"ReadAction","target":["https:\/\/fuentesfidedignas.com.mx\/index.php\/2025\/03\/20\/salud-del-papa-francisco-obliga-a-pensar-en-un-plan-b-para-semana-santa\/"]}]},{"@type":"ImageObject","inLanguage":"es","@id":"https:\/\/fuentesfidedignas.com.mx\/index.php\/2025\/03\/20\/salud-del-papa-francisco-obliga-a-pensar-en-un-plan-b-para-semana-santa\/#primaryimage","url":"https:\/\/fuentesfidedignas.com.mx\/wp-content\/uploads\/2025\/03\/rosario-por-el-papa.jpg","contentUrl":"https:\/\/fuentesfidedignas.com.mx\/wp-content\/uploads\/2025\/03\/rosario-por-el-papa.jpg","width":580,"height":386},{"@type":"BreadcrumbList","@id":"https:\/\/fuentesfidedignas.com.mx\/index.php\/2025\/03\/20\/salud-del-papa-francisco-obliga-a-pensar-en-un-plan-b-para-semana-santa\/#breadcrumb","itemListElement":[{"@type":"ListItem","position":1,"name":"Inicio","item":"https:\/\/fuentesfidedignas.com.mx\/"},{"@type":"ListItem","position":2,"name":"Salud del papa Francisco obliga a pensar en un \u201cplan B\u201d para Semana Santa"}]},{"@type":"WebSite","@id":"https:\/\/fuentesfidedignas.com.mx\/#website","url":"https:\/\/fuentesfidedignas.com.mx\/","name":"Fuentes Fidedignas","description":"Otro sitio realizado con WordPress","publisher":{"@id":"https:\/\/fuentesfidedignas.com.mx\/#organization"},"potentialAction":[{"@type":"SearchAction","target":{"@type":"EntryPoint","urlTemplate":"https:\/\/fuentesfidedignas.com.mx\/?s={search_term_string}"},"query-input":{"@type":"PropertyValueSpecification","valueRequired":true,"valueName":"search_term_string"}}],"inLanguage":"es"},{"@type":"Organization","@id":"https:\/\/fuentesfidedignas.com.mx\/#organization","name":"Fuentes Fidedignas","url":"https:\/\/fuentesfidedignas.com.mx\/","logo":{"@type":"ImageObject","inLanguage":"es","@id":"https:\/\/fuentesfidedignas.com.mx\/#\/schema\/logo\/image\/","url":"https:\/\/fuentesfidedignas.com.mx\/wp-content\/uploads\/2021\/04\/logo-retina.png","contentUrl":"https:\/\/fuentesfidedignas.com.mx\/wp-content\/uploads\/2021\/04\/logo-retina.png","width":280,"height":51,"caption":"Fuentes Fidedignas"},"image":{"@id":"https:\/\/fuentesfidedignas.com.mx\/#\/schema\/logo\/image\/"},"sameAs":["https:\/\/www.facebook.com\/Fuentes-Fidedignas-368234489921644","https:\/\/x.com\/fidedignas"]},{"@type":"Person","@id":"https:\/\/fuentesfidedignas.com.mx\/#\/schema\/person\/0d44615087b5a626d5d3f13afe31ac41","name":"EFE","image":{"@type":"ImageObject","inLanguage":"es","@id":"https:\/\/secure.gravatar.com\/avatar\/7048c2d9b569d9bed55bb53ad23821e6e047aa66338fb6ea9868627bbb9f54e8?s=96&d=mm&r=g","url":"https:\/\/secure.gravatar.com\/avatar\/7048c2d9b569d9bed55bb53ad23821e6e047aa66338fb6ea9868627bbb9f54e8?s=96&d=mm&r=g","contentUrl":"https:\/\/secure.gravatar.com\/avatar\/7048c2d9b569d9bed55bb53ad23821e6e047aa66338fb6ea9868627bbb9f54e8?s=96&d=mm&r=g","caption":"EFE"},"url":"https:\/\/fuentesfidedignas.com.mx\/index.php\/author\/efe\/"}]}},"_links":{"self":[{"href":"https:\/\/fuentesfidedignas.com.mx\/index.php\/wp-json\/wp\/v2\/posts\/104269","targetHints":{"allow":["GET"]}}],"collection":[{"href":"https:\/\/fuentesfidedignas.com.mx\/index.php\/wp-json\/wp\/v2\/posts"}],"about":[{"href":"https:\/\/fuentesfidedignas.com.mx\/index.php\/wp-json\/wp\/v2\/types\/post"}],"author":[{"embeddable":true,"href":"https:\/\/fuentesfidedignas.com.mx\/index.php\/wp-json\/wp\/v2\/users\/22"}],"replies":[{"embeddable":true,"href":"https:\/\/fuentesfidedignas.com.mx\/index.php\/wp-json\/wp\/v2\/comments?post=104269"}],"version-history":[{"count":1,"href":"https:\/\/fuentesfidedignas.com.mx\/index.php\/wp-json\/wp\/v2\/posts\/104269\/revisions"}],"predecessor-version":[{"id":104271,"href":"https:\/\/fuentesfidedignas.com.mx\/index.php\/wp-json\/wp\/v2\/posts\/104269\/revisions\/104271"}],"wp:featuredmedia":[{"embeddable":true,"href":"https:\/\/fuentesfidedignas.com.mx\/index.php\/wp-json\/wp\/v2\/media\/104270"}],"wp:attachment":[{"href":"https:\/\/fuentesfidedignas.com.mx\/index.php\/wp-json\/wp\/v2\/media?parent=104269"}],"wp:term":[{"taxonomy":"category","embeddable":true,"href":"https:\/\/fuentesfidedignas.com.mx\/index.php\/wp-json\/wp\/v2\/categories?post=104269"},{"taxonomy":"post_tag","embeddable":true,"href":"https:\/\/fuentesfidedignas.com.mx\/index.php\/wp-json\/wp\/v2\/tags?post=104269"}],"curies":[{"name":"wp","href":"https:\/\/api.w.org\/{rel}","templated":true}]}}