{"id":104259,"date":"2025-03-20T06:26:07","date_gmt":"2025-03-20T13:26:07","guid":{"rendered":"https:\/\/fuentesfidedignas.com.mx\/?p=104259"},"modified":"2025-03-20T06:26:11","modified_gmt":"2025-03-20T13:26:11","slug":"detienen-a-el-nino-de-oro-segundo-al-mando-del-cartel-de-sinaloa-en-morelos","status":"publish","type":"post","link":"https:\/\/fuentesfidedignas.com.mx\/index.php\/2025\/03\/20\/detienen-a-el-nino-de-oro-segundo-al-mando-del-cartel-de-sinaloa-en-morelos\/","title":{"rendered":"Detienen a &#8216;El Ni\u00f1o de Oro&#8217;, segundo al mando del C\u00e1rtel de Sinaloa en Morelos"},"content":{"rendered":"\n<p><strong><em>Sin registrar enfrentamientos, Rafael &#8216;N&#8217; y otras dos personas fueron detenidas en el municipio de Atlatlahucan.<\/em><\/strong><\/p>\n\n\n\n<p>Elementos federales y estatales detuvieron esta madrugada a Rafael &#8216;N&#8217;, alias El Ni\u00f1o de Oro&nbsp;y supuesto segundo al mando del C\u00e1rtel de Sinaloa, confirmaron autoridades estatales.<\/p>\n\n\n\n<p>Durante un operativo realizado en el municipio de Atlatlahucan, Rafael &#8216;N&#8217; fue asegurado sin que se registraran enfrentamientos. Se presume que El Ni\u00f1o de Oro act\u00faa bajo el mando de J\u00fapiter Araujo, alias El Barbas.<\/p>\n\n\n\n<p>La operaci\u00f3n t\u00e1ctica encabezada por la secretaria de Marina (Semar), la Guardia Nacional y la secretaria de Seguridad P\u00fablica (SSP) de Morelos permiti\u00f3 la detenci\u00f3n de otras dos personas, una de ellas es una mujer de origen colombiano, cuya identidad no ha sido revelada.<\/p>\n\n\n\n<p>La tercera persona detenida ser\u00eda el jefe de sicarios de este grupo, conocido como El Chuky. Las tres personas est\u00e1n bajo resguardo de la Fiscal\u00eda General del Estado (FGE), instancia que har\u00e1 los deslindes correspondientes para trasladar el caso a las autoridad federales.<\/p>\n\n\n\n<p>En el operativo tambi\u00e9n fueron asegurados un inmueble, cuatro camionetas de modelos reciente, armas cortas y dinero en efectivo, sin embargo, a\u00fan no hay detalles oficiales sobre ello.<\/p>\n\n\n\n<p>Atlatlahucan es un municipio de la regi\u00f3n oriente de Morelos, pero tambi\u00e9n ubicado en lo que se llama Los Altos de Morelos, cuyo presidente municipal, Agust\u00edn Toledano Amaro, est\u00e1 bajo investigaci\u00f3n federal luego de aparecer en un video junto a J\u00fapiter Araujo, supuesto jefe del c\u00e1rtel de Sinaloa en la regi\u00f3n oriente de Morelos.<\/p>\n","protected":false},"excerpt":{"rendered":"<p>Sin registrar enfrentamientos, Rafael &#8216;N&#8217; y otras dos personas fueron detenidas en el municipio de Atlatlahucan. Elementos federales y estatales detuvieron esta madrugada a Rafael &#8216;N&#8217;, alias El Ni\u00f1o de Oro&nbsp;y supuesto segundo al mando del C\u00e1rtel de Sinaloa, confirmaron autoridades estatales. Durante un operativo realizado en el municipio de Atlatlahucan, Rafael &#8216;N&#8217; fue asegurado [&hellip;]<\/p>\n","protected":false},"author":9,"featured_media":104260,"comment_status":"open","ping_status":"open","sticky":false,"template":"","format":"standard","meta":{"tdm_status":"","tdm_grid_status":"","footnotes":""},"categories":[39],"tags":[],"class_list":{"0":"post-104259","1":"post","2":"type-post","3":"status-publish","4":"format-standard","5":"has-post-thumbnail","7":"category-noticias-nacionales"},"yoast_head":"<!-- This site is optimized with the Yoast SEO plugin v27.4 - https:\/\/yoast.com\/product\/yoast-seo-wordpress\/ -->\n<title>Detienen a &#039;El Ni\u00f1o de Oro&#039;, segundo al mando del C\u00e1rtel de Sinaloa en Morelos - Fuentes Fidedignas<\/title>\n<meta name=\"robots\" content=\"index, follow, max-snippet:-1, max-image-preview:large, max-video-preview:-1\" \/>\n<link rel=\"canonical\" href=\"https:\/\/fuentesfidedignas.com.mx\/index.php\/2025\/03\/20\/detienen-a-el-nino-de-oro-segundo-al-mando-del-cartel-de-sinaloa-en-morelos\/\" \/>\n<meta property=\"og:locale\" content=\"es_MX\" \/>\n<meta property=\"og:type\" content=\"article\" \/>\n<meta property=\"og:title\" content=\"Detienen a &#039;El Ni\u00f1o de Oro&#039;, segundo al mando del C\u00e1rtel de Sinaloa en Morelos - Fuentes Fidedignas\" \/>\n<meta property=\"og:description\" content=\"Sin registrar enfrentamientos, Rafael &#8216;N&#8217; y otras dos personas fueron detenidas en el municipio de Atlatlahucan. Elementos federales y estatales detuvieron esta madrugada a Rafael &#8216;N&#8217;, alias El Ni\u00f1o de Oro&nbsp;y supuesto segundo al mando del C\u00e1rtel de Sinaloa, confirmaron autoridades estatales. Durante un operativo realizado en el municipio de Atlatlahucan, Rafael &#8216;N&#8217; fue asegurado [&hellip;]\" \/>\n<meta property=\"og:url\" content=\"https:\/\/fuentesfidedignas.com.mx\/index.php\/2025\/03\/20\/detienen-a-el-nino-de-oro-segundo-al-mando-del-cartel-de-sinaloa-en-morelos\/\" \/>\n<meta property=\"og:site_name\" content=\"Fuentes Fidedignas\" \/>\n<meta property=\"article:publisher\" content=\"https:\/\/www.facebook.com\/Fuentes-Fidedignas-368234489921644\" \/>\n<meta property=\"article:published_time\" content=\"2025-03-20T13:26:07+00:00\" \/>\n<meta property=\"article:modified_time\" content=\"2025-03-20T13:26:11+00:00\" \/>\n<meta property=\"og:image\" content=\"https:\/\/fuentesfidedignas.com.mx\/wp-content\/uploads\/2025\/03\/operativo_policia.jpg\" \/>\n\t<meta property=\"og:image:width\" content=\"600\" \/>\n\t<meta property=\"og:image:height\" content=\"334\" \/>\n\t<meta property=\"og:image:type\" content=\"image\/jpeg\" \/>\n<meta name=\"author\" content=\"Milenio\" \/>\n<meta name=\"twitter:card\" content=\"summary_large_image\" \/>\n<meta name=\"twitter:creator\" content=\"@fidedignas\" \/>\n<meta name=\"twitter:site\" content=\"@fidedignas\" \/>\n<meta name=\"twitter:label1\" content=\"Escrito por\" \/>\n\t<meta name=\"twitter:data1\" content=\"Milenio\" \/>\n\t<meta name=\"twitter:label2\" content=\"Tiempo de lectura\" \/>\n\t<meta name=\"twitter:data2\" content=\"2 minutos\" \/>\n<script type=\"application\/ld+json\" class=\"yoast-schema-graph\">{\"@context\":\"https:\\\/\\\/schema.org\",\"@graph\":[{\"@type\":\"Article\",\"@id\":\"https:\\\/\\\/fuentesfidedignas.com.mx\\\/index.php\\\/2025\\\/03\\\/20\\\/detienen-a-el-nino-de-oro-segundo-al-mando-del-cartel-de-sinaloa-en-morelos\\\/#article\",\"isPartOf\":{\"@id\":\"https:\\\/\\\/fuentesfidedignas.com.mx\\\/index.php\\\/2025\\\/03\\\/20\\\/detienen-a-el-nino-de-oro-segundo-al-mando-del-cartel-de-sinaloa-en-morelos\\\/\"},\"author\":{\"name\":\"Milenio\",\"@id\":\"https:\\\/\\\/fuentesfidedignas.com.mx\\\/#\\\/schema\\\/person\\\/47ec0135738f4b0c7495f06a77a2c976\"},\"headline\":\"Detienen a &#8216;El Ni\u00f1o de Oro&#8217;, segundo al mando del C\u00e1rtel de Sinaloa en Morelos\",\"datePublished\":\"2025-03-20T13:26:07+00:00\",\"dateModified\":\"2025-03-20T13:26:11+00:00\",\"mainEntityOfPage\":{\"@id\":\"https:\\\/\\\/fuentesfidedignas.com.mx\\\/index.php\\\/2025\\\/03\\\/20\\\/detienen-a-el-nino-de-oro-segundo-al-mando-del-cartel-de-sinaloa-en-morelos\\\/\"},\"wordCount\":286,\"commentCount\":0,\"publisher\":{\"@id\":\"https:\\\/\\\/fuentesfidedignas.com.mx\\\/#organization\"},\"image\":{\"@id\":\"https:\\\/\\\/fuentesfidedignas.com.mx\\\/index.php\\\/2025\\\/03\\\/20\\\/detienen-a-el-nino-de-oro-segundo-al-mando-del-cartel-de-sinaloa-en-morelos\\\/#primaryimage\"},\"thumbnailUrl\":\"https:\\\/\\\/fuentesfidedignas.com.mx\\\/wp-content\\\/uploads\\\/2025\\\/03\\\/operativo_policia.jpg\",\"articleSection\":[\"NOTICIAS NACIONALES\"],\"inLanguage\":\"es\",\"potentialAction\":[{\"@type\":\"CommentAction\",\"name\":\"Comment\",\"target\":[\"https:\\\/\\\/fuentesfidedignas.com.mx\\\/index.php\\\/2025\\\/03\\\/20\\\/detienen-a-el-nino-de-oro-segundo-al-mando-del-cartel-de-sinaloa-en-morelos\\\/#respond\"]}]},{\"@type\":\"WebPage\",\"@id\":\"https:\\\/\\\/fuentesfidedignas.com.mx\\\/index.php\\\/2025\\\/03\\\/20\\\/detienen-a-el-nino-de-oro-segundo-al-mando-del-cartel-de-sinaloa-en-morelos\\\/\",\"url\":\"https:\\\/\\\/fuentesfidedignas.com.mx\\\/index.php\\\/2025\\\/03\\\/20\\\/detienen-a-el-nino-de-oro-segundo-al-mando-del-cartel-de-sinaloa-en-morelos\\\/\",\"name\":\"Detienen a 'El Ni\u00f1o de Oro', segundo al mando del C\u00e1rtel de Sinaloa en Morelos - Fuentes Fidedignas\",\"isPartOf\":{\"@id\":\"https:\\\/\\\/fuentesfidedignas.com.mx\\\/#website\"},\"primaryImageOfPage\":{\"@id\":\"https:\\\/\\\/fuentesfidedignas.com.mx\\\/index.php\\\/2025\\\/03\\\/20\\\/detienen-a-el-nino-de-oro-segundo-al-mando-del-cartel-de-sinaloa-en-morelos\\\/#primaryimage\"},\"image\":{\"@id\":\"https:\\\/\\\/fuentesfidedignas.com.mx\\\/index.php\\\/2025\\\/03\\\/20\\\/detienen-a-el-nino-de-oro-segundo-al-mando-del-cartel-de-sinaloa-en-morelos\\\/#primaryimage\"},\"thumbnailUrl\":\"https:\\\/\\\/fuentesfidedignas.com.mx\\\/wp-content\\\/uploads\\\/2025\\\/03\\\/operativo_policia.jpg\",\"datePublished\":\"2025-03-20T13:26:07+00:00\",\"dateModified\":\"2025-03-20T13:26:11+00:00\",\"breadcrumb\":{\"@id\":\"https:\\\/\\\/fuentesfidedignas.com.mx\\\/index.php\\\/2025\\\/03\\\/20\\\/detienen-a-el-nino-de-oro-segundo-al-mando-del-cartel-de-sinaloa-en-morelos\\\/#breadcrumb\"},\"inLanguage\":\"es\",\"potentialAction\":[{\"@type\":\"ReadAction\",\"target\":[\"https:\\\/\\\/fuentesfidedignas.com.mx\\\/index.php\\\/2025\\\/03\\\/20\\\/detienen-a-el-nino-de-oro-segundo-al-mando-del-cartel-de-sinaloa-en-morelos\\\/\"]}]},{\"@type\":\"ImageObject\",\"inLanguage\":\"es\",\"@id\":\"https:\\\/\\\/fuentesfidedignas.com.mx\\\/index.php\\\/2025\\\/03\\\/20\\\/detienen-a-el-nino-de-oro-segundo-al-mando-del-cartel-de-sinaloa-en-morelos\\\/#primaryimage\",\"url\":\"https:\\\/\\\/fuentesfidedignas.com.mx\\\/wp-content\\\/uploads\\\/2025\\\/03\\\/operativo_policia.jpg\",\"contentUrl\":\"https:\\\/\\\/fuentesfidedignas.com.mx\\\/wp-content\\\/uploads\\\/2025\\\/03\\\/operativo_policia.jpg\",\"width\":600,\"height\":334},{\"@type\":\"BreadcrumbList\",\"@id\":\"https:\\\/\\\/fuentesfidedignas.com.mx\\\/index.php\\\/2025\\\/03\\\/20\\\/detienen-a-el-nino-de-oro-segundo-al-mando-del-cartel-de-sinaloa-en-morelos\\\/#breadcrumb\",\"itemListElement\":[{\"@type\":\"ListItem\",\"position\":1,\"name\":\"Inicio\",\"item\":\"https:\\\/\\\/fuentesfidedignas.com.mx\\\/\"},{\"@type\":\"ListItem\",\"position\":2,\"name\":\"Detienen a &#8216;El Ni\u00f1o de Oro&#8217;, segundo al mando del C\u00e1rtel de Sinaloa en Morelos\"}]},{\"@type\":\"WebSite\",\"@id\":\"https:\\\/\\\/fuentesfidedignas.com.mx\\\/#website\",\"url\":\"https:\\\/\\\/fuentesfidedignas.com.mx\\\/\",\"name\":\"Fuentes Fidedignas\",\"description\":\"Otro sitio realizado con WordPress\",\"publisher\":{\"@id\":\"https:\\\/\\\/fuentesfidedignas.com.mx\\\/#organization\"},\"potentialAction\":[{\"@type\":\"SearchAction\",\"target\":{\"@type\":\"EntryPoint\",\"urlTemplate\":\"https:\\\/\\\/fuentesfidedignas.com.mx\\\/?s={search_term_string}\"},\"query-input\":{\"@type\":\"PropertyValueSpecification\",\"valueRequired\":true,\"valueName\":\"search_term_string\"}}],\"inLanguage\":\"es\"},{\"@type\":\"Organization\",\"@id\":\"https:\\\/\\\/fuentesfidedignas.com.mx\\\/#organization\",\"name\":\"Fuentes Fidedignas\",\"url\":\"https:\\\/\\\/fuentesfidedignas.com.mx\\\/\",\"logo\":{\"@type\":\"ImageObject\",\"inLanguage\":\"es\",\"@id\":\"https:\\\/\\\/fuentesfidedignas.com.mx\\\/#\\\/schema\\\/logo\\\/image\\\/\",\"url\":\"https:\\\/\\\/fuentesfidedignas.com.mx\\\/wp-content\\\/uploads\\\/2021\\\/04\\\/logo-retina.png\",\"contentUrl\":\"https:\\\/\\\/fuentesfidedignas.com.mx\\\/wp-content\\\/uploads\\\/2021\\\/04\\\/logo-retina.png\",\"width\":280,\"height\":51,\"caption\":\"Fuentes Fidedignas\"},\"image\":{\"@id\":\"https:\\\/\\\/fuentesfidedignas.com.mx\\\/#\\\/schema\\\/logo\\\/image\\\/\"},\"sameAs\":[\"https:\\\/\\\/www.facebook.com\\\/Fuentes-Fidedignas-368234489921644\",\"https:\\\/\\\/x.com\\\/fidedignas\"]},{\"@type\":\"Person\",\"@id\":\"https:\\\/\\\/fuentesfidedignas.com.mx\\\/#\\\/schema\\\/person\\\/47ec0135738f4b0c7495f06a77a2c976\",\"name\":\"Milenio\",\"image\":{\"@type\":\"ImageObject\",\"inLanguage\":\"es\",\"@id\":\"https:\\\/\\\/secure.gravatar.com\\\/avatar\\\/acabf7b54753e51c2c76457954577c236b3b764789b19879565769739d1e4a75?s=96&d=mm&r=g\",\"url\":\"https:\\\/\\\/secure.gravatar.com\\\/avatar\\\/acabf7b54753e51c2c76457954577c236b3b764789b19879565769739d1e4a75?s=96&d=mm&r=g\",\"contentUrl\":\"https:\\\/\\\/secure.gravatar.com\\\/avatar\\\/acabf7b54753e51c2c76457954577c236b3b764789b19879565769739d1e4a75?s=96&d=mm&r=g\",\"caption\":\"Milenio\"},\"url\":\"https:\\\/\\\/fuentesfidedignas.com.mx\\\/index.php\\\/author\\\/milenio\\\/\"}]}<\/script>\n<!-- \/ Yoast SEO plugin. -->","yoast_head_json":{"title":"Detienen a 'El Ni\u00f1o de Oro', segundo al mando del C\u00e1rtel de Sinaloa en Morelos - Fuentes Fidedignas","robots":{"index":"index","follow":"follow","max-snippet":"max-snippet:-1","max-image-preview":"max-image-preview:large","max-video-preview":"max-video-preview:-1"},"canonical":"https:\/\/fuentesfidedignas.com.mx\/index.php\/2025\/03\/20\/detienen-a-el-nino-de-oro-segundo-al-mando-del-cartel-de-sinaloa-en-morelos\/","og_locale":"es_MX","og_type":"article","og_title":"Detienen a 'El Ni\u00f1o de Oro', segundo al mando del C\u00e1rtel de Sinaloa en Morelos - Fuentes Fidedignas","og_description":"Sin registrar enfrentamientos, Rafael &#8216;N&#8217; y otras dos personas fueron detenidas en el municipio de Atlatlahucan. Elementos federales y estatales detuvieron esta madrugada a Rafael &#8216;N&#8217;, alias El Ni\u00f1o de Oro&nbsp;y supuesto segundo al mando del C\u00e1rtel de Sinaloa, confirmaron autoridades estatales. Durante un operativo realizado en el municipio de Atlatlahucan, Rafael &#8216;N&#8217; fue asegurado [&hellip;]","og_url":"https:\/\/fuentesfidedignas.com.mx\/index.php\/2025\/03\/20\/detienen-a-el-nino-de-oro-segundo-al-mando-del-cartel-de-sinaloa-en-morelos\/","og_site_name":"Fuentes Fidedignas","article_publisher":"https:\/\/www.facebook.com\/Fuentes-Fidedignas-368234489921644","article_published_time":"2025-03-20T13:26:07+00:00","article_modified_time":"2025-03-20T13:26:11+00:00","og_image":[{"width":600,"height":334,"url":"https:\/\/fuentesfidedignas.com.mx\/wp-content\/uploads\/2025\/03\/operativo_policia.jpg","type":"image\/jpeg"}],"author":"Milenio","twitter_card":"summary_large_image","twitter_creator":"@fidedignas","twitter_site":"@fidedignas","twitter_misc":{"Escrito por":"Milenio","Tiempo de lectura":"2 minutos"},"schema":{"@context":"https:\/\/schema.org","@graph":[{"@type":"Article","@id":"https:\/\/fuentesfidedignas.com.mx\/index.php\/2025\/03\/20\/detienen-a-el-nino-de-oro-segundo-al-mando-del-cartel-de-sinaloa-en-morelos\/#article","isPartOf":{"@id":"https:\/\/fuentesfidedignas.com.mx\/index.php\/2025\/03\/20\/detienen-a-el-nino-de-oro-segundo-al-mando-del-cartel-de-sinaloa-en-morelos\/"},"author":{"name":"Milenio","@id":"https:\/\/fuentesfidedignas.com.mx\/#\/schema\/person\/47ec0135738f4b0c7495f06a77a2c976"},"headline":"Detienen a &#8216;El Ni\u00f1o de Oro&#8217;, segundo al mando del C\u00e1rtel de Sinaloa en Morelos","datePublished":"2025-03-20T13:26:07+00:00","dateModified":"2025-03-20T13:26:11+00:00","mainEntityOfPage":{"@id":"https:\/\/fuentesfidedignas.com.mx\/index.php\/2025\/03\/20\/detienen-a-el-nino-de-oro-segundo-al-mando-del-cartel-de-sinaloa-en-morelos\/"},"wordCount":286,"commentCount":0,"publisher":{"@id":"https:\/\/fuentesfidedignas.com.mx\/#organization"},"image":{"@id":"https:\/\/fuentesfidedignas.com.mx\/index.php\/2025\/03\/20\/detienen-a-el-nino-de-oro-segundo-al-mando-del-cartel-de-sinaloa-en-morelos\/#primaryimage"},"thumbnailUrl":"https:\/\/fuentesfidedignas.com.mx\/wp-content\/uploads\/2025\/03\/operativo_policia.jpg","articleSection":["NOTICIAS NACIONALES"],"inLanguage":"es","potentialAction":[{"@type":"CommentAction","name":"Comment","target":["https:\/\/fuentesfidedignas.com.mx\/index.php\/2025\/03\/20\/detienen-a-el-nino-de-oro-segundo-al-mando-del-cartel-de-sinaloa-en-morelos\/#respond"]}]},{"@type":"WebPage","@id":"https:\/\/fuentesfidedignas.com.mx\/index.php\/2025\/03\/20\/detienen-a-el-nino-de-oro-segundo-al-mando-del-cartel-de-sinaloa-en-morelos\/","url":"https:\/\/fuentesfidedignas.com.mx\/index.php\/2025\/03\/20\/detienen-a-el-nino-de-oro-segundo-al-mando-del-cartel-de-sinaloa-en-morelos\/","name":"Detienen a 'El Ni\u00f1o de Oro', segundo al mando del C\u00e1rtel de Sinaloa en Morelos - Fuentes Fidedignas","isPartOf":{"@id":"https:\/\/fuentesfidedignas.com.mx\/#website"},"primaryImageOfPage":{"@id":"https:\/\/fuentesfidedignas.com.mx\/index.php\/2025\/03\/20\/detienen-a-el-nino-de-oro-segundo-al-mando-del-cartel-de-sinaloa-en-morelos\/#primaryimage"},"image":{"@id":"https:\/\/fuentesfidedignas.com.mx\/index.php\/2025\/03\/20\/detienen-a-el-nino-de-oro-segundo-al-mando-del-cartel-de-sinaloa-en-morelos\/#primaryimage"},"thumbnailUrl":"https:\/\/fuentesfidedignas.com.mx\/wp-content\/uploads\/2025\/03\/operativo_policia.jpg","datePublished":"2025-03-20T13:26:07+00:00","dateModified":"2025-03-20T13:26:11+00:00","breadcrumb":{"@id":"https:\/\/fuentesfidedignas.com.mx\/index.php\/2025\/03\/20\/detienen-a-el-nino-de-oro-segundo-al-mando-del-cartel-de-sinaloa-en-morelos\/#breadcrumb"},"inLanguage":"es","potentialAction":[{"@type":"ReadAction","target":["https:\/\/fuentesfidedignas.com.mx\/index.php\/2025\/03\/20\/detienen-a-el-nino-de-oro-segundo-al-mando-del-cartel-de-sinaloa-en-morelos\/"]}]},{"@type":"ImageObject","inLanguage":"es","@id":"https:\/\/fuentesfidedignas.com.mx\/index.php\/2025\/03\/20\/detienen-a-el-nino-de-oro-segundo-al-mando-del-cartel-de-sinaloa-en-morelos\/#primaryimage","url":"https:\/\/fuentesfidedignas.com.mx\/wp-content\/uploads\/2025\/03\/operativo_policia.jpg","contentUrl":"https:\/\/fuentesfidedignas.com.mx\/wp-content\/uploads\/2025\/03\/operativo_policia.jpg","width":600,"height":334},{"@type":"BreadcrumbList","@id":"https:\/\/fuentesfidedignas.com.mx\/index.php\/2025\/03\/20\/detienen-a-el-nino-de-oro-segundo-al-mando-del-cartel-de-sinaloa-en-morelos\/#breadcrumb","itemListElement":[{"@type":"ListItem","position":1,"name":"Inicio","item":"https:\/\/fuentesfidedignas.com.mx\/"},{"@type":"ListItem","position":2,"name":"Detienen a &#8216;El Ni\u00f1o de Oro&#8217;, segundo al mando del C\u00e1rtel de Sinaloa en Morelos"}]},{"@type":"WebSite","@id":"https:\/\/fuentesfidedignas.com.mx\/#website","url":"https:\/\/fuentesfidedignas.com.mx\/","name":"Fuentes Fidedignas","description":"Otro sitio realizado con WordPress","publisher":{"@id":"https:\/\/fuentesfidedignas.com.mx\/#organization"},"potentialAction":[{"@type":"SearchAction","target":{"@type":"EntryPoint","urlTemplate":"https:\/\/fuentesfidedignas.com.mx\/?s={search_term_string}"},"query-input":{"@type":"PropertyValueSpecification","valueRequired":true,"valueName":"search_term_string"}}],"inLanguage":"es"},{"@type":"Organization","@id":"https:\/\/fuentesfidedignas.com.mx\/#organization","name":"Fuentes Fidedignas","url":"https:\/\/fuentesfidedignas.com.mx\/","logo":{"@type":"ImageObject","inLanguage":"es","@id":"https:\/\/fuentesfidedignas.com.mx\/#\/schema\/logo\/image\/","url":"https:\/\/fuentesfidedignas.com.mx\/wp-content\/uploads\/2021\/04\/logo-retina.png","contentUrl":"https:\/\/fuentesfidedignas.com.mx\/wp-content\/uploads\/2021\/04\/logo-retina.png","width":280,"height":51,"caption":"Fuentes Fidedignas"},"image":{"@id":"https:\/\/fuentesfidedignas.com.mx\/#\/schema\/logo\/image\/"},"sameAs":["https:\/\/www.facebook.com\/Fuentes-Fidedignas-368234489921644","https:\/\/x.com\/fidedignas"]},{"@type":"Person","@id":"https:\/\/fuentesfidedignas.com.mx\/#\/schema\/person\/47ec0135738f4b0c7495f06a77a2c976","name":"Milenio","image":{"@type":"ImageObject","inLanguage":"es","@id":"https:\/\/secure.gravatar.com\/avatar\/acabf7b54753e51c2c76457954577c236b3b764789b19879565769739d1e4a75?s=96&d=mm&r=g","url":"https:\/\/secure.gravatar.com\/avatar\/acabf7b54753e51c2c76457954577c236b3b764789b19879565769739d1e4a75?s=96&d=mm&r=g","contentUrl":"https:\/\/secure.gravatar.com\/avatar\/acabf7b54753e51c2c76457954577c236b3b764789b19879565769739d1e4a75?s=96&d=mm&r=g","caption":"Milenio"},"url":"https:\/\/fuentesfidedignas.com.mx\/index.php\/author\/milenio\/"}]}},"_links":{"self":[{"href":"https:\/\/fuentesfidedignas.com.mx\/index.php\/wp-json\/wp\/v2\/posts\/104259","targetHints":{"allow":["GET"]}}],"collection":[{"href":"https:\/\/fuentesfidedignas.com.mx\/index.php\/wp-json\/wp\/v2\/posts"}],"about":[{"href":"https:\/\/fuentesfidedignas.com.mx\/index.php\/wp-json\/wp\/v2\/types\/post"}],"author":[{"embeddable":true,"href":"https:\/\/fuentesfidedignas.com.mx\/index.php\/wp-json\/wp\/v2\/users\/9"}],"replies":[{"embeddable":true,"href":"https:\/\/fuentesfidedignas.com.mx\/index.php\/wp-json\/wp\/v2\/comments?post=104259"}],"version-history":[{"count":1,"href":"https:\/\/fuentesfidedignas.com.mx\/index.php\/wp-json\/wp\/v2\/posts\/104259\/revisions"}],"predecessor-version":[{"id":104261,"href":"https:\/\/fuentesfidedignas.com.mx\/index.php\/wp-json\/wp\/v2\/posts\/104259\/revisions\/104261"}],"wp:featuredmedia":[{"embeddable":true,"href":"https:\/\/fuentesfidedignas.com.mx\/index.php\/wp-json\/wp\/v2\/media\/104260"}],"wp:attachment":[{"href":"https:\/\/fuentesfidedignas.com.mx\/index.php\/wp-json\/wp\/v2\/media?parent=104259"}],"wp:term":[{"taxonomy":"category","embeddable":true,"href":"https:\/\/fuentesfidedignas.com.mx\/index.php\/wp-json\/wp\/v2\/categories?post=104259"},{"taxonomy":"post_tag","embeddable":true,"href":"https:\/\/fuentesfidedignas.com.mx\/index.php\/wp-json\/wp\/v2\/tags?post=104259"}],"curies":[{"name":"wp","href":"https:\/\/api.w.org\/{rel}","templated":true}]}}