{"id":104157,"date":"2025-03-18T17:45:10","date_gmt":"2025-03-19T00:45:10","guid":{"rendered":"https:\/\/fuentesfidedignas.com.mx\/?p=104157"},"modified":"2025-03-18T17:53:25","modified_gmt":"2025-03-19T00:53:25","slug":"sheinbaum-retira-iniciativa-de-reforma-al-issste-para-facilitar-acuerdos-con-el-magisterio","status":"publish","type":"post","link":"https:\/\/fuentesfidedignas.com.mx\/index.php\/2025\/03\/18\/sheinbaum-retira-iniciativa-de-reforma-al-issste-para-facilitar-acuerdos-con-el-magisterio\/","title":{"rendered":"Sheinbaum retira iniciativa de reforma al ISSSTE para facilitar acuerdos con el magisterio"},"content":{"rendered":"\n<p><strong><em>La CNTE prev\u00e9 movilizaciones el mi\u00e9rcoles 19 de marzo en diversas entidades, en protesta contra la iniciativa presidencial.<\/em><\/strong><\/p>\n\n\n\n<p>La presidenta Claudia Sheinbaum retir\u00f3 su iniciativa de reformas a la Ley del ISSSTE, a fin de facilitar acuerdos con el magisterio que ha expresado su inconformidad con la propuesta y prev\u00e9 movilizaciones ma\u00f1ana mi\u00e9rcoles en diversas ciudades del pa\u00eds.<\/p>\n\n\n\n<p>As\u00ed lo confirm\u00f3 el presidente de la Junta de Coordinaci\u00f3n Pol\u00edtica y l\u00edder parlamentario de Morena en el Palacio de San L\u00e1zaro, Ricardo Monreal, tras recibir la notificaci\u00f3n de la mandataria.<\/p>\n\n\n\n<p>\u201cSeg\u00fan el art\u00edculo 77 del Reglamento de la C\u00e1mara de Diputados, la presidenta Claudia Sheinbaum puede retirar las iniciativas que presente. Nos inform\u00f3, como c\u00e1mara de origen, que retira la de reforma a la Ley del ISSSTE para facilitar acuerdos con el magisterio. <\/p>\n\n\n\n<p>Procederemos conforme a la ley\u201d, se\u00f1al\u00f3 el legislador en un mensaje en redes sociales.<br>No obstante, el art\u00edculo citado por el legislador se refiere solamente al derecho de los diputados a retirar iniciativas presentadas:<\/p>\n\n\n\n<p>\u201cEl derecho de iniciativa comprende tambi\u00e9n el derecho a retirarla; \u00e9ste lo podr\u00e1 ejercer solo el autor, desde el momento de su admisi\u00f3n y hasta antes de que la comisi\u00f3n o comisiones a las que se haya turnado acuerden un dictamen o antes de que se tenga por precluida la facultad para dictaminar. Para los efectos de este numeral, por autor se entiende al o a los diputados o diputadas que suscriban efectivamente la iniciativa, antes de ser presentada ante la Mesa Directiva\u201d.<\/p>\n\n\n\n<p><blockquote class=\"twitter-tweet\"><p lang=\"es\" dir=\"ltr\">Seg\u00fan el Art. 77 del Reglamento de la <a href=\"https:\/\/twitter.com\/Mx_Diputados?ref_src=twsrc%5Etfw\">@Mx_Diputados<\/a>, la Presidenta <a href=\"https:\/\/twitter.com\/Claudiashein?ref_src=twsrc%5Etfw\">@Claudiashein<\/a> puede retirar las iniciativas que presente. Nos inform\u00f3, como C\u00e1mara de origen, que retira la de reforma a la Ley del ISSSTE, para facilitar acuerdos con el magisterio. Procederemos conforme a la ley<\/p>\u2014 Ricardo Monreal A. (@RicardoMonrealA) <a href=\"https:\/\/twitter.com\/RicardoMonrealA\/status\/1902113378174460087?ref_src=twsrc%5Etfw\">March 18, 2025<\/a><\/blockquote> <script async=\"\" src=\"https:\/\/platform.twitter.com\/widgets.js\" charset=\"utf-8\"><\/script><\/p>\n\n\n\n<p>La reforma a la Ley del ISSSTE para el fortalecimiento del financiamiento de dicha instituci\u00f3n y el derecho a la vivienda fue enviada por la presidenta Sheinbaum a la C\u00e1mara de Diputados el pasado 7 de febrero y, entre otros aspectos, prev\u00e9 un aumento a las cuotas de los trabajadores al seguro de salud.<\/p>\n\n\n\n<p>\u201cEstablecer en la Ley del ISSSTE que las cuotas y aportaciones del seguro de salud se realicen sobre el salario integrado, cuando este rebase las diez UMAs (34 mil 394 pesos mensuales en 2025) y no el sueldo b\u00e1sico, que suelen ser de hasta una tercera parte de sus ingresos, a fin de captar mayores recursos que permitan al ISSSTE financiar la prestaci\u00f3n de servicios m\u00e9dicos en todas sus unidades\u201d, se\u00f1ala.<\/p>\n\n\n\n<p><strong>Mantendr\u00e1n paro nacional de 72 horas pese al acuerdo<\/strong><br>Tras reunirse la Presidenta y el magisterio disidente, la&nbsp;Coordinadora Nacional de Trabajadores de la Educaci\u00f3n (CNTE) advirti\u00f3 que se mantiene el paro nacional de labores de 72 horas que&nbsp;iniciar\u00e1 este mi\u00e9rcoles.<\/p>\n\n\n\n<p>As\u00ed lo dio a conocer Elvira Veleces, secretaria general de la Coordinadora Estatal de Trabajadores de la Educaci\u00f3n de Guerrero (CETEG), al salir del encuentro en Palacio Nacional, el cual dur\u00f3 cerca de dos horas y media.<\/p>\n\n\n\n<p>\u201cLa Presidenta nos dice que ella no tiene ning\u00fan problema en retirar la iniciativa que mand\u00f3 el 7 de febrero sobre la Ley del ISSSTE 2025, y en nuestra presencia hizo las llamadas al presidente de la C\u00e1mara de Diputados para retirarla; (dijo): &#8216;Hoy mismo enviar\u00e9 el documento para retirar esta iniciativa y que el d\u00eda de ma\u00f1ana ya se inicie con la cancelaci\u00f3n\u201d, explic\u00f3.<\/p>\n\n\n\n<p>En tanto, Pedro Hern\u00e1ndez, secretario general de la secci\u00f3n nueve de la CNTE, explic\u00f3 que la titular del Ejecutivo federal se comprometi\u00f3 a que no se presentar\u00e1 una nueva iniciativa sobre la Ley del ISSSTE&nbsp;hasta que no se avance en las mesas de di\u00e1logo con la Federaci\u00f3n.<\/p>\n\n\n\n<p>\u201cEl acuerdo es que se retira la iniciativa del 7 de febrero y no se presenta una nueva, hasta en tanto no avancemos en un di\u00e1logo. Ella reiter\u00f3 que con esta reuni\u00f3n se reinstala el di\u00e1logo entre la Presidenta y la Coordinadora Nacional de Trabajadores de la Educaci\u00f3n.<\/p>\n\n\n\n<p>\u201cY tambi\u00e9n, en el tema de la reforma educativa-laboral, aunque s\u00f3lo se toc\u00f3 la parte de los foros, tambi\u00e9n se reiter\u00f3 que no habr\u00e1 una iniciativa en tanto no tengamos una discusi\u00f3n como Coordinadora con la Ejecutiva; mientras tanto, pues con la Secretar\u00eda Gobernaci\u00f3n, la de Educaci\u00f3n, el propio director del ISSSTE, seguiremos trabajando pues en estos aspectos\u201d, explic\u00f3.<\/p>\n\n\n\n<p>Elvira Velences detall\u00f3 que el paro de labores se mantiene, porque forma parte del plan de acci\u00f3n que se acord\u00f3 en la Asamblea Nacional Representativa de la CNTE.<\/p>\n\n\n\n<p>\u201c\u00bfQu\u00e9 es lo que tambi\u00e9n dice este documento de posicionamiento? Que en estas mesas de negociaci\u00f3n no est\u00e1n sujetas al plan de acci\u00f3n que nosotros tenemos como Coordinadora Nacional de los Trabajadores de la Educaci\u00f3n. Por lo tanto, reiteramos el paro de 72 horas que ser\u00e1 el 19, 20 y 21\u201d, apunt\u00f3.<\/p>\n\n\n\n<p><strong>Sheinbaum otorgar\u00e1 beneficios a trabajadores por medio de Decretos Administrativos: Batres<\/strong><br>El director general del ISSSTE, Mart\u00ed Batres, inform\u00f3 que, pese a retirar la iniciativa, la presidenta&nbsp;Claudia Sheinbaum otorgar\u00e1 algunos beneficios a los trabajadores que conten\u00eda dicha reforma por medio de Decretos Administrativos.&nbsp;<\/p>\n\n\n\n<p>&#8220;La Presidenta ha tomado la decisi\u00f3n de retirar la iniciativa de reforma a la Ley del&nbsp;ISSSTE&nbsp;presentada el pasado 7 de febrero de 2025, a fin de continuar el di\u00e1logo con el magisterio sobre diversas tem\u00e1ticas.<\/p>\n\n\n\n<p>&#8220;No obstante, en virtud de que dicha iniciativa conten\u00eda beneficios muy importantes en materia de vivienda para los trabajadores del Estado, maestras y maestros, tales como la condonaci\u00f3n, quitas y congelamiento de deudas problem\u00e1ticas o impagables de los acreditados de Fovissste, as\u00ed como la recuperaci\u00f3n de facultades para la construcci\u00f3n de vivienda social para los mismos, la Presidenta otorgar\u00e1 estos beneficios a trav\u00e9s de Decretos Administrativos que se publicar\u00e1n pr\u00f3ximamente&#8221;.<\/p>\n\n\n\n<p><blockquote class=\"twitter-tweet\"><p lang=\"es\" dir=\"ltr\">La Presidenta de M\u00e9xico, <a href=\"https:\/\/twitter.com\/Claudiashein?ref_src=twsrc%5Etfw\">@Claudiashein<\/a> ha tomado la decisi\u00f3n de retirar la iniciativa de reforma a la Ley del <a href=\"https:\/\/twitter.com\/ISSSTE_mx?ref_src=twsrc%5Etfw\">@ISSSTE_mx<\/a> presentada el pasado 7 de febrero de 2025, a fin de continuar el di\u00e1logo con el magisterio sobre diversas tem\u00e1ticas.<br><br>No obstante, en virtud de que dicha\u2026<\/p>\u2014 Mart\u00ed Batres (@martibatres) <a href=\"https:\/\/twitter.com\/martibatres\/status\/1902120978299113910?ref_src=twsrc%5Etfw\">March 18, 2025<\/a><\/blockquote> <script async=\"\" src=\"https:\/\/platform.twitter.com\/widgets.js\" charset=\"utf-8\"><\/script><\/p>\n","protected":false},"excerpt":{"rendered":"<p>La CNTE prev\u00e9 movilizaciones el mi\u00e9rcoles 19 de marzo en diversas entidades, en protesta contra la iniciativa presidencial. La presidenta Claudia Sheinbaum retir\u00f3 su iniciativa de reformas a la Ley del ISSSTE, a fin de facilitar acuerdos con el magisterio que ha expresado su inconformidad con la propuesta y prev\u00e9 movilizaciones ma\u00f1ana mi\u00e9rcoles en diversas [&hellip;]<\/p>\n","protected":false},"author":9,"featured_media":104159,"comment_status":"open","ping_status":"open","sticky":false,"template":"","format":"standard","meta":{"tdm_status":"","tdm_grid_status":"","footnotes":""},"categories":[39],"tags":[],"class_list":{"0":"post-104157","1":"post","2":"type-post","3":"status-publish","4":"format-standard","5":"has-post-thumbnail","7":"category-noticias-nacionales"},"yoast_head":"<!-- This site is optimized with the Yoast SEO plugin v27.4 - https:\/\/yoast.com\/product\/yoast-seo-wordpress\/ -->\n<title>Sheinbaum retira iniciativa de reforma al ISSSTE para facilitar acuerdos con el magisterio - Fuentes Fidedignas<\/title>\n<meta name=\"robots\" content=\"index, follow, max-snippet:-1, max-image-preview:large, max-video-preview:-1\" \/>\n<link rel=\"canonical\" href=\"https:\/\/fuentesfidedignas.com.mx\/index.php\/2025\/03\/18\/sheinbaum-retira-iniciativa-de-reforma-al-issste-para-facilitar-acuerdos-con-el-magisterio\/\" \/>\n<meta property=\"og:locale\" content=\"es_MX\" \/>\n<meta property=\"og:type\" content=\"article\" \/>\n<meta property=\"og:title\" content=\"Sheinbaum retira iniciativa de reforma al ISSSTE para facilitar acuerdos con el magisterio - Fuentes Fidedignas\" \/>\n<meta property=\"og:description\" content=\"La CNTE prev\u00e9 movilizaciones el mi\u00e9rcoles 19 de marzo en diversas entidades, en protesta contra la iniciativa presidencial. La presidenta Claudia Sheinbaum retir\u00f3 su iniciativa de reformas a la Ley del ISSSTE, a fin de facilitar acuerdos con el magisterio que ha expresado su inconformidad con la propuesta y prev\u00e9 movilizaciones ma\u00f1ana mi\u00e9rcoles en diversas [&hellip;]\" \/>\n<meta property=\"og:url\" content=\"https:\/\/fuentesfidedignas.com.mx\/index.php\/2025\/03\/18\/sheinbaum-retira-iniciativa-de-reforma-al-issste-para-facilitar-acuerdos-con-el-magisterio\/\" \/>\n<meta property=\"og:site_name\" content=\"Fuentes Fidedignas\" \/>\n<meta property=\"article:publisher\" content=\"https:\/\/www.facebook.com\/Fuentes-Fidedignas-368234489921644\" \/>\n<meta property=\"article:published_time\" content=\"2025-03-19T00:45:10+00:00\" \/>\n<meta property=\"article:modified_time\" content=\"2025-03-19T00:53:25+00:00\" \/>\n<meta property=\"og:image\" content=\"https:\/\/fuentesfidedignas.com.mx\/wp-content\/uploads\/2025\/03\/ISSSTE.jpg\" \/>\n\t<meta property=\"og:image:width\" content=\"600\" \/>\n\t<meta property=\"og:image:height\" content=\"342\" \/>\n\t<meta property=\"og:image:type\" content=\"image\/jpeg\" \/>\n<meta name=\"author\" content=\"Milenio\" \/>\n<meta name=\"twitter:card\" content=\"summary_large_image\" \/>\n<meta name=\"twitter:creator\" content=\"@fidedignas\" \/>\n<meta name=\"twitter:site\" content=\"@fidedignas\" \/>\n<meta name=\"twitter:label1\" content=\"Escrito por\" \/>\n\t<meta name=\"twitter:data1\" content=\"Milenio\" \/>\n\t<meta name=\"twitter:label2\" content=\"Tiempo de lectura\" \/>\n\t<meta name=\"twitter:data2\" content=\"5 minutos\" \/>\n<script type=\"application\/ld+json\" class=\"yoast-schema-graph\">{\"@context\":\"https:\\\/\\\/schema.org\",\"@graph\":[{\"@type\":\"Article\",\"@id\":\"https:\\\/\\\/fuentesfidedignas.com.mx\\\/index.php\\\/2025\\\/03\\\/18\\\/sheinbaum-retira-iniciativa-de-reforma-al-issste-para-facilitar-acuerdos-con-el-magisterio\\\/#article\",\"isPartOf\":{\"@id\":\"https:\\\/\\\/fuentesfidedignas.com.mx\\\/index.php\\\/2025\\\/03\\\/18\\\/sheinbaum-retira-iniciativa-de-reforma-al-issste-para-facilitar-acuerdos-con-el-magisterio\\\/\"},\"author\":{\"name\":\"Milenio\",\"@id\":\"https:\\\/\\\/fuentesfidedignas.com.mx\\\/#\\\/schema\\\/person\\\/47ec0135738f4b0c7495f06a77a2c976\"},\"headline\":\"Sheinbaum retira iniciativa de reforma al ISSSTE para facilitar acuerdos con el magisterio\",\"datePublished\":\"2025-03-19T00:45:10+00:00\",\"dateModified\":\"2025-03-19T00:53:25+00:00\",\"mainEntityOfPage\":{\"@id\":\"https:\\\/\\\/fuentesfidedignas.com.mx\\\/index.php\\\/2025\\\/03\\\/18\\\/sheinbaum-retira-iniciativa-de-reforma-al-issste-para-facilitar-acuerdos-con-el-magisterio\\\/\"},\"wordCount\":1079,\"commentCount\":0,\"publisher\":{\"@id\":\"https:\\\/\\\/fuentesfidedignas.com.mx\\\/#organization\"},\"image\":{\"@id\":\"https:\\\/\\\/fuentesfidedignas.com.mx\\\/index.php\\\/2025\\\/03\\\/18\\\/sheinbaum-retira-iniciativa-de-reforma-al-issste-para-facilitar-acuerdos-con-el-magisterio\\\/#primaryimage\"},\"thumbnailUrl\":\"https:\\\/\\\/fuentesfidedignas.com.mx\\\/wp-content\\\/uploads\\\/2025\\\/03\\\/ISSSTE.jpg\",\"articleSection\":[\"NOTICIAS NACIONALES\"],\"inLanguage\":\"es\",\"potentialAction\":[{\"@type\":\"CommentAction\",\"name\":\"Comment\",\"target\":[\"https:\\\/\\\/fuentesfidedignas.com.mx\\\/index.php\\\/2025\\\/03\\\/18\\\/sheinbaum-retira-iniciativa-de-reforma-al-issste-para-facilitar-acuerdos-con-el-magisterio\\\/#respond\"]}]},{\"@type\":\"WebPage\",\"@id\":\"https:\\\/\\\/fuentesfidedignas.com.mx\\\/index.php\\\/2025\\\/03\\\/18\\\/sheinbaum-retira-iniciativa-de-reforma-al-issste-para-facilitar-acuerdos-con-el-magisterio\\\/\",\"url\":\"https:\\\/\\\/fuentesfidedignas.com.mx\\\/index.php\\\/2025\\\/03\\\/18\\\/sheinbaum-retira-iniciativa-de-reforma-al-issste-para-facilitar-acuerdos-con-el-magisterio\\\/\",\"name\":\"Sheinbaum retira iniciativa de reforma al ISSSTE para facilitar acuerdos con el magisterio - Fuentes Fidedignas\",\"isPartOf\":{\"@id\":\"https:\\\/\\\/fuentesfidedignas.com.mx\\\/#website\"},\"primaryImageOfPage\":{\"@id\":\"https:\\\/\\\/fuentesfidedignas.com.mx\\\/index.php\\\/2025\\\/03\\\/18\\\/sheinbaum-retira-iniciativa-de-reforma-al-issste-para-facilitar-acuerdos-con-el-magisterio\\\/#primaryimage\"},\"image\":{\"@id\":\"https:\\\/\\\/fuentesfidedignas.com.mx\\\/index.php\\\/2025\\\/03\\\/18\\\/sheinbaum-retira-iniciativa-de-reforma-al-issste-para-facilitar-acuerdos-con-el-magisterio\\\/#primaryimage\"},\"thumbnailUrl\":\"https:\\\/\\\/fuentesfidedignas.com.mx\\\/wp-content\\\/uploads\\\/2025\\\/03\\\/ISSSTE.jpg\",\"datePublished\":\"2025-03-19T00:45:10+00:00\",\"dateModified\":\"2025-03-19T00:53:25+00:00\",\"breadcrumb\":{\"@id\":\"https:\\\/\\\/fuentesfidedignas.com.mx\\\/index.php\\\/2025\\\/03\\\/18\\\/sheinbaum-retira-iniciativa-de-reforma-al-issste-para-facilitar-acuerdos-con-el-magisterio\\\/#breadcrumb\"},\"inLanguage\":\"es\",\"potentialAction\":[{\"@type\":\"ReadAction\",\"target\":[\"https:\\\/\\\/fuentesfidedignas.com.mx\\\/index.php\\\/2025\\\/03\\\/18\\\/sheinbaum-retira-iniciativa-de-reforma-al-issste-para-facilitar-acuerdos-con-el-magisterio\\\/\"]}]},{\"@type\":\"ImageObject\",\"inLanguage\":\"es\",\"@id\":\"https:\\\/\\\/fuentesfidedignas.com.mx\\\/index.php\\\/2025\\\/03\\\/18\\\/sheinbaum-retira-iniciativa-de-reforma-al-issste-para-facilitar-acuerdos-con-el-magisterio\\\/#primaryimage\",\"url\":\"https:\\\/\\\/fuentesfidedignas.com.mx\\\/wp-content\\\/uploads\\\/2025\\\/03\\\/ISSSTE.jpg\",\"contentUrl\":\"https:\\\/\\\/fuentesfidedignas.com.mx\\\/wp-content\\\/uploads\\\/2025\\\/03\\\/ISSSTE.jpg\",\"width\":600,\"height\":342},{\"@type\":\"BreadcrumbList\",\"@id\":\"https:\\\/\\\/fuentesfidedignas.com.mx\\\/index.php\\\/2025\\\/03\\\/18\\\/sheinbaum-retira-iniciativa-de-reforma-al-issste-para-facilitar-acuerdos-con-el-magisterio\\\/#breadcrumb\",\"itemListElement\":[{\"@type\":\"ListItem\",\"position\":1,\"name\":\"Inicio\",\"item\":\"https:\\\/\\\/fuentesfidedignas.com.mx\\\/\"},{\"@type\":\"ListItem\",\"position\":2,\"name\":\"Sheinbaum retira iniciativa de reforma al ISSSTE para facilitar acuerdos con el magisterio\"}]},{\"@type\":\"WebSite\",\"@id\":\"https:\\\/\\\/fuentesfidedignas.com.mx\\\/#website\",\"url\":\"https:\\\/\\\/fuentesfidedignas.com.mx\\\/\",\"name\":\"Fuentes Fidedignas\",\"description\":\"Otro sitio realizado con WordPress\",\"publisher\":{\"@id\":\"https:\\\/\\\/fuentesfidedignas.com.mx\\\/#organization\"},\"potentialAction\":[{\"@type\":\"SearchAction\",\"target\":{\"@type\":\"EntryPoint\",\"urlTemplate\":\"https:\\\/\\\/fuentesfidedignas.com.mx\\\/?s={search_term_string}\"},\"query-input\":{\"@type\":\"PropertyValueSpecification\",\"valueRequired\":true,\"valueName\":\"search_term_string\"}}],\"inLanguage\":\"es\"},{\"@type\":\"Organization\",\"@id\":\"https:\\\/\\\/fuentesfidedignas.com.mx\\\/#organization\",\"name\":\"Fuentes Fidedignas\",\"url\":\"https:\\\/\\\/fuentesfidedignas.com.mx\\\/\",\"logo\":{\"@type\":\"ImageObject\",\"inLanguage\":\"es\",\"@id\":\"https:\\\/\\\/fuentesfidedignas.com.mx\\\/#\\\/schema\\\/logo\\\/image\\\/\",\"url\":\"https:\\\/\\\/fuentesfidedignas.com.mx\\\/wp-content\\\/uploads\\\/2021\\\/04\\\/logo-retina.png\",\"contentUrl\":\"https:\\\/\\\/fuentesfidedignas.com.mx\\\/wp-content\\\/uploads\\\/2021\\\/04\\\/logo-retina.png\",\"width\":280,\"height\":51,\"caption\":\"Fuentes Fidedignas\"},\"image\":{\"@id\":\"https:\\\/\\\/fuentesfidedignas.com.mx\\\/#\\\/schema\\\/logo\\\/image\\\/\"},\"sameAs\":[\"https:\\\/\\\/www.facebook.com\\\/Fuentes-Fidedignas-368234489921644\",\"https:\\\/\\\/x.com\\\/fidedignas\"]},{\"@type\":\"Person\",\"@id\":\"https:\\\/\\\/fuentesfidedignas.com.mx\\\/#\\\/schema\\\/person\\\/47ec0135738f4b0c7495f06a77a2c976\",\"name\":\"Milenio\",\"image\":{\"@type\":\"ImageObject\",\"inLanguage\":\"es\",\"@id\":\"https:\\\/\\\/secure.gravatar.com\\\/avatar\\\/acabf7b54753e51c2c76457954577c236b3b764789b19879565769739d1e4a75?s=96&d=mm&r=g\",\"url\":\"https:\\\/\\\/secure.gravatar.com\\\/avatar\\\/acabf7b54753e51c2c76457954577c236b3b764789b19879565769739d1e4a75?s=96&d=mm&r=g\",\"contentUrl\":\"https:\\\/\\\/secure.gravatar.com\\\/avatar\\\/acabf7b54753e51c2c76457954577c236b3b764789b19879565769739d1e4a75?s=96&d=mm&r=g\",\"caption\":\"Milenio\"},\"url\":\"https:\\\/\\\/fuentesfidedignas.com.mx\\\/index.php\\\/author\\\/milenio\\\/\"}]}<\/script>\n<!-- \/ Yoast SEO plugin. -->","yoast_head_json":{"title":"Sheinbaum retira iniciativa de reforma al ISSSTE para facilitar acuerdos con el magisterio - Fuentes Fidedignas","robots":{"index":"index","follow":"follow","max-snippet":"max-snippet:-1","max-image-preview":"max-image-preview:large","max-video-preview":"max-video-preview:-1"},"canonical":"https:\/\/fuentesfidedignas.com.mx\/index.php\/2025\/03\/18\/sheinbaum-retira-iniciativa-de-reforma-al-issste-para-facilitar-acuerdos-con-el-magisterio\/","og_locale":"es_MX","og_type":"article","og_title":"Sheinbaum retira iniciativa de reforma al ISSSTE para facilitar acuerdos con el magisterio - Fuentes Fidedignas","og_description":"La CNTE prev\u00e9 movilizaciones el mi\u00e9rcoles 19 de marzo en diversas entidades, en protesta contra la iniciativa presidencial. La presidenta Claudia Sheinbaum retir\u00f3 su iniciativa de reformas a la Ley del ISSSTE, a fin de facilitar acuerdos con el magisterio que ha expresado su inconformidad con la propuesta y prev\u00e9 movilizaciones ma\u00f1ana mi\u00e9rcoles en diversas [&hellip;]","og_url":"https:\/\/fuentesfidedignas.com.mx\/index.php\/2025\/03\/18\/sheinbaum-retira-iniciativa-de-reforma-al-issste-para-facilitar-acuerdos-con-el-magisterio\/","og_site_name":"Fuentes Fidedignas","article_publisher":"https:\/\/www.facebook.com\/Fuentes-Fidedignas-368234489921644","article_published_time":"2025-03-19T00:45:10+00:00","article_modified_time":"2025-03-19T00:53:25+00:00","og_image":[{"width":600,"height":342,"url":"https:\/\/fuentesfidedignas.com.mx\/wp-content\/uploads\/2025\/03\/ISSSTE.jpg","type":"image\/jpeg"}],"author":"Milenio","twitter_card":"summary_large_image","twitter_creator":"@fidedignas","twitter_site":"@fidedignas","twitter_misc":{"Escrito por":"Milenio","Tiempo de lectura":"5 minutos"},"schema":{"@context":"https:\/\/schema.org","@graph":[{"@type":"Article","@id":"https:\/\/fuentesfidedignas.com.mx\/index.php\/2025\/03\/18\/sheinbaum-retira-iniciativa-de-reforma-al-issste-para-facilitar-acuerdos-con-el-magisterio\/#article","isPartOf":{"@id":"https:\/\/fuentesfidedignas.com.mx\/index.php\/2025\/03\/18\/sheinbaum-retira-iniciativa-de-reforma-al-issste-para-facilitar-acuerdos-con-el-magisterio\/"},"author":{"name":"Milenio","@id":"https:\/\/fuentesfidedignas.com.mx\/#\/schema\/person\/47ec0135738f4b0c7495f06a77a2c976"},"headline":"Sheinbaum retira iniciativa de reforma al ISSSTE para facilitar acuerdos con el magisterio","datePublished":"2025-03-19T00:45:10+00:00","dateModified":"2025-03-19T00:53:25+00:00","mainEntityOfPage":{"@id":"https:\/\/fuentesfidedignas.com.mx\/index.php\/2025\/03\/18\/sheinbaum-retira-iniciativa-de-reforma-al-issste-para-facilitar-acuerdos-con-el-magisterio\/"},"wordCount":1079,"commentCount":0,"publisher":{"@id":"https:\/\/fuentesfidedignas.com.mx\/#organization"},"image":{"@id":"https:\/\/fuentesfidedignas.com.mx\/index.php\/2025\/03\/18\/sheinbaum-retira-iniciativa-de-reforma-al-issste-para-facilitar-acuerdos-con-el-magisterio\/#primaryimage"},"thumbnailUrl":"https:\/\/fuentesfidedignas.com.mx\/wp-content\/uploads\/2025\/03\/ISSSTE.jpg","articleSection":["NOTICIAS NACIONALES"],"inLanguage":"es","potentialAction":[{"@type":"CommentAction","name":"Comment","target":["https:\/\/fuentesfidedignas.com.mx\/index.php\/2025\/03\/18\/sheinbaum-retira-iniciativa-de-reforma-al-issste-para-facilitar-acuerdos-con-el-magisterio\/#respond"]}]},{"@type":"WebPage","@id":"https:\/\/fuentesfidedignas.com.mx\/index.php\/2025\/03\/18\/sheinbaum-retira-iniciativa-de-reforma-al-issste-para-facilitar-acuerdos-con-el-magisterio\/","url":"https:\/\/fuentesfidedignas.com.mx\/index.php\/2025\/03\/18\/sheinbaum-retira-iniciativa-de-reforma-al-issste-para-facilitar-acuerdos-con-el-magisterio\/","name":"Sheinbaum retira iniciativa de reforma al ISSSTE para facilitar acuerdos con el magisterio - Fuentes Fidedignas","isPartOf":{"@id":"https:\/\/fuentesfidedignas.com.mx\/#website"},"primaryImageOfPage":{"@id":"https:\/\/fuentesfidedignas.com.mx\/index.php\/2025\/03\/18\/sheinbaum-retira-iniciativa-de-reforma-al-issste-para-facilitar-acuerdos-con-el-magisterio\/#primaryimage"},"image":{"@id":"https:\/\/fuentesfidedignas.com.mx\/index.php\/2025\/03\/18\/sheinbaum-retira-iniciativa-de-reforma-al-issste-para-facilitar-acuerdos-con-el-magisterio\/#primaryimage"},"thumbnailUrl":"https:\/\/fuentesfidedignas.com.mx\/wp-content\/uploads\/2025\/03\/ISSSTE.jpg","datePublished":"2025-03-19T00:45:10+00:00","dateModified":"2025-03-19T00:53:25+00:00","breadcrumb":{"@id":"https:\/\/fuentesfidedignas.com.mx\/index.php\/2025\/03\/18\/sheinbaum-retira-iniciativa-de-reforma-al-issste-para-facilitar-acuerdos-con-el-magisterio\/#breadcrumb"},"inLanguage":"es","potentialAction":[{"@type":"ReadAction","target":["https:\/\/fuentesfidedignas.com.mx\/index.php\/2025\/03\/18\/sheinbaum-retira-iniciativa-de-reforma-al-issste-para-facilitar-acuerdos-con-el-magisterio\/"]}]},{"@type":"ImageObject","inLanguage":"es","@id":"https:\/\/fuentesfidedignas.com.mx\/index.php\/2025\/03\/18\/sheinbaum-retira-iniciativa-de-reforma-al-issste-para-facilitar-acuerdos-con-el-magisterio\/#primaryimage","url":"https:\/\/fuentesfidedignas.com.mx\/wp-content\/uploads\/2025\/03\/ISSSTE.jpg","contentUrl":"https:\/\/fuentesfidedignas.com.mx\/wp-content\/uploads\/2025\/03\/ISSSTE.jpg","width":600,"height":342},{"@type":"BreadcrumbList","@id":"https:\/\/fuentesfidedignas.com.mx\/index.php\/2025\/03\/18\/sheinbaum-retira-iniciativa-de-reforma-al-issste-para-facilitar-acuerdos-con-el-magisterio\/#breadcrumb","itemListElement":[{"@type":"ListItem","position":1,"name":"Inicio","item":"https:\/\/fuentesfidedignas.com.mx\/"},{"@type":"ListItem","position":2,"name":"Sheinbaum retira iniciativa de reforma al ISSSTE para facilitar acuerdos con el magisterio"}]},{"@type":"WebSite","@id":"https:\/\/fuentesfidedignas.com.mx\/#website","url":"https:\/\/fuentesfidedignas.com.mx\/","name":"Fuentes Fidedignas","description":"Otro sitio realizado con WordPress","publisher":{"@id":"https:\/\/fuentesfidedignas.com.mx\/#organization"},"potentialAction":[{"@type":"SearchAction","target":{"@type":"EntryPoint","urlTemplate":"https:\/\/fuentesfidedignas.com.mx\/?s={search_term_string}"},"query-input":{"@type":"PropertyValueSpecification","valueRequired":true,"valueName":"search_term_string"}}],"inLanguage":"es"},{"@type":"Organization","@id":"https:\/\/fuentesfidedignas.com.mx\/#organization","name":"Fuentes Fidedignas","url":"https:\/\/fuentesfidedignas.com.mx\/","logo":{"@type":"ImageObject","inLanguage":"es","@id":"https:\/\/fuentesfidedignas.com.mx\/#\/schema\/logo\/image\/","url":"https:\/\/fuentesfidedignas.com.mx\/wp-content\/uploads\/2021\/04\/logo-retina.png","contentUrl":"https:\/\/fuentesfidedignas.com.mx\/wp-content\/uploads\/2021\/04\/logo-retina.png","width":280,"height":51,"caption":"Fuentes Fidedignas"},"image":{"@id":"https:\/\/fuentesfidedignas.com.mx\/#\/schema\/logo\/image\/"},"sameAs":["https:\/\/www.facebook.com\/Fuentes-Fidedignas-368234489921644","https:\/\/x.com\/fidedignas"]},{"@type":"Person","@id":"https:\/\/fuentesfidedignas.com.mx\/#\/schema\/person\/47ec0135738f4b0c7495f06a77a2c976","name":"Milenio","image":{"@type":"ImageObject","inLanguage":"es","@id":"https:\/\/secure.gravatar.com\/avatar\/acabf7b54753e51c2c76457954577c236b3b764789b19879565769739d1e4a75?s=96&d=mm&r=g","url":"https:\/\/secure.gravatar.com\/avatar\/acabf7b54753e51c2c76457954577c236b3b764789b19879565769739d1e4a75?s=96&d=mm&r=g","contentUrl":"https:\/\/secure.gravatar.com\/avatar\/acabf7b54753e51c2c76457954577c236b3b764789b19879565769739d1e4a75?s=96&d=mm&r=g","caption":"Milenio"},"url":"https:\/\/fuentesfidedignas.com.mx\/index.php\/author\/milenio\/"}]}},"_links":{"self":[{"href":"https:\/\/fuentesfidedignas.com.mx\/index.php\/wp-json\/wp\/v2\/posts\/104157","targetHints":{"allow":["GET"]}}],"collection":[{"href":"https:\/\/fuentesfidedignas.com.mx\/index.php\/wp-json\/wp\/v2\/posts"}],"about":[{"href":"https:\/\/fuentesfidedignas.com.mx\/index.php\/wp-json\/wp\/v2\/types\/post"}],"author":[{"embeddable":true,"href":"https:\/\/fuentesfidedignas.com.mx\/index.php\/wp-json\/wp\/v2\/users\/9"}],"replies":[{"embeddable":true,"href":"https:\/\/fuentesfidedignas.com.mx\/index.php\/wp-json\/wp\/v2\/comments?post=104157"}],"version-history":[{"count":2,"href":"https:\/\/fuentesfidedignas.com.mx\/index.php\/wp-json\/wp\/v2\/posts\/104157\/revisions"}],"predecessor-version":[{"id":104161,"href":"https:\/\/fuentesfidedignas.com.mx\/index.php\/wp-json\/wp\/v2\/posts\/104157\/revisions\/104161"}],"wp:featuredmedia":[{"embeddable":true,"href":"https:\/\/fuentesfidedignas.com.mx\/index.php\/wp-json\/wp\/v2\/media\/104159"}],"wp:attachment":[{"href":"https:\/\/fuentesfidedignas.com.mx\/index.php\/wp-json\/wp\/v2\/media?parent=104157"}],"wp:term":[{"taxonomy":"category","embeddable":true,"href":"https:\/\/fuentesfidedignas.com.mx\/index.php\/wp-json\/wp\/v2\/categories?post=104157"},{"taxonomy":"post_tag","embeddable":true,"href":"https:\/\/fuentesfidedignas.com.mx\/index.php\/wp-json\/wp\/v2\/tags?post=104157"}],"curies":[{"name":"wp","href":"https:\/\/api.w.org\/{rel}","templated":true}]}}