{"id":104149,"date":"2025-03-18T17:11:03","date_gmt":"2025-03-19T00:11:03","guid":{"rendered":"https:\/\/fuentesfidedignas.com.mx\/?p=104149"},"modified":"2025-03-18T17:11:07","modified_gmt":"2025-03-19T00:11:07","slug":"detienen-a-cuatro-presuntos-responsables-de-privar-de-la-libertad-a-una-persona-en-culiacan","status":"publish","type":"post","link":"https:\/\/fuentesfidedignas.com.mx\/index.php\/2025\/03\/18\/detienen-a-cuatro-presuntos-responsables-de-privar-de-la-libertad-a-una-persona-en-culiacan\/","title":{"rendered":"Detienen a cuatro presuntos responsables de privar de la libertad a una persona en Culiac\u00e1n"},"content":{"rendered":"\n<p><strong><em>Fueron turnados ante la instancia competente a fin de que se realicen las investigaciones correspondientes.<\/em><\/strong><\/p>\n\n\n\n<p>Elementos de la Secretar\u00eda de Seguridad P\u00fablica y Tr\u00e1nsito Municipal de Culiac\u00e1n, a trav\u00e9s de la Polic\u00eda Municipal, con el apoyo de corporaciones de seguridad federales y estatales, detuvieron a cuatro personas que presuntamente ten\u00edan a una persona privada de la libertad en la ciudad de Culiac\u00e1n.<\/p>\n\n\n\n<p>Luego de un reporte oportuno al 9-1-1 en relaci\u00f3n con una persona privada de la libertad contra su voluntad en la colonia Recursos Hidr\u00e1ulicos, los elementos municipales acudieron a verificar la informaci\u00f3n. Al arribar al inmueble, localizaron a una persona de sexo masculino que ped\u00eda auxilio y se encontraba privada de su libertad por cuatro personas: una mujer y tres hombres, quienes fueron detenidos en el lugar.<\/p>\n\n\n\n<p>Los cuatro detenidos fueron turnados ante la instancia competente a fin de que se realicen las investigaciones correspondientes.<\/p>\n\n\n\n<p>Es a trav\u00e9s de estas acciones y resultados que las Fuerzas Federales, Estatales y Municipales reafirman su compromiso de salvaguardar el patrimonio y la tranquilidad de la poblaci\u00f3n.<\/p>\n\n\n\n<p>Se invita a la ciudadan\u00eda a hacer un uso responsable y oportuno de la l\u00ednea de emergencias 9-1-1 y del 089 para denuncias an\u00f3nimas. Sociedad y gobierno trabajamos juntos.<\/p>\n","protected":false},"excerpt":{"rendered":"<p>Fueron turnados ante la instancia competente a fin de que se realicen las investigaciones correspondientes. Elementos de la Secretar\u00eda de Seguridad P\u00fablica y Tr\u00e1nsito Municipal de Culiac\u00e1n, a trav\u00e9s de la Polic\u00eda Municipal, con el apoyo de corporaciones de seguridad federales y estatales, detuvieron a cuatro personas que presuntamente ten\u00edan a una persona privada de [&hellip;]<\/p>\n","protected":false},"author":4,"featured_media":104150,"comment_status":"open","ping_status":"open","sticky":false,"template":"","format":"standard","meta":{"tdm_status":"","tdm_grid_status":"","footnotes":""},"categories":[38],"tags":[],"class_list":{"0":"post-104149","1":"post","2":"type-post","3":"status-publish","4":"format-standard","5":"has-post-thumbnail","7":"category-noticias-locales"},"yoast_head":"<!-- This site is optimized with the Yoast SEO plugin v27.5 - https:\/\/yoast.com\/product\/yoast-seo-wordpress\/ -->\n<title>Detienen a cuatro presuntos responsables de privar de la libertad a una persona en Culiac\u00e1n - Fuentes Fidedignas<\/title>\n<meta name=\"robots\" content=\"index, follow, max-snippet:-1, max-image-preview:large, max-video-preview:-1\" \/>\n<link rel=\"canonical\" href=\"https:\/\/fuentesfidedignas.com.mx\/index.php\/2025\/03\/18\/detienen-a-cuatro-presuntos-responsables-de-privar-de-la-libertad-a-una-persona-en-culiacan\/\" \/>\n<meta property=\"og:locale\" content=\"es_MX\" \/>\n<meta property=\"og:type\" content=\"article\" \/>\n<meta property=\"og:title\" content=\"Detienen a cuatro presuntos responsables de privar de la libertad a una persona en Culiac\u00e1n - Fuentes Fidedignas\" \/>\n<meta property=\"og:description\" content=\"Fueron turnados ante la instancia competente a fin de que se realicen las investigaciones correspondientes. Elementos de la Secretar\u00eda de Seguridad P\u00fablica y Tr\u00e1nsito Municipal de Culiac\u00e1n, a trav\u00e9s de la Polic\u00eda Municipal, con el apoyo de corporaciones de seguridad federales y estatales, detuvieron a cuatro personas que presuntamente ten\u00edan a una persona privada de [&hellip;]\" \/>\n<meta property=\"og:url\" content=\"https:\/\/fuentesfidedignas.com.mx\/index.php\/2025\/03\/18\/detienen-a-cuatro-presuntos-responsables-de-privar-de-la-libertad-a-una-persona-en-culiacan\/\" \/>\n<meta property=\"og:site_name\" content=\"Fuentes Fidedignas\" \/>\n<meta property=\"article:publisher\" content=\"https:\/\/www.facebook.com\/Fuentes-Fidedignas-368234489921644\" \/>\n<meta property=\"article:published_time\" content=\"2025-03-19T00:11:03+00:00\" \/>\n<meta property=\"article:modified_time\" content=\"2025-03-19T00:11:07+00:00\" \/>\n<meta property=\"og:image\" content=\"https:\/\/fuentesfidedignas.com.mx\/wp-content\/uploads\/2025\/03\/GmXK2k-XEAAM3X9.jpeg\" \/>\n\t<meta property=\"og:image:width\" content=\"600\" \/>\n\t<meta property=\"og:image:height\" content=\"608\" \/>\n\t<meta property=\"og:image:type\" content=\"image\/jpeg\" \/>\n<meta name=\"author\" content=\"Redacci\u00f3n\" \/>\n<meta name=\"twitter:card\" content=\"summary_large_image\" \/>\n<meta name=\"twitter:creator\" content=\"@fidedignas\" \/>\n<meta name=\"twitter:site\" content=\"@fidedignas\" \/>\n<meta name=\"twitter:label1\" content=\"Escrito por\" \/>\n\t<meta name=\"twitter:data1\" content=\"Redacci\u00f3n\" \/>\n\t<meta name=\"twitter:label2\" content=\"Tiempo de lectura\" \/>\n\t<meta name=\"twitter:data2\" content=\"2 minutos\" \/>\n<script type=\"application\/ld+json\" class=\"yoast-schema-graph\">{\"@context\":\"https:\\\/\\\/schema.org\",\"@graph\":[{\"@type\":\"Article\",\"@id\":\"https:\\\/\\\/fuentesfidedignas.com.mx\\\/index.php\\\/2025\\\/03\\\/18\\\/detienen-a-cuatro-presuntos-responsables-de-privar-de-la-libertad-a-una-persona-en-culiacan\\\/#article\",\"isPartOf\":{\"@id\":\"https:\\\/\\\/fuentesfidedignas.com.mx\\\/index.php\\\/2025\\\/03\\\/18\\\/detienen-a-cuatro-presuntos-responsables-de-privar-de-la-libertad-a-una-persona-en-culiacan\\\/\"},\"author\":{\"name\":\"Redacci\u00f3n\",\"@id\":\"https:\\\/\\\/fuentesfidedignas.com.mx\\\/#\\\/schema\\\/person\\\/331be9283d37198e2acd5750279085b0\"},\"headline\":\"Detienen a cuatro presuntos responsables de privar de la libertad a una persona en Culiac\u00e1n\",\"datePublished\":\"2025-03-19T00:11:03+00:00\",\"dateModified\":\"2025-03-19T00:11:07+00:00\",\"mainEntityOfPage\":{\"@id\":\"https:\\\/\\\/fuentesfidedignas.com.mx\\\/index.php\\\/2025\\\/03\\\/18\\\/detienen-a-cuatro-presuntos-responsables-de-privar-de-la-libertad-a-una-persona-en-culiacan\\\/\"},\"wordCount\":238,\"commentCount\":0,\"publisher\":{\"@id\":\"https:\\\/\\\/fuentesfidedignas.com.mx\\\/#organization\"},\"image\":{\"@id\":\"https:\\\/\\\/fuentesfidedignas.com.mx\\\/index.php\\\/2025\\\/03\\\/18\\\/detienen-a-cuatro-presuntos-responsables-de-privar-de-la-libertad-a-una-persona-en-culiacan\\\/#primaryimage\"},\"thumbnailUrl\":\"https:\\\/\\\/fuentesfidedignas.com.mx\\\/wp-content\\\/uploads\\\/2025\\\/03\\\/GmXK2k-XEAAM3X9.jpeg\",\"articleSection\":[\"NOTICIAS LOCALES\"],\"inLanguage\":\"es\",\"potentialAction\":[{\"@type\":\"CommentAction\",\"name\":\"Comment\",\"target\":[\"https:\\\/\\\/fuentesfidedignas.com.mx\\\/index.php\\\/2025\\\/03\\\/18\\\/detienen-a-cuatro-presuntos-responsables-de-privar-de-la-libertad-a-una-persona-en-culiacan\\\/#respond\"]}]},{\"@type\":\"WebPage\",\"@id\":\"https:\\\/\\\/fuentesfidedignas.com.mx\\\/index.php\\\/2025\\\/03\\\/18\\\/detienen-a-cuatro-presuntos-responsables-de-privar-de-la-libertad-a-una-persona-en-culiacan\\\/\",\"url\":\"https:\\\/\\\/fuentesfidedignas.com.mx\\\/index.php\\\/2025\\\/03\\\/18\\\/detienen-a-cuatro-presuntos-responsables-de-privar-de-la-libertad-a-una-persona-en-culiacan\\\/\",\"name\":\"Detienen a cuatro presuntos responsables de privar de la libertad a una persona en Culiac\u00e1n - Fuentes Fidedignas\",\"isPartOf\":{\"@id\":\"https:\\\/\\\/fuentesfidedignas.com.mx\\\/#website\"},\"primaryImageOfPage\":{\"@id\":\"https:\\\/\\\/fuentesfidedignas.com.mx\\\/index.php\\\/2025\\\/03\\\/18\\\/detienen-a-cuatro-presuntos-responsables-de-privar-de-la-libertad-a-una-persona-en-culiacan\\\/#primaryimage\"},\"image\":{\"@id\":\"https:\\\/\\\/fuentesfidedignas.com.mx\\\/index.php\\\/2025\\\/03\\\/18\\\/detienen-a-cuatro-presuntos-responsables-de-privar-de-la-libertad-a-una-persona-en-culiacan\\\/#primaryimage\"},\"thumbnailUrl\":\"https:\\\/\\\/fuentesfidedignas.com.mx\\\/wp-content\\\/uploads\\\/2025\\\/03\\\/GmXK2k-XEAAM3X9.jpeg\",\"datePublished\":\"2025-03-19T00:11:03+00:00\",\"dateModified\":\"2025-03-19T00:11:07+00:00\",\"breadcrumb\":{\"@id\":\"https:\\\/\\\/fuentesfidedignas.com.mx\\\/index.php\\\/2025\\\/03\\\/18\\\/detienen-a-cuatro-presuntos-responsables-de-privar-de-la-libertad-a-una-persona-en-culiacan\\\/#breadcrumb\"},\"inLanguage\":\"es\",\"potentialAction\":[{\"@type\":\"ReadAction\",\"target\":[\"https:\\\/\\\/fuentesfidedignas.com.mx\\\/index.php\\\/2025\\\/03\\\/18\\\/detienen-a-cuatro-presuntos-responsables-de-privar-de-la-libertad-a-una-persona-en-culiacan\\\/\"]}]},{\"@type\":\"ImageObject\",\"inLanguage\":\"es\",\"@id\":\"https:\\\/\\\/fuentesfidedignas.com.mx\\\/index.php\\\/2025\\\/03\\\/18\\\/detienen-a-cuatro-presuntos-responsables-de-privar-de-la-libertad-a-una-persona-en-culiacan\\\/#primaryimage\",\"url\":\"https:\\\/\\\/fuentesfidedignas.com.mx\\\/wp-content\\\/uploads\\\/2025\\\/03\\\/GmXK2k-XEAAM3X9.jpeg\",\"contentUrl\":\"https:\\\/\\\/fuentesfidedignas.com.mx\\\/wp-content\\\/uploads\\\/2025\\\/03\\\/GmXK2k-XEAAM3X9.jpeg\",\"width\":600,\"height\":608},{\"@type\":\"BreadcrumbList\",\"@id\":\"https:\\\/\\\/fuentesfidedignas.com.mx\\\/index.php\\\/2025\\\/03\\\/18\\\/detienen-a-cuatro-presuntos-responsables-de-privar-de-la-libertad-a-una-persona-en-culiacan\\\/#breadcrumb\",\"itemListElement\":[{\"@type\":\"ListItem\",\"position\":1,\"name\":\"Inicio\",\"item\":\"https:\\\/\\\/fuentesfidedignas.com.mx\\\/\"},{\"@type\":\"ListItem\",\"position\":2,\"name\":\"Detienen a cuatro presuntos responsables de privar de la libertad a una persona en Culiac\u00e1n\"}]},{\"@type\":\"WebSite\",\"@id\":\"https:\\\/\\\/fuentesfidedignas.com.mx\\\/#website\",\"url\":\"https:\\\/\\\/fuentesfidedignas.com.mx\\\/\",\"name\":\"Fuentes Fidedignas\",\"description\":\"Otro sitio realizado con WordPress\",\"publisher\":{\"@id\":\"https:\\\/\\\/fuentesfidedignas.com.mx\\\/#organization\"},\"potentialAction\":[{\"@type\":\"SearchAction\",\"target\":{\"@type\":\"EntryPoint\",\"urlTemplate\":\"https:\\\/\\\/fuentesfidedignas.com.mx\\\/?s={search_term_string}\"},\"query-input\":{\"@type\":\"PropertyValueSpecification\",\"valueRequired\":true,\"valueName\":\"search_term_string\"}}],\"inLanguage\":\"es\"},{\"@type\":\"Organization\",\"@id\":\"https:\\\/\\\/fuentesfidedignas.com.mx\\\/#organization\",\"name\":\"Fuentes Fidedignas\",\"url\":\"https:\\\/\\\/fuentesfidedignas.com.mx\\\/\",\"logo\":{\"@type\":\"ImageObject\",\"inLanguage\":\"es\",\"@id\":\"https:\\\/\\\/fuentesfidedignas.com.mx\\\/#\\\/schema\\\/logo\\\/image\\\/\",\"url\":\"https:\\\/\\\/fuentesfidedignas.com.mx\\\/wp-content\\\/uploads\\\/2021\\\/04\\\/logo-retina.png\",\"contentUrl\":\"https:\\\/\\\/fuentesfidedignas.com.mx\\\/wp-content\\\/uploads\\\/2021\\\/04\\\/logo-retina.png\",\"width\":280,\"height\":51,\"caption\":\"Fuentes Fidedignas\"},\"image\":{\"@id\":\"https:\\\/\\\/fuentesfidedignas.com.mx\\\/#\\\/schema\\\/logo\\\/image\\\/\"},\"sameAs\":[\"https:\\\/\\\/www.facebook.com\\\/Fuentes-Fidedignas-368234489921644\",\"https:\\\/\\\/x.com\\\/fidedignas\"]},{\"@type\":\"Person\",\"@id\":\"https:\\\/\\\/fuentesfidedignas.com.mx\\\/#\\\/schema\\\/person\\\/331be9283d37198e2acd5750279085b0\",\"name\":\"Redacci\u00f3n\",\"image\":{\"@type\":\"ImageObject\",\"inLanguage\":\"es\",\"@id\":\"https:\\\/\\\/secure.gravatar.com\\\/avatar\\\/f6d8782c11d12b2d4ad3fbb6931aeab5309937a4d6cd2fc9cfaa28a6396a5aec?s=96&d=mm&r=g\",\"url\":\"https:\\\/\\\/secure.gravatar.com\\\/avatar\\\/f6d8782c11d12b2d4ad3fbb6931aeab5309937a4d6cd2fc9cfaa28a6396a5aec?s=96&d=mm&r=g\",\"contentUrl\":\"https:\\\/\\\/secure.gravatar.com\\\/avatar\\\/f6d8782c11d12b2d4ad3fbb6931aeab5309937a4d6cd2fc9cfaa28a6396a5aec?s=96&d=mm&r=g\",\"caption\":\"Redacci\u00f3n\"},\"url\":\"https:\\\/\\\/fuentesfidedignas.com.mx\\\/index.php\\\/author\\\/redaccion\\\/\"}]}<\/script>\n<!-- \/ Yoast SEO plugin. -->","yoast_head_json":{"title":"Detienen a cuatro presuntos responsables de privar de la libertad a una persona en Culiac\u00e1n - Fuentes Fidedignas","robots":{"index":"index","follow":"follow","max-snippet":"max-snippet:-1","max-image-preview":"max-image-preview:large","max-video-preview":"max-video-preview:-1"},"canonical":"https:\/\/fuentesfidedignas.com.mx\/index.php\/2025\/03\/18\/detienen-a-cuatro-presuntos-responsables-de-privar-de-la-libertad-a-una-persona-en-culiacan\/","og_locale":"es_MX","og_type":"article","og_title":"Detienen a cuatro presuntos responsables de privar de la libertad a una persona en Culiac\u00e1n - Fuentes Fidedignas","og_description":"Fueron turnados ante la instancia competente a fin de que se realicen las investigaciones correspondientes. Elementos de la Secretar\u00eda de Seguridad P\u00fablica y Tr\u00e1nsito Municipal de Culiac\u00e1n, a trav\u00e9s de la Polic\u00eda Municipal, con el apoyo de corporaciones de seguridad federales y estatales, detuvieron a cuatro personas que presuntamente ten\u00edan a una persona privada de [&hellip;]","og_url":"https:\/\/fuentesfidedignas.com.mx\/index.php\/2025\/03\/18\/detienen-a-cuatro-presuntos-responsables-de-privar-de-la-libertad-a-una-persona-en-culiacan\/","og_site_name":"Fuentes Fidedignas","article_publisher":"https:\/\/www.facebook.com\/Fuentes-Fidedignas-368234489921644","article_published_time":"2025-03-19T00:11:03+00:00","article_modified_time":"2025-03-19T00:11:07+00:00","og_image":[{"width":600,"height":608,"url":"https:\/\/fuentesfidedignas.com.mx\/wp-content\/uploads\/2025\/03\/GmXK2k-XEAAM3X9.jpeg","type":"image\/jpeg"}],"author":"Redacci\u00f3n","twitter_card":"summary_large_image","twitter_creator":"@fidedignas","twitter_site":"@fidedignas","twitter_misc":{"Escrito por":"Redacci\u00f3n","Tiempo de lectura":"2 minutos"},"schema":{"@context":"https:\/\/schema.org","@graph":[{"@type":"Article","@id":"https:\/\/fuentesfidedignas.com.mx\/index.php\/2025\/03\/18\/detienen-a-cuatro-presuntos-responsables-de-privar-de-la-libertad-a-una-persona-en-culiacan\/#article","isPartOf":{"@id":"https:\/\/fuentesfidedignas.com.mx\/index.php\/2025\/03\/18\/detienen-a-cuatro-presuntos-responsables-de-privar-de-la-libertad-a-una-persona-en-culiacan\/"},"author":{"name":"Redacci\u00f3n","@id":"https:\/\/fuentesfidedignas.com.mx\/#\/schema\/person\/331be9283d37198e2acd5750279085b0"},"headline":"Detienen a cuatro presuntos responsables de privar de la libertad a una persona en Culiac\u00e1n","datePublished":"2025-03-19T00:11:03+00:00","dateModified":"2025-03-19T00:11:07+00:00","mainEntityOfPage":{"@id":"https:\/\/fuentesfidedignas.com.mx\/index.php\/2025\/03\/18\/detienen-a-cuatro-presuntos-responsables-de-privar-de-la-libertad-a-una-persona-en-culiacan\/"},"wordCount":238,"commentCount":0,"publisher":{"@id":"https:\/\/fuentesfidedignas.com.mx\/#organization"},"image":{"@id":"https:\/\/fuentesfidedignas.com.mx\/index.php\/2025\/03\/18\/detienen-a-cuatro-presuntos-responsables-de-privar-de-la-libertad-a-una-persona-en-culiacan\/#primaryimage"},"thumbnailUrl":"https:\/\/fuentesfidedignas.com.mx\/wp-content\/uploads\/2025\/03\/GmXK2k-XEAAM3X9.jpeg","articleSection":["NOTICIAS LOCALES"],"inLanguage":"es","potentialAction":[{"@type":"CommentAction","name":"Comment","target":["https:\/\/fuentesfidedignas.com.mx\/index.php\/2025\/03\/18\/detienen-a-cuatro-presuntos-responsables-de-privar-de-la-libertad-a-una-persona-en-culiacan\/#respond"]}]},{"@type":"WebPage","@id":"https:\/\/fuentesfidedignas.com.mx\/index.php\/2025\/03\/18\/detienen-a-cuatro-presuntos-responsables-de-privar-de-la-libertad-a-una-persona-en-culiacan\/","url":"https:\/\/fuentesfidedignas.com.mx\/index.php\/2025\/03\/18\/detienen-a-cuatro-presuntos-responsables-de-privar-de-la-libertad-a-una-persona-en-culiacan\/","name":"Detienen a cuatro presuntos responsables de privar de la libertad a una persona en Culiac\u00e1n - Fuentes Fidedignas","isPartOf":{"@id":"https:\/\/fuentesfidedignas.com.mx\/#website"},"primaryImageOfPage":{"@id":"https:\/\/fuentesfidedignas.com.mx\/index.php\/2025\/03\/18\/detienen-a-cuatro-presuntos-responsables-de-privar-de-la-libertad-a-una-persona-en-culiacan\/#primaryimage"},"image":{"@id":"https:\/\/fuentesfidedignas.com.mx\/index.php\/2025\/03\/18\/detienen-a-cuatro-presuntos-responsables-de-privar-de-la-libertad-a-una-persona-en-culiacan\/#primaryimage"},"thumbnailUrl":"https:\/\/fuentesfidedignas.com.mx\/wp-content\/uploads\/2025\/03\/GmXK2k-XEAAM3X9.jpeg","datePublished":"2025-03-19T00:11:03+00:00","dateModified":"2025-03-19T00:11:07+00:00","breadcrumb":{"@id":"https:\/\/fuentesfidedignas.com.mx\/index.php\/2025\/03\/18\/detienen-a-cuatro-presuntos-responsables-de-privar-de-la-libertad-a-una-persona-en-culiacan\/#breadcrumb"},"inLanguage":"es","potentialAction":[{"@type":"ReadAction","target":["https:\/\/fuentesfidedignas.com.mx\/index.php\/2025\/03\/18\/detienen-a-cuatro-presuntos-responsables-de-privar-de-la-libertad-a-una-persona-en-culiacan\/"]}]},{"@type":"ImageObject","inLanguage":"es","@id":"https:\/\/fuentesfidedignas.com.mx\/index.php\/2025\/03\/18\/detienen-a-cuatro-presuntos-responsables-de-privar-de-la-libertad-a-una-persona-en-culiacan\/#primaryimage","url":"https:\/\/fuentesfidedignas.com.mx\/wp-content\/uploads\/2025\/03\/GmXK2k-XEAAM3X9.jpeg","contentUrl":"https:\/\/fuentesfidedignas.com.mx\/wp-content\/uploads\/2025\/03\/GmXK2k-XEAAM3X9.jpeg","width":600,"height":608},{"@type":"BreadcrumbList","@id":"https:\/\/fuentesfidedignas.com.mx\/index.php\/2025\/03\/18\/detienen-a-cuatro-presuntos-responsables-de-privar-de-la-libertad-a-una-persona-en-culiacan\/#breadcrumb","itemListElement":[{"@type":"ListItem","position":1,"name":"Inicio","item":"https:\/\/fuentesfidedignas.com.mx\/"},{"@type":"ListItem","position":2,"name":"Detienen a cuatro presuntos responsables de privar de la libertad a una persona en Culiac\u00e1n"}]},{"@type":"WebSite","@id":"https:\/\/fuentesfidedignas.com.mx\/#website","url":"https:\/\/fuentesfidedignas.com.mx\/","name":"Fuentes Fidedignas","description":"Otro sitio realizado con WordPress","publisher":{"@id":"https:\/\/fuentesfidedignas.com.mx\/#organization"},"potentialAction":[{"@type":"SearchAction","target":{"@type":"EntryPoint","urlTemplate":"https:\/\/fuentesfidedignas.com.mx\/?s={search_term_string}"},"query-input":{"@type":"PropertyValueSpecification","valueRequired":true,"valueName":"search_term_string"}}],"inLanguage":"es"},{"@type":"Organization","@id":"https:\/\/fuentesfidedignas.com.mx\/#organization","name":"Fuentes Fidedignas","url":"https:\/\/fuentesfidedignas.com.mx\/","logo":{"@type":"ImageObject","inLanguage":"es","@id":"https:\/\/fuentesfidedignas.com.mx\/#\/schema\/logo\/image\/","url":"https:\/\/fuentesfidedignas.com.mx\/wp-content\/uploads\/2021\/04\/logo-retina.png","contentUrl":"https:\/\/fuentesfidedignas.com.mx\/wp-content\/uploads\/2021\/04\/logo-retina.png","width":280,"height":51,"caption":"Fuentes Fidedignas"},"image":{"@id":"https:\/\/fuentesfidedignas.com.mx\/#\/schema\/logo\/image\/"},"sameAs":["https:\/\/www.facebook.com\/Fuentes-Fidedignas-368234489921644","https:\/\/x.com\/fidedignas"]},{"@type":"Person","@id":"https:\/\/fuentesfidedignas.com.mx\/#\/schema\/person\/331be9283d37198e2acd5750279085b0","name":"Redacci\u00f3n","image":{"@type":"ImageObject","inLanguage":"es","@id":"https:\/\/secure.gravatar.com\/avatar\/f6d8782c11d12b2d4ad3fbb6931aeab5309937a4d6cd2fc9cfaa28a6396a5aec?s=96&d=mm&r=g","url":"https:\/\/secure.gravatar.com\/avatar\/f6d8782c11d12b2d4ad3fbb6931aeab5309937a4d6cd2fc9cfaa28a6396a5aec?s=96&d=mm&r=g","contentUrl":"https:\/\/secure.gravatar.com\/avatar\/f6d8782c11d12b2d4ad3fbb6931aeab5309937a4d6cd2fc9cfaa28a6396a5aec?s=96&d=mm&r=g","caption":"Redacci\u00f3n"},"url":"https:\/\/fuentesfidedignas.com.mx\/index.php\/author\/redaccion\/"}]}},"_links":{"self":[{"href":"https:\/\/fuentesfidedignas.com.mx\/index.php\/wp-json\/wp\/v2\/posts\/104149","targetHints":{"allow":["GET"]}}],"collection":[{"href":"https:\/\/fuentesfidedignas.com.mx\/index.php\/wp-json\/wp\/v2\/posts"}],"about":[{"href":"https:\/\/fuentesfidedignas.com.mx\/index.php\/wp-json\/wp\/v2\/types\/post"}],"author":[{"embeddable":true,"href":"https:\/\/fuentesfidedignas.com.mx\/index.php\/wp-json\/wp\/v2\/users\/4"}],"replies":[{"embeddable":true,"href":"https:\/\/fuentesfidedignas.com.mx\/index.php\/wp-json\/wp\/v2\/comments?post=104149"}],"version-history":[{"count":1,"href":"https:\/\/fuentesfidedignas.com.mx\/index.php\/wp-json\/wp\/v2\/posts\/104149\/revisions"}],"predecessor-version":[{"id":104151,"href":"https:\/\/fuentesfidedignas.com.mx\/index.php\/wp-json\/wp\/v2\/posts\/104149\/revisions\/104151"}],"wp:featuredmedia":[{"embeddable":true,"href":"https:\/\/fuentesfidedignas.com.mx\/index.php\/wp-json\/wp\/v2\/media\/104150"}],"wp:attachment":[{"href":"https:\/\/fuentesfidedignas.com.mx\/index.php\/wp-json\/wp\/v2\/media?parent=104149"}],"wp:term":[{"taxonomy":"category","embeddable":true,"href":"https:\/\/fuentesfidedignas.com.mx\/index.php\/wp-json\/wp\/v2\/categories?post=104149"},{"taxonomy":"post_tag","embeddable":true,"href":"https:\/\/fuentesfidedignas.com.mx\/index.php\/wp-json\/wp\/v2\/tags?post=104149"}],"curies":[{"name":"wp","href":"https:\/\/api.w.org\/{rel}","templated":true}]}}