{"id":104121,"date":"2025-03-18T12:20:43","date_gmt":"2025-03-18T19:20:43","guid":{"rendered":"https:\/\/fuentesfidedignas.com.mx\/?p=104121"},"modified":"2025-03-18T12:20:43","modified_gmt":"2025-03-18T19:20:43","slug":"saldo-blanco-durante-el-carnaval-y-el-puente-vacacional-en-el-fuerte","status":"publish","type":"post","link":"https:\/\/fuentesfidedignas.com.mx\/index.php\/2025\/03\/18\/saldo-blanco-durante-el-carnaval-y-el-puente-vacacional-en-el-fuerte\/","title":{"rendered":"Saldo blanco durante el Carnaval y el puente vacacional en El Fuerte"},"content":{"rendered":"\n<p><strong><em>Autoridades municipales reportan un fin de semana seguro y sin incidentes mayores en las festividades y actividades tur\u00edsticas<\/em><\/strong><\/p>\n\n\n\n<p>El Fuerte, Sinaloa.- El Gobierno Municipal de El Fuerte, encabezado por el alcalde Gildardo Leyva Ortega, inform\u00f3 que el operativo de seguridad implementado durante el Carnaval El Fuerte 2025 y el puente vacacional concluy\u00f3 con saldo blanco, garantizando la tranquilidad de la ciudadan\u00eda y los visitantes.<\/p>\n\n\n\n<p>El director de Seguridad P\u00fablica y Tr\u00e1nsito Municipal, Natanael Telles Ibarra, detall\u00f3 que el operativo finaliz\u00f3 hasta el d\u00eda de ayer lunes 17 de marzo, ya que a\u00fan se encontraban turistas en el municipio. Para su protecci\u00f3n, se realizaron recorridos en carretera con el objetivo de asegurar que regresaran con bien a sus destinos.<\/p>\n\n\n\n<p>Gracias a la coordinaci\u00f3n entre Seguridad P\u00fablica, Protecci\u00f3n Civil municipal y del estado, Cruz Roja, Bomberos, SEDENA, Guardia Nacional y dem\u00e1s corporaciones, se logr\u00f3 mantener el orden en los eventos masivos y en los principales puntos tur\u00edsticos del municipio. La vigilancia permanente en los desfiles, coronaciones y en la tradicional feria permiti\u00f3 que las familias disfrutaran de un ambiente seguro y de sana convivencia.<\/p>\n\n\n\n<p>El alcalde Gildardo Leyva Ortega destac\u00f3 el esfuerzo conjunto de las instituciones de seguridad y emergencias, as\u00ed como la responsabilidad de la ciudadan\u00eda, que contribuy\u00f3 a que las festividades transcurrieran sin incidentes.<\/p>\n\n\n\n<p>\u201cNuestro compromiso es seguir garantizando la tranquilidad de locales y visitantes en cada evento de nuestro municipio\u201d, expres\u00f3.<\/p>\n\n\n\n<p>Con este resultado positivo, El Fuerte reafirma su compromiso con la seguridad y el turismo, promoviendo actividades que fortalecen la identidad y tradici\u00f3n del Pueblo M\u00e1gico.<\/p>\n","protected":false},"excerpt":{"rendered":"<p>Autoridades municipales reportan un fin de semana seguro y sin incidentes mayores en las festividades y actividades tur\u00edsticas El Fuerte, Sinaloa.- El Gobierno Municipal de El Fuerte, encabezado por el alcalde Gildardo Leyva Ortega, inform\u00f3 que el operativo de seguridad implementado durante el Carnaval El Fuerte 2025 y el puente vacacional concluy\u00f3 con saldo blanco, [&hellip;]<\/p>\n","protected":false},"author":4,"featured_media":104120,"comment_status":"closed","ping_status":"open","sticky":false,"template":"","format":"standard","meta":{"tdm_status":"","tdm_grid_status":"","footnotes":""},"categories":[38],"tags":[],"class_list":{"0":"post-104121","1":"post","2":"type-post","3":"status-publish","4":"format-standard","5":"has-post-thumbnail","7":"category-noticias-locales"},"yoast_head":"<!-- This site is optimized with the Yoast SEO plugin v27.5 - https:\/\/yoast.com\/product\/yoast-seo-wordpress\/ -->\n<title>Saldo blanco durante el Carnaval y el puente vacacional en El Fuerte - Fuentes Fidedignas<\/title>\n<meta name=\"robots\" content=\"index, follow, max-snippet:-1, max-image-preview:large, max-video-preview:-1\" \/>\n<link rel=\"canonical\" href=\"https:\/\/fuentesfidedignas.com.mx\/index.php\/2025\/03\/18\/saldo-blanco-durante-el-carnaval-y-el-puente-vacacional-en-el-fuerte\/\" \/>\n<meta property=\"og:locale\" content=\"es_MX\" \/>\n<meta property=\"og:type\" content=\"article\" \/>\n<meta property=\"og:title\" content=\"Saldo blanco durante el Carnaval y el puente vacacional en El Fuerte - Fuentes Fidedignas\" \/>\n<meta property=\"og:description\" content=\"Autoridades municipales reportan un fin de semana seguro y sin incidentes mayores en las festividades y actividades tur\u00edsticas El Fuerte, Sinaloa.- El Gobierno Municipal de El Fuerte, encabezado por el alcalde Gildardo Leyva Ortega, inform\u00f3 que el operativo de seguridad implementado durante el Carnaval El Fuerte 2025 y el puente vacacional concluy\u00f3 con saldo blanco, [&hellip;]\" \/>\n<meta property=\"og:url\" content=\"https:\/\/fuentesfidedignas.com.mx\/index.php\/2025\/03\/18\/saldo-blanco-durante-el-carnaval-y-el-puente-vacacional-en-el-fuerte\/\" \/>\n<meta property=\"og:site_name\" content=\"Fuentes Fidedignas\" \/>\n<meta property=\"article:publisher\" content=\"https:\/\/www.facebook.com\/Fuentes-Fidedignas-368234489921644\" \/>\n<meta property=\"article:published_time\" content=\"2025-03-18T19:20:43+00:00\" \/>\n<meta property=\"og:image\" content=\"https:\/\/fuentesfidedignas.com.mx\/wp-content\/uploads\/2025\/03\/c0da1a95-5350-4ec2-8200-a83a47390cef-1.jpg\" \/>\n\t<meta property=\"og:image:width\" content=\"1600\" \/>\n\t<meta property=\"og:image:height\" content=\"1200\" \/>\n\t<meta property=\"og:image:type\" content=\"image\/jpeg\" \/>\n<meta name=\"author\" content=\"Redacci\u00f3n\" \/>\n<meta name=\"twitter:card\" content=\"summary_large_image\" \/>\n<meta name=\"twitter:creator\" content=\"@fidedignas\" \/>\n<meta name=\"twitter:site\" content=\"@fidedignas\" \/>\n<meta name=\"twitter:label1\" content=\"Escrito por\" \/>\n\t<meta name=\"twitter:data1\" content=\"Redacci\u00f3n\" \/>\n\t<meta name=\"twitter:label2\" content=\"Tiempo de lectura\" \/>\n\t<meta name=\"twitter:data2\" content=\"1 minuto\" \/>\n<script type=\"application\/ld+json\" class=\"yoast-schema-graph\">{\"@context\":\"https:\\\/\\\/schema.org\",\"@graph\":[{\"@type\":\"Article\",\"@id\":\"https:\\\/\\\/fuentesfidedignas.com.mx\\\/index.php\\\/2025\\\/03\\\/18\\\/saldo-blanco-durante-el-carnaval-y-el-puente-vacacional-en-el-fuerte\\\/#article\",\"isPartOf\":{\"@id\":\"https:\\\/\\\/fuentesfidedignas.com.mx\\\/index.php\\\/2025\\\/03\\\/18\\\/saldo-blanco-durante-el-carnaval-y-el-puente-vacacional-en-el-fuerte\\\/\"},\"author\":{\"name\":\"Redacci\u00f3n\",\"@id\":\"https:\\\/\\\/fuentesfidedignas.com.mx\\\/#\\\/schema\\\/person\\\/331be9283d37198e2acd5750279085b0\"},\"headline\":\"Saldo blanco durante el Carnaval y el puente vacacional en El Fuerte\",\"datePublished\":\"2025-03-18T19:20:43+00:00\",\"mainEntityOfPage\":{\"@id\":\"https:\\\/\\\/fuentesfidedignas.com.mx\\\/index.php\\\/2025\\\/03\\\/18\\\/saldo-blanco-durante-el-carnaval-y-el-puente-vacacional-en-el-fuerte\\\/\"},\"wordCount\":284,\"publisher\":{\"@id\":\"https:\\\/\\\/fuentesfidedignas.com.mx\\\/#organization\"},\"image\":{\"@id\":\"https:\\\/\\\/fuentesfidedignas.com.mx\\\/index.php\\\/2025\\\/03\\\/18\\\/saldo-blanco-durante-el-carnaval-y-el-puente-vacacional-en-el-fuerte\\\/#primaryimage\"},\"thumbnailUrl\":\"https:\\\/\\\/fuentesfidedignas.com.mx\\\/wp-content\\\/uploads\\\/2025\\\/03\\\/c0da1a95-5350-4ec2-8200-a83a47390cef-1.jpg\",\"articleSection\":[\"NOTICIAS LOCALES\"],\"inLanguage\":\"es\"},{\"@type\":\"WebPage\",\"@id\":\"https:\\\/\\\/fuentesfidedignas.com.mx\\\/index.php\\\/2025\\\/03\\\/18\\\/saldo-blanco-durante-el-carnaval-y-el-puente-vacacional-en-el-fuerte\\\/\",\"url\":\"https:\\\/\\\/fuentesfidedignas.com.mx\\\/index.php\\\/2025\\\/03\\\/18\\\/saldo-blanco-durante-el-carnaval-y-el-puente-vacacional-en-el-fuerte\\\/\",\"name\":\"Saldo blanco durante el Carnaval y el puente vacacional en El Fuerte - Fuentes Fidedignas\",\"isPartOf\":{\"@id\":\"https:\\\/\\\/fuentesfidedignas.com.mx\\\/#website\"},\"primaryImageOfPage\":{\"@id\":\"https:\\\/\\\/fuentesfidedignas.com.mx\\\/index.php\\\/2025\\\/03\\\/18\\\/saldo-blanco-durante-el-carnaval-y-el-puente-vacacional-en-el-fuerte\\\/#primaryimage\"},\"image\":{\"@id\":\"https:\\\/\\\/fuentesfidedignas.com.mx\\\/index.php\\\/2025\\\/03\\\/18\\\/saldo-blanco-durante-el-carnaval-y-el-puente-vacacional-en-el-fuerte\\\/#primaryimage\"},\"thumbnailUrl\":\"https:\\\/\\\/fuentesfidedignas.com.mx\\\/wp-content\\\/uploads\\\/2025\\\/03\\\/c0da1a95-5350-4ec2-8200-a83a47390cef-1.jpg\",\"datePublished\":\"2025-03-18T19:20:43+00:00\",\"breadcrumb\":{\"@id\":\"https:\\\/\\\/fuentesfidedignas.com.mx\\\/index.php\\\/2025\\\/03\\\/18\\\/saldo-blanco-durante-el-carnaval-y-el-puente-vacacional-en-el-fuerte\\\/#breadcrumb\"},\"inLanguage\":\"es\",\"potentialAction\":[{\"@type\":\"ReadAction\",\"target\":[\"https:\\\/\\\/fuentesfidedignas.com.mx\\\/index.php\\\/2025\\\/03\\\/18\\\/saldo-blanco-durante-el-carnaval-y-el-puente-vacacional-en-el-fuerte\\\/\"]}]},{\"@type\":\"ImageObject\",\"inLanguage\":\"es\",\"@id\":\"https:\\\/\\\/fuentesfidedignas.com.mx\\\/index.php\\\/2025\\\/03\\\/18\\\/saldo-blanco-durante-el-carnaval-y-el-puente-vacacional-en-el-fuerte\\\/#primaryimage\",\"url\":\"https:\\\/\\\/fuentesfidedignas.com.mx\\\/wp-content\\\/uploads\\\/2025\\\/03\\\/c0da1a95-5350-4ec2-8200-a83a47390cef-1.jpg\",\"contentUrl\":\"https:\\\/\\\/fuentesfidedignas.com.mx\\\/wp-content\\\/uploads\\\/2025\\\/03\\\/c0da1a95-5350-4ec2-8200-a83a47390cef-1.jpg\",\"width\":1600,\"height\":1200},{\"@type\":\"BreadcrumbList\",\"@id\":\"https:\\\/\\\/fuentesfidedignas.com.mx\\\/index.php\\\/2025\\\/03\\\/18\\\/saldo-blanco-durante-el-carnaval-y-el-puente-vacacional-en-el-fuerte\\\/#breadcrumb\",\"itemListElement\":[{\"@type\":\"ListItem\",\"position\":1,\"name\":\"Inicio\",\"item\":\"https:\\\/\\\/fuentesfidedignas.com.mx\\\/\"},{\"@type\":\"ListItem\",\"position\":2,\"name\":\"Saldo blanco durante el Carnaval y el puente vacacional en El Fuerte\"}]},{\"@type\":\"WebSite\",\"@id\":\"https:\\\/\\\/fuentesfidedignas.com.mx\\\/#website\",\"url\":\"https:\\\/\\\/fuentesfidedignas.com.mx\\\/\",\"name\":\"Fuentes Fidedignas\",\"description\":\"Otro sitio realizado con WordPress\",\"publisher\":{\"@id\":\"https:\\\/\\\/fuentesfidedignas.com.mx\\\/#organization\"},\"potentialAction\":[{\"@type\":\"SearchAction\",\"target\":{\"@type\":\"EntryPoint\",\"urlTemplate\":\"https:\\\/\\\/fuentesfidedignas.com.mx\\\/?s={search_term_string}\"},\"query-input\":{\"@type\":\"PropertyValueSpecification\",\"valueRequired\":true,\"valueName\":\"search_term_string\"}}],\"inLanguage\":\"es\"},{\"@type\":\"Organization\",\"@id\":\"https:\\\/\\\/fuentesfidedignas.com.mx\\\/#organization\",\"name\":\"Fuentes Fidedignas\",\"url\":\"https:\\\/\\\/fuentesfidedignas.com.mx\\\/\",\"logo\":{\"@type\":\"ImageObject\",\"inLanguage\":\"es\",\"@id\":\"https:\\\/\\\/fuentesfidedignas.com.mx\\\/#\\\/schema\\\/logo\\\/image\\\/\",\"url\":\"https:\\\/\\\/fuentesfidedignas.com.mx\\\/wp-content\\\/uploads\\\/2021\\\/04\\\/logo-retina.png\",\"contentUrl\":\"https:\\\/\\\/fuentesfidedignas.com.mx\\\/wp-content\\\/uploads\\\/2021\\\/04\\\/logo-retina.png\",\"width\":280,\"height\":51,\"caption\":\"Fuentes Fidedignas\"},\"image\":{\"@id\":\"https:\\\/\\\/fuentesfidedignas.com.mx\\\/#\\\/schema\\\/logo\\\/image\\\/\"},\"sameAs\":[\"https:\\\/\\\/www.facebook.com\\\/Fuentes-Fidedignas-368234489921644\",\"https:\\\/\\\/x.com\\\/fidedignas\"]},{\"@type\":\"Person\",\"@id\":\"https:\\\/\\\/fuentesfidedignas.com.mx\\\/#\\\/schema\\\/person\\\/331be9283d37198e2acd5750279085b0\",\"name\":\"Redacci\u00f3n\",\"image\":{\"@type\":\"ImageObject\",\"inLanguage\":\"es\",\"@id\":\"https:\\\/\\\/secure.gravatar.com\\\/avatar\\\/f6d8782c11d12b2d4ad3fbb6931aeab5309937a4d6cd2fc9cfaa28a6396a5aec?s=96&d=mm&r=g\",\"url\":\"https:\\\/\\\/secure.gravatar.com\\\/avatar\\\/f6d8782c11d12b2d4ad3fbb6931aeab5309937a4d6cd2fc9cfaa28a6396a5aec?s=96&d=mm&r=g\",\"contentUrl\":\"https:\\\/\\\/secure.gravatar.com\\\/avatar\\\/f6d8782c11d12b2d4ad3fbb6931aeab5309937a4d6cd2fc9cfaa28a6396a5aec?s=96&d=mm&r=g\",\"caption\":\"Redacci\u00f3n\"},\"url\":\"https:\\\/\\\/fuentesfidedignas.com.mx\\\/index.php\\\/author\\\/redaccion\\\/\"}]}<\/script>\n<!-- \/ Yoast SEO plugin. -->","yoast_head_json":{"title":"Saldo blanco durante el Carnaval y el puente vacacional en El Fuerte - Fuentes Fidedignas","robots":{"index":"index","follow":"follow","max-snippet":"max-snippet:-1","max-image-preview":"max-image-preview:large","max-video-preview":"max-video-preview:-1"},"canonical":"https:\/\/fuentesfidedignas.com.mx\/index.php\/2025\/03\/18\/saldo-blanco-durante-el-carnaval-y-el-puente-vacacional-en-el-fuerte\/","og_locale":"es_MX","og_type":"article","og_title":"Saldo blanco durante el Carnaval y el puente vacacional en El Fuerte - Fuentes Fidedignas","og_description":"Autoridades municipales reportan un fin de semana seguro y sin incidentes mayores en las festividades y actividades tur\u00edsticas El Fuerte, Sinaloa.- El Gobierno Municipal de El Fuerte, encabezado por el alcalde Gildardo Leyva Ortega, inform\u00f3 que el operativo de seguridad implementado durante el Carnaval El Fuerte 2025 y el puente vacacional concluy\u00f3 con saldo blanco, [&hellip;]","og_url":"https:\/\/fuentesfidedignas.com.mx\/index.php\/2025\/03\/18\/saldo-blanco-durante-el-carnaval-y-el-puente-vacacional-en-el-fuerte\/","og_site_name":"Fuentes Fidedignas","article_publisher":"https:\/\/www.facebook.com\/Fuentes-Fidedignas-368234489921644","article_published_time":"2025-03-18T19:20:43+00:00","og_image":[{"width":1600,"height":1200,"url":"https:\/\/fuentesfidedignas.com.mx\/wp-content\/uploads\/2025\/03\/c0da1a95-5350-4ec2-8200-a83a47390cef-1.jpg","type":"image\/jpeg"}],"author":"Redacci\u00f3n","twitter_card":"summary_large_image","twitter_creator":"@fidedignas","twitter_site":"@fidedignas","twitter_misc":{"Escrito por":"Redacci\u00f3n","Tiempo de lectura":"1 minuto"},"schema":{"@context":"https:\/\/schema.org","@graph":[{"@type":"Article","@id":"https:\/\/fuentesfidedignas.com.mx\/index.php\/2025\/03\/18\/saldo-blanco-durante-el-carnaval-y-el-puente-vacacional-en-el-fuerte\/#article","isPartOf":{"@id":"https:\/\/fuentesfidedignas.com.mx\/index.php\/2025\/03\/18\/saldo-blanco-durante-el-carnaval-y-el-puente-vacacional-en-el-fuerte\/"},"author":{"name":"Redacci\u00f3n","@id":"https:\/\/fuentesfidedignas.com.mx\/#\/schema\/person\/331be9283d37198e2acd5750279085b0"},"headline":"Saldo blanco durante el Carnaval y el puente vacacional en El Fuerte","datePublished":"2025-03-18T19:20:43+00:00","mainEntityOfPage":{"@id":"https:\/\/fuentesfidedignas.com.mx\/index.php\/2025\/03\/18\/saldo-blanco-durante-el-carnaval-y-el-puente-vacacional-en-el-fuerte\/"},"wordCount":284,"publisher":{"@id":"https:\/\/fuentesfidedignas.com.mx\/#organization"},"image":{"@id":"https:\/\/fuentesfidedignas.com.mx\/index.php\/2025\/03\/18\/saldo-blanco-durante-el-carnaval-y-el-puente-vacacional-en-el-fuerte\/#primaryimage"},"thumbnailUrl":"https:\/\/fuentesfidedignas.com.mx\/wp-content\/uploads\/2025\/03\/c0da1a95-5350-4ec2-8200-a83a47390cef-1.jpg","articleSection":["NOTICIAS LOCALES"],"inLanguage":"es"},{"@type":"WebPage","@id":"https:\/\/fuentesfidedignas.com.mx\/index.php\/2025\/03\/18\/saldo-blanco-durante-el-carnaval-y-el-puente-vacacional-en-el-fuerte\/","url":"https:\/\/fuentesfidedignas.com.mx\/index.php\/2025\/03\/18\/saldo-blanco-durante-el-carnaval-y-el-puente-vacacional-en-el-fuerte\/","name":"Saldo blanco durante el Carnaval y el puente vacacional en El Fuerte - Fuentes Fidedignas","isPartOf":{"@id":"https:\/\/fuentesfidedignas.com.mx\/#website"},"primaryImageOfPage":{"@id":"https:\/\/fuentesfidedignas.com.mx\/index.php\/2025\/03\/18\/saldo-blanco-durante-el-carnaval-y-el-puente-vacacional-en-el-fuerte\/#primaryimage"},"image":{"@id":"https:\/\/fuentesfidedignas.com.mx\/index.php\/2025\/03\/18\/saldo-blanco-durante-el-carnaval-y-el-puente-vacacional-en-el-fuerte\/#primaryimage"},"thumbnailUrl":"https:\/\/fuentesfidedignas.com.mx\/wp-content\/uploads\/2025\/03\/c0da1a95-5350-4ec2-8200-a83a47390cef-1.jpg","datePublished":"2025-03-18T19:20:43+00:00","breadcrumb":{"@id":"https:\/\/fuentesfidedignas.com.mx\/index.php\/2025\/03\/18\/saldo-blanco-durante-el-carnaval-y-el-puente-vacacional-en-el-fuerte\/#breadcrumb"},"inLanguage":"es","potentialAction":[{"@type":"ReadAction","target":["https:\/\/fuentesfidedignas.com.mx\/index.php\/2025\/03\/18\/saldo-blanco-durante-el-carnaval-y-el-puente-vacacional-en-el-fuerte\/"]}]},{"@type":"ImageObject","inLanguage":"es","@id":"https:\/\/fuentesfidedignas.com.mx\/index.php\/2025\/03\/18\/saldo-blanco-durante-el-carnaval-y-el-puente-vacacional-en-el-fuerte\/#primaryimage","url":"https:\/\/fuentesfidedignas.com.mx\/wp-content\/uploads\/2025\/03\/c0da1a95-5350-4ec2-8200-a83a47390cef-1.jpg","contentUrl":"https:\/\/fuentesfidedignas.com.mx\/wp-content\/uploads\/2025\/03\/c0da1a95-5350-4ec2-8200-a83a47390cef-1.jpg","width":1600,"height":1200},{"@type":"BreadcrumbList","@id":"https:\/\/fuentesfidedignas.com.mx\/index.php\/2025\/03\/18\/saldo-blanco-durante-el-carnaval-y-el-puente-vacacional-en-el-fuerte\/#breadcrumb","itemListElement":[{"@type":"ListItem","position":1,"name":"Inicio","item":"https:\/\/fuentesfidedignas.com.mx\/"},{"@type":"ListItem","position":2,"name":"Saldo blanco durante el Carnaval y el puente vacacional en El Fuerte"}]},{"@type":"WebSite","@id":"https:\/\/fuentesfidedignas.com.mx\/#website","url":"https:\/\/fuentesfidedignas.com.mx\/","name":"Fuentes Fidedignas","description":"Otro sitio realizado con WordPress","publisher":{"@id":"https:\/\/fuentesfidedignas.com.mx\/#organization"},"potentialAction":[{"@type":"SearchAction","target":{"@type":"EntryPoint","urlTemplate":"https:\/\/fuentesfidedignas.com.mx\/?s={search_term_string}"},"query-input":{"@type":"PropertyValueSpecification","valueRequired":true,"valueName":"search_term_string"}}],"inLanguage":"es"},{"@type":"Organization","@id":"https:\/\/fuentesfidedignas.com.mx\/#organization","name":"Fuentes Fidedignas","url":"https:\/\/fuentesfidedignas.com.mx\/","logo":{"@type":"ImageObject","inLanguage":"es","@id":"https:\/\/fuentesfidedignas.com.mx\/#\/schema\/logo\/image\/","url":"https:\/\/fuentesfidedignas.com.mx\/wp-content\/uploads\/2021\/04\/logo-retina.png","contentUrl":"https:\/\/fuentesfidedignas.com.mx\/wp-content\/uploads\/2021\/04\/logo-retina.png","width":280,"height":51,"caption":"Fuentes Fidedignas"},"image":{"@id":"https:\/\/fuentesfidedignas.com.mx\/#\/schema\/logo\/image\/"},"sameAs":["https:\/\/www.facebook.com\/Fuentes-Fidedignas-368234489921644","https:\/\/x.com\/fidedignas"]},{"@type":"Person","@id":"https:\/\/fuentesfidedignas.com.mx\/#\/schema\/person\/331be9283d37198e2acd5750279085b0","name":"Redacci\u00f3n","image":{"@type":"ImageObject","inLanguage":"es","@id":"https:\/\/secure.gravatar.com\/avatar\/f6d8782c11d12b2d4ad3fbb6931aeab5309937a4d6cd2fc9cfaa28a6396a5aec?s=96&d=mm&r=g","url":"https:\/\/secure.gravatar.com\/avatar\/f6d8782c11d12b2d4ad3fbb6931aeab5309937a4d6cd2fc9cfaa28a6396a5aec?s=96&d=mm&r=g","contentUrl":"https:\/\/secure.gravatar.com\/avatar\/f6d8782c11d12b2d4ad3fbb6931aeab5309937a4d6cd2fc9cfaa28a6396a5aec?s=96&d=mm&r=g","caption":"Redacci\u00f3n"},"url":"https:\/\/fuentesfidedignas.com.mx\/index.php\/author\/redaccion\/"}]}},"_links":{"self":[{"href":"https:\/\/fuentesfidedignas.com.mx\/index.php\/wp-json\/wp\/v2\/posts\/104121","targetHints":{"allow":["GET"]}}],"collection":[{"href":"https:\/\/fuentesfidedignas.com.mx\/index.php\/wp-json\/wp\/v2\/posts"}],"about":[{"href":"https:\/\/fuentesfidedignas.com.mx\/index.php\/wp-json\/wp\/v2\/types\/post"}],"author":[{"embeddable":true,"href":"https:\/\/fuentesfidedignas.com.mx\/index.php\/wp-json\/wp\/v2\/users\/4"}],"replies":[{"embeddable":true,"href":"https:\/\/fuentesfidedignas.com.mx\/index.php\/wp-json\/wp\/v2\/comments?post=104121"}],"version-history":[{"count":1,"href":"https:\/\/fuentesfidedignas.com.mx\/index.php\/wp-json\/wp\/v2\/posts\/104121\/revisions"}],"predecessor-version":[{"id":104122,"href":"https:\/\/fuentesfidedignas.com.mx\/index.php\/wp-json\/wp\/v2\/posts\/104121\/revisions\/104122"}],"wp:featuredmedia":[{"embeddable":true,"href":"https:\/\/fuentesfidedignas.com.mx\/index.php\/wp-json\/wp\/v2\/media\/104120"}],"wp:attachment":[{"href":"https:\/\/fuentesfidedignas.com.mx\/index.php\/wp-json\/wp\/v2\/media?parent=104121"}],"wp:term":[{"taxonomy":"category","embeddable":true,"href":"https:\/\/fuentesfidedignas.com.mx\/index.php\/wp-json\/wp\/v2\/categories?post=104121"},{"taxonomy":"post_tag","embeddable":true,"href":"https:\/\/fuentesfidedignas.com.mx\/index.php\/wp-json\/wp\/v2\/tags?post=104121"}],"curies":[{"name":"wp","href":"https:\/\/api.w.org\/{rel}","templated":true}]}}