{"id":104103,"date":"2025-03-18T08:10:23","date_gmt":"2025-03-18T15:10:23","guid":{"rendered":"https:\/\/fuentesfidedignas.com.mx\/?p=104103"},"modified":"2025-03-18T08:10:32","modified_gmt":"2025-03-18T15:10:32","slug":"avioneta-con-18-personas-cae-al-mar-en-honduras-al-menos-seis-fallecidos","status":"publish","type":"post","link":"https:\/\/fuentesfidedignas.com.mx\/index.php\/2025\/03\/18\/avioneta-con-18-personas-cae-al-mar-en-honduras-al-menos-seis-fallecidos\/","title":{"rendered":"Avioneta con 18 personas cae al mar en Honduras; al menos seis fallecidos"},"content":{"rendered":"\n<p><strong><em>La avioneta se precipit\u00f3 al mar, debido a una falla t\u00e9cnica.<\/em><\/strong><\/p>\n\n\n\n<p>ROAT\u00c1N, Honduras.- Una avioneta de la empresa Lanhsa, con 18 personas a bordo (15 pasajeros y tres tripulantes), perdi\u00f3 el control y cay\u00f3 al mar la tarde de este lunes tras despegar desde la isla hondure\u00f1a de Roat\u00e1n. El accidente dej\u00f3 al menos seis personas fallecidas, inform\u00f3 Octavio Pineda, ministro de Infraestructura y Transporte de Honduras.<\/p>\n\n\n\n<blockquote class=\"twitter-tweet\"><p lang=\"es\" dir=\"ltr\"><a href=\"https:\/\/twitter.com\/hashtag\/operacionmaritima?src=hash&amp;ref_src=twsrc%5Etfw\">#operacionmaritima<\/a> <br>Personal asignado en el Apostadero Naval de Roat\u00e1n apoya en la b\u00fasqueda y rescate de los pasajeros que viajaban en una aeronave de la aerol\u00ednea Lanhsa, que cay\u00f3 al mar luego de salirse de la pista de aterrizaje del Aeropuerto Internacional Juan Manuel G\u00e1lvez. <a href=\"https:\/\/t.co\/6Iq0UFM0GI\">pic.twitter.com\/6Iq0UFM0GI<\/a><\/p>&mdash; Fuerza Naval de Honduras (@FuerzaNavalHND) <a href=\"https:\/\/twitter.com\/FuerzaNavalHND\/status\/1901812895660327209?ref_src=twsrc%5Etfw\">March 18, 2025<\/a><\/blockquote> <script async src=\"https:\/\/platform.twitter.com\/widgets.js\" charset=\"utf-8\"><\/script>\n\n\n\n<p>El accidente dej\u00f3 al menos seis personas fallecidas, inform\u00f3 el ministro de Infraestructura y Transporte de Honduras<\/p>\n\n\n\n<p>La aeronave realizaba un vuelo local desde el aeropuerto internacional Juan Manuel G\u00e1lvez, en Roat\u00e1n, con destino a la ciudad de La Ceiba. Seg\u00fan Miroslava Cerpas, comisionada presidenta del Sistema Nacional de Emergencias 911, la avioneta perdi\u00f3 fuerza en sus motores poco despu\u00e9s de despegar y se precipit\u00f3 al mar aproximadamente a un kil\u00f3metro de la pista a\u00e9rea.<\/p>\n\n\n\n<figure class=\"wp-block-embed is-type-rich is-provider-twitter wp-block-embed-twitter\"><div class=\"wp-block-embed__wrapper\">\n<blockquote class=\"twitter-tweet\" data-width=\"550\" data-dnt=\"true\"><p lang=\"es\" dir=\"ltr\">Roatan se continua con las labores de busqueda <a href=\"https:\/\/t.co\/5OyMcDOm8z\">pic.twitter.com\/5OyMcDOm8z<\/a><\/p>&mdash; BOMBEROS HONDURAS (@BomberosHn) <a href=\"https:\/\/twitter.com\/BomberosHn\/status\/1901831464485888418?ref_src=twsrc%5Etfw\">March 18, 2025<\/a><\/blockquote><script async src=\"https:\/\/platform.twitter.com\/widgets.js\" charset=\"utf-8\"><\/script>\n<\/div><\/figure>\n\n\n\n<p>Las autoridades iniciaron de inmediato las labores de rescate y atenci\u00f3n a los sobrevivientes. Hasta el momento, se desconoce el estado de los dem\u00e1s ocupantes, pero se espera que las labores de b\u00fasqueda contin\u00faen para determinar el n\u00famero total de v\u00edctimas y sobrevivientes.<\/p>\n\n\n\n<p>El accidente ha conmocionado a la comunidad local y ha puesto en alerta a las autoridades aeron\u00e1uticas del pa\u00eds, quienes investigan las causas del fallo en los motores y las circunstancias que llevaron a la tragedia.<\/p>\n\n\n\n<blockquote class=\"twitter-tweet\"><p lang=\"es\" dir=\"ltr\">Por instrucciones de la Presidenta <a href=\"https:\/\/twitter.com\/XiomaraCastroZ?ref_src=twsrc%5Etfw\">@XiomaraCastroZ<\/a> , en coordinaci\u00f3n con la <a href=\"https:\/\/twitter.com\/cruzrojahon?ref_src=twsrc%5Etfw\">@cruzrojahon<\/a> , UME, el Cuerpo de <a href=\"https:\/\/twitter.com\/BomberosHn?ref_src=twsrc%5Etfw\">@BomberosHn<\/a> y la <a href=\"https:\/\/twitter.com\/PoliciaHonduras?ref_src=twsrc%5Etfw\">@PoliciaHonduras<\/a> , se brinda asistencia inmediata a las personas heridas tras el accidente a\u00e9reo ocurrido en Roat\u00e1n. <a href=\"https:\/\/t.co\/boxn4D5KJM\">pic.twitter.com\/boxn4D5KJM<\/a><\/p>&mdash; 911Honduras (@911Honduras) <a href=\"https:\/\/twitter.com\/911Honduras\/status\/1901809931075899473?ref_src=twsrc%5Etfw\">March 18, 2025<\/a><\/blockquote> <script async src=\"https:\/\/platform.twitter.com\/widgets.js\" charset=\"utf-8\"><\/script>\n","protected":false},"excerpt":{"rendered":"<p>La avioneta se precipit\u00f3 al mar, debido a una falla t\u00e9cnica. ROAT\u00c1N, Honduras.- Una avioneta de la empresa Lanhsa, con 18 personas a bordo (15 pasajeros y tres tripulantes), perdi\u00f3 el control y cay\u00f3 al mar la tarde de este lunes tras despegar desde la isla hondure\u00f1a de Roat\u00e1n. El accidente dej\u00f3 al menos seis [&hellip;]<\/p>\n","protected":false},"author":40,"featured_media":104104,"comment_status":"open","ping_status":"open","sticky":false,"template":"","format":"standard","meta":{"tdm_status":"","tdm_grid_status":"","footnotes":""},"categories":[39],"tags":[],"class_list":{"0":"post-104103","1":"post","2":"type-post","3":"status-publish","4":"format-standard","5":"has-post-thumbnail","7":"category-noticias-nacionales"},"yoast_head":"<!-- This site is optimized with the Yoast SEO plugin v27.5 - https:\/\/yoast.com\/product\/yoast-seo-wordpress\/ -->\n<title>Avioneta con 18 personas cae al mar en Honduras; al menos seis fallecidos - Fuentes Fidedignas<\/title>\n<meta name=\"robots\" content=\"index, follow, max-snippet:-1, max-image-preview:large, max-video-preview:-1\" \/>\n<link rel=\"canonical\" href=\"https:\/\/fuentesfidedignas.com.mx\/index.php\/2025\/03\/18\/avioneta-con-18-personas-cae-al-mar-en-honduras-al-menos-seis-fallecidos\/\" \/>\n<meta property=\"og:locale\" content=\"es_MX\" \/>\n<meta property=\"og:type\" content=\"article\" \/>\n<meta property=\"og:title\" content=\"Avioneta con 18 personas cae al mar en Honduras; al menos seis fallecidos - Fuentes Fidedignas\" \/>\n<meta property=\"og:description\" content=\"La avioneta se precipit\u00f3 al mar, debido a una falla t\u00e9cnica. ROAT\u00c1N, Honduras.- Una avioneta de la empresa Lanhsa, con 18 personas a bordo (15 pasajeros y tres tripulantes), perdi\u00f3 el control y cay\u00f3 al mar la tarde de este lunes tras despegar desde la isla hondure\u00f1a de Roat\u00e1n. El accidente dej\u00f3 al menos seis [&hellip;]\" \/>\n<meta property=\"og:url\" content=\"https:\/\/fuentesfidedignas.com.mx\/index.php\/2025\/03\/18\/avioneta-con-18-personas-cae-al-mar-en-honduras-al-menos-seis-fallecidos\/\" \/>\n<meta property=\"og:site_name\" content=\"Fuentes Fidedignas\" \/>\n<meta property=\"article:publisher\" content=\"https:\/\/www.facebook.com\/Fuentes-Fidedignas-368234489921644\" \/>\n<meta property=\"article:published_time\" content=\"2025-03-18T15:10:23+00:00\" \/>\n<meta property=\"article:modified_time\" content=\"2025-03-18T15:10:32+00:00\" \/>\n<meta property=\"og:image\" content=\"https:\/\/fuentesfidedignas.com.mx\/wp-content\/uploads\/2025\/03\/avioneta_Honduras.jpg\" \/>\n\t<meta property=\"og:image:width\" content=\"597\" \/>\n\t<meta property=\"og:image:height\" content=\"400\" \/>\n\t<meta property=\"og:image:type\" content=\"image\/jpeg\" \/>\n<meta name=\"author\" content=\"El Imparcial\" \/>\n<meta name=\"twitter:card\" content=\"summary_large_image\" \/>\n<meta name=\"twitter:creator\" content=\"@fidedignas\" \/>\n<meta name=\"twitter:site\" content=\"@fidedignas\" \/>\n<meta name=\"twitter:label1\" content=\"Escrito por\" \/>\n\t<meta name=\"twitter:data1\" content=\"El Imparcial\" \/>\n\t<meta name=\"twitter:label2\" content=\"Tiempo de lectura\" \/>\n\t<meta name=\"twitter:data2\" content=\"2 minutos\" \/>\n<script type=\"application\/ld+json\" class=\"yoast-schema-graph\">{\"@context\":\"https:\\\/\\\/schema.org\",\"@graph\":[{\"@type\":\"Article\",\"@id\":\"https:\\\/\\\/fuentesfidedignas.com.mx\\\/index.php\\\/2025\\\/03\\\/18\\\/avioneta-con-18-personas-cae-al-mar-en-honduras-al-menos-seis-fallecidos\\\/#article\",\"isPartOf\":{\"@id\":\"https:\\\/\\\/fuentesfidedignas.com.mx\\\/index.php\\\/2025\\\/03\\\/18\\\/avioneta-con-18-personas-cae-al-mar-en-honduras-al-menos-seis-fallecidos\\\/\"},\"author\":{\"name\":\"El Imparcial\",\"@id\":\"https:\\\/\\\/fuentesfidedignas.com.mx\\\/#\\\/schema\\\/person\\\/ff4db17f8fd9c584e0cfc2a0c436b8a1\"},\"headline\":\"Avioneta con 18 personas cae al mar en Honduras; al menos seis fallecidos\",\"datePublished\":\"2025-03-18T15:10:23+00:00\",\"dateModified\":\"2025-03-18T15:10:32+00:00\",\"mainEntityOfPage\":{\"@id\":\"https:\\\/\\\/fuentesfidedignas.com.mx\\\/index.php\\\/2025\\\/03\\\/18\\\/avioneta-con-18-personas-cae-al-mar-en-honduras-al-menos-seis-fallecidos\\\/\"},\"wordCount\":363,\"commentCount\":0,\"publisher\":{\"@id\":\"https:\\\/\\\/fuentesfidedignas.com.mx\\\/#organization\"},\"image\":{\"@id\":\"https:\\\/\\\/fuentesfidedignas.com.mx\\\/index.php\\\/2025\\\/03\\\/18\\\/avioneta-con-18-personas-cae-al-mar-en-honduras-al-menos-seis-fallecidos\\\/#primaryimage\"},\"thumbnailUrl\":\"https:\\\/\\\/fuentesfidedignas.com.mx\\\/wp-content\\\/uploads\\\/2025\\\/03\\\/avioneta_Honduras.jpg\",\"articleSection\":[\"NOTICIAS NACIONALES\"],\"inLanguage\":\"es\",\"potentialAction\":[{\"@type\":\"CommentAction\",\"name\":\"Comment\",\"target\":[\"https:\\\/\\\/fuentesfidedignas.com.mx\\\/index.php\\\/2025\\\/03\\\/18\\\/avioneta-con-18-personas-cae-al-mar-en-honduras-al-menos-seis-fallecidos\\\/#respond\"]}]},{\"@type\":\"WebPage\",\"@id\":\"https:\\\/\\\/fuentesfidedignas.com.mx\\\/index.php\\\/2025\\\/03\\\/18\\\/avioneta-con-18-personas-cae-al-mar-en-honduras-al-menos-seis-fallecidos\\\/\",\"url\":\"https:\\\/\\\/fuentesfidedignas.com.mx\\\/index.php\\\/2025\\\/03\\\/18\\\/avioneta-con-18-personas-cae-al-mar-en-honduras-al-menos-seis-fallecidos\\\/\",\"name\":\"Avioneta con 18 personas cae al mar en Honduras; al menos seis fallecidos - Fuentes Fidedignas\",\"isPartOf\":{\"@id\":\"https:\\\/\\\/fuentesfidedignas.com.mx\\\/#website\"},\"primaryImageOfPage\":{\"@id\":\"https:\\\/\\\/fuentesfidedignas.com.mx\\\/index.php\\\/2025\\\/03\\\/18\\\/avioneta-con-18-personas-cae-al-mar-en-honduras-al-menos-seis-fallecidos\\\/#primaryimage\"},\"image\":{\"@id\":\"https:\\\/\\\/fuentesfidedignas.com.mx\\\/index.php\\\/2025\\\/03\\\/18\\\/avioneta-con-18-personas-cae-al-mar-en-honduras-al-menos-seis-fallecidos\\\/#primaryimage\"},\"thumbnailUrl\":\"https:\\\/\\\/fuentesfidedignas.com.mx\\\/wp-content\\\/uploads\\\/2025\\\/03\\\/avioneta_Honduras.jpg\",\"datePublished\":\"2025-03-18T15:10:23+00:00\",\"dateModified\":\"2025-03-18T15:10:32+00:00\",\"breadcrumb\":{\"@id\":\"https:\\\/\\\/fuentesfidedignas.com.mx\\\/index.php\\\/2025\\\/03\\\/18\\\/avioneta-con-18-personas-cae-al-mar-en-honduras-al-menos-seis-fallecidos\\\/#breadcrumb\"},\"inLanguage\":\"es\",\"potentialAction\":[{\"@type\":\"ReadAction\",\"target\":[\"https:\\\/\\\/fuentesfidedignas.com.mx\\\/index.php\\\/2025\\\/03\\\/18\\\/avioneta-con-18-personas-cae-al-mar-en-honduras-al-menos-seis-fallecidos\\\/\"]}]},{\"@type\":\"ImageObject\",\"inLanguage\":\"es\",\"@id\":\"https:\\\/\\\/fuentesfidedignas.com.mx\\\/index.php\\\/2025\\\/03\\\/18\\\/avioneta-con-18-personas-cae-al-mar-en-honduras-al-menos-seis-fallecidos\\\/#primaryimage\",\"url\":\"https:\\\/\\\/fuentesfidedignas.com.mx\\\/wp-content\\\/uploads\\\/2025\\\/03\\\/avioneta_Honduras.jpg\",\"contentUrl\":\"https:\\\/\\\/fuentesfidedignas.com.mx\\\/wp-content\\\/uploads\\\/2025\\\/03\\\/avioneta_Honduras.jpg\",\"width\":597,\"height\":400},{\"@type\":\"BreadcrumbList\",\"@id\":\"https:\\\/\\\/fuentesfidedignas.com.mx\\\/index.php\\\/2025\\\/03\\\/18\\\/avioneta-con-18-personas-cae-al-mar-en-honduras-al-menos-seis-fallecidos\\\/#breadcrumb\",\"itemListElement\":[{\"@type\":\"ListItem\",\"position\":1,\"name\":\"Inicio\",\"item\":\"https:\\\/\\\/fuentesfidedignas.com.mx\\\/\"},{\"@type\":\"ListItem\",\"position\":2,\"name\":\"Avioneta con 18 personas cae al mar en Honduras; al menos seis fallecidos\"}]},{\"@type\":\"WebSite\",\"@id\":\"https:\\\/\\\/fuentesfidedignas.com.mx\\\/#website\",\"url\":\"https:\\\/\\\/fuentesfidedignas.com.mx\\\/\",\"name\":\"Fuentes Fidedignas\",\"description\":\"Otro sitio realizado con WordPress\",\"publisher\":{\"@id\":\"https:\\\/\\\/fuentesfidedignas.com.mx\\\/#organization\"},\"potentialAction\":[{\"@type\":\"SearchAction\",\"target\":{\"@type\":\"EntryPoint\",\"urlTemplate\":\"https:\\\/\\\/fuentesfidedignas.com.mx\\\/?s={search_term_string}\"},\"query-input\":{\"@type\":\"PropertyValueSpecification\",\"valueRequired\":true,\"valueName\":\"search_term_string\"}}],\"inLanguage\":\"es\"},{\"@type\":\"Organization\",\"@id\":\"https:\\\/\\\/fuentesfidedignas.com.mx\\\/#organization\",\"name\":\"Fuentes Fidedignas\",\"url\":\"https:\\\/\\\/fuentesfidedignas.com.mx\\\/\",\"logo\":{\"@type\":\"ImageObject\",\"inLanguage\":\"es\",\"@id\":\"https:\\\/\\\/fuentesfidedignas.com.mx\\\/#\\\/schema\\\/logo\\\/image\\\/\",\"url\":\"https:\\\/\\\/fuentesfidedignas.com.mx\\\/wp-content\\\/uploads\\\/2021\\\/04\\\/logo-retina.png\",\"contentUrl\":\"https:\\\/\\\/fuentesfidedignas.com.mx\\\/wp-content\\\/uploads\\\/2021\\\/04\\\/logo-retina.png\",\"width\":280,\"height\":51,\"caption\":\"Fuentes Fidedignas\"},\"image\":{\"@id\":\"https:\\\/\\\/fuentesfidedignas.com.mx\\\/#\\\/schema\\\/logo\\\/image\\\/\"},\"sameAs\":[\"https:\\\/\\\/www.facebook.com\\\/Fuentes-Fidedignas-368234489921644\",\"https:\\\/\\\/x.com\\\/fidedignas\"]},{\"@type\":\"Person\",\"@id\":\"https:\\\/\\\/fuentesfidedignas.com.mx\\\/#\\\/schema\\\/person\\\/ff4db17f8fd9c584e0cfc2a0c436b8a1\",\"name\":\"El Imparcial\",\"image\":{\"@type\":\"ImageObject\",\"inLanguage\":\"es\",\"@id\":\"https:\\\/\\\/secure.gravatar.com\\\/avatar\\\/accd6807585a75316c237ee783498317be6f66ab34c47c940966f26a3f613161?s=96&d=mm&r=g\",\"url\":\"https:\\\/\\\/secure.gravatar.com\\\/avatar\\\/accd6807585a75316c237ee783498317be6f66ab34c47c940966f26a3f613161?s=96&d=mm&r=g\",\"contentUrl\":\"https:\\\/\\\/secure.gravatar.com\\\/avatar\\\/accd6807585a75316c237ee783498317be6f66ab34c47c940966f26a3f613161?s=96&d=mm&r=g\",\"caption\":\"El Imparcial\"},\"url\":\"https:\\\/\\\/fuentesfidedignas.com.mx\\\/index.php\\\/author\\\/imparcial\\\/\"}]}<\/script>\n<!-- \/ Yoast SEO plugin. -->","yoast_head_json":{"title":"Avioneta con 18 personas cae al mar en Honduras; al menos seis fallecidos - Fuentes Fidedignas","robots":{"index":"index","follow":"follow","max-snippet":"max-snippet:-1","max-image-preview":"max-image-preview:large","max-video-preview":"max-video-preview:-1"},"canonical":"https:\/\/fuentesfidedignas.com.mx\/index.php\/2025\/03\/18\/avioneta-con-18-personas-cae-al-mar-en-honduras-al-menos-seis-fallecidos\/","og_locale":"es_MX","og_type":"article","og_title":"Avioneta con 18 personas cae al mar en Honduras; al menos seis fallecidos - Fuentes Fidedignas","og_description":"La avioneta se precipit\u00f3 al mar, debido a una falla t\u00e9cnica. ROAT\u00c1N, Honduras.- Una avioneta de la empresa Lanhsa, con 18 personas a bordo (15 pasajeros y tres tripulantes), perdi\u00f3 el control y cay\u00f3 al mar la tarde de este lunes tras despegar desde la isla hondure\u00f1a de Roat\u00e1n. El accidente dej\u00f3 al menos seis [&hellip;]","og_url":"https:\/\/fuentesfidedignas.com.mx\/index.php\/2025\/03\/18\/avioneta-con-18-personas-cae-al-mar-en-honduras-al-menos-seis-fallecidos\/","og_site_name":"Fuentes Fidedignas","article_publisher":"https:\/\/www.facebook.com\/Fuentes-Fidedignas-368234489921644","article_published_time":"2025-03-18T15:10:23+00:00","article_modified_time":"2025-03-18T15:10:32+00:00","og_image":[{"width":597,"height":400,"url":"https:\/\/fuentesfidedignas.com.mx\/wp-content\/uploads\/2025\/03\/avioneta_Honduras.jpg","type":"image\/jpeg"}],"author":"El Imparcial","twitter_card":"summary_large_image","twitter_creator":"@fidedignas","twitter_site":"@fidedignas","twitter_misc":{"Escrito por":"El Imparcial","Tiempo de lectura":"2 minutos"},"schema":{"@context":"https:\/\/schema.org","@graph":[{"@type":"Article","@id":"https:\/\/fuentesfidedignas.com.mx\/index.php\/2025\/03\/18\/avioneta-con-18-personas-cae-al-mar-en-honduras-al-menos-seis-fallecidos\/#article","isPartOf":{"@id":"https:\/\/fuentesfidedignas.com.mx\/index.php\/2025\/03\/18\/avioneta-con-18-personas-cae-al-mar-en-honduras-al-menos-seis-fallecidos\/"},"author":{"name":"El Imparcial","@id":"https:\/\/fuentesfidedignas.com.mx\/#\/schema\/person\/ff4db17f8fd9c584e0cfc2a0c436b8a1"},"headline":"Avioneta con 18 personas cae al mar en Honduras; al menos seis fallecidos","datePublished":"2025-03-18T15:10:23+00:00","dateModified":"2025-03-18T15:10:32+00:00","mainEntityOfPage":{"@id":"https:\/\/fuentesfidedignas.com.mx\/index.php\/2025\/03\/18\/avioneta-con-18-personas-cae-al-mar-en-honduras-al-menos-seis-fallecidos\/"},"wordCount":363,"commentCount":0,"publisher":{"@id":"https:\/\/fuentesfidedignas.com.mx\/#organization"},"image":{"@id":"https:\/\/fuentesfidedignas.com.mx\/index.php\/2025\/03\/18\/avioneta-con-18-personas-cae-al-mar-en-honduras-al-menos-seis-fallecidos\/#primaryimage"},"thumbnailUrl":"https:\/\/fuentesfidedignas.com.mx\/wp-content\/uploads\/2025\/03\/avioneta_Honduras.jpg","articleSection":["NOTICIAS NACIONALES"],"inLanguage":"es","potentialAction":[{"@type":"CommentAction","name":"Comment","target":["https:\/\/fuentesfidedignas.com.mx\/index.php\/2025\/03\/18\/avioneta-con-18-personas-cae-al-mar-en-honduras-al-menos-seis-fallecidos\/#respond"]}]},{"@type":"WebPage","@id":"https:\/\/fuentesfidedignas.com.mx\/index.php\/2025\/03\/18\/avioneta-con-18-personas-cae-al-mar-en-honduras-al-menos-seis-fallecidos\/","url":"https:\/\/fuentesfidedignas.com.mx\/index.php\/2025\/03\/18\/avioneta-con-18-personas-cae-al-mar-en-honduras-al-menos-seis-fallecidos\/","name":"Avioneta con 18 personas cae al mar en Honduras; al menos seis fallecidos - Fuentes Fidedignas","isPartOf":{"@id":"https:\/\/fuentesfidedignas.com.mx\/#website"},"primaryImageOfPage":{"@id":"https:\/\/fuentesfidedignas.com.mx\/index.php\/2025\/03\/18\/avioneta-con-18-personas-cae-al-mar-en-honduras-al-menos-seis-fallecidos\/#primaryimage"},"image":{"@id":"https:\/\/fuentesfidedignas.com.mx\/index.php\/2025\/03\/18\/avioneta-con-18-personas-cae-al-mar-en-honduras-al-menos-seis-fallecidos\/#primaryimage"},"thumbnailUrl":"https:\/\/fuentesfidedignas.com.mx\/wp-content\/uploads\/2025\/03\/avioneta_Honduras.jpg","datePublished":"2025-03-18T15:10:23+00:00","dateModified":"2025-03-18T15:10:32+00:00","breadcrumb":{"@id":"https:\/\/fuentesfidedignas.com.mx\/index.php\/2025\/03\/18\/avioneta-con-18-personas-cae-al-mar-en-honduras-al-menos-seis-fallecidos\/#breadcrumb"},"inLanguage":"es","potentialAction":[{"@type":"ReadAction","target":["https:\/\/fuentesfidedignas.com.mx\/index.php\/2025\/03\/18\/avioneta-con-18-personas-cae-al-mar-en-honduras-al-menos-seis-fallecidos\/"]}]},{"@type":"ImageObject","inLanguage":"es","@id":"https:\/\/fuentesfidedignas.com.mx\/index.php\/2025\/03\/18\/avioneta-con-18-personas-cae-al-mar-en-honduras-al-menos-seis-fallecidos\/#primaryimage","url":"https:\/\/fuentesfidedignas.com.mx\/wp-content\/uploads\/2025\/03\/avioneta_Honduras.jpg","contentUrl":"https:\/\/fuentesfidedignas.com.mx\/wp-content\/uploads\/2025\/03\/avioneta_Honduras.jpg","width":597,"height":400},{"@type":"BreadcrumbList","@id":"https:\/\/fuentesfidedignas.com.mx\/index.php\/2025\/03\/18\/avioneta-con-18-personas-cae-al-mar-en-honduras-al-menos-seis-fallecidos\/#breadcrumb","itemListElement":[{"@type":"ListItem","position":1,"name":"Inicio","item":"https:\/\/fuentesfidedignas.com.mx\/"},{"@type":"ListItem","position":2,"name":"Avioneta con 18 personas cae al mar en Honduras; al menos seis fallecidos"}]},{"@type":"WebSite","@id":"https:\/\/fuentesfidedignas.com.mx\/#website","url":"https:\/\/fuentesfidedignas.com.mx\/","name":"Fuentes Fidedignas","description":"Otro sitio realizado con WordPress","publisher":{"@id":"https:\/\/fuentesfidedignas.com.mx\/#organization"},"potentialAction":[{"@type":"SearchAction","target":{"@type":"EntryPoint","urlTemplate":"https:\/\/fuentesfidedignas.com.mx\/?s={search_term_string}"},"query-input":{"@type":"PropertyValueSpecification","valueRequired":true,"valueName":"search_term_string"}}],"inLanguage":"es"},{"@type":"Organization","@id":"https:\/\/fuentesfidedignas.com.mx\/#organization","name":"Fuentes Fidedignas","url":"https:\/\/fuentesfidedignas.com.mx\/","logo":{"@type":"ImageObject","inLanguage":"es","@id":"https:\/\/fuentesfidedignas.com.mx\/#\/schema\/logo\/image\/","url":"https:\/\/fuentesfidedignas.com.mx\/wp-content\/uploads\/2021\/04\/logo-retina.png","contentUrl":"https:\/\/fuentesfidedignas.com.mx\/wp-content\/uploads\/2021\/04\/logo-retina.png","width":280,"height":51,"caption":"Fuentes Fidedignas"},"image":{"@id":"https:\/\/fuentesfidedignas.com.mx\/#\/schema\/logo\/image\/"},"sameAs":["https:\/\/www.facebook.com\/Fuentes-Fidedignas-368234489921644","https:\/\/x.com\/fidedignas"]},{"@type":"Person","@id":"https:\/\/fuentesfidedignas.com.mx\/#\/schema\/person\/ff4db17f8fd9c584e0cfc2a0c436b8a1","name":"El Imparcial","image":{"@type":"ImageObject","inLanguage":"es","@id":"https:\/\/secure.gravatar.com\/avatar\/accd6807585a75316c237ee783498317be6f66ab34c47c940966f26a3f613161?s=96&d=mm&r=g","url":"https:\/\/secure.gravatar.com\/avatar\/accd6807585a75316c237ee783498317be6f66ab34c47c940966f26a3f613161?s=96&d=mm&r=g","contentUrl":"https:\/\/secure.gravatar.com\/avatar\/accd6807585a75316c237ee783498317be6f66ab34c47c940966f26a3f613161?s=96&d=mm&r=g","caption":"El Imparcial"},"url":"https:\/\/fuentesfidedignas.com.mx\/index.php\/author\/imparcial\/"}]}},"_links":{"self":[{"href":"https:\/\/fuentesfidedignas.com.mx\/index.php\/wp-json\/wp\/v2\/posts\/104103","targetHints":{"allow":["GET"]}}],"collection":[{"href":"https:\/\/fuentesfidedignas.com.mx\/index.php\/wp-json\/wp\/v2\/posts"}],"about":[{"href":"https:\/\/fuentesfidedignas.com.mx\/index.php\/wp-json\/wp\/v2\/types\/post"}],"author":[{"embeddable":true,"href":"https:\/\/fuentesfidedignas.com.mx\/index.php\/wp-json\/wp\/v2\/users\/40"}],"replies":[{"embeddable":true,"href":"https:\/\/fuentesfidedignas.com.mx\/index.php\/wp-json\/wp\/v2\/comments?post=104103"}],"version-history":[{"count":1,"href":"https:\/\/fuentesfidedignas.com.mx\/index.php\/wp-json\/wp\/v2\/posts\/104103\/revisions"}],"predecessor-version":[{"id":104105,"href":"https:\/\/fuentesfidedignas.com.mx\/index.php\/wp-json\/wp\/v2\/posts\/104103\/revisions\/104105"}],"wp:featuredmedia":[{"embeddable":true,"href":"https:\/\/fuentesfidedignas.com.mx\/index.php\/wp-json\/wp\/v2\/media\/104104"}],"wp:attachment":[{"href":"https:\/\/fuentesfidedignas.com.mx\/index.php\/wp-json\/wp\/v2\/media?parent=104103"}],"wp:term":[{"taxonomy":"category","embeddable":true,"href":"https:\/\/fuentesfidedignas.com.mx\/index.php\/wp-json\/wp\/v2\/categories?post=104103"},{"taxonomy":"post_tag","embeddable":true,"href":"https:\/\/fuentesfidedignas.com.mx\/index.php\/wp-json\/wp\/v2\/tags?post=104103"}],"curies":[{"name":"wp","href":"https:\/\/api.w.org\/{rel}","templated":true}]}}