{"id":103936,"date":"2025-03-17T01:44:00","date_gmt":"2025-03-17T08:44:00","guid":{"rendered":"https:\/\/fuentesfidedignas.com.mx\/?p=103936"},"modified":"2025-03-16T09:08:37","modified_gmt":"2025-03-16T16:08:37","slug":"alumnos-de-cobaes-obtienen-el-segundo-lugar-en-la-feria-mexicana-de-ciencias-e-ingenierias-2025","status":"publish","type":"post","link":"https:\/\/fuentesfidedignas.com.mx\/index.php\/2025\/03\/17\/alumnos-de-cobaes-obtienen-el-segundo-lugar-en-la-feria-mexicana-de-ciencias-e-ingenierias-2025\/","title":{"rendered":"Alumnos de COBAES obtienen el segundo lugar en la Feria Mexicana de Ciencias e Ingenier\u00edas 2025"},"content":{"rendered":"\n<p><strong><em>En la FEMECI participaron 350 alumnos de 16 estados de la Rep\u00fablica con 79 proyectos sobre recolecci\u00f3n de residuos, aprendizaje neurodivergente y toma de decisiones estrat\u00e9gicas para la relocalizaci\u00f3n de empresas.<\/em><\/strong><\/p>\n\n\n\n<p><strong>Culiac\u00e1n, Sinaloa. \u2013<\/strong>&nbsp;Los alumnos Marely Guadal L\u00f3pez L\u00f3pez y Jes\u00fas Omar \u00c1lvarez Tapia, del COBAES&nbsp;<a href=\"https:\/\/www.google.com\/maps\/search\/38%0D%0A%E2%80%9CLic.+Marco+Antonio+Arroyo?entry=gmail&#038;source=g\">38 \u201cLic. Marco Antonio Arroyo<\/a>Camberos\u201d, de Mazatl\u00e1n, quienes integran la delegaci\u00f3n de Sinaloa, obtuvieron el segundo lugar en la Feria Mexicana de Ciencias e Ingenier\u00edas (FEMECI) 2025, celebrada en Ciudad Ju\u00e1rez, Chihuahua.<\/p>\n\n\n\n<p>El proyecto de los estudiantes del COBAES 38, titulado \u201cAutoconcepto y autoestima en adolescentes de preparatoria\u201d, fue asesorado por la maestra Cynthia Rosal\u00eda Liz\u00e1rraga Osuna y destac\u00f3 entre los 79 proyectos presentados por las 16 delegaciones participantes en la feria.<\/p>\n\n\n\n<p>La FEMECI 2025, en la que participaron 350 estudiantes de todo el pa\u00eds, es organizada por la Red Nacional de Consejos y Organismos Estatales de Ciencia y Tecnolog\u00eda (REDNACECYT), en colaboraci\u00f3n con el Instituto de Innovaci\u00f3n y Competitividad del estado de Chihuahua. Este evento impulsa la investigaci\u00f3n cient\u00edfica y tecnol\u00f3gica entre los j\u00f3venes de M\u00e9xico, promoviendo vocaciones cient\u00edficas en los distintos sistemas educativos del pa\u00eds.<\/p>\n\n\n\n<p>Adem\u00e1s, la FEMECI es un espacio de di\u00e1logo entre especialistas del ramo, evaluadores, conferencistas e investigadores de alto nivel, fomentando colaboraciones futuras.<\/p>\n\n\n\n<p>Los proyectos participantes abordan problem\u00e1ticas actuales, como la recolecci\u00f3n de residuos, el aprendizaje neurodivergente y la toma de decisiones estrat\u00e9gicas para la relocalizaci\u00f3n de empresas.<\/p>\n\n\n\n<p>Las 16 delegaciones que participaron en esta feria acad\u00e9mica representan a los estados de Baja California Sur, Coahuila, Colima, Chihuahua, Durango, Guerrero, Jalisco, Estado de M\u00e9xico, Michoac\u00e1n, Nuevo Le\u00f3n, Puebla, San Luis Potos\u00ed, Sinaloa, Sonora, Tabasco y Tamaulipas.<\/p>\n","protected":false},"excerpt":{"rendered":"<p>En la FEMECI participaron 350 alumnos de 16 estados de la Rep\u00fablica con 79 proyectos sobre recolecci\u00f3n de residuos, aprendizaje neurodivergente y toma de decisiones estrat\u00e9gicas para la relocalizaci\u00f3n de empresas. Culiac\u00e1n, Sinaloa. \u2013&nbsp;Los alumnos Marely Guadal L\u00f3pez L\u00f3pez y Jes\u00fas Omar \u00c1lvarez Tapia, del COBAES&nbsp;38 \u201cLic. Marco Antonio ArroyoCamberos\u201d, de Mazatl\u00e1n, quienes integran la [&hellip;]<\/p>\n","protected":false},"author":4,"featured_media":103935,"comment_status":"closed","ping_status":"open","sticky":false,"template":"","format":"standard","meta":{"tdm_status":"","tdm_grid_status":"","footnotes":""},"categories":[36,31],"tags":[],"class_list":{"0":"post-103936","1":"post","2":"type-post","3":"status-publish","4":"format-standard","5":"has-post-thumbnail","7":"category-semanales","8":"category-sinaloa-positivo"},"yoast_head":"<!-- This site is optimized with the Yoast SEO plugin v27.4 - https:\/\/yoast.com\/product\/yoast-seo-wordpress\/ -->\n<title>Alumnos de COBAES obtienen el segundo lugar en la Feria Mexicana de Ciencias e Ingenier\u00edas 2025 - Fuentes Fidedignas<\/title>\n<meta name=\"robots\" content=\"index, follow, max-snippet:-1, max-image-preview:large, max-video-preview:-1\" \/>\n<link rel=\"canonical\" href=\"https:\/\/fuentesfidedignas.com.mx\/index.php\/2025\/03\/17\/alumnos-de-cobaes-obtienen-el-segundo-lugar-en-la-feria-mexicana-de-ciencias-e-ingenierias-2025\/\" \/>\n<meta property=\"og:locale\" content=\"es_MX\" \/>\n<meta property=\"og:type\" content=\"article\" \/>\n<meta property=\"og:title\" content=\"Alumnos de COBAES obtienen el segundo lugar en la Feria Mexicana de Ciencias e Ingenier\u00edas 2025 - Fuentes Fidedignas\" \/>\n<meta property=\"og:description\" content=\"En la FEMECI participaron 350 alumnos de 16 estados de la Rep\u00fablica con 79 proyectos sobre recolecci\u00f3n de residuos, aprendizaje neurodivergente y toma de decisiones estrat\u00e9gicas para la relocalizaci\u00f3n de empresas. Culiac\u00e1n, Sinaloa. \u2013&nbsp;Los alumnos Marely Guadal L\u00f3pez L\u00f3pez y Jes\u00fas Omar \u00c1lvarez Tapia, del COBAES&nbsp;38 \u201cLic. Marco Antonio ArroyoCamberos\u201d, de Mazatl\u00e1n, quienes integran la [&hellip;]\" \/>\n<meta property=\"og:url\" content=\"https:\/\/fuentesfidedignas.com.mx\/index.php\/2025\/03\/17\/alumnos-de-cobaes-obtienen-el-segundo-lugar-en-la-feria-mexicana-de-ciencias-e-ingenierias-2025\/\" \/>\n<meta property=\"og:site_name\" content=\"Fuentes Fidedignas\" \/>\n<meta property=\"article:publisher\" content=\"https:\/\/www.facebook.com\/Fuentes-Fidedignas-368234489921644\" \/>\n<meta property=\"article:published_time\" content=\"2025-03-17T08:44:00+00:00\" \/>\n<meta property=\"og:image\" content=\"https:\/\/fuentesfidedignas.com.mx\/wp-content\/uploads\/2025\/03\/img_2527-1.jpg\" \/>\n\t<meta property=\"og:image:width\" content=\"1280\" \/>\n\t<meta property=\"og:image:height\" content=\"853\" \/>\n\t<meta property=\"og:image:type\" content=\"image\/jpeg\" \/>\n<meta name=\"author\" content=\"Redacci\u00f3n\" \/>\n<meta name=\"twitter:card\" content=\"summary_large_image\" \/>\n<meta name=\"twitter:creator\" content=\"@fidedignas\" \/>\n<meta name=\"twitter:site\" content=\"@fidedignas\" \/>\n<meta name=\"twitter:label1\" content=\"Escrito por\" \/>\n\t<meta name=\"twitter:data1\" content=\"Redacci\u00f3n\" \/>\n\t<meta name=\"twitter:label2\" content=\"Tiempo de lectura\" \/>\n\t<meta name=\"twitter:data2\" content=\"2 minutos\" \/>\n<script type=\"application\/ld+json\" class=\"yoast-schema-graph\">{\"@context\":\"https:\\\/\\\/schema.org\",\"@graph\":[{\"@type\":\"Article\",\"@id\":\"https:\\\/\\\/fuentesfidedignas.com.mx\\\/index.php\\\/2025\\\/03\\\/17\\\/alumnos-de-cobaes-obtienen-el-segundo-lugar-en-la-feria-mexicana-de-ciencias-e-ingenierias-2025\\\/#article\",\"isPartOf\":{\"@id\":\"https:\\\/\\\/fuentesfidedignas.com.mx\\\/index.php\\\/2025\\\/03\\\/17\\\/alumnos-de-cobaes-obtienen-el-segundo-lugar-en-la-feria-mexicana-de-ciencias-e-ingenierias-2025\\\/\"},\"author\":{\"name\":\"Redacci\u00f3n\",\"@id\":\"https:\\\/\\\/fuentesfidedignas.com.mx\\\/#\\\/schema\\\/person\\\/331be9283d37198e2acd5750279085b0\"},\"headline\":\"Alumnos de COBAES obtienen el segundo lugar en la Feria Mexicana de Ciencias e Ingenier\u00edas 2025\",\"datePublished\":\"2025-03-17T08:44:00+00:00\",\"mainEntityOfPage\":{\"@id\":\"https:\\\/\\\/fuentesfidedignas.com.mx\\\/index.php\\\/2025\\\/03\\\/17\\\/alumnos-de-cobaes-obtienen-el-segundo-lugar-en-la-feria-mexicana-de-ciencias-e-ingenierias-2025\\\/\"},\"wordCount\":310,\"publisher\":{\"@id\":\"https:\\\/\\\/fuentesfidedignas.com.mx\\\/#organization\"},\"image\":{\"@id\":\"https:\\\/\\\/fuentesfidedignas.com.mx\\\/index.php\\\/2025\\\/03\\\/17\\\/alumnos-de-cobaes-obtienen-el-segundo-lugar-en-la-feria-mexicana-de-ciencias-e-ingenierias-2025\\\/#primaryimage\"},\"thumbnailUrl\":\"https:\\\/\\\/fuentesfidedignas.com.mx\\\/wp-content\\\/uploads\\\/2025\\\/03\\\/img_2527-1.jpg\",\"articleSection\":[\"SEMANALES\",\"SINALOA POSITIVO\"],\"inLanguage\":\"es\"},{\"@type\":\"WebPage\",\"@id\":\"https:\\\/\\\/fuentesfidedignas.com.mx\\\/index.php\\\/2025\\\/03\\\/17\\\/alumnos-de-cobaes-obtienen-el-segundo-lugar-en-la-feria-mexicana-de-ciencias-e-ingenierias-2025\\\/\",\"url\":\"https:\\\/\\\/fuentesfidedignas.com.mx\\\/index.php\\\/2025\\\/03\\\/17\\\/alumnos-de-cobaes-obtienen-el-segundo-lugar-en-la-feria-mexicana-de-ciencias-e-ingenierias-2025\\\/\",\"name\":\"Alumnos de COBAES obtienen el segundo lugar en la Feria Mexicana de Ciencias e Ingenier\u00edas 2025 - Fuentes Fidedignas\",\"isPartOf\":{\"@id\":\"https:\\\/\\\/fuentesfidedignas.com.mx\\\/#website\"},\"primaryImageOfPage\":{\"@id\":\"https:\\\/\\\/fuentesfidedignas.com.mx\\\/index.php\\\/2025\\\/03\\\/17\\\/alumnos-de-cobaes-obtienen-el-segundo-lugar-en-la-feria-mexicana-de-ciencias-e-ingenierias-2025\\\/#primaryimage\"},\"image\":{\"@id\":\"https:\\\/\\\/fuentesfidedignas.com.mx\\\/index.php\\\/2025\\\/03\\\/17\\\/alumnos-de-cobaes-obtienen-el-segundo-lugar-en-la-feria-mexicana-de-ciencias-e-ingenierias-2025\\\/#primaryimage\"},\"thumbnailUrl\":\"https:\\\/\\\/fuentesfidedignas.com.mx\\\/wp-content\\\/uploads\\\/2025\\\/03\\\/img_2527-1.jpg\",\"datePublished\":\"2025-03-17T08:44:00+00:00\",\"breadcrumb\":{\"@id\":\"https:\\\/\\\/fuentesfidedignas.com.mx\\\/index.php\\\/2025\\\/03\\\/17\\\/alumnos-de-cobaes-obtienen-el-segundo-lugar-en-la-feria-mexicana-de-ciencias-e-ingenierias-2025\\\/#breadcrumb\"},\"inLanguage\":\"es\",\"potentialAction\":[{\"@type\":\"ReadAction\",\"target\":[\"https:\\\/\\\/fuentesfidedignas.com.mx\\\/index.php\\\/2025\\\/03\\\/17\\\/alumnos-de-cobaes-obtienen-el-segundo-lugar-en-la-feria-mexicana-de-ciencias-e-ingenierias-2025\\\/\"]}]},{\"@type\":\"ImageObject\",\"inLanguage\":\"es\",\"@id\":\"https:\\\/\\\/fuentesfidedignas.com.mx\\\/index.php\\\/2025\\\/03\\\/17\\\/alumnos-de-cobaes-obtienen-el-segundo-lugar-en-la-feria-mexicana-de-ciencias-e-ingenierias-2025\\\/#primaryimage\",\"url\":\"https:\\\/\\\/fuentesfidedignas.com.mx\\\/wp-content\\\/uploads\\\/2025\\\/03\\\/img_2527-1.jpg\",\"contentUrl\":\"https:\\\/\\\/fuentesfidedignas.com.mx\\\/wp-content\\\/uploads\\\/2025\\\/03\\\/img_2527-1.jpg\",\"width\":1280,\"height\":853},{\"@type\":\"BreadcrumbList\",\"@id\":\"https:\\\/\\\/fuentesfidedignas.com.mx\\\/index.php\\\/2025\\\/03\\\/17\\\/alumnos-de-cobaes-obtienen-el-segundo-lugar-en-la-feria-mexicana-de-ciencias-e-ingenierias-2025\\\/#breadcrumb\",\"itemListElement\":[{\"@type\":\"ListItem\",\"position\":1,\"name\":\"Inicio\",\"item\":\"https:\\\/\\\/fuentesfidedignas.com.mx\\\/\"},{\"@type\":\"ListItem\",\"position\":2,\"name\":\"Alumnos de COBAES obtienen el segundo lugar en la Feria Mexicana de Ciencias e Ingenier\u00edas 2025\"}]},{\"@type\":\"WebSite\",\"@id\":\"https:\\\/\\\/fuentesfidedignas.com.mx\\\/#website\",\"url\":\"https:\\\/\\\/fuentesfidedignas.com.mx\\\/\",\"name\":\"Fuentes Fidedignas\",\"description\":\"Otro sitio realizado con WordPress\",\"publisher\":{\"@id\":\"https:\\\/\\\/fuentesfidedignas.com.mx\\\/#organization\"},\"potentialAction\":[{\"@type\":\"SearchAction\",\"target\":{\"@type\":\"EntryPoint\",\"urlTemplate\":\"https:\\\/\\\/fuentesfidedignas.com.mx\\\/?s={search_term_string}\"},\"query-input\":{\"@type\":\"PropertyValueSpecification\",\"valueRequired\":true,\"valueName\":\"search_term_string\"}}],\"inLanguage\":\"es\"},{\"@type\":\"Organization\",\"@id\":\"https:\\\/\\\/fuentesfidedignas.com.mx\\\/#organization\",\"name\":\"Fuentes Fidedignas\",\"url\":\"https:\\\/\\\/fuentesfidedignas.com.mx\\\/\",\"logo\":{\"@type\":\"ImageObject\",\"inLanguage\":\"es\",\"@id\":\"https:\\\/\\\/fuentesfidedignas.com.mx\\\/#\\\/schema\\\/logo\\\/image\\\/\",\"url\":\"https:\\\/\\\/fuentesfidedignas.com.mx\\\/wp-content\\\/uploads\\\/2021\\\/04\\\/logo-retina.png\",\"contentUrl\":\"https:\\\/\\\/fuentesfidedignas.com.mx\\\/wp-content\\\/uploads\\\/2021\\\/04\\\/logo-retina.png\",\"width\":280,\"height\":51,\"caption\":\"Fuentes Fidedignas\"},\"image\":{\"@id\":\"https:\\\/\\\/fuentesfidedignas.com.mx\\\/#\\\/schema\\\/logo\\\/image\\\/\"},\"sameAs\":[\"https:\\\/\\\/www.facebook.com\\\/Fuentes-Fidedignas-368234489921644\",\"https:\\\/\\\/x.com\\\/fidedignas\"]},{\"@type\":\"Person\",\"@id\":\"https:\\\/\\\/fuentesfidedignas.com.mx\\\/#\\\/schema\\\/person\\\/331be9283d37198e2acd5750279085b0\",\"name\":\"Redacci\u00f3n\",\"image\":{\"@type\":\"ImageObject\",\"inLanguage\":\"es\",\"@id\":\"https:\\\/\\\/secure.gravatar.com\\\/avatar\\\/f6d8782c11d12b2d4ad3fbb6931aeab5309937a4d6cd2fc9cfaa28a6396a5aec?s=96&d=mm&r=g\",\"url\":\"https:\\\/\\\/secure.gravatar.com\\\/avatar\\\/f6d8782c11d12b2d4ad3fbb6931aeab5309937a4d6cd2fc9cfaa28a6396a5aec?s=96&d=mm&r=g\",\"contentUrl\":\"https:\\\/\\\/secure.gravatar.com\\\/avatar\\\/f6d8782c11d12b2d4ad3fbb6931aeab5309937a4d6cd2fc9cfaa28a6396a5aec?s=96&d=mm&r=g\",\"caption\":\"Redacci\u00f3n\"},\"url\":\"https:\\\/\\\/fuentesfidedignas.com.mx\\\/index.php\\\/author\\\/redaccion\\\/\"}]}<\/script>\n<!-- \/ Yoast SEO plugin. -->","yoast_head_json":{"title":"Alumnos de COBAES obtienen el segundo lugar en la Feria Mexicana de Ciencias e Ingenier\u00edas 2025 - Fuentes Fidedignas","robots":{"index":"index","follow":"follow","max-snippet":"max-snippet:-1","max-image-preview":"max-image-preview:large","max-video-preview":"max-video-preview:-1"},"canonical":"https:\/\/fuentesfidedignas.com.mx\/index.php\/2025\/03\/17\/alumnos-de-cobaes-obtienen-el-segundo-lugar-en-la-feria-mexicana-de-ciencias-e-ingenierias-2025\/","og_locale":"es_MX","og_type":"article","og_title":"Alumnos de COBAES obtienen el segundo lugar en la Feria Mexicana de Ciencias e Ingenier\u00edas 2025 - Fuentes Fidedignas","og_description":"En la FEMECI participaron 350 alumnos de 16 estados de la Rep\u00fablica con 79 proyectos sobre recolecci\u00f3n de residuos, aprendizaje neurodivergente y toma de decisiones estrat\u00e9gicas para la relocalizaci\u00f3n de empresas. Culiac\u00e1n, Sinaloa. \u2013&nbsp;Los alumnos Marely Guadal L\u00f3pez L\u00f3pez y Jes\u00fas Omar \u00c1lvarez Tapia, del COBAES&nbsp;38 \u201cLic. Marco Antonio ArroyoCamberos\u201d, de Mazatl\u00e1n, quienes integran la [&hellip;]","og_url":"https:\/\/fuentesfidedignas.com.mx\/index.php\/2025\/03\/17\/alumnos-de-cobaes-obtienen-el-segundo-lugar-en-la-feria-mexicana-de-ciencias-e-ingenierias-2025\/","og_site_name":"Fuentes Fidedignas","article_publisher":"https:\/\/www.facebook.com\/Fuentes-Fidedignas-368234489921644","article_published_time":"2025-03-17T08:44:00+00:00","og_image":[{"width":1280,"height":853,"url":"https:\/\/fuentesfidedignas.com.mx\/wp-content\/uploads\/2025\/03\/img_2527-1.jpg","type":"image\/jpeg"}],"author":"Redacci\u00f3n","twitter_card":"summary_large_image","twitter_creator":"@fidedignas","twitter_site":"@fidedignas","twitter_misc":{"Escrito por":"Redacci\u00f3n","Tiempo de lectura":"2 minutos"},"schema":{"@context":"https:\/\/schema.org","@graph":[{"@type":"Article","@id":"https:\/\/fuentesfidedignas.com.mx\/index.php\/2025\/03\/17\/alumnos-de-cobaes-obtienen-el-segundo-lugar-en-la-feria-mexicana-de-ciencias-e-ingenierias-2025\/#article","isPartOf":{"@id":"https:\/\/fuentesfidedignas.com.mx\/index.php\/2025\/03\/17\/alumnos-de-cobaes-obtienen-el-segundo-lugar-en-la-feria-mexicana-de-ciencias-e-ingenierias-2025\/"},"author":{"name":"Redacci\u00f3n","@id":"https:\/\/fuentesfidedignas.com.mx\/#\/schema\/person\/331be9283d37198e2acd5750279085b0"},"headline":"Alumnos de COBAES obtienen el segundo lugar en la Feria Mexicana de Ciencias e Ingenier\u00edas 2025","datePublished":"2025-03-17T08:44:00+00:00","mainEntityOfPage":{"@id":"https:\/\/fuentesfidedignas.com.mx\/index.php\/2025\/03\/17\/alumnos-de-cobaes-obtienen-el-segundo-lugar-en-la-feria-mexicana-de-ciencias-e-ingenierias-2025\/"},"wordCount":310,"publisher":{"@id":"https:\/\/fuentesfidedignas.com.mx\/#organization"},"image":{"@id":"https:\/\/fuentesfidedignas.com.mx\/index.php\/2025\/03\/17\/alumnos-de-cobaes-obtienen-el-segundo-lugar-en-la-feria-mexicana-de-ciencias-e-ingenierias-2025\/#primaryimage"},"thumbnailUrl":"https:\/\/fuentesfidedignas.com.mx\/wp-content\/uploads\/2025\/03\/img_2527-1.jpg","articleSection":["SEMANALES","SINALOA POSITIVO"],"inLanguage":"es"},{"@type":"WebPage","@id":"https:\/\/fuentesfidedignas.com.mx\/index.php\/2025\/03\/17\/alumnos-de-cobaes-obtienen-el-segundo-lugar-en-la-feria-mexicana-de-ciencias-e-ingenierias-2025\/","url":"https:\/\/fuentesfidedignas.com.mx\/index.php\/2025\/03\/17\/alumnos-de-cobaes-obtienen-el-segundo-lugar-en-la-feria-mexicana-de-ciencias-e-ingenierias-2025\/","name":"Alumnos de COBAES obtienen el segundo lugar en la Feria Mexicana de Ciencias e Ingenier\u00edas 2025 - Fuentes Fidedignas","isPartOf":{"@id":"https:\/\/fuentesfidedignas.com.mx\/#website"},"primaryImageOfPage":{"@id":"https:\/\/fuentesfidedignas.com.mx\/index.php\/2025\/03\/17\/alumnos-de-cobaes-obtienen-el-segundo-lugar-en-la-feria-mexicana-de-ciencias-e-ingenierias-2025\/#primaryimage"},"image":{"@id":"https:\/\/fuentesfidedignas.com.mx\/index.php\/2025\/03\/17\/alumnos-de-cobaes-obtienen-el-segundo-lugar-en-la-feria-mexicana-de-ciencias-e-ingenierias-2025\/#primaryimage"},"thumbnailUrl":"https:\/\/fuentesfidedignas.com.mx\/wp-content\/uploads\/2025\/03\/img_2527-1.jpg","datePublished":"2025-03-17T08:44:00+00:00","breadcrumb":{"@id":"https:\/\/fuentesfidedignas.com.mx\/index.php\/2025\/03\/17\/alumnos-de-cobaes-obtienen-el-segundo-lugar-en-la-feria-mexicana-de-ciencias-e-ingenierias-2025\/#breadcrumb"},"inLanguage":"es","potentialAction":[{"@type":"ReadAction","target":["https:\/\/fuentesfidedignas.com.mx\/index.php\/2025\/03\/17\/alumnos-de-cobaes-obtienen-el-segundo-lugar-en-la-feria-mexicana-de-ciencias-e-ingenierias-2025\/"]}]},{"@type":"ImageObject","inLanguage":"es","@id":"https:\/\/fuentesfidedignas.com.mx\/index.php\/2025\/03\/17\/alumnos-de-cobaes-obtienen-el-segundo-lugar-en-la-feria-mexicana-de-ciencias-e-ingenierias-2025\/#primaryimage","url":"https:\/\/fuentesfidedignas.com.mx\/wp-content\/uploads\/2025\/03\/img_2527-1.jpg","contentUrl":"https:\/\/fuentesfidedignas.com.mx\/wp-content\/uploads\/2025\/03\/img_2527-1.jpg","width":1280,"height":853},{"@type":"BreadcrumbList","@id":"https:\/\/fuentesfidedignas.com.mx\/index.php\/2025\/03\/17\/alumnos-de-cobaes-obtienen-el-segundo-lugar-en-la-feria-mexicana-de-ciencias-e-ingenierias-2025\/#breadcrumb","itemListElement":[{"@type":"ListItem","position":1,"name":"Inicio","item":"https:\/\/fuentesfidedignas.com.mx\/"},{"@type":"ListItem","position":2,"name":"Alumnos de COBAES obtienen el segundo lugar en la Feria Mexicana de Ciencias e Ingenier\u00edas 2025"}]},{"@type":"WebSite","@id":"https:\/\/fuentesfidedignas.com.mx\/#website","url":"https:\/\/fuentesfidedignas.com.mx\/","name":"Fuentes Fidedignas","description":"Otro sitio realizado con WordPress","publisher":{"@id":"https:\/\/fuentesfidedignas.com.mx\/#organization"},"potentialAction":[{"@type":"SearchAction","target":{"@type":"EntryPoint","urlTemplate":"https:\/\/fuentesfidedignas.com.mx\/?s={search_term_string}"},"query-input":{"@type":"PropertyValueSpecification","valueRequired":true,"valueName":"search_term_string"}}],"inLanguage":"es"},{"@type":"Organization","@id":"https:\/\/fuentesfidedignas.com.mx\/#organization","name":"Fuentes Fidedignas","url":"https:\/\/fuentesfidedignas.com.mx\/","logo":{"@type":"ImageObject","inLanguage":"es","@id":"https:\/\/fuentesfidedignas.com.mx\/#\/schema\/logo\/image\/","url":"https:\/\/fuentesfidedignas.com.mx\/wp-content\/uploads\/2021\/04\/logo-retina.png","contentUrl":"https:\/\/fuentesfidedignas.com.mx\/wp-content\/uploads\/2021\/04\/logo-retina.png","width":280,"height":51,"caption":"Fuentes Fidedignas"},"image":{"@id":"https:\/\/fuentesfidedignas.com.mx\/#\/schema\/logo\/image\/"},"sameAs":["https:\/\/www.facebook.com\/Fuentes-Fidedignas-368234489921644","https:\/\/x.com\/fidedignas"]},{"@type":"Person","@id":"https:\/\/fuentesfidedignas.com.mx\/#\/schema\/person\/331be9283d37198e2acd5750279085b0","name":"Redacci\u00f3n","image":{"@type":"ImageObject","inLanguage":"es","@id":"https:\/\/secure.gravatar.com\/avatar\/f6d8782c11d12b2d4ad3fbb6931aeab5309937a4d6cd2fc9cfaa28a6396a5aec?s=96&d=mm&r=g","url":"https:\/\/secure.gravatar.com\/avatar\/f6d8782c11d12b2d4ad3fbb6931aeab5309937a4d6cd2fc9cfaa28a6396a5aec?s=96&d=mm&r=g","contentUrl":"https:\/\/secure.gravatar.com\/avatar\/f6d8782c11d12b2d4ad3fbb6931aeab5309937a4d6cd2fc9cfaa28a6396a5aec?s=96&d=mm&r=g","caption":"Redacci\u00f3n"},"url":"https:\/\/fuentesfidedignas.com.mx\/index.php\/author\/redaccion\/"}]}},"_links":{"self":[{"href":"https:\/\/fuentesfidedignas.com.mx\/index.php\/wp-json\/wp\/v2\/posts\/103936","targetHints":{"allow":["GET"]}}],"collection":[{"href":"https:\/\/fuentesfidedignas.com.mx\/index.php\/wp-json\/wp\/v2\/posts"}],"about":[{"href":"https:\/\/fuentesfidedignas.com.mx\/index.php\/wp-json\/wp\/v2\/types\/post"}],"author":[{"embeddable":true,"href":"https:\/\/fuentesfidedignas.com.mx\/index.php\/wp-json\/wp\/v2\/users\/4"}],"replies":[{"embeddable":true,"href":"https:\/\/fuentesfidedignas.com.mx\/index.php\/wp-json\/wp\/v2\/comments?post=103936"}],"version-history":[{"count":1,"href":"https:\/\/fuentesfidedignas.com.mx\/index.php\/wp-json\/wp\/v2\/posts\/103936\/revisions"}],"predecessor-version":[{"id":103937,"href":"https:\/\/fuentesfidedignas.com.mx\/index.php\/wp-json\/wp\/v2\/posts\/103936\/revisions\/103937"}],"wp:featuredmedia":[{"embeddable":true,"href":"https:\/\/fuentesfidedignas.com.mx\/index.php\/wp-json\/wp\/v2\/media\/103935"}],"wp:attachment":[{"href":"https:\/\/fuentesfidedignas.com.mx\/index.php\/wp-json\/wp\/v2\/media?parent=103936"}],"wp:term":[{"taxonomy":"category","embeddable":true,"href":"https:\/\/fuentesfidedignas.com.mx\/index.php\/wp-json\/wp\/v2\/categories?post=103936"},{"taxonomy":"post_tag","embeddable":true,"href":"https:\/\/fuentesfidedignas.com.mx\/index.php\/wp-json\/wp\/v2\/tags?post=103936"}],"curies":[{"name":"wp","href":"https:\/\/api.w.org\/{rel}","templated":true}]}}