{"id":103874,"date":"2025-03-13T19:13:36","date_gmt":"2025-03-14T02:13:36","guid":{"rendered":"https:\/\/fuentesfidedignas.com.mx\/?p=103874"},"modified":"2025-03-13T19:13:38","modified_gmt":"2025-03-14T02:13:38","slug":"otro-accidente-de-avion-en-eu-aeronave-de-american-airlines-se-incendia-en-denver","status":"publish","type":"post","link":"https:\/\/fuentesfidedignas.com.mx\/index.php\/2025\/03\/13\/otro-accidente-de-avion-en-eu-aeronave-de-american-airlines-se-incendia-en-denver\/","title":{"rendered":"\u00a1Otro accidente de avi\u00f3n en EU! Aeronave de American Airlines se incendia en Denver"},"content":{"rendered":"\n<p><strong><em>Los pasajeros fueron evacuados y no se conocen datos sobre lesionados.<\/em><\/strong><\/p>\n\n\n\n<p>Un avi\u00f3n de la compa\u00f1\u00eda American Airlines se incendi\u00f3 este jueves mientras se encontraba estacionado en el aeropuerto de Denver, Colorado, en Estados Unidos.<\/p>\n\n\n\n<p>Informaci\u00f3n preliminar indic\u00f3 que los pasajeros fueron desalojados por el ala del avi\u00f3n, sin que hasta el momento se conozcan detalles sobre personas lesionadas.<\/p>\n\n\n\n<p>A trav\u00e9s de redes sociales, usuarios compartieron im\u00e1genes del momento en que la aeronave se envolvi\u00f3 en llamas y gener\u00f3 una densa columna de humo; en algunas se observa a los pasajeros descendiendo del avi\u00f3n.&nbsp;<\/p>\n\n\n\n<p><strong>\u00bfC\u00f3mo ocurri\u00f3 el accidente?<\/strong><br>De acuerdo con informaci\u00f3n de la Administraci\u00f3n Federal de Aviaci\u00f3n (FAA, por sus siglas en ingl\u00e9s) la aeronave se trata de un\u00a0Boeing 737-800, el cual trasladar\u00eda a los pasajeros del\u00a0vuelo 1006 de Colorado a Dallas.<\/p>\n\n\n\n<p>Tras un reporte por parte de los tripulantes en el que se\u00f1alaron &#8220;vibraciones&#8221; en el motor, el avi\u00f3n se desvi\u00f3 y aterriz\u00f3 &#8220;sin problemas&#8221; en el Aeropuerto Internacional de Denver alrededor de las 17:15 (hora local).<\/p>\n\n\n\n<p>No obstante, mientras rodaba hacia la puerta de embarque el motor se incendi\u00f3; posteriormente, se indic\u00f3 a los pasajeros salir por las rampas.&nbsp;<\/p>\n\n\n\n<figure class=\"wp-block-embed is-type-rich is-provider-twitter wp-block-embed-twitter\"><div class=\"wp-block-embed__wrapper\">\n<blockquote class=\"twitter-tweet\" data-width=\"550\" data-dnt=\"true\"><p lang=\"es\" dir=\"ltr\">\ud83c\uddfa\ud83c\uddf8 | \u00daLTIMA HORA<br><br>Avi\u00f3n de American Airlines se incendia en el aeropuerto de Denver, Colorado.<a href=\"https:\/\/t.co\/tXSFsqJlIx\">pic.twitter.com\/tXSFsqJlIx<\/a><\/p>&mdash; UHN PLUS (@UHN_Plus) <a href=\"https:\/\/twitter.com\/UHN_Plus\/status\/1900347866662724003?ref_src=twsrc%5Etfw\">March 14, 2025<\/a><\/blockquote><script async src=\"https:\/\/platform.twitter.com\/widgets.js\" charset=\"utf-8\"><\/script>\n<\/div><\/figure>\n\n\n\n<p>Ante este incidente, el Consulado General de M\u00e9xico en Denver puso a disposici\u00f3n los medios de contacto en caso de que alg\u00fan ciudadano mexicano se encuentre entre las v\u00edctimas.&nbsp;<\/p>\n\n\n\n<p>Por medio de su cuenta de X, inform\u00f3 que se puede establecer contacto en el tel\u00e9fono de emergencia o acerc\u00e1ndose al Departamento de Protecci\u00f3n.<\/p>\n\n\n\n<blockquote class=\"twitter-tweet\"><p lang=\"es\" dir=\"ltr\">\u26a0\ufe0fATENCI\u00d3N\u26a0\ufe0f <a href=\"https:\/\/t.co\/OsbrWQk6x1\">pic.twitter.com\/OsbrWQk6x1<\/a><\/p>&mdash; Consulmex Denver (@ConsulMexDen) <a href=\"https:\/\/twitter.com\/ConsulMexDen\/status\/1900352045225566405?ref_src=twsrc%5Etfw\">March 14, 2025<\/a><\/blockquote> <script async src=\"https:\/\/platform.twitter.com\/widgets.js\" charset=\"utf-8\"><\/script>\n","protected":false},"excerpt":{"rendered":"<p>Los pasajeros fueron evacuados y no se conocen datos sobre lesionados. Un avi\u00f3n de la compa\u00f1\u00eda American Airlines se incendi\u00f3 este jueves mientras se encontraba estacionado en el aeropuerto de Denver, Colorado, en Estados Unidos. Informaci\u00f3n preliminar indic\u00f3 que los pasajeros fueron desalojados por el ala del avi\u00f3n, sin que hasta el momento se conozcan [&hellip;]<\/p>\n","protected":false},"author":9,"featured_media":103875,"comment_status":"open","ping_status":"open","sticky":false,"template":"","format":"standard","meta":{"tdm_status":"","tdm_grid_status":"","footnotes":""},"categories":[39],"tags":[],"class_list":{"0":"post-103874","1":"post","2":"type-post","3":"status-publish","4":"format-standard","5":"has-post-thumbnail","7":"category-noticias-nacionales"},"yoast_head":"<!-- This site is optimized with the Yoast SEO plugin v27.4 - https:\/\/yoast.com\/product\/yoast-seo-wordpress\/ -->\n<title>\u00a1Otro accidente de avi\u00f3n en EU! Aeronave de American Airlines se incendia en Denver - Fuentes Fidedignas<\/title>\n<meta name=\"robots\" content=\"index, follow, max-snippet:-1, max-image-preview:large, max-video-preview:-1\" \/>\n<link rel=\"canonical\" href=\"https:\/\/fuentesfidedignas.com.mx\/index.php\/2025\/03\/13\/otro-accidente-de-avion-en-eu-aeronave-de-american-airlines-se-incendia-en-denver\/\" \/>\n<meta property=\"og:locale\" content=\"es_MX\" \/>\n<meta property=\"og:type\" content=\"article\" \/>\n<meta property=\"og:title\" content=\"\u00a1Otro accidente de avi\u00f3n en EU! Aeronave de American Airlines se incendia en Denver - Fuentes Fidedignas\" \/>\n<meta property=\"og:description\" content=\"Los pasajeros fueron evacuados y no se conocen datos sobre lesionados. Un avi\u00f3n de la compa\u00f1\u00eda American Airlines se incendi\u00f3 este jueves mientras se encontraba estacionado en el aeropuerto de Denver, Colorado, en Estados Unidos. Informaci\u00f3n preliminar indic\u00f3 que los pasajeros fueron desalojados por el ala del avi\u00f3n, sin que hasta el momento se conozcan [&hellip;]\" \/>\n<meta property=\"og:url\" content=\"https:\/\/fuentesfidedignas.com.mx\/index.php\/2025\/03\/13\/otro-accidente-de-avion-en-eu-aeronave-de-american-airlines-se-incendia-en-denver\/\" \/>\n<meta property=\"og:site_name\" content=\"Fuentes Fidedignas\" \/>\n<meta property=\"article:publisher\" content=\"https:\/\/www.facebook.com\/Fuentes-Fidedignas-368234489921644\" \/>\n<meta property=\"article:published_time\" content=\"2025-03-14T02:13:36+00:00\" \/>\n<meta property=\"article:modified_time\" content=\"2025-03-14T02:13:38+00:00\" \/>\n<meta property=\"og:image\" content=\"https:\/\/fuentesfidedignas.com.mx\/wp-content\/uploads\/2025\/03\/avion_Denver.jpg\" \/>\n\t<meta property=\"og:image:width\" content=\"600\" \/>\n\t<meta property=\"og:image:height\" content=\"374\" \/>\n\t<meta property=\"og:image:type\" content=\"image\/jpeg\" \/>\n<meta name=\"author\" content=\"Milenio\" \/>\n<meta name=\"twitter:card\" content=\"summary_large_image\" \/>\n<meta name=\"twitter:creator\" content=\"@fidedignas\" \/>\n<meta name=\"twitter:site\" content=\"@fidedignas\" \/>\n<meta name=\"twitter:label1\" content=\"Escrito por\" \/>\n\t<meta name=\"twitter:data1\" content=\"Milenio\" \/>\n\t<meta name=\"twitter:label2\" content=\"Tiempo de lectura\" \/>\n\t<meta name=\"twitter:data2\" content=\"2 minutos\" \/>\n<script type=\"application\/ld+json\" class=\"yoast-schema-graph\">{\"@context\":\"https:\\\/\\\/schema.org\",\"@graph\":[{\"@type\":\"Article\",\"@id\":\"https:\\\/\\\/fuentesfidedignas.com.mx\\\/index.php\\\/2025\\\/03\\\/13\\\/otro-accidente-de-avion-en-eu-aeronave-de-american-airlines-se-incendia-en-denver\\\/#article\",\"isPartOf\":{\"@id\":\"https:\\\/\\\/fuentesfidedignas.com.mx\\\/index.php\\\/2025\\\/03\\\/13\\\/otro-accidente-de-avion-en-eu-aeronave-de-american-airlines-se-incendia-en-denver\\\/\"},\"author\":{\"name\":\"Milenio\",\"@id\":\"https:\\\/\\\/fuentesfidedignas.com.mx\\\/#\\\/schema\\\/person\\\/47ec0135738f4b0c7495f06a77a2c976\"},\"headline\":\"\u00a1Otro accidente de avi\u00f3n en EU! Aeronave de American Airlines se incendia en Denver\",\"datePublished\":\"2025-03-14T02:13:36+00:00\",\"dateModified\":\"2025-03-14T02:13:38+00:00\",\"mainEntityOfPage\":{\"@id\":\"https:\\\/\\\/fuentesfidedignas.com.mx\\\/index.php\\\/2025\\\/03\\\/13\\\/otro-accidente-de-avion-en-eu-aeronave-de-american-airlines-se-incendia-en-denver\\\/\"},\"wordCount\":302,\"commentCount\":0,\"publisher\":{\"@id\":\"https:\\\/\\\/fuentesfidedignas.com.mx\\\/#organization\"},\"image\":{\"@id\":\"https:\\\/\\\/fuentesfidedignas.com.mx\\\/index.php\\\/2025\\\/03\\\/13\\\/otro-accidente-de-avion-en-eu-aeronave-de-american-airlines-se-incendia-en-denver\\\/#primaryimage\"},\"thumbnailUrl\":\"https:\\\/\\\/fuentesfidedignas.com.mx\\\/wp-content\\\/uploads\\\/2025\\\/03\\\/avion_Denver.jpg\",\"articleSection\":[\"NOTICIAS NACIONALES\"],\"inLanguage\":\"es\",\"potentialAction\":[{\"@type\":\"CommentAction\",\"name\":\"Comment\",\"target\":[\"https:\\\/\\\/fuentesfidedignas.com.mx\\\/index.php\\\/2025\\\/03\\\/13\\\/otro-accidente-de-avion-en-eu-aeronave-de-american-airlines-se-incendia-en-denver\\\/#respond\"]}]},{\"@type\":\"WebPage\",\"@id\":\"https:\\\/\\\/fuentesfidedignas.com.mx\\\/index.php\\\/2025\\\/03\\\/13\\\/otro-accidente-de-avion-en-eu-aeronave-de-american-airlines-se-incendia-en-denver\\\/\",\"url\":\"https:\\\/\\\/fuentesfidedignas.com.mx\\\/index.php\\\/2025\\\/03\\\/13\\\/otro-accidente-de-avion-en-eu-aeronave-de-american-airlines-se-incendia-en-denver\\\/\",\"name\":\"\u00a1Otro accidente de avi\u00f3n en EU! Aeronave de American Airlines se incendia en Denver - Fuentes Fidedignas\",\"isPartOf\":{\"@id\":\"https:\\\/\\\/fuentesfidedignas.com.mx\\\/#website\"},\"primaryImageOfPage\":{\"@id\":\"https:\\\/\\\/fuentesfidedignas.com.mx\\\/index.php\\\/2025\\\/03\\\/13\\\/otro-accidente-de-avion-en-eu-aeronave-de-american-airlines-se-incendia-en-denver\\\/#primaryimage\"},\"image\":{\"@id\":\"https:\\\/\\\/fuentesfidedignas.com.mx\\\/index.php\\\/2025\\\/03\\\/13\\\/otro-accidente-de-avion-en-eu-aeronave-de-american-airlines-se-incendia-en-denver\\\/#primaryimage\"},\"thumbnailUrl\":\"https:\\\/\\\/fuentesfidedignas.com.mx\\\/wp-content\\\/uploads\\\/2025\\\/03\\\/avion_Denver.jpg\",\"datePublished\":\"2025-03-14T02:13:36+00:00\",\"dateModified\":\"2025-03-14T02:13:38+00:00\",\"breadcrumb\":{\"@id\":\"https:\\\/\\\/fuentesfidedignas.com.mx\\\/index.php\\\/2025\\\/03\\\/13\\\/otro-accidente-de-avion-en-eu-aeronave-de-american-airlines-se-incendia-en-denver\\\/#breadcrumb\"},\"inLanguage\":\"es\",\"potentialAction\":[{\"@type\":\"ReadAction\",\"target\":[\"https:\\\/\\\/fuentesfidedignas.com.mx\\\/index.php\\\/2025\\\/03\\\/13\\\/otro-accidente-de-avion-en-eu-aeronave-de-american-airlines-se-incendia-en-denver\\\/\"]}]},{\"@type\":\"ImageObject\",\"inLanguage\":\"es\",\"@id\":\"https:\\\/\\\/fuentesfidedignas.com.mx\\\/index.php\\\/2025\\\/03\\\/13\\\/otro-accidente-de-avion-en-eu-aeronave-de-american-airlines-se-incendia-en-denver\\\/#primaryimage\",\"url\":\"https:\\\/\\\/fuentesfidedignas.com.mx\\\/wp-content\\\/uploads\\\/2025\\\/03\\\/avion_Denver.jpg\",\"contentUrl\":\"https:\\\/\\\/fuentesfidedignas.com.mx\\\/wp-content\\\/uploads\\\/2025\\\/03\\\/avion_Denver.jpg\",\"width\":600,\"height\":374},{\"@type\":\"BreadcrumbList\",\"@id\":\"https:\\\/\\\/fuentesfidedignas.com.mx\\\/index.php\\\/2025\\\/03\\\/13\\\/otro-accidente-de-avion-en-eu-aeronave-de-american-airlines-se-incendia-en-denver\\\/#breadcrumb\",\"itemListElement\":[{\"@type\":\"ListItem\",\"position\":1,\"name\":\"Inicio\",\"item\":\"https:\\\/\\\/fuentesfidedignas.com.mx\\\/\"},{\"@type\":\"ListItem\",\"position\":2,\"name\":\"\u00a1Otro accidente de avi\u00f3n en EU! Aeronave de American Airlines se incendia en Denver\"}]},{\"@type\":\"WebSite\",\"@id\":\"https:\\\/\\\/fuentesfidedignas.com.mx\\\/#website\",\"url\":\"https:\\\/\\\/fuentesfidedignas.com.mx\\\/\",\"name\":\"Fuentes Fidedignas\",\"description\":\"Otro sitio realizado con WordPress\",\"publisher\":{\"@id\":\"https:\\\/\\\/fuentesfidedignas.com.mx\\\/#organization\"},\"potentialAction\":[{\"@type\":\"SearchAction\",\"target\":{\"@type\":\"EntryPoint\",\"urlTemplate\":\"https:\\\/\\\/fuentesfidedignas.com.mx\\\/?s={search_term_string}\"},\"query-input\":{\"@type\":\"PropertyValueSpecification\",\"valueRequired\":true,\"valueName\":\"search_term_string\"}}],\"inLanguage\":\"es\"},{\"@type\":\"Organization\",\"@id\":\"https:\\\/\\\/fuentesfidedignas.com.mx\\\/#organization\",\"name\":\"Fuentes Fidedignas\",\"url\":\"https:\\\/\\\/fuentesfidedignas.com.mx\\\/\",\"logo\":{\"@type\":\"ImageObject\",\"inLanguage\":\"es\",\"@id\":\"https:\\\/\\\/fuentesfidedignas.com.mx\\\/#\\\/schema\\\/logo\\\/image\\\/\",\"url\":\"https:\\\/\\\/fuentesfidedignas.com.mx\\\/wp-content\\\/uploads\\\/2021\\\/04\\\/logo-retina.png\",\"contentUrl\":\"https:\\\/\\\/fuentesfidedignas.com.mx\\\/wp-content\\\/uploads\\\/2021\\\/04\\\/logo-retina.png\",\"width\":280,\"height\":51,\"caption\":\"Fuentes Fidedignas\"},\"image\":{\"@id\":\"https:\\\/\\\/fuentesfidedignas.com.mx\\\/#\\\/schema\\\/logo\\\/image\\\/\"},\"sameAs\":[\"https:\\\/\\\/www.facebook.com\\\/Fuentes-Fidedignas-368234489921644\",\"https:\\\/\\\/x.com\\\/fidedignas\"]},{\"@type\":\"Person\",\"@id\":\"https:\\\/\\\/fuentesfidedignas.com.mx\\\/#\\\/schema\\\/person\\\/47ec0135738f4b0c7495f06a77a2c976\",\"name\":\"Milenio\",\"image\":{\"@type\":\"ImageObject\",\"inLanguage\":\"es\",\"@id\":\"https:\\\/\\\/secure.gravatar.com\\\/avatar\\\/acabf7b54753e51c2c76457954577c236b3b764789b19879565769739d1e4a75?s=96&d=mm&r=g\",\"url\":\"https:\\\/\\\/secure.gravatar.com\\\/avatar\\\/acabf7b54753e51c2c76457954577c236b3b764789b19879565769739d1e4a75?s=96&d=mm&r=g\",\"contentUrl\":\"https:\\\/\\\/secure.gravatar.com\\\/avatar\\\/acabf7b54753e51c2c76457954577c236b3b764789b19879565769739d1e4a75?s=96&d=mm&r=g\",\"caption\":\"Milenio\"},\"url\":\"https:\\\/\\\/fuentesfidedignas.com.mx\\\/index.php\\\/author\\\/milenio\\\/\"}]}<\/script>\n<!-- \/ Yoast SEO plugin. -->","yoast_head_json":{"title":"\u00a1Otro accidente de avi\u00f3n en EU! Aeronave de American Airlines se incendia en Denver - Fuentes Fidedignas","robots":{"index":"index","follow":"follow","max-snippet":"max-snippet:-1","max-image-preview":"max-image-preview:large","max-video-preview":"max-video-preview:-1"},"canonical":"https:\/\/fuentesfidedignas.com.mx\/index.php\/2025\/03\/13\/otro-accidente-de-avion-en-eu-aeronave-de-american-airlines-se-incendia-en-denver\/","og_locale":"es_MX","og_type":"article","og_title":"\u00a1Otro accidente de avi\u00f3n en EU! Aeronave de American Airlines se incendia en Denver - Fuentes Fidedignas","og_description":"Los pasajeros fueron evacuados y no se conocen datos sobre lesionados. Un avi\u00f3n de la compa\u00f1\u00eda American Airlines se incendi\u00f3 este jueves mientras se encontraba estacionado en el aeropuerto de Denver, Colorado, en Estados Unidos. Informaci\u00f3n preliminar indic\u00f3 que los pasajeros fueron desalojados por el ala del avi\u00f3n, sin que hasta el momento se conozcan [&hellip;]","og_url":"https:\/\/fuentesfidedignas.com.mx\/index.php\/2025\/03\/13\/otro-accidente-de-avion-en-eu-aeronave-de-american-airlines-se-incendia-en-denver\/","og_site_name":"Fuentes Fidedignas","article_publisher":"https:\/\/www.facebook.com\/Fuentes-Fidedignas-368234489921644","article_published_time":"2025-03-14T02:13:36+00:00","article_modified_time":"2025-03-14T02:13:38+00:00","og_image":[{"width":600,"height":374,"url":"https:\/\/fuentesfidedignas.com.mx\/wp-content\/uploads\/2025\/03\/avion_Denver.jpg","type":"image\/jpeg"}],"author":"Milenio","twitter_card":"summary_large_image","twitter_creator":"@fidedignas","twitter_site":"@fidedignas","twitter_misc":{"Escrito por":"Milenio","Tiempo de lectura":"2 minutos"},"schema":{"@context":"https:\/\/schema.org","@graph":[{"@type":"Article","@id":"https:\/\/fuentesfidedignas.com.mx\/index.php\/2025\/03\/13\/otro-accidente-de-avion-en-eu-aeronave-de-american-airlines-se-incendia-en-denver\/#article","isPartOf":{"@id":"https:\/\/fuentesfidedignas.com.mx\/index.php\/2025\/03\/13\/otro-accidente-de-avion-en-eu-aeronave-de-american-airlines-se-incendia-en-denver\/"},"author":{"name":"Milenio","@id":"https:\/\/fuentesfidedignas.com.mx\/#\/schema\/person\/47ec0135738f4b0c7495f06a77a2c976"},"headline":"\u00a1Otro accidente de avi\u00f3n en EU! Aeronave de American Airlines se incendia en Denver","datePublished":"2025-03-14T02:13:36+00:00","dateModified":"2025-03-14T02:13:38+00:00","mainEntityOfPage":{"@id":"https:\/\/fuentesfidedignas.com.mx\/index.php\/2025\/03\/13\/otro-accidente-de-avion-en-eu-aeronave-de-american-airlines-se-incendia-en-denver\/"},"wordCount":302,"commentCount":0,"publisher":{"@id":"https:\/\/fuentesfidedignas.com.mx\/#organization"},"image":{"@id":"https:\/\/fuentesfidedignas.com.mx\/index.php\/2025\/03\/13\/otro-accidente-de-avion-en-eu-aeronave-de-american-airlines-se-incendia-en-denver\/#primaryimage"},"thumbnailUrl":"https:\/\/fuentesfidedignas.com.mx\/wp-content\/uploads\/2025\/03\/avion_Denver.jpg","articleSection":["NOTICIAS NACIONALES"],"inLanguage":"es","potentialAction":[{"@type":"CommentAction","name":"Comment","target":["https:\/\/fuentesfidedignas.com.mx\/index.php\/2025\/03\/13\/otro-accidente-de-avion-en-eu-aeronave-de-american-airlines-se-incendia-en-denver\/#respond"]}]},{"@type":"WebPage","@id":"https:\/\/fuentesfidedignas.com.mx\/index.php\/2025\/03\/13\/otro-accidente-de-avion-en-eu-aeronave-de-american-airlines-se-incendia-en-denver\/","url":"https:\/\/fuentesfidedignas.com.mx\/index.php\/2025\/03\/13\/otro-accidente-de-avion-en-eu-aeronave-de-american-airlines-se-incendia-en-denver\/","name":"\u00a1Otro accidente de avi\u00f3n en EU! Aeronave de American Airlines se incendia en Denver - Fuentes Fidedignas","isPartOf":{"@id":"https:\/\/fuentesfidedignas.com.mx\/#website"},"primaryImageOfPage":{"@id":"https:\/\/fuentesfidedignas.com.mx\/index.php\/2025\/03\/13\/otro-accidente-de-avion-en-eu-aeronave-de-american-airlines-se-incendia-en-denver\/#primaryimage"},"image":{"@id":"https:\/\/fuentesfidedignas.com.mx\/index.php\/2025\/03\/13\/otro-accidente-de-avion-en-eu-aeronave-de-american-airlines-se-incendia-en-denver\/#primaryimage"},"thumbnailUrl":"https:\/\/fuentesfidedignas.com.mx\/wp-content\/uploads\/2025\/03\/avion_Denver.jpg","datePublished":"2025-03-14T02:13:36+00:00","dateModified":"2025-03-14T02:13:38+00:00","breadcrumb":{"@id":"https:\/\/fuentesfidedignas.com.mx\/index.php\/2025\/03\/13\/otro-accidente-de-avion-en-eu-aeronave-de-american-airlines-se-incendia-en-denver\/#breadcrumb"},"inLanguage":"es","potentialAction":[{"@type":"ReadAction","target":["https:\/\/fuentesfidedignas.com.mx\/index.php\/2025\/03\/13\/otro-accidente-de-avion-en-eu-aeronave-de-american-airlines-se-incendia-en-denver\/"]}]},{"@type":"ImageObject","inLanguage":"es","@id":"https:\/\/fuentesfidedignas.com.mx\/index.php\/2025\/03\/13\/otro-accidente-de-avion-en-eu-aeronave-de-american-airlines-se-incendia-en-denver\/#primaryimage","url":"https:\/\/fuentesfidedignas.com.mx\/wp-content\/uploads\/2025\/03\/avion_Denver.jpg","contentUrl":"https:\/\/fuentesfidedignas.com.mx\/wp-content\/uploads\/2025\/03\/avion_Denver.jpg","width":600,"height":374},{"@type":"BreadcrumbList","@id":"https:\/\/fuentesfidedignas.com.mx\/index.php\/2025\/03\/13\/otro-accidente-de-avion-en-eu-aeronave-de-american-airlines-se-incendia-en-denver\/#breadcrumb","itemListElement":[{"@type":"ListItem","position":1,"name":"Inicio","item":"https:\/\/fuentesfidedignas.com.mx\/"},{"@type":"ListItem","position":2,"name":"\u00a1Otro accidente de avi\u00f3n en EU! Aeronave de American Airlines se incendia en Denver"}]},{"@type":"WebSite","@id":"https:\/\/fuentesfidedignas.com.mx\/#website","url":"https:\/\/fuentesfidedignas.com.mx\/","name":"Fuentes Fidedignas","description":"Otro sitio realizado con WordPress","publisher":{"@id":"https:\/\/fuentesfidedignas.com.mx\/#organization"},"potentialAction":[{"@type":"SearchAction","target":{"@type":"EntryPoint","urlTemplate":"https:\/\/fuentesfidedignas.com.mx\/?s={search_term_string}"},"query-input":{"@type":"PropertyValueSpecification","valueRequired":true,"valueName":"search_term_string"}}],"inLanguage":"es"},{"@type":"Organization","@id":"https:\/\/fuentesfidedignas.com.mx\/#organization","name":"Fuentes Fidedignas","url":"https:\/\/fuentesfidedignas.com.mx\/","logo":{"@type":"ImageObject","inLanguage":"es","@id":"https:\/\/fuentesfidedignas.com.mx\/#\/schema\/logo\/image\/","url":"https:\/\/fuentesfidedignas.com.mx\/wp-content\/uploads\/2021\/04\/logo-retina.png","contentUrl":"https:\/\/fuentesfidedignas.com.mx\/wp-content\/uploads\/2021\/04\/logo-retina.png","width":280,"height":51,"caption":"Fuentes Fidedignas"},"image":{"@id":"https:\/\/fuentesfidedignas.com.mx\/#\/schema\/logo\/image\/"},"sameAs":["https:\/\/www.facebook.com\/Fuentes-Fidedignas-368234489921644","https:\/\/x.com\/fidedignas"]},{"@type":"Person","@id":"https:\/\/fuentesfidedignas.com.mx\/#\/schema\/person\/47ec0135738f4b0c7495f06a77a2c976","name":"Milenio","image":{"@type":"ImageObject","inLanguage":"es","@id":"https:\/\/secure.gravatar.com\/avatar\/acabf7b54753e51c2c76457954577c236b3b764789b19879565769739d1e4a75?s=96&d=mm&r=g","url":"https:\/\/secure.gravatar.com\/avatar\/acabf7b54753e51c2c76457954577c236b3b764789b19879565769739d1e4a75?s=96&d=mm&r=g","contentUrl":"https:\/\/secure.gravatar.com\/avatar\/acabf7b54753e51c2c76457954577c236b3b764789b19879565769739d1e4a75?s=96&d=mm&r=g","caption":"Milenio"},"url":"https:\/\/fuentesfidedignas.com.mx\/index.php\/author\/milenio\/"}]}},"_links":{"self":[{"href":"https:\/\/fuentesfidedignas.com.mx\/index.php\/wp-json\/wp\/v2\/posts\/103874","targetHints":{"allow":["GET"]}}],"collection":[{"href":"https:\/\/fuentesfidedignas.com.mx\/index.php\/wp-json\/wp\/v2\/posts"}],"about":[{"href":"https:\/\/fuentesfidedignas.com.mx\/index.php\/wp-json\/wp\/v2\/types\/post"}],"author":[{"embeddable":true,"href":"https:\/\/fuentesfidedignas.com.mx\/index.php\/wp-json\/wp\/v2\/users\/9"}],"replies":[{"embeddable":true,"href":"https:\/\/fuentesfidedignas.com.mx\/index.php\/wp-json\/wp\/v2\/comments?post=103874"}],"version-history":[{"count":1,"href":"https:\/\/fuentesfidedignas.com.mx\/index.php\/wp-json\/wp\/v2\/posts\/103874\/revisions"}],"predecessor-version":[{"id":103876,"href":"https:\/\/fuentesfidedignas.com.mx\/index.php\/wp-json\/wp\/v2\/posts\/103874\/revisions\/103876"}],"wp:featuredmedia":[{"embeddable":true,"href":"https:\/\/fuentesfidedignas.com.mx\/index.php\/wp-json\/wp\/v2\/media\/103875"}],"wp:attachment":[{"href":"https:\/\/fuentesfidedignas.com.mx\/index.php\/wp-json\/wp\/v2\/media?parent=103874"}],"wp:term":[{"taxonomy":"category","embeddable":true,"href":"https:\/\/fuentesfidedignas.com.mx\/index.php\/wp-json\/wp\/v2\/categories?post=103874"},{"taxonomy":"post_tag","embeddable":true,"href":"https:\/\/fuentesfidedignas.com.mx\/index.php\/wp-json\/wp\/v2\/tags?post=103874"}],"curies":[{"name":"wp","href":"https:\/\/api.w.org\/{rel}","templated":true}]}}