{"id":103862,"date":"2025-03-14T04:48:00","date_gmt":"2025-03-14T11:48:00","guid":{"rendered":"https:\/\/fuentesfidedignas.com.mx\/?p=103862"},"modified":"2025-03-13T18:01:01","modified_gmt":"2025-03-14T01:01:01","slug":"video-corren-a-mujer-de-gimnasio-por-su-ropa-deportiva-no-quiero-volver-a-regresar","status":"publish","type":"post","link":"https:\/\/fuentesfidedignas.com.mx\/index.php\/2025\/03\/14\/video-corren-a-mujer-de-gimnasio-por-su-ropa-deportiva-no-quiero-volver-a-regresar\/","title":{"rendered":"VIDEO | Corren a mujer de gimnasio por su ropa deportiva: \u201cNo quiero volver a regresar\u201d"},"content":{"rendered":"\n<p><strong><em>&#8220;Hermosa, \u00bfes que tambi\u00e9n t\u00fa? \u00bfC\u00f3mo se te ocurre ir con ropa de gym al gym?&#8221;, escribi\u00f3 un internauta luego de que la mujer dio a conocer que la corrieron por su ropa deportiva.<\/em><\/strong><\/p>\n\n\n\n<p>Una joven se viraliz\u00f3 en redes sociales luego de que dio a conocer que la corrieron de un&nbsp;gimnasio por la ropa deportiva con la que se present\u00f3.&nbsp;<\/p>\n\n\n\n<p>Su testimonio r\u00e1pidamente gener\u00f3 gran indignaci\u00f3n entre sus seguidores pues asegur\u00f3 que dicha\u00a0experiencia le provoc\u00f3 ya no querer regresar\u00a0al lugar.\u00a0<\/p>\n\n\n\n<p><strong>As\u00ed dio a conocer que la corrieron de un gimnasio\u00a0<\/strong><\/p>\n\n\n\n<p>Fue a trav\u00e9s de la cuenta de TikTok&nbsp;@marisa_padilla8, en donde la creadora de contenido&nbsp;Marisa Padilla revel\u00f3 el momento en el que la corrieron mientras estaba haciendo ejercicio en un gimnasio.&nbsp;<\/p>\n\n\n\n<p>&#8220;Oigan, vengo del gimnasio y me dijeron que no puedo entrar con este tipo de ropa&#8221;, inici\u00f3 diciendo Patilla en su video de TikTok.<br>De acuerdo con la joven, la situaci\u00f3n le gener\u00f3 gran indignaci\u00f3n debido a que ni su pap\u00e1 le dice c\u00f3mo vestirse.<\/p>\n\n\n\n<p>&#8220;Entonces ni mi pap\u00e1, g\u00fcey. O sea, ni mi pap\u00e1 cuando me iba al antro me dec\u00eda eso, para esto es el m\u00e1s el gym&#8221;, agreg\u00f3.\u00a0<\/p>\n\n\n\n<p>Visiblemente molesta por la situaci\u00f3n,\u00a0Marisa Padilla se\u00f1al\u00f3 que est\u00e1\u00a0&#8220;super asqueada del gimnasio&#8221; y ya no quiere regresar a hacer ejercicio. Adem\u00e1s, mostr\u00f3 su atuendo, el cual consisti\u00f3 en un conjunto deportivo color rosa de dos piezas.\u00a0<\/p>\n\n\n\n<p>Tras haber publicado su video viral, la joven fue cuestionada por una internauta sobre si hab\u00eda otra raz\u00f3n por el que la corrieron, ya que a ella le parec\u00eda bastante normal y c\u00f3modo su atuendo.&nbsp;&nbsp;<\/p>\n\n\n\n<p>Ante ello, la creadora de contenido respondi\u00f3:&nbsp;&#8220;Tambi\u00e9n yo me sent\u00eda c\u00f3moda y hasta me sent\u00ed como mal conmigo misma por culpa de ellos&#8221;.&nbsp;<\/p>\n\n\n\n<p>&#8220;Pero luego dije, los pendej<em>s son ellos, as\u00ed que un pendej<\/em> no me puede hacer sentir mal (\u2026) El chavo me dijo que usara short deportivo o pants&#8221;, sum\u00f3.<br>Redes reaccionan<\/p>\n\n\n\n<p>El\u00a0video viral de TikTok\u00a0de la joven, hasta el momento, ha sumado m\u00e1s de 500 mil reproducciones, 22 mil me gusta y casi mil comentarios; a continuaci\u00f3n te dejamos algunas de las reacciones de los internautas:\u00a0<\/p>\n\n\n\n<ul class=\"wp-block-list\">\n<li>&#8220;Hermosa, \u00bfes que tambi\u00e9n t\u00fa? \u00bfC\u00f3mo se te ocurre ir con ropa de gym al gym?&#8221;.\u00a0<\/li>\n\n\n\n<li>&#8220;Tal vez deb\u00edas de haber ido con los leggins camuflajeados, tenis Nike Blazer y una playera oversize, pero con la parte de atr\u00e1s metida en los calzones&#8221;.<\/li>\n\n\n\n<li>&#8220;Es que tambi\u00e9n t\u00fa, hermosa\u2026 \u00bfc\u00f3mo que el Smartfit?&#8221;.<\/li>\n\n\n\n<li>&#8220;\u00a1What! \u00bfPero cu\u00e1l es la raz\u00f3n? \u00bfQu\u00e9 te dijeron? Yo no veo problema en el outfit&#8221;.<\/li>\n\n\n\n<li>&#8220;Es la ropa m\u00e1s decente que he visto, hermana, ja, ja, ja. \u00bfC\u00f3mo que no?&#8221;.<\/li>\n\n\n\n<li>&#8220;He visto mujeres m\u00e1s reveladoras en el Smartfit. Creo que te agarraron personal&#8221;.<\/li>\n\n\n\n<li>&#8220;Yo trabajo en Smartfit y no veo nada malo en tu vestimenta. Es ropa deportiva.&#8221;<\/li>\n\n\n\n<li>&#8220;Es la ropa deportiva m\u00e1s decente que he visto\u2026 tal vez ten\u00edas que ir con un top y un mini short&#8221;.<\/li>\n\n\n\n<li>&#8220;Pregunta: \u00bfy qu\u00e9 ropa se supone que tienes que ponerte? Se ve normal para un gimnasio&#8221;.<\/li>\n\n\n\n<li>&#8220;No le veo nada de malo, pero reglas son reglas&#8221;.<\/li>\n\n\n\n<li>&#8220;No entiendo c\u00f3mo hay gente que va con ropa deportiva a hacer deporte&#8221;.<\/li>\n\n\n\n<li>&#8220;Pues m\u00e1s bien es porque ibas muy tapada, ja, ja, ja. Hay hombres que llevan licras m\u00e1s chiquitas que las tuyas y ni les dicen nada&#8221;.<\/li>\n\n\n\n<li>&#8220;Yo creo que fue m\u00e1s rollo del empleado o el encargado. A las sucursales que he ido, las chicas van con licras chiquitas y no han dicho nada. Mete la queja&#8221;.<\/li>\n<\/ul>\n\n\n\n<p><strong>Mira el video aqu\u00ed:\u00a0<\/strong><\/p>\n\n\n\n<blockquote class=\"tiktok-embed\" cite=\"https:\/\/www.tiktok.com\/@marisa_padilla8\/video\/7478566031334722823\" data-video-id=\"7478566031334722823\" style=\"max-width: 605px;min-width: 325px;\" > <section> <a target=\"_blank\" title=\"@marisa_padilla8\" href=\"https:\/\/www.tiktok.com\/@marisa_padilla8?refer=embed\">@marisa_padilla8<\/a> Que alguien le explique a @smartfitmx <a target=\"_blank\" title=\"\u266c sonido original - Marisa padilla\ud83c\uddf5\ud83c\uddf8\ud83c\udde8\ud83c\udde9\ud83c\udde8\ud83c\uddec\u270c\ufe0f\u262e\ufe0f\" href=\"https:\/\/www.tiktok.com\/music\/sonido-original-7478566076901493505?refer=embed\">\u266c sonido original &#8211; Marisa padilla\ud83c\uddf5\ud83c\uddf8\ud83c\udde8\ud83c\udde9\ud83c\udde8\ud83c\uddec\u270c\ufe0f\u262e\ufe0f<\/a> <\/section> <\/blockquote> <script async src=\"https:\/\/www.tiktok.com\/embed.js\"><\/script>\n","protected":false},"excerpt":{"rendered":"<p>&#8220;Hermosa, \u00bfes que tambi\u00e9n t\u00fa? \u00bfC\u00f3mo se te ocurre ir con ropa de gym al gym?&#8221;, escribi\u00f3 un internauta luego de que la mujer dio a conocer que la corrieron por su ropa deportiva. Una joven se viraliz\u00f3 en redes sociales luego de que dio a conocer que la corrieron de un&nbsp;gimnasio por la ropa [&hellip;]<\/p>\n","protected":false},"author":9,"featured_media":103863,"comment_status":"open","ping_status":"open","sticky":false,"template":"","format":"standard","meta":{"tdm_status":"","tdm_grid_status":"","footnotes":""},"categories":[40],"tags":[],"class_list":{"0":"post-103862","1":"post","2":"type-post","3":"status-publish","4":"format-standard","5":"has-post-thumbnail","7":"category-las-asombrosas"},"yoast_head":"<!-- This site is optimized with the Yoast SEO plugin v27.4 - https:\/\/yoast.com\/product\/yoast-seo-wordpress\/ -->\n<title>VIDEO | Corren a mujer de gimnasio por su ropa deportiva: \u201cNo quiero volver a regresar\u201d - Fuentes Fidedignas<\/title>\n<meta name=\"robots\" content=\"index, follow, max-snippet:-1, max-image-preview:large, max-video-preview:-1\" \/>\n<link rel=\"canonical\" href=\"https:\/\/fuentesfidedignas.com.mx\/index.php\/2025\/03\/14\/video-corren-a-mujer-de-gimnasio-por-su-ropa-deportiva-no-quiero-volver-a-regresar\/\" \/>\n<meta property=\"og:locale\" content=\"es_MX\" \/>\n<meta property=\"og:type\" content=\"article\" \/>\n<meta property=\"og:title\" content=\"VIDEO | Corren a mujer de gimnasio por su ropa deportiva: \u201cNo quiero volver a regresar\u201d - Fuentes Fidedignas\" \/>\n<meta property=\"og:description\" content=\"&#8220;Hermosa, \u00bfes que tambi\u00e9n t\u00fa? \u00bfC\u00f3mo se te ocurre ir con ropa de gym al gym?&#8221;, escribi\u00f3 un internauta luego de que la mujer dio a conocer que la corrieron por su ropa deportiva. Una joven se viraliz\u00f3 en redes sociales luego de que dio a conocer que la corrieron de un&nbsp;gimnasio por la ropa [&hellip;]\" \/>\n<meta property=\"og:url\" content=\"https:\/\/fuentesfidedignas.com.mx\/index.php\/2025\/03\/14\/video-corren-a-mujer-de-gimnasio-por-su-ropa-deportiva-no-quiero-volver-a-regresar\/\" \/>\n<meta property=\"og:site_name\" content=\"Fuentes Fidedignas\" \/>\n<meta property=\"article:publisher\" content=\"https:\/\/www.facebook.com\/Fuentes-Fidedignas-368234489921644\" \/>\n<meta property=\"article:published_time\" content=\"2025-03-14T11:48:00+00:00\" \/>\n<meta property=\"og:image\" content=\"https:\/\/fuentesfidedignas.com.mx\/wp-content\/uploads\/2025\/03\/Ropa_gym.jpg\" \/>\n\t<meta property=\"og:image:width\" content=\"600\" \/>\n\t<meta property=\"og:image:height\" content=\"378\" \/>\n\t<meta property=\"og:image:type\" content=\"image\/jpeg\" \/>\n<meta name=\"author\" content=\"Milenio\" \/>\n<meta name=\"twitter:card\" content=\"summary_large_image\" \/>\n<meta name=\"twitter:creator\" content=\"@fidedignas\" \/>\n<meta name=\"twitter:site\" content=\"@fidedignas\" \/>\n<meta name=\"twitter:label1\" content=\"Escrito por\" \/>\n\t<meta name=\"twitter:data1\" content=\"Milenio\" \/>\n\t<meta name=\"twitter:label2\" content=\"Tiempo de lectura\" \/>\n\t<meta name=\"twitter:data2\" content=\"3 minutos\" \/>\n<script type=\"application\/ld+json\" class=\"yoast-schema-graph\">{\"@context\":\"https:\\\/\\\/schema.org\",\"@graph\":[{\"@type\":\"Article\",\"@id\":\"https:\\\/\\\/fuentesfidedignas.com.mx\\\/index.php\\\/2025\\\/03\\\/14\\\/video-corren-a-mujer-de-gimnasio-por-su-ropa-deportiva-no-quiero-volver-a-regresar\\\/#article\",\"isPartOf\":{\"@id\":\"https:\\\/\\\/fuentesfidedignas.com.mx\\\/index.php\\\/2025\\\/03\\\/14\\\/video-corren-a-mujer-de-gimnasio-por-su-ropa-deportiva-no-quiero-volver-a-regresar\\\/\"},\"author\":{\"name\":\"Milenio\",\"@id\":\"https:\\\/\\\/fuentesfidedignas.com.mx\\\/#\\\/schema\\\/person\\\/47ec0135738f4b0c7495f06a77a2c976\"},\"headline\":\"VIDEO | Corren a mujer de gimnasio por su ropa deportiva: \u201cNo quiero volver a regresar\u201d\",\"datePublished\":\"2025-03-14T11:48:00+00:00\",\"mainEntityOfPage\":{\"@id\":\"https:\\\/\\\/fuentesfidedignas.com.mx\\\/index.php\\\/2025\\\/03\\\/14\\\/video-corren-a-mujer-de-gimnasio-por-su-ropa-deportiva-no-quiero-volver-a-regresar\\\/\"},\"wordCount\":669,\"commentCount\":0,\"publisher\":{\"@id\":\"https:\\\/\\\/fuentesfidedignas.com.mx\\\/#organization\"},\"image\":{\"@id\":\"https:\\\/\\\/fuentesfidedignas.com.mx\\\/index.php\\\/2025\\\/03\\\/14\\\/video-corren-a-mujer-de-gimnasio-por-su-ropa-deportiva-no-quiero-volver-a-regresar\\\/#primaryimage\"},\"thumbnailUrl\":\"https:\\\/\\\/fuentesfidedignas.com.mx\\\/wp-content\\\/uploads\\\/2025\\\/03\\\/Ropa_gym.jpg\",\"articleSection\":[\"LAS ASOMBROSAS\"],\"inLanguage\":\"es\",\"potentialAction\":[{\"@type\":\"CommentAction\",\"name\":\"Comment\",\"target\":[\"https:\\\/\\\/fuentesfidedignas.com.mx\\\/index.php\\\/2025\\\/03\\\/14\\\/video-corren-a-mujer-de-gimnasio-por-su-ropa-deportiva-no-quiero-volver-a-regresar\\\/#respond\"]}]},{\"@type\":\"WebPage\",\"@id\":\"https:\\\/\\\/fuentesfidedignas.com.mx\\\/index.php\\\/2025\\\/03\\\/14\\\/video-corren-a-mujer-de-gimnasio-por-su-ropa-deportiva-no-quiero-volver-a-regresar\\\/\",\"url\":\"https:\\\/\\\/fuentesfidedignas.com.mx\\\/index.php\\\/2025\\\/03\\\/14\\\/video-corren-a-mujer-de-gimnasio-por-su-ropa-deportiva-no-quiero-volver-a-regresar\\\/\",\"name\":\"VIDEO | Corren a mujer de gimnasio por su ropa deportiva: \u201cNo quiero volver a regresar\u201d - Fuentes Fidedignas\",\"isPartOf\":{\"@id\":\"https:\\\/\\\/fuentesfidedignas.com.mx\\\/#website\"},\"primaryImageOfPage\":{\"@id\":\"https:\\\/\\\/fuentesfidedignas.com.mx\\\/index.php\\\/2025\\\/03\\\/14\\\/video-corren-a-mujer-de-gimnasio-por-su-ropa-deportiva-no-quiero-volver-a-regresar\\\/#primaryimage\"},\"image\":{\"@id\":\"https:\\\/\\\/fuentesfidedignas.com.mx\\\/index.php\\\/2025\\\/03\\\/14\\\/video-corren-a-mujer-de-gimnasio-por-su-ropa-deportiva-no-quiero-volver-a-regresar\\\/#primaryimage\"},\"thumbnailUrl\":\"https:\\\/\\\/fuentesfidedignas.com.mx\\\/wp-content\\\/uploads\\\/2025\\\/03\\\/Ropa_gym.jpg\",\"datePublished\":\"2025-03-14T11:48:00+00:00\",\"breadcrumb\":{\"@id\":\"https:\\\/\\\/fuentesfidedignas.com.mx\\\/index.php\\\/2025\\\/03\\\/14\\\/video-corren-a-mujer-de-gimnasio-por-su-ropa-deportiva-no-quiero-volver-a-regresar\\\/#breadcrumb\"},\"inLanguage\":\"es\",\"potentialAction\":[{\"@type\":\"ReadAction\",\"target\":[\"https:\\\/\\\/fuentesfidedignas.com.mx\\\/index.php\\\/2025\\\/03\\\/14\\\/video-corren-a-mujer-de-gimnasio-por-su-ropa-deportiva-no-quiero-volver-a-regresar\\\/\"]}]},{\"@type\":\"ImageObject\",\"inLanguage\":\"es\",\"@id\":\"https:\\\/\\\/fuentesfidedignas.com.mx\\\/index.php\\\/2025\\\/03\\\/14\\\/video-corren-a-mujer-de-gimnasio-por-su-ropa-deportiva-no-quiero-volver-a-regresar\\\/#primaryimage\",\"url\":\"https:\\\/\\\/fuentesfidedignas.com.mx\\\/wp-content\\\/uploads\\\/2025\\\/03\\\/Ropa_gym.jpg\",\"contentUrl\":\"https:\\\/\\\/fuentesfidedignas.com.mx\\\/wp-content\\\/uploads\\\/2025\\\/03\\\/Ropa_gym.jpg\",\"width\":600,\"height\":378},{\"@type\":\"BreadcrumbList\",\"@id\":\"https:\\\/\\\/fuentesfidedignas.com.mx\\\/index.php\\\/2025\\\/03\\\/14\\\/video-corren-a-mujer-de-gimnasio-por-su-ropa-deportiva-no-quiero-volver-a-regresar\\\/#breadcrumb\",\"itemListElement\":[{\"@type\":\"ListItem\",\"position\":1,\"name\":\"Inicio\",\"item\":\"https:\\\/\\\/fuentesfidedignas.com.mx\\\/\"},{\"@type\":\"ListItem\",\"position\":2,\"name\":\"VIDEO | Corren a mujer de gimnasio por su ropa deportiva: \u201cNo quiero volver a regresar\u201d\"}]},{\"@type\":\"WebSite\",\"@id\":\"https:\\\/\\\/fuentesfidedignas.com.mx\\\/#website\",\"url\":\"https:\\\/\\\/fuentesfidedignas.com.mx\\\/\",\"name\":\"Fuentes Fidedignas\",\"description\":\"Otro sitio realizado con WordPress\",\"publisher\":{\"@id\":\"https:\\\/\\\/fuentesfidedignas.com.mx\\\/#organization\"},\"potentialAction\":[{\"@type\":\"SearchAction\",\"target\":{\"@type\":\"EntryPoint\",\"urlTemplate\":\"https:\\\/\\\/fuentesfidedignas.com.mx\\\/?s={search_term_string}\"},\"query-input\":{\"@type\":\"PropertyValueSpecification\",\"valueRequired\":true,\"valueName\":\"search_term_string\"}}],\"inLanguage\":\"es\"},{\"@type\":\"Organization\",\"@id\":\"https:\\\/\\\/fuentesfidedignas.com.mx\\\/#organization\",\"name\":\"Fuentes Fidedignas\",\"url\":\"https:\\\/\\\/fuentesfidedignas.com.mx\\\/\",\"logo\":{\"@type\":\"ImageObject\",\"inLanguage\":\"es\",\"@id\":\"https:\\\/\\\/fuentesfidedignas.com.mx\\\/#\\\/schema\\\/logo\\\/image\\\/\",\"url\":\"https:\\\/\\\/fuentesfidedignas.com.mx\\\/wp-content\\\/uploads\\\/2021\\\/04\\\/logo-retina.png\",\"contentUrl\":\"https:\\\/\\\/fuentesfidedignas.com.mx\\\/wp-content\\\/uploads\\\/2021\\\/04\\\/logo-retina.png\",\"width\":280,\"height\":51,\"caption\":\"Fuentes Fidedignas\"},\"image\":{\"@id\":\"https:\\\/\\\/fuentesfidedignas.com.mx\\\/#\\\/schema\\\/logo\\\/image\\\/\"},\"sameAs\":[\"https:\\\/\\\/www.facebook.com\\\/Fuentes-Fidedignas-368234489921644\",\"https:\\\/\\\/x.com\\\/fidedignas\"]},{\"@type\":\"Person\",\"@id\":\"https:\\\/\\\/fuentesfidedignas.com.mx\\\/#\\\/schema\\\/person\\\/47ec0135738f4b0c7495f06a77a2c976\",\"name\":\"Milenio\",\"image\":{\"@type\":\"ImageObject\",\"inLanguage\":\"es\",\"@id\":\"https:\\\/\\\/secure.gravatar.com\\\/avatar\\\/acabf7b54753e51c2c76457954577c236b3b764789b19879565769739d1e4a75?s=96&d=mm&r=g\",\"url\":\"https:\\\/\\\/secure.gravatar.com\\\/avatar\\\/acabf7b54753e51c2c76457954577c236b3b764789b19879565769739d1e4a75?s=96&d=mm&r=g\",\"contentUrl\":\"https:\\\/\\\/secure.gravatar.com\\\/avatar\\\/acabf7b54753e51c2c76457954577c236b3b764789b19879565769739d1e4a75?s=96&d=mm&r=g\",\"caption\":\"Milenio\"},\"url\":\"https:\\\/\\\/fuentesfidedignas.com.mx\\\/index.php\\\/author\\\/milenio\\\/\"}]}<\/script>\n<!-- \/ Yoast SEO plugin. -->","yoast_head_json":{"title":"VIDEO | Corren a mujer de gimnasio por su ropa deportiva: \u201cNo quiero volver a regresar\u201d - Fuentes Fidedignas","robots":{"index":"index","follow":"follow","max-snippet":"max-snippet:-1","max-image-preview":"max-image-preview:large","max-video-preview":"max-video-preview:-1"},"canonical":"https:\/\/fuentesfidedignas.com.mx\/index.php\/2025\/03\/14\/video-corren-a-mujer-de-gimnasio-por-su-ropa-deportiva-no-quiero-volver-a-regresar\/","og_locale":"es_MX","og_type":"article","og_title":"VIDEO | Corren a mujer de gimnasio por su ropa deportiva: \u201cNo quiero volver a regresar\u201d - Fuentes Fidedignas","og_description":"&#8220;Hermosa, \u00bfes que tambi\u00e9n t\u00fa? \u00bfC\u00f3mo se te ocurre ir con ropa de gym al gym?&#8221;, escribi\u00f3 un internauta luego de que la mujer dio a conocer que la corrieron por su ropa deportiva. Una joven se viraliz\u00f3 en redes sociales luego de que dio a conocer que la corrieron de un&nbsp;gimnasio por la ropa [&hellip;]","og_url":"https:\/\/fuentesfidedignas.com.mx\/index.php\/2025\/03\/14\/video-corren-a-mujer-de-gimnasio-por-su-ropa-deportiva-no-quiero-volver-a-regresar\/","og_site_name":"Fuentes Fidedignas","article_publisher":"https:\/\/www.facebook.com\/Fuentes-Fidedignas-368234489921644","article_published_time":"2025-03-14T11:48:00+00:00","og_image":[{"width":600,"height":378,"url":"https:\/\/fuentesfidedignas.com.mx\/wp-content\/uploads\/2025\/03\/Ropa_gym.jpg","type":"image\/jpeg"}],"author":"Milenio","twitter_card":"summary_large_image","twitter_creator":"@fidedignas","twitter_site":"@fidedignas","twitter_misc":{"Escrito por":"Milenio","Tiempo de lectura":"3 minutos"},"schema":{"@context":"https:\/\/schema.org","@graph":[{"@type":"Article","@id":"https:\/\/fuentesfidedignas.com.mx\/index.php\/2025\/03\/14\/video-corren-a-mujer-de-gimnasio-por-su-ropa-deportiva-no-quiero-volver-a-regresar\/#article","isPartOf":{"@id":"https:\/\/fuentesfidedignas.com.mx\/index.php\/2025\/03\/14\/video-corren-a-mujer-de-gimnasio-por-su-ropa-deportiva-no-quiero-volver-a-regresar\/"},"author":{"name":"Milenio","@id":"https:\/\/fuentesfidedignas.com.mx\/#\/schema\/person\/47ec0135738f4b0c7495f06a77a2c976"},"headline":"VIDEO | Corren a mujer de gimnasio por su ropa deportiva: \u201cNo quiero volver a regresar\u201d","datePublished":"2025-03-14T11:48:00+00:00","mainEntityOfPage":{"@id":"https:\/\/fuentesfidedignas.com.mx\/index.php\/2025\/03\/14\/video-corren-a-mujer-de-gimnasio-por-su-ropa-deportiva-no-quiero-volver-a-regresar\/"},"wordCount":669,"commentCount":0,"publisher":{"@id":"https:\/\/fuentesfidedignas.com.mx\/#organization"},"image":{"@id":"https:\/\/fuentesfidedignas.com.mx\/index.php\/2025\/03\/14\/video-corren-a-mujer-de-gimnasio-por-su-ropa-deportiva-no-quiero-volver-a-regresar\/#primaryimage"},"thumbnailUrl":"https:\/\/fuentesfidedignas.com.mx\/wp-content\/uploads\/2025\/03\/Ropa_gym.jpg","articleSection":["LAS ASOMBROSAS"],"inLanguage":"es","potentialAction":[{"@type":"CommentAction","name":"Comment","target":["https:\/\/fuentesfidedignas.com.mx\/index.php\/2025\/03\/14\/video-corren-a-mujer-de-gimnasio-por-su-ropa-deportiva-no-quiero-volver-a-regresar\/#respond"]}]},{"@type":"WebPage","@id":"https:\/\/fuentesfidedignas.com.mx\/index.php\/2025\/03\/14\/video-corren-a-mujer-de-gimnasio-por-su-ropa-deportiva-no-quiero-volver-a-regresar\/","url":"https:\/\/fuentesfidedignas.com.mx\/index.php\/2025\/03\/14\/video-corren-a-mujer-de-gimnasio-por-su-ropa-deportiva-no-quiero-volver-a-regresar\/","name":"VIDEO | Corren a mujer de gimnasio por su ropa deportiva: \u201cNo quiero volver a regresar\u201d - Fuentes Fidedignas","isPartOf":{"@id":"https:\/\/fuentesfidedignas.com.mx\/#website"},"primaryImageOfPage":{"@id":"https:\/\/fuentesfidedignas.com.mx\/index.php\/2025\/03\/14\/video-corren-a-mujer-de-gimnasio-por-su-ropa-deportiva-no-quiero-volver-a-regresar\/#primaryimage"},"image":{"@id":"https:\/\/fuentesfidedignas.com.mx\/index.php\/2025\/03\/14\/video-corren-a-mujer-de-gimnasio-por-su-ropa-deportiva-no-quiero-volver-a-regresar\/#primaryimage"},"thumbnailUrl":"https:\/\/fuentesfidedignas.com.mx\/wp-content\/uploads\/2025\/03\/Ropa_gym.jpg","datePublished":"2025-03-14T11:48:00+00:00","breadcrumb":{"@id":"https:\/\/fuentesfidedignas.com.mx\/index.php\/2025\/03\/14\/video-corren-a-mujer-de-gimnasio-por-su-ropa-deportiva-no-quiero-volver-a-regresar\/#breadcrumb"},"inLanguage":"es","potentialAction":[{"@type":"ReadAction","target":["https:\/\/fuentesfidedignas.com.mx\/index.php\/2025\/03\/14\/video-corren-a-mujer-de-gimnasio-por-su-ropa-deportiva-no-quiero-volver-a-regresar\/"]}]},{"@type":"ImageObject","inLanguage":"es","@id":"https:\/\/fuentesfidedignas.com.mx\/index.php\/2025\/03\/14\/video-corren-a-mujer-de-gimnasio-por-su-ropa-deportiva-no-quiero-volver-a-regresar\/#primaryimage","url":"https:\/\/fuentesfidedignas.com.mx\/wp-content\/uploads\/2025\/03\/Ropa_gym.jpg","contentUrl":"https:\/\/fuentesfidedignas.com.mx\/wp-content\/uploads\/2025\/03\/Ropa_gym.jpg","width":600,"height":378},{"@type":"BreadcrumbList","@id":"https:\/\/fuentesfidedignas.com.mx\/index.php\/2025\/03\/14\/video-corren-a-mujer-de-gimnasio-por-su-ropa-deportiva-no-quiero-volver-a-regresar\/#breadcrumb","itemListElement":[{"@type":"ListItem","position":1,"name":"Inicio","item":"https:\/\/fuentesfidedignas.com.mx\/"},{"@type":"ListItem","position":2,"name":"VIDEO | Corren a mujer de gimnasio por su ropa deportiva: \u201cNo quiero volver a regresar\u201d"}]},{"@type":"WebSite","@id":"https:\/\/fuentesfidedignas.com.mx\/#website","url":"https:\/\/fuentesfidedignas.com.mx\/","name":"Fuentes Fidedignas","description":"Otro sitio realizado con WordPress","publisher":{"@id":"https:\/\/fuentesfidedignas.com.mx\/#organization"},"potentialAction":[{"@type":"SearchAction","target":{"@type":"EntryPoint","urlTemplate":"https:\/\/fuentesfidedignas.com.mx\/?s={search_term_string}"},"query-input":{"@type":"PropertyValueSpecification","valueRequired":true,"valueName":"search_term_string"}}],"inLanguage":"es"},{"@type":"Organization","@id":"https:\/\/fuentesfidedignas.com.mx\/#organization","name":"Fuentes Fidedignas","url":"https:\/\/fuentesfidedignas.com.mx\/","logo":{"@type":"ImageObject","inLanguage":"es","@id":"https:\/\/fuentesfidedignas.com.mx\/#\/schema\/logo\/image\/","url":"https:\/\/fuentesfidedignas.com.mx\/wp-content\/uploads\/2021\/04\/logo-retina.png","contentUrl":"https:\/\/fuentesfidedignas.com.mx\/wp-content\/uploads\/2021\/04\/logo-retina.png","width":280,"height":51,"caption":"Fuentes Fidedignas"},"image":{"@id":"https:\/\/fuentesfidedignas.com.mx\/#\/schema\/logo\/image\/"},"sameAs":["https:\/\/www.facebook.com\/Fuentes-Fidedignas-368234489921644","https:\/\/x.com\/fidedignas"]},{"@type":"Person","@id":"https:\/\/fuentesfidedignas.com.mx\/#\/schema\/person\/47ec0135738f4b0c7495f06a77a2c976","name":"Milenio","image":{"@type":"ImageObject","inLanguage":"es","@id":"https:\/\/secure.gravatar.com\/avatar\/acabf7b54753e51c2c76457954577c236b3b764789b19879565769739d1e4a75?s=96&d=mm&r=g","url":"https:\/\/secure.gravatar.com\/avatar\/acabf7b54753e51c2c76457954577c236b3b764789b19879565769739d1e4a75?s=96&d=mm&r=g","contentUrl":"https:\/\/secure.gravatar.com\/avatar\/acabf7b54753e51c2c76457954577c236b3b764789b19879565769739d1e4a75?s=96&d=mm&r=g","caption":"Milenio"},"url":"https:\/\/fuentesfidedignas.com.mx\/index.php\/author\/milenio\/"}]}},"_links":{"self":[{"href":"https:\/\/fuentesfidedignas.com.mx\/index.php\/wp-json\/wp\/v2\/posts\/103862","targetHints":{"allow":["GET"]}}],"collection":[{"href":"https:\/\/fuentesfidedignas.com.mx\/index.php\/wp-json\/wp\/v2\/posts"}],"about":[{"href":"https:\/\/fuentesfidedignas.com.mx\/index.php\/wp-json\/wp\/v2\/types\/post"}],"author":[{"embeddable":true,"href":"https:\/\/fuentesfidedignas.com.mx\/index.php\/wp-json\/wp\/v2\/users\/9"}],"replies":[{"embeddable":true,"href":"https:\/\/fuentesfidedignas.com.mx\/index.php\/wp-json\/wp\/v2\/comments?post=103862"}],"version-history":[{"count":1,"href":"https:\/\/fuentesfidedignas.com.mx\/index.php\/wp-json\/wp\/v2\/posts\/103862\/revisions"}],"predecessor-version":[{"id":103864,"href":"https:\/\/fuentesfidedignas.com.mx\/index.php\/wp-json\/wp\/v2\/posts\/103862\/revisions\/103864"}],"wp:featuredmedia":[{"embeddable":true,"href":"https:\/\/fuentesfidedignas.com.mx\/index.php\/wp-json\/wp\/v2\/media\/103863"}],"wp:attachment":[{"href":"https:\/\/fuentesfidedignas.com.mx\/index.php\/wp-json\/wp\/v2\/media?parent=103862"}],"wp:term":[{"taxonomy":"category","embeddable":true,"href":"https:\/\/fuentesfidedignas.com.mx\/index.php\/wp-json\/wp\/v2\/categories?post=103862"},{"taxonomy":"post_tag","embeddable":true,"href":"https:\/\/fuentesfidedignas.com.mx\/index.php\/wp-json\/wp\/v2\/tags?post=103862"}],"curies":[{"name":"wp","href":"https:\/\/api.w.org\/{rel}","templated":true}]}}