{"id":103837,"date":"2025-03-13T12:25:55","date_gmt":"2025-03-13T19:25:55","guid":{"rendered":"https:\/\/fuentesfidedignas.com.mx\/?p=103837"},"modified":"2025-03-13T12:25:55","modified_gmt":"2025-03-13T19:25:55","slug":"buscan-reactivar-vida-nocturna-con-el-operativo-culiacan-en-movimiento","status":"publish","type":"post","link":"https:\/\/fuentesfidedignas.com.mx\/index.php\/2025\/03\/13\/buscan-reactivar-vida-nocturna-con-el-operativo-culiacan-en-movimiento\/","title":{"rendered":"Buscan reactivar vida nocturna con el Operativo \u201cCuliac\u00e1n en Movimiento\u201d"},"content":{"rendered":"\n<p><\/p>\n\n\n\n<p><em>\u2022 Son 250 elementos de las distintas corporaciones de seguridad los que participar\u00e1n en este despliegue especial para reforzar la seguridad p\u00fablica y la activaci\u00f3n de eventos sociales nocturnos<\/em><\/p>\n\n\n\n<p>Culiac\u00e1n, Sinaloa.- Con el objetivo reactivar las actividades sociales nocturnas, titulares y representantes de la Secretar\u00eda de la Defensa Nacional, Secretar\u00eda de Marina, Guardia Nacional, Secretar\u00eda de Seguridad P\u00fablica de Sinaloa, a trav\u00e9s de la Polic\u00eda Estatal Preventiva y la Secretar\u00eda de Seguridad P\u00fablica y Tr\u00e1nsito Municipal, as\u00ed como Protecci\u00f3n Civil, la Secretar\u00eda de Econom\u00eda, la Secretar\u00eda de Turismo, el Ayuntamiento de Culiac\u00e1n, el CODESIN y la Intercamaral presentan el Plan Operativo \u201cCuliac\u00e1n en Movimiento\u201d, con el cual se implementar\u00e1n despliegues estrat\u00e9gicos.<\/p>\n\n\n\n<p>El General Iv\u00e1n Navarrete Torres, coordinador de Seguridad en Culiac\u00e1n por parte de la Defensa; y en representaci\u00f3n del titular de la SSP Sinaloa, \u00d3scar Renter\u00eda Schazarino, el subsecretario de Seguridad P\u00fablica, Prevenci\u00f3n y Reinserci\u00f3n Social, Humberto Zer\u00f3n Mart\u00ednez, explicaron que este plan se llevar\u00e1 a cabo durante los fines de semana en la Zona Centro de la capital, el Desarrollo Urbano Tres R\u00edos y el corredor del boulevard Pedro Infante, adem\u00e1s de 15 rutas de transporte urbano para que comensales y trabajadores de comercios puedan trasladarse de manera segura.<\/p>\n\n\n\n<p>En la primer etapa, las autoridades de los tres \u00f3rdenes de gobierno reforzar\u00e1n seguridad en dichos sectores para que mantengan sus servicios hasta las 23:00 horas de manera inicial, con la presencia de 250 elementos de las Fuerzas de Seguridad Federales, Estatales y Municipales en anillos de seguridad conforme a competencia.<\/p>\n\n\n\n<p>Se implementar\u00e1n puntos de vigilancia y prevenci\u00f3n en lugares estrat\u00e9gicos de la capital sinaloense, en busca de prevenir la comisi\u00f3n de delitos. Asimismo, se les prestar\u00e1 seguridad a las principales rutas de transporte p\u00fablico con salida del centro de la ciudad a las colonias a las 20:30 horas.<\/p>\n\n\n\n<p>La Secretar\u00eda de Econom\u00eda y Turismo, adem\u00e1s de empresarios realizar\u00e1n diversas actividades sociales para brindar a la ciudadan\u00eda un ambiente ameno y seguro, adem\u00e1s de generar una afluencia en los comercios y restaurantes.<\/p>\n\n\n\n<p>Es a trav\u00e9s de acciones como estas, que las autoridades de los tres \u00f3rdenes de gobierno junto a la iniciativa privada buscan dar a la ciudadan\u00eda mejores condiciones de vida y recobrar sus actividades cotidianas. Tambi\u00e9n se exhorta a la sociedad a utilizar de manera responsable el 911 para emergencias y el 089 para denuncias an\u00f3nimas.<\/p>\n","protected":false},"excerpt":{"rendered":"<p>\u2022 Son 250 elementos de las distintas corporaciones de seguridad los que participar\u00e1n en este despliegue especial para reforzar la seguridad p\u00fablica y la activaci\u00f3n de eventos sociales nocturnos Culiac\u00e1n, Sinaloa.- Con el objetivo reactivar las actividades sociales nocturnas, titulares y representantes de la Secretar\u00eda de la Defensa Nacional, Secretar\u00eda de Marina, Guardia Nacional, Secretar\u00eda [&hellip;]<\/p>\n","protected":false},"author":4,"featured_media":103836,"comment_status":"closed","ping_status":"open","sticky":false,"template":"","format":"standard","meta":{"tdm_status":"","tdm_grid_status":"","footnotes":""},"categories":[37],"tags":[],"class_list":{"0":"post-103837","1":"post","2":"type-post","3":"status-publish","4":"format-standard","5":"has-post-thumbnail","7":"category-nota-principal"},"yoast_head":"<!-- This site is optimized with the Yoast SEO plugin v27.5 - https:\/\/yoast.com\/product\/yoast-seo-wordpress\/ -->\n<title>Buscan reactivar vida nocturna con el Operativo \u201cCuliac\u00e1n en Movimiento\u201d - Fuentes Fidedignas<\/title>\n<meta name=\"robots\" content=\"index, follow, max-snippet:-1, max-image-preview:large, max-video-preview:-1\" \/>\n<link rel=\"canonical\" href=\"https:\/\/fuentesfidedignas.com.mx\/index.php\/2025\/03\/13\/buscan-reactivar-vida-nocturna-con-el-operativo-culiacan-en-movimiento\/\" \/>\n<meta property=\"og:locale\" content=\"es_MX\" \/>\n<meta property=\"og:type\" content=\"article\" \/>\n<meta property=\"og:title\" content=\"Buscan reactivar vida nocturna con el Operativo \u201cCuliac\u00e1n en Movimiento\u201d - Fuentes Fidedignas\" \/>\n<meta property=\"og:description\" content=\"\u2022 Son 250 elementos de las distintas corporaciones de seguridad los que participar\u00e1n en este despliegue especial para reforzar la seguridad p\u00fablica y la activaci\u00f3n de eventos sociales nocturnos Culiac\u00e1n, Sinaloa.- Con el objetivo reactivar las actividades sociales nocturnas, titulares y representantes de la Secretar\u00eda de la Defensa Nacional, Secretar\u00eda de Marina, Guardia Nacional, Secretar\u00eda [&hellip;]\" \/>\n<meta property=\"og:url\" content=\"https:\/\/fuentesfidedignas.com.mx\/index.php\/2025\/03\/13\/buscan-reactivar-vida-nocturna-con-el-operativo-culiacan-en-movimiento\/\" \/>\n<meta property=\"og:site_name\" content=\"Fuentes Fidedignas\" \/>\n<meta property=\"article:publisher\" content=\"https:\/\/www.facebook.com\/Fuentes-Fidedignas-368234489921644\" \/>\n<meta property=\"article:published_time\" content=\"2025-03-13T19:25:55+00:00\" \/>\n<meta property=\"og:image\" content=\"https:\/\/fuentesfidedignas.com.mx\/wp-content\/uploads\/2025\/03\/img_2360-1.jpg\" \/>\n\t<meta property=\"og:image:width\" content=\"1920\" \/>\n\t<meta property=\"og:image:height\" content=\"1080\" \/>\n\t<meta property=\"og:image:type\" content=\"image\/jpeg\" \/>\n<meta name=\"author\" content=\"Redacci\u00f3n\" \/>\n<meta name=\"twitter:card\" content=\"summary_large_image\" \/>\n<meta name=\"twitter:creator\" content=\"@fidedignas\" \/>\n<meta name=\"twitter:site\" content=\"@fidedignas\" \/>\n<meta name=\"twitter:label1\" content=\"Escrito por\" \/>\n\t<meta name=\"twitter:data1\" content=\"Redacci\u00f3n\" \/>\n\t<meta name=\"twitter:label2\" content=\"Tiempo de lectura\" \/>\n\t<meta name=\"twitter:data2\" content=\"2 minutos\" \/>\n<script type=\"application\/ld+json\" class=\"yoast-schema-graph\">{\"@context\":\"https:\\\/\\\/schema.org\",\"@graph\":[{\"@type\":\"Article\",\"@id\":\"https:\\\/\\\/fuentesfidedignas.com.mx\\\/index.php\\\/2025\\\/03\\\/13\\\/buscan-reactivar-vida-nocturna-con-el-operativo-culiacan-en-movimiento\\\/#article\",\"isPartOf\":{\"@id\":\"https:\\\/\\\/fuentesfidedignas.com.mx\\\/index.php\\\/2025\\\/03\\\/13\\\/buscan-reactivar-vida-nocturna-con-el-operativo-culiacan-en-movimiento\\\/\"},\"author\":{\"name\":\"Redacci\u00f3n\",\"@id\":\"https:\\\/\\\/fuentesfidedignas.com.mx\\\/#\\\/schema\\\/person\\\/331be9283d37198e2acd5750279085b0\"},\"headline\":\"Buscan reactivar vida nocturna con el Operativo \u201cCuliac\u00e1n en Movimiento\u201d\",\"datePublished\":\"2025-03-13T19:25:55+00:00\",\"mainEntityOfPage\":{\"@id\":\"https:\\\/\\\/fuentesfidedignas.com.mx\\\/index.php\\\/2025\\\/03\\\/13\\\/buscan-reactivar-vida-nocturna-con-el-operativo-culiacan-en-movimiento\\\/\"},\"wordCount\":441,\"publisher\":{\"@id\":\"https:\\\/\\\/fuentesfidedignas.com.mx\\\/#organization\"},\"image\":{\"@id\":\"https:\\\/\\\/fuentesfidedignas.com.mx\\\/index.php\\\/2025\\\/03\\\/13\\\/buscan-reactivar-vida-nocturna-con-el-operativo-culiacan-en-movimiento\\\/#primaryimage\"},\"thumbnailUrl\":\"https:\\\/\\\/fuentesfidedignas.com.mx\\\/wp-content\\\/uploads\\\/2025\\\/03\\\/img_2360-1.jpg\",\"articleSection\":[\"NOTA PRINCIPAL\"],\"inLanguage\":\"es\"},{\"@type\":\"WebPage\",\"@id\":\"https:\\\/\\\/fuentesfidedignas.com.mx\\\/index.php\\\/2025\\\/03\\\/13\\\/buscan-reactivar-vida-nocturna-con-el-operativo-culiacan-en-movimiento\\\/\",\"url\":\"https:\\\/\\\/fuentesfidedignas.com.mx\\\/index.php\\\/2025\\\/03\\\/13\\\/buscan-reactivar-vida-nocturna-con-el-operativo-culiacan-en-movimiento\\\/\",\"name\":\"Buscan reactivar vida nocturna con el Operativo \u201cCuliac\u00e1n en Movimiento\u201d - Fuentes Fidedignas\",\"isPartOf\":{\"@id\":\"https:\\\/\\\/fuentesfidedignas.com.mx\\\/#website\"},\"primaryImageOfPage\":{\"@id\":\"https:\\\/\\\/fuentesfidedignas.com.mx\\\/index.php\\\/2025\\\/03\\\/13\\\/buscan-reactivar-vida-nocturna-con-el-operativo-culiacan-en-movimiento\\\/#primaryimage\"},\"image\":{\"@id\":\"https:\\\/\\\/fuentesfidedignas.com.mx\\\/index.php\\\/2025\\\/03\\\/13\\\/buscan-reactivar-vida-nocturna-con-el-operativo-culiacan-en-movimiento\\\/#primaryimage\"},\"thumbnailUrl\":\"https:\\\/\\\/fuentesfidedignas.com.mx\\\/wp-content\\\/uploads\\\/2025\\\/03\\\/img_2360-1.jpg\",\"datePublished\":\"2025-03-13T19:25:55+00:00\",\"breadcrumb\":{\"@id\":\"https:\\\/\\\/fuentesfidedignas.com.mx\\\/index.php\\\/2025\\\/03\\\/13\\\/buscan-reactivar-vida-nocturna-con-el-operativo-culiacan-en-movimiento\\\/#breadcrumb\"},\"inLanguage\":\"es\",\"potentialAction\":[{\"@type\":\"ReadAction\",\"target\":[\"https:\\\/\\\/fuentesfidedignas.com.mx\\\/index.php\\\/2025\\\/03\\\/13\\\/buscan-reactivar-vida-nocturna-con-el-operativo-culiacan-en-movimiento\\\/\"]}]},{\"@type\":\"ImageObject\",\"inLanguage\":\"es\",\"@id\":\"https:\\\/\\\/fuentesfidedignas.com.mx\\\/index.php\\\/2025\\\/03\\\/13\\\/buscan-reactivar-vida-nocturna-con-el-operativo-culiacan-en-movimiento\\\/#primaryimage\",\"url\":\"https:\\\/\\\/fuentesfidedignas.com.mx\\\/wp-content\\\/uploads\\\/2025\\\/03\\\/img_2360-1.jpg\",\"contentUrl\":\"https:\\\/\\\/fuentesfidedignas.com.mx\\\/wp-content\\\/uploads\\\/2025\\\/03\\\/img_2360-1.jpg\",\"width\":1920,\"height\":1080},{\"@type\":\"BreadcrumbList\",\"@id\":\"https:\\\/\\\/fuentesfidedignas.com.mx\\\/index.php\\\/2025\\\/03\\\/13\\\/buscan-reactivar-vida-nocturna-con-el-operativo-culiacan-en-movimiento\\\/#breadcrumb\",\"itemListElement\":[{\"@type\":\"ListItem\",\"position\":1,\"name\":\"Inicio\",\"item\":\"https:\\\/\\\/fuentesfidedignas.com.mx\\\/\"},{\"@type\":\"ListItem\",\"position\":2,\"name\":\"Buscan reactivar vida nocturna con el Operativo \u201cCuliac\u00e1n en Movimiento\u201d\"}]},{\"@type\":\"WebSite\",\"@id\":\"https:\\\/\\\/fuentesfidedignas.com.mx\\\/#website\",\"url\":\"https:\\\/\\\/fuentesfidedignas.com.mx\\\/\",\"name\":\"Fuentes Fidedignas\",\"description\":\"Otro sitio realizado con WordPress\",\"publisher\":{\"@id\":\"https:\\\/\\\/fuentesfidedignas.com.mx\\\/#organization\"},\"potentialAction\":[{\"@type\":\"SearchAction\",\"target\":{\"@type\":\"EntryPoint\",\"urlTemplate\":\"https:\\\/\\\/fuentesfidedignas.com.mx\\\/?s={search_term_string}\"},\"query-input\":{\"@type\":\"PropertyValueSpecification\",\"valueRequired\":true,\"valueName\":\"search_term_string\"}}],\"inLanguage\":\"es\"},{\"@type\":\"Organization\",\"@id\":\"https:\\\/\\\/fuentesfidedignas.com.mx\\\/#organization\",\"name\":\"Fuentes Fidedignas\",\"url\":\"https:\\\/\\\/fuentesfidedignas.com.mx\\\/\",\"logo\":{\"@type\":\"ImageObject\",\"inLanguage\":\"es\",\"@id\":\"https:\\\/\\\/fuentesfidedignas.com.mx\\\/#\\\/schema\\\/logo\\\/image\\\/\",\"url\":\"https:\\\/\\\/fuentesfidedignas.com.mx\\\/wp-content\\\/uploads\\\/2021\\\/04\\\/logo-retina.png\",\"contentUrl\":\"https:\\\/\\\/fuentesfidedignas.com.mx\\\/wp-content\\\/uploads\\\/2021\\\/04\\\/logo-retina.png\",\"width\":280,\"height\":51,\"caption\":\"Fuentes Fidedignas\"},\"image\":{\"@id\":\"https:\\\/\\\/fuentesfidedignas.com.mx\\\/#\\\/schema\\\/logo\\\/image\\\/\"},\"sameAs\":[\"https:\\\/\\\/www.facebook.com\\\/Fuentes-Fidedignas-368234489921644\",\"https:\\\/\\\/x.com\\\/fidedignas\"]},{\"@type\":\"Person\",\"@id\":\"https:\\\/\\\/fuentesfidedignas.com.mx\\\/#\\\/schema\\\/person\\\/331be9283d37198e2acd5750279085b0\",\"name\":\"Redacci\u00f3n\",\"image\":{\"@type\":\"ImageObject\",\"inLanguage\":\"es\",\"@id\":\"https:\\\/\\\/secure.gravatar.com\\\/avatar\\\/f6d8782c11d12b2d4ad3fbb6931aeab5309937a4d6cd2fc9cfaa28a6396a5aec?s=96&d=mm&r=g\",\"url\":\"https:\\\/\\\/secure.gravatar.com\\\/avatar\\\/f6d8782c11d12b2d4ad3fbb6931aeab5309937a4d6cd2fc9cfaa28a6396a5aec?s=96&d=mm&r=g\",\"contentUrl\":\"https:\\\/\\\/secure.gravatar.com\\\/avatar\\\/f6d8782c11d12b2d4ad3fbb6931aeab5309937a4d6cd2fc9cfaa28a6396a5aec?s=96&d=mm&r=g\",\"caption\":\"Redacci\u00f3n\"},\"url\":\"https:\\\/\\\/fuentesfidedignas.com.mx\\\/index.php\\\/author\\\/redaccion\\\/\"}]}<\/script>\n<!-- \/ Yoast SEO plugin. -->","yoast_head_json":{"title":"Buscan reactivar vida nocturna con el Operativo \u201cCuliac\u00e1n en Movimiento\u201d - Fuentes Fidedignas","robots":{"index":"index","follow":"follow","max-snippet":"max-snippet:-1","max-image-preview":"max-image-preview:large","max-video-preview":"max-video-preview:-1"},"canonical":"https:\/\/fuentesfidedignas.com.mx\/index.php\/2025\/03\/13\/buscan-reactivar-vida-nocturna-con-el-operativo-culiacan-en-movimiento\/","og_locale":"es_MX","og_type":"article","og_title":"Buscan reactivar vida nocturna con el Operativo \u201cCuliac\u00e1n en Movimiento\u201d - Fuentes Fidedignas","og_description":"\u2022 Son 250 elementos de las distintas corporaciones de seguridad los que participar\u00e1n en este despliegue especial para reforzar la seguridad p\u00fablica y la activaci\u00f3n de eventos sociales nocturnos Culiac\u00e1n, Sinaloa.- Con el objetivo reactivar las actividades sociales nocturnas, titulares y representantes de la Secretar\u00eda de la Defensa Nacional, Secretar\u00eda de Marina, Guardia Nacional, Secretar\u00eda [&hellip;]","og_url":"https:\/\/fuentesfidedignas.com.mx\/index.php\/2025\/03\/13\/buscan-reactivar-vida-nocturna-con-el-operativo-culiacan-en-movimiento\/","og_site_name":"Fuentes Fidedignas","article_publisher":"https:\/\/www.facebook.com\/Fuentes-Fidedignas-368234489921644","article_published_time":"2025-03-13T19:25:55+00:00","og_image":[{"width":1920,"height":1080,"url":"https:\/\/fuentesfidedignas.com.mx\/wp-content\/uploads\/2025\/03\/img_2360-1.jpg","type":"image\/jpeg"}],"author":"Redacci\u00f3n","twitter_card":"summary_large_image","twitter_creator":"@fidedignas","twitter_site":"@fidedignas","twitter_misc":{"Escrito por":"Redacci\u00f3n","Tiempo de lectura":"2 minutos"},"schema":{"@context":"https:\/\/schema.org","@graph":[{"@type":"Article","@id":"https:\/\/fuentesfidedignas.com.mx\/index.php\/2025\/03\/13\/buscan-reactivar-vida-nocturna-con-el-operativo-culiacan-en-movimiento\/#article","isPartOf":{"@id":"https:\/\/fuentesfidedignas.com.mx\/index.php\/2025\/03\/13\/buscan-reactivar-vida-nocturna-con-el-operativo-culiacan-en-movimiento\/"},"author":{"name":"Redacci\u00f3n","@id":"https:\/\/fuentesfidedignas.com.mx\/#\/schema\/person\/331be9283d37198e2acd5750279085b0"},"headline":"Buscan reactivar vida nocturna con el Operativo \u201cCuliac\u00e1n en Movimiento\u201d","datePublished":"2025-03-13T19:25:55+00:00","mainEntityOfPage":{"@id":"https:\/\/fuentesfidedignas.com.mx\/index.php\/2025\/03\/13\/buscan-reactivar-vida-nocturna-con-el-operativo-culiacan-en-movimiento\/"},"wordCount":441,"publisher":{"@id":"https:\/\/fuentesfidedignas.com.mx\/#organization"},"image":{"@id":"https:\/\/fuentesfidedignas.com.mx\/index.php\/2025\/03\/13\/buscan-reactivar-vida-nocturna-con-el-operativo-culiacan-en-movimiento\/#primaryimage"},"thumbnailUrl":"https:\/\/fuentesfidedignas.com.mx\/wp-content\/uploads\/2025\/03\/img_2360-1.jpg","articleSection":["NOTA PRINCIPAL"],"inLanguage":"es"},{"@type":"WebPage","@id":"https:\/\/fuentesfidedignas.com.mx\/index.php\/2025\/03\/13\/buscan-reactivar-vida-nocturna-con-el-operativo-culiacan-en-movimiento\/","url":"https:\/\/fuentesfidedignas.com.mx\/index.php\/2025\/03\/13\/buscan-reactivar-vida-nocturna-con-el-operativo-culiacan-en-movimiento\/","name":"Buscan reactivar vida nocturna con el Operativo \u201cCuliac\u00e1n en Movimiento\u201d - Fuentes Fidedignas","isPartOf":{"@id":"https:\/\/fuentesfidedignas.com.mx\/#website"},"primaryImageOfPage":{"@id":"https:\/\/fuentesfidedignas.com.mx\/index.php\/2025\/03\/13\/buscan-reactivar-vida-nocturna-con-el-operativo-culiacan-en-movimiento\/#primaryimage"},"image":{"@id":"https:\/\/fuentesfidedignas.com.mx\/index.php\/2025\/03\/13\/buscan-reactivar-vida-nocturna-con-el-operativo-culiacan-en-movimiento\/#primaryimage"},"thumbnailUrl":"https:\/\/fuentesfidedignas.com.mx\/wp-content\/uploads\/2025\/03\/img_2360-1.jpg","datePublished":"2025-03-13T19:25:55+00:00","breadcrumb":{"@id":"https:\/\/fuentesfidedignas.com.mx\/index.php\/2025\/03\/13\/buscan-reactivar-vida-nocturna-con-el-operativo-culiacan-en-movimiento\/#breadcrumb"},"inLanguage":"es","potentialAction":[{"@type":"ReadAction","target":["https:\/\/fuentesfidedignas.com.mx\/index.php\/2025\/03\/13\/buscan-reactivar-vida-nocturna-con-el-operativo-culiacan-en-movimiento\/"]}]},{"@type":"ImageObject","inLanguage":"es","@id":"https:\/\/fuentesfidedignas.com.mx\/index.php\/2025\/03\/13\/buscan-reactivar-vida-nocturna-con-el-operativo-culiacan-en-movimiento\/#primaryimage","url":"https:\/\/fuentesfidedignas.com.mx\/wp-content\/uploads\/2025\/03\/img_2360-1.jpg","contentUrl":"https:\/\/fuentesfidedignas.com.mx\/wp-content\/uploads\/2025\/03\/img_2360-1.jpg","width":1920,"height":1080},{"@type":"BreadcrumbList","@id":"https:\/\/fuentesfidedignas.com.mx\/index.php\/2025\/03\/13\/buscan-reactivar-vida-nocturna-con-el-operativo-culiacan-en-movimiento\/#breadcrumb","itemListElement":[{"@type":"ListItem","position":1,"name":"Inicio","item":"https:\/\/fuentesfidedignas.com.mx\/"},{"@type":"ListItem","position":2,"name":"Buscan reactivar vida nocturna con el Operativo \u201cCuliac\u00e1n en Movimiento\u201d"}]},{"@type":"WebSite","@id":"https:\/\/fuentesfidedignas.com.mx\/#website","url":"https:\/\/fuentesfidedignas.com.mx\/","name":"Fuentes Fidedignas","description":"Otro sitio realizado con WordPress","publisher":{"@id":"https:\/\/fuentesfidedignas.com.mx\/#organization"},"potentialAction":[{"@type":"SearchAction","target":{"@type":"EntryPoint","urlTemplate":"https:\/\/fuentesfidedignas.com.mx\/?s={search_term_string}"},"query-input":{"@type":"PropertyValueSpecification","valueRequired":true,"valueName":"search_term_string"}}],"inLanguage":"es"},{"@type":"Organization","@id":"https:\/\/fuentesfidedignas.com.mx\/#organization","name":"Fuentes Fidedignas","url":"https:\/\/fuentesfidedignas.com.mx\/","logo":{"@type":"ImageObject","inLanguage":"es","@id":"https:\/\/fuentesfidedignas.com.mx\/#\/schema\/logo\/image\/","url":"https:\/\/fuentesfidedignas.com.mx\/wp-content\/uploads\/2021\/04\/logo-retina.png","contentUrl":"https:\/\/fuentesfidedignas.com.mx\/wp-content\/uploads\/2021\/04\/logo-retina.png","width":280,"height":51,"caption":"Fuentes Fidedignas"},"image":{"@id":"https:\/\/fuentesfidedignas.com.mx\/#\/schema\/logo\/image\/"},"sameAs":["https:\/\/www.facebook.com\/Fuentes-Fidedignas-368234489921644","https:\/\/x.com\/fidedignas"]},{"@type":"Person","@id":"https:\/\/fuentesfidedignas.com.mx\/#\/schema\/person\/331be9283d37198e2acd5750279085b0","name":"Redacci\u00f3n","image":{"@type":"ImageObject","inLanguage":"es","@id":"https:\/\/secure.gravatar.com\/avatar\/f6d8782c11d12b2d4ad3fbb6931aeab5309937a4d6cd2fc9cfaa28a6396a5aec?s=96&d=mm&r=g","url":"https:\/\/secure.gravatar.com\/avatar\/f6d8782c11d12b2d4ad3fbb6931aeab5309937a4d6cd2fc9cfaa28a6396a5aec?s=96&d=mm&r=g","contentUrl":"https:\/\/secure.gravatar.com\/avatar\/f6d8782c11d12b2d4ad3fbb6931aeab5309937a4d6cd2fc9cfaa28a6396a5aec?s=96&d=mm&r=g","caption":"Redacci\u00f3n"},"url":"https:\/\/fuentesfidedignas.com.mx\/index.php\/author\/redaccion\/"}]}},"_links":{"self":[{"href":"https:\/\/fuentesfidedignas.com.mx\/index.php\/wp-json\/wp\/v2\/posts\/103837","targetHints":{"allow":["GET"]}}],"collection":[{"href":"https:\/\/fuentesfidedignas.com.mx\/index.php\/wp-json\/wp\/v2\/posts"}],"about":[{"href":"https:\/\/fuentesfidedignas.com.mx\/index.php\/wp-json\/wp\/v2\/types\/post"}],"author":[{"embeddable":true,"href":"https:\/\/fuentesfidedignas.com.mx\/index.php\/wp-json\/wp\/v2\/users\/4"}],"replies":[{"embeddable":true,"href":"https:\/\/fuentesfidedignas.com.mx\/index.php\/wp-json\/wp\/v2\/comments?post=103837"}],"version-history":[{"count":1,"href":"https:\/\/fuentesfidedignas.com.mx\/index.php\/wp-json\/wp\/v2\/posts\/103837\/revisions"}],"predecessor-version":[{"id":103838,"href":"https:\/\/fuentesfidedignas.com.mx\/index.php\/wp-json\/wp\/v2\/posts\/103837\/revisions\/103838"}],"wp:featuredmedia":[{"embeddable":true,"href":"https:\/\/fuentesfidedignas.com.mx\/index.php\/wp-json\/wp\/v2\/media\/103836"}],"wp:attachment":[{"href":"https:\/\/fuentesfidedignas.com.mx\/index.php\/wp-json\/wp\/v2\/media?parent=103837"}],"wp:term":[{"taxonomy":"category","embeddable":true,"href":"https:\/\/fuentesfidedignas.com.mx\/index.php\/wp-json\/wp\/v2\/categories?post=103837"},{"taxonomy":"post_tag","embeddable":true,"href":"https:\/\/fuentesfidedignas.com.mx\/index.php\/wp-json\/wp\/v2\/tags?post=103837"}],"curies":[{"name":"wp","href":"https:\/\/api.w.org\/{rel}","templated":true}]}}