{"id":103812,"date":"2025-03-13T07:21:43","date_gmt":"2025-03-13T14:21:43","guid":{"rendered":"https:\/\/fuentesfidedignas.com.mx\/?p=103812"},"modified":"2025-03-13T07:21:49","modified_gmt":"2025-03-13T14:21:49","slug":"mexico-emite-nuevo-aviso-epidemiologico-por-sarampion-alerta-casos-importados","status":"publish","type":"post","link":"https:\/\/fuentesfidedignas.com.mx\/index.php\/2025\/03\/13\/mexico-emite-nuevo-aviso-epidemiologico-por-sarampion-alerta-casos-importados\/","title":{"rendered":"M\u00e9xico emite nuevo aviso epidemiol\u00f3gico por sarampi\u00f3n; alerta casos importados"},"content":{"rendered":"\n<p><strong><em>En M\u00e9xico suman 22 casos confirmados de sarampi\u00f3n, dos de ellos importados<\/em><\/strong><\/p>\n\n\n\n<p>El aumento de sarampi\u00f3n en el mundo llev\u00f3 a la Secretar\u00eda de Salud federal a emitir un nuevo aviso epidemiol\u00f3gico, en el que alerta que los casos en M\u00e9xico han sido importados y asociados a importaci\u00f3n.<\/p>\n\n\n\n<p>La Organizaci\u00f3n Mundial de la Salud (OMS) reporta 16 mil 144 casos confirmados a nivel mundial, hasta la semana 10 del a\u00f1o en curso.<\/p>\n\n\n\n<p>La mayor\u00eda de casos se presenta en Yemen, Pakist\u00e1n, India, Tailandia y Etiop\u00eda.<\/p>\n\n\n\n<p>Estados Unidos reporta 256 casos confirmados, de los que 223 se concentran en Texas y 33 en Nuevo M\u00e9xico, colindantes con M\u00e9xico. Tambi\u00e9n informa dos muertes.<\/p>\n\n\n\n<p>En M\u00e9xico se han confirmado 22 casos de sarampi\u00f3n. Dos son importados, uno de ellos una ni\u00f1a de 5 a\u00f1os que acababa de regresar de Tailandia, Laos, Vietnam y Jap\u00f3n.<\/p>\n\n\n\n<p>El segundo caso importado es un ni\u00f1o de 9 a\u00f1os.<\/p>\n\n\n\n<p>Del total de casos confirmados, 18 se presentaron en Chihuahua y 4 m\u00e1s en Oaxaca.<\/p>\n\n\n\n<p>El 68 por ciento de los pacientes son hombres y 32 por ciento mujeres, en tanto que los grupos etarios m\u00e1s afectados son entre 10 y 14 a\u00f1os de edad y de los 25 a 44 a\u00f1os.<\/p>\n\n\n\n<p>En cuanto al antecedente vacunal, la Secretar\u00eda de Salud hall\u00f3 que 19 pacientes no se vacunaron, mientras que 2 cuentan con una dosis de la vacuna triple viral y 1 con dos dosis de la misma.<\/p>\n\n\n\n<p>Se advierte adem\u00e1s que los brotes de sarampi\u00f3n en varias partes del mundo, principalmente en pa\u00edses de Am\u00e9rica con los que se comparte un alto movimiento poblacional, incrementa el riesgo de casos importados en M\u00e9xico.<\/p>\n\n\n\n<p>El sarampi\u00f3n una enfermedad altamente contagiosa que se transmite mediante part\u00edculas suspendidas en el aire y secreciones nasales o far\u00edngeas.<\/p>\n\n\n\n<p>Tiene un periodo de incubaci\u00f3n de 7 a 21 d\u00edas y se caracteriza por ocasionar fiebre, conjuntivitis, inflamaci\u00f3n de las mucosas nasales, tos y manchas peque\u00f1as con un centro blanco o blanco azulado.<\/p>\n\n\n\n<p>Puede llegar a causar la muerte al derivar, en casos graves, en neumon\u00eda o encefalitis, entre otras.<\/p>\n\n\n\n<p>El sarampi\u00f3n es prevenible con la vacunaci\u00f3n.<\/p>\n","protected":false},"excerpt":{"rendered":"<p>En M\u00e9xico suman 22 casos confirmados de sarampi\u00f3n, dos de ellos importados El aumento de sarampi\u00f3n en el mundo llev\u00f3 a la Secretar\u00eda de Salud federal a emitir un nuevo aviso epidemiol\u00f3gico, en el que alerta que los casos en M\u00e9xico han sido importados y asociados a importaci\u00f3n. La Organizaci\u00f3n Mundial de la Salud (OMS) [&hellip;]<\/p>\n","protected":false},"author":47,"featured_media":77463,"comment_status":"open","ping_status":"open","sticky":false,"template":"","format":"standard","meta":{"tdm_status":"","tdm_grid_status":"","footnotes":""},"categories":[39],"tags":[],"class_list":{"0":"post-103812","1":"post","2":"type-post","3":"status-publish","4":"format-standard","5":"has-post-thumbnail","7":"category-noticias-nacionales"},"yoast_head":"<!-- This site is optimized with the Yoast SEO plugin v27.4 - https:\/\/yoast.com\/product\/yoast-seo-wordpress\/ -->\n<title>M\u00e9xico emite nuevo aviso epidemiol\u00f3gico por sarampi\u00f3n; alerta casos importados - Fuentes Fidedignas<\/title>\n<meta name=\"robots\" content=\"index, follow, max-snippet:-1, max-image-preview:large, max-video-preview:-1\" \/>\n<link rel=\"canonical\" href=\"https:\/\/fuentesfidedignas.com.mx\/index.php\/2025\/03\/13\/mexico-emite-nuevo-aviso-epidemiologico-por-sarampion-alerta-casos-importados\/\" \/>\n<meta property=\"og:locale\" content=\"es_MX\" \/>\n<meta property=\"og:type\" content=\"article\" \/>\n<meta property=\"og:title\" content=\"M\u00e9xico emite nuevo aviso epidemiol\u00f3gico por sarampi\u00f3n; alerta casos importados - Fuentes Fidedignas\" \/>\n<meta property=\"og:description\" content=\"En M\u00e9xico suman 22 casos confirmados de sarampi\u00f3n, dos de ellos importados El aumento de sarampi\u00f3n en el mundo llev\u00f3 a la Secretar\u00eda de Salud federal a emitir un nuevo aviso epidemiol\u00f3gico, en el que alerta que los casos en M\u00e9xico han sido importados y asociados a importaci\u00f3n. La Organizaci\u00f3n Mundial de la Salud (OMS) [&hellip;]\" \/>\n<meta property=\"og:url\" content=\"https:\/\/fuentesfidedignas.com.mx\/index.php\/2025\/03\/13\/mexico-emite-nuevo-aviso-epidemiologico-por-sarampion-alerta-casos-importados\/\" \/>\n<meta property=\"og:site_name\" content=\"Fuentes Fidedignas\" \/>\n<meta property=\"article:publisher\" content=\"https:\/\/www.facebook.com\/Fuentes-Fidedignas-368234489921644\" \/>\n<meta property=\"article:published_time\" content=\"2025-03-13T14:21:43+00:00\" \/>\n<meta property=\"article:modified_time\" content=\"2025-03-13T14:21:49+00:00\" \/>\n<meta property=\"og:image\" content=\"https:\/\/fuentesfidedignas.com.mx\/wp-content\/uploads\/2024\/03\/sarampion-cdmx.jpg\" \/>\n\t<meta property=\"og:image:width\" content=\"600\" \/>\n\t<meta property=\"og:image:height\" content=\"407\" \/>\n\t<meta property=\"og:image:type\" content=\"image\/jpeg\" \/>\n<meta name=\"author\" content=\"L\u00f3pez D\u00f3riga\" \/>\n<meta name=\"twitter:card\" content=\"summary_large_image\" \/>\n<meta name=\"twitter:creator\" content=\"@fidedignas\" \/>\n<meta name=\"twitter:site\" content=\"@fidedignas\" \/>\n<meta name=\"twitter:label1\" content=\"Escrito por\" \/>\n\t<meta name=\"twitter:data1\" content=\"L\u00f3pez D\u00f3riga\" \/>\n\t<meta name=\"twitter:label2\" content=\"Tiempo de lectura\" \/>\n\t<meta name=\"twitter:data2\" content=\"2 minutos\" \/>\n<script type=\"application\/ld+json\" class=\"yoast-schema-graph\">{\"@context\":\"https:\\\/\\\/schema.org\",\"@graph\":[{\"@type\":\"Article\",\"@id\":\"https:\\\/\\\/fuentesfidedignas.com.mx\\\/index.php\\\/2025\\\/03\\\/13\\\/mexico-emite-nuevo-aviso-epidemiologico-por-sarampion-alerta-casos-importados\\\/#article\",\"isPartOf\":{\"@id\":\"https:\\\/\\\/fuentesfidedignas.com.mx\\\/index.php\\\/2025\\\/03\\\/13\\\/mexico-emite-nuevo-aviso-epidemiologico-por-sarampion-alerta-casos-importados\\\/\"},\"author\":{\"name\":\"L\u00f3pez D\u00f3riga\",\"@id\":\"https:\\\/\\\/fuentesfidedignas.com.mx\\\/#\\\/schema\\\/person\\\/67d852f0557c8509146a4b9ddebd543a\"},\"headline\":\"M\u00e9xico emite nuevo aviso epidemiol\u00f3gico por sarampi\u00f3n; alerta casos importados\",\"datePublished\":\"2025-03-13T14:21:43+00:00\",\"dateModified\":\"2025-03-13T14:21:49+00:00\",\"mainEntityOfPage\":{\"@id\":\"https:\\\/\\\/fuentesfidedignas.com.mx\\\/index.php\\\/2025\\\/03\\\/13\\\/mexico-emite-nuevo-aviso-epidemiologico-por-sarampion-alerta-casos-importados\\\/\"},\"wordCount\":383,\"commentCount\":0,\"publisher\":{\"@id\":\"https:\\\/\\\/fuentesfidedignas.com.mx\\\/#organization\"},\"image\":{\"@id\":\"https:\\\/\\\/fuentesfidedignas.com.mx\\\/index.php\\\/2025\\\/03\\\/13\\\/mexico-emite-nuevo-aviso-epidemiologico-por-sarampion-alerta-casos-importados\\\/#primaryimage\"},\"thumbnailUrl\":\"https:\\\/\\\/fuentesfidedignas.com.mx\\\/wp-content\\\/uploads\\\/2024\\\/03\\\/sarampion-cdmx.jpg\",\"articleSection\":[\"NOTICIAS NACIONALES\"],\"inLanguage\":\"es\",\"potentialAction\":[{\"@type\":\"CommentAction\",\"name\":\"Comment\",\"target\":[\"https:\\\/\\\/fuentesfidedignas.com.mx\\\/index.php\\\/2025\\\/03\\\/13\\\/mexico-emite-nuevo-aviso-epidemiologico-por-sarampion-alerta-casos-importados\\\/#respond\"]}]},{\"@type\":\"WebPage\",\"@id\":\"https:\\\/\\\/fuentesfidedignas.com.mx\\\/index.php\\\/2025\\\/03\\\/13\\\/mexico-emite-nuevo-aviso-epidemiologico-por-sarampion-alerta-casos-importados\\\/\",\"url\":\"https:\\\/\\\/fuentesfidedignas.com.mx\\\/index.php\\\/2025\\\/03\\\/13\\\/mexico-emite-nuevo-aviso-epidemiologico-por-sarampion-alerta-casos-importados\\\/\",\"name\":\"M\u00e9xico emite nuevo aviso epidemiol\u00f3gico por sarampi\u00f3n; alerta casos importados - Fuentes Fidedignas\",\"isPartOf\":{\"@id\":\"https:\\\/\\\/fuentesfidedignas.com.mx\\\/#website\"},\"primaryImageOfPage\":{\"@id\":\"https:\\\/\\\/fuentesfidedignas.com.mx\\\/index.php\\\/2025\\\/03\\\/13\\\/mexico-emite-nuevo-aviso-epidemiologico-por-sarampion-alerta-casos-importados\\\/#primaryimage\"},\"image\":{\"@id\":\"https:\\\/\\\/fuentesfidedignas.com.mx\\\/index.php\\\/2025\\\/03\\\/13\\\/mexico-emite-nuevo-aviso-epidemiologico-por-sarampion-alerta-casos-importados\\\/#primaryimage\"},\"thumbnailUrl\":\"https:\\\/\\\/fuentesfidedignas.com.mx\\\/wp-content\\\/uploads\\\/2024\\\/03\\\/sarampion-cdmx.jpg\",\"datePublished\":\"2025-03-13T14:21:43+00:00\",\"dateModified\":\"2025-03-13T14:21:49+00:00\",\"breadcrumb\":{\"@id\":\"https:\\\/\\\/fuentesfidedignas.com.mx\\\/index.php\\\/2025\\\/03\\\/13\\\/mexico-emite-nuevo-aviso-epidemiologico-por-sarampion-alerta-casos-importados\\\/#breadcrumb\"},\"inLanguage\":\"es\",\"potentialAction\":[{\"@type\":\"ReadAction\",\"target\":[\"https:\\\/\\\/fuentesfidedignas.com.mx\\\/index.php\\\/2025\\\/03\\\/13\\\/mexico-emite-nuevo-aviso-epidemiologico-por-sarampion-alerta-casos-importados\\\/\"]}]},{\"@type\":\"ImageObject\",\"inLanguage\":\"es\",\"@id\":\"https:\\\/\\\/fuentesfidedignas.com.mx\\\/index.php\\\/2025\\\/03\\\/13\\\/mexico-emite-nuevo-aviso-epidemiologico-por-sarampion-alerta-casos-importados\\\/#primaryimage\",\"url\":\"https:\\\/\\\/fuentesfidedignas.com.mx\\\/wp-content\\\/uploads\\\/2024\\\/03\\\/sarampion-cdmx.jpg\",\"contentUrl\":\"https:\\\/\\\/fuentesfidedignas.com.mx\\\/wp-content\\\/uploads\\\/2024\\\/03\\\/sarampion-cdmx.jpg\",\"width\":600,\"height\":407},{\"@type\":\"BreadcrumbList\",\"@id\":\"https:\\\/\\\/fuentesfidedignas.com.mx\\\/index.php\\\/2025\\\/03\\\/13\\\/mexico-emite-nuevo-aviso-epidemiologico-por-sarampion-alerta-casos-importados\\\/#breadcrumb\",\"itemListElement\":[{\"@type\":\"ListItem\",\"position\":1,\"name\":\"Inicio\",\"item\":\"https:\\\/\\\/fuentesfidedignas.com.mx\\\/\"},{\"@type\":\"ListItem\",\"position\":2,\"name\":\"M\u00e9xico emite nuevo aviso epidemiol\u00f3gico por sarampi\u00f3n; alerta casos importados\"}]},{\"@type\":\"WebSite\",\"@id\":\"https:\\\/\\\/fuentesfidedignas.com.mx\\\/#website\",\"url\":\"https:\\\/\\\/fuentesfidedignas.com.mx\\\/\",\"name\":\"Fuentes Fidedignas\",\"description\":\"Otro sitio realizado con WordPress\",\"publisher\":{\"@id\":\"https:\\\/\\\/fuentesfidedignas.com.mx\\\/#organization\"},\"potentialAction\":[{\"@type\":\"SearchAction\",\"target\":{\"@type\":\"EntryPoint\",\"urlTemplate\":\"https:\\\/\\\/fuentesfidedignas.com.mx\\\/?s={search_term_string}\"},\"query-input\":{\"@type\":\"PropertyValueSpecification\",\"valueRequired\":true,\"valueName\":\"search_term_string\"}}],\"inLanguage\":\"es\"},{\"@type\":\"Organization\",\"@id\":\"https:\\\/\\\/fuentesfidedignas.com.mx\\\/#organization\",\"name\":\"Fuentes Fidedignas\",\"url\":\"https:\\\/\\\/fuentesfidedignas.com.mx\\\/\",\"logo\":{\"@type\":\"ImageObject\",\"inLanguage\":\"es\",\"@id\":\"https:\\\/\\\/fuentesfidedignas.com.mx\\\/#\\\/schema\\\/logo\\\/image\\\/\",\"url\":\"https:\\\/\\\/fuentesfidedignas.com.mx\\\/wp-content\\\/uploads\\\/2021\\\/04\\\/logo-retina.png\",\"contentUrl\":\"https:\\\/\\\/fuentesfidedignas.com.mx\\\/wp-content\\\/uploads\\\/2021\\\/04\\\/logo-retina.png\",\"width\":280,\"height\":51,\"caption\":\"Fuentes Fidedignas\"},\"image\":{\"@id\":\"https:\\\/\\\/fuentesfidedignas.com.mx\\\/#\\\/schema\\\/logo\\\/image\\\/\"},\"sameAs\":[\"https:\\\/\\\/www.facebook.com\\\/Fuentes-Fidedignas-368234489921644\",\"https:\\\/\\\/x.com\\\/fidedignas\"]},{\"@type\":\"Person\",\"@id\":\"https:\\\/\\\/fuentesfidedignas.com.mx\\\/#\\\/schema\\\/person\\\/67d852f0557c8509146a4b9ddebd543a\",\"name\":\"L\u00f3pez D\u00f3riga\",\"image\":{\"@type\":\"ImageObject\",\"inLanguage\":\"es\",\"@id\":\"https:\\\/\\\/secure.gravatar.com\\\/avatar\\\/e525b06574ca18b33cded59dfe5778d6c823b9513154eff47da551b0551bdd1e?s=96&d=mm&r=g\",\"url\":\"https:\\\/\\\/secure.gravatar.com\\\/avatar\\\/e525b06574ca18b33cded59dfe5778d6c823b9513154eff47da551b0551bdd1e?s=96&d=mm&r=g\",\"contentUrl\":\"https:\\\/\\\/secure.gravatar.com\\\/avatar\\\/e525b06574ca18b33cded59dfe5778d6c823b9513154eff47da551b0551bdd1e?s=96&d=mm&r=g\",\"caption\":\"L\u00f3pez D\u00f3riga\"},\"url\":\"https:\\\/\\\/fuentesfidedignas.com.mx\\\/index.php\\\/author\\\/doriga\\\/\"}]}<\/script>\n<!-- \/ Yoast SEO plugin. -->","yoast_head_json":{"title":"M\u00e9xico emite nuevo aviso epidemiol\u00f3gico por sarampi\u00f3n; alerta casos importados - Fuentes Fidedignas","robots":{"index":"index","follow":"follow","max-snippet":"max-snippet:-1","max-image-preview":"max-image-preview:large","max-video-preview":"max-video-preview:-1"},"canonical":"https:\/\/fuentesfidedignas.com.mx\/index.php\/2025\/03\/13\/mexico-emite-nuevo-aviso-epidemiologico-por-sarampion-alerta-casos-importados\/","og_locale":"es_MX","og_type":"article","og_title":"M\u00e9xico emite nuevo aviso epidemiol\u00f3gico por sarampi\u00f3n; alerta casos importados - Fuentes Fidedignas","og_description":"En M\u00e9xico suman 22 casos confirmados de sarampi\u00f3n, dos de ellos importados El aumento de sarampi\u00f3n en el mundo llev\u00f3 a la Secretar\u00eda de Salud federal a emitir un nuevo aviso epidemiol\u00f3gico, en el que alerta que los casos en M\u00e9xico han sido importados y asociados a importaci\u00f3n. La Organizaci\u00f3n Mundial de la Salud (OMS) [&hellip;]","og_url":"https:\/\/fuentesfidedignas.com.mx\/index.php\/2025\/03\/13\/mexico-emite-nuevo-aviso-epidemiologico-por-sarampion-alerta-casos-importados\/","og_site_name":"Fuentes Fidedignas","article_publisher":"https:\/\/www.facebook.com\/Fuentes-Fidedignas-368234489921644","article_published_time":"2025-03-13T14:21:43+00:00","article_modified_time":"2025-03-13T14:21:49+00:00","og_image":[{"width":600,"height":407,"url":"https:\/\/fuentesfidedignas.com.mx\/wp-content\/uploads\/2024\/03\/sarampion-cdmx.jpg","type":"image\/jpeg"}],"author":"L\u00f3pez D\u00f3riga","twitter_card":"summary_large_image","twitter_creator":"@fidedignas","twitter_site":"@fidedignas","twitter_misc":{"Escrito por":"L\u00f3pez D\u00f3riga","Tiempo de lectura":"2 minutos"},"schema":{"@context":"https:\/\/schema.org","@graph":[{"@type":"Article","@id":"https:\/\/fuentesfidedignas.com.mx\/index.php\/2025\/03\/13\/mexico-emite-nuevo-aviso-epidemiologico-por-sarampion-alerta-casos-importados\/#article","isPartOf":{"@id":"https:\/\/fuentesfidedignas.com.mx\/index.php\/2025\/03\/13\/mexico-emite-nuevo-aviso-epidemiologico-por-sarampion-alerta-casos-importados\/"},"author":{"name":"L\u00f3pez D\u00f3riga","@id":"https:\/\/fuentesfidedignas.com.mx\/#\/schema\/person\/67d852f0557c8509146a4b9ddebd543a"},"headline":"M\u00e9xico emite nuevo aviso epidemiol\u00f3gico por sarampi\u00f3n; alerta casos importados","datePublished":"2025-03-13T14:21:43+00:00","dateModified":"2025-03-13T14:21:49+00:00","mainEntityOfPage":{"@id":"https:\/\/fuentesfidedignas.com.mx\/index.php\/2025\/03\/13\/mexico-emite-nuevo-aviso-epidemiologico-por-sarampion-alerta-casos-importados\/"},"wordCount":383,"commentCount":0,"publisher":{"@id":"https:\/\/fuentesfidedignas.com.mx\/#organization"},"image":{"@id":"https:\/\/fuentesfidedignas.com.mx\/index.php\/2025\/03\/13\/mexico-emite-nuevo-aviso-epidemiologico-por-sarampion-alerta-casos-importados\/#primaryimage"},"thumbnailUrl":"https:\/\/fuentesfidedignas.com.mx\/wp-content\/uploads\/2024\/03\/sarampion-cdmx.jpg","articleSection":["NOTICIAS NACIONALES"],"inLanguage":"es","potentialAction":[{"@type":"CommentAction","name":"Comment","target":["https:\/\/fuentesfidedignas.com.mx\/index.php\/2025\/03\/13\/mexico-emite-nuevo-aviso-epidemiologico-por-sarampion-alerta-casos-importados\/#respond"]}]},{"@type":"WebPage","@id":"https:\/\/fuentesfidedignas.com.mx\/index.php\/2025\/03\/13\/mexico-emite-nuevo-aviso-epidemiologico-por-sarampion-alerta-casos-importados\/","url":"https:\/\/fuentesfidedignas.com.mx\/index.php\/2025\/03\/13\/mexico-emite-nuevo-aviso-epidemiologico-por-sarampion-alerta-casos-importados\/","name":"M\u00e9xico emite nuevo aviso epidemiol\u00f3gico por sarampi\u00f3n; alerta casos importados - Fuentes Fidedignas","isPartOf":{"@id":"https:\/\/fuentesfidedignas.com.mx\/#website"},"primaryImageOfPage":{"@id":"https:\/\/fuentesfidedignas.com.mx\/index.php\/2025\/03\/13\/mexico-emite-nuevo-aviso-epidemiologico-por-sarampion-alerta-casos-importados\/#primaryimage"},"image":{"@id":"https:\/\/fuentesfidedignas.com.mx\/index.php\/2025\/03\/13\/mexico-emite-nuevo-aviso-epidemiologico-por-sarampion-alerta-casos-importados\/#primaryimage"},"thumbnailUrl":"https:\/\/fuentesfidedignas.com.mx\/wp-content\/uploads\/2024\/03\/sarampion-cdmx.jpg","datePublished":"2025-03-13T14:21:43+00:00","dateModified":"2025-03-13T14:21:49+00:00","breadcrumb":{"@id":"https:\/\/fuentesfidedignas.com.mx\/index.php\/2025\/03\/13\/mexico-emite-nuevo-aviso-epidemiologico-por-sarampion-alerta-casos-importados\/#breadcrumb"},"inLanguage":"es","potentialAction":[{"@type":"ReadAction","target":["https:\/\/fuentesfidedignas.com.mx\/index.php\/2025\/03\/13\/mexico-emite-nuevo-aviso-epidemiologico-por-sarampion-alerta-casos-importados\/"]}]},{"@type":"ImageObject","inLanguage":"es","@id":"https:\/\/fuentesfidedignas.com.mx\/index.php\/2025\/03\/13\/mexico-emite-nuevo-aviso-epidemiologico-por-sarampion-alerta-casos-importados\/#primaryimage","url":"https:\/\/fuentesfidedignas.com.mx\/wp-content\/uploads\/2024\/03\/sarampion-cdmx.jpg","contentUrl":"https:\/\/fuentesfidedignas.com.mx\/wp-content\/uploads\/2024\/03\/sarampion-cdmx.jpg","width":600,"height":407},{"@type":"BreadcrumbList","@id":"https:\/\/fuentesfidedignas.com.mx\/index.php\/2025\/03\/13\/mexico-emite-nuevo-aviso-epidemiologico-por-sarampion-alerta-casos-importados\/#breadcrumb","itemListElement":[{"@type":"ListItem","position":1,"name":"Inicio","item":"https:\/\/fuentesfidedignas.com.mx\/"},{"@type":"ListItem","position":2,"name":"M\u00e9xico emite nuevo aviso epidemiol\u00f3gico por sarampi\u00f3n; alerta casos importados"}]},{"@type":"WebSite","@id":"https:\/\/fuentesfidedignas.com.mx\/#website","url":"https:\/\/fuentesfidedignas.com.mx\/","name":"Fuentes Fidedignas","description":"Otro sitio realizado con WordPress","publisher":{"@id":"https:\/\/fuentesfidedignas.com.mx\/#organization"},"potentialAction":[{"@type":"SearchAction","target":{"@type":"EntryPoint","urlTemplate":"https:\/\/fuentesfidedignas.com.mx\/?s={search_term_string}"},"query-input":{"@type":"PropertyValueSpecification","valueRequired":true,"valueName":"search_term_string"}}],"inLanguage":"es"},{"@type":"Organization","@id":"https:\/\/fuentesfidedignas.com.mx\/#organization","name":"Fuentes Fidedignas","url":"https:\/\/fuentesfidedignas.com.mx\/","logo":{"@type":"ImageObject","inLanguage":"es","@id":"https:\/\/fuentesfidedignas.com.mx\/#\/schema\/logo\/image\/","url":"https:\/\/fuentesfidedignas.com.mx\/wp-content\/uploads\/2021\/04\/logo-retina.png","contentUrl":"https:\/\/fuentesfidedignas.com.mx\/wp-content\/uploads\/2021\/04\/logo-retina.png","width":280,"height":51,"caption":"Fuentes Fidedignas"},"image":{"@id":"https:\/\/fuentesfidedignas.com.mx\/#\/schema\/logo\/image\/"},"sameAs":["https:\/\/www.facebook.com\/Fuentes-Fidedignas-368234489921644","https:\/\/x.com\/fidedignas"]},{"@type":"Person","@id":"https:\/\/fuentesfidedignas.com.mx\/#\/schema\/person\/67d852f0557c8509146a4b9ddebd543a","name":"L\u00f3pez D\u00f3riga","image":{"@type":"ImageObject","inLanguage":"es","@id":"https:\/\/secure.gravatar.com\/avatar\/e525b06574ca18b33cded59dfe5778d6c823b9513154eff47da551b0551bdd1e?s=96&d=mm&r=g","url":"https:\/\/secure.gravatar.com\/avatar\/e525b06574ca18b33cded59dfe5778d6c823b9513154eff47da551b0551bdd1e?s=96&d=mm&r=g","contentUrl":"https:\/\/secure.gravatar.com\/avatar\/e525b06574ca18b33cded59dfe5778d6c823b9513154eff47da551b0551bdd1e?s=96&d=mm&r=g","caption":"L\u00f3pez D\u00f3riga"},"url":"https:\/\/fuentesfidedignas.com.mx\/index.php\/author\/doriga\/"}]}},"_links":{"self":[{"href":"https:\/\/fuentesfidedignas.com.mx\/index.php\/wp-json\/wp\/v2\/posts\/103812","targetHints":{"allow":["GET"]}}],"collection":[{"href":"https:\/\/fuentesfidedignas.com.mx\/index.php\/wp-json\/wp\/v2\/posts"}],"about":[{"href":"https:\/\/fuentesfidedignas.com.mx\/index.php\/wp-json\/wp\/v2\/types\/post"}],"author":[{"embeddable":true,"href":"https:\/\/fuentesfidedignas.com.mx\/index.php\/wp-json\/wp\/v2\/users\/47"}],"replies":[{"embeddable":true,"href":"https:\/\/fuentesfidedignas.com.mx\/index.php\/wp-json\/wp\/v2\/comments?post=103812"}],"version-history":[{"count":1,"href":"https:\/\/fuentesfidedignas.com.mx\/index.php\/wp-json\/wp\/v2\/posts\/103812\/revisions"}],"predecessor-version":[{"id":103813,"href":"https:\/\/fuentesfidedignas.com.mx\/index.php\/wp-json\/wp\/v2\/posts\/103812\/revisions\/103813"}],"wp:featuredmedia":[{"embeddable":true,"href":"https:\/\/fuentesfidedignas.com.mx\/index.php\/wp-json\/wp\/v2\/media\/77463"}],"wp:attachment":[{"href":"https:\/\/fuentesfidedignas.com.mx\/index.php\/wp-json\/wp\/v2\/media?parent=103812"}],"wp:term":[{"taxonomy":"category","embeddable":true,"href":"https:\/\/fuentesfidedignas.com.mx\/index.php\/wp-json\/wp\/v2\/categories?post=103812"},{"taxonomy":"post_tag","embeddable":true,"href":"https:\/\/fuentesfidedignas.com.mx\/index.php\/wp-json\/wp\/v2\/tags?post=103812"}],"curies":[{"name":"wp","href":"https:\/\/api.w.org\/{rel}","templated":true}]}}