{"id":103671,"date":"2025-03-12T04:26:00","date_gmt":"2025-03-12T11:26:00","guid":{"rendered":"https:\/\/fuentesfidedignas.com.mx\/?p=103671"},"modified":"2025-03-11T18:29:49","modified_gmt":"2025-03-12T01:29:49","slug":"pareja-canadiense-cancela-sus-vacaciones-a-eu-de-miles-de-dolares-tras-alza-de-aranceles-de-trump","status":"publish","type":"post","link":"https:\/\/fuentesfidedignas.com.mx\/index.php\/2025\/03\/12\/pareja-canadiense-cancela-sus-vacaciones-a-eu-de-miles-de-dolares-tras-alza-de-aranceles-de-trump\/","title":{"rendered":"Pareja canadiense cancela sus vacaciones a EU de miles de d\u00f3lares tras alza de aranceles de Trump"},"content":{"rendered":"\n<p><strong><em>La pareja de adultos mayores es fan\u00e1tica del calor, por lo que en epoca de nieve en Canad\u00e1 se iban de vacaciones a EU; ahora lo han cancelado.<\/em><\/strong><\/p>\n\n\n\n<p>Gary y Carol Cruise, son una pareja de Canad\u00e1 que es fan\u00e1tica del clima caluroso, por lo que cuando en su pa\u00eds comienza la temporada de nevadas deciden viajar a Estados Unidos de vacaciones, en donde gastan una peque\u00f1a fortuna en su viaje.<\/p>\n\n\n\n<p>Ahora, tras las declaraciones de Donald Trump sobre la imposici\u00f3n de nuevos aranceles, tanto a Canad\u00e1 como a M\u00e9xico, la pareja decidi\u00f3 cancelar sus vacaciones y tener que pasar la temporada de fr\u00edo en su pa\u00eds antes que ir a gastar su dinero al pa\u00eds liderado por Donald Trump.<\/p>\n\n\n\n<p>En entrevista con CNN, Gary y Carol, compartieron con la reportera de la cadena de noticias que a\u00f1o tras a\u00f1o, desde hace cuatro a\u00f1os, decidieron hacer un viaje a Estados Unidos que dura varios meses para huir de los inviernos helados de Canad\u00e1 en su auto caravana.<\/p>\n\n\n\n<p>La pareja, tambi\u00e9n revel\u00f3 que son grandes fan\u00e1ticos de los parques de diversiones de Disney; sin embargo, decidieron cancelar los dos viajes que ten\u00edan planeados a Disneyland y a Disney World este a\u00f1o luego de que Donald Trump, presidente de Estados Unidos, impusiera aranceles del 25% en algunos productos a Canad\u00e1, aunque algunos han sido pausados temporalmente.<\/p>\n\n\n\n<p>Gary y Carol revelaron que gastan en cada uno de sus viajes a Estados Unidos una peque\u00f1a fortuna, pues invierten alrededor de 30 mil d\u00f3lares al a\u00f1o en vacaciones en EU, unos 609 mil pesos mexicanos; sin embargo, este a\u00f1o no ser\u00e1 as\u00ed, pues decidieron cancelar sus vacaciones.<\/p>\n\n\n\n<p>&#8220;Amamos a nuestros amigos estadunidenses y queremos a su pa\u00eds. Hemos visto casi todo su pa\u00eds. Esto es realmente horrible, esto es molesto&#8221;, expres\u00f3 Carol.<\/p>\n\n\n\n<p>Gary externo que no tiene problema con ninguno de los habitantes de Estados Unidos pero que est\u00e1 &#8220;extremadamente furioso e insultado por la falta de respeto y comentarios degradantes que salen de la Oficina Oval&#8221;, y a\u00f1adi\u00f3 &#8220;es como si nuestro mejor amigo nos hubiera dado un pu\u00f1etazo&#8221;.<\/p>\n\n\n\n<p>Finalmente, los Cruise explicaron que viajar\u00e1n a Estados Unidos por su casa rodante para regresar a Canad\u00e1, y esperan que esto se resuelva en los pr\u00f3ximos meses, pues les gustar\u00eda mucho volver a los Estados Unidos.<\/p>\n","protected":false},"excerpt":{"rendered":"<p>La pareja de adultos mayores es fan\u00e1tica del calor, por lo que en epoca de nieve en Canad\u00e1 se iban de vacaciones a EU; ahora lo han cancelado. Gary y Carol Cruise, son una pareja de Canad\u00e1 que es fan\u00e1tica del clima caluroso, por lo que cuando en su pa\u00eds comienza la temporada de nevadas [&hellip;]<\/p>\n","protected":false},"author":9,"featured_media":103672,"comment_status":"open","ping_status":"open","sticky":false,"template":"","format":"standard","meta":{"tdm_status":"","tdm_grid_status":"","footnotes":""},"categories":[40],"tags":[],"class_list":{"0":"post-103671","1":"post","2":"type-post","3":"status-publish","4":"format-standard","5":"has-post-thumbnail","7":"category-las-asombrosas"},"yoast_head":"<!-- This site is optimized with the Yoast SEO plugin v27.4 - https:\/\/yoast.com\/product\/yoast-seo-wordpress\/ -->\n<title>Pareja canadiense cancela sus vacaciones a EU de miles de d\u00f3lares tras alza de aranceles de Trump - Fuentes Fidedignas<\/title>\n<meta name=\"robots\" content=\"index, follow, max-snippet:-1, max-image-preview:large, max-video-preview:-1\" \/>\n<link rel=\"canonical\" href=\"https:\/\/fuentesfidedignas.com.mx\/index.php\/2025\/03\/12\/pareja-canadiense-cancela-sus-vacaciones-a-eu-de-miles-de-dolares-tras-alza-de-aranceles-de-trump\/\" \/>\n<meta property=\"og:locale\" content=\"es_MX\" \/>\n<meta property=\"og:type\" content=\"article\" \/>\n<meta property=\"og:title\" content=\"Pareja canadiense cancela sus vacaciones a EU de miles de d\u00f3lares tras alza de aranceles de Trump - Fuentes Fidedignas\" \/>\n<meta property=\"og:description\" content=\"La pareja de adultos mayores es fan\u00e1tica del calor, por lo que en epoca de nieve en Canad\u00e1 se iban de vacaciones a EU; ahora lo han cancelado. Gary y Carol Cruise, son una pareja de Canad\u00e1 que es fan\u00e1tica del clima caluroso, por lo que cuando en su pa\u00eds comienza la temporada de nevadas [&hellip;]\" \/>\n<meta property=\"og:url\" content=\"https:\/\/fuentesfidedignas.com.mx\/index.php\/2025\/03\/12\/pareja-canadiense-cancela-sus-vacaciones-a-eu-de-miles-de-dolares-tras-alza-de-aranceles-de-trump\/\" \/>\n<meta property=\"og:site_name\" content=\"Fuentes Fidedignas\" \/>\n<meta property=\"article:publisher\" content=\"https:\/\/www.facebook.com\/Fuentes-Fidedignas-368234489921644\" \/>\n<meta property=\"article:published_time\" content=\"2025-03-12T11:26:00+00:00\" \/>\n<meta property=\"og:image\" content=\"https:\/\/fuentesfidedignas.com.mx\/wp-content\/uploads\/2025\/03\/pareja_canada.jpg\" \/>\n\t<meta property=\"og:image:width\" content=\"600\" \/>\n\t<meta property=\"og:image:height\" content=\"377\" \/>\n\t<meta property=\"og:image:type\" content=\"image\/jpeg\" \/>\n<meta name=\"author\" content=\"Milenio\" \/>\n<meta name=\"twitter:card\" content=\"summary_large_image\" \/>\n<meta name=\"twitter:creator\" content=\"@fidedignas\" \/>\n<meta name=\"twitter:site\" content=\"@fidedignas\" \/>\n<meta name=\"twitter:label1\" content=\"Escrito por\" \/>\n\t<meta name=\"twitter:data1\" content=\"Milenio\" \/>\n\t<meta name=\"twitter:label2\" content=\"Tiempo de lectura\" \/>\n\t<meta name=\"twitter:data2\" content=\"2 minutos\" \/>\n<script type=\"application\/ld+json\" class=\"yoast-schema-graph\">{\"@context\":\"https:\\\/\\\/schema.org\",\"@graph\":[{\"@type\":\"Article\",\"@id\":\"https:\\\/\\\/fuentesfidedignas.com.mx\\\/index.php\\\/2025\\\/03\\\/12\\\/pareja-canadiense-cancela-sus-vacaciones-a-eu-de-miles-de-dolares-tras-alza-de-aranceles-de-trump\\\/#article\",\"isPartOf\":{\"@id\":\"https:\\\/\\\/fuentesfidedignas.com.mx\\\/index.php\\\/2025\\\/03\\\/12\\\/pareja-canadiense-cancela-sus-vacaciones-a-eu-de-miles-de-dolares-tras-alza-de-aranceles-de-trump\\\/\"},\"author\":{\"name\":\"Milenio\",\"@id\":\"https:\\\/\\\/fuentesfidedignas.com.mx\\\/#\\\/schema\\\/person\\\/47ec0135738f4b0c7495f06a77a2c976\"},\"headline\":\"Pareja canadiense cancela sus vacaciones a EU de miles de d\u00f3lares tras alza de aranceles de Trump\",\"datePublished\":\"2025-03-12T11:26:00+00:00\",\"mainEntityOfPage\":{\"@id\":\"https:\\\/\\\/fuentesfidedignas.com.mx\\\/index.php\\\/2025\\\/03\\\/12\\\/pareja-canadiense-cancela-sus-vacaciones-a-eu-de-miles-de-dolares-tras-alza-de-aranceles-de-trump\\\/\"},\"wordCount\":423,\"commentCount\":0,\"publisher\":{\"@id\":\"https:\\\/\\\/fuentesfidedignas.com.mx\\\/#organization\"},\"image\":{\"@id\":\"https:\\\/\\\/fuentesfidedignas.com.mx\\\/index.php\\\/2025\\\/03\\\/12\\\/pareja-canadiense-cancela-sus-vacaciones-a-eu-de-miles-de-dolares-tras-alza-de-aranceles-de-trump\\\/#primaryimage\"},\"thumbnailUrl\":\"https:\\\/\\\/fuentesfidedignas.com.mx\\\/wp-content\\\/uploads\\\/2025\\\/03\\\/pareja_canada.jpg\",\"articleSection\":[\"LAS ASOMBROSAS\"],\"inLanguage\":\"es\",\"potentialAction\":[{\"@type\":\"CommentAction\",\"name\":\"Comment\",\"target\":[\"https:\\\/\\\/fuentesfidedignas.com.mx\\\/index.php\\\/2025\\\/03\\\/12\\\/pareja-canadiense-cancela-sus-vacaciones-a-eu-de-miles-de-dolares-tras-alza-de-aranceles-de-trump\\\/#respond\"]}]},{\"@type\":\"WebPage\",\"@id\":\"https:\\\/\\\/fuentesfidedignas.com.mx\\\/index.php\\\/2025\\\/03\\\/12\\\/pareja-canadiense-cancela-sus-vacaciones-a-eu-de-miles-de-dolares-tras-alza-de-aranceles-de-trump\\\/\",\"url\":\"https:\\\/\\\/fuentesfidedignas.com.mx\\\/index.php\\\/2025\\\/03\\\/12\\\/pareja-canadiense-cancela-sus-vacaciones-a-eu-de-miles-de-dolares-tras-alza-de-aranceles-de-trump\\\/\",\"name\":\"Pareja canadiense cancela sus vacaciones a EU de miles de d\u00f3lares tras alza de aranceles de Trump - Fuentes Fidedignas\",\"isPartOf\":{\"@id\":\"https:\\\/\\\/fuentesfidedignas.com.mx\\\/#website\"},\"primaryImageOfPage\":{\"@id\":\"https:\\\/\\\/fuentesfidedignas.com.mx\\\/index.php\\\/2025\\\/03\\\/12\\\/pareja-canadiense-cancela-sus-vacaciones-a-eu-de-miles-de-dolares-tras-alza-de-aranceles-de-trump\\\/#primaryimage\"},\"image\":{\"@id\":\"https:\\\/\\\/fuentesfidedignas.com.mx\\\/index.php\\\/2025\\\/03\\\/12\\\/pareja-canadiense-cancela-sus-vacaciones-a-eu-de-miles-de-dolares-tras-alza-de-aranceles-de-trump\\\/#primaryimage\"},\"thumbnailUrl\":\"https:\\\/\\\/fuentesfidedignas.com.mx\\\/wp-content\\\/uploads\\\/2025\\\/03\\\/pareja_canada.jpg\",\"datePublished\":\"2025-03-12T11:26:00+00:00\",\"breadcrumb\":{\"@id\":\"https:\\\/\\\/fuentesfidedignas.com.mx\\\/index.php\\\/2025\\\/03\\\/12\\\/pareja-canadiense-cancela-sus-vacaciones-a-eu-de-miles-de-dolares-tras-alza-de-aranceles-de-trump\\\/#breadcrumb\"},\"inLanguage\":\"es\",\"potentialAction\":[{\"@type\":\"ReadAction\",\"target\":[\"https:\\\/\\\/fuentesfidedignas.com.mx\\\/index.php\\\/2025\\\/03\\\/12\\\/pareja-canadiense-cancela-sus-vacaciones-a-eu-de-miles-de-dolares-tras-alza-de-aranceles-de-trump\\\/\"]}]},{\"@type\":\"ImageObject\",\"inLanguage\":\"es\",\"@id\":\"https:\\\/\\\/fuentesfidedignas.com.mx\\\/index.php\\\/2025\\\/03\\\/12\\\/pareja-canadiense-cancela-sus-vacaciones-a-eu-de-miles-de-dolares-tras-alza-de-aranceles-de-trump\\\/#primaryimage\",\"url\":\"https:\\\/\\\/fuentesfidedignas.com.mx\\\/wp-content\\\/uploads\\\/2025\\\/03\\\/pareja_canada.jpg\",\"contentUrl\":\"https:\\\/\\\/fuentesfidedignas.com.mx\\\/wp-content\\\/uploads\\\/2025\\\/03\\\/pareja_canada.jpg\",\"width\":600,\"height\":377},{\"@type\":\"BreadcrumbList\",\"@id\":\"https:\\\/\\\/fuentesfidedignas.com.mx\\\/index.php\\\/2025\\\/03\\\/12\\\/pareja-canadiense-cancela-sus-vacaciones-a-eu-de-miles-de-dolares-tras-alza-de-aranceles-de-trump\\\/#breadcrumb\",\"itemListElement\":[{\"@type\":\"ListItem\",\"position\":1,\"name\":\"Inicio\",\"item\":\"https:\\\/\\\/fuentesfidedignas.com.mx\\\/\"},{\"@type\":\"ListItem\",\"position\":2,\"name\":\"Pareja canadiense cancela sus vacaciones a EU de miles de d\u00f3lares tras alza de aranceles de Trump\"}]},{\"@type\":\"WebSite\",\"@id\":\"https:\\\/\\\/fuentesfidedignas.com.mx\\\/#website\",\"url\":\"https:\\\/\\\/fuentesfidedignas.com.mx\\\/\",\"name\":\"Fuentes Fidedignas\",\"description\":\"Otro sitio realizado con WordPress\",\"publisher\":{\"@id\":\"https:\\\/\\\/fuentesfidedignas.com.mx\\\/#organization\"},\"potentialAction\":[{\"@type\":\"SearchAction\",\"target\":{\"@type\":\"EntryPoint\",\"urlTemplate\":\"https:\\\/\\\/fuentesfidedignas.com.mx\\\/?s={search_term_string}\"},\"query-input\":{\"@type\":\"PropertyValueSpecification\",\"valueRequired\":true,\"valueName\":\"search_term_string\"}}],\"inLanguage\":\"es\"},{\"@type\":\"Organization\",\"@id\":\"https:\\\/\\\/fuentesfidedignas.com.mx\\\/#organization\",\"name\":\"Fuentes Fidedignas\",\"url\":\"https:\\\/\\\/fuentesfidedignas.com.mx\\\/\",\"logo\":{\"@type\":\"ImageObject\",\"inLanguage\":\"es\",\"@id\":\"https:\\\/\\\/fuentesfidedignas.com.mx\\\/#\\\/schema\\\/logo\\\/image\\\/\",\"url\":\"https:\\\/\\\/fuentesfidedignas.com.mx\\\/wp-content\\\/uploads\\\/2021\\\/04\\\/logo-retina.png\",\"contentUrl\":\"https:\\\/\\\/fuentesfidedignas.com.mx\\\/wp-content\\\/uploads\\\/2021\\\/04\\\/logo-retina.png\",\"width\":280,\"height\":51,\"caption\":\"Fuentes Fidedignas\"},\"image\":{\"@id\":\"https:\\\/\\\/fuentesfidedignas.com.mx\\\/#\\\/schema\\\/logo\\\/image\\\/\"},\"sameAs\":[\"https:\\\/\\\/www.facebook.com\\\/Fuentes-Fidedignas-368234489921644\",\"https:\\\/\\\/x.com\\\/fidedignas\"]},{\"@type\":\"Person\",\"@id\":\"https:\\\/\\\/fuentesfidedignas.com.mx\\\/#\\\/schema\\\/person\\\/47ec0135738f4b0c7495f06a77a2c976\",\"name\":\"Milenio\",\"image\":{\"@type\":\"ImageObject\",\"inLanguage\":\"es\",\"@id\":\"https:\\\/\\\/secure.gravatar.com\\\/avatar\\\/acabf7b54753e51c2c76457954577c236b3b764789b19879565769739d1e4a75?s=96&d=mm&r=g\",\"url\":\"https:\\\/\\\/secure.gravatar.com\\\/avatar\\\/acabf7b54753e51c2c76457954577c236b3b764789b19879565769739d1e4a75?s=96&d=mm&r=g\",\"contentUrl\":\"https:\\\/\\\/secure.gravatar.com\\\/avatar\\\/acabf7b54753e51c2c76457954577c236b3b764789b19879565769739d1e4a75?s=96&d=mm&r=g\",\"caption\":\"Milenio\"},\"url\":\"https:\\\/\\\/fuentesfidedignas.com.mx\\\/index.php\\\/author\\\/milenio\\\/\"}]}<\/script>\n<!-- \/ Yoast SEO plugin. -->","yoast_head_json":{"title":"Pareja canadiense cancela sus vacaciones a EU de miles de d\u00f3lares tras alza de aranceles de Trump - Fuentes Fidedignas","robots":{"index":"index","follow":"follow","max-snippet":"max-snippet:-1","max-image-preview":"max-image-preview:large","max-video-preview":"max-video-preview:-1"},"canonical":"https:\/\/fuentesfidedignas.com.mx\/index.php\/2025\/03\/12\/pareja-canadiense-cancela-sus-vacaciones-a-eu-de-miles-de-dolares-tras-alza-de-aranceles-de-trump\/","og_locale":"es_MX","og_type":"article","og_title":"Pareja canadiense cancela sus vacaciones a EU de miles de d\u00f3lares tras alza de aranceles de Trump - Fuentes Fidedignas","og_description":"La pareja de adultos mayores es fan\u00e1tica del calor, por lo que en epoca de nieve en Canad\u00e1 se iban de vacaciones a EU; ahora lo han cancelado. Gary y Carol Cruise, son una pareja de Canad\u00e1 que es fan\u00e1tica del clima caluroso, por lo que cuando en su pa\u00eds comienza la temporada de nevadas [&hellip;]","og_url":"https:\/\/fuentesfidedignas.com.mx\/index.php\/2025\/03\/12\/pareja-canadiense-cancela-sus-vacaciones-a-eu-de-miles-de-dolares-tras-alza-de-aranceles-de-trump\/","og_site_name":"Fuentes Fidedignas","article_publisher":"https:\/\/www.facebook.com\/Fuentes-Fidedignas-368234489921644","article_published_time":"2025-03-12T11:26:00+00:00","og_image":[{"width":600,"height":377,"url":"https:\/\/fuentesfidedignas.com.mx\/wp-content\/uploads\/2025\/03\/pareja_canada.jpg","type":"image\/jpeg"}],"author":"Milenio","twitter_card":"summary_large_image","twitter_creator":"@fidedignas","twitter_site":"@fidedignas","twitter_misc":{"Escrito por":"Milenio","Tiempo de lectura":"2 minutos"},"schema":{"@context":"https:\/\/schema.org","@graph":[{"@type":"Article","@id":"https:\/\/fuentesfidedignas.com.mx\/index.php\/2025\/03\/12\/pareja-canadiense-cancela-sus-vacaciones-a-eu-de-miles-de-dolares-tras-alza-de-aranceles-de-trump\/#article","isPartOf":{"@id":"https:\/\/fuentesfidedignas.com.mx\/index.php\/2025\/03\/12\/pareja-canadiense-cancela-sus-vacaciones-a-eu-de-miles-de-dolares-tras-alza-de-aranceles-de-trump\/"},"author":{"name":"Milenio","@id":"https:\/\/fuentesfidedignas.com.mx\/#\/schema\/person\/47ec0135738f4b0c7495f06a77a2c976"},"headline":"Pareja canadiense cancela sus vacaciones a EU de miles de d\u00f3lares tras alza de aranceles de Trump","datePublished":"2025-03-12T11:26:00+00:00","mainEntityOfPage":{"@id":"https:\/\/fuentesfidedignas.com.mx\/index.php\/2025\/03\/12\/pareja-canadiense-cancela-sus-vacaciones-a-eu-de-miles-de-dolares-tras-alza-de-aranceles-de-trump\/"},"wordCount":423,"commentCount":0,"publisher":{"@id":"https:\/\/fuentesfidedignas.com.mx\/#organization"},"image":{"@id":"https:\/\/fuentesfidedignas.com.mx\/index.php\/2025\/03\/12\/pareja-canadiense-cancela-sus-vacaciones-a-eu-de-miles-de-dolares-tras-alza-de-aranceles-de-trump\/#primaryimage"},"thumbnailUrl":"https:\/\/fuentesfidedignas.com.mx\/wp-content\/uploads\/2025\/03\/pareja_canada.jpg","articleSection":["LAS ASOMBROSAS"],"inLanguage":"es","potentialAction":[{"@type":"CommentAction","name":"Comment","target":["https:\/\/fuentesfidedignas.com.mx\/index.php\/2025\/03\/12\/pareja-canadiense-cancela-sus-vacaciones-a-eu-de-miles-de-dolares-tras-alza-de-aranceles-de-trump\/#respond"]}]},{"@type":"WebPage","@id":"https:\/\/fuentesfidedignas.com.mx\/index.php\/2025\/03\/12\/pareja-canadiense-cancela-sus-vacaciones-a-eu-de-miles-de-dolares-tras-alza-de-aranceles-de-trump\/","url":"https:\/\/fuentesfidedignas.com.mx\/index.php\/2025\/03\/12\/pareja-canadiense-cancela-sus-vacaciones-a-eu-de-miles-de-dolares-tras-alza-de-aranceles-de-trump\/","name":"Pareja canadiense cancela sus vacaciones a EU de miles de d\u00f3lares tras alza de aranceles de Trump - Fuentes Fidedignas","isPartOf":{"@id":"https:\/\/fuentesfidedignas.com.mx\/#website"},"primaryImageOfPage":{"@id":"https:\/\/fuentesfidedignas.com.mx\/index.php\/2025\/03\/12\/pareja-canadiense-cancela-sus-vacaciones-a-eu-de-miles-de-dolares-tras-alza-de-aranceles-de-trump\/#primaryimage"},"image":{"@id":"https:\/\/fuentesfidedignas.com.mx\/index.php\/2025\/03\/12\/pareja-canadiense-cancela-sus-vacaciones-a-eu-de-miles-de-dolares-tras-alza-de-aranceles-de-trump\/#primaryimage"},"thumbnailUrl":"https:\/\/fuentesfidedignas.com.mx\/wp-content\/uploads\/2025\/03\/pareja_canada.jpg","datePublished":"2025-03-12T11:26:00+00:00","breadcrumb":{"@id":"https:\/\/fuentesfidedignas.com.mx\/index.php\/2025\/03\/12\/pareja-canadiense-cancela-sus-vacaciones-a-eu-de-miles-de-dolares-tras-alza-de-aranceles-de-trump\/#breadcrumb"},"inLanguage":"es","potentialAction":[{"@type":"ReadAction","target":["https:\/\/fuentesfidedignas.com.mx\/index.php\/2025\/03\/12\/pareja-canadiense-cancela-sus-vacaciones-a-eu-de-miles-de-dolares-tras-alza-de-aranceles-de-trump\/"]}]},{"@type":"ImageObject","inLanguage":"es","@id":"https:\/\/fuentesfidedignas.com.mx\/index.php\/2025\/03\/12\/pareja-canadiense-cancela-sus-vacaciones-a-eu-de-miles-de-dolares-tras-alza-de-aranceles-de-trump\/#primaryimage","url":"https:\/\/fuentesfidedignas.com.mx\/wp-content\/uploads\/2025\/03\/pareja_canada.jpg","contentUrl":"https:\/\/fuentesfidedignas.com.mx\/wp-content\/uploads\/2025\/03\/pareja_canada.jpg","width":600,"height":377},{"@type":"BreadcrumbList","@id":"https:\/\/fuentesfidedignas.com.mx\/index.php\/2025\/03\/12\/pareja-canadiense-cancela-sus-vacaciones-a-eu-de-miles-de-dolares-tras-alza-de-aranceles-de-trump\/#breadcrumb","itemListElement":[{"@type":"ListItem","position":1,"name":"Inicio","item":"https:\/\/fuentesfidedignas.com.mx\/"},{"@type":"ListItem","position":2,"name":"Pareja canadiense cancela sus vacaciones a EU de miles de d\u00f3lares tras alza de aranceles de Trump"}]},{"@type":"WebSite","@id":"https:\/\/fuentesfidedignas.com.mx\/#website","url":"https:\/\/fuentesfidedignas.com.mx\/","name":"Fuentes Fidedignas","description":"Otro sitio realizado con WordPress","publisher":{"@id":"https:\/\/fuentesfidedignas.com.mx\/#organization"},"potentialAction":[{"@type":"SearchAction","target":{"@type":"EntryPoint","urlTemplate":"https:\/\/fuentesfidedignas.com.mx\/?s={search_term_string}"},"query-input":{"@type":"PropertyValueSpecification","valueRequired":true,"valueName":"search_term_string"}}],"inLanguage":"es"},{"@type":"Organization","@id":"https:\/\/fuentesfidedignas.com.mx\/#organization","name":"Fuentes Fidedignas","url":"https:\/\/fuentesfidedignas.com.mx\/","logo":{"@type":"ImageObject","inLanguage":"es","@id":"https:\/\/fuentesfidedignas.com.mx\/#\/schema\/logo\/image\/","url":"https:\/\/fuentesfidedignas.com.mx\/wp-content\/uploads\/2021\/04\/logo-retina.png","contentUrl":"https:\/\/fuentesfidedignas.com.mx\/wp-content\/uploads\/2021\/04\/logo-retina.png","width":280,"height":51,"caption":"Fuentes Fidedignas"},"image":{"@id":"https:\/\/fuentesfidedignas.com.mx\/#\/schema\/logo\/image\/"},"sameAs":["https:\/\/www.facebook.com\/Fuentes-Fidedignas-368234489921644","https:\/\/x.com\/fidedignas"]},{"@type":"Person","@id":"https:\/\/fuentesfidedignas.com.mx\/#\/schema\/person\/47ec0135738f4b0c7495f06a77a2c976","name":"Milenio","image":{"@type":"ImageObject","inLanguage":"es","@id":"https:\/\/secure.gravatar.com\/avatar\/acabf7b54753e51c2c76457954577c236b3b764789b19879565769739d1e4a75?s=96&d=mm&r=g","url":"https:\/\/secure.gravatar.com\/avatar\/acabf7b54753e51c2c76457954577c236b3b764789b19879565769739d1e4a75?s=96&d=mm&r=g","contentUrl":"https:\/\/secure.gravatar.com\/avatar\/acabf7b54753e51c2c76457954577c236b3b764789b19879565769739d1e4a75?s=96&d=mm&r=g","caption":"Milenio"},"url":"https:\/\/fuentesfidedignas.com.mx\/index.php\/author\/milenio\/"}]}},"_links":{"self":[{"href":"https:\/\/fuentesfidedignas.com.mx\/index.php\/wp-json\/wp\/v2\/posts\/103671","targetHints":{"allow":["GET"]}}],"collection":[{"href":"https:\/\/fuentesfidedignas.com.mx\/index.php\/wp-json\/wp\/v2\/posts"}],"about":[{"href":"https:\/\/fuentesfidedignas.com.mx\/index.php\/wp-json\/wp\/v2\/types\/post"}],"author":[{"embeddable":true,"href":"https:\/\/fuentesfidedignas.com.mx\/index.php\/wp-json\/wp\/v2\/users\/9"}],"replies":[{"embeddable":true,"href":"https:\/\/fuentesfidedignas.com.mx\/index.php\/wp-json\/wp\/v2\/comments?post=103671"}],"version-history":[{"count":1,"href":"https:\/\/fuentesfidedignas.com.mx\/index.php\/wp-json\/wp\/v2\/posts\/103671\/revisions"}],"predecessor-version":[{"id":103673,"href":"https:\/\/fuentesfidedignas.com.mx\/index.php\/wp-json\/wp\/v2\/posts\/103671\/revisions\/103673"}],"wp:featuredmedia":[{"embeddable":true,"href":"https:\/\/fuentesfidedignas.com.mx\/index.php\/wp-json\/wp\/v2\/media\/103672"}],"wp:attachment":[{"href":"https:\/\/fuentesfidedignas.com.mx\/index.php\/wp-json\/wp\/v2\/media?parent=103671"}],"wp:term":[{"taxonomy":"category","embeddable":true,"href":"https:\/\/fuentesfidedignas.com.mx\/index.php\/wp-json\/wp\/v2\/categories?post=103671"},{"taxonomy":"post_tag","embeddable":true,"href":"https:\/\/fuentesfidedignas.com.mx\/index.php\/wp-json\/wp\/v2\/tags?post=103671"}],"curies":[{"name":"wp","href":"https:\/\/api.w.org\/{rel}","templated":true}]}}