{"id":103603,"date":"2025-03-11T09:10:25","date_gmt":"2025-03-11T16:10:25","guid":{"rendered":"https:\/\/fuentesfidedignas.com.mx\/?p=103603"},"modified":"2025-03-11T09:11:39","modified_gmt":"2025-03-11T16:11:39","slug":"gertz-manero-ve-increible-que-autoridades-de-jalisco-no-supieran-de-crematorios-en-teuchitlan","status":"publish","type":"post","link":"https:\/\/fuentesfidedignas.com.mx\/index.php\/2025\/03\/11\/gertz-manero-ve-increible-que-autoridades-de-jalisco-no-supieran-de-crematorios-en-teuchitlan\/","title":{"rendered":"Gertz Manero ve \u201cincre\u00edble\u201d que autoridades de Jalisco no supieran de crematorios"},"content":{"rendered":"\n<p><strong><em>Alejandro Gertz Manero, titular de la FGR, dijo que no es cre\u00edble que autoridades no supieran de estos crematorios en Teuchitl\u00e1n<\/em><\/strong><\/p>\n\n\n\n<p>Alejandro Gertz Manero, titular de la Fiscal\u00eda General de la Rep\u00fablica (FGR), calific\u00f3 de \u201cmuy cr\u00edtico y muy grave\u201d los crematorios clandestinos localizados en Teuchitl\u00e1n, Jalisco, hecho que ha conmocionado al pa\u00eds.<\/p>\n\n\n\n<p>En la conferencia matutina de palacio Nacional, Gertz Manero apunt\u00f3 que antes de que la FGR atraiga el caso, se establecer\u00e1 una investigaci\u00f3n sobre sus antecedentes.<\/p>\n\n\n\n<p>\u201cEs un tema muy cr\u00edtico y muy grave\u201d, refiri\u00f3 el fiscal general de la Rep\u00fablica.<\/p>\n\n\n\n<p>No es cre\u00edble que una situaci\u00f3n de esa naturaleza no hubiera sido conocida por las autoridades locales de ese municipio y del estado\u201d, puntualiz\u00f3.<\/p>\n\n\n\n<p>\u201cHab\u00eda habido una serie de operaciones en los alrededores, era un tema que era francamente conocido, entonces nosotros tenemos que dar un informe muy preciso de cu\u00e1les son los antecedentes, qui\u00e9nes son los que estaban protegiendo esa \u00e1rea, qui\u00e9nes son los propietarios y usuarios de esos inmuebles\u201d, refiri\u00f3.<\/p>\n\n\n\n<p>El colectivo Guerreros Buscadores de Jalisco localiz\u00f3 la semana pasada los crematorios clandestinos en el rancho Izaguirre, ubicado en el municipio de Teuchitl\u00e1n.<\/p>\n\n\n\n<p>El fin de semana, el colectivo encargado de buscar a personas desaparecidas, estuvo publicando varios mensajes y fotograf\u00edas en sus redes sociales del hallazgo, que ocurri\u00f3 el pasado mi\u00e9rcoles, en lo que consider\u00f3 como un \u201ccampo de exterminio y adiestramiento del Cartel Jalisco Nueva Generaci\u00f3n (CJNG)\u201d.<\/p>\n\n\n\n<p>En el lugar, los activistas tambi\u00e9n encontraron objetos personales como mochilas, carteras, bolsas de mano, maletas, cuadernos, documentos, credenciales, llaveros y libros y art\u00edculos de bisuter\u00eda, entre decenas de objetos, que comparten en fotos y videos, en varias de ellas muestran fotograf\u00edas, libros y cuadernos de los presuntos desparecidos.<\/p>\n\n\n\n<iframe loading=\"lazy\" src=\"https:\/\/www.facebook.com\/plugins\/post.php?href=https%3A%2F%2Fwww.facebook.com%2Fpermalink.php%3Fstory_fbid%3Dpfbid02omYHKqwyw1gbLa7djAH8w6tjtXdBSWeSi3X13gRzpFVmhwRB8SN6Ygrq5fXL1G5cl%26id%3D61555458753120&#038;show_text=true&#038;width=500\" width=\"500\" height=\"858\" style=\"border:none;overflow:hidden\" scrolling=\"no\" frameborder=\"0\" allowfullscreen=\"true\" allow=\"autoplay; clipboard-write; encrypted-media; picture-in-picture; web-share\"><\/iframe>\n\n\n\n<p>El mi\u00e9rcoles, el d\u00eda del hallazgo, el colectivo se puso en contacto con la Fiscal\u00eda estatal que mand\u00f3 agentes y peritos al lugar donde ha seguido la b\u00fasqueda de restos humanos en ese sitio donde los activistas infieren que las personas fueron reclutadas de manera forzada.<\/p>\n\n\n\n<p>Ese d\u00eda, el fiscal estatal,\u00a0Salvador Gonz\u00e1lez, inform\u00f3 a medios que el predio ya hab\u00eda sido inspeccionado en septiembre pasado y se justific\u00f3 que en aquel momento no se hubieran encontrado restos u objetos, aunque hubo algunos trabajos de b\u00fasqueda, porque el lugar \u201cera muy grande\u201d.<\/p>\n","protected":false},"excerpt":{"rendered":"<p>Alejandro Gertz Manero, titular de la FGR, dijo que no es cre\u00edble que autoridades no supieran de estos crematorios en Teuchitl\u00e1n Alejandro Gertz Manero, titular de la Fiscal\u00eda General de la Rep\u00fablica (FGR), calific\u00f3 de \u201cmuy cr\u00edtico y muy grave\u201d los crematorios clandestinos localizados en Teuchitl\u00e1n, Jalisco, hecho que ha conmocionado al pa\u00eds. En la [&hellip;]<\/p>\n","protected":false},"author":47,"featured_media":103604,"comment_status":"open","ping_status":"open","sticky":false,"template":"","format":"standard","meta":{"tdm_status":"","tdm_grid_status":"","footnotes":""},"categories":[39],"tags":[],"class_list":{"0":"post-103603","1":"post","2":"type-post","3":"status-publish","4":"format-standard","5":"has-post-thumbnail","7":"category-noticias-nacionales"},"yoast_head":"<!-- This site is optimized with the Yoast SEO plugin v27.5 - https:\/\/yoast.com\/product\/yoast-seo-wordpress\/ -->\n<title>Gertz Manero ve \u201cincre\u00edble\u201d que autoridades de Jalisco no supieran de crematorios - Fuentes Fidedignas<\/title>\n<meta name=\"robots\" content=\"index, follow, max-snippet:-1, max-image-preview:large, max-video-preview:-1\" \/>\n<link rel=\"canonical\" href=\"https:\/\/fuentesfidedignas.com.mx\/index.php\/2025\/03\/11\/gertz-manero-ve-increible-que-autoridades-de-jalisco-no-supieran-de-crematorios-en-teuchitlan\/\" \/>\n<meta property=\"og:locale\" content=\"es_MX\" \/>\n<meta property=\"og:type\" content=\"article\" \/>\n<meta property=\"og:title\" content=\"Gertz Manero ve \u201cincre\u00edble\u201d que autoridades de Jalisco no supieran de crematorios - Fuentes Fidedignas\" \/>\n<meta property=\"og:description\" content=\"Alejandro Gertz Manero, titular de la FGR, dijo que no es cre\u00edble que autoridades no supieran de estos crematorios en Teuchitl\u00e1n Alejandro Gertz Manero, titular de la Fiscal\u00eda General de la Rep\u00fablica (FGR), calific\u00f3 de \u201cmuy cr\u00edtico y muy grave\u201d los crematorios clandestinos localizados en Teuchitl\u00e1n, Jalisco, hecho que ha conmocionado al pa\u00eds. En la [&hellip;]\" \/>\n<meta property=\"og:url\" content=\"https:\/\/fuentesfidedignas.com.mx\/index.php\/2025\/03\/11\/gertz-manero-ve-increible-que-autoridades-de-jalisco-no-supieran-de-crematorios-en-teuchitlan\/\" \/>\n<meta property=\"og:site_name\" content=\"Fuentes Fidedignas\" \/>\n<meta property=\"article:publisher\" content=\"https:\/\/www.facebook.com\/Fuentes-Fidedignas-368234489921644\" \/>\n<meta property=\"article:published_time\" content=\"2025-03-11T16:10:25+00:00\" \/>\n<meta property=\"article:modified_time\" content=\"2025-03-11T16:11:39+00:00\" \/>\n<meta property=\"og:image\" content=\"https:\/\/fuentesfidedignas.com.mx\/wp-content\/uploads\/2025\/03\/crematorios_jalisco.jpg\" \/>\n\t<meta property=\"og:image:width\" content=\"600\" \/>\n\t<meta property=\"og:image:height\" content=\"450\" \/>\n\t<meta property=\"og:image:type\" content=\"image\/jpeg\" \/>\n<meta name=\"author\" content=\"L\u00f3pez D\u00f3riga\" \/>\n<meta name=\"twitter:card\" content=\"summary_large_image\" \/>\n<meta name=\"twitter:creator\" content=\"@fidedignas\" \/>\n<meta name=\"twitter:site\" content=\"@fidedignas\" \/>\n<meta name=\"twitter:label1\" content=\"Escrito por\" \/>\n\t<meta name=\"twitter:data1\" content=\"L\u00f3pez D\u00f3riga\" \/>\n\t<meta name=\"twitter:label2\" content=\"Tiempo de lectura\" \/>\n\t<meta name=\"twitter:data2\" content=\"2 minutos\" \/>\n<script type=\"application\/ld+json\" class=\"yoast-schema-graph\">{\"@context\":\"https:\\\/\\\/schema.org\",\"@graph\":[{\"@type\":\"Article\",\"@id\":\"https:\\\/\\\/fuentesfidedignas.com.mx\\\/index.php\\\/2025\\\/03\\\/11\\\/gertz-manero-ve-increible-que-autoridades-de-jalisco-no-supieran-de-crematorios-en-teuchitlan\\\/#article\",\"isPartOf\":{\"@id\":\"https:\\\/\\\/fuentesfidedignas.com.mx\\\/index.php\\\/2025\\\/03\\\/11\\\/gertz-manero-ve-increible-que-autoridades-de-jalisco-no-supieran-de-crematorios-en-teuchitlan\\\/\"},\"author\":{\"name\":\"L\u00f3pez D\u00f3riga\",\"@id\":\"https:\\\/\\\/fuentesfidedignas.com.mx\\\/#\\\/schema\\\/person\\\/67d852f0557c8509146a4b9ddebd543a\"},\"headline\":\"Gertz Manero ve \u201cincre\u00edble\u201d que autoridades de Jalisco no supieran de crematorios\",\"datePublished\":\"2025-03-11T16:10:25+00:00\",\"dateModified\":\"2025-03-11T16:11:39+00:00\",\"mainEntityOfPage\":{\"@id\":\"https:\\\/\\\/fuentesfidedignas.com.mx\\\/index.php\\\/2025\\\/03\\\/11\\\/gertz-manero-ve-increible-que-autoridades-de-jalisco-no-supieran-de-crematorios-en-teuchitlan\\\/\"},\"wordCount\":421,\"commentCount\":0,\"publisher\":{\"@id\":\"https:\\\/\\\/fuentesfidedignas.com.mx\\\/#organization\"},\"image\":{\"@id\":\"https:\\\/\\\/fuentesfidedignas.com.mx\\\/index.php\\\/2025\\\/03\\\/11\\\/gertz-manero-ve-increible-que-autoridades-de-jalisco-no-supieran-de-crematorios-en-teuchitlan\\\/#primaryimage\"},\"thumbnailUrl\":\"https:\\\/\\\/fuentesfidedignas.com.mx\\\/wp-content\\\/uploads\\\/2025\\\/03\\\/crematorios_jalisco.jpg\",\"articleSection\":[\"NOTICIAS NACIONALES\"],\"inLanguage\":\"es\",\"potentialAction\":[{\"@type\":\"CommentAction\",\"name\":\"Comment\",\"target\":[\"https:\\\/\\\/fuentesfidedignas.com.mx\\\/index.php\\\/2025\\\/03\\\/11\\\/gertz-manero-ve-increible-que-autoridades-de-jalisco-no-supieran-de-crematorios-en-teuchitlan\\\/#respond\"]}]},{\"@type\":\"WebPage\",\"@id\":\"https:\\\/\\\/fuentesfidedignas.com.mx\\\/index.php\\\/2025\\\/03\\\/11\\\/gertz-manero-ve-increible-que-autoridades-de-jalisco-no-supieran-de-crematorios-en-teuchitlan\\\/\",\"url\":\"https:\\\/\\\/fuentesfidedignas.com.mx\\\/index.php\\\/2025\\\/03\\\/11\\\/gertz-manero-ve-increible-que-autoridades-de-jalisco-no-supieran-de-crematorios-en-teuchitlan\\\/\",\"name\":\"Gertz Manero ve \u201cincre\u00edble\u201d que autoridades de Jalisco no supieran de crematorios - Fuentes Fidedignas\",\"isPartOf\":{\"@id\":\"https:\\\/\\\/fuentesfidedignas.com.mx\\\/#website\"},\"primaryImageOfPage\":{\"@id\":\"https:\\\/\\\/fuentesfidedignas.com.mx\\\/index.php\\\/2025\\\/03\\\/11\\\/gertz-manero-ve-increible-que-autoridades-de-jalisco-no-supieran-de-crematorios-en-teuchitlan\\\/#primaryimage\"},\"image\":{\"@id\":\"https:\\\/\\\/fuentesfidedignas.com.mx\\\/index.php\\\/2025\\\/03\\\/11\\\/gertz-manero-ve-increible-que-autoridades-de-jalisco-no-supieran-de-crematorios-en-teuchitlan\\\/#primaryimage\"},\"thumbnailUrl\":\"https:\\\/\\\/fuentesfidedignas.com.mx\\\/wp-content\\\/uploads\\\/2025\\\/03\\\/crematorios_jalisco.jpg\",\"datePublished\":\"2025-03-11T16:10:25+00:00\",\"dateModified\":\"2025-03-11T16:11:39+00:00\",\"breadcrumb\":{\"@id\":\"https:\\\/\\\/fuentesfidedignas.com.mx\\\/index.php\\\/2025\\\/03\\\/11\\\/gertz-manero-ve-increible-que-autoridades-de-jalisco-no-supieran-de-crematorios-en-teuchitlan\\\/#breadcrumb\"},\"inLanguage\":\"es\",\"potentialAction\":[{\"@type\":\"ReadAction\",\"target\":[\"https:\\\/\\\/fuentesfidedignas.com.mx\\\/index.php\\\/2025\\\/03\\\/11\\\/gertz-manero-ve-increible-que-autoridades-de-jalisco-no-supieran-de-crematorios-en-teuchitlan\\\/\"]}]},{\"@type\":\"ImageObject\",\"inLanguage\":\"es\",\"@id\":\"https:\\\/\\\/fuentesfidedignas.com.mx\\\/index.php\\\/2025\\\/03\\\/11\\\/gertz-manero-ve-increible-que-autoridades-de-jalisco-no-supieran-de-crematorios-en-teuchitlan\\\/#primaryimage\",\"url\":\"https:\\\/\\\/fuentesfidedignas.com.mx\\\/wp-content\\\/uploads\\\/2025\\\/03\\\/crematorios_jalisco.jpg\",\"contentUrl\":\"https:\\\/\\\/fuentesfidedignas.com.mx\\\/wp-content\\\/uploads\\\/2025\\\/03\\\/crematorios_jalisco.jpg\",\"width\":600,\"height\":450},{\"@type\":\"BreadcrumbList\",\"@id\":\"https:\\\/\\\/fuentesfidedignas.com.mx\\\/index.php\\\/2025\\\/03\\\/11\\\/gertz-manero-ve-increible-que-autoridades-de-jalisco-no-supieran-de-crematorios-en-teuchitlan\\\/#breadcrumb\",\"itemListElement\":[{\"@type\":\"ListItem\",\"position\":1,\"name\":\"Inicio\",\"item\":\"https:\\\/\\\/fuentesfidedignas.com.mx\\\/\"},{\"@type\":\"ListItem\",\"position\":2,\"name\":\"Gertz Manero ve \u201cincre\u00edble\u201d que autoridades de Jalisco no supieran de crematorios\"}]},{\"@type\":\"WebSite\",\"@id\":\"https:\\\/\\\/fuentesfidedignas.com.mx\\\/#website\",\"url\":\"https:\\\/\\\/fuentesfidedignas.com.mx\\\/\",\"name\":\"Fuentes Fidedignas\",\"description\":\"Otro sitio realizado con WordPress\",\"publisher\":{\"@id\":\"https:\\\/\\\/fuentesfidedignas.com.mx\\\/#organization\"},\"potentialAction\":[{\"@type\":\"SearchAction\",\"target\":{\"@type\":\"EntryPoint\",\"urlTemplate\":\"https:\\\/\\\/fuentesfidedignas.com.mx\\\/?s={search_term_string}\"},\"query-input\":{\"@type\":\"PropertyValueSpecification\",\"valueRequired\":true,\"valueName\":\"search_term_string\"}}],\"inLanguage\":\"es\"},{\"@type\":\"Organization\",\"@id\":\"https:\\\/\\\/fuentesfidedignas.com.mx\\\/#organization\",\"name\":\"Fuentes Fidedignas\",\"url\":\"https:\\\/\\\/fuentesfidedignas.com.mx\\\/\",\"logo\":{\"@type\":\"ImageObject\",\"inLanguage\":\"es\",\"@id\":\"https:\\\/\\\/fuentesfidedignas.com.mx\\\/#\\\/schema\\\/logo\\\/image\\\/\",\"url\":\"https:\\\/\\\/fuentesfidedignas.com.mx\\\/wp-content\\\/uploads\\\/2021\\\/04\\\/logo-retina.png\",\"contentUrl\":\"https:\\\/\\\/fuentesfidedignas.com.mx\\\/wp-content\\\/uploads\\\/2021\\\/04\\\/logo-retina.png\",\"width\":280,\"height\":51,\"caption\":\"Fuentes Fidedignas\"},\"image\":{\"@id\":\"https:\\\/\\\/fuentesfidedignas.com.mx\\\/#\\\/schema\\\/logo\\\/image\\\/\"},\"sameAs\":[\"https:\\\/\\\/www.facebook.com\\\/Fuentes-Fidedignas-368234489921644\",\"https:\\\/\\\/x.com\\\/fidedignas\"]},{\"@type\":\"Person\",\"@id\":\"https:\\\/\\\/fuentesfidedignas.com.mx\\\/#\\\/schema\\\/person\\\/67d852f0557c8509146a4b9ddebd543a\",\"name\":\"L\u00f3pez D\u00f3riga\",\"image\":{\"@type\":\"ImageObject\",\"inLanguage\":\"es\",\"@id\":\"https:\\\/\\\/secure.gravatar.com\\\/avatar\\\/e525b06574ca18b33cded59dfe5778d6c823b9513154eff47da551b0551bdd1e?s=96&d=mm&r=g\",\"url\":\"https:\\\/\\\/secure.gravatar.com\\\/avatar\\\/e525b06574ca18b33cded59dfe5778d6c823b9513154eff47da551b0551bdd1e?s=96&d=mm&r=g\",\"contentUrl\":\"https:\\\/\\\/secure.gravatar.com\\\/avatar\\\/e525b06574ca18b33cded59dfe5778d6c823b9513154eff47da551b0551bdd1e?s=96&d=mm&r=g\",\"caption\":\"L\u00f3pez D\u00f3riga\"},\"url\":\"https:\\\/\\\/fuentesfidedignas.com.mx\\\/index.php\\\/author\\\/doriga\\\/\"}]}<\/script>\n<!-- \/ Yoast SEO plugin. -->","yoast_head_json":{"title":"Gertz Manero ve \u201cincre\u00edble\u201d que autoridades de Jalisco no supieran de crematorios - Fuentes Fidedignas","robots":{"index":"index","follow":"follow","max-snippet":"max-snippet:-1","max-image-preview":"max-image-preview:large","max-video-preview":"max-video-preview:-1"},"canonical":"https:\/\/fuentesfidedignas.com.mx\/index.php\/2025\/03\/11\/gertz-manero-ve-increible-que-autoridades-de-jalisco-no-supieran-de-crematorios-en-teuchitlan\/","og_locale":"es_MX","og_type":"article","og_title":"Gertz Manero ve \u201cincre\u00edble\u201d que autoridades de Jalisco no supieran de crematorios - Fuentes Fidedignas","og_description":"Alejandro Gertz Manero, titular de la FGR, dijo que no es cre\u00edble que autoridades no supieran de estos crematorios en Teuchitl\u00e1n Alejandro Gertz Manero, titular de la Fiscal\u00eda General de la Rep\u00fablica (FGR), calific\u00f3 de \u201cmuy cr\u00edtico y muy grave\u201d los crematorios clandestinos localizados en Teuchitl\u00e1n, Jalisco, hecho que ha conmocionado al pa\u00eds. En la [&hellip;]","og_url":"https:\/\/fuentesfidedignas.com.mx\/index.php\/2025\/03\/11\/gertz-manero-ve-increible-que-autoridades-de-jalisco-no-supieran-de-crematorios-en-teuchitlan\/","og_site_name":"Fuentes Fidedignas","article_publisher":"https:\/\/www.facebook.com\/Fuentes-Fidedignas-368234489921644","article_published_time":"2025-03-11T16:10:25+00:00","article_modified_time":"2025-03-11T16:11:39+00:00","og_image":[{"width":600,"height":450,"url":"https:\/\/fuentesfidedignas.com.mx\/wp-content\/uploads\/2025\/03\/crematorios_jalisco.jpg","type":"image\/jpeg"}],"author":"L\u00f3pez D\u00f3riga","twitter_card":"summary_large_image","twitter_creator":"@fidedignas","twitter_site":"@fidedignas","twitter_misc":{"Escrito por":"L\u00f3pez D\u00f3riga","Tiempo de lectura":"2 minutos"},"schema":{"@context":"https:\/\/schema.org","@graph":[{"@type":"Article","@id":"https:\/\/fuentesfidedignas.com.mx\/index.php\/2025\/03\/11\/gertz-manero-ve-increible-que-autoridades-de-jalisco-no-supieran-de-crematorios-en-teuchitlan\/#article","isPartOf":{"@id":"https:\/\/fuentesfidedignas.com.mx\/index.php\/2025\/03\/11\/gertz-manero-ve-increible-que-autoridades-de-jalisco-no-supieran-de-crematorios-en-teuchitlan\/"},"author":{"name":"L\u00f3pez D\u00f3riga","@id":"https:\/\/fuentesfidedignas.com.mx\/#\/schema\/person\/67d852f0557c8509146a4b9ddebd543a"},"headline":"Gertz Manero ve \u201cincre\u00edble\u201d que autoridades de Jalisco no supieran de crematorios","datePublished":"2025-03-11T16:10:25+00:00","dateModified":"2025-03-11T16:11:39+00:00","mainEntityOfPage":{"@id":"https:\/\/fuentesfidedignas.com.mx\/index.php\/2025\/03\/11\/gertz-manero-ve-increible-que-autoridades-de-jalisco-no-supieran-de-crematorios-en-teuchitlan\/"},"wordCount":421,"commentCount":0,"publisher":{"@id":"https:\/\/fuentesfidedignas.com.mx\/#organization"},"image":{"@id":"https:\/\/fuentesfidedignas.com.mx\/index.php\/2025\/03\/11\/gertz-manero-ve-increible-que-autoridades-de-jalisco-no-supieran-de-crematorios-en-teuchitlan\/#primaryimage"},"thumbnailUrl":"https:\/\/fuentesfidedignas.com.mx\/wp-content\/uploads\/2025\/03\/crematorios_jalisco.jpg","articleSection":["NOTICIAS NACIONALES"],"inLanguage":"es","potentialAction":[{"@type":"CommentAction","name":"Comment","target":["https:\/\/fuentesfidedignas.com.mx\/index.php\/2025\/03\/11\/gertz-manero-ve-increible-que-autoridades-de-jalisco-no-supieran-de-crematorios-en-teuchitlan\/#respond"]}]},{"@type":"WebPage","@id":"https:\/\/fuentesfidedignas.com.mx\/index.php\/2025\/03\/11\/gertz-manero-ve-increible-que-autoridades-de-jalisco-no-supieran-de-crematorios-en-teuchitlan\/","url":"https:\/\/fuentesfidedignas.com.mx\/index.php\/2025\/03\/11\/gertz-manero-ve-increible-que-autoridades-de-jalisco-no-supieran-de-crematorios-en-teuchitlan\/","name":"Gertz Manero ve \u201cincre\u00edble\u201d que autoridades de Jalisco no supieran de crematorios - Fuentes Fidedignas","isPartOf":{"@id":"https:\/\/fuentesfidedignas.com.mx\/#website"},"primaryImageOfPage":{"@id":"https:\/\/fuentesfidedignas.com.mx\/index.php\/2025\/03\/11\/gertz-manero-ve-increible-que-autoridades-de-jalisco-no-supieran-de-crematorios-en-teuchitlan\/#primaryimage"},"image":{"@id":"https:\/\/fuentesfidedignas.com.mx\/index.php\/2025\/03\/11\/gertz-manero-ve-increible-que-autoridades-de-jalisco-no-supieran-de-crematorios-en-teuchitlan\/#primaryimage"},"thumbnailUrl":"https:\/\/fuentesfidedignas.com.mx\/wp-content\/uploads\/2025\/03\/crematorios_jalisco.jpg","datePublished":"2025-03-11T16:10:25+00:00","dateModified":"2025-03-11T16:11:39+00:00","breadcrumb":{"@id":"https:\/\/fuentesfidedignas.com.mx\/index.php\/2025\/03\/11\/gertz-manero-ve-increible-que-autoridades-de-jalisco-no-supieran-de-crematorios-en-teuchitlan\/#breadcrumb"},"inLanguage":"es","potentialAction":[{"@type":"ReadAction","target":["https:\/\/fuentesfidedignas.com.mx\/index.php\/2025\/03\/11\/gertz-manero-ve-increible-que-autoridades-de-jalisco-no-supieran-de-crematorios-en-teuchitlan\/"]}]},{"@type":"ImageObject","inLanguage":"es","@id":"https:\/\/fuentesfidedignas.com.mx\/index.php\/2025\/03\/11\/gertz-manero-ve-increible-que-autoridades-de-jalisco-no-supieran-de-crematorios-en-teuchitlan\/#primaryimage","url":"https:\/\/fuentesfidedignas.com.mx\/wp-content\/uploads\/2025\/03\/crematorios_jalisco.jpg","contentUrl":"https:\/\/fuentesfidedignas.com.mx\/wp-content\/uploads\/2025\/03\/crematorios_jalisco.jpg","width":600,"height":450},{"@type":"BreadcrumbList","@id":"https:\/\/fuentesfidedignas.com.mx\/index.php\/2025\/03\/11\/gertz-manero-ve-increible-que-autoridades-de-jalisco-no-supieran-de-crematorios-en-teuchitlan\/#breadcrumb","itemListElement":[{"@type":"ListItem","position":1,"name":"Inicio","item":"https:\/\/fuentesfidedignas.com.mx\/"},{"@type":"ListItem","position":2,"name":"Gertz Manero ve \u201cincre\u00edble\u201d que autoridades de Jalisco no supieran de crematorios"}]},{"@type":"WebSite","@id":"https:\/\/fuentesfidedignas.com.mx\/#website","url":"https:\/\/fuentesfidedignas.com.mx\/","name":"Fuentes Fidedignas","description":"Otro sitio realizado con WordPress","publisher":{"@id":"https:\/\/fuentesfidedignas.com.mx\/#organization"},"potentialAction":[{"@type":"SearchAction","target":{"@type":"EntryPoint","urlTemplate":"https:\/\/fuentesfidedignas.com.mx\/?s={search_term_string}"},"query-input":{"@type":"PropertyValueSpecification","valueRequired":true,"valueName":"search_term_string"}}],"inLanguage":"es"},{"@type":"Organization","@id":"https:\/\/fuentesfidedignas.com.mx\/#organization","name":"Fuentes Fidedignas","url":"https:\/\/fuentesfidedignas.com.mx\/","logo":{"@type":"ImageObject","inLanguage":"es","@id":"https:\/\/fuentesfidedignas.com.mx\/#\/schema\/logo\/image\/","url":"https:\/\/fuentesfidedignas.com.mx\/wp-content\/uploads\/2021\/04\/logo-retina.png","contentUrl":"https:\/\/fuentesfidedignas.com.mx\/wp-content\/uploads\/2021\/04\/logo-retina.png","width":280,"height":51,"caption":"Fuentes Fidedignas"},"image":{"@id":"https:\/\/fuentesfidedignas.com.mx\/#\/schema\/logo\/image\/"},"sameAs":["https:\/\/www.facebook.com\/Fuentes-Fidedignas-368234489921644","https:\/\/x.com\/fidedignas"]},{"@type":"Person","@id":"https:\/\/fuentesfidedignas.com.mx\/#\/schema\/person\/67d852f0557c8509146a4b9ddebd543a","name":"L\u00f3pez D\u00f3riga","image":{"@type":"ImageObject","inLanguage":"es","@id":"https:\/\/secure.gravatar.com\/avatar\/e525b06574ca18b33cded59dfe5778d6c823b9513154eff47da551b0551bdd1e?s=96&d=mm&r=g","url":"https:\/\/secure.gravatar.com\/avatar\/e525b06574ca18b33cded59dfe5778d6c823b9513154eff47da551b0551bdd1e?s=96&d=mm&r=g","contentUrl":"https:\/\/secure.gravatar.com\/avatar\/e525b06574ca18b33cded59dfe5778d6c823b9513154eff47da551b0551bdd1e?s=96&d=mm&r=g","caption":"L\u00f3pez D\u00f3riga"},"url":"https:\/\/fuentesfidedignas.com.mx\/index.php\/author\/doriga\/"}]}},"_links":{"self":[{"href":"https:\/\/fuentesfidedignas.com.mx\/index.php\/wp-json\/wp\/v2\/posts\/103603","targetHints":{"allow":["GET"]}}],"collection":[{"href":"https:\/\/fuentesfidedignas.com.mx\/index.php\/wp-json\/wp\/v2\/posts"}],"about":[{"href":"https:\/\/fuentesfidedignas.com.mx\/index.php\/wp-json\/wp\/v2\/types\/post"}],"author":[{"embeddable":true,"href":"https:\/\/fuentesfidedignas.com.mx\/index.php\/wp-json\/wp\/v2\/users\/47"}],"replies":[{"embeddable":true,"href":"https:\/\/fuentesfidedignas.com.mx\/index.php\/wp-json\/wp\/v2\/comments?post=103603"}],"version-history":[{"count":3,"href":"https:\/\/fuentesfidedignas.com.mx\/index.php\/wp-json\/wp\/v2\/posts\/103603\/revisions"}],"predecessor-version":[{"id":103607,"href":"https:\/\/fuentesfidedignas.com.mx\/index.php\/wp-json\/wp\/v2\/posts\/103603\/revisions\/103607"}],"wp:featuredmedia":[{"embeddable":true,"href":"https:\/\/fuentesfidedignas.com.mx\/index.php\/wp-json\/wp\/v2\/media\/103604"}],"wp:attachment":[{"href":"https:\/\/fuentesfidedignas.com.mx\/index.php\/wp-json\/wp\/v2\/media?parent=103603"}],"wp:term":[{"taxonomy":"category","embeddable":true,"href":"https:\/\/fuentesfidedignas.com.mx\/index.php\/wp-json\/wp\/v2\/categories?post=103603"},{"taxonomy":"post_tag","embeddable":true,"href":"https:\/\/fuentesfidedignas.com.mx\/index.php\/wp-json\/wp\/v2\/tags?post=103603"}],"curies":[{"name":"wp","href":"https:\/\/api.w.org\/{rel}","templated":true}]}}