{"id":103537,"date":"2025-03-10T12:57:36","date_gmt":"2025-03-10T19:57:36","guid":{"rendered":"https:\/\/fuentesfidedignas.com.mx\/?p=103537"},"modified":"2025-03-10T12:57:36","modified_gmt":"2025-03-10T19:57:36","slug":"sheinbaum-califica-de-terrible-los-crematorios-clandestinos-de-jalisco","status":"publish","type":"post","link":"https:\/\/fuentesfidedignas.com.mx\/index.php\/2025\/03\/10\/sheinbaum-califica-de-terrible-los-crematorios-clandestinos-de-jalisco\/","title":{"rendered":"Sheinbaum califica de \u201cterrible\u201d los crematorios clandestinos de Jalisco"},"content":{"rendered":"\n<p><\/p>\n\n\n\n<p><strong><em>La presidenta Sheinbaum pidi\u00f3 que se investigue lo que ocurri\u00f3 en los crematorios clandestinos localizados en Jalisco<\/em><\/strong><\/p>\n\n\n\n<p>Ciudad de M\u00e9xico.- La presidenta de M\u00e9xico,&nbsp;Claudia&nbsp;Sheinbaum Pardo, calific\u00f3 de \u201cterrible\u201d los&nbsp;crematorios clandestinoslocalizados en&nbsp;Jalisco.<\/p>\n\n\n\n<p class=\"p1\">En la conferencia matutina de Palacio Nacional, Sheinbaum Pardo pidi\u00f3 investigar lo que ocurri\u00f3 en dichos lugares.<\/p>\n\n\n\n<blockquote class=\"wp-block-quote is-layout-flow wp-block-quote-is-layout-flow\">\n<p>\u201cObviamente es terrible\u201d, asegur\u00f3.<\/p>\n<\/blockquote>\n\n\n\n<p>\u201cAhora corresponde al Gabinete de Seguridad, a las Fiscal\u00edas, en su momento a los tribunales o al Poder Judicial, pues investigar y ver, en particular en este caso que ya se hab\u00eda hecho entiendo un primer, no s\u00e9 si fue cateo exactamente, la Fiscal\u00eda estatal, por qu\u00e9 despu\u00e9s no resguardaron el lugar\u201d, puntualiz\u00f3.<\/p>\n\n\n\n<p>Un colectivo de b\u00fasqueda de desaparecidos hall\u00f3 tres crematorios clandestinos adem\u00e1s de restos de huesos humanos calcinados y triturados, cientos de zapatos y de prendas de vestir, en un predio de&nbsp;<strong>Teuchitl\u00e1n<\/strong>, en Jalisco, atribuido a uno de los carteles del&nbsp;<strong>narcotr\u00e1fico<\/strong>.<\/p>\n\n\n\n<p>As\u00ed lo se\u00f1al\u00f3 el colectivo<strong>&nbsp;Guerreros Buscadores de Jalisco<\/strong>&nbsp;en un mensaje en redes sociales: \u201cEsto es parte de la finca Izaguirre en Teuchitl\u00e1n, Jalisco, donde se encuentra el campo de concentraci\u00f3n de reclutamiento de los j\u00f3venes la mayor\u00eda de la central y se localizan tres crematorios con huesos calcinados, faltan por destapar (fosas) (hay paquetes de) ropa, cargadores, casquillos\u201d, apunt\u00f3 .<\/p>\n","protected":false},"excerpt":{"rendered":"<p>La presidenta Sheinbaum pidi\u00f3 que se investigue lo que ocurri\u00f3 en los crematorios clandestinos localizados en Jalisco Ciudad de M\u00e9xico.- La presidenta de M\u00e9xico,&nbsp;Claudia&nbsp;Sheinbaum Pardo, calific\u00f3 de \u201cterrible\u201d los&nbsp;crematorios clandestinoslocalizados en&nbsp;Jalisco. En la conferencia matutina de Palacio Nacional, Sheinbaum Pardo pidi\u00f3 investigar lo que ocurri\u00f3 en dichos lugares. \u201cObviamente es terrible\u201d, asegur\u00f3. \u201cAhora corresponde al [&hellip;]<\/p>\n","protected":false},"author":47,"featured_media":103536,"comment_status":"closed","ping_status":"open","sticky":false,"template":"","format":"standard","meta":{"tdm_status":"","tdm_grid_status":"","footnotes":""},"categories":[39],"tags":[],"class_list":{"0":"post-103537","1":"post","2":"type-post","3":"status-publish","4":"format-standard","5":"has-post-thumbnail","7":"category-noticias-nacionales"},"yoast_head":"<!-- This site is optimized with the Yoast SEO plugin v27.4 - https:\/\/yoast.com\/product\/yoast-seo-wordpress\/ -->\n<title>Sheinbaum califica de \u201cterrible\u201d los crematorios clandestinos de Jalisco - Fuentes Fidedignas<\/title>\n<meta name=\"robots\" content=\"index, follow, max-snippet:-1, max-image-preview:large, max-video-preview:-1\" \/>\n<link rel=\"canonical\" href=\"https:\/\/fuentesfidedignas.com.mx\/index.php\/2025\/03\/10\/sheinbaum-califica-de-terrible-los-crematorios-clandestinos-de-jalisco\/\" \/>\n<meta property=\"og:locale\" content=\"es_MX\" \/>\n<meta property=\"og:type\" content=\"article\" \/>\n<meta property=\"og:title\" content=\"Sheinbaum califica de \u201cterrible\u201d los crematorios clandestinos de Jalisco - Fuentes Fidedignas\" \/>\n<meta property=\"og:description\" content=\"La presidenta Sheinbaum pidi\u00f3 que se investigue lo que ocurri\u00f3 en los crematorios clandestinos localizados en Jalisco Ciudad de M\u00e9xico.- La presidenta de M\u00e9xico,&nbsp;Claudia&nbsp;Sheinbaum Pardo, calific\u00f3 de \u201cterrible\u201d los&nbsp;crematorios clandestinoslocalizados en&nbsp;Jalisco. En la conferencia matutina de Palacio Nacional, Sheinbaum Pardo pidi\u00f3 investigar lo que ocurri\u00f3 en dichos lugares. \u201cObviamente es terrible\u201d, asegur\u00f3. \u201cAhora corresponde al [&hellip;]\" \/>\n<meta property=\"og:url\" content=\"https:\/\/fuentesfidedignas.com.mx\/index.php\/2025\/03\/10\/sheinbaum-califica-de-terrible-los-crematorios-clandestinos-de-jalisco\/\" \/>\n<meta property=\"og:site_name\" content=\"Fuentes Fidedignas\" \/>\n<meta property=\"article:publisher\" content=\"https:\/\/www.facebook.com\/Fuentes-Fidedignas-368234489921644\" \/>\n<meta property=\"article:published_time\" content=\"2025-03-10T19:57:36+00:00\" \/>\n<meta property=\"og:image\" content=\"https:\/\/fuentesfidedignas.com.mx\/wp-content\/uploads\/2025\/03\/img_1860-1.jpg\" \/>\n\t<meta property=\"og:image:width\" content=\"1536\" \/>\n\t<meta property=\"og:image:height\" content=\"1024\" \/>\n\t<meta property=\"og:image:type\" content=\"image\/jpeg\" \/>\n<meta name=\"author\" content=\"L\u00f3pez D\u00f3riga\" \/>\n<meta name=\"twitter:card\" content=\"summary_large_image\" \/>\n<meta name=\"twitter:creator\" content=\"@fidedignas\" \/>\n<meta name=\"twitter:site\" content=\"@fidedignas\" \/>\n<meta name=\"twitter:label1\" content=\"Escrito por\" \/>\n\t<meta name=\"twitter:data1\" content=\"L\u00f3pez D\u00f3riga\" \/>\n\t<meta name=\"twitter:label2\" content=\"Tiempo de lectura\" \/>\n\t<meta name=\"twitter:data2\" content=\"1 minuto\" \/>\n<script type=\"application\/ld+json\" class=\"yoast-schema-graph\">{\"@context\":\"https:\\\/\\\/schema.org\",\"@graph\":[{\"@type\":\"Article\",\"@id\":\"https:\\\/\\\/fuentesfidedignas.com.mx\\\/index.php\\\/2025\\\/03\\\/10\\\/sheinbaum-califica-de-terrible-los-crematorios-clandestinos-de-jalisco\\\/#article\",\"isPartOf\":{\"@id\":\"https:\\\/\\\/fuentesfidedignas.com.mx\\\/index.php\\\/2025\\\/03\\\/10\\\/sheinbaum-califica-de-terrible-los-crematorios-clandestinos-de-jalisco\\\/\"},\"author\":{\"name\":\"L\u00f3pez D\u00f3riga\",\"@id\":\"https:\\\/\\\/fuentesfidedignas.com.mx\\\/#\\\/schema\\\/person\\\/67d852f0557c8509146a4b9ddebd543a\"},\"headline\":\"Sheinbaum califica de \u201cterrible\u201d los crematorios clandestinos de Jalisco\",\"datePublished\":\"2025-03-10T19:57:36+00:00\",\"mainEntityOfPage\":{\"@id\":\"https:\\\/\\\/fuentesfidedignas.com.mx\\\/index.php\\\/2025\\\/03\\\/10\\\/sheinbaum-califica-de-terrible-los-crematorios-clandestinos-de-jalisco\\\/\"},\"wordCount\":245,\"publisher\":{\"@id\":\"https:\\\/\\\/fuentesfidedignas.com.mx\\\/#organization\"},\"image\":{\"@id\":\"https:\\\/\\\/fuentesfidedignas.com.mx\\\/index.php\\\/2025\\\/03\\\/10\\\/sheinbaum-califica-de-terrible-los-crematorios-clandestinos-de-jalisco\\\/#primaryimage\"},\"thumbnailUrl\":\"https:\\\/\\\/fuentesfidedignas.com.mx\\\/wp-content\\\/uploads\\\/2025\\\/03\\\/img_1860-1.jpg\",\"articleSection\":[\"NOTICIAS NACIONALES\"],\"inLanguage\":\"es\"},{\"@type\":\"WebPage\",\"@id\":\"https:\\\/\\\/fuentesfidedignas.com.mx\\\/index.php\\\/2025\\\/03\\\/10\\\/sheinbaum-califica-de-terrible-los-crematorios-clandestinos-de-jalisco\\\/\",\"url\":\"https:\\\/\\\/fuentesfidedignas.com.mx\\\/index.php\\\/2025\\\/03\\\/10\\\/sheinbaum-califica-de-terrible-los-crematorios-clandestinos-de-jalisco\\\/\",\"name\":\"Sheinbaum califica de \u201cterrible\u201d los crematorios clandestinos de Jalisco - Fuentes Fidedignas\",\"isPartOf\":{\"@id\":\"https:\\\/\\\/fuentesfidedignas.com.mx\\\/#website\"},\"primaryImageOfPage\":{\"@id\":\"https:\\\/\\\/fuentesfidedignas.com.mx\\\/index.php\\\/2025\\\/03\\\/10\\\/sheinbaum-califica-de-terrible-los-crematorios-clandestinos-de-jalisco\\\/#primaryimage\"},\"image\":{\"@id\":\"https:\\\/\\\/fuentesfidedignas.com.mx\\\/index.php\\\/2025\\\/03\\\/10\\\/sheinbaum-califica-de-terrible-los-crematorios-clandestinos-de-jalisco\\\/#primaryimage\"},\"thumbnailUrl\":\"https:\\\/\\\/fuentesfidedignas.com.mx\\\/wp-content\\\/uploads\\\/2025\\\/03\\\/img_1860-1.jpg\",\"datePublished\":\"2025-03-10T19:57:36+00:00\",\"breadcrumb\":{\"@id\":\"https:\\\/\\\/fuentesfidedignas.com.mx\\\/index.php\\\/2025\\\/03\\\/10\\\/sheinbaum-califica-de-terrible-los-crematorios-clandestinos-de-jalisco\\\/#breadcrumb\"},\"inLanguage\":\"es\",\"potentialAction\":[{\"@type\":\"ReadAction\",\"target\":[\"https:\\\/\\\/fuentesfidedignas.com.mx\\\/index.php\\\/2025\\\/03\\\/10\\\/sheinbaum-califica-de-terrible-los-crematorios-clandestinos-de-jalisco\\\/\"]}]},{\"@type\":\"ImageObject\",\"inLanguage\":\"es\",\"@id\":\"https:\\\/\\\/fuentesfidedignas.com.mx\\\/index.php\\\/2025\\\/03\\\/10\\\/sheinbaum-califica-de-terrible-los-crematorios-clandestinos-de-jalisco\\\/#primaryimage\",\"url\":\"https:\\\/\\\/fuentesfidedignas.com.mx\\\/wp-content\\\/uploads\\\/2025\\\/03\\\/img_1860-1.jpg\",\"contentUrl\":\"https:\\\/\\\/fuentesfidedignas.com.mx\\\/wp-content\\\/uploads\\\/2025\\\/03\\\/img_1860-1.jpg\",\"width\":1536,\"height\":1024},{\"@type\":\"BreadcrumbList\",\"@id\":\"https:\\\/\\\/fuentesfidedignas.com.mx\\\/index.php\\\/2025\\\/03\\\/10\\\/sheinbaum-califica-de-terrible-los-crematorios-clandestinos-de-jalisco\\\/#breadcrumb\",\"itemListElement\":[{\"@type\":\"ListItem\",\"position\":1,\"name\":\"Inicio\",\"item\":\"https:\\\/\\\/fuentesfidedignas.com.mx\\\/\"},{\"@type\":\"ListItem\",\"position\":2,\"name\":\"Sheinbaum califica de \u201cterrible\u201d los crematorios clandestinos de Jalisco\"}]},{\"@type\":\"WebSite\",\"@id\":\"https:\\\/\\\/fuentesfidedignas.com.mx\\\/#website\",\"url\":\"https:\\\/\\\/fuentesfidedignas.com.mx\\\/\",\"name\":\"Fuentes Fidedignas\",\"description\":\"Otro sitio realizado con WordPress\",\"publisher\":{\"@id\":\"https:\\\/\\\/fuentesfidedignas.com.mx\\\/#organization\"},\"potentialAction\":[{\"@type\":\"SearchAction\",\"target\":{\"@type\":\"EntryPoint\",\"urlTemplate\":\"https:\\\/\\\/fuentesfidedignas.com.mx\\\/?s={search_term_string}\"},\"query-input\":{\"@type\":\"PropertyValueSpecification\",\"valueRequired\":true,\"valueName\":\"search_term_string\"}}],\"inLanguage\":\"es\"},{\"@type\":\"Organization\",\"@id\":\"https:\\\/\\\/fuentesfidedignas.com.mx\\\/#organization\",\"name\":\"Fuentes Fidedignas\",\"url\":\"https:\\\/\\\/fuentesfidedignas.com.mx\\\/\",\"logo\":{\"@type\":\"ImageObject\",\"inLanguage\":\"es\",\"@id\":\"https:\\\/\\\/fuentesfidedignas.com.mx\\\/#\\\/schema\\\/logo\\\/image\\\/\",\"url\":\"https:\\\/\\\/fuentesfidedignas.com.mx\\\/wp-content\\\/uploads\\\/2021\\\/04\\\/logo-retina.png\",\"contentUrl\":\"https:\\\/\\\/fuentesfidedignas.com.mx\\\/wp-content\\\/uploads\\\/2021\\\/04\\\/logo-retina.png\",\"width\":280,\"height\":51,\"caption\":\"Fuentes Fidedignas\"},\"image\":{\"@id\":\"https:\\\/\\\/fuentesfidedignas.com.mx\\\/#\\\/schema\\\/logo\\\/image\\\/\"},\"sameAs\":[\"https:\\\/\\\/www.facebook.com\\\/Fuentes-Fidedignas-368234489921644\",\"https:\\\/\\\/x.com\\\/fidedignas\"]},{\"@type\":\"Person\",\"@id\":\"https:\\\/\\\/fuentesfidedignas.com.mx\\\/#\\\/schema\\\/person\\\/67d852f0557c8509146a4b9ddebd543a\",\"name\":\"L\u00f3pez D\u00f3riga\",\"image\":{\"@type\":\"ImageObject\",\"inLanguage\":\"es\",\"@id\":\"https:\\\/\\\/secure.gravatar.com\\\/avatar\\\/e525b06574ca18b33cded59dfe5778d6c823b9513154eff47da551b0551bdd1e?s=96&d=mm&r=g\",\"url\":\"https:\\\/\\\/secure.gravatar.com\\\/avatar\\\/e525b06574ca18b33cded59dfe5778d6c823b9513154eff47da551b0551bdd1e?s=96&d=mm&r=g\",\"contentUrl\":\"https:\\\/\\\/secure.gravatar.com\\\/avatar\\\/e525b06574ca18b33cded59dfe5778d6c823b9513154eff47da551b0551bdd1e?s=96&d=mm&r=g\",\"caption\":\"L\u00f3pez D\u00f3riga\"},\"url\":\"https:\\\/\\\/fuentesfidedignas.com.mx\\\/index.php\\\/author\\\/doriga\\\/\"}]}<\/script>\n<!-- \/ Yoast SEO plugin. -->","yoast_head_json":{"title":"Sheinbaum califica de \u201cterrible\u201d los crematorios clandestinos de Jalisco - Fuentes Fidedignas","robots":{"index":"index","follow":"follow","max-snippet":"max-snippet:-1","max-image-preview":"max-image-preview:large","max-video-preview":"max-video-preview:-1"},"canonical":"https:\/\/fuentesfidedignas.com.mx\/index.php\/2025\/03\/10\/sheinbaum-califica-de-terrible-los-crematorios-clandestinos-de-jalisco\/","og_locale":"es_MX","og_type":"article","og_title":"Sheinbaum califica de \u201cterrible\u201d los crematorios clandestinos de Jalisco - Fuentes Fidedignas","og_description":"La presidenta Sheinbaum pidi\u00f3 que se investigue lo que ocurri\u00f3 en los crematorios clandestinos localizados en Jalisco Ciudad de M\u00e9xico.- La presidenta de M\u00e9xico,&nbsp;Claudia&nbsp;Sheinbaum Pardo, calific\u00f3 de \u201cterrible\u201d los&nbsp;crematorios clandestinoslocalizados en&nbsp;Jalisco. En la conferencia matutina de Palacio Nacional, Sheinbaum Pardo pidi\u00f3 investigar lo que ocurri\u00f3 en dichos lugares. \u201cObviamente es terrible\u201d, asegur\u00f3. \u201cAhora corresponde al [&hellip;]","og_url":"https:\/\/fuentesfidedignas.com.mx\/index.php\/2025\/03\/10\/sheinbaum-califica-de-terrible-los-crematorios-clandestinos-de-jalisco\/","og_site_name":"Fuentes Fidedignas","article_publisher":"https:\/\/www.facebook.com\/Fuentes-Fidedignas-368234489921644","article_published_time":"2025-03-10T19:57:36+00:00","og_image":[{"width":1536,"height":1024,"url":"https:\/\/fuentesfidedignas.com.mx\/wp-content\/uploads\/2025\/03\/img_1860-1.jpg","type":"image\/jpeg"}],"author":"L\u00f3pez D\u00f3riga","twitter_card":"summary_large_image","twitter_creator":"@fidedignas","twitter_site":"@fidedignas","twitter_misc":{"Escrito por":"L\u00f3pez D\u00f3riga","Tiempo de lectura":"1 minuto"},"schema":{"@context":"https:\/\/schema.org","@graph":[{"@type":"Article","@id":"https:\/\/fuentesfidedignas.com.mx\/index.php\/2025\/03\/10\/sheinbaum-califica-de-terrible-los-crematorios-clandestinos-de-jalisco\/#article","isPartOf":{"@id":"https:\/\/fuentesfidedignas.com.mx\/index.php\/2025\/03\/10\/sheinbaum-califica-de-terrible-los-crematorios-clandestinos-de-jalisco\/"},"author":{"name":"L\u00f3pez D\u00f3riga","@id":"https:\/\/fuentesfidedignas.com.mx\/#\/schema\/person\/67d852f0557c8509146a4b9ddebd543a"},"headline":"Sheinbaum califica de \u201cterrible\u201d los crematorios clandestinos de Jalisco","datePublished":"2025-03-10T19:57:36+00:00","mainEntityOfPage":{"@id":"https:\/\/fuentesfidedignas.com.mx\/index.php\/2025\/03\/10\/sheinbaum-califica-de-terrible-los-crematorios-clandestinos-de-jalisco\/"},"wordCount":245,"publisher":{"@id":"https:\/\/fuentesfidedignas.com.mx\/#organization"},"image":{"@id":"https:\/\/fuentesfidedignas.com.mx\/index.php\/2025\/03\/10\/sheinbaum-califica-de-terrible-los-crematorios-clandestinos-de-jalisco\/#primaryimage"},"thumbnailUrl":"https:\/\/fuentesfidedignas.com.mx\/wp-content\/uploads\/2025\/03\/img_1860-1.jpg","articleSection":["NOTICIAS NACIONALES"],"inLanguage":"es"},{"@type":"WebPage","@id":"https:\/\/fuentesfidedignas.com.mx\/index.php\/2025\/03\/10\/sheinbaum-califica-de-terrible-los-crematorios-clandestinos-de-jalisco\/","url":"https:\/\/fuentesfidedignas.com.mx\/index.php\/2025\/03\/10\/sheinbaum-califica-de-terrible-los-crematorios-clandestinos-de-jalisco\/","name":"Sheinbaum califica de \u201cterrible\u201d los crematorios clandestinos de Jalisco - Fuentes Fidedignas","isPartOf":{"@id":"https:\/\/fuentesfidedignas.com.mx\/#website"},"primaryImageOfPage":{"@id":"https:\/\/fuentesfidedignas.com.mx\/index.php\/2025\/03\/10\/sheinbaum-califica-de-terrible-los-crematorios-clandestinos-de-jalisco\/#primaryimage"},"image":{"@id":"https:\/\/fuentesfidedignas.com.mx\/index.php\/2025\/03\/10\/sheinbaum-califica-de-terrible-los-crematorios-clandestinos-de-jalisco\/#primaryimage"},"thumbnailUrl":"https:\/\/fuentesfidedignas.com.mx\/wp-content\/uploads\/2025\/03\/img_1860-1.jpg","datePublished":"2025-03-10T19:57:36+00:00","breadcrumb":{"@id":"https:\/\/fuentesfidedignas.com.mx\/index.php\/2025\/03\/10\/sheinbaum-califica-de-terrible-los-crematorios-clandestinos-de-jalisco\/#breadcrumb"},"inLanguage":"es","potentialAction":[{"@type":"ReadAction","target":["https:\/\/fuentesfidedignas.com.mx\/index.php\/2025\/03\/10\/sheinbaum-califica-de-terrible-los-crematorios-clandestinos-de-jalisco\/"]}]},{"@type":"ImageObject","inLanguage":"es","@id":"https:\/\/fuentesfidedignas.com.mx\/index.php\/2025\/03\/10\/sheinbaum-califica-de-terrible-los-crematorios-clandestinos-de-jalisco\/#primaryimage","url":"https:\/\/fuentesfidedignas.com.mx\/wp-content\/uploads\/2025\/03\/img_1860-1.jpg","contentUrl":"https:\/\/fuentesfidedignas.com.mx\/wp-content\/uploads\/2025\/03\/img_1860-1.jpg","width":1536,"height":1024},{"@type":"BreadcrumbList","@id":"https:\/\/fuentesfidedignas.com.mx\/index.php\/2025\/03\/10\/sheinbaum-califica-de-terrible-los-crematorios-clandestinos-de-jalisco\/#breadcrumb","itemListElement":[{"@type":"ListItem","position":1,"name":"Inicio","item":"https:\/\/fuentesfidedignas.com.mx\/"},{"@type":"ListItem","position":2,"name":"Sheinbaum califica de \u201cterrible\u201d los crematorios clandestinos de Jalisco"}]},{"@type":"WebSite","@id":"https:\/\/fuentesfidedignas.com.mx\/#website","url":"https:\/\/fuentesfidedignas.com.mx\/","name":"Fuentes Fidedignas","description":"Otro sitio realizado con WordPress","publisher":{"@id":"https:\/\/fuentesfidedignas.com.mx\/#organization"},"potentialAction":[{"@type":"SearchAction","target":{"@type":"EntryPoint","urlTemplate":"https:\/\/fuentesfidedignas.com.mx\/?s={search_term_string}"},"query-input":{"@type":"PropertyValueSpecification","valueRequired":true,"valueName":"search_term_string"}}],"inLanguage":"es"},{"@type":"Organization","@id":"https:\/\/fuentesfidedignas.com.mx\/#organization","name":"Fuentes Fidedignas","url":"https:\/\/fuentesfidedignas.com.mx\/","logo":{"@type":"ImageObject","inLanguage":"es","@id":"https:\/\/fuentesfidedignas.com.mx\/#\/schema\/logo\/image\/","url":"https:\/\/fuentesfidedignas.com.mx\/wp-content\/uploads\/2021\/04\/logo-retina.png","contentUrl":"https:\/\/fuentesfidedignas.com.mx\/wp-content\/uploads\/2021\/04\/logo-retina.png","width":280,"height":51,"caption":"Fuentes Fidedignas"},"image":{"@id":"https:\/\/fuentesfidedignas.com.mx\/#\/schema\/logo\/image\/"},"sameAs":["https:\/\/www.facebook.com\/Fuentes-Fidedignas-368234489921644","https:\/\/x.com\/fidedignas"]},{"@type":"Person","@id":"https:\/\/fuentesfidedignas.com.mx\/#\/schema\/person\/67d852f0557c8509146a4b9ddebd543a","name":"L\u00f3pez D\u00f3riga","image":{"@type":"ImageObject","inLanguage":"es","@id":"https:\/\/secure.gravatar.com\/avatar\/e525b06574ca18b33cded59dfe5778d6c823b9513154eff47da551b0551bdd1e?s=96&d=mm&r=g","url":"https:\/\/secure.gravatar.com\/avatar\/e525b06574ca18b33cded59dfe5778d6c823b9513154eff47da551b0551bdd1e?s=96&d=mm&r=g","contentUrl":"https:\/\/secure.gravatar.com\/avatar\/e525b06574ca18b33cded59dfe5778d6c823b9513154eff47da551b0551bdd1e?s=96&d=mm&r=g","caption":"L\u00f3pez D\u00f3riga"},"url":"https:\/\/fuentesfidedignas.com.mx\/index.php\/author\/doriga\/"}]}},"_links":{"self":[{"href":"https:\/\/fuentesfidedignas.com.mx\/index.php\/wp-json\/wp\/v2\/posts\/103537","targetHints":{"allow":["GET"]}}],"collection":[{"href":"https:\/\/fuentesfidedignas.com.mx\/index.php\/wp-json\/wp\/v2\/posts"}],"about":[{"href":"https:\/\/fuentesfidedignas.com.mx\/index.php\/wp-json\/wp\/v2\/types\/post"}],"author":[{"embeddable":true,"href":"https:\/\/fuentesfidedignas.com.mx\/index.php\/wp-json\/wp\/v2\/users\/47"}],"replies":[{"embeddable":true,"href":"https:\/\/fuentesfidedignas.com.mx\/index.php\/wp-json\/wp\/v2\/comments?post=103537"}],"version-history":[{"count":1,"href":"https:\/\/fuentesfidedignas.com.mx\/index.php\/wp-json\/wp\/v2\/posts\/103537\/revisions"}],"predecessor-version":[{"id":103538,"href":"https:\/\/fuentesfidedignas.com.mx\/index.php\/wp-json\/wp\/v2\/posts\/103537\/revisions\/103538"}],"wp:featuredmedia":[{"embeddable":true,"href":"https:\/\/fuentesfidedignas.com.mx\/index.php\/wp-json\/wp\/v2\/media\/103536"}],"wp:attachment":[{"href":"https:\/\/fuentesfidedignas.com.mx\/index.php\/wp-json\/wp\/v2\/media?parent=103537"}],"wp:term":[{"taxonomy":"category","embeddable":true,"href":"https:\/\/fuentesfidedignas.com.mx\/index.php\/wp-json\/wp\/v2\/categories?post=103537"},{"taxonomy":"post_tag","embeddable":true,"href":"https:\/\/fuentesfidedignas.com.mx\/index.php\/wp-json\/wp\/v2\/tags?post=103537"}],"curies":[{"name":"wp","href":"https:\/\/api.w.org\/{rel}","templated":true}]}}