{"id":103496,"date":"2025-03-10T04:18:00","date_gmt":"2025-03-10T11:18:00","guid":{"rendered":"https:\/\/fuentesfidedignas.com.mx\/?p=103496"},"modified":"2025-03-09T17:22:34","modified_gmt":"2025-03-10T00:22:34","slug":"video-latino-se-arrepiente-de-votar-por-trump-tras-ser-detenido-por-migracion","status":"publish","type":"post","link":"https:\/\/fuentesfidedignas.com.mx\/index.php\/2025\/03\/10\/video-latino-se-arrepiente-de-votar-por-trump-tras-ser-detenido-por-migracion\/","title":{"rendered":"VIDEO | Latino se arrepiente de votar por Trump tras ser detenido por migraci\u00f3n"},"content":{"rendered":"\n<p><strong><em>El hombre revel\u00f3 que la reciente experiencia lo hab\u00eda hecho replantearse sus decisiones.<\/em><\/strong><\/p>\n\n\n\n<p>Tras la llegada del presidente Donald Trump al poder,&nbsp;se han viralizado muchos casos de xenofobia por parte de los estadounidenses a la comunidad latina y los usuarios se han encargado de difundir las injusticias.&nbsp;<\/p>\n\n\n\n<p>A diario se difunden grabaciones de comunidad latinoamericana, en especial mexicanos que est\u00e1n tratando de sobrellevar la tormentosa situaci\u00f3n. Cabe resaltar que el apoyo a Trump creci\u00f3 significativamente estas elecciones.<\/p>\n\n\n\n<p>Casos como el de Grupo Frontera, quienes supuestamente habr\u00edan votado por el empresario, han ganado popularidad, generando cr\u00edticas y acusaciones de &#8220;traici\u00f3n&#8221;. En esta ocasi\u00f3n, un hombre se arrepinti\u00f3 de su decisi\u00f3n tras haber enfrentado una inc\u00f3moda situaci\u00f3n.&nbsp;<\/p>\n\n\n\n<p><strong>\u00bfUn residente de Estados Unidos fue detenido por agentes de inmigraci\u00f3n?\u00a0<\/strong><br>En redes circula a gran velocidad una entrevista de un latino que denunci\u00f3 como hab\u00eda sido detenido a pesar de tener la residencia estadounidense. Explic\u00f3 ante los medios locales lo que hab\u00eda sucedido y lo arrepentido que estaba de sus decisiones.<\/p>\n\n\n\n<p>Se trata de Jensy Manchado, quien seg\u00fan relat\u00f3, se dirig\u00eda a su trabajo acompa\u00f1ado de otros dos hombres, cuando fue detenido por agentes de ICE (Servicio de Inmigraci\u00f3n y Aduanas), quienes le ordenaron que bajara del auto con las manos en alto.<\/p>\n\n\n\n<p>&#8220;Y ellos simplemente salieron del auto con las armas en sus manos y dijeron, apaga el auto, dame las llaves, abre la ventana, \u00bfsabes? Todo fue muy r\u00e1pido&#8221;, relat\u00f3.<\/p>\n\n\n\n<p>Explic\u00f3 que le hab\u00edan ordenado que se pusiera las esposas y que no le pidieron ninguna identificaci\u00f3n, cuando se ofreci\u00f3 a mostrarles sus papeles en los que dec\u00eda que era residente, no lo dejaron moverse, incluso lo trataron con hostilidad.<\/p>\n\n\n\n<p>Posteriormente, seg\u00fan detall\u00f3 Manchado, comenzaron a hacerle un abrumante cuestionamiento sobre como hab\u00eda ingresado al pa\u00eds y si ten\u00eda alguna cita pendiente en tribunal, a lo que \u00e9l les reafirm\u00f3 que era residente.<\/p>\n\n\n\n<p>&#8220;Le dije que era ciudadano estadounidense y \u00e9l mir\u00f3 a su otro compa\u00f1ero como sonriendo, como diciendo: &#8216;\u00bfPuedes creer a este tipo?&#8217;. Porque le pregunt\u00f3 al otro tipo: &#8216;\u00bfLe crees?'&#8221;.<\/p>\n\n\n\n<p>Cuando por fin pudo mostrar su identificaci\u00f3n, lo dejaron libre. Resulta que la confusi\u00f3n se dio porque ellos buscaban a un hombre que ten\u00eda una orden de deportaci\u00f3n y hab\u00edan dado con su direcci\u00f3n, sin embargo, no se trataba de la misma persona.<\/p>\n\n\n\n<p><strong>\u00bfJensy Manchado se arrepiente de haber votado por Trump?<\/strong><br>El hombre detall\u00f3 que el hab\u00eda votado por el empresario, sin embargo, tras dicha experiencia, se hab\u00eda replanteado sus decisiones,ya que no pod\u00eda creer lo que le acababa de pasar, pues seg\u00fan \u00e9l, Trump supuestamente solo ir\u00eda por los &#8220;criminales&#8221;.<\/p>\n\n\n\n<p>&#8220;Como dije, yo era partidario de Trump. Vot\u00e9 por Trump en las \u00faltimas elecciones, pero pens\u00e9 que iba a ser algo as\u00ed como\u2026 ir contra los criminales, no contra todos los hispanos, como si supusieran que todos somos ilegales&#8221;, expres\u00f3.<\/p>\n\n\n\n<p><strong>Mira aqu\u00ed parte de la entrevista<\/strong><\/p>\n\n\n\n<blockquote class=\"tiktok-embed\" cite=\"https:\/\/www.tiktok.com\/@carlos_eduardo_espina\/video\/7479084528800156959\" data-video-id=\"7479084528800156959\" style=\"max-width: 605px;min-width: 325px;\" > <section> <a target=\"_blank\" title=\"@carlos_eduardo_espina\" href=\"https:\/\/www.tiktok.com\/@carlos_eduardo_espina?refer=embed\">@carlos_eduardo_espina<\/a> <p>Uno cosecha lo que siembra \ud83d\udc4f<\/p> <a target=\"_blank\" title=\"\u266c original sound - Carlos_Eduardo_Espina\" href=\"https:\/\/www.tiktok.com\/music\/original-sound-7479084687558724382?refer=embed\">\u266c original sound &#8211; Carlos_Eduardo_Espina<\/a> <\/section> <\/blockquote> <script async src=\"https:\/\/www.tiktok.com\/embed.js\"><\/script>\n","protected":false},"excerpt":{"rendered":"<p>El hombre revel\u00f3 que la reciente experiencia lo hab\u00eda hecho replantearse sus decisiones. Tras la llegada del presidente Donald Trump al poder,&nbsp;se han viralizado muchos casos de xenofobia por parte de los estadounidenses a la comunidad latina y los usuarios se han encargado de difundir las injusticias.&nbsp; A diario se difunden grabaciones de comunidad latinoamericana, [&hellip;]<\/p>\n","protected":false},"author":9,"featured_media":103497,"comment_status":"open","ping_status":"open","sticky":false,"template":"","format":"standard","meta":{"tdm_status":"","tdm_grid_status":"","footnotes":""},"categories":[40],"tags":[],"class_list":{"0":"post-103496","1":"post","2":"type-post","3":"status-publish","4":"format-standard","5":"has-post-thumbnail","7":"category-las-asombrosas"},"yoast_head":"<!-- This site is optimized with the Yoast SEO plugin v27.4 - https:\/\/yoast.com\/product\/yoast-seo-wordpress\/ -->\n<title>VIDEO | Latino se arrepiente de votar por Trump tras ser detenido por migraci\u00f3n - Fuentes Fidedignas<\/title>\n<meta name=\"robots\" content=\"index, follow, max-snippet:-1, max-image-preview:large, max-video-preview:-1\" \/>\n<link rel=\"canonical\" href=\"https:\/\/fuentesfidedignas.com.mx\/index.php\/2025\/03\/10\/video-latino-se-arrepiente-de-votar-por-trump-tras-ser-detenido-por-migracion\/\" \/>\n<meta property=\"og:locale\" content=\"es_MX\" \/>\n<meta property=\"og:type\" content=\"article\" \/>\n<meta property=\"og:title\" content=\"VIDEO | Latino se arrepiente de votar por Trump tras ser detenido por migraci\u00f3n - Fuentes Fidedignas\" \/>\n<meta property=\"og:description\" content=\"El hombre revel\u00f3 que la reciente experiencia lo hab\u00eda hecho replantearse sus decisiones. Tras la llegada del presidente Donald Trump al poder,&nbsp;se han viralizado muchos casos de xenofobia por parte de los estadounidenses a la comunidad latina y los usuarios se han encargado de difundir las injusticias.&nbsp; A diario se difunden grabaciones de comunidad latinoamericana, [&hellip;]\" \/>\n<meta property=\"og:url\" content=\"https:\/\/fuentesfidedignas.com.mx\/index.php\/2025\/03\/10\/video-latino-se-arrepiente-de-votar-por-trump-tras-ser-detenido-por-migracion\/\" \/>\n<meta property=\"og:site_name\" content=\"Fuentes Fidedignas\" \/>\n<meta property=\"article:publisher\" content=\"https:\/\/www.facebook.com\/Fuentes-Fidedignas-368234489921644\" \/>\n<meta property=\"article:published_time\" content=\"2025-03-10T11:18:00+00:00\" \/>\n<meta property=\"og:image\" content=\"https:\/\/fuentesfidedignas.com.mx\/wp-content\/uploads\/2025\/03\/latino_voto.jpg\" \/>\n\t<meta property=\"og:image:width\" content=\"600\" \/>\n\t<meta property=\"og:image:height\" content=\"377\" \/>\n\t<meta property=\"og:image:type\" content=\"image\/jpeg\" \/>\n<meta name=\"author\" content=\"Milenio\" \/>\n<meta name=\"twitter:card\" content=\"summary_large_image\" \/>\n<meta name=\"twitter:creator\" content=\"@fidedignas\" \/>\n<meta name=\"twitter:site\" content=\"@fidedignas\" \/>\n<meta name=\"twitter:label1\" content=\"Escrito por\" \/>\n\t<meta name=\"twitter:data1\" content=\"Milenio\" \/>\n\t<meta name=\"twitter:label2\" content=\"Tiempo de lectura\" \/>\n\t<meta name=\"twitter:data2\" content=\"3 minutos\" \/>\n<script type=\"application\/ld+json\" class=\"yoast-schema-graph\">{\"@context\":\"https:\\\/\\\/schema.org\",\"@graph\":[{\"@type\":\"Article\",\"@id\":\"https:\\\/\\\/fuentesfidedignas.com.mx\\\/index.php\\\/2025\\\/03\\\/10\\\/video-latino-se-arrepiente-de-votar-por-trump-tras-ser-detenido-por-migracion\\\/#article\",\"isPartOf\":{\"@id\":\"https:\\\/\\\/fuentesfidedignas.com.mx\\\/index.php\\\/2025\\\/03\\\/10\\\/video-latino-se-arrepiente-de-votar-por-trump-tras-ser-detenido-por-migracion\\\/\"},\"author\":{\"name\":\"Milenio\",\"@id\":\"https:\\\/\\\/fuentesfidedignas.com.mx\\\/#\\\/schema\\\/person\\\/47ec0135738f4b0c7495f06a77a2c976\"},\"headline\":\"VIDEO | Latino se arrepiente de votar por Trump tras ser detenido por migraci\u00f3n\",\"datePublished\":\"2025-03-10T11:18:00+00:00\",\"mainEntityOfPage\":{\"@id\":\"https:\\\/\\\/fuentesfidedignas.com.mx\\\/index.php\\\/2025\\\/03\\\/10\\\/video-latino-se-arrepiente-de-votar-por-trump-tras-ser-detenido-por-migracion\\\/\"},\"wordCount\":549,\"commentCount\":0,\"publisher\":{\"@id\":\"https:\\\/\\\/fuentesfidedignas.com.mx\\\/#organization\"},\"image\":{\"@id\":\"https:\\\/\\\/fuentesfidedignas.com.mx\\\/index.php\\\/2025\\\/03\\\/10\\\/video-latino-se-arrepiente-de-votar-por-trump-tras-ser-detenido-por-migracion\\\/#primaryimage\"},\"thumbnailUrl\":\"https:\\\/\\\/fuentesfidedignas.com.mx\\\/wp-content\\\/uploads\\\/2025\\\/03\\\/latino_voto.jpg\",\"articleSection\":[\"LAS ASOMBROSAS\"],\"inLanguage\":\"es\",\"potentialAction\":[{\"@type\":\"CommentAction\",\"name\":\"Comment\",\"target\":[\"https:\\\/\\\/fuentesfidedignas.com.mx\\\/index.php\\\/2025\\\/03\\\/10\\\/video-latino-se-arrepiente-de-votar-por-trump-tras-ser-detenido-por-migracion\\\/#respond\"]}]},{\"@type\":\"WebPage\",\"@id\":\"https:\\\/\\\/fuentesfidedignas.com.mx\\\/index.php\\\/2025\\\/03\\\/10\\\/video-latino-se-arrepiente-de-votar-por-trump-tras-ser-detenido-por-migracion\\\/\",\"url\":\"https:\\\/\\\/fuentesfidedignas.com.mx\\\/index.php\\\/2025\\\/03\\\/10\\\/video-latino-se-arrepiente-de-votar-por-trump-tras-ser-detenido-por-migracion\\\/\",\"name\":\"VIDEO | Latino se arrepiente de votar por Trump tras ser detenido por migraci\u00f3n - Fuentes Fidedignas\",\"isPartOf\":{\"@id\":\"https:\\\/\\\/fuentesfidedignas.com.mx\\\/#website\"},\"primaryImageOfPage\":{\"@id\":\"https:\\\/\\\/fuentesfidedignas.com.mx\\\/index.php\\\/2025\\\/03\\\/10\\\/video-latino-se-arrepiente-de-votar-por-trump-tras-ser-detenido-por-migracion\\\/#primaryimage\"},\"image\":{\"@id\":\"https:\\\/\\\/fuentesfidedignas.com.mx\\\/index.php\\\/2025\\\/03\\\/10\\\/video-latino-se-arrepiente-de-votar-por-trump-tras-ser-detenido-por-migracion\\\/#primaryimage\"},\"thumbnailUrl\":\"https:\\\/\\\/fuentesfidedignas.com.mx\\\/wp-content\\\/uploads\\\/2025\\\/03\\\/latino_voto.jpg\",\"datePublished\":\"2025-03-10T11:18:00+00:00\",\"breadcrumb\":{\"@id\":\"https:\\\/\\\/fuentesfidedignas.com.mx\\\/index.php\\\/2025\\\/03\\\/10\\\/video-latino-se-arrepiente-de-votar-por-trump-tras-ser-detenido-por-migracion\\\/#breadcrumb\"},\"inLanguage\":\"es\",\"potentialAction\":[{\"@type\":\"ReadAction\",\"target\":[\"https:\\\/\\\/fuentesfidedignas.com.mx\\\/index.php\\\/2025\\\/03\\\/10\\\/video-latino-se-arrepiente-de-votar-por-trump-tras-ser-detenido-por-migracion\\\/\"]}]},{\"@type\":\"ImageObject\",\"inLanguage\":\"es\",\"@id\":\"https:\\\/\\\/fuentesfidedignas.com.mx\\\/index.php\\\/2025\\\/03\\\/10\\\/video-latino-se-arrepiente-de-votar-por-trump-tras-ser-detenido-por-migracion\\\/#primaryimage\",\"url\":\"https:\\\/\\\/fuentesfidedignas.com.mx\\\/wp-content\\\/uploads\\\/2025\\\/03\\\/latino_voto.jpg\",\"contentUrl\":\"https:\\\/\\\/fuentesfidedignas.com.mx\\\/wp-content\\\/uploads\\\/2025\\\/03\\\/latino_voto.jpg\",\"width\":600,\"height\":377},{\"@type\":\"BreadcrumbList\",\"@id\":\"https:\\\/\\\/fuentesfidedignas.com.mx\\\/index.php\\\/2025\\\/03\\\/10\\\/video-latino-se-arrepiente-de-votar-por-trump-tras-ser-detenido-por-migracion\\\/#breadcrumb\",\"itemListElement\":[{\"@type\":\"ListItem\",\"position\":1,\"name\":\"Inicio\",\"item\":\"https:\\\/\\\/fuentesfidedignas.com.mx\\\/\"},{\"@type\":\"ListItem\",\"position\":2,\"name\":\"VIDEO | Latino se arrepiente de votar por Trump tras ser detenido por migraci\u00f3n\"}]},{\"@type\":\"WebSite\",\"@id\":\"https:\\\/\\\/fuentesfidedignas.com.mx\\\/#website\",\"url\":\"https:\\\/\\\/fuentesfidedignas.com.mx\\\/\",\"name\":\"Fuentes Fidedignas\",\"description\":\"Otro sitio realizado con WordPress\",\"publisher\":{\"@id\":\"https:\\\/\\\/fuentesfidedignas.com.mx\\\/#organization\"},\"potentialAction\":[{\"@type\":\"SearchAction\",\"target\":{\"@type\":\"EntryPoint\",\"urlTemplate\":\"https:\\\/\\\/fuentesfidedignas.com.mx\\\/?s={search_term_string}\"},\"query-input\":{\"@type\":\"PropertyValueSpecification\",\"valueRequired\":true,\"valueName\":\"search_term_string\"}}],\"inLanguage\":\"es\"},{\"@type\":\"Organization\",\"@id\":\"https:\\\/\\\/fuentesfidedignas.com.mx\\\/#organization\",\"name\":\"Fuentes Fidedignas\",\"url\":\"https:\\\/\\\/fuentesfidedignas.com.mx\\\/\",\"logo\":{\"@type\":\"ImageObject\",\"inLanguage\":\"es\",\"@id\":\"https:\\\/\\\/fuentesfidedignas.com.mx\\\/#\\\/schema\\\/logo\\\/image\\\/\",\"url\":\"https:\\\/\\\/fuentesfidedignas.com.mx\\\/wp-content\\\/uploads\\\/2021\\\/04\\\/logo-retina.png\",\"contentUrl\":\"https:\\\/\\\/fuentesfidedignas.com.mx\\\/wp-content\\\/uploads\\\/2021\\\/04\\\/logo-retina.png\",\"width\":280,\"height\":51,\"caption\":\"Fuentes Fidedignas\"},\"image\":{\"@id\":\"https:\\\/\\\/fuentesfidedignas.com.mx\\\/#\\\/schema\\\/logo\\\/image\\\/\"},\"sameAs\":[\"https:\\\/\\\/www.facebook.com\\\/Fuentes-Fidedignas-368234489921644\",\"https:\\\/\\\/x.com\\\/fidedignas\"]},{\"@type\":\"Person\",\"@id\":\"https:\\\/\\\/fuentesfidedignas.com.mx\\\/#\\\/schema\\\/person\\\/47ec0135738f4b0c7495f06a77a2c976\",\"name\":\"Milenio\",\"image\":{\"@type\":\"ImageObject\",\"inLanguage\":\"es\",\"@id\":\"https:\\\/\\\/secure.gravatar.com\\\/avatar\\\/acabf7b54753e51c2c76457954577c236b3b764789b19879565769739d1e4a75?s=96&d=mm&r=g\",\"url\":\"https:\\\/\\\/secure.gravatar.com\\\/avatar\\\/acabf7b54753e51c2c76457954577c236b3b764789b19879565769739d1e4a75?s=96&d=mm&r=g\",\"contentUrl\":\"https:\\\/\\\/secure.gravatar.com\\\/avatar\\\/acabf7b54753e51c2c76457954577c236b3b764789b19879565769739d1e4a75?s=96&d=mm&r=g\",\"caption\":\"Milenio\"},\"url\":\"https:\\\/\\\/fuentesfidedignas.com.mx\\\/index.php\\\/author\\\/milenio\\\/\"}]}<\/script>\n<!-- \/ Yoast SEO plugin. -->","yoast_head_json":{"title":"VIDEO | Latino se arrepiente de votar por Trump tras ser detenido por migraci\u00f3n - Fuentes Fidedignas","robots":{"index":"index","follow":"follow","max-snippet":"max-snippet:-1","max-image-preview":"max-image-preview:large","max-video-preview":"max-video-preview:-1"},"canonical":"https:\/\/fuentesfidedignas.com.mx\/index.php\/2025\/03\/10\/video-latino-se-arrepiente-de-votar-por-trump-tras-ser-detenido-por-migracion\/","og_locale":"es_MX","og_type":"article","og_title":"VIDEO | Latino se arrepiente de votar por Trump tras ser detenido por migraci\u00f3n - Fuentes Fidedignas","og_description":"El hombre revel\u00f3 que la reciente experiencia lo hab\u00eda hecho replantearse sus decisiones. Tras la llegada del presidente Donald Trump al poder,&nbsp;se han viralizado muchos casos de xenofobia por parte de los estadounidenses a la comunidad latina y los usuarios se han encargado de difundir las injusticias.&nbsp; A diario se difunden grabaciones de comunidad latinoamericana, [&hellip;]","og_url":"https:\/\/fuentesfidedignas.com.mx\/index.php\/2025\/03\/10\/video-latino-se-arrepiente-de-votar-por-trump-tras-ser-detenido-por-migracion\/","og_site_name":"Fuentes Fidedignas","article_publisher":"https:\/\/www.facebook.com\/Fuentes-Fidedignas-368234489921644","article_published_time":"2025-03-10T11:18:00+00:00","og_image":[{"width":600,"height":377,"url":"https:\/\/fuentesfidedignas.com.mx\/wp-content\/uploads\/2025\/03\/latino_voto.jpg","type":"image\/jpeg"}],"author":"Milenio","twitter_card":"summary_large_image","twitter_creator":"@fidedignas","twitter_site":"@fidedignas","twitter_misc":{"Escrito por":"Milenio","Tiempo de lectura":"3 minutos"},"schema":{"@context":"https:\/\/schema.org","@graph":[{"@type":"Article","@id":"https:\/\/fuentesfidedignas.com.mx\/index.php\/2025\/03\/10\/video-latino-se-arrepiente-de-votar-por-trump-tras-ser-detenido-por-migracion\/#article","isPartOf":{"@id":"https:\/\/fuentesfidedignas.com.mx\/index.php\/2025\/03\/10\/video-latino-se-arrepiente-de-votar-por-trump-tras-ser-detenido-por-migracion\/"},"author":{"name":"Milenio","@id":"https:\/\/fuentesfidedignas.com.mx\/#\/schema\/person\/47ec0135738f4b0c7495f06a77a2c976"},"headline":"VIDEO | Latino se arrepiente de votar por Trump tras ser detenido por migraci\u00f3n","datePublished":"2025-03-10T11:18:00+00:00","mainEntityOfPage":{"@id":"https:\/\/fuentesfidedignas.com.mx\/index.php\/2025\/03\/10\/video-latino-se-arrepiente-de-votar-por-trump-tras-ser-detenido-por-migracion\/"},"wordCount":549,"commentCount":0,"publisher":{"@id":"https:\/\/fuentesfidedignas.com.mx\/#organization"},"image":{"@id":"https:\/\/fuentesfidedignas.com.mx\/index.php\/2025\/03\/10\/video-latino-se-arrepiente-de-votar-por-trump-tras-ser-detenido-por-migracion\/#primaryimage"},"thumbnailUrl":"https:\/\/fuentesfidedignas.com.mx\/wp-content\/uploads\/2025\/03\/latino_voto.jpg","articleSection":["LAS ASOMBROSAS"],"inLanguage":"es","potentialAction":[{"@type":"CommentAction","name":"Comment","target":["https:\/\/fuentesfidedignas.com.mx\/index.php\/2025\/03\/10\/video-latino-se-arrepiente-de-votar-por-trump-tras-ser-detenido-por-migracion\/#respond"]}]},{"@type":"WebPage","@id":"https:\/\/fuentesfidedignas.com.mx\/index.php\/2025\/03\/10\/video-latino-se-arrepiente-de-votar-por-trump-tras-ser-detenido-por-migracion\/","url":"https:\/\/fuentesfidedignas.com.mx\/index.php\/2025\/03\/10\/video-latino-se-arrepiente-de-votar-por-trump-tras-ser-detenido-por-migracion\/","name":"VIDEO | Latino se arrepiente de votar por Trump tras ser detenido por migraci\u00f3n - Fuentes Fidedignas","isPartOf":{"@id":"https:\/\/fuentesfidedignas.com.mx\/#website"},"primaryImageOfPage":{"@id":"https:\/\/fuentesfidedignas.com.mx\/index.php\/2025\/03\/10\/video-latino-se-arrepiente-de-votar-por-trump-tras-ser-detenido-por-migracion\/#primaryimage"},"image":{"@id":"https:\/\/fuentesfidedignas.com.mx\/index.php\/2025\/03\/10\/video-latino-se-arrepiente-de-votar-por-trump-tras-ser-detenido-por-migracion\/#primaryimage"},"thumbnailUrl":"https:\/\/fuentesfidedignas.com.mx\/wp-content\/uploads\/2025\/03\/latino_voto.jpg","datePublished":"2025-03-10T11:18:00+00:00","breadcrumb":{"@id":"https:\/\/fuentesfidedignas.com.mx\/index.php\/2025\/03\/10\/video-latino-se-arrepiente-de-votar-por-trump-tras-ser-detenido-por-migracion\/#breadcrumb"},"inLanguage":"es","potentialAction":[{"@type":"ReadAction","target":["https:\/\/fuentesfidedignas.com.mx\/index.php\/2025\/03\/10\/video-latino-se-arrepiente-de-votar-por-trump-tras-ser-detenido-por-migracion\/"]}]},{"@type":"ImageObject","inLanguage":"es","@id":"https:\/\/fuentesfidedignas.com.mx\/index.php\/2025\/03\/10\/video-latino-se-arrepiente-de-votar-por-trump-tras-ser-detenido-por-migracion\/#primaryimage","url":"https:\/\/fuentesfidedignas.com.mx\/wp-content\/uploads\/2025\/03\/latino_voto.jpg","contentUrl":"https:\/\/fuentesfidedignas.com.mx\/wp-content\/uploads\/2025\/03\/latino_voto.jpg","width":600,"height":377},{"@type":"BreadcrumbList","@id":"https:\/\/fuentesfidedignas.com.mx\/index.php\/2025\/03\/10\/video-latino-se-arrepiente-de-votar-por-trump-tras-ser-detenido-por-migracion\/#breadcrumb","itemListElement":[{"@type":"ListItem","position":1,"name":"Inicio","item":"https:\/\/fuentesfidedignas.com.mx\/"},{"@type":"ListItem","position":2,"name":"VIDEO | Latino se arrepiente de votar por Trump tras ser detenido por migraci\u00f3n"}]},{"@type":"WebSite","@id":"https:\/\/fuentesfidedignas.com.mx\/#website","url":"https:\/\/fuentesfidedignas.com.mx\/","name":"Fuentes Fidedignas","description":"Otro sitio realizado con WordPress","publisher":{"@id":"https:\/\/fuentesfidedignas.com.mx\/#organization"},"potentialAction":[{"@type":"SearchAction","target":{"@type":"EntryPoint","urlTemplate":"https:\/\/fuentesfidedignas.com.mx\/?s={search_term_string}"},"query-input":{"@type":"PropertyValueSpecification","valueRequired":true,"valueName":"search_term_string"}}],"inLanguage":"es"},{"@type":"Organization","@id":"https:\/\/fuentesfidedignas.com.mx\/#organization","name":"Fuentes Fidedignas","url":"https:\/\/fuentesfidedignas.com.mx\/","logo":{"@type":"ImageObject","inLanguage":"es","@id":"https:\/\/fuentesfidedignas.com.mx\/#\/schema\/logo\/image\/","url":"https:\/\/fuentesfidedignas.com.mx\/wp-content\/uploads\/2021\/04\/logo-retina.png","contentUrl":"https:\/\/fuentesfidedignas.com.mx\/wp-content\/uploads\/2021\/04\/logo-retina.png","width":280,"height":51,"caption":"Fuentes Fidedignas"},"image":{"@id":"https:\/\/fuentesfidedignas.com.mx\/#\/schema\/logo\/image\/"},"sameAs":["https:\/\/www.facebook.com\/Fuentes-Fidedignas-368234489921644","https:\/\/x.com\/fidedignas"]},{"@type":"Person","@id":"https:\/\/fuentesfidedignas.com.mx\/#\/schema\/person\/47ec0135738f4b0c7495f06a77a2c976","name":"Milenio","image":{"@type":"ImageObject","inLanguage":"es","@id":"https:\/\/secure.gravatar.com\/avatar\/acabf7b54753e51c2c76457954577c236b3b764789b19879565769739d1e4a75?s=96&d=mm&r=g","url":"https:\/\/secure.gravatar.com\/avatar\/acabf7b54753e51c2c76457954577c236b3b764789b19879565769739d1e4a75?s=96&d=mm&r=g","contentUrl":"https:\/\/secure.gravatar.com\/avatar\/acabf7b54753e51c2c76457954577c236b3b764789b19879565769739d1e4a75?s=96&d=mm&r=g","caption":"Milenio"},"url":"https:\/\/fuentesfidedignas.com.mx\/index.php\/author\/milenio\/"}]}},"_links":{"self":[{"href":"https:\/\/fuentesfidedignas.com.mx\/index.php\/wp-json\/wp\/v2\/posts\/103496","targetHints":{"allow":["GET"]}}],"collection":[{"href":"https:\/\/fuentesfidedignas.com.mx\/index.php\/wp-json\/wp\/v2\/posts"}],"about":[{"href":"https:\/\/fuentesfidedignas.com.mx\/index.php\/wp-json\/wp\/v2\/types\/post"}],"author":[{"embeddable":true,"href":"https:\/\/fuentesfidedignas.com.mx\/index.php\/wp-json\/wp\/v2\/users\/9"}],"replies":[{"embeddable":true,"href":"https:\/\/fuentesfidedignas.com.mx\/index.php\/wp-json\/wp\/v2\/comments?post=103496"}],"version-history":[{"count":1,"href":"https:\/\/fuentesfidedignas.com.mx\/index.php\/wp-json\/wp\/v2\/posts\/103496\/revisions"}],"predecessor-version":[{"id":103498,"href":"https:\/\/fuentesfidedignas.com.mx\/index.php\/wp-json\/wp\/v2\/posts\/103496\/revisions\/103498"}],"wp:featuredmedia":[{"embeddable":true,"href":"https:\/\/fuentesfidedignas.com.mx\/index.php\/wp-json\/wp\/v2\/media\/103497"}],"wp:attachment":[{"href":"https:\/\/fuentesfidedignas.com.mx\/index.php\/wp-json\/wp\/v2\/media?parent=103496"}],"wp:term":[{"taxonomy":"category","embeddable":true,"href":"https:\/\/fuentesfidedignas.com.mx\/index.php\/wp-json\/wp\/v2\/categories?post=103496"},{"taxonomy":"post_tag","embeddable":true,"href":"https:\/\/fuentesfidedignas.com.mx\/index.php\/wp-json\/wp\/v2\/tags?post=103496"}],"curies":[{"name":"wp","href":"https:\/\/api.w.org\/{rel}","templated":true}]}}