{"id":103478,"date":"2025-03-09T13:46:00","date_gmt":"2025-03-09T20:46:00","guid":{"rendered":"https:\/\/fuentesfidedignas.com.mx\/?p=103478"},"modified":"2025-03-09T12:51:21","modified_gmt":"2025-03-09T19:51:21","slug":"posponen-audiencia-de-joaquin-guzman-lopez-quien-entrego-a-el-mayo-en-eu","status":"publish","type":"post","link":"https:\/\/fuentesfidedignas.com.mx\/index.php\/2025\/03\/09\/posponen-audiencia-de-joaquin-guzman-lopez-quien-entrego-a-el-mayo-en-eu\/","title":{"rendered":"Posponen audiencia de Joaqu\u00edn Guzm\u00e1n L\u00f3pez, quien entreg\u00f3 a &#8216;El Mayo&#8217;, en EU"},"content":{"rendered":"\n<p><strong><em>La audiencia fue postergada durante un mes. Las partes est\u00e1n cerca de finiquitar un acuerdo, el cual aplicar\u00eda tambi\u00e9n para Ovidio Guzm\u00e1n.<\/em><\/strong><\/p>\n\n\n\n<p>El Departamento de Justicia de los Estados Unidos y la defensa de Joaqu\u00edn Guzm\u00e1n L\u00f3pez, hijo menor de Joaqu\u00edn El Chapo Guzm\u00e1n, acordaron postergar un mes m\u00e1s la audiencia de revisi\u00f3n del proceso penal abierto que estaba programada para el 19 de marzo.<\/p>\n\n\n\n<p>Lo anterior en el contexto de las pl\u00e1ticas ya confirmadas por ambas partes ante la Corte, las cuales est\u00e1n encaminadas a llegar un acuerdo que evite que el proceso llegue al juicio&nbsp;y que podr\u00edan estar en la \u00faltima fase de negociaci\u00f3n.<\/p>\n\n\n\n<p>La oficina de la jueza federal a cargo del proceso radicado en una Corte Federal en Chicago, Sharon Johnson Coleman, registr\u00f3 la determinaci\u00f3n acordada por las partes, que consiste en reprogramar la audiencia para el pr\u00f3ximo 18 de abril a las 10:30 horas.<\/p>\n\n\n\n<p>En el papel, el objetivo de la audiencia es revisar c\u00f3mo van los preparativos de cara al eventual juicio en contra de Guzm\u00e1n L\u00f3pez por ocho cargos de narcotr\u00e1fico y lavado de dinero, sin embargo, desde la \u00faltima audiencia del caso, realizada en enero, las partes anunciaron que trabajaban en un acuerdo de culpabilidad de parte del hijo menor de El Chapo Guzm\u00e1n.<\/p>\n\n\n\n<p>El acuerdo se traducir\u00eda en una declaraci\u00f3n de culpabilidad de Guzm\u00e1n L\u00f3pez a cambio de una pena m\u00ednima por este proceso sin llegar al juicio. Para el gobierno estadunidense, significar\u00eda ganar el caso ahorr\u00e1ndose los costos y tiempos de un juicio por jurado.<\/p>\n\n\n\n<p><strong>Negocian rol de Joaqu\u00edn Guzm\u00e1n L\u00f3pez como testigo colaborador<\/strong><br>Paralelamente, es altamente probable que la defensa y los fiscales negocien el posible rol del procesado como testigo colaborador en otros juicios o investigaciones en curso, lo que le traer\u00eda a la postre nuevos beneficios.<\/p>\n\n\n\n<p>Guzm\u00e1n L\u00f3pez fue detenido en julio del a\u00f1o pasado, luego de que voluntariamente se entreg\u00f3 ante autoridades de Estados Unidos tras aterrizar en un avi\u00f3n privado en Texas, en el que adem\u00e1s transport\u00f3 al jefe del C\u00e1rtel de Sinaloa, Ismael El Mayo Zambada, quien&nbsp;tambi\u00e9n fue detenido y actualmente enfrenta un proceso penal en Nueva York.<\/p>\n\n\n\n<p>Las condiciones en que se pact\u00f3 esta entrega no han sido detalladas p\u00fablicamente ni por Estados Unidos ni por el equipo de defensa del propio Guzm\u00e1n L\u00f3pez, que encabeza el abogado Jeffrey Lichtman.<\/p>\n\n\n\n<p>Sin embargo, la versi\u00f3n que Zambada ha hecho p\u00fablica a trav\u00e9s de una carta firmada por \u00e9l, y luego confirmada por sus abogados, es que fue sometido y secuestrado&nbsp;por el hijo de El Chapo, previo acuerdo con autoridades norteamericanas.<\/p>\n\n\n\n<p>El gobierno de M\u00e9xico, a trav\u00e9s de la Fiscal\u00eda General de la Rep\u00fablica (FGR), inici\u00f3 una carpeta de investigaci\u00f3n en contra de Guzm\u00e1n L\u00f3pez por delitos como privaci\u00f3n ilegal de la libertad y traici\u00f3n a la patria.<\/p>\n\n\n\n<p>Asimismo, ha insistido al gobierno norteamericano en que se le proporcione detalles pormenorizados sobre esta operaci\u00f3n, pero, hasta ahora, no se ha entregado ning\u00fan dato.<\/p>\n\n\n\n<p><strong>Trato especial<\/strong><br>Desde que acept\u00f3 entregarse en los Estados Unidos, Joaqu\u00edn Guzm\u00e1n L\u00f3pez ha permanecido la mayor parte del tiempo bajo custodia, pero fuera de la c\u00e1rcel metropolitana de Chicago, que es donde permanecen la mayor\u00eda de las personas procesadas en la Corte Federal del Distrito Norte de Illinois.<\/p>\n\n\n\n<p>De acuerdo con autoridades consultadas por MILENIO sobre esta situaci\u00f3n, el hijo menor de El Chapo&nbsp;est\u00e1 resguardado en una ubicaci\u00f3n de seguridad bajo el programa de posibles testigos colaboradores. Su \u00faltimo egreso de un centro penitenciario, seg\u00fan la p\u00e1gina del Bur\u00f3 Federal de Prisiones, fue el pasado 16 de octubre.<\/p>\n\n\n\n<p>La situaci\u00f3n es similar a la de su hermano mayor, Ovidio Guzm\u00e1n L\u00f3pez, extraditado por M\u00e9xico a Estados Unidos desde 2023, y quien ya tampoco se encuentra recluido en la c\u00e1rcel de Chicago tras haber permanecido dos a\u00f1os en esta.<\/p>\n\n\n\n<p>Su cambio de sitio de custodia hacia un sitio externo coincidi\u00f3 con la llegada de Guzm\u00e1n L\u00f3pez y la entrega de El Mayo Zambada.<\/p>\n\n\n\n<p><strong>Ovidio comparecer\u00eda antes<\/strong><br>En el mismo proceso penal abierto en contra de Joaqu\u00edn Guzm\u00e1n L\u00f3pez tambi\u00e9n se encuentra acusado Ovidio Guzm\u00e1n. Ambos son representados por el mismo abogado, Jeffrey Lichtman, y siguen la misma estrategia de defensa encaminada a un acuerdo y declaraci\u00f3n de culpabilidad.<\/p>\n\n\n\n<p>A Ovidio Guzm\u00e1n se le imputan nueve delitos relacionados con conspiraci\u00f3n para introducir m\u00faltiples narc\u00f3ticos a Estados Unidos, lavado de dinero y delitos violentos cometidos con amas de fuego.<\/p>\n\n\n\n<p>Tras un cambio de fecha previo, la comparecencia de Guzm\u00e1n est\u00e1 programada para el pr\u00f3ximo 31 de marzo ante la misma corte presidida por la jueza Johnson Coleman.<\/p>\n\n\n\n<p>En caso de que las partes no tengan finiquitado el acuerdo, pero est\u00e9n en v\u00edas de ello la audiencia podr\u00eda ser aplazada una vez m\u00e1s de com\u00fan acuerdo.<\/p>\n","protected":false},"excerpt":{"rendered":"<p>La audiencia fue postergada durante un mes. Las partes est\u00e1n cerca de finiquitar un acuerdo, el cual aplicar\u00eda tambi\u00e9n para Ovidio Guzm\u00e1n. El Departamento de Justicia de los Estados Unidos y la defensa de Joaqu\u00edn Guzm\u00e1n L\u00f3pez, hijo menor de Joaqu\u00edn El Chapo Guzm\u00e1n, acordaron postergar un mes m\u00e1s la audiencia de revisi\u00f3n del proceso [&hellip;]<\/p>\n","protected":false},"author":9,"featured_media":103479,"comment_status":"open","ping_status":"open","sticky":false,"template":"","format":"standard","meta":{"tdm_status":"","tdm_grid_status":"","footnotes":""},"categories":[39],"tags":[],"class_list":{"0":"post-103478","1":"post","2":"type-post","3":"status-publish","4":"format-standard","5":"has-post-thumbnail","7":"category-noticias-nacionales"},"yoast_head":"<!-- This site is optimized with the Yoast SEO plugin v27.4 - https:\/\/yoast.com\/product\/yoast-seo-wordpress\/ -->\n<title>Posponen audiencia de Joaqu\u00edn Guzm\u00e1n L\u00f3pez, quien entreg\u00f3 a &#039;El Mayo&#039;, en EU - Fuentes Fidedignas<\/title>\n<meta name=\"robots\" content=\"index, follow, max-snippet:-1, max-image-preview:large, max-video-preview:-1\" \/>\n<link rel=\"canonical\" href=\"https:\/\/fuentesfidedignas.com.mx\/index.php\/2025\/03\/09\/posponen-audiencia-de-joaquin-guzman-lopez-quien-entrego-a-el-mayo-en-eu\/\" \/>\n<meta property=\"og:locale\" content=\"es_MX\" \/>\n<meta property=\"og:type\" content=\"article\" \/>\n<meta property=\"og:title\" content=\"Posponen audiencia de Joaqu\u00edn Guzm\u00e1n L\u00f3pez, quien entreg\u00f3 a &#039;El Mayo&#039;, en EU - Fuentes Fidedignas\" \/>\n<meta property=\"og:description\" content=\"La audiencia fue postergada durante un mes. Las partes est\u00e1n cerca de finiquitar un acuerdo, el cual aplicar\u00eda tambi\u00e9n para Ovidio Guzm\u00e1n. El Departamento de Justicia de los Estados Unidos y la defensa de Joaqu\u00edn Guzm\u00e1n L\u00f3pez, hijo menor de Joaqu\u00edn El Chapo Guzm\u00e1n, acordaron postergar un mes m\u00e1s la audiencia de revisi\u00f3n del proceso [&hellip;]\" \/>\n<meta property=\"og:url\" content=\"https:\/\/fuentesfidedignas.com.mx\/index.php\/2025\/03\/09\/posponen-audiencia-de-joaquin-guzman-lopez-quien-entrego-a-el-mayo-en-eu\/\" \/>\n<meta property=\"og:site_name\" content=\"Fuentes Fidedignas\" \/>\n<meta property=\"article:publisher\" content=\"https:\/\/www.facebook.com\/Fuentes-Fidedignas-368234489921644\" \/>\n<meta property=\"article:published_time\" content=\"2025-03-09T20:46:00+00:00\" \/>\n<meta property=\"og:image\" content=\"https:\/\/fuentesfidedignas.com.mx\/wp-content\/uploads\/2025\/03\/Joaquin-Guzman-Lopez.jpg\" \/>\n\t<meta property=\"og:image:width\" content=\"600\" \/>\n\t<meta property=\"og:image:height\" content=\"378\" \/>\n\t<meta property=\"og:image:type\" content=\"image\/jpeg\" \/>\n<meta name=\"author\" content=\"Milenio\" \/>\n<meta name=\"twitter:card\" content=\"summary_large_image\" \/>\n<meta name=\"twitter:creator\" content=\"@fidedignas\" \/>\n<meta name=\"twitter:site\" content=\"@fidedignas\" \/>\n<meta name=\"twitter:label1\" content=\"Escrito por\" \/>\n\t<meta name=\"twitter:data1\" content=\"Milenio\" \/>\n\t<meta name=\"twitter:label2\" content=\"Tiempo de lectura\" \/>\n\t<meta name=\"twitter:data2\" content=\"4 minutos\" \/>\n<script type=\"application\/ld+json\" class=\"yoast-schema-graph\">{\"@context\":\"https:\\\/\\\/schema.org\",\"@graph\":[{\"@type\":\"Article\",\"@id\":\"https:\\\/\\\/fuentesfidedignas.com.mx\\\/index.php\\\/2025\\\/03\\\/09\\\/posponen-audiencia-de-joaquin-guzman-lopez-quien-entrego-a-el-mayo-en-eu\\\/#article\",\"isPartOf\":{\"@id\":\"https:\\\/\\\/fuentesfidedignas.com.mx\\\/index.php\\\/2025\\\/03\\\/09\\\/posponen-audiencia-de-joaquin-guzman-lopez-quien-entrego-a-el-mayo-en-eu\\\/\"},\"author\":{\"name\":\"Milenio\",\"@id\":\"https:\\\/\\\/fuentesfidedignas.com.mx\\\/#\\\/schema\\\/person\\\/47ec0135738f4b0c7495f06a77a2c976\"},\"headline\":\"Posponen audiencia de Joaqu\u00edn Guzm\u00e1n L\u00f3pez, quien entreg\u00f3 a &#8216;El Mayo&#8217;, en EU\",\"datePublished\":\"2025-03-09T20:46:00+00:00\",\"mainEntityOfPage\":{\"@id\":\"https:\\\/\\\/fuentesfidedignas.com.mx\\\/index.php\\\/2025\\\/03\\\/09\\\/posponen-audiencia-de-joaquin-guzman-lopez-quien-entrego-a-el-mayo-en-eu\\\/\"},\"wordCount\":891,\"commentCount\":0,\"publisher\":{\"@id\":\"https:\\\/\\\/fuentesfidedignas.com.mx\\\/#organization\"},\"image\":{\"@id\":\"https:\\\/\\\/fuentesfidedignas.com.mx\\\/index.php\\\/2025\\\/03\\\/09\\\/posponen-audiencia-de-joaquin-guzman-lopez-quien-entrego-a-el-mayo-en-eu\\\/#primaryimage\"},\"thumbnailUrl\":\"https:\\\/\\\/fuentesfidedignas.com.mx\\\/wp-content\\\/uploads\\\/2025\\\/03\\\/Joaquin-Guzman-Lopez.jpg\",\"articleSection\":[\"NOTICIAS NACIONALES\"],\"inLanguage\":\"es\",\"potentialAction\":[{\"@type\":\"CommentAction\",\"name\":\"Comment\",\"target\":[\"https:\\\/\\\/fuentesfidedignas.com.mx\\\/index.php\\\/2025\\\/03\\\/09\\\/posponen-audiencia-de-joaquin-guzman-lopez-quien-entrego-a-el-mayo-en-eu\\\/#respond\"]}]},{\"@type\":\"WebPage\",\"@id\":\"https:\\\/\\\/fuentesfidedignas.com.mx\\\/index.php\\\/2025\\\/03\\\/09\\\/posponen-audiencia-de-joaquin-guzman-lopez-quien-entrego-a-el-mayo-en-eu\\\/\",\"url\":\"https:\\\/\\\/fuentesfidedignas.com.mx\\\/index.php\\\/2025\\\/03\\\/09\\\/posponen-audiencia-de-joaquin-guzman-lopez-quien-entrego-a-el-mayo-en-eu\\\/\",\"name\":\"Posponen audiencia de Joaqu\u00edn Guzm\u00e1n L\u00f3pez, quien entreg\u00f3 a 'El Mayo', en EU - Fuentes Fidedignas\",\"isPartOf\":{\"@id\":\"https:\\\/\\\/fuentesfidedignas.com.mx\\\/#website\"},\"primaryImageOfPage\":{\"@id\":\"https:\\\/\\\/fuentesfidedignas.com.mx\\\/index.php\\\/2025\\\/03\\\/09\\\/posponen-audiencia-de-joaquin-guzman-lopez-quien-entrego-a-el-mayo-en-eu\\\/#primaryimage\"},\"image\":{\"@id\":\"https:\\\/\\\/fuentesfidedignas.com.mx\\\/index.php\\\/2025\\\/03\\\/09\\\/posponen-audiencia-de-joaquin-guzman-lopez-quien-entrego-a-el-mayo-en-eu\\\/#primaryimage\"},\"thumbnailUrl\":\"https:\\\/\\\/fuentesfidedignas.com.mx\\\/wp-content\\\/uploads\\\/2025\\\/03\\\/Joaquin-Guzman-Lopez.jpg\",\"datePublished\":\"2025-03-09T20:46:00+00:00\",\"breadcrumb\":{\"@id\":\"https:\\\/\\\/fuentesfidedignas.com.mx\\\/index.php\\\/2025\\\/03\\\/09\\\/posponen-audiencia-de-joaquin-guzman-lopez-quien-entrego-a-el-mayo-en-eu\\\/#breadcrumb\"},\"inLanguage\":\"es\",\"potentialAction\":[{\"@type\":\"ReadAction\",\"target\":[\"https:\\\/\\\/fuentesfidedignas.com.mx\\\/index.php\\\/2025\\\/03\\\/09\\\/posponen-audiencia-de-joaquin-guzman-lopez-quien-entrego-a-el-mayo-en-eu\\\/\"]}]},{\"@type\":\"ImageObject\",\"inLanguage\":\"es\",\"@id\":\"https:\\\/\\\/fuentesfidedignas.com.mx\\\/index.php\\\/2025\\\/03\\\/09\\\/posponen-audiencia-de-joaquin-guzman-lopez-quien-entrego-a-el-mayo-en-eu\\\/#primaryimage\",\"url\":\"https:\\\/\\\/fuentesfidedignas.com.mx\\\/wp-content\\\/uploads\\\/2025\\\/03\\\/Joaquin-Guzman-Lopez.jpg\",\"contentUrl\":\"https:\\\/\\\/fuentesfidedignas.com.mx\\\/wp-content\\\/uploads\\\/2025\\\/03\\\/Joaquin-Guzman-Lopez.jpg\",\"width\":600,\"height\":378},{\"@type\":\"BreadcrumbList\",\"@id\":\"https:\\\/\\\/fuentesfidedignas.com.mx\\\/index.php\\\/2025\\\/03\\\/09\\\/posponen-audiencia-de-joaquin-guzman-lopez-quien-entrego-a-el-mayo-en-eu\\\/#breadcrumb\",\"itemListElement\":[{\"@type\":\"ListItem\",\"position\":1,\"name\":\"Inicio\",\"item\":\"https:\\\/\\\/fuentesfidedignas.com.mx\\\/\"},{\"@type\":\"ListItem\",\"position\":2,\"name\":\"Posponen audiencia de Joaqu\u00edn Guzm\u00e1n L\u00f3pez, quien entreg\u00f3 a &#8216;El Mayo&#8217;, en EU\"}]},{\"@type\":\"WebSite\",\"@id\":\"https:\\\/\\\/fuentesfidedignas.com.mx\\\/#website\",\"url\":\"https:\\\/\\\/fuentesfidedignas.com.mx\\\/\",\"name\":\"Fuentes Fidedignas\",\"description\":\"Otro sitio realizado con WordPress\",\"publisher\":{\"@id\":\"https:\\\/\\\/fuentesfidedignas.com.mx\\\/#organization\"},\"potentialAction\":[{\"@type\":\"SearchAction\",\"target\":{\"@type\":\"EntryPoint\",\"urlTemplate\":\"https:\\\/\\\/fuentesfidedignas.com.mx\\\/?s={search_term_string}\"},\"query-input\":{\"@type\":\"PropertyValueSpecification\",\"valueRequired\":true,\"valueName\":\"search_term_string\"}}],\"inLanguage\":\"es\"},{\"@type\":\"Organization\",\"@id\":\"https:\\\/\\\/fuentesfidedignas.com.mx\\\/#organization\",\"name\":\"Fuentes Fidedignas\",\"url\":\"https:\\\/\\\/fuentesfidedignas.com.mx\\\/\",\"logo\":{\"@type\":\"ImageObject\",\"inLanguage\":\"es\",\"@id\":\"https:\\\/\\\/fuentesfidedignas.com.mx\\\/#\\\/schema\\\/logo\\\/image\\\/\",\"url\":\"https:\\\/\\\/fuentesfidedignas.com.mx\\\/wp-content\\\/uploads\\\/2021\\\/04\\\/logo-retina.png\",\"contentUrl\":\"https:\\\/\\\/fuentesfidedignas.com.mx\\\/wp-content\\\/uploads\\\/2021\\\/04\\\/logo-retina.png\",\"width\":280,\"height\":51,\"caption\":\"Fuentes Fidedignas\"},\"image\":{\"@id\":\"https:\\\/\\\/fuentesfidedignas.com.mx\\\/#\\\/schema\\\/logo\\\/image\\\/\"},\"sameAs\":[\"https:\\\/\\\/www.facebook.com\\\/Fuentes-Fidedignas-368234489921644\",\"https:\\\/\\\/x.com\\\/fidedignas\"]},{\"@type\":\"Person\",\"@id\":\"https:\\\/\\\/fuentesfidedignas.com.mx\\\/#\\\/schema\\\/person\\\/47ec0135738f4b0c7495f06a77a2c976\",\"name\":\"Milenio\",\"image\":{\"@type\":\"ImageObject\",\"inLanguage\":\"es\",\"@id\":\"https:\\\/\\\/secure.gravatar.com\\\/avatar\\\/acabf7b54753e51c2c76457954577c236b3b764789b19879565769739d1e4a75?s=96&d=mm&r=g\",\"url\":\"https:\\\/\\\/secure.gravatar.com\\\/avatar\\\/acabf7b54753e51c2c76457954577c236b3b764789b19879565769739d1e4a75?s=96&d=mm&r=g\",\"contentUrl\":\"https:\\\/\\\/secure.gravatar.com\\\/avatar\\\/acabf7b54753e51c2c76457954577c236b3b764789b19879565769739d1e4a75?s=96&d=mm&r=g\",\"caption\":\"Milenio\"},\"url\":\"https:\\\/\\\/fuentesfidedignas.com.mx\\\/index.php\\\/author\\\/milenio\\\/\"}]}<\/script>\n<!-- \/ Yoast SEO plugin. -->","yoast_head_json":{"title":"Posponen audiencia de Joaqu\u00edn Guzm\u00e1n L\u00f3pez, quien entreg\u00f3 a 'El Mayo', en EU - Fuentes Fidedignas","robots":{"index":"index","follow":"follow","max-snippet":"max-snippet:-1","max-image-preview":"max-image-preview:large","max-video-preview":"max-video-preview:-1"},"canonical":"https:\/\/fuentesfidedignas.com.mx\/index.php\/2025\/03\/09\/posponen-audiencia-de-joaquin-guzman-lopez-quien-entrego-a-el-mayo-en-eu\/","og_locale":"es_MX","og_type":"article","og_title":"Posponen audiencia de Joaqu\u00edn Guzm\u00e1n L\u00f3pez, quien entreg\u00f3 a 'El Mayo', en EU - Fuentes Fidedignas","og_description":"La audiencia fue postergada durante un mes. Las partes est\u00e1n cerca de finiquitar un acuerdo, el cual aplicar\u00eda tambi\u00e9n para Ovidio Guzm\u00e1n. El Departamento de Justicia de los Estados Unidos y la defensa de Joaqu\u00edn Guzm\u00e1n L\u00f3pez, hijo menor de Joaqu\u00edn El Chapo Guzm\u00e1n, acordaron postergar un mes m\u00e1s la audiencia de revisi\u00f3n del proceso [&hellip;]","og_url":"https:\/\/fuentesfidedignas.com.mx\/index.php\/2025\/03\/09\/posponen-audiencia-de-joaquin-guzman-lopez-quien-entrego-a-el-mayo-en-eu\/","og_site_name":"Fuentes Fidedignas","article_publisher":"https:\/\/www.facebook.com\/Fuentes-Fidedignas-368234489921644","article_published_time":"2025-03-09T20:46:00+00:00","og_image":[{"width":600,"height":378,"url":"https:\/\/fuentesfidedignas.com.mx\/wp-content\/uploads\/2025\/03\/Joaquin-Guzman-Lopez.jpg","type":"image\/jpeg"}],"author":"Milenio","twitter_card":"summary_large_image","twitter_creator":"@fidedignas","twitter_site":"@fidedignas","twitter_misc":{"Escrito por":"Milenio","Tiempo de lectura":"4 minutos"},"schema":{"@context":"https:\/\/schema.org","@graph":[{"@type":"Article","@id":"https:\/\/fuentesfidedignas.com.mx\/index.php\/2025\/03\/09\/posponen-audiencia-de-joaquin-guzman-lopez-quien-entrego-a-el-mayo-en-eu\/#article","isPartOf":{"@id":"https:\/\/fuentesfidedignas.com.mx\/index.php\/2025\/03\/09\/posponen-audiencia-de-joaquin-guzman-lopez-quien-entrego-a-el-mayo-en-eu\/"},"author":{"name":"Milenio","@id":"https:\/\/fuentesfidedignas.com.mx\/#\/schema\/person\/47ec0135738f4b0c7495f06a77a2c976"},"headline":"Posponen audiencia de Joaqu\u00edn Guzm\u00e1n L\u00f3pez, quien entreg\u00f3 a &#8216;El Mayo&#8217;, en EU","datePublished":"2025-03-09T20:46:00+00:00","mainEntityOfPage":{"@id":"https:\/\/fuentesfidedignas.com.mx\/index.php\/2025\/03\/09\/posponen-audiencia-de-joaquin-guzman-lopez-quien-entrego-a-el-mayo-en-eu\/"},"wordCount":891,"commentCount":0,"publisher":{"@id":"https:\/\/fuentesfidedignas.com.mx\/#organization"},"image":{"@id":"https:\/\/fuentesfidedignas.com.mx\/index.php\/2025\/03\/09\/posponen-audiencia-de-joaquin-guzman-lopez-quien-entrego-a-el-mayo-en-eu\/#primaryimage"},"thumbnailUrl":"https:\/\/fuentesfidedignas.com.mx\/wp-content\/uploads\/2025\/03\/Joaquin-Guzman-Lopez.jpg","articleSection":["NOTICIAS NACIONALES"],"inLanguage":"es","potentialAction":[{"@type":"CommentAction","name":"Comment","target":["https:\/\/fuentesfidedignas.com.mx\/index.php\/2025\/03\/09\/posponen-audiencia-de-joaquin-guzman-lopez-quien-entrego-a-el-mayo-en-eu\/#respond"]}]},{"@type":"WebPage","@id":"https:\/\/fuentesfidedignas.com.mx\/index.php\/2025\/03\/09\/posponen-audiencia-de-joaquin-guzman-lopez-quien-entrego-a-el-mayo-en-eu\/","url":"https:\/\/fuentesfidedignas.com.mx\/index.php\/2025\/03\/09\/posponen-audiencia-de-joaquin-guzman-lopez-quien-entrego-a-el-mayo-en-eu\/","name":"Posponen audiencia de Joaqu\u00edn Guzm\u00e1n L\u00f3pez, quien entreg\u00f3 a 'El Mayo', en EU - Fuentes Fidedignas","isPartOf":{"@id":"https:\/\/fuentesfidedignas.com.mx\/#website"},"primaryImageOfPage":{"@id":"https:\/\/fuentesfidedignas.com.mx\/index.php\/2025\/03\/09\/posponen-audiencia-de-joaquin-guzman-lopez-quien-entrego-a-el-mayo-en-eu\/#primaryimage"},"image":{"@id":"https:\/\/fuentesfidedignas.com.mx\/index.php\/2025\/03\/09\/posponen-audiencia-de-joaquin-guzman-lopez-quien-entrego-a-el-mayo-en-eu\/#primaryimage"},"thumbnailUrl":"https:\/\/fuentesfidedignas.com.mx\/wp-content\/uploads\/2025\/03\/Joaquin-Guzman-Lopez.jpg","datePublished":"2025-03-09T20:46:00+00:00","breadcrumb":{"@id":"https:\/\/fuentesfidedignas.com.mx\/index.php\/2025\/03\/09\/posponen-audiencia-de-joaquin-guzman-lopez-quien-entrego-a-el-mayo-en-eu\/#breadcrumb"},"inLanguage":"es","potentialAction":[{"@type":"ReadAction","target":["https:\/\/fuentesfidedignas.com.mx\/index.php\/2025\/03\/09\/posponen-audiencia-de-joaquin-guzman-lopez-quien-entrego-a-el-mayo-en-eu\/"]}]},{"@type":"ImageObject","inLanguage":"es","@id":"https:\/\/fuentesfidedignas.com.mx\/index.php\/2025\/03\/09\/posponen-audiencia-de-joaquin-guzman-lopez-quien-entrego-a-el-mayo-en-eu\/#primaryimage","url":"https:\/\/fuentesfidedignas.com.mx\/wp-content\/uploads\/2025\/03\/Joaquin-Guzman-Lopez.jpg","contentUrl":"https:\/\/fuentesfidedignas.com.mx\/wp-content\/uploads\/2025\/03\/Joaquin-Guzman-Lopez.jpg","width":600,"height":378},{"@type":"BreadcrumbList","@id":"https:\/\/fuentesfidedignas.com.mx\/index.php\/2025\/03\/09\/posponen-audiencia-de-joaquin-guzman-lopez-quien-entrego-a-el-mayo-en-eu\/#breadcrumb","itemListElement":[{"@type":"ListItem","position":1,"name":"Inicio","item":"https:\/\/fuentesfidedignas.com.mx\/"},{"@type":"ListItem","position":2,"name":"Posponen audiencia de Joaqu\u00edn Guzm\u00e1n L\u00f3pez, quien entreg\u00f3 a &#8216;El Mayo&#8217;, en EU"}]},{"@type":"WebSite","@id":"https:\/\/fuentesfidedignas.com.mx\/#website","url":"https:\/\/fuentesfidedignas.com.mx\/","name":"Fuentes Fidedignas","description":"Otro sitio realizado con WordPress","publisher":{"@id":"https:\/\/fuentesfidedignas.com.mx\/#organization"},"potentialAction":[{"@type":"SearchAction","target":{"@type":"EntryPoint","urlTemplate":"https:\/\/fuentesfidedignas.com.mx\/?s={search_term_string}"},"query-input":{"@type":"PropertyValueSpecification","valueRequired":true,"valueName":"search_term_string"}}],"inLanguage":"es"},{"@type":"Organization","@id":"https:\/\/fuentesfidedignas.com.mx\/#organization","name":"Fuentes Fidedignas","url":"https:\/\/fuentesfidedignas.com.mx\/","logo":{"@type":"ImageObject","inLanguage":"es","@id":"https:\/\/fuentesfidedignas.com.mx\/#\/schema\/logo\/image\/","url":"https:\/\/fuentesfidedignas.com.mx\/wp-content\/uploads\/2021\/04\/logo-retina.png","contentUrl":"https:\/\/fuentesfidedignas.com.mx\/wp-content\/uploads\/2021\/04\/logo-retina.png","width":280,"height":51,"caption":"Fuentes Fidedignas"},"image":{"@id":"https:\/\/fuentesfidedignas.com.mx\/#\/schema\/logo\/image\/"},"sameAs":["https:\/\/www.facebook.com\/Fuentes-Fidedignas-368234489921644","https:\/\/x.com\/fidedignas"]},{"@type":"Person","@id":"https:\/\/fuentesfidedignas.com.mx\/#\/schema\/person\/47ec0135738f4b0c7495f06a77a2c976","name":"Milenio","image":{"@type":"ImageObject","inLanguage":"es","@id":"https:\/\/secure.gravatar.com\/avatar\/acabf7b54753e51c2c76457954577c236b3b764789b19879565769739d1e4a75?s=96&d=mm&r=g","url":"https:\/\/secure.gravatar.com\/avatar\/acabf7b54753e51c2c76457954577c236b3b764789b19879565769739d1e4a75?s=96&d=mm&r=g","contentUrl":"https:\/\/secure.gravatar.com\/avatar\/acabf7b54753e51c2c76457954577c236b3b764789b19879565769739d1e4a75?s=96&d=mm&r=g","caption":"Milenio"},"url":"https:\/\/fuentesfidedignas.com.mx\/index.php\/author\/milenio\/"}]}},"_links":{"self":[{"href":"https:\/\/fuentesfidedignas.com.mx\/index.php\/wp-json\/wp\/v2\/posts\/103478","targetHints":{"allow":["GET"]}}],"collection":[{"href":"https:\/\/fuentesfidedignas.com.mx\/index.php\/wp-json\/wp\/v2\/posts"}],"about":[{"href":"https:\/\/fuentesfidedignas.com.mx\/index.php\/wp-json\/wp\/v2\/types\/post"}],"author":[{"embeddable":true,"href":"https:\/\/fuentesfidedignas.com.mx\/index.php\/wp-json\/wp\/v2\/users\/9"}],"replies":[{"embeddable":true,"href":"https:\/\/fuentesfidedignas.com.mx\/index.php\/wp-json\/wp\/v2\/comments?post=103478"}],"version-history":[{"count":1,"href":"https:\/\/fuentesfidedignas.com.mx\/index.php\/wp-json\/wp\/v2\/posts\/103478\/revisions"}],"predecessor-version":[{"id":103480,"href":"https:\/\/fuentesfidedignas.com.mx\/index.php\/wp-json\/wp\/v2\/posts\/103478\/revisions\/103480"}],"wp:featuredmedia":[{"embeddable":true,"href":"https:\/\/fuentesfidedignas.com.mx\/index.php\/wp-json\/wp\/v2\/media\/103479"}],"wp:attachment":[{"href":"https:\/\/fuentesfidedignas.com.mx\/index.php\/wp-json\/wp\/v2\/media?parent=103478"}],"wp:term":[{"taxonomy":"category","embeddable":true,"href":"https:\/\/fuentesfidedignas.com.mx\/index.php\/wp-json\/wp\/v2\/categories?post=103478"},{"taxonomy":"post_tag","embeddable":true,"href":"https:\/\/fuentesfidedignas.com.mx\/index.php\/wp-json\/wp\/v2\/tags?post=103478"}],"curies":[{"name":"wp","href":"https:\/\/api.w.org\/{rel}","templated":true}]}}