{"id":103382,"date":"2025-03-07T16:37:24","date_gmt":"2025-03-07T23:37:24","guid":{"rendered":"https:\/\/fuentesfidedignas.com.mx\/?p=103382"},"modified":"2025-03-07T16:37:31","modified_gmt":"2025-03-07T23:37:31","slug":"sentencian-a-el-menchito-a-prision-de-por-vida-en-eu-por-trafico-de-drogas","status":"publish","type":"post","link":"https:\/\/fuentesfidedignas.com.mx\/index.php\/2025\/03\/07\/sentencian-a-el-menchito-a-prision-de-por-vida-en-eu-por-trafico-de-drogas\/","title":{"rendered":"Sentencian a &#8216;El Menchito&#8217; a prisi\u00f3n de por vida en EU por tr\u00e1fico de drogas"},"content":{"rendered":"\n<p><strong><em>El a\u00f1o pasado, varios ex narcotraficantes testificaron en contra del hijo del l\u00edder del CJNG.<\/em><\/strong><\/p>\n\n\n\n<p>El heredero del C\u00e1rtel Jalisco Nueva Generaci\u00f3n estar\u00e1 en prisi\u00f3n por el resto de su vida por tr\u00e1fico de drogas m\u00e1s 30 a\u00f1os por posesi\u00f3n de armas de fuego e instrumentos destructivos.&nbsp;<\/p>\n\n\n\n<p>La jueza Beryl A. Howell determin\u00f3 que Rub\u00e9n Oseguera\u00a0Gonz\u00e1lez, alias <em>El Menchito<\/em>, deber\u00e1 pagar una multa de 6 mil 26 millones d\u00f3lares junto a la sentencia impuesta por haber traficado toneladas de coca\u00edna y metanfetamina desde M\u00e9xico hacia Estados Unidos, y por haber utilizado armas de fuego e instrumentos destructivos para operar su negocio criminal.<\/p>\n\n\n\n<p><strong>\u200b\u00bfQu\u00e9 pas\u00f3 durante la audiencia de sentencia?\u00a0<\/strong><\/p>\n\n\n\n<p>Los abogados de Oseguera hab\u00edan solicitado a la jueza que tomara en cuenta que Oseguera comenz\u00f3 en el c\u00e1rtel cuando era un muchacho de 14 a\u00f1os, con no muchas opciones lejos de acatar lo que su padre, <em>El Mencho,<\/em> ordenaba.<\/p>\n\n\n\n<p>La fiscal\u00eda, por otro lado, asegur\u00f3 que el hombre adem\u00e1s de dirigir una exitosa empresa criminal, llev\u00f3 a cabo diversos actos de violencia contra enemigos, traidores y autoridades por igual.<\/p>\n\n\n\n<p>En septiembre de 2024, Oseguera Gonz\u00e1lez fue sometido a un juicio que dur\u00f3 un par de semanas, donde testificaron ex narcotraficantes, autoridades estadunidenses y autoridades mexicanas, y en donde se coloc\u00f3 al Menchito como el segundo al mando del CJNG, solo por debajo de Nemesio Oseguera Cervantes.<\/p>\n\n\n\n<p><strong>\u00bfQu\u00e9 dijeron los testigos en contra de El Menchito?\u00a0<\/strong><\/p>\n\n\n\n<ul class=\"wp-block-list\">\n<li><strong>\u00d3scar Nava Valencia<\/strong>, <em>El Lobo<\/em>, fue el primer testigo colaborador que la fiscal\u00eda estadunidense. El hombre asegur\u00f3 que conoci\u00f3\u00a0a El Menchito, en 2005, en Guadalajara.\u00a0Seg\u00fan el capo, el hijo de El Mencho comenzaba a relacionarse con el tr\u00e1fico de mariguana, metanfetamina y coca\u00edna inducido por su propio padre.<\/li>\n\n\n\n<li>El segundo en declarar fue<strong> Elpidio Mojarro Ram\u00edrez,<\/strong> <em>El Pilo<\/em>, ex operador del C\u00e1rtel del Milenio y enemigo de los Oseguera.\u00a0El testigo explic\u00f3 que El Menchito lleg\u00f3 a ser parte de un esquema de tr\u00e1fico de coca\u00edna, mariguana y metanfetamina en el CJNG. Y que tambi\u00e9n\u00a0\u00a0manten\u00eda una cercana relaci\u00f3n con su t\u00edo, Abigael Gonz\u00e1lez Valencia, El Cuini.\u00a0<\/li>\n\n\n\n<li><strong>Juan P\u00e9rez,<\/strong> el nombre ficticio con el que testific\u00f3 el ex polic\u00eda federal que particip\u00f3 en el arresto de <em>El Menchito<\/em> record\u00f3 que,\u00a0durante la madrugada del 23 de junio de 2015, se encontraba realizando patrullajes para el mantenimiento de la seguridad junto al Ej\u00e9rcito en Zapopan, Jalisco, cuando les reportaron la presencia de hombres armados, entre ellos el sentenciado.\u00a0<\/li>\n\n\n\n<li><strong>Herminio G\u00f3mez Ancira<\/strong>, <em>El Indio<\/em>, ex director de la polic\u00eda de Villa Purificaci\u00f3n, Jalisco, y guardespaldas del fundador del CJNG, declar\u00f3 que ayud\u00f3 a <em>El Menchito <\/em>a traficar grandes cargamentos de drogas y presenci\u00f3 como soborn\u00f3 a un funcionario del gobierno mexicano conocido como\u00a0Arist\u00f3teles Sandoval.\u00a0<\/li>\n\n\n\n<li>Un ex polic\u00eda federal, con el rostro completamente desfigurado, testific\u00f3 contra El Menchito nueve a\u00f1os despu\u00e9s de haber sido una de las v\u00edctima del helic\u00f3ptero derribado por hombres armados por \u00f3rdenes del hijo del l\u00edder del CJNG.\u00a0\u00a0<\/li>\n\n\n\n<li><strong>Mario Ram\u00edrez Trevi\u00f1o<\/strong>, <em>El Pel\u00f3n o X20<\/em>, asegur\u00f3 que\u00a0conoci\u00f3 a <em>El Menchito <\/em>en prisi\u00f3n, en el Penal Federal de M\u00e1xima Seguridad del Altiplano. Seg\u00fan el capo, el hijo de El Mencho\u00a0le confes\u00f3 que s\u00ed dio la orden de que derribaran el helic\u00f3ptero de las Fuerzas Armadas en 2015.\u00a0<\/li>\n\n\n\n<li>Un ex integrante del C\u00e1rtel de Sinaloa se\u00f1al\u00f3 a <em>El Menchito<\/em> como el segundo al mando del CJNG.\u00a0J<strong>os\u00e9 Antonio Torres Marrufo<\/strong>, <em>El Jaguar<\/em>, coment\u00f3 que, en 2010, tuvo un acercamiento con el CJNG y el sentenciado.\u00a0<\/li>\n\n\n\n<li><strong>Jes\u00fas Contreras Arceo<\/strong>,<em> El Canasto<\/em>, declar\u00f3 que el cintur\u00f3n de lujo para cargadores de pistola encontrado en el lugar donde se cay\u00f3 el helic\u00f3ptero de la Fuerza A\u00e9rea pertenec\u00eda a Rub\u00e9n Oseguera Gonz\u00e1lez.\u00a0Adem\u00e1s, afirm\u00f3 haber visto a El Menchito y a su padre, mientras se escond\u00edan tras el ataque.<\/li>\n<\/ul>\n\n\n\n<p><strong>\u00bfQu\u00e9 se sabe de El Menchito?\u00a0<\/strong><br>Rub\u00e9n Oseguera Gonz\u00e1lez, mejor conocido como El Menchito, es el hijo del l\u00edder del CJNG, y quien hasta antes de su captura era considerado el segundo al mando de la organizaci\u00f3n criminal, encargado del tr\u00e1fico de droga principalmente fuera de M\u00e9xico.<\/p>\n\n\n\n<p><em>El Menchito,<\/em> naci\u00f3 el 14 de febrero de 1990 en San Francisco, California, pero cuenta con nacionalidad mexicana.\u00a0<\/p>\n\n\n\n<p>Pese a las acusaciones en su contra,<em> El Menchito<\/em> qued\u00f3 en libertad hasta en dos ocasiones:\u00a0<\/p>\n\n\n\n<p>La primera detenci\u00f3n de Rub\u00e9n Oseguera Gonz\u00e1lez se dio en 2014, luego de que autoridades mexicanas se encontraran investigando a los principales operadores del CJNG.<\/p>\n\n\n\n<p>En enero de ese a\u00f1o, el hijo de <em>El Mencho<\/em> fue detenido en Zapopan, Guadalajara, tras un operativo en el que particip\u00f3 personal de la entonces Procuradur\u00eda General de la Rep\u00fablica (PGR), Ej\u00e9rcito mexicano, y de la Agencia de Investigaci\u00f3n Criminal (AIM).\u00a0<\/p>\n\n\n\n<p>El entonces encargado de la PGR, Jes\u00fas Murillo Karam, confirm\u00f3 la detenci\u00f3n de Rub\u00e9n Oseguera e inform\u00f3 que previo a su captura, el presunto narcotraficante intent\u00f3 escapar luego de querer sobornar a las autoridades para dejarlo libre.&nbsp;<\/p>\n\n\n\n<p><em>El Menchito<\/em>, fue trasladado al Altiplano y ligado con lavado de dinero, tr\u00e1fico de drogas y posesi\u00f3n ilegal de armas de uso exclusivo militar; sin embargo, en octubre de ese mismo a\u00f1o, fue liberado momentaneamente, ya que tras su salida del penal, personal de la AIM lo volvi\u00f3 a capturar.<\/p>\n\n\n\n<p>Un juez de control lo relacion\u00f3 con cargos de posesi\u00f3n ilegal de armas de fuego, armas de uso exclusivo del Ej\u00e9rcito, uso de recursos de origen il\u00edcito y delitos contra la salud p\u00fablica; aunque a finales del 2014 ser\u00eda puesto en libertad por segunda ocasi\u00f3n.<\/p>\n\n\n\n<p>A mediados del 2015, Rub\u00e9n Oseguera Gonz\u00e1lez volver\u00eda a ser detenido por las autoridades mexicanas en un operativo violento, en el que tambi\u00e9n detuvieron a su cu\u00f1ado Julio Alberto &#8220;N&#8221;.<\/p>\n\n\n\n<p>Sin embargo, nuevamente el capo ser\u00eda puesto en libertad luego de que un juez determinara que no hab\u00eda suficientes pruebas en su contra y que se viol\u00f3&nbsp;el debido proceso durante su detenci\u00f3n.&nbsp;<\/p>\n\n\n\n<p>Aunque como pas\u00f3 en el 2014, una vez que abandon\u00f3 el penal del Altiplano, fue reaprendido por personal de la PGR, quienes ten\u00edan ya una orden formal de aprehensi\u00f3n contra el capo.<\/p>\n","protected":false},"excerpt":{"rendered":"<p>El a\u00f1o pasado, varios ex narcotraficantes testificaron en contra del hijo del l\u00edder del CJNG. El heredero del C\u00e1rtel Jalisco Nueva Generaci\u00f3n estar\u00e1 en prisi\u00f3n por el resto de su vida por tr\u00e1fico de drogas m\u00e1s 30 a\u00f1os por posesi\u00f3n de armas de fuego e instrumentos destructivos.&nbsp; La jueza Beryl A. Howell determin\u00f3 que Rub\u00e9n [&hellip;]<\/p>\n","protected":false},"author":9,"featured_media":90702,"comment_status":"open","ping_status":"open","sticky":false,"template":"","format":"standard","meta":{"tdm_status":"","tdm_grid_status":"","footnotes":""},"categories":[39],"tags":[],"class_list":{"0":"post-103382","1":"post","2":"type-post","3":"status-publish","4":"format-standard","5":"has-post-thumbnail","7":"category-noticias-nacionales"},"yoast_head":"<!-- This site is optimized with the Yoast SEO plugin v27.4 - https:\/\/yoast.com\/product\/yoast-seo-wordpress\/ -->\n<title>Sentencian a &#039;El Menchito&#039; a prisi\u00f3n de por vida en EU por tr\u00e1fico de drogas - Fuentes Fidedignas<\/title>\n<meta name=\"robots\" content=\"index, follow, max-snippet:-1, max-image-preview:large, max-video-preview:-1\" \/>\n<link rel=\"canonical\" href=\"https:\/\/fuentesfidedignas.com.mx\/index.php\/2025\/03\/07\/sentencian-a-el-menchito-a-prision-de-por-vida-en-eu-por-trafico-de-drogas\/\" \/>\n<meta property=\"og:locale\" content=\"es_MX\" \/>\n<meta property=\"og:type\" content=\"article\" \/>\n<meta property=\"og:title\" content=\"Sentencian a &#039;El Menchito&#039; a prisi\u00f3n de por vida en EU por tr\u00e1fico de drogas - Fuentes Fidedignas\" \/>\n<meta property=\"og:description\" content=\"El a\u00f1o pasado, varios ex narcotraficantes testificaron en contra del hijo del l\u00edder del CJNG. El heredero del C\u00e1rtel Jalisco Nueva Generaci\u00f3n estar\u00e1 en prisi\u00f3n por el resto de su vida por tr\u00e1fico de drogas m\u00e1s 30 a\u00f1os por posesi\u00f3n de armas de fuego e instrumentos destructivos.&nbsp; La jueza Beryl A. Howell determin\u00f3 que Rub\u00e9n [&hellip;]\" \/>\n<meta property=\"og:url\" content=\"https:\/\/fuentesfidedignas.com.mx\/index.php\/2025\/03\/07\/sentencian-a-el-menchito-a-prision-de-por-vida-en-eu-por-trafico-de-drogas\/\" \/>\n<meta property=\"og:site_name\" content=\"Fuentes Fidedignas\" \/>\n<meta property=\"article:publisher\" content=\"https:\/\/www.facebook.com\/Fuentes-Fidedignas-368234489921644\" \/>\n<meta property=\"article:published_time\" content=\"2025-03-07T23:37:24+00:00\" \/>\n<meta property=\"article:modified_time\" content=\"2025-03-07T23:37:31+00:00\" \/>\n<meta property=\"og:image\" content=\"https:\/\/fuentesfidedignas.com.mx\/wp-content\/uploads\/2024\/09\/MENCHITO.jpg\" \/>\n\t<meta property=\"og:image:width\" content=\"650\" \/>\n\t<meta property=\"og:image:height\" content=\"362\" \/>\n\t<meta property=\"og:image:type\" content=\"image\/jpeg\" \/>\n<meta name=\"author\" content=\"Milenio\" \/>\n<meta name=\"twitter:card\" content=\"summary_large_image\" \/>\n<meta name=\"twitter:creator\" content=\"@fidedignas\" \/>\n<meta name=\"twitter:site\" content=\"@fidedignas\" \/>\n<meta name=\"twitter:label1\" content=\"Escrito por\" \/>\n\t<meta name=\"twitter:data1\" content=\"Milenio\" \/>\n\t<meta name=\"twitter:label2\" content=\"Tiempo de lectura\" \/>\n\t<meta name=\"twitter:data2\" content=\"5 minutos\" \/>\n<script type=\"application\/ld+json\" class=\"yoast-schema-graph\">{\"@context\":\"https:\\\/\\\/schema.org\",\"@graph\":[{\"@type\":\"Article\",\"@id\":\"https:\\\/\\\/fuentesfidedignas.com.mx\\\/index.php\\\/2025\\\/03\\\/07\\\/sentencian-a-el-menchito-a-prision-de-por-vida-en-eu-por-trafico-de-drogas\\\/#article\",\"isPartOf\":{\"@id\":\"https:\\\/\\\/fuentesfidedignas.com.mx\\\/index.php\\\/2025\\\/03\\\/07\\\/sentencian-a-el-menchito-a-prision-de-por-vida-en-eu-por-trafico-de-drogas\\\/\"},\"author\":{\"name\":\"Milenio\",\"@id\":\"https:\\\/\\\/fuentesfidedignas.com.mx\\\/#\\\/schema\\\/person\\\/47ec0135738f4b0c7495f06a77a2c976\"},\"headline\":\"Sentencian a &#8216;El Menchito&#8217; a prisi\u00f3n de por vida en EU por tr\u00e1fico de drogas\",\"datePublished\":\"2025-03-07T23:37:24+00:00\",\"dateModified\":\"2025-03-07T23:37:31+00:00\",\"mainEntityOfPage\":{\"@id\":\"https:\\\/\\\/fuentesfidedignas.com.mx\\\/index.php\\\/2025\\\/03\\\/07\\\/sentencian-a-el-menchito-a-prision-de-por-vida-en-eu-por-trafico-de-drogas\\\/\"},\"wordCount\":1105,\"commentCount\":0,\"publisher\":{\"@id\":\"https:\\\/\\\/fuentesfidedignas.com.mx\\\/#organization\"},\"image\":{\"@id\":\"https:\\\/\\\/fuentesfidedignas.com.mx\\\/index.php\\\/2025\\\/03\\\/07\\\/sentencian-a-el-menchito-a-prision-de-por-vida-en-eu-por-trafico-de-drogas\\\/#primaryimage\"},\"thumbnailUrl\":\"https:\\\/\\\/fuentesfidedignas.com.mx\\\/wp-content\\\/uploads\\\/2024\\\/09\\\/MENCHITO.jpg\",\"articleSection\":[\"NOTICIAS NACIONALES\"],\"inLanguage\":\"es\",\"potentialAction\":[{\"@type\":\"CommentAction\",\"name\":\"Comment\",\"target\":[\"https:\\\/\\\/fuentesfidedignas.com.mx\\\/index.php\\\/2025\\\/03\\\/07\\\/sentencian-a-el-menchito-a-prision-de-por-vida-en-eu-por-trafico-de-drogas\\\/#respond\"]}]},{\"@type\":\"WebPage\",\"@id\":\"https:\\\/\\\/fuentesfidedignas.com.mx\\\/index.php\\\/2025\\\/03\\\/07\\\/sentencian-a-el-menchito-a-prision-de-por-vida-en-eu-por-trafico-de-drogas\\\/\",\"url\":\"https:\\\/\\\/fuentesfidedignas.com.mx\\\/index.php\\\/2025\\\/03\\\/07\\\/sentencian-a-el-menchito-a-prision-de-por-vida-en-eu-por-trafico-de-drogas\\\/\",\"name\":\"Sentencian a 'El Menchito' a prisi\u00f3n de por vida en EU por tr\u00e1fico de drogas - Fuentes Fidedignas\",\"isPartOf\":{\"@id\":\"https:\\\/\\\/fuentesfidedignas.com.mx\\\/#website\"},\"primaryImageOfPage\":{\"@id\":\"https:\\\/\\\/fuentesfidedignas.com.mx\\\/index.php\\\/2025\\\/03\\\/07\\\/sentencian-a-el-menchito-a-prision-de-por-vida-en-eu-por-trafico-de-drogas\\\/#primaryimage\"},\"image\":{\"@id\":\"https:\\\/\\\/fuentesfidedignas.com.mx\\\/index.php\\\/2025\\\/03\\\/07\\\/sentencian-a-el-menchito-a-prision-de-por-vida-en-eu-por-trafico-de-drogas\\\/#primaryimage\"},\"thumbnailUrl\":\"https:\\\/\\\/fuentesfidedignas.com.mx\\\/wp-content\\\/uploads\\\/2024\\\/09\\\/MENCHITO.jpg\",\"datePublished\":\"2025-03-07T23:37:24+00:00\",\"dateModified\":\"2025-03-07T23:37:31+00:00\",\"breadcrumb\":{\"@id\":\"https:\\\/\\\/fuentesfidedignas.com.mx\\\/index.php\\\/2025\\\/03\\\/07\\\/sentencian-a-el-menchito-a-prision-de-por-vida-en-eu-por-trafico-de-drogas\\\/#breadcrumb\"},\"inLanguage\":\"es\",\"potentialAction\":[{\"@type\":\"ReadAction\",\"target\":[\"https:\\\/\\\/fuentesfidedignas.com.mx\\\/index.php\\\/2025\\\/03\\\/07\\\/sentencian-a-el-menchito-a-prision-de-por-vida-en-eu-por-trafico-de-drogas\\\/\"]}]},{\"@type\":\"ImageObject\",\"inLanguage\":\"es\",\"@id\":\"https:\\\/\\\/fuentesfidedignas.com.mx\\\/index.php\\\/2025\\\/03\\\/07\\\/sentencian-a-el-menchito-a-prision-de-por-vida-en-eu-por-trafico-de-drogas\\\/#primaryimage\",\"url\":\"https:\\\/\\\/fuentesfidedignas.com.mx\\\/wp-content\\\/uploads\\\/2024\\\/09\\\/MENCHITO.jpg\",\"contentUrl\":\"https:\\\/\\\/fuentesfidedignas.com.mx\\\/wp-content\\\/uploads\\\/2024\\\/09\\\/MENCHITO.jpg\",\"width\":650,\"height\":362},{\"@type\":\"BreadcrumbList\",\"@id\":\"https:\\\/\\\/fuentesfidedignas.com.mx\\\/index.php\\\/2025\\\/03\\\/07\\\/sentencian-a-el-menchito-a-prision-de-por-vida-en-eu-por-trafico-de-drogas\\\/#breadcrumb\",\"itemListElement\":[{\"@type\":\"ListItem\",\"position\":1,\"name\":\"Inicio\",\"item\":\"https:\\\/\\\/fuentesfidedignas.com.mx\\\/\"},{\"@type\":\"ListItem\",\"position\":2,\"name\":\"Sentencian a &#8216;El Menchito&#8217; a prisi\u00f3n de por vida en EU por tr\u00e1fico de drogas\"}]},{\"@type\":\"WebSite\",\"@id\":\"https:\\\/\\\/fuentesfidedignas.com.mx\\\/#website\",\"url\":\"https:\\\/\\\/fuentesfidedignas.com.mx\\\/\",\"name\":\"Fuentes Fidedignas\",\"description\":\"Otro sitio realizado con WordPress\",\"publisher\":{\"@id\":\"https:\\\/\\\/fuentesfidedignas.com.mx\\\/#organization\"},\"potentialAction\":[{\"@type\":\"SearchAction\",\"target\":{\"@type\":\"EntryPoint\",\"urlTemplate\":\"https:\\\/\\\/fuentesfidedignas.com.mx\\\/?s={search_term_string}\"},\"query-input\":{\"@type\":\"PropertyValueSpecification\",\"valueRequired\":true,\"valueName\":\"search_term_string\"}}],\"inLanguage\":\"es\"},{\"@type\":\"Organization\",\"@id\":\"https:\\\/\\\/fuentesfidedignas.com.mx\\\/#organization\",\"name\":\"Fuentes Fidedignas\",\"url\":\"https:\\\/\\\/fuentesfidedignas.com.mx\\\/\",\"logo\":{\"@type\":\"ImageObject\",\"inLanguage\":\"es\",\"@id\":\"https:\\\/\\\/fuentesfidedignas.com.mx\\\/#\\\/schema\\\/logo\\\/image\\\/\",\"url\":\"https:\\\/\\\/fuentesfidedignas.com.mx\\\/wp-content\\\/uploads\\\/2021\\\/04\\\/logo-retina.png\",\"contentUrl\":\"https:\\\/\\\/fuentesfidedignas.com.mx\\\/wp-content\\\/uploads\\\/2021\\\/04\\\/logo-retina.png\",\"width\":280,\"height\":51,\"caption\":\"Fuentes Fidedignas\"},\"image\":{\"@id\":\"https:\\\/\\\/fuentesfidedignas.com.mx\\\/#\\\/schema\\\/logo\\\/image\\\/\"},\"sameAs\":[\"https:\\\/\\\/www.facebook.com\\\/Fuentes-Fidedignas-368234489921644\",\"https:\\\/\\\/x.com\\\/fidedignas\"]},{\"@type\":\"Person\",\"@id\":\"https:\\\/\\\/fuentesfidedignas.com.mx\\\/#\\\/schema\\\/person\\\/47ec0135738f4b0c7495f06a77a2c976\",\"name\":\"Milenio\",\"image\":{\"@type\":\"ImageObject\",\"inLanguage\":\"es\",\"@id\":\"https:\\\/\\\/secure.gravatar.com\\\/avatar\\\/acabf7b54753e51c2c76457954577c236b3b764789b19879565769739d1e4a75?s=96&d=mm&r=g\",\"url\":\"https:\\\/\\\/secure.gravatar.com\\\/avatar\\\/acabf7b54753e51c2c76457954577c236b3b764789b19879565769739d1e4a75?s=96&d=mm&r=g\",\"contentUrl\":\"https:\\\/\\\/secure.gravatar.com\\\/avatar\\\/acabf7b54753e51c2c76457954577c236b3b764789b19879565769739d1e4a75?s=96&d=mm&r=g\",\"caption\":\"Milenio\"},\"url\":\"https:\\\/\\\/fuentesfidedignas.com.mx\\\/index.php\\\/author\\\/milenio\\\/\"}]}<\/script>\n<!-- \/ Yoast SEO plugin. -->","yoast_head_json":{"title":"Sentencian a 'El Menchito' a prisi\u00f3n de por vida en EU por tr\u00e1fico de drogas - Fuentes Fidedignas","robots":{"index":"index","follow":"follow","max-snippet":"max-snippet:-1","max-image-preview":"max-image-preview:large","max-video-preview":"max-video-preview:-1"},"canonical":"https:\/\/fuentesfidedignas.com.mx\/index.php\/2025\/03\/07\/sentencian-a-el-menchito-a-prision-de-por-vida-en-eu-por-trafico-de-drogas\/","og_locale":"es_MX","og_type":"article","og_title":"Sentencian a 'El Menchito' a prisi\u00f3n de por vida en EU por tr\u00e1fico de drogas - Fuentes Fidedignas","og_description":"El a\u00f1o pasado, varios ex narcotraficantes testificaron en contra del hijo del l\u00edder del CJNG. El heredero del C\u00e1rtel Jalisco Nueva Generaci\u00f3n estar\u00e1 en prisi\u00f3n por el resto de su vida por tr\u00e1fico de drogas m\u00e1s 30 a\u00f1os por posesi\u00f3n de armas de fuego e instrumentos destructivos.&nbsp; La jueza Beryl A. Howell determin\u00f3 que Rub\u00e9n [&hellip;]","og_url":"https:\/\/fuentesfidedignas.com.mx\/index.php\/2025\/03\/07\/sentencian-a-el-menchito-a-prision-de-por-vida-en-eu-por-trafico-de-drogas\/","og_site_name":"Fuentes Fidedignas","article_publisher":"https:\/\/www.facebook.com\/Fuentes-Fidedignas-368234489921644","article_published_time":"2025-03-07T23:37:24+00:00","article_modified_time":"2025-03-07T23:37:31+00:00","og_image":[{"width":650,"height":362,"url":"https:\/\/fuentesfidedignas.com.mx\/wp-content\/uploads\/2024\/09\/MENCHITO.jpg","type":"image\/jpeg"}],"author":"Milenio","twitter_card":"summary_large_image","twitter_creator":"@fidedignas","twitter_site":"@fidedignas","twitter_misc":{"Escrito por":"Milenio","Tiempo de lectura":"5 minutos"},"schema":{"@context":"https:\/\/schema.org","@graph":[{"@type":"Article","@id":"https:\/\/fuentesfidedignas.com.mx\/index.php\/2025\/03\/07\/sentencian-a-el-menchito-a-prision-de-por-vida-en-eu-por-trafico-de-drogas\/#article","isPartOf":{"@id":"https:\/\/fuentesfidedignas.com.mx\/index.php\/2025\/03\/07\/sentencian-a-el-menchito-a-prision-de-por-vida-en-eu-por-trafico-de-drogas\/"},"author":{"name":"Milenio","@id":"https:\/\/fuentesfidedignas.com.mx\/#\/schema\/person\/47ec0135738f4b0c7495f06a77a2c976"},"headline":"Sentencian a &#8216;El Menchito&#8217; a prisi\u00f3n de por vida en EU por tr\u00e1fico de drogas","datePublished":"2025-03-07T23:37:24+00:00","dateModified":"2025-03-07T23:37:31+00:00","mainEntityOfPage":{"@id":"https:\/\/fuentesfidedignas.com.mx\/index.php\/2025\/03\/07\/sentencian-a-el-menchito-a-prision-de-por-vida-en-eu-por-trafico-de-drogas\/"},"wordCount":1105,"commentCount":0,"publisher":{"@id":"https:\/\/fuentesfidedignas.com.mx\/#organization"},"image":{"@id":"https:\/\/fuentesfidedignas.com.mx\/index.php\/2025\/03\/07\/sentencian-a-el-menchito-a-prision-de-por-vida-en-eu-por-trafico-de-drogas\/#primaryimage"},"thumbnailUrl":"https:\/\/fuentesfidedignas.com.mx\/wp-content\/uploads\/2024\/09\/MENCHITO.jpg","articleSection":["NOTICIAS NACIONALES"],"inLanguage":"es","potentialAction":[{"@type":"CommentAction","name":"Comment","target":["https:\/\/fuentesfidedignas.com.mx\/index.php\/2025\/03\/07\/sentencian-a-el-menchito-a-prision-de-por-vida-en-eu-por-trafico-de-drogas\/#respond"]}]},{"@type":"WebPage","@id":"https:\/\/fuentesfidedignas.com.mx\/index.php\/2025\/03\/07\/sentencian-a-el-menchito-a-prision-de-por-vida-en-eu-por-trafico-de-drogas\/","url":"https:\/\/fuentesfidedignas.com.mx\/index.php\/2025\/03\/07\/sentencian-a-el-menchito-a-prision-de-por-vida-en-eu-por-trafico-de-drogas\/","name":"Sentencian a 'El Menchito' a prisi\u00f3n de por vida en EU por tr\u00e1fico de drogas - Fuentes Fidedignas","isPartOf":{"@id":"https:\/\/fuentesfidedignas.com.mx\/#website"},"primaryImageOfPage":{"@id":"https:\/\/fuentesfidedignas.com.mx\/index.php\/2025\/03\/07\/sentencian-a-el-menchito-a-prision-de-por-vida-en-eu-por-trafico-de-drogas\/#primaryimage"},"image":{"@id":"https:\/\/fuentesfidedignas.com.mx\/index.php\/2025\/03\/07\/sentencian-a-el-menchito-a-prision-de-por-vida-en-eu-por-trafico-de-drogas\/#primaryimage"},"thumbnailUrl":"https:\/\/fuentesfidedignas.com.mx\/wp-content\/uploads\/2024\/09\/MENCHITO.jpg","datePublished":"2025-03-07T23:37:24+00:00","dateModified":"2025-03-07T23:37:31+00:00","breadcrumb":{"@id":"https:\/\/fuentesfidedignas.com.mx\/index.php\/2025\/03\/07\/sentencian-a-el-menchito-a-prision-de-por-vida-en-eu-por-trafico-de-drogas\/#breadcrumb"},"inLanguage":"es","potentialAction":[{"@type":"ReadAction","target":["https:\/\/fuentesfidedignas.com.mx\/index.php\/2025\/03\/07\/sentencian-a-el-menchito-a-prision-de-por-vida-en-eu-por-trafico-de-drogas\/"]}]},{"@type":"ImageObject","inLanguage":"es","@id":"https:\/\/fuentesfidedignas.com.mx\/index.php\/2025\/03\/07\/sentencian-a-el-menchito-a-prision-de-por-vida-en-eu-por-trafico-de-drogas\/#primaryimage","url":"https:\/\/fuentesfidedignas.com.mx\/wp-content\/uploads\/2024\/09\/MENCHITO.jpg","contentUrl":"https:\/\/fuentesfidedignas.com.mx\/wp-content\/uploads\/2024\/09\/MENCHITO.jpg","width":650,"height":362},{"@type":"BreadcrumbList","@id":"https:\/\/fuentesfidedignas.com.mx\/index.php\/2025\/03\/07\/sentencian-a-el-menchito-a-prision-de-por-vida-en-eu-por-trafico-de-drogas\/#breadcrumb","itemListElement":[{"@type":"ListItem","position":1,"name":"Inicio","item":"https:\/\/fuentesfidedignas.com.mx\/"},{"@type":"ListItem","position":2,"name":"Sentencian a &#8216;El Menchito&#8217; a prisi\u00f3n de por vida en EU por tr\u00e1fico de drogas"}]},{"@type":"WebSite","@id":"https:\/\/fuentesfidedignas.com.mx\/#website","url":"https:\/\/fuentesfidedignas.com.mx\/","name":"Fuentes Fidedignas","description":"Otro sitio realizado con WordPress","publisher":{"@id":"https:\/\/fuentesfidedignas.com.mx\/#organization"},"potentialAction":[{"@type":"SearchAction","target":{"@type":"EntryPoint","urlTemplate":"https:\/\/fuentesfidedignas.com.mx\/?s={search_term_string}"},"query-input":{"@type":"PropertyValueSpecification","valueRequired":true,"valueName":"search_term_string"}}],"inLanguage":"es"},{"@type":"Organization","@id":"https:\/\/fuentesfidedignas.com.mx\/#organization","name":"Fuentes Fidedignas","url":"https:\/\/fuentesfidedignas.com.mx\/","logo":{"@type":"ImageObject","inLanguage":"es","@id":"https:\/\/fuentesfidedignas.com.mx\/#\/schema\/logo\/image\/","url":"https:\/\/fuentesfidedignas.com.mx\/wp-content\/uploads\/2021\/04\/logo-retina.png","contentUrl":"https:\/\/fuentesfidedignas.com.mx\/wp-content\/uploads\/2021\/04\/logo-retina.png","width":280,"height":51,"caption":"Fuentes Fidedignas"},"image":{"@id":"https:\/\/fuentesfidedignas.com.mx\/#\/schema\/logo\/image\/"},"sameAs":["https:\/\/www.facebook.com\/Fuentes-Fidedignas-368234489921644","https:\/\/x.com\/fidedignas"]},{"@type":"Person","@id":"https:\/\/fuentesfidedignas.com.mx\/#\/schema\/person\/47ec0135738f4b0c7495f06a77a2c976","name":"Milenio","image":{"@type":"ImageObject","inLanguage":"es","@id":"https:\/\/secure.gravatar.com\/avatar\/acabf7b54753e51c2c76457954577c236b3b764789b19879565769739d1e4a75?s=96&d=mm&r=g","url":"https:\/\/secure.gravatar.com\/avatar\/acabf7b54753e51c2c76457954577c236b3b764789b19879565769739d1e4a75?s=96&d=mm&r=g","contentUrl":"https:\/\/secure.gravatar.com\/avatar\/acabf7b54753e51c2c76457954577c236b3b764789b19879565769739d1e4a75?s=96&d=mm&r=g","caption":"Milenio"},"url":"https:\/\/fuentesfidedignas.com.mx\/index.php\/author\/milenio\/"}]}},"_links":{"self":[{"href":"https:\/\/fuentesfidedignas.com.mx\/index.php\/wp-json\/wp\/v2\/posts\/103382","targetHints":{"allow":["GET"]}}],"collection":[{"href":"https:\/\/fuentesfidedignas.com.mx\/index.php\/wp-json\/wp\/v2\/posts"}],"about":[{"href":"https:\/\/fuentesfidedignas.com.mx\/index.php\/wp-json\/wp\/v2\/types\/post"}],"author":[{"embeddable":true,"href":"https:\/\/fuentesfidedignas.com.mx\/index.php\/wp-json\/wp\/v2\/users\/9"}],"replies":[{"embeddable":true,"href":"https:\/\/fuentesfidedignas.com.mx\/index.php\/wp-json\/wp\/v2\/comments?post=103382"}],"version-history":[{"count":1,"href":"https:\/\/fuentesfidedignas.com.mx\/index.php\/wp-json\/wp\/v2\/posts\/103382\/revisions"}],"predecessor-version":[{"id":103383,"href":"https:\/\/fuentesfidedignas.com.mx\/index.php\/wp-json\/wp\/v2\/posts\/103382\/revisions\/103383"}],"wp:featuredmedia":[{"embeddable":true,"href":"https:\/\/fuentesfidedignas.com.mx\/index.php\/wp-json\/wp\/v2\/media\/90702"}],"wp:attachment":[{"href":"https:\/\/fuentesfidedignas.com.mx\/index.php\/wp-json\/wp\/v2\/media?parent=103382"}],"wp:term":[{"taxonomy":"category","embeddable":true,"href":"https:\/\/fuentesfidedignas.com.mx\/index.php\/wp-json\/wp\/v2\/categories?post=103382"},{"taxonomy":"post_tag","embeddable":true,"href":"https:\/\/fuentesfidedignas.com.mx\/index.php\/wp-json\/wp\/v2\/tags?post=103382"}],"curies":[{"name":"wp","href":"https:\/\/api.w.org\/{rel}","templated":true}]}}