{"id":10329,"date":"2021-08-20T10:02:24","date_gmt":"2021-08-20T17:02:24","guid":{"rendered":"https:\/\/fuentesfidedignas.com.mx\/?p=10329"},"modified":"2021-08-20T10:02:26","modified_gmt":"2021-08-20T17:02:26","slug":"amlo-abrio-la-posibilidad-de-amnistia-a-miguel-angel-felix-gallardo","status":"publish","type":"post","link":"https:\/\/fuentesfidedignas.com.mx\/index.php\/2021\/08\/20\/amlo-abrio-la-posibilidad-de-amnistia-a-miguel-angel-felix-gallardo\/","title":{"rendered":"AMLO abri\u00f3 la posibilidad de amnist\u00eda a Miguel \u00c1ngel F\u00e9lix Gallardo"},"content":{"rendered":"\n<p><br><em><strong>El presidente dijo que el legendario capo F\u00e9lix Gallardo \u2014viejo y enfermo\u2014 podr\u00eda alcanzar el perd\u00f3n<\/strong><\/em><br><br>Ciudad de M\u00e9xico.- Este viernes, la seguridad se convirti\u00f3 en el tema principal de la conferencia matutina que ofrece el presidente Andr\u00e9s Manuel L\u00f3pez Obrador, quien fue cuestionado sobre el comentario que el legendario capo mexicano, Miguel \u00c1ngel F\u00e9lix Gallardo, el Jefe de jefes hizo sobre \u00e9l.<\/p>\n\n\n\n<p>En entrevista para Telemundo, el pasado martes el fundador del C\u00e1rtel de Guadalajara, dijo que el mandatario federal es un hombre de buena voluntad que esta combatiendo la desigualdad social y dando pensiones.<\/p>\n\n\n\n<p>\u201cLe agradezco mucho sus buenos deseos. Yo tambi\u00e9n quiero que \u00e9l comprenda mi situaci\u00f3n, yo no quiero que sufra nadie, que nadie est\u00e9 en la c\u00e1rcel, yo soy un humanista, estoy formado en la escuela de la no violencia, pero tengo hacer que se cumplan las leyes\u201d, se\u00f1al\u00f3 el presidente.<\/p>\n\n\n\n<p>Ante la pregunta concreta sobre si le otorgar\u00eda la amnist\u00eda al narcotraficante, respondi\u00f3: \u201c\u00c9l (Miguel \u00c1ngel F\u00e9lix Gallardo) por edad por enfermedad ya podr\u00eda salir, pero hay que ver c\u00f3mo se termina de elaborar el decreto de la fiscal\u00eda\u201d.<\/p>\n\n\n\n<p>En un pasado, L\u00f3pez Obrador hab\u00eda planteado un decreto para conceder una amnist\u00eda de los reos de m\u00e1s de 75 a\u00f1os y que padezcan enfermedades. Sin embargo, la medida no inclu\u00eda a aquellos acusados de delitos de narcotr\u00e1fico.<\/p>\n\n\n\n<p>La propuesta del presidente sobre el perd\u00f3n a los grandes capos ha suscitado oleadas de cr\u00edticas por parte de la ciudadan\u00eda y pol\u00edticos. Andr\u00e9s Manuel \u00f3pLez Obrador ha dicho que es una medida que debe tomarse con el consentimiento de los familiares de las v\u00edctimas.<\/p>\n\n\n\n<p>La oposici\u00f3n a argumentado que con la amnist\u00eda se deja de lado el mal que los l\u00edderes criminales le han hecho al pa\u00eds y la gente que se ha muerto por su culpa. Miguel \u00c1ngel F\u00e9lix Gallardo fue sentencia a 27 a\u00f1os de prisi\u00f3n por el asesinato en 1985 del agente encubierto de la DEA, Enrique Kiki Camarena, quien se infiltr\u00f3 en el C\u00e1rtel de Guadalajara para desmantelar la mayor red de tr\u00e1fico de drogas.<\/p>\n\n\n\n<p>El antiguo capo ciego y sordo se\u00f1al\u00f3 en una reciente entrevista que s\u00f3lo espera morir en paz.<\/p>\n\n\n\n<p>Actualmente, M\u00e9xico registra los \u00edndices de violencia m\u00e1s altos de su historia reciente.La titular de la Secretar\u00eda de Seguridad Ciudadana dijo que el delito de homicidio doloso se ha logrado reducir 0.04 por ciento en su periodo mensual, esto respecto al \u00faltimo a\u00f1o de la administraci\u00f3n anterior.<\/p>\n\n\n\n<p>En el acumulado de enero a julio, dijo que lo seis estados que registran el 50 por ciento de las v\u00edctimas de homicidio doloso son Guanajuato, Baja California, Michoac\u00e1n, Jalisco, Estado de M\u00e9xico y Chihuahua.<\/p>\n\n\n\n<p>El pasado 20 de julio dio inicio la estrategia instruida por el presidente de M\u00e9xico de ampliar de 15 a 50 los municipios prioritarios, donde se est\u00e1n realizando acciones localizadas mediante las Mesas de Construcci\u00f3n de Paz,a\u00ed como el fortalecimiento de la inteligencia operativa y la presencia territorial de las Fuerzas Armadas y de seguridad.<\/p>\n","protected":false},"excerpt":{"rendered":"<p>El presidente dijo que el legendario capo F\u00e9lix Gallardo \u2014viejo y enfermo\u2014 podr\u00eda alcanzar el perd\u00f3n Ciudad de M\u00e9xico.- Este viernes, la seguridad se convirti\u00f3 en el tema principal de la conferencia matutina que ofrece el presidente Andr\u00e9s Manuel L\u00f3pez Obrador, quien fue cuestionado sobre el comentario que el legendario capo mexicano, Miguel \u00c1ngel F\u00e9lix [&hellip;]<\/p>\n","protected":false},"author":41,"featured_media":10330,"comment_status":"open","ping_status":"open","sticky":false,"template":"","format":"standard","meta":{"tdm_status":"","tdm_grid_status":"","footnotes":""},"categories":[39],"tags":[],"class_list":{"0":"post-10329","1":"post","2":"type-post","3":"status-publish","4":"format-standard","5":"has-post-thumbnail","7":"category-noticias-nacionales"},"yoast_head":"<!-- This site is optimized with the Yoast SEO plugin v27.5 - https:\/\/yoast.com\/product\/yoast-seo-wordpress\/ -->\n<title>AMLO abri\u00f3 la posibilidad de amnist\u00eda a Miguel \u00c1ngel F\u00e9lix Gallardo - Fuentes Fidedignas<\/title>\n<meta name=\"robots\" content=\"index, follow, max-snippet:-1, max-image-preview:large, max-video-preview:-1\" \/>\n<link rel=\"canonical\" href=\"https:\/\/fuentesfidedignas.com.mx\/index.php\/2021\/08\/20\/amlo-abrio-la-posibilidad-de-amnistia-a-miguel-angel-felix-gallardo\/\" \/>\n<meta property=\"og:locale\" content=\"es_MX\" \/>\n<meta property=\"og:type\" content=\"article\" \/>\n<meta property=\"og:title\" content=\"AMLO abri\u00f3 la posibilidad de amnist\u00eda a Miguel \u00c1ngel F\u00e9lix Gallardo - Fuentes Fidedignas\" \/>\n<meta property=\"og:description\" content=\"El presidente dijo que el legendario capo F\u00e9lix Gallardo \u2014viejo y enfermo\u2014 podr\u00eda alcanzar el perd\u00f3n Ciudad de M\u00e9xico.- Este viernes, la seguridad se convirti\u00f3 en el tema principal de la conferencia matutina que ofrece el presidente Andr\u00e9s Manuel L\u00f3pez Obrador, quien fue cuestionado sobre el comentario que el legendario capo mexicano, Miguel \u00c1ngel F\u00e9lix [&hellip;]\" \/>\n<meta property=\"og:url\" content=\"https:\/\/fuentesfidedignas.com.mx\/index.php\/2021\/08\/20\/amlo-abrio-la-posibilidad-de-amnistia-a-miguel-angel-felix-gallardo\/\" \/>\n<meta property=\"og:site_name\" content=\"Fuentes Fidedignas\" \/>\n<meta property=\"article:publisher\" content=\"https:\/\/www.facebook.com\/Fuentes-Fidedignas-368234489921644\" \/>\n<meta property=\"article:published_time\" content=\"2021-08-20T17:02:24+00:00\" \/>\n<meta property=\"article:modified_time\" content=\"2021-08-20T17:02:26+00:00\" \/>\n<meta property=\"og:image\" content=\"https:\/\/fuentesfidedignas.com.mx\/wp-content\/uploads\/2021\/08\/amlo-felix-gallardo.png\" \/>\n\t<meta property=\"og:image:width\" content=\"799\" \/>\n\t<meta property=\"og:image:height\" content=\"499\" \/>\n\t<meta property=\"og:image:type\" content=\"image\/png\" \/>\n<meta name=\"author\" content=\"Infobae\" \/>\n<meta name=\"twitter:card\" content=\"summary_large_image\" \/>\n<meta name=\"twitter:creator\" content=\"@fidedignas\" \/>\n<meta name=\"twitter:site\" content=\"@fidedignas\" \/>\n<meta name=\"twitter:label1\" content=\"Escrito por\" \/>\n\t<meta name=\"twitter:data1\" content=\"Infobae\" \/>\n\t<meta name=\"twitter:label2\" content=\"Tiempo de lectura\" \/>\n\t<meta name=\"twitter:data2\" content=\"3 minutos\" \/>\n<script type=\"application\/ld+json\" class=\"yoast-schema-graph\">{\"@context\":\"https:\\\/\\\/schema.org\",\"@graph\":[{\"@type\":\"Article\",\"@id\":\"https:\\\/\\\/fuentesfidedignas.com.mx\\\/index.php\\\/2021\\\/08\\\/20\\\/amlo-abrio-la-posibilidad-de-amnistia-a-miguel-angel-felix-gallardo\\\/#article\",\"isPartOf\":{\"@id\":\"https:\\\/\\\/fuentesfidedignas.com.mx\\\/index.php\\\/2021\\\/08\\\/20\\\/amlo-abrio-la-posibilidad-de-amnistia-a-miguel-angel-felix-gallardo\\\/\"},\"author\":{\"name\":\"Infobae\",\"@id\":\"https:\\\/\\\/fuentesfidedignas.com.mx\\\/#\\\/schema\\\/person\\\/8575896a7c1067d352f6c1cd6582c389\"},\"headline\":\"AMLO abri\u00f3 la posibilidad de amnist\u00eda a Miguel \u00c1ngel F\u00e9lix Gallardo\",\"datePublished\":\"2021-08-20T17:02:24+00:00\",\"dateModified\":\"2021-08-20T17:02:26+00:00\",\"mainEntityOfPage\":{\"@id\":\"https:\\\/\\\/fuentesfidedignas.com.mx\\\/index.php\\\/2021\\\/08\\\/20\\\/amlo-abrio-la-posibilidad-de-amnistia-a-miguel-angel-felix-gallardo\\\/\"},\"wordCount\":558,\"commentCount\":0,\"publisher\":{\"@id\":\"https:\\\/\\\/fuentesfidedignas.com.mx\\\/#organization\"},\"image\":{\"@id\":\"https:\\\/\\\/fuentesfidedignas.com.mx\\\/index.php\\\/2021\\\/08\\\/20\\\/amlo-abrio-la-posibilidad-de-amnistia-a-miguel-angel-felix-gallardo\\\/#primaryimage\"},\"thumbnailUrl\":\"https:\\\/\\\/fuentesfidedignas.com.mx\\\/wp-content\\\/uploads\\\/2021\\\/08\\\/amlo-felix-gallardo.png\",\"articleSection\":[\"NOTICIAS NACIONALES\"],\"inLanguage\":\"es\",\"potentialAction\":[{\"@type\":\"CommentAction\",\"name\":\"Comment\",\"target\":[\"https:\\\/\\\/fuentesfidedignas.com.mx\\\/index.php\\\/2021\\\/08\\\/20\\\/amlo-abrio-la-posibilidad-de-amnistia-a-miguel-angel-felix-gallardo\\\/#respond\"]}]},{\"@type\":\"WebPage\",\"@id\":\"https:\\\/\\\/fuentesfidedignas.com.mx\\\/index.php\\\/2021\\\/08\\\/20\\\/amlo-abrio-la-posibilidad-de-amnistia-a-miguel-angel-felix-gallardo\\\/\",\"url\":\"https:\\\/\\\/fuentesfidedignas.com.mx\\\/index.php\\\/2021\\\/08\\\/20\\\/amlo-abrio-la-posibilidad-de-amnistia-a-miguel-angel-felix-gallardo\\\/\",\"name\":\"AMLO abri\u00f3 la posibilidad de amnist\u00eda a Miguel \u00c1ngel F\u00e9lix Gallardo - Fuentes Fidedignas\",\"isPartOf\":{\"@id\":\"https:\\\/\\\/fuentesfidedignas.com.mx\\\/#website\"},\"primaryImageOfPage\":{\"@id\":\"https:\\\/\\\/fuentesfidedignas.com.mx\\\/index.php\\\/2021\\\/08\\\/20\\\/amlo-abrio-la-posibilidad-de-amnistia-a-miguel-angel-felix-gallardo\\\/#primaryimage\"},\"image\":{\"@id\":\"https:\\\/\\\/fuentesfidedignas.com.mx\\\/index.php\\\/2021\\\/08\\\/20\\\/amlo-abrio-la-posibilidad-de-amnistia-a-miguel-angel-felix-gallardo\\\/#primaryimage\"},\"thumbnailUrl\":\"https:\\\/\\\/fuentesfidedignas.com.mx\\\/wp-content\\\/uploads\\\/2021\\\/08\\\/amlo-felix-gallardo.png\",\"datePublished\":\"2021-08-20T17:02:24+00:00\",\"dateModified\":\"2021-08-20T17:02:26+00:00\",\"breadcrumb\":{\"@id\":\"https:\\\/\\\/fuentesfidedignas.com.mx\\\/index.php\\\/2021\\\/08\\\/20\\\/amlo-abrio-la-posibilidad-de-amnistia-a-miguel-angel-felix-gallardo\\\/#breadcrumb\"},\"inLanguage\":\"es\",\"potentialAction\":[{\"@type\":\"ReadAction\",\"target\":[\"https:\\\/\\\/fuentesfidedignas.com.mx\\\/index.php\\\/2021\\\/08\\\/20\\\/amlo-abrio-la-posibilidad-de-amnistia-a-miguel-angel-felix-gallardo\\\/\"]}]},{\"@type\":\"ImageObject\",\"inLanguage\":\"es\",\"@id\":\"https:\\\/\\\/fuentesfidedignas.com.mx\\\/index.php\\\/2021\\\/08\\\/20\\\/amlo-abrio-la-posibilidad-de-amnistia-a-miguel-angel-felix-gallardo\\\/#primaryimage\",\"url\":\"https:\\\/\\\/fuentesfidedignas.com.mx\\\/wp-content\\\/uploads\\\/2021\\\/08\\\/amlo-felix-gallardo.png\",\"contentUrl\":\"https:\\\/\\\/fuentesfidedignas.com.mx\\\/wp-content\\\/uploads\\\/2021\\\/08\\\/amlo-felix-gallardo.png\",\"width\":799,\"height\":499},{\"@type\":\"BreadcrumbList\",\"@id\":\"https:\\\/\\\/fuentesfidedignas.com.mx\\\/index.php\\\/2021\\\/08\\\/20\\\/amlo-abrio-la-posibilidad-de-amnistia-a-miguel-angel-felix-gallardo\\\/#breadcrumb\",\"itemListElement\":[{\"@type\":\"ListItem\",\"position\":1,\"name\":\"Inicio\",\"item\":\"https:\\\/\\\/fuentesfidedignas.com.mx\\\/\"},{\"@type\":\"ListItem\",\"position\":2,\"name\":\"AMLO abri\u00f3 la posibilidad de amnist\u00eda a Miguel \u00c1ngel F\u00e9lix Gallardo\"}]},{\"@type\":\"WebSite\",\"@id\":\"https:\\\/\\\/fuentesfidedignas.com.mx\\\/#website\",\"url\":\"https:\\\/\\\/fuentesfidedignas.com.mx\\\/\",\"name\":\"Fuentes Fidedignas\",\"description\":\"Otro sitio realizado con WordPress\",\"publisher\":{\"@id\":\"https:\\\/\\\/fuentesfidedignas.com.mx\\\/#organization\"},\"potentialAction\":[{\"@type\":\"SearchAction\",\"target\":{\"@type\":\"EntryPoint\",\"urlTemplate\":\"https:\\\/\\\/fuentesfidedignas.com.mx\\\/?s={search_term_string}\"},\"query-input\":{\"@type\":\"PropertyValueSpecification\",\"valueRequired\":true,\"valueName\":\"search_term_string\"}}],\"inLanguage\":\"es\"},{\"@type\":\"Organization\",\"@id\":\"https:\\\/\\\/fuentesfidedignas.com.mx\\\/#organization\",\"name\":\"Fuentes Fidedignas\",\"url\":\"https:\\\/\\\/fuentesfidedignas.com.mx\\\/\",\"logo\":{\"@type\":\"ImageObject\",\"inLanguage\":\"es\",\"@id\":\"https:\\\/\\\/fuentesfidedignas.com.mx\\\/#\\\/schema\\\/logo\\\/image\\\/\",\"url\":\"https:\\\/\\\/fuentesfidedignas.com.mx\\\/wp-content\\\/uploads\\\/2021\\\/04\\\/logo-retina.png\",\"contentUrl\":\"https:\\\/\\\/fuentesfidedignas.com.mx\\\/wp-content\\\/uploads\\\/2021\\\/04\\\/logo-retina.png\",\"width\":280,\"height\":51,\"caption\":\"Fuentes Fidedignas\"},\"image\":{\"@id\":\"https:\\\/\\\/fuentesfidedignas.com.mx\\\/#\\\/schema\\\/logo\\\/image\\\/\"},\"sameAs\":[\"https:\\\/\\\/www.facebook.com\\\/Fuentes-Fidedignas-368234489921644\",\"https:\\\/\\\/x.com\\\/fidedignas\"]},{\"@type\":\"Person\",\"@id\":\"https:\\\/\\\/fuentesfidedignas.com.mx\\\/#\\\/schema\\\/person\\\/8575896a7c1067d352f6c1cd6582c389\",\"name\":\"Infobae\",\"image\":{\"@type\":\"ImageObject\",\"inLanguage\":\"es\",\"@id\":\"https:\\\/\\\/secure.gravatar.com\\\/avatar\\\/e4ec95706f8d1670343f6526fdcec45474bab17475a851434a64ca12b5acba1c?s=96&d=mm&r=g\",\"url\":\"https:\\\/\\\/secure.gravatar.com\\\/avatar\\\/e4ec95706f8d1670343f6526fdcec45474bab17475a851434a64ca12b5acba1c?s=96&d=mm&r=g\",\"contentUrl\":\"https:\\\/\\\/secure.gravatar.com\\\/avatar\\\/e4ec95706f8d1670343f6526fdcec45474bab17475a851434a64ca12b5acba1c?s=96&d=mm&r=g\",\"caption\":\"Infobae\"},\"url\":\"https:\\\/\\\/fuentesfidedignas.com.mx\\\/index.php\\\/author\\\/infobae\\\/\"}]}<\/script>\n<!-- \/ Yoast SEO plugin. -->","yoast_head_json":{"title":"AMLO abri\u00f3 la posibilidad de amnist\u00eda a Miguel \u00c1ngel F\u00e9lix Gallardo - Fuentes Fidedignas","robots":{"index":"index","follow":"follow","max-snippet":"max-snippet:-1","max-image-preview":"max-image-preview:large","max-video-preview":"max-video-preview:-1"},"canonical":"https:\/\/fuentesfidedignas.com.mx\/index.php\/2021\/08\/20\/amlo-abrio-la-posibilidad-de-amnistia-a-miguel-angel-felix-gallardo\/","og_locale":"es_MX","og_type":"article","og_title":"AMLO abri\u00f3 la posibilidad de amnist\u00eda a Miguel \u00c1ngel F\u00e9lix Gallardo - Fuentes Fidedignas","og_description":"El presidente dijo que el legendario capo F\u00e9lix Gallardo \u2014viejo y enfermo\u2014 podr\u00eda alcanzar el perd\u00f3n Ciudad de M\u00e9xico.- Este viernes, la seguridad se convirti\u00f3 en el tema principal de la conferencia matutina que ofrece el presidente Andr\u00e9s Manuel L\u00f3pez Obrador, quien fue cuestionado sobre el comentario que el legendario capo mexicano, Miguel \u00c1ngel F\u00e9lix [&hellip;]","og_url":"https:\/\/fuentesfidedignas.com.mx\/index.php\/2021\/08\/20\/amlo-abrio-la-posibilidad-de-amnistia-a-miguel-angel-felix-gallardo\/","og_site_name":"Fuentes Fidedignas","article_publisher":"https:\/\/www.facebook.com\/Fuentes-Fidedignas-368234489921644","article_published_time":"2021-08-20T17:02:24+00:00","article_modified_time":"2021-08-20T17:02:26+00:00","og_image":[{"width":799,"height":499,"url":"https:\/\/fuentesfidedignas.com.mx\/wp-content\/uploads\/2021\/08\/amlo-felix-gallardo.png","type":"image\/png"}],"author":"Infobae","twitter_card":"summary_large_image","twitter_creator":"@fidedignas","twitter_site":"@fidedignas","twitter_misc":{"Escrito por":"Infobae","Tiempo de lectura":"3 minutos"},"schema":{"@context":"https:\/\/schema.org","@graph":[{"@type":"Article","@id":"https:\/\/fuentesfidedignas.com.mx\/index.php\/2021\/08\/20\/amlo-abrio-la-posibilidad-de-amnistia-a-miguel-angel-felix-gallardo\/#article","isPartOf":{"@id":"https:\/\/fuentesfidedignas.com.mx\/index.php\/2021\/08\/20\/amlo-abrio-la-posibilidad-de-amnistia-a-miguel-angel-felix-gallardo\/"},"author":{"name":"Infobae","@id":"https:\/\/fuentesfidedignas.com.mx\/#\/schema\/person\/8575896a7c1067d352f6c1cd6582c389"},"headline":"AMLO abri\u00f3 la posibilidad de amnist\u00eda a Miguel \u00c1ngel F\u00e9lix Gallardo","datePublished":"2021-08-20T17:02:24+00:00","dateModified":"2021-08-20T17:02:26+00:00","mainEntityOfPage":{"@id":"https:\/\/fuentesfidedignas.com.mx\/index.php\/2021\/08\/20\/amlo-abrio-la-posibilidad-de-amnistia-a-miguel-angel-felix-gallardo\/"},"wordCount":558,"commentCount":0,"publisher":{"@id":"https:\/\/fuentesfidedignas.com.mx\/#organization"},"image":{"@id":"https:\/\/fuentesfidedignas.com.mx\/index.php\/2021\/08\/20\/amlo-abrio-la-posibilidad-de-amnistia-a-miguel-angel-felix-gallardo\/#primaryimage"},"thumbnailUrl":"https:\/\/fuentesfidedignas.com.mx\/wp-content\/uploads\/2021\/08\/amlo-felix-gallardo.png","articleSection":["NOTICIAS NACIONALES"],"inLanguage":"es","potentialAction":[{"@type":"CommentAction","name":"Comment","target":["https:\/\/fuentesfidedignas.com.mx\/index.php\/2021\/08\/20\/amlo-abrio-la-posibilidad-de-amnistia-a-miguel-angel-felix-gallardo\/#respond"]}]},{"@type":"WebPage","@id":"https:\/\/fuentesfidedignas.com.mx\/index.php\/2021\/08\/20\/amlo-abrio-la-posibilidad-de-amnistia-a-miguel-angel-felix-gallardo\/","url":"https:\/\/fuentesfidedignas.com.mx\/index.php\/2021\/08\/20\/amlo-abrio-la-posibilidad-de-amnistia-a-miguel-angel-felix-gallardo\/","name":"AMLO abri\u00f3 la posibilidad de amnist\u00eda a Miguel \u00c1ngel F\u00e9lix Gallardo - Fuentes Fidedignas","isPartOf":{"@id":"https:\/\/fuentesfidedignas.com.mx\/#website"},"primaryImageOfPage":{"@id":"https:\/\/fuentesfidedignas.com.mx\/index.php\/2021\/08\/20\/amlo-abrio-la-posibilidad-de-amnistia-a-miguel-angel-felix-gallardo\/#primaryimage"},"image":{"@id":"https:\/\/fuentesfidedignas.com.mx\/index.php\/2021\/08\/20\/amlo-abrio-la-posibilidad-de-amnistia-a-miguel-angel-felix-gallardo\/#primaryimage"},"thumbnailUrl":"https:\/\/fuentesfidedignas.com.mx\/wp-content\/uploads\/2021\/08\/amlo-felix-gallardo.png","datePublished":"2021-08-20T17:02:24+00:00","dateModified":"2021-08-20T17:02:26+00:00","breadcrumb":{"@id":"https:\/\/fuentesfidedignas.com.mx\/index.php\/2021\/08\/20\/amlo-abrio-la-posibilidad-de-amnistia-a-miguel-angel-felix-gallardo\/#breadcrumb"},"inLanguage":"es","potentialAction":[{"@type":"ReadAction","target":["https:\/\/fuentesfidedignas.com.mx\/index.php\/2021\/08\/20\/amlo-abrio-la-posibilidad-de-amnistia-a-miguel-angel-felix-gallardo\/"]}]},{"@type":"ImageObject","inLanguage":"es","@id":"https:\/\/fuentesfidedignas.com.mx\/index.php\/2021\/08\/20\/amlo-abrio-la-posibilidad-de-amnistia-a-miguel-angel-felix-gallardo\/#primaryimage","url":"https:\/\/fuentesfidedignas.com.mx\/wp-content\/uploads\/2021\/08\/amlo-felix-gallardo.png","contentUrl":"https:\/\/fuentesfidedignas.com.mx\/wp-content\/uploads\/2021\/08\/amlo-felix-gallardo.png","width":799,"height":499},{"@type":"BreadcrumbList","@id":"https:\/\/fuentesfidedignas.com.mx\/index.php\/2021\/08\/20\/amlo-abrio-la-posibilidad-de-amnistia-a-miguel-angel-felix-gallardo\/#breadcrumb","itemListElement":[{"@type":"ListItem","position":1,"name":"Inicio","item":"https:\/\/fuentesfidedignas.com.mx\/"},{"@type":"ListItem","position":2,"name":"AMLO abri\u00f3 la posibilidad de amnist\u00eda a Miguel \u00c1ngel F\u00e9lix Gallardo"}]},{"@type":"WebSite","@id":"https:\/\/fuentesfidedignas.com.mx\/#website","url":"https:\/\/fuentesfidedignas.com.mx\/","name":"Fuentes Fidedignas","description":"Otro sitio realizado con WordPress","publisher":{"@id":"https:\/\/fuentesfidedignas.com.mx\/#organization"},"potentialAction":[{"@type":"SearchAction","target":{"@type":"EntryPoint","urlTemplate":"https:\/\/fuentesfidedignas.com.mx\/?s={search_term_string}"},"query-input":{"@type":"PropertyValueSpecification","valueRequired":true,"valueName":"search_term_string"}}],"inLanguage":"es"},{"@type":"Organization","@id":"https:\/\/fuentesfidedignas.com.mx\/#organization","name":"Fuentes Fidedignas","url":"https:\/\/fuentesfidedignas.com.mx\/","logo":{"@type":"ImageObject","inLanguage":"es","@id":"https:\/\/fuentesfidedignas.com.mx\/#\/schema\/logo\/image\/","url":"https:\/\/fuentesfidedignas.com.mx\/wp-content\/uploads\/2021\/04\/logo-retina.png","contentUrl":"https:\/\/fuentesfidedignas.com.mx\/wp-content\/uploads\/2021\/04\/logo-retina.png","width":280,"height":51,"caption":"Fuentes Fidedignas"},"image":{"@id":"https:\/\/fuentesfidedignas.com.mx\/#\/schema\/logo\/image\/"},"sameAs":["https:\/\/www.facebook.com\/Fuentes-Fidedignas-368234489921644","https:\/\/x.com\/fidedignas"]},{"@type":"Person","@id":"https:\/\/fuentesfidedignas.com.mx\/#\/schema\/person\/8575896a7c1067d352f6c1cd6582c389","name":"Infobae","image":{"@type":"ImageObject","inLanguage":"es","@id":"https:\/\/secure.gravatar.com\/avatar\/e4ec95706f8d1670343f6526fdcec45474bab17475a851434a64ca12b5acba1c?s=96&d=mm&r=g","url":"https:\/\/secure.gravatar.com\/avatar\/e4ec95706f8d1670343f6526fdcec45474bab17475a851434a64ca12b5acba1c?s=96&d=mm&r=g","contentUrl":"https:\/\/secure.gravatar.com\/avatar\/e4ec95706f8d1670343f6526fdcec45474bab17475a851434a64ca12b5acba1c?s=96&d=mm&r=g","caption":"Infobae"},"url":"https:\/\/fuentesfidedignas.com.mx\/index.php\/author\/infobae\/"}]}},"_links":{"self":[{"href":"https:\/\/fuentesfidedignas.com.mx\/index.php\/wp-json\/wp\/v2\/posts\/10329","targetHints":{"allow":["GET"]}}],"collection":[{"href":"https:\/\/fuentesfidedignas.com.mx\/index.php\/wp-json\/wp\/v2\/posts"}],"about":[{"href":"https:\/\/fuentesfidedignas.com.mx\/index.php\/wp-json\/wp\/v2\/types\/post"}],"author":[{"embeddable":true,"href":"https:\/\/fuentesfidedignas.com.mx\/index.php\/wp-json\/wp\/v2\/users\/41"}],"replies":[{"embeddable":true,"href":"https:\/\/fuentesfidedignas.com.mx\/index.php\/wp-json\/wp\/v2\/comments?post=10329"}],"version-history":[{"count":1,"href":"https:\/\/fuentesfidedignas.com.mx\/index.php\/wp-json\/wp\/v2\/posts\/10329\/revisions"}],"predecessor-version":[{"id":10331,"href":"https:\/\/fuentesfidedignas.com.mx\/index.php\/wp-json\/wp\/v2\/posts\/10329\/revisions\/10331"}],"wp:featuredmedia":[{"embeddable":true,"href":"https:\/\/fuentesfidedignas.com.mx\/index.php\/wp-json\/wp\/v2\/media\/10330"}],"wp:attachment":[{"href":"https:\/\/fuentesfidedignas.com.mx\/index.php\/wp-json\/wp\/v2\/media?parent=10329"}],"wp:term":[{"taxonomy":"category","embeddable":true,"href":"https:\/\/fuentesfidedignas.com.mx\/index.php\/wp-json\/wp\/v2\/categories?post=10329"},{"taxonomy":"post_tag","embeddable":true,"href":"https:\/\/fuentesfidedignas.com.mx\/index.php\/wp-json\/wp\/v2\/tags?post=10329"}],"curies":[{"name":"wp","href":"https:\/\/api.w.org\/{rel}","templated":true}]}}