{"id":103256,"date":"2025-03-06T06:26:00","date_gmt":"2025-03-06T13:26:00","guid":{"rendered":"https:\/\/fuentesfidedignas.com.mx\/?p=103256"},"modified":"2025-03-06T13:27:23","modified_gmt":"2025-03-06T20:27:23","slug":"senado-aprueba-reforma-constitucional-para-prohibir-maiz-transgenico","status":"publish","type":"post","link":"https:\/\/fuentesfidedignas.com.mx\/index.php\/2025\/03\/06\/senado-aprueba-reforma-constitucional-para-prohibir-maiz-transgenico\/","title":{"rendered":"Senado aprueba reforma constitucional para prohibir ma\u00edz transg\u00e9nico"},"content":{"rendered":"\n<p><strong><em>El dictamen establece las obligaciones del Estado para fomentar el cultivo, innovaci\u00f3n, investigaci\u00f3n, conservaci\u00f3n y asistencia t\u00e9cnica en el uso de las semillas nativas.<\/em><\/strong><\/p>\n\n\n\n<p>La mayor\u00eda de Morena, PT, PVEM, adem\u00e1s del PRI y Movimiento Ciudadano en el Senado aprobaron por mayor\u00eda calificada la reforma para otorgar rango constitucional al ma\u00edz como alimento b\u00e1sico, sustancial, libre de modificaciones gen\u00e9ticas e identitario de los mexicanos, con 97 votos a favor y 16 en contra de Acci\u00f3n Nacional.<\/p>\n\n\n\n<p>En lo particular, el dictamen fue aprobado con 88 votos a favor y 17 en contra.&nbsp;<\/p>\n\n\n\n<p>El presidente de la Comisi\u00f3n de Puntos Constitucionales del Senado, \u00d3scar Cant\u00f3n Zetina, se\u00f1al\u00f3 que esta reforma evitar\u00e1 que la especulaci\u00f3n y la biotecnolog\u00eda sin regulaciones, provoquen que el acceso a un alimento b\u00e1sico para millones de mexicanos, como es el ma\u00edz, dependa de monopolios extranjeros.&nbsp;<\/p>\n\n\n\n<p>\u201cNo podemos estar comprando afuera, a multimillonarios costos, lo que bien sabemos producir en este pa\u00eds\u201d.<\/p>\n\n\n\n<p>En la presentaci\u00f3n del dictamen, el senador morenista sostuvo que esta reforma \u201cnace de la visi\u00f3n y el compromiso de nuestra presidenta Claudia Sheinbaum Pardo, quien con toda claridad ha se\u00f1alado, el ma\u00edz no es solo un cultivo, es la ra\u00edz de nuestra historia y la base de nuestra soberan\u00eda alimentaria\u201d.<\/p>\n\n\n\n<p>Agreg\u00f3 que se plasma desde el art\u00edculo cuarto constitucional, \u201cque M\u00e9xico es centro de origen y diversidad del ma\u00edz, con ello se pasa de una mera intenci\u00f3n normativa a un blindaje constitucional de impedir modificaciones transg\u00e9nicas de los ma\u00edces nativos\u201d.<\/p>\n\n\n\n<p>Igualmente, en la modificaci\u00f3n al art\u00edculo 27 se refuerza y reitera la obligaci\u00f3n del Estado de fomentar la autosuficiencia alimentaria y prohibir expresamente el cultivo de ma\u00edz gen\u00e9ticamente modificado, garantizando la seguridad agroalimentaria de la naci\u00f3n.<\/p>\n\n\n\n<p>Simey Olvera, presidenta de la Comisi\u00f3n de Estudios Legislativos Primera, record\u00f3 que este dictamen reconoce en la Constituci\u00f3n al&nbsp;ma\u00edz nativo&nbsp;como parte del derecho humano a la alimentaci\u00f3n y como alimento b\u00e1sico sustancial, por ello debe estar libre de modificaciones gen\u00e9ticas.<\/p>\n\n\n\n<p>Adem\u00e1s, se establecen las obligaciones del Estado para fomentar su cultivo, innovaci\u00f3n, investigaci\u00f3n, conservaci\u00f3n y asistencia t\u00e9cnica en el uso de las semillas nativas y que \u00e9stas est\u00e9n libres de modificaciones gen\u00e9ticas.<\/p>\n\n\n\n<p>\u201cLa frase que decimos con mucho orgullo, con mucho coraz\u00f3n, sin ma\u00edz no hay pa\u00eds, hoy se est\u00e1 llevando a la letra de la Constituci\u00f3n, por eso hay que fomentar siempre su cultivo libre\u201d.<\/p>\n\n\n\n<p>A nombre del PAN, la senadora Ivideliza Reyes solicit\u00f3 una moci\u00f3n suspensiva para regresar el dictamen a comisiones al plantear que no se consider\u00f3 en el dictamen para la protecci\u00f3n de semillas h\u00edbridas. Sin embargo, fue rechazada por la mayor\u00eda.<\/p>\n\n\n\n<p>El senador panista, Miguel M\u00e1rquez, tambi\u00e9n insisti\u00f3 en incluir en el texto constitucional la inclusi\u00f3n del ma\u00edz h\u00edbrido.&nbsp;<\/p>\n\n\n\n<p>\u201cMe dicen que est\u00e1 en la exposici\u00f3n de motivos, pero no queremos que quede ambiguo. El ma\u00edz mexicano h\u00edbrido tiene mayor competitividad\u201d.<\/p>\n\n\n\n<p>La priista Mely Romero respald\u00f3 la iniciativa y destac\u00f3 que en M\u00e9xico se consumen 47 millones de toneladas de ma\u00edz amarillo y blanco, sin embargo, \u201clo que este r\u00e9gimen ha hecho es desmantelar el apoyo para sembrarlo\u201d.<\/p>\n\n\n\n<p>\u201cEliminaron m\u00e1s de 60 componentes para incentivar la actividad productiva, por eso es que cada vez se siembra menos ma\u00edz\u201d.<\/p>\n\n\n\n<p>Casi al t\u00e9rmino de la discusi\u00f3n, el morenista F\u00e9lix Salgado critic\u00f3 a los senadores \u201cde las manos finas de seda y bien trajeados\u201d que se dicen campesinos, en alusi\u00f3n al panista y ex gobernador de Guanajuato, Miguel M\u00e1rquez, de quien dijo no tiene las manos callosas, pues es solo empresario del campo.\u00a0<\/p>\n\n\n\n<p>\u201cUsted no es campesino, disc\u00falpeme\u201d, le dijo el guerrerense. En respuesta, el panista lo ret\u00f3 a ver qui\u00e9n maneja mejor el tractor.<\/p>\n\n\n\n<p>El petista Manuel Huerta acus\u00f3 a la oposici\u00f3n que querer la inclusi\u00f3n del ma\u00edz h\u00edbrido era solo un se\u00f1uelo.<\/p>\n\n\n\n<p><strong>\u00bfQu\u00e9 implica la prohibici\u00f3n del ma\u00edz transg\u00e9nico?<\/strong><br>La reforma constitucional aprobada por el pleno del Senado y enviada a los Congresos estatales, establece que el cultivo de ma\u00edz en el territorio nacional debe ser libre de modificaciones gen\u00e9ticas, producidas con t\u00e9cnicas que superen las barreras naturales de la reproducci\u00f3n o la recombinaci\u00f3n.<\/p>\n\n\n\n<p>Tambi\u00e9n se precisa que todo uso del ma\u00edz gen\u00e9ticamente modificado debe ser evaluado para quedar libre de amenazas para la bioseguridad, la salud y el patrimonio biocultural de M\u00e9xico y su poblaci\u00f3n, de tal forma que se priorice la protecci\u00f3n de la biodiversidad, la soberan\u00eda alimentaria y su manejo agroecol\u00f3gico.<\/p>\n","protected":false},"excerpt":{"rendered":"<p>El dictamen establece las obligaciones del Estado para fomentar el cultivo, innovaci\u00f3n, investigaci\u00f3n, conservaci\u00f3n y asistencia t\u00e9cnica en el uso de las semillas nativas. La mayor\u00eda de Morena, PT, PVEM, adem\u00e1s del PRI y Movimiento Ciudadano en el Senado aprobaron por mayor\u00eda calificada la reforma para otorgar rango constitucional al ma\u00edz como alimento b\u00e1sico, sustancial, [&hellip;]<\/p>\n","protected":false},"author":9,"featured_media":103257,"comment_status":"open","ping_status":"open","sticky":false,"template":"","format":"standard","meta":{"tdm_status":"","tdm_grid_status":"","footnotes":""},"categories":[39],"tags":[],"class_list":{"0":"post-103256","1":"post","2":"type-post","3":"status-publish","4":"format-standard","5":"has-post-thumbnail","7":"category-noticias-nacionales"},"yoast_head":"<!-- This site is optimized with the Yoast SEO plugin v27.5 - https:\/\/yoast.com\/product\/yoast-seo-wordpress\/ -->\n<title>Senado aprueba reforma constitucional para prohibir ma\u00edz transg\u00e9nico - Fuentes Fidedignas<\/title>\n<meta name=\"robots\" content=\"index, follow, max-snippet:-1, max-image-preview:large, max-video-preview:-1\" \/>\n<link rel=\"canonical\" href=\"https:\/\/fuentesfidedignas.com.mx\/index.php\/2025\/03\/06\/senado-aprueba-reforma-constitucional-para-prohibir-maiz-transgenico\/\" \/>\n<meta property=\"og:locale\" content=\"es_MX\" \/>\n<meta property=\"og:type\" content=\"article\" \/>\n<meta property=\"og:title\" content=\"Senado aprueba reforma constitucional para prohibir ma\u00edz transg\u00e9nico - Fuentes Fidedignas\" \/>\n<meta property=\"og:description\" content=\"El dictamen establece las obligaciones del Estado para fomentar el cultivo, innovaci\u00f3n, investigaci\u00f3n, conservaci\u00f3n y asistencia t\u00e9cnica en el uso de las semillas nativas. La mayor\u00eda de Morena, PT, PVEM, adem\u00e1s del PRI y Movimiento Ciudadano en el Senado aprobaron por mayor\u00eda calificada la reforma para otorgar rango constitucional al ma\u00edz como alimento b\u00e1sico, sustancial, [&hellip;]\" \/>\n<meta property=\"og:url\" content=\"https:\/\/fuentesfidedignas.com.mx\/index.php\/2025\/03\/06\/senado-aprueba-reforma-constitucional-para-prohibir-maiz-transgenico\/\" \/>\n<meta property=\"og:site_name\" content=\"Fuentes Fidedignas\" \/>\n<meta property=\"article:publisher\" content=\"https:\/\/www.facebook.com\/Fuentes-Fidedignas-368234489921644\" \/>\n<meta property=\"article:published_time\" content=\"2025-03-06T13:26:00+00:00\" \/>\n<meta property=\"article:modified_time\" content=\"2025-03-06T20:27:23+00:00\" \/>\n<meta property=\"og:image\" content=\"https:\/\/fuentesfidedignas.com.mx\/wp-content\/uploads\/2025\/03\/10-MAIZ-TRANSGENICO.jpg\" \/>\n\t<meta property=\"og:image:width\" content=\"600\" \/>\n\t<meta property=\"og:image:height\" content=\"399\" \/>\n\t<meta property=\"og:image:type\" content=\"image\/jpeg\" \/>\n<meta name=\"author\" content=\"Milenio\" \/>\n<meta name=\"twitter:card\" content=\"summary_large_image\" \/>\n<meta name=\"twitter:creator\" content=\"@fidedignas\" \/>\n<meta name=\"twitter:site\" content=\"@fidedignas\" \/>\n<meta name=\"twitter:label1\" content=\"Escrito por\" \/>\n\t<meta name=\"twitter:data1\" content=\"Milenio\" \/>\n\t<meta name=\"twitter:label2\" content=\"Tiempo de lectura\" \/>\n\t<meta name=\"twitter:data2\" content=\"4 minutos\" \/>\n<script type=\"application\/ld+json\" class=\"yoast-schema-graph\">{\"@context\":\"https:\\\/\\\/schema.org\",\"@graph\":[{\"@type\":\"Article\",\"@id\":\"https:\\\/\\\/fuentesfidedignas.com.mx\\\/index.php\\\/2025\\\/03\\\/06\\\/senado-aprueba-reforma-constitucional-para-prohibir-maiz-transgenico\\\/#article\",\"isPartOf\":{\"@id\":\"https:\\\/\\\/fuentesfidedignas.com.mx\\\/index.php\\\/2025\\\/03\\\/06\\\/senado-aprueba-reforma-constitucional-para-prohibir-maiz-transgenico\\\/\"},\"author\":{\"name\":\"Milenio\",\"@id\":\"https:\\\/\\\/fuentesfidedignas.com.mx\\\/#\\\/schema\\\/person\\\/47ec0135738f4b0c7495f06a77a2c976\"},\"headline\":\"Senado aprueba reforma constitucional para prohibir ma\u00edz transg\u00e9nico\",\"datePublished\":\"2025-03-06T13:26:00+00:00\",\"dateModified\":\"2025-03-06T20:27:23+00:00\",\"mainEntityOfPage\":{\"@id\":\"https:\\\/\\\/fuentesfidedignas.com.mx\\\/index.php\\\/2025\\\/03\\\/06\\\/senado-aprueba-reforma-constitucional-para-prohibir-maiz-transgenico\\\/\"},\"wordCount\":828,\"commentCount\":0,\"publisher\":{\"@id\":\"https:\\\/\\\/fuentesfidedignas.com.mx\\\/#organization\"},\"image\":{\"@id\":\"https:\\\/\\\/fuentesfidedignas.com.mx\\\/index.php\\\/2025\\\/03\\\/06\\\/senado-aprueba-reforma-constitucional-para-prohibir-maiz-transgenico\\\/#primaryimage\"},\"thumbnailUrl\":\"https:\\\/\\\/fuentesfidedignas.com.mx\\\/wp-content\\\/uploads\\\/2025\\\/03\\\/10-MAIZ-TRANSGENICO.jpg\",\"articleSection\":[\"NOTICIAS NACIONALES\"],\"inLanguage\":\"es\",\"potentialAction\":[{\"@type\":\"CommentAction\",\"name\":\"Comment\",\"target\":[\"https:\\\/\\\/fuentesfidedignas.com.mx\\\/index.php\\\/2025\\\/03\\\/06\\\/senado-aprueba-reforma-constitucional-para-prohibir-maiz-transgenico\\\/#respond\"]}]},{\"@type\":\"WebPage\",\"@id\":\"https:\\\/\\\/fuentesfidedignas.com.mx\\\/index.php\\\/2025\\\/03\\\/06\\\/senado-aprueba-reforma-constitucional-para-prohibir-maiz-transgenico\\\/\",\"url\":\"https:\\\/\\\/fuentesfidedignas.com.mx\\\/index.php\\\/2025\\\/03\\\/06\\\/senado-aprueba-reforma-constitucional-para-prohibir-maiz-transgenico\\\/\",\"name\":\"Senado aprueba reforma constitucional para prohibir ma\u00edz transg\u00e9nico - Fuentes Fidedignas\",\"isPartOf\":{\"@id\":\"https:\\\/\\\/fuentesfidedignas.com.mx\\\/#website\"},\"primaryImageOfPage\":{\"@id\":\"https:\\\/\\\/fuentesfidedignas.com.mx\\\/index.php\\\/2025\\\/03\\\/06\\\/senado-aprueba-reforma-constitucional-para-prohibir-maiz-transgenico\\\/#primaryimage\"},\"image\":{\"@id\":\"https:\\\/\\\/fuentesfidedignas.com.mx\\\/index.php\\\/2025\\\/03\\\/06\\\/senado-aprueba-reforma-constitucional-para-prohibir-maiz-transgenico\\\/#primaryimage\"},\"thumbnailUrl\":\"https:\\\/\\\/fuentesfidedignas.com.mx\\\/wp-content\\\/uploads\\\/2025\\\/03\\\/10-MAIZ-TRANSGENICO.jpg\",\"datePublished\":\"2025-03-06T13:26:00+00:00\",\"dateModified\":\"2025-03-06T20:27:23+00:00\",\"breadcrumb\":{\"@id\":\"https:\\\/\\\/fuentesfidedignas.com.mx\\\/index.php\\\/2025\\\/03\\\/06\\\/senado-aprueba-reforma-constitucional-para-prohibir-maiz-transgenico\\\/#breadcrumb\"},\"inLanguage\":\"es\",\"potentialAction\":[{\"@type\":\"ReadAction\",\"target\":[\"https:\\\/\\\/fuentesfidedignas.com.mx\\\/index.php\\\/2025\\\/03\\\/06\\\/senado-aprueba-reforma-constitucional-para-prohibir-maiz-transgenico\\\/\"]}]},{\"@type\":\"ImageObject\",\"inLanguage\":\"es\",\"@id\":\"https:\\\/\\\/fuentesfidedignas.com.mx\\\/index.php\\\/2025\\\/03\\\/06\\\/senado-aprueba-reforma-constitucional-para-prohibir-maiz-transgenico\\\/#primaryimage\",\"url\":\"https:\\\/\\\/fuentesfidedignas.com.mx\\\/wp-content\\\/uploads\\\/2025\\\/03\\\/10-MAIZ-TRANSGENICO.jpg\",\"contentUrl\":\"https:\\\/\\\/fuentesfidedignas.com.mx\\\/wp-content\\\/uploads\\\/2025\\\/03\\\/10-MAIZ-TRANSGENICO.jpg\",\"width\":600,\"height\":399},{\"@type\":\"BreadcrumbList\",\"@id\":\"https:\\\/\\\/fuentesfidedignas.com.mx\\\/index.php\\\/2025\\\/03\\\/06\\\/senado-aprueba-reforma-constitucional-para-prohibir-maiz-transgenico\\\/#breadcrumb\",\"itemListElement\":[{\"@type\":\"ListItem\",\"position\":1,\"name\":\"Inicio\",\"item\":\"https:\\\/\\\/fuentesfidedignas.com.mx\\\/\"},{\"@type\":\"ListItem\",\"position\":2,\"name\":\"Senado aprueba reforma constitucional para prohibir ma\u00edz transg\u00e9nico\"}]},{\"@type\":\"WebSite\",\"@id\":\"https:\\\/\\\/fuentesfidedignas.com.mx\\\/#website\",\"url\":\"https:\\\/\\\/fuentesfidedignas.com.mx\\\/\",\"name\":\"Fuentes Fidedignas\",\"description\":\"Otro sitio realizado con WordPress\",\"publisher\":{\"@id\":\"https:\\\/\\\/fuentesfidedignas.com.mx\\\/#organization\"},\"potentialAction\":[{\"@type\":\"SearchAction\",\"target\":{\"@type\":\"EntryPoint\",\"urlTemplate\":\"https:\\\/\\\/fuentesfidedignas.com.mx\\\/?s={search_term_string}\"},\"query-input\":{\"@type\":\"PropertyValueSpecification\",\"valueRequired\":true,\"valueName\":\"search_term_string\"}}],\"inLanguage\":\"es\"},{\"@type\":\"Organization\",\"@id\":\"https:\\\/\\\/fuentesfidedignas.com.mx\\\/#organization\",\"name\":\"Fuentes Fidedignas\",\"url\":\"https:\\\/\\\/fuentesfidedignas.com.mx\\\/\",\"logo\":{\"@type\":\"ImageObject\",\"inLanguage\":\"es\",\"@id\":\"https:\\\/\\\/fuentesfidedignas.com.mx\\\/#\\\/schema\\\/logo\\\/image\\\/\",\"url\":\"https:\\\/\\\/fuentesfidedignas.com.mx\\\/wp-content\\\/uploads\\\/2021\\\/04\\\/logo-retina.png\",\"contentUrl\":\"https:\\\/\\\/fuentesfidedignas.com.mx\\\/wp-content\\\/uploads\\\/2021\\\/04\\\/logo-retina.png\",\"width\":280,\"height\":51,\"caption\":\"Fuentes Fidedignas\"},\"image\":{\"@id\":\"https:\\\/\\\/fuentesfidedignas.com.mx\\\/#\\\/schema\\\/logo\\\/image\\\/\"},\"sameAs\":[\"https:\\\/\\\/www.facebook.com\\\/Fuentes-Fidedignas-368234489921644\",\"https:\\\/\\\/x.com\\\/fidedignas\"]},{\"@type\":\"Person\",\"@id\":\"https:\\\/\\\/fuentesfidedignas.com.mx\\\/#\\\/schema\\\/person\\\/47ec0135738f4b0c7495f06a77a2c976\",\"name\":\"Milenio\",\"image\":{\"@type\":\"ImageObject\",\"inLanguage\":\"es\",\"@id\":\"https:\\\/\\\/secure.gravatar.com\\\/avatar\\\/acabf7b54753e51c2c76457954577c236b3b764789b19879565769739d1e4a75?s=96&d=mm&r=g\",\"url\":\"https:\\\/\\\/secure.gravatar.com\\\/avatar\\\/acabf7b54753e51c2c76457954577c236b3b764789b19879565769739d1e4a75?s=96&d=mm&r=g\",\"contentUrl\":\"https:\\\/\\\/secure.gravatar.com\\\/avatar\\\/acabf7b54753e51c2c76457954577c236b3b764789b19879565769739d1e4a75?s=96&d=mm&r=g\",\"caption\":\"Milenio\"},\"url\":\"https:\\\/\\\/fuentesfidedignas.com.mx\\\/index.php\\\/author\\\/milenio\\\/\"}]}<\/script>\n<!-- \/ Yoast SEO plugin. -->","yoast_head_json":{"title":"Senado aprueba reforma constitucional para prohibir ma\u00edz transg\u00e9nico - Fuentes Fidedignas","robots":{"index":"index","follow":"follow","max-snippet":"max-snippet:-1","max-image-preview":"max-image-preview:large","max-video-preview":"max-video-preview:-1"},"canonical":"https:\/\/fuentesfidedignas.com.mx\/index.php\/2025\/03\/06\/senado-aprueba-reforma-constitucional-para-prohibir-maiz-transgenico\/","og_locale":"es_MX","og_type":"article","og_title":"Senado aprueba reforma constitucional para prohibir ma\u00edz transg\u00e9nico - Fuentes Fidedignas","og_description":"El dictamen establece las obligaciones del Estado para fomentar el cultivo, innovaci\u00f3n, investigaci\u00f3n, conservaci\u00f3n y asistencia t\u00e9cnica en el uso de las semillas nativas. La mayor\u00eda de Morena, PT, PVEM, adem\u00e1s del PRI y Movimiento Ciudadano en el Senado aprobaron por mayor\u00eda calificada la reforma para otorgar rango constitucional al ma\u00edz como alimento b\u00e1sico, sustancial, [&hellip;]","og_url":"https:\/\/fuentesfidedignas.com.mx\/index.php\/2025\/03\/06\/senado-aprueba-reforma-constitucional-para-prohibir-maiz-transgenico\/","og_site_name":"Fuentes Fidedignas","article_publisher":"https:\/\/www.facebook.com\/Fuentes-Fidedignas-368234489921644","article_published_time":"2025-03-06T13:26:00+00:00","article_modified_time":"2025-03-06T20:27:23+00:00","og_image":[{"width":600,"height":399,"url":"https:\/\/fuentesfidedignas.com.mx\/wp-content\/uploads\/2025\/03\/10-MAIZ-TRANSGENICO.jpg","type":"image\/jpeg"}],"author":"Milenio","twitter_card":"summary_large_image","twitter_creator":"@fidedignas","twitter_site":"@fidedignas","twitter_misc":{"Escrito por":"Milenio","Tiempo de lectura":"4 minutos"},"schema":{"@context":"https:\/\/schema.org","@graph":[{"@type":"Article","@id":"https:\/\/fuentesfidedignas.com.mx\/index.php\/2025\/03\/06\/senado-aprueba-reforma-constitucional-para-prohibir-maiz-transgenico\/#article","isPartOf":{"@id":"https:\/\/fuentesfidedignas.com.mx\/index.php\/2025\/03\/06\/senado-aprueba-reforma-constitucional-para-prohibir-maiz-transgenico\/"},"author":{"name":"Milenio","@id":"https:\/\/fuentesfidedignas.com.mx\/#\/schema\/person\/47ec0135738f4b0c7495f06a77a2c976"},"headline":"Senado aprueba reforma constitucional para prohibir ma\u00edz transg\u00e9nico","datePublished":"2025-03-06T13:26:00+00:00","dateModified":"2025-03-06T20:27:23+00:00","mainEntityOfPage":{"@id":"https:\/\/fuentesfidedignas.com.mx\/index.php\/2025\/03\/06\/senado-aprueba-reforma-constitucional-para-prohibir-maiz-transgenico\/"},"wordCount":828,"commentCount":0,"publisher":{"@id":"https:\/\/fuentesfidedignas.com.mx\/#organization"},"image":{"@id":"https:\/\/fuentesfidedignas.com.mx\/index.php\/2025\/03\/06\/senado-aprueba-reforma-constitucional-para-prohibir-maiz-transgenico\/#primaryimage"},"thumbnailUrl":"https:\/\/fuentesfidedignas.com.mx\/wp-content\/uploads\/2025\/03\/10-MAIZ-TRANSGENICO.jpg","articleSection":["NOTICIAS NACIONALES"],"inLanguage":"es","potentialAction":[{"@type":"CommentAction","name":"Comment","target":["https:\/\/fuentesfidedignas.com.mx\/index.php\/2025\/03\/06\/senado-aprueba-reforma-constitucional-para-prohibir-maiz-transgenico\/#respond"]}]},{"@type":"WebPage","@id":"https:\/\/fuentesfidedignas.com.mx\/index.php\/2025\/03\/06\/senado-aprueba-reforma-constitucional-para-prohibir-maiz-transgenico\/","url":"https:\/\/fuentesfidedignas.com.mx\/index.php\/2025\/03\/06\/senado-aprueba-reforma-constitucional-para-prohibir-maiz-transgenico\/","name":"Senado aprueba reforma constitucional para prohibir ma\u00edz transg\u00e9nico - Fuentes Fidedignas","isPartOf":{"@id":"https:\/\/fuentesfidedignas.com.mx\/#website"},"primaryImageOfPage":{"@id":"https:\/\/fuentesfidedignas.com.mx\/index.php\/2025\/03\/06\/senado-aprueba-reforma-constitucional-para-prohibir-maiz-transgenico\/#primaryimage"},"image":{"@id":"https:\/\/fuentesfidedignas.com.mx\/index.php\/2025\/03\/06\/senado-aprueba-reforma-constitucional-para-prohibir-maiz-transgenico\/#primaryimage"},"thumbnailUrl":"https:\/\/fuentesfidedignas.com.mx\/wp-content\/uploads\/2025\/03\/10-MAIZ-TRANSGENICO.jpg","datePublished":"2025-03-06T13:26:00+00:00","dateModified":"2025-03-06T20:27:23+00:00","breadcrumb":{"@id":"https:\/\/fuentesfidedignas.com.mx\/index.php\/2025\/03\/06\/senado-aprueba-reforma-constitucional-para-prohibir-maiz-transgenico\/#breadcrumb"},"inLanguage":"es","potentialAction":[{"@type":"ReadAction","target":["https:\/\/fuentesfidedignas.com.mx\/index.php\/2025\/03\/06\/senado-aprueba-reforma-constitucional-para-prohibir-maiz-transgenico\/"]}]},{"@type":"ImageObject","inLanguage":"es","@id":"https:\/\/fuentesfidedignas.com.mx\/index.php\/2025\/03\/06\/senado-aprueba-reforma-constitucional-para-prohibir-maiz-transgenico\/#primaryimage","url":"https:\/\/fuentesfidedignas.com.mx\/wp-content\/uploads\/2025\/03\/10-MAIZ-TRANSGENICO.jpg","contentUrl":"https:\/\/fuentesfidedignas.com.mx\/wp-content\/uploads\/2025\/03\/10-MAIZ-TRANSGENICO.jpg","width":600,"height":399},{"@type":"BreadcrumbList","@id":"https:\/\/fuentesfidedignas.com.mx\/index.php\/2025\/03\/06\/senado-aprueba-reforma-constitucional-para-prohibir-maiz-transgenico\/#breadcrumb","itemListElement":[{"@type":"ListItem","position":1,"name":"Inicio","item":"https:\/\/fuentesfidedignas.com.mx\/"},{"@type":"ListItem","position":2,"name":"Senado aprueba reforma constitucional para prohibir ma\u00edz transg\u00e9nico"}]},{"@type":"WebSite","@id":"https:\/\/fuentesfidedignas.com.mx\/#website","url":"https:\/\/fuentesfidedignas.com.mx\/","name":"Fuentes Fidedignas","description":"Otro sitio realizado con WordPress","publisher":{"@id":"https:\/\/fuentesfidedignas.com.mx\/#organization"},"potentialAction":[{"@type":"SearchAction","target":{"@type":"EntryPoint","urlTemplate":"https:\/\/fuentesfidedignas.com.mx\/?s={search_term_string}"},"query-input":{"@type":"PropertyValueSpecification","valueRequired":true,"valueName":"search_term_string"}}],"inLanguage":"es"},{"@type":"Organization","@id":"https:\/\/fuentesfidedignas.com.mx\/#organization","name":"Fuentes Fidedignas","url":"https:\/\/fuentesfidedignas.com.mx\/","logo":{"@type":"ImageObject","inLanguage":"es","@id":"https:\/\/fuentesfidedignas.com.mx\/#\/schema\/logo\/image\/","url":"https:\/\/fuentesfidedignas.com.mx\/wp-content\/uploads\/2021\/04\/logo-retina.png","contentUrl":"https:\/\/fuentesfidedignas.com.mx\/wp-content\/uploads\/2021\/04\/logo-retina.png","width":280,"height":51,"caption":"Fuentes Fidedignas"},"image":{"@id":"https:\/\/fuentesfidedignas.com.mx\/#\/schema\/logo\/image\/"},"sameAs":["https:\/\/www.facebook.com\/Fuentes-Fidedignas-368234489921644","https:\/\/x.com\/fidedignas"]},{"@type":"Person","@id":"https:\/\/fuentesfidedignas.com.mx\/#\/schema\/person\/47ec0135738f4b0c7495f06a77a2c976","name":"Milenio","image":{"@type":"ImageObject","inLanguage":"es","@id":"https:\/\/secure.gravatar.com\/avatar\/acabf7b54753e51c2c76457954577c236b3b764789b19879565769739d1e4a75?s=96&d=mm&r=g","url":"https:\/\/secure.gravatar.com\/avatar\/acabf7b54753e51c2c76457954577c236b3b764789b19879565769739d1e4a75?s=96&d=mm&r=g","contentUrl":"https:\/\/secure.gravatar.com\/avatar\/acabf7b54753e51c2c76457954577c236b3b764789b19879565769739d1e4a75?s=96&d=mm&r=g","caption":"Milenio"},"url":"https:\/\/fuentesfidedignas.com.mx\/index.php\/author\/milenio\/"}]}},"_links":{"self":[{"href":"https:\/\/fuentesfidedignas.com.mx\/index.php\/wp-json\/wp\/v2\/posts\/103256","targetHints":{"allow":["GET"]}}],"collection":[{"href":"https:\/\/fuentesfidedignas.com.mx\/index.php\/wp-json\/wp\/v2\/posts"}],"about":[{"href":"https:\/\/fuentesfidedignas.com.mx\/index.php\/wp-json\/wp\/v2\/types\/post"}],"author":[{"embeddable":true,"href":"https:\/\/fuentesfidedignas.com.mx\/index.php\/wp-json\/wp\/v2\/users\/9"}],"replies":[{"embeddable":true,"href":"https:\/\/fuentesfidedignas.com.mx\/index.php\/wp-json\/wp\/v2\/comments?post=103256"}],"version-history":[{"count":2,"href":"https:\/\/fuentesfidedignas.com.mx\/index.php\/wp-json\/wp\/v2\/posts\/103256\/revisions"}],"predecessor-version":[{"id":103260,"href":"https:\/\/fuentesfidedignas.com.mx\/index.php\/wp-json\/wp\/v2\/posts\/103256\/revisions\/103260"}],"wp:featuredmedia":[{"embeddable":true,"href":"https:\/\/fuentesfidedignas.com.mx\/index.php\/wp-json\/wp\/v2\/media\/103257"}],"wp:attachment":[{"href":"https:\/\/fuentesfidedignas.com.mx\/index.php\/wp-json\/wp\/v2\/media?parent=103256"}],"wp:term":[{"taxonomy":"category","embeddable":true,"href":"https:\/\/fuentesfidedignas.com.mx\/index.php\/wp-json\/wp\/v2\/categories?post=103256"},{"taxonomy":"post_tag","embeddable":true,"href":"https:\/\/fuentesfidedignas.com.mx\/index.php\/wp-json\/wp\/v2\/tags?post=103256"}],"curies":[{"name":"wp","href":"https:\/\/api.w.org\/{rel}","templated":true}]}}