{"id":103231,"date":"2025-03-05T17:28:53","date_gmt":"2025-03-06T00:28:53","guid":{"rendered":"https:\/\/fuentesfidedignas.com.mx\/?p=103231"},"modified":"2025-03-05T17:29:00","modified_gmt":"2025-03-06T00:29:00","slug":"violencia-en-colima-deja-cinco-muertos-y-tres-heridos-autoridades-investigan","status":"publish","type":"post","link":"https:\/\/fuentesfidedignas.com.mx\/index.php\/2025\/03\/05\/violencia-en-colima-deja-cinco-muertos-y-tres-heridos-autoridades-investigan\/","title":{"rendered":"Violencia en Colima deja cinco muertos y tres heridos; autoridades investigan"},"content":{"rendered":"\n<p><strong><em>Elementos de seguridad acudieron a los lugares para auxiliar a las personas afectadas y proceder en caso de los decesos registrados.<\/em><\/strong><\/p>\n\n\n\n<p>Seis hechos de violencia en Colima dejaron como resultado varias personas muertas y heridos.<\/p>\n\n\n\n<p>Ante ello, elementos de seguridad acudieron a los lugares para auxiliar a las personas afectadas y proceder en caso de los decesos registrados.<\/p>\n\n\n\n<p><strong>Estos fueron los hechos registrados en Colima:<\/strong><\/p>\n\n\n\n<p><strong>Manzanillo<\/strong><br>La polic\u00eda localiz\u00f3 el cad\u00e1ver de un hombre arriba de un BMW, en una brecha de terracer\u00eda en el Ejido de Marabasco.\u00a0<\/p>\n\n\n\n<p>Otro hombre fue asesinado en la avenida Francisco I. Madero, en el centro de la ciudad.<\/p>\n\n\n\n<p>Otros dos hombres resultaron gravemente lesionados mientras transitaban en una camioneta por la avenida Elias Zamora.<\/p>\n\n\n\n<p><strong>Villa de \u00c1lvarez<\/strong><br>Un hombre fue asesinado y una menor de 16 a\u00f1os result\u00f3 lesionada en la colonia Patria. Otro hombre fue asesinado en la colonia El Cortijo, tambi\u00e9n en\u00a0Villa de \u00c1lvarez.<\/p>\n\n\n\n<p><strong>Comala<\/strong><br>La polic\u00eda localiz\u00f3 un cad\u00e1ver en avanzado estado de descomposici\u00f3n en una brecha rumbo a Paredes.<\/p>\n\n\n\n<p>Ante dichos actos de violencia, las autoridades estatales y municipales han iniciado las investigaciones correspondientes para esclarecer estos hechos y detener a los responsables.\u00a0<\/p>\n","protected":false},"excerpt":{"rendered":"<p>Elementos de seguridad acudieron a los lugares para auxiliar a las personas afectadas y proceder en caso de los decesos registrados. Seis hechos de violencia en Colima dejaron como resultado varias personas muertas y heridos. Ante ello, elementos de seguridad acudieron a los lugares para auxiliar a las personas afectadas y proceder en caso de [&hellip;]<\/p>\n","protected":false},"author":9,"featured_media":103232,"comment_status":"open","ping_status":"open","sticky":false,"template":"","format":"standard","meta":{"tdm_status":"","tdm_grid_status":"","footnotes":""},"categories":[39],"tags":[],"class_list":{"0":"post-103231","1":"post","2":"type-post","3":"status-publish","4":"format-standard","5":"has-post-thumbnail","7":"category-noticias-nacionales"},"yoast_head":"<!-- This site is optimized with the Yoast SEO plugin v27.5 - https:\/\/yoast.com\/product\/yoast-seo-wordpress\/ -->\n<title>Violencia en Colima deja cinco muertos y tres heridos; autoridades investigan - Fuentes Fidedignas<\/title>\n<meta name=\"robots\" content=\"index, follow, max-snippet:-1, max-image-preview:large, max-video-preview:-1\" \/>\n<link rel=\"canonical\" href=\"https:\/\/fuentesfidedignas.com.mx\/index.php\/2025\/03\/05\/violencia-en-colima-deja-cinco-muertos-y-tres-heridos-autoridades-investigan\/\" \/>\n<meta property=\"og:locale\" content=\"es_MX\" \/>\n<meta property=\"og:type\" content=\"article\" \/>\n<meta property=\"og:title\" content=\"Violencia en Colima deja cinco muertos y tres heridos; autoridades investigan - Fuentes Fidedignas\" \/>\n<meta property=\"og:description\" content=\"Elementos de seguridad acudieron a los lugares para auxiliar a las personas afectadas y proceder en caso de los decesos registrados. Seis hechos de violencia en Colima dejaron como resultado varias personas muertas y heridos. Ante ello, elementos de seguridad acudieron a los lugares para auxiliar a las personas afectadas y proceder en caso de [&hellip;]\" \/>\n<meta property=\"og:url\" content=\"https:\/\/fuentesfidedignas.com.mx\/index.php\/2025\/03\/05\/violencia-en-colima-deja-cinco-muertos-y-tres-heridos-autoridades-investigan\/\" \/>\n<meta property=\"og:site_name\" content=\"Fuentes Fidedignas\" \/>\n<meta property=\"article:publisher\" content=\"https:\/\/www.facebook.com\/Fuentes-Fidedignas-368234489921644\" \/>\n<meta property=\"article:published_time\" content=\"2025-03-06T00:28:53+00:00\" \/>\n<meta property=\"article:modified_time\" content=\"2025-03-06T00:29:00+00:00\" \/>\n<meta property=\"og:image\" content=\"https:\/\/fuentesfidedignas.com.mx\/wp-content\/uploads\/2025\/03\/cinta_policia.jpg\" \/>\n\t<meta property=\"og:image:width\" content=\"600\" \/>\n\t<meta property=\"og:image:height\" content=\"339\" \/>\n\t<meta property=\"og:image:type\" content=\"image\/jpeg\" \/>\n<meta name=\"author\" content=\"Milenio\" \/>\n<meta name=\"twitter:card\" content=\"summary_large_image\" \/>\n<meta name=\"twitter:creator\" content=\"@fidedignas\" \/>\n<meta name=\"twitter:site\" content=\"@fidedignas\" \/>\n<meta name=\"twitter:label1\" content=\"Escrito por\" \/>\n\t<meta name=\"twitter:data1\" content=\"Milenio\" \/>\n\t<meta name=\"twitter:label2\" content=\"Tiempo de lectura\" \/>\n\t<meta name=\"twitter:data2\" content=\"2 minutos\" \/>\n<script type=\"application\/ld+json\" class=\"yoast-schema-graph\">{\"@context\":\"https:\\\/\\\/schema.org\",\"@graph\":[{\"@type\":\"Article\",\"@id\":\"https:\\\/\\\/fuentesfidedignas.com.mx\\\/index.php\\\/2025\\\/03\\\/05\\\/violencia-en-colima-deja-cinco-muertos-y-tres-heridos-autoridades-investigan\\\/#article\",\"isPartOf\":{\"@id\":\"https:\\\/\\\/fuentesfidedignas.com.mx\\\/index.php\\\/2025\\\/03\\\/05\\\/violencia-en-colima-deja-cinco-muertos-y-tres-heridos-autoridades-investigan\\\/\"},\"author\":{\"name\":\"Milenio\",\"@id\":\"https:\\\/\\\/fuentesfidedignas.com.mx\\\/#\\\/schema\\\/person\\\/47ec0135738f4b0c7495f06a77a2c976\"},\"headline\":\"Violencia en Colima deja cinco muertos y tres heridos; autoridades investigan\",\"datePublished\":\"2025-03-06T00:28:53+00:00\",\"dateModified\":\"2025-03-06T00:29:00+00:00\",\"mainEntityOfPage\":{\"@id\":\"https:\\\/\\\/fuentesfidedignas.com.mx\\\/index.php\\\/2025\\\/03\\\/05\\\/violencia-en-colima-deja-cinco-muertos-y-tres-heridos-autoridades-investigan\\\/\"},\"wordCount\":212,\"commentCount\":0,\"publisher\":{\"@id\":\"https:\\\/\\\/fuentesfidedignas.com.mx\\\/#organization\"},\"image\":{\"@id\":\"https:\\\/\\\/fuentesfidedignas.com.mx\\\/index.php\\\/2025\\\/03\\\/05\\\/violencia-en-colima-deja-cinco-muertos-y-tres-heridos-autoridades-investigan\\\/#primaryimage\"},\"thumbnailUrl\":\"https:\\\/\\\/fuentesfidedignas.com.mx\\\/wp-content\\\/uploads\\\/2025\\\/03\\\/cinta_policia.jpg\",\"articleSection\":[\"NOTICIAS NACIONALES\"],\"inLanguage\":\"es\",\"potentialAction\":[{\"@type\":\"CommentAction\",\"name\":\"Comment\",\"target\":[\"https:\\\/\\\/fuentesfidedignas.com.mx\\\/index.php\\\/2025\\\/03\\\/05\\\/violencia-en-colima-deja-cinco-muertos-y-tres-heridos-autoridades-investigan\\\/#respond\"]}]},{\"@type\":\"WebPage\",\"@id\":\"https:\\\/\\\/fuentesfidedignas.com.mx\\\/index.php\\\/2025\\\/03\\\/05\\\/violencia-en-colima-deja-cinco-muertos-y-tres-heridos-autoridades-investigan\\\/\",\"url\":\"https:\\\/\\\/fuentesfidedignas.com.mx\\\/index.php\\\/2025\\\/03\\\/05\\\/violencia-en-colima-deja-cinco-muertos-y-tres-heridos-autoridades-investigan\\\/\",\"name\":\"Violencia en Colima deja cinco muertos y tres heridos; autoridades investigan - Fuentes Fidedignas\",\"isPartOf\":{\"@id\":\"https:\\\/\\\/fuentesfidedignas.com.mx\\\/#website\"},\"primaryImageOfPage\":{\"@id\":\"https:\\\/\\\/fuentesfidedignas.com.mx\\\/index.php\\\/2025\\\/03\\\/05\\\/violencia-en-colima-deja-cinco-muertos-y-tres-heridos-autoridades-investigan\\\/#primaryimage\"},\"image\":{\"@id\":\"https:\\\/\\\/fuentesfidedignas.com.mx\\\/index.php\\\/2025\\\/03\\\/05\\\/violencia-en-colima-deja-cinco-muertos-y-tres-heridos-autoridades-investigan\\\/#primaryimage\"},\"thumbnailUrl\":\"https:\\\/\\\/fuentesfidedignas.com.mx\\\/wp-content\\\/uploads\\\/2025\\\/03\\\/cinta_policia.jpg\",\"datePublished\":\"2025-03-06T00:28:53+00:00\",\"dateModified\":\"2025-03-06T00:29:00+00:00\",\"breadcrumb\":{\"@id\":\"https:\\\/\\\/fuentesfidedignas.com.mx\\\/index.php\\\/2025\\\/03\\\/05\\\/violencia-en-colima-deja-cinco-muertos-y-tres-heridos-autoridades-investigan\\\/#breadcrumb\"},\"inLanguage\":\"es\",\"potentialAction\":[{\"@type\":\"ReadAction\",\"target\":[\"https:\\\/\\\/fuentesfidedignas.com.mx\\\/index.php\\\/2025\\\/03\\\/05\\\/violencia-en-colima-deja-cinco-muertos-y-tres-heridos-autoridades-investigan\\\/\"]}]},{\"@type\":\"ImageObject\",\"inLanguage\":\"es\",\"@id\":\"https:\\\/\\\/fuentesfidedignas.com.mx\\\/index.php\\\/2025\\\/03\\\/05\\\/violencia-en-colima-deja-cinco-muertos-y-tres-heridos-autoridades-investigan\\\/#primaryimage\",\"url\":\"https:\\\/\\\/fuentesfidedignas.com.mx\\\/wp-content\\\/uploads\\\/2025\\\/03\\\/cinta_policia.jpg\",\"contentUrl\":\"https:\\\/\\\/fuentesfidedignas.com.mx\\\/wp-content\\\/uploads\\\/2025\\\/03\\\/cinta_policia.jpg\",\"width\":600,\"height\":339},{\"@type\":\"BreadcrumbList\",\"@id\":\"https:\\\/\\\/fuentesfidedignas.com.mx\\\/index.php\\\/2025\\\/03\\\/05\\\/violencia-en-colima-deja-cinco-muertos-y-tres-heridos-autoridades-investigan\\\/#breadcrumb\",\"itemListElement\":[{\"@type\":\"ListItem\",\"position\":1,\"name\":\"Inicio\",\"item\":\"https:\\\/\\\/fuentesfidedignas.com.mx\\\/\"},{\"@type\":\"ListItem\",\"position\":2,\"name\":\"Violencia en Colima deja cinco muertos y tres heridos; autoridades investigan\"}]},{\"@type\":\"WebSite\",\"@id\":\"https:\\\/\\\/fuentesfidedignas.com.mx\\\/#website\",\"url\":\"https:\\\/\\\/fuentesfidedignas.com.mx\\\/\",\"name\":\"Fuentes Fidedignas\",\"description\":\"Otro sitio realizado con WordPress\",\"publisher\":{\"@id\":\"https:\\\/\\\/fuentesfidedignas.com.mx\\\/#organization\"},\"potentialAction\":[{\"@type\":\"SearchAction\",\"target\":{\"@type\":\"EntryPoint\",\"urlTemplate\":\"https:\\\/\\\/fuentesfidedignas.com.mx\\\/?s={search_term_string}\"},\"query-input\":{\"@type\":\"PropertyValueSpecification\",\"valueRequired\":true,\"valueName\":\"search_term_string\"}}],\"inLanguage\":\"es\"},{\"@type\":\"Organization\",\"@id\":\"https:\\\/\\\/fuentesfidedignas.com.mx\\\/#organization\",\"name\":\"Fuentes Fidedignas\",\"url\":\"https:\\\/\\\/fuentesfidedignas.com.mx\\\/\",\"logo\":{\"@type\":\"ImageObject\",\"inLanguage\":\"es\",\"@id\":\"https:\\\/\\\/fuentesfidedignas.com.mx\\\/#\\\/schema\\\/logo\\\/image\\\/\",\"url\":\"https:\\\/\\\/fuentesfidedignas.com.mx\\\/wp-content\\\/uploads\\\/2021\\\/04\\\/logo-retina.png\",\"contentUrl\":\"https:\\\/\\\/fuentesfidedignas.com.mx\\\/wp-content\\\/uploads\\\/2021\\\/04\\\/logo-retina.png\",\"width\":280,\"height\":51,\"caption\":\"Fuentes Fidedignas\"},\"image\":{\"@id\":\"https:\\\/\\\/fuentesfidedignas.com.mx\\\/#\\\/schema\\\/logo\\\/image\\\/\"},\"sameAs\":[\"https:\\\/\\\/www.facebook.com\\\/Fuentes-Fidedignas-368234489921644\",\"https:\\\/\\\/x.com\\\/fidedignas\"]},{\"@type\":\"Person\",\"@id\":\"https:\\\/\\\/fuentesfidedignas.com.mx\\\/#\\\/schema\\\/person\\\/47ec0135738f4b0c7495f06a77a2c976\",\"name\":\"Milenio\",\"image\":{\"@type\":\"ImageObject\",\"inLanguage\":\"es\",\"@id\":\"https:\\\/\\\/secure.gravatar.com\\\/avatar\\\/acabf7b54753e51c2c76457954577c236b3b764789b19879565769739d1e4a75?s=96&d=mm&r=g\",\"url\":\"https:\\\/\\\/secure.gravatar.com\\\/avatar\\\/acabf7b54753e51c2c76457954577c236b3b764789b19879565769739d1e4a75?s=96&d=mm&r=g\",\"contentUrl\":\"https:\\\/\\\/secure.gravatar.com\\\/avatar\\\/acabf7b54753e51c2c76457954577c236b3b764789b19879565769739d1e4a75?s=96&d=mm&r=g\",\"caption\":\"Milenio\"},\"url\":\"https:\\\/\\\/fuentesfidedignas.com.mx\\\/index.php\\\/author\\\/milenio\\\/\"}]}<\/script>\n<!-- \/ Yoast SEO plugin. -->","yoast_head_json":{"title":"Violencia en Colima deja cinco muertos y tres heridos; autoridades investigan - Fuentes Fidedignas","robots":{"index":"index","follow":"follow","max-snippet":"max-snippet:-1","max-image-preview":"max-image-preview:large","max-video-preview":"max-video-preview:-1"},"canonical":"https:\/\/fuentesfidedignas.com.mx\/index.php\/2025\/03\/05\/violencia-en-colima-deja-cinco-muertos-y-tres-heridos-autoridades-investigan\/","og_locale":"es_MX","og_type":"article","og_title":"Violencia en Colima deja cinco muertos y tres heridos; autoridades investigan - Fuentes Fidedignas","og_description":"Elementos de seguridad acudieron a los lugares para auxiliar a las personas afectadas y proceder en caso de los decesos registrados. Seis hechos de violencia en Colima dejaron como resultado varias personas muertas y heridos. Ante ello, elementos de seguridad acudieron a los lugares para auxiliar a las personas afectadas y proceder en caso de [&hellip;]","og_url":"https:\/\/fuentesfidedignas.com.mx\/index.php\/2025\/03\/05\/violencia-en-colima-deja-cinco-muertos-y-tres-heridos-autoridades-investigan\/","og_site_name":"Fuentes Fidedignas","article_publisher":"https:\/\/www.facebook.com\/Fuentes-Fidedignas-368234489921644","article_published_time":"2025-03-06T00:28:53+00:00","article_modified_time":"2025-03-06T00:29:00+00:00","og_image":[{"width":600,"height":339,"url":"https:\/\/fuentesfidedignas.com.mx\/wp-content\/uploads\/2025\/03\/cinta_policia.jpg","type":"image\/jpeg"}],"author":"Milenio","twitter_card":"summary_large_image","twitter_creator":"@fidedignas","twitter_site":"@fidedignas","twitter_misc":{"Escrito por":"Milenio","Tiempo de lectura":"2 minutos"},"schema":{"@context":"https:\/\/schema.org","@graph":[{"@type":"Article","@id":"https:\/\/fuentesfidedignas.com.mx\/index.php\/2025\/03\/05\/violencia-en-colima-deja-cinco-muertos-y-tres-heridos-autoridades-investigan\/#article","isPartOf":{"@id":"https:\/\/fuentesfidedignas.com.mx\/index.php\/2025\/03\/05\/violencia-en-colima-deja-cinco-muertos-y-tres-heridos-autoridades-investigan\/"},"author":{"name":"Milenio","@id":"https:\/\/fuentesfidedignas.com.mx\/#\/schema\/person\/47ec0135738f4b0c7495f06a77a2c976"},"headline":"Violencia en Colima deja cinco muertos y tres heridos; autoridades investigan","datePublished":"2025-03-06T00:28:53+00:00","dateModified":"2025-03-06T00:29:00+00:00","mainEntityOfPage":{"@id":"https:\/\/fuentesfidedignas.com.mx\/index.php\/2025\/03\/05\/violencia-en-colima-deja-cinco-muertos-y-tres-heridos-autoridades-investigan\/"},"wordCount":212,"commentCount":0,"publisher":{"@id":"https:\/\/fuentesfidedignas.com.mx\/#organization"},"image":{"@id":"https:\/\/fuentesfidedignas.com.mx\/index.php\/2025\/03\/05\/violencia-en-colima-deja-cinco-muertos-y-tres-heridos-autoridades-investigan\/#primaryimage"},"thumbnailUrl":"https:\/\/fuentesfidedignas.com.mx\/wp-content\/uploads\/2025\/03\/cinta_policia.jpg","articleSection":["NOTICIAS NACIONALES"],"inLanguage":"es","potentialAction":[{"@type":"CommentAction","name":"Comment","target":["https:\/\/fuentesfidedignas.com.mx\/index.php\/2025\/03\/05\/violencia-en-colima-deja-cinco-muertos-y-tres-heridos-autoridades-investigan\/#respond"]}]},{"@type":"WebPage","@id":"https:\/\/fuentesfidedignas.com.mx\/index.php\/2025\/03\/05\/violencia-en-colima-deja-cinco-muertos-y-tres-heridos-autoridades-investigan\/","url":"https:\/\/fuentesfidedignas.com.mx\/index.php\/2025\/03\/05\/violencia-en-colima-deja-cinco-muertos-y-tres-heridos-autoridades-investigan\/","name":"Violencia en Colima deja cinco muertos y tres heridos; autoridades investigan - Fuentes Fidedignas","isPartOf":{"@id":"https:\/\/fuentesfidedignas.com.mx\/#website"},"primaryImageOfPage":{"@id":"https:\/\/fuentesfidedignas.com.mx\/index.php\/2025\/03\/05\/violencia-en-colima-deja-cinco-muertos-y-tres-heridos-autoridades-investigan\/#primaryimage"},"image":{"@id":"https:\/\/fuentesfidedignas.com.mx\/index.php\/2025\/03\/05\/violencia-en-colima-deja-cinco-muertos-y-tres-heridos-autoridades-investigan\/#primaryimage"},"thumbnailUrl":"https:\/\/fuentesfidedignas.com.mx\/wp-content\/uploads\/2025\/03\/cinta_policia.jpg","datePublished":"2025-03-06T00:28:53+00:00","dateModified":"2025-03-06T00:29:00+00:00","breadcrumb":{"@id":"https:\/\/fuentesfidedignas.com.mx\/index.php\/2025\/03\/05\/violencia-en-colima-deja-cinco-muertos-y-tres-heridos-autoridades-investigan\/#breadcrumb"},"inLanguage":"es","potentialAction":[{"@type":"ReadAction","target":["https:\/\/fuentesfidedignas.com.mx\/index.php\/2025\/03\/05\/violencia-en-colima-deja-cinco-muertos-y-tres-heridos-autoridades-investigan\/"]}]},{"@type":"ImageObject","inLanguage":"es","@id":"https:\/\/fuentesfidedignas.com.mx\/index.php\/2025\/03\/05\/violencia-en-colima-deja-cinco-muertos-y-tres-heridos-autoridades-investigan\/#primaryimage","url":"https:\/\/fuentesfidedignas.com.mx\/wp-content\/uploads\/2025\/03\/cinta_policia.jpg","contentUrl":"https:\/\/fuentesfidedignas.com.mx\/wp-content\/uploads\/2025\/03\/cinta_policia.jpg","width":600,"height":339},{"@type":"BreadcrumbList","@id":"https:\/\/fuentesfidedignas.com.mx\/index.php\/2025\/03\/05\/violencia-en-colima-deja-cinco-muertos-y-tres-heridos-autoridades-investigan\/#breadcrumb","itemListElement":[{"@type":"ListItem","position":1,"name":"Inicio","item":"https:\/\/fuentesfidedignas.com.mx\/"},{"@type":"ListItem","position":2,"name":"Violencia en Colima deja cinco muertos y tres heridos; autoridades investigan"}]},{"@type":"WebSite","@id":"https:\/\/fuentesfidedignas.com.mx\/#website","url":"https:\/\/fuentesfidedignas.com.mx\/","name":"Fuentes Fidedignas","description":"Otro sitio realizado con WordPress","publisher":{"@id":"https:\/\/fuentesfidedignas.com.mx\/#organization"},"potentialAction":[{"@type":"SearchAction","target":{"@type":"EntryPoint","urlTemplate":"https:\/\/fuentesfidedignas.com.mx\/?s={search_term_string}"},"query-input":{"@type":"PropertyValueSpecification","valueRequired":true,"valueName":"search_term_string"}}],"inLanguage":"es"},{"@type":"Organization","@id":"https:\/\/fuentesfidedignas.com.mx\/#organization","name":"Fuentes Fidedignas","url":"https:\/\/fuentesfidedignas.com.mx\/","logo":{"@type":"ImageObject","inLanguage":"es","@id":"https:\/\/fuentesfidedignas.com.mx\/#\/schema\/logo\/image\/","url":"https:\/\/fuentesfidedignas.com.mx\/wp-content\/uploads\/2021\/04\/logo-retina.png","contentUrl":"https:\/\/fuentesfidedignas.com.mx\/wp-content\/uploads\/2021\/04\/logo-retina.png","width":280,"height":51,"caption":"Fuentes Fidedignas"},"image":{"@id":"https:\/\/fuentesfidedignas.com.mx\/#\/schema\/logo\/image\/"},"sameAs":["https:\/\/www.facebook.com\/Fuentes-Fidedignas-368234489921644","https:\/\/x.com\/fidedignas"]},{"@type":"Person","@id":"https:\/\/fuentesfidedignas.com.mx\/#\/schema\/person\/47ec0135738f4b0c7495f06a77a2c976","name":"Milenio","image":{"@type":"ImageObject","inLanguage":"es","@id":"https:\/\/secure.gravatar.com\/avatar\/acabf7b54753e51c2c76457954577c236b3b764789b19879565769739d1e4a75?s=96&d=mm&r=g","url":"https:\/\/secure.gravatar.com\/avatar\/acabf7b54753e51c2c76457954577c236b3b764789b19879565769739d1e4a75?s=96&d=mm&r=g","contentUrl":"https:\/\/secure.gravatar.com\/avatar\/acabf7b54753e51c2c76457954577c236b3b764789b19879565769739d1e4a75?s=96&d=mm&r=g","caption":"Milenio"},"url":"https:\/\/fuentesfidedignas.com.mx\/index.php\/author\/milenio\/"}]}},"_links":{"self":[{"href":"https:\/\/fuentesfidedignas.com.mx\/index.php\/wp-json\/wp\/v2\/posts\/103231","targetHints":{"allow":["GET"]}}],"collection":[{"href":"https:\/\/fuentesfidedignas.com.mx\/index.php\/wp-json\/wp\/v2\/posts"}],"about":[{"href":"https:\/\/fuentesfidedignas.com.mx\/index.php\/wp-json\/wp\/v2\/types\/post"}],"author":[{"embeddable":true,"href":"https:\/\/fuentesfidedignas.com.mx\/index.php\/wp-json\/wp\/v2\/users\/9"}],"replies":[{"embeddable":true,"href":"https:\/\/fuentesfidedignas.com.mx\/index.php\/wp-json\/wp\/v2\/comments?post=103231"}],"version-history":[{"count":1,"href":"https:\/\/fuentesfidedignas.com.mx\/index.php\/wp-json\/wp\/v2\/posts\/103231\/revisions"}],"predecessor-version":[{"id":103233,"href":"https:\/\/fuentesfidedignas.com.mx\/index.php\/wp-json\/wp\/v2\/posts\/103231\/revisions\/103233"}],"wp:featuredmedia":[{"embeddable":true,"href":"https:\/\/fuentesfidedignas.com.mx\/index.php\/wp-json\/wp\/v2\/media\/103232"}],"wp:attachment":[{"href":"https:\/\/fuentesfidedignas.com.mx\/index.php\/wp-json\/wp\/v2\/media?parent=103231"}],"wp:term":[{"taxonomy":"category","embeddable":true,"href":"https:\/\/fuentesfidedignas.com.mx\/index.php\/wp-json\/wp\/v2\/categories?post=103231"},{"taxonomy":"post_tag","embeddable":true,"href":"https:\/\/fuentesfidedignas.com.mx\/index.php\/wp-json\/wp\/v2\/tags?post=103231"}],"curies":[{"name":"wp","href":"https:\/\/api.w.org\/{rel}","templated":true}]}}