{"id":103171,"date":"2025-03-05T06:35:00","date_gmt":"2025-03-05T13:35:00","guid":{"rendered":"https:\/\/fuentesfidedignas.com.mx\/?p=103171"},"modified":"2025-03-05T06:57:48","modified_gmt":"2025-03-05T13:57:48","slug":"el-papa-continua-con-fisioterapia-respiratoria-se-le-retira-la-ventilacion-mecanica","status":"publish","type":"post","link":"https:\/\/fuentesfidedignas.com.mx\/index.php\/2025\/03\/05\/el-papa-continua-con-fisioterapia-respiratoria-se-le-retira-la-ventilacion-mecanica\/","title":{"rendered":"El papa contin\u00faa con fisioterapia respiratoria; se le retira la ventilaci\u00f3n mec\u00e1nica"},"content":{"rendered":"\n<p><strong><em>Fuentes del Vaticano detallaron que el papa Francisco puede comer \u201calimentos s\u00f3lidos\u201d y que durmi\u00f3 bien toda la noche<\/em><\/strong><\/p>\n\n\n\n<p>El papa Francisco reanud\u00f3 hoy la fisioterapia respiratoria con la oxigenoterapia de alto flujo, sin ventilaci\u00f3n mec\u00e1nica no invasiva, indicaron fuentes vaticanas, despu\u00e9s de que sus condiciones se mantuvieran \u201cestables\u201d en las \u00faltimas horas tras los dos episodios de insuficiencia respiratoria aguda sufridos el lunes.<\/p>\n\n\n\n<p>Francisco contin\u00faa \u201ccon su tratamiento, la fisioterapia respiratoria\u201d y se le \u201cha retirado la m\u00e1scara de ventilaci\u00f3n mec\u00e1nica\u201d utilizada por la noche \u201cpara usar la oxigenaci\u00f3n de alto flujo\u201d a trav\u00e9s de la c\u00e1nulas nasales, explicaron las fuentes.<\/p>\n\n\n\n<p>El pont\u00edfice, de 88 a\u00f1os y que cumple su vig\u00e9simo d\u00eda internado en el hospital Gemelli de Roma, hab\u00eda retomado la ventilaci\u00f3n mec\u00e1nica no invasiva con una m\u00e1scara tras las crisis del lunes y aunque ayer se le retir\u00f3 durante el d\u00eda, volvi\u00f3 a utilizarla la pasada noche.<\/p>\n\n\n\n<p>Las fuentes, que reiteraron que el papa Francisco puede comer \u201calimentos s\u00f3lidos\u201d, insistieron en que, como se indicaba en el \u00faltimo parte m\u00e9dico, sus condiciones son \u201cestables\u201d, dentro de \u201cun cuadro que sigue siendo complejo con un pron\u00f3stico reservado\u201d.<\/p>\n\n\n\n<p>\u201cEl papa ha dormido bien durante la noche, se ha despertado poco despu\u00e9s de las 8:00 h\u201d, hab\u00eda indicado horas antes el breve comunicado matinal del Vaticano, que dar\u00e1 m\u00e1s detalles sobre su estado en el parte m\u00e9dico diario que se emite sobre las 19:00 h .<\/p>\n\n\n\n<p>En el \u00faltimo bolet\u00edn, la Santa Sede explic\u00f3 que las condiciones cl\u00ednicas del papa se hab\u00edan mantenido \u201cestables\u201d este martes, dentro de un cuadro \u201ccomplejo\u201d, y que no hab\u00eda presentado nuevos episodios de insuficiencia respiratoria ni broncoespasmo\u201d.<\/p>\n\n\n\n<p>Adem\u00e1s, no present\u00f3 fiebre y estuvo \u201cen todo momento consciente, colaborando con las terapias y orientado\u201d.<\/p>\n\n\n\n<p>Durante este martes, Francisco altern\u00f3 la oraci\u00f3n y el reposo -en los d\u00edas anteriores el Vaticano hab\u00eda hecho saber que hab\u00eda trabajado en la firma de algunos documentos y nombramientos- y tambi\u00e9n recibi\u00f3 la Eucarist\u00eda.<\/p>\n\n\n\n<p>Francisco, de 88 a\u00f1os, se encuentra ingresado en el hospital Gemelli de Roma desde el pasado 14 de febrero por una bronquitis con infeccio\u0301n polimicrobiana a la que se sumo\u0301 una neumoni\u0301a bilateral.<\/p>\n\n\n\n<p>Este lunes hab\u00eda sufrido dos duros episodios de insuficiencia respiratoria aguda causados por \u201cuna importante\u201d acumulaci\u00f3n de mucosidad dentro de los bronquios, que le crearon espasmos, por lo que se le practicaron dos broncoscopias, para poder aspirar esas secreciones.<\/p>\n\n\n\n<p>Estos dos crisis se suman a las otras dos que ha tenido Francisco en estos 20 d\u00edas de hospitalizaci\u00f3n: una respiratoria asm\u00e1tica el 22 de febrero y otra \u201caislada\u201d por un broncoespasmo que le caus\u00f3 tambi\u00e9n v\u00f3mito, el 29.<\/p>\n","protected":false},"excerpt":{"rendered":"<p>Fuentes del Vaticano detallaron que el papa Francisco puede comer \u201calimentos s\u00f3lidos\u201d y que durmi\u00f3 bien toda la noche El papa Francisco reanud\u00f3 hoy la fisioterapia respiratoria con la oxigenoterapia de alto flujo, sin ventilaci\u00f3n mec\u00e1nica no invasiva, indicaron fuentes vaticanas, despu\u00e9s de que sus condiciones se mantuvieran \u201cestables\u201d en las \u00faltimas horas tras los [&hellip;]<\/p>\n","protected":false},"author":22,"featured_media":66850,"comment_status":"open","ping_status":"open","sticky":false,"template":"","format":"standard","meta":{"tdm_status":"","tdm_grid_status":"","footnotes":""},"categories":[39],"tags":[],"class_list":{"0":"post-103171","1":"post","2":"type-post","3":"status-publish","4":"format-standard","5":"has-post-thumbnail","7":"category-noticias-nacionales"},"yoast_head":"<!-- This site is optimized with the Yoast SEO plugin v27.5 - https:\/\/yoast.com\/product\/yoast-seo-wordpress\/ -->\n<title>El papa contin\u00faa con fisioterapia respiratoria; se le retira la ventilaci\u00f3n mec\u00e1nica - Fuentes Fidedignas<\/title>\n<meta name=\"robots\" content=\"index, follow, max-snippet:-1, max-image-preview:large, max-video-preview:-1\" \/>\n<link rel=\"canonical\" href=\"https:\/\/fuentesfidedignas.com.mx\/index.php\/2025\/03\/05\/el-papa-continua-con-fisioterapia-respiratoria-se-le-retira-la-ventilacion-mecanica\/\" \/>\n<meta property=\"og:locale\" content=\"es_MX\" \/>\n<meta property=\"og:type\" content=\"article\" \/>\n<meta property=\"og:title\" content=\"El papa contin\u00faa con fisioterapia respiratoria; se le retira la ventilaci\u00f3n mec\u00e1nica - Fuentes Fidedignas\" \/>\n<meta property=\"og:description\" content=\"Fuentes del Vaticano detallaron que el papa Francisco puede comer \u201calimentos s\u00f3lidos\u201d y que durmi\u00f3 bien toda la noche El papa Francisco reanud\u00f3 hoy la fisioterapia respiratoria con la oxigenoterapia de alto flujo, sin ventilaci\u00f3n mec\u00e1nica no invasiva, indicaron fuentes vaticanas, despu\u00e9s de que sus condiciones se mantuvieran \u201cestables\u201d en las \u00faltimas horas tras los [&hellip;]\" \/>\n<meta property=\"og:url\" content=\"https:\/\/fuentesfidedignas.com.mx\/index.php\/2025\/03\/05\/el-papa-continua-con-fisioterapia-respiratoria-se-le-retira-la-ventilacion-mecanica\/\" \/>\n<meta property=\"og:site_name\" content=\"Fuentes Fidedignas\" \/>\n<meta property=\"article:publisher\" content=\"https:\/\/www.facebook.com\/Fuentes-Fidedignas-368234489921644\" \/>\n<meta property=\"article:published_time\" content=\"2025-03-05T13:35:00+00:00\" \/>\n<meta property=\"article:modified_time\" content=\"2025-03-05T13:57:48+00:00\" \/>\n<meta property=\"og:image\" content=\"https:\/\/fuentesfidedignas.com.mx\/wp-content\/uploads\/2023\/11\/PAPA_FRANCISCO_.jpg\" \/>\n\t<meta property=\"og:image:width\" content=\"928\" \/>\n\t<meta property=\"og:image:height\" content=\"522\" \/>\n\t<meta property=\"og:image:type\" content=\"image\/jpeg\" \/>\n<meta name=\"author\" content=\"EFE\" \/>\n<meta name=\"twitter:card\" content=\"summary_large_image\" \/>\n<meta name=\"twitter:creator\" content=\"@fidedignas\" \/>\n<meta name=\"twitter:site\" content=\"@fidedignas\" \/>\n<meta name=\"twitter:label1\" content=\"Escrito por\" \/>\n\t<meta name=\"twitter:data1\" content=\"EFE\" \/>\n\t<meta name=\"twitter:label2\" content=\"Tiempo de lectura\" \/>\n\t<meta name=\"twitter:data2\" content=\"3 minutos\" \/>\n<script type=\"application\/ld+json\" class=\"yoast-schema-graph\">{\"@context\":\"https:\\\/\\\/schema.org\",\"@graph\":[{\"@type\":\"Article\",\"@id\":\"https:\\\/\\\/fuentesfidedignas.com.mx\\\/index.php\\\/2025\\\/03\\\/05\\\/el-papa-continua-con-fisioterapia-respiratoria-se-le-retira-la-ventilacion-mecanica\\\/#article\",\"isPartOf\":{\"@id\":\"https:\\\/\\\/fuentesfidedignas.com.mx\\\/index.php\\\/2025\\\/03\\\/05\\\/el-papa-continua-con-fisioterapia-respiratoria-se-le-retira-la-ventilacion-mecanica\\\/\"},\"author\":{\"name\":\"EFE\",\"@id\":\"https:\\\/\\\/fuentesfidedignas.com.mx\\\/#\\\/schema\\\/person\\\/0d44615087b5a626d5d3f13afe31ac41\"},\"headline\":\"El papa contin\u00faa con fisioterapia respiratoria; se le retira la ventilaci\u00f3n mec\u00e1nica\",\"datePublished\":\"2025-03-05T13:35:00+00:00\",\"dateModified\":\"2025-03-05T13:57:48+00:00\",\"mainEntityOfPage\":{\"@id\":\"https:\\\/\\\/fuentesfidedignas.com.mx\\\/index.php\\\/2025\\\/03\\\/05\\\/el-papa-continua-con-fisioterapia-respiratoria-se-le-retira-la-ventilacion-mecanica\\\/\"},\"wordCount\":489,\"commentCount\":0,\"publisher\":{\"@id\":\"https:\\\/\\\/fuentesfidedignas.com.mx\\\/#organization\"},\"image\":{\"@id\":\"https:\\\/\\\/fuentesfidedignas.com.mx\\\/index.php\\\/2025\\\/03\\\/05\\\/el-papa-continua-con-fisioterapia-respiratoria-se-le-retira-la-ventilacion-mecanica\\\/#primaryimage\"},\"thumbnailUrl\":\"https:\\\/\\\/fuentesfidedignas.com.mx\\\/wp-content\\\/uploads\\\/2023\\\/11\\\/PAPA_FRANCISCO_.jpg\",\"articleSection\":[\"NOTICIAS NACIONALES\"],\"inLanguage\":\"es\",\"potentialAction\":[{\"@type\":\"CommentAction\",\"name\":\"Comment\",\"target\":[\"https:\\\/\\\/fuentesfidedignas.com.mx\\\/index.php\\\/2025\\\/03\\\/05\\\/el-papa-continua-con-fisioterapia-respiratoria-se-le-retira-la-ventilacion-mecanica\\\/#respond\"]}]},{\"@type\":\"WebPage\",\"@id\":\"https:\\\/\\\/fuentesfidedignas.com.mx\\\/index.php\\\/2025\\\/03\\\/05\\\/el-papa-continua-con-fisioterapia-respiratoria-se-le-retira-la-ventilacion-mecanica\\\/\",\"url\":\"https:\\\/\\\/fuentesfidedignas.com.mx\\\/index.php\\\/2025\\\/03\\\/05\\\/el-papa-continua-con-fisioterapia-respiratoria-se-le-retira-la-ventilacion-mecanica\\\/\",\"name\":\"El papa contin\u00faa con fisioterapia respiratoria; se le retira la ventilaci\u00f3n mec\u00e1nica - Fuentes Fidedignas\",\"isPartOf\":{\"@id\":\"https:\\\/\\\/fuentesfidedignas.com.mx\\\/#website\"},\"primaryImageOfPage\":{\"@id\":\"https:\\\/\\\/fuentesfidedignas.com.mx\\\/index.php\\\/2025\\\/03\\\/05\\\/el-papa-continua-con-fisioterapia-respiratoria-se-le-retira-la-ventilacion-mecanica\\\/#primaryimage\"},\"image\":{\"@id\":\"https:\\\/\\\/fuentesfidedignas.com.mx\\\/index.php\\\/2025\\\/03\\\/05\\\/el-papa-continua-con-fisioterapia-respiratoria-se-le-retira-la-ventilacion-mecanica\\\/#primaryimage\"},\"thumbnailUrl\":\"https:\\\/\\\/fuentesfidedignas.com.mx\\\/wp-content\\\/uploads\\\/2023\\\/11\\\/PAPA_FRANCISCO_.jpg\",\"datePublished\":\"2025-03-05T13:35:00+00:00\",\"dateModified\":\"2025-03-05T13:57:48+00:00\",\"breadcrumb\":{\"@id\":\"https:\\\/\\\/fuentesfidedignas.com.mx\\\/index.php\\\/2025\\\/03\\\/05\\\/el-papa-continua-con-fisioterapia-respiratoria-se-le-retira-la-ventilacion-mecanica\\\/#breadcrumb\"},\"inLanguage\":\"es\",\"potentialAction\":[{\"@type\":\"ReadAction\",\"target\":[\"https:\\\/\\\/fuentesfidedignas.com.mx\\\/index.php\\\/2025\\\/03\\\/05\\\/el-papa-continua-con-fisioterapia-respiratoria-se-le-retira-la-ventilacion-mecanica\\\/\"]}]},{\"@type\":\"ImageObject\",\"inLanguage\":\"es\",\"@id\":\"https:\\\/\\\/fuentesfidedignas.com.mx\\\/index.php\\\/2025\\\/03\\\/05\\\/el-papa-continua-con-fisioterapia-respiratoria-se-le-retira-la-ventilacion-mecanica\\\/#primaryimage\",\"url\":\"https:\\\/\\\/fuentesfidedignas.com.mx\\\/wp-content\\\/uploads\\\/2023\\\/11\\\/PAPA_FRANCISCO_.jpg\",\"contentUrl\":\"https:\\\/\\\/fuentesfidedignas.com.mx\\\/wp-content\\\/uploads\\\/2023\\\/11\\\/PAPA_FRANCISCO_.jpg\",\"width\":928,\"height\":522},{\"@type\":\"BreadcrumbList\",\"@id\":\"https:\\\/\\\/fuentesfidedignas.com.mx\\\/index.php\\\/2025\\\/03\\\/05\\\/el-papa-continua-con-fisioterapia-respiratoria-se-le-retira-la-ventilacion-mecanica\\\/#breadcrumb\",\"itemListElement\":[{\"@type\":\"ListItem\",\"position\":1,\"name\":\"Inicio\",\"item\":\"https:\\\/\\\/fuentesfidedignas.com.mx\\\/\"},{\"@type\":\"ListItem\",\"position\":2,\"name\":\"El papa contin\u00faa con fisioterapia respiratoria; se le retira la ventilaci\u00f3n mec\u00e1nica\"}]},{\"@type\":\"WebSite\",\"@id\":\"https:\\\/\\\/fuentesfidedignas.com.mx\\\/#website\",\"url\":\"https:\\\/\\\/fuentesfidedignas.com.mx\\\/\",\"name\":\"Fuentes Fidedignas\",\"description\":\"Otro sitio realizado con WordPress\",\"publisher\":{\"@id\":\"https:\\\/\\\/fuentesfidedignas.com.mx\\\/#organization\"},\"potentialAction\":[{\"@type\":\"SearchAction\",\"target\":{\"@type\":\"EntryPoint\",\"urlTemplate\":\"https:\\\/\\\/fuentesfidedignas.com.mx\\\/?s={search_term_string}\"},\"query-input\":{\"@type\":\"PropertyValueSpecification\",\"valueRequired\":true,\"valueName\":\"search_term_string\"}}],\"inLanguage\":\"es\"},{\"@type\":\"Organization\",\"@id\":\"https:\\\/\\\/fuentesfidedignas.com.mx\\\/#organization\",\"name\":\"Fuentes Fidedignas\",\"url\":\"https:\\\/\\\/fuentesfidedignas.com.mx\\\/\",\"logo\":{\"@type\":\"ImageObject\",\"inLanguage\":\"es\",\"@id\":\"https:\\\/\\\/fuentesfidedignas.com.mx\\\/#\\\/schema\\\/logo\\\/image\\\/\",\"url\":\"https:\\\/\\\/fuentesfidedignas.com.mx\\\/wp-content\\\/uploads\\\/2021\\\/04\\\/logo-retina.png\",\"contentUrl\":\"https:\\\/\\\/fuentesfidedignas.com.mx\\\/wp-content\\\/uploads\\\/2021\\\/04\\\/logo-retina.png\",\"width\":280,\"height\":51,\"caption\":\"Fuentes Fidedignas\"},\"image\":{\"@id\":\"https:\\\/\\\/fuentesfidedignas.com.mx\\\/#\\\/schema\\\/logo\\\/image\\\/\"},\"sameAs\":[\"https:\\\/\\\/www.facebook.com\\\/Fuentes-Fidedignas-368234489921644\",\"https:\\\/\\\/x.com\\\/fidedignas\"]},{\"@type\":\"Person\",\"@id\":\"https:\\\/\\\/fuentesfidedignas.com.mx\\\/#\\\/schema\\\/person\\\/0d44615087b5a626d5d3f13afe31ac41\",\"name\":\"EFE\",\"image\":{\"@type\":\"ImageObject\",\"inLanguage\":\"es\",\"@id\":\"https:\\\/\\\/secure.gravatar.com\\\/avatar\\\/7048c2d9b569d9bed55bb53ad23821e6e047aa66338fb6ea9868627bbb9f54e8?s=96&d=mm&r=g\",\"url\":\"https:\\\/\\\/secure.gravatar.com\\\/avatar\\\/7048c2d9b569d9bed55bb53ad23821e6e047aa66338fb6ea9868627bbb9f54e8?s=96&d=mm&r=g\",\"contentUrl\":\"https:\\\/\\\/secure.gravatar.com\\\/avatar\\\/7048c2d9b569d9bed55bb53ad23821e6e047aa66338fb6ea9868627bbb9f54e8?s=96&d=mm&r=g\",\"caption\":\"EFE\"},\"url\":\"https:\\\/\\\/fuentesfidedignas.com.mx\\\/index.php\\\/author\\\/efe\\\/\"}]}<\/script>\n<!-- \/ Yoast SEO plugin. -->","yoast_head_json":{"title":"El papa contin\u00faa con fisioterapia respiratoria; se le retira la ventilaci\u00f3n mec\u00e1nica - Fuentes Fidedignas","robots":{"index":"index","follow":"follow","max-snippet":"max-snippet:-1","max-image-preview":"max-image-preview:large","max-video-preview":"max-video-preview:-1"},"canonical":"https:\/\/fuentesfidedignas.com.mx\/index.php\/2025\/03\/05\/el-papa-continua-con-fisioterapia-respiratoria-se-le-retira-la-ventilacion-mecanica\/","og_locale":"es_MX","og_type":"article","og_title":"El papa contin\u00faa con fisioterapia respiratoria; se le retira la ventilaci\u00f3n mec\u00e1nica - Fuentes Fidedignas","og_description":"Fuentes del Vaticano detallaron que el papa Francisco puede comer \u201calimentos s\u00f3lidos\u201d y que durmi\u00f3 bien toda la noche El papa Francisco reanud\u00f3 hoy la fisioterapia respiratoria con la oxigenoterapia de alto flujo, sin ventilaci\u00f3n mec\u00e1nica no invasiva, indicaron fuentes vaticanas, despu\u00e9s de que sus condiciones se mantuvieran \u201cestables\u201d en las \u00faltimas horas tras los [&hellip;]","og_url":"https:\/\/fuentesfidedignas.com.mx\/index.php\/2025\/03\/05\/el-papa-continua-con-fisioterapia-respiratoria-se-le-retira-la-ventilacion-mecanica\/","og_site_name":"Fuentes Fidedignas","article_publisher":"https:\/\/www.facebook.com\/Fuentes-Fidedignas-368234489921644","article_published_time":"2025-03-05T13:35:00+00:00","article_modified_time":"2025-03-05T13:57:48+00:00","og_image":[{"width":928,"height":522,"url":"https:\/\/fuentesfidedignas.com.mx\/wp-content\/uploads\/2023\/11\/PAPA_FRANCISCO_.jpg","type":"image\/jpeg"}],"author":"EFE","twitter_card":"summary_large_image","twitter_creator":"@fidedignas","twitter_site":"@fidedignas","twitter_misc":{"Escrito por":"EFE","Tiempo de lectura":"3 minutos"},"schema":{"@context":"https:\/\/schema.org","@graph":[{"@type":"Article","@id":"https:\/\/fuentesfidedignas.com.mx\/index.php\/2025\/03\/05\/el-papa-continua-con-fisioterapia-respiratoria-se-le-retira-la-ventilacion-mecanica\/#article","isPartOf":{"@id":"https:\/\/fuentesfidedignas.com.mx\/index.php\/2025\/03\/05\/el-papa-continua-con-fisioterapia-respiratoria-se-le-retira-la-ventilacion-mecanica\/"},"author":{"name":"EFE","@id":"https:\/\/fuentesfidedignas.com.mx\/#\/schema\/person\/0d44615087b5a626d5d3f13afe31ac41"},"headline":"El papa contin\u00faa con fisioterapia respiratoria; se le retira la ventilaci\u00f3n mec\u00e1nica","datePublished":"2025-03-05T13:35:00+00:00","dateModified":"2025-03-05T13:57:48+00:00","mainEntityOfPage":{"@id":"https:\/\/fuentesfidedignas.com.mx\/index.php\/2025\/03\/05\/el-papa-continua-con-fisioterapia-respiratoria-se-le-retira-la-ventilacion-mecanica\/"},"wordCount":489,"commentCount":0,"publisher":{"@id":"https:\/\/fuentesfidedignas.com.mx\/#organization"},"image":{"@id":"https:\/\/fuentesfidedignas.com.mx\/index.php\/2025\/03\/05\/el-papa-continua-con-fisioterapia-respiratoria-se-le-retira-la-ventilacion-mecanica\/#primaryimage"},"thumbnailUrl":"https:\/\/fuentesfidedignas.com.mx\/wp-content\/uploads\/2023\/11\/PAPA_FRANCISCO_.jpg","articleSection":["NOTICIAS NACIONALES"],"inLanguage":"es","potentialAction":[{"@type":"CommentAction","name":"Comment","target":["https:\/\/fuentesfidedignas.com.mx\/index.php\/2025\/03\/05\/el-papa-continua-con-fisioterapia-respiratoria-se-le-retira-la-ventilacion-mecanica\/#respond"]}]},{"@type":"WebPage","@id":"https:\/\/fuentesfidedignas.com.mx\/index.php\/2025\/03\/05\/el-papa-continua-con-fisioterapia-respiratoria-se-le-retira-la-ventilacion-mecanica\/","url":"https:\/\/fuentesfidedignas.com.mx\/index.php\/2025\/03\/05\/el-papa-continua-con-fisioterapia-respiratoria-se-le-retira-la-ventilacion-mecanica\/","name":"El papa contin\u00faa con fisioterapia respiratoria; se le retira la ventilaci\u00f3n mec\u00e1nica - Fuentes Fidedignas","isPartOf":{"@id":"https:\/\/fuentesfidedignas.com.mx\/#website"},"primaryImageOfPage":{"@id":"https:\/\/fuentesfidedignas.com.mx\/index.php\/2025\/03\/05\/el-papa-continua-con-fisioterapia-respiratoria-se-le-retira-la-ventilacion-mecanica\/#primaryimage"},"image":{"@id":"https:\/\/fuentesfidedignas.com.mx\/index.php\/2025\/03\/05\/el-papa-continua-con-fisioterapia-respiratoria-se-le-retira-la-ventilacion-mecanica\/#primaryimage"},"thumbnailUrl":"https:\/\/fuentesfidedignas.com.mx\/wp-content\/uploads\/2023\/11\/PAPA_FRANCISCO_.jpg","datePublished":"2025-03-05T13:35:00+00:00","dateModified":"2025-03-05T13:57:48+00:00","breadcrumb":{"@id":"https:\/\/fuentesfidedignas.com.mx\/index.php\/2025\/03\/05\/el-papa-continua-con-fisioterapia-respiratoria-se-le-retira-la-ventilacion-mecanica\/#breadcrumb"},"inLanguage":"es","potentialAction":[{"@type":"ReadAction","target":["https:\/\/fuentesfidedignas.com.mx\/index.php\/2025\/03\/05\/el-papa-continua-con-fisioterapia-respiratoria-se-le-retira-la-ventilacion-mecanica\/"]}]},{"@type":"ImageObject","inLanguage":"es","@id":"https:\/\/fuentesfidedignas.com.mx\/index.php\/2025\/03\/05\/el-papa-continua-con-fisioterapia-respiratoria-se-le-retira-la-ventilacion-mecanica\/#primaryimage","url":"https:\/\/fuentesfidedignas.com.mx\/wp-content\/uploads\/2023\/11\/PAPA_FRANCISCO_.jpg","contentUrl":"https:\/\/fuentesfidedignas.com.mx\/wp-content\/uploads\/2023\/11\/PAPA_FRANCISCO_.jpg","width":928,"height":522},{"@type":"BreadcrumbList","@id":"https:\/\/fuentesfidedignas.com.mx\/index.php\/2025\/03\/05\/el-papa-continua-con-fisioterapia-respiratoria-se-le-retira-la-ventilacion-mecanica\/#breadcrumb","itemListElement":[{"@type":"ListItem","position":1,"name":"Inicio","item":"https:\/\/fuentesfidedignas.com.mx\/"},{"@type":"ListItem","position":2,"name":"El papa contin\u00faa con fisioterapia respiratoria; se le retira la ventilaci\u00f3n mec\u00e1nica"}]},{"@type":"WebSite","@id":"https:\/\/fuentesfidedignas.com.mx\/#website","url":"https:\/\/fuentesfidedignas.com.mx\/","name":"Fuentes Fidedignas","description":"Otro sitio realizado con WordPress","publisher":{"@id":"https:\/\/fuentesfidedignas.com.mx\/#organization"},"potentialAction":[{"@type":"SearchAction","target":{"@type":"EntryPoint","urlTemplate":"https:\/\/fuentesfidedignas.com.mx\/?s={search_term_string}"},"query-input":{"@type":"PropertyValueSpecification","valueRequired":true,"valueName":"search_term_string"}}],"inLanguage":"es"},{"@type":"Organization","@id":"https:\/\/fuentesfidedignas.com.mx\/#organization","name":"Fuentes Fidedignas","url":"https:\/\/fuentesfidedignas.com.mx\/","logo":{"@type":"ImageObject","inLanguage":"es","@id":"https:\/\/fuentesfidedignas.com.mx\/#\/schema\/logo\/image\/","url":"https:\/\/fuentesfidedignas.com.mx\/wp-content\/uploads\/2021\/04\/logo-retina.png","contentUrl":"https:\/\/fuentesfidedignas.com.mx\/wp-content\/uploads\/2021\/04\/logo-retina.png","width":280,"height":51,"caption":"Fuentes Fidedignas"},"image":{"@id":"https:\/\/fuentesfidedignas.com.mx\/#\/schema\/logo\/image\/"},"sameAs":["https:\/\/www.facebook.com\/Fuentes-Fidedignas-368234489921644","https:\/\/x.com\/fidedignas"]},{"@type":"Person","@id":"https:\/\/fuentesfidedignas.com.mx\/#\/schema\/person\/0d44615087b5a626d5d3f13afe31ac41","name":"EFE","image":{"@type":"ImageObject","inLanguage":"es","@id":"https:\/\/secure.gravatar.com\/avatar\/7048c2d9b569d9bed55bb53ad23821e6e047aa66338fb6ea9868627bbb9f54e8?s=96&d=mm&r=g","url":"https:\/\/secure.gravatar.com\/avatar\/7048c2d9b569d9bed55bb53ad23821e6e047aa66338fb6ea9868627bbb9f54e8?s=96&d=mm&r=g","contentUrl":"https:\/\/secure.gravatar.com\/avatar\/7048c2d9b569d9bed55bb53ad23821e6e047aa66338fb6ea9868627bbb9f54e8?s=96&d=mm&r=g","caption":"EFE"},"url":"https:\/\/fuentesfidedignas.com.mx\/index.php\/author\/efe\/"}]}},"_links":{"self":[{"href":"https:\/\/fuentesfidedignas.com.mx\/index.php\/wp-json\/wp\/v2\/posts\/103171","targetHints":{"allow":["GET"]}}],"collection":[{"href":"https:\/\/fuentesfidedignas.com.mx\/index.php\/wp-json\/wp\/v2\/posts"}],"about":[{"href":"https:\/\/fuentesfidedignas.com.mx\/index.php\/wp-json\/wp\/v2\/types\/post"}],"author":[{"embeddable":true,"href":"https:\/\/fuentesfidedignas.com.mx\/index.php\/wp-json\/wp\/v2\/users\/22"}],"replies":[{"embeddable":true,"href":"https:\/\/fuentesfidedignas.com.mx\/index.php\/wp-json\/wp\/v2\/comments?post=103171"}],"version-history":[{"count":1,"href":"https:\/\/fuentesfidedignas.com.mx\/index.php\/wp-json\/wp\/v2\/posts\/103171\/revisions"}],"predecessor-version":[{"id":103172,"href":"https:\/\/fuentesfidedignas.com.mx\/index.php\/wp-json\/wp\/v2\/posts\/103171\/revisions\/103172"}],"wp:featuredmedia":[{"embeddable":true,"href":"https:\/\/fuentesfidedignas.com.mx\/index.php\/wp-json\/wp\/v2\/media\/66850"}],"wp:attachment":[{"href":"https:\/\/fuentesfidedignas.com.mx\/index.php\/wp-json\/wp\/v2\/media?parent=103171"}],"wp:term":[{"taxonomy":"category","embeddable":true,"href":"https:\/\/fuentesfidedignas.com.mx\/index.php\/wp-json\/wp\/v2\/categories?post=103171"},{"taxonomy":"post_tag","embeddable":true,"href":"https:\/\/fuentesfidedignas.com.mx\/index.php\/wp-json\/wp\/v2\/tags?post=103171"}],"curies":[{"name":"wp","href":"https:\/\/api.w.org\/{rel}","templated":true}]}}