{"id":103166,"date":"2025-03-05T06:15:00","date_gmt":"2025-03-05T13:15:00","guid":{"rendered":"https:\/\/fuentesfidedignas.com.mx\/?p=103166"},"modified":"2025-03-05T06:46:26","modified_gmt":"2025-03-05T13:46:26","slug":"muere-regina-menor-de-14-anos-tras-resultar-herida-en-una-balacera-en-navolato","status":"publish","type":"post","link":"https:\/\/fuentesfidedignas.com.mx\/index.php\/2025\/03\/05\/muere-regina-menor-de-14-anos-tras-resultar-herida-en-una-balacera-en-navolato\/","title":{"rendered":"Muere Regina, menor de 14 a\u00f1os, tras resultar herida en una balacera en Navolato"},"content":{"rendered":"\n<p><strong><em>Hasta el momento, no hay detenidos ni detalles sobre los responsables.<\/em><\/strong><\/p>\n\n\n\n<p>Regina, una adolescente de 14 a\u00f1os, muri\u00f3 este martes en un hospital tras luchar por su vida desde el 27 de febrero, cuando fue alcanzada por balas durante un ataque armado en la sindicatura de Villa Ju\u00e1rez, municipio de Navolato, Sinaloa.<\/p>\n\n\n\n<p>La menor recibi\u00f3 al menos cuatro impactos de bala en el tiroteo ocurrido la noche del jueves 27 de febrero, en el que tambi\u00e9n result\u00f3 herido de manera colateral un joven de 19 a\u00f1os, identificado como Edwin.<\/p>\n\n\n\n<p>El ataque se registr\u00f3 alrededor de las 23:00 horas sobre la calle Guillermo Prieto, entre Francisco Zarco y Domingo Rub\u00ed, en la colonia Primera Ampliaci\u00f3n.&nbsp;<\/p>\n\n\n\n<p>Hasta el momento, no se han dado a conocer detalles sobre los responsables del hecho ni las causas que lo originaron.<\/p>\n\n\n\n<p>La comunidad educativa de la Escuela Secundaria T\u00e9cnica N\u00famero 51 se encuentra de luto tras el fallecimiento de la adolescente, quien estudiaba en dicho plantel.<\/p>\n\n\n\n<p>A trav\u00e9s de sus redes sociales, la instituci\u00f3n expres\u00f3 sus condolencias a la familia de la menor y se solidariz\u00f3 con el dolor de sus seres queridos y compa\u00f1eros de clase.<\/p>\n\n\n\n<p>El hecho ocurri\u00f3 cuando la joven se encontraba en la zona donde se desat\u00f3 una balacera en la que, presuntamente, participaron grupos armados.<\/p>\n\n\n\n<p>A pesar de los esfuerzos de los servicios de emergencia, la menor no sobrevivi\u00f3 a las heridas, lo que gener\u00f3 indignaci\u00f3n y tristeza en Villa Ju\u00e1rez y otros sectores de Navolato.<\/p>\n\n\n\n<p>Padres de familia, docentes y ciudadanos exigieron a las autoridades reforzar la seguridad en la zona y tomar medidas urgentes para evitar que m\u00e1s vidas inocentes se pierdan en hechos de violencia.&nbsp;<\/p>\n\n\n\n<p>Hasta el momento, no se han reportado detenidos por este ataque.<\/p>\n\n\n\n<p>Mientras tanto, amigos y familiares de la menor compartieron mensajes de despedida en redes sociales, lamentando su partida y record\u00e1ndola como una joven alegre y llena de sue\u00f1os.<\/p>\n\n\n\n<p><\/p>\n","protected":false},"excerpt":{"rendered":"<p>Hasta el momento, no hay detenidos ni detalles sobre los responsables. Regina, una adolescente de 14 a\u00f1os, muri\u00f3 este martes en un hospital tras luchar por su vida desde el 27 de febrero, cuando fue alcanzada por balas durante un ataque armado en la sindicatura de Villa Ju\u00e1rez, municipio de Navolato, Sinaloa. La menor recibi\u00f3 [&hellip;]<\/p>\n","protected":false},"author":9,"featured_media":79190,"comment_status":"open","ping_status":"open","sticky":false,"template":"","format":"standard","meta":{"tdm_status":"","tdm_grid_status":"","footnotes":""},"categories":[37],"tags":[],"class_list":{"0":"post-103166","1":"post","2":"type-post","3":"status-publish","4":"format-standard","5":"has-post-thumbnail","7":"category-nota-principal"},"yoast_head":"<!-- This site is optimized with the Yoast SEO plugin v27.5 - https:\/\/yoast.com\/product\/yoast-seo-wordpress\/ -->\n<title>Muere Regina, menor de 14 a\u00f1os, tras resultar herida en una balacera en Navolato - Fuentes Fidedignas<\/title>\n<meta name=\"robots\" content=\"index, follow, max-snippet:-1, max-image-preview:large, max-video-preview:-1\" \/>\n<link rel=\"canonical\" href=\"https:\/\/fuentesfidedignas.com.mx\/index.php\/2025\/03\/05\/muere-regina-menor-de-14-anos-tras-resultar-herida-en-una-balacera-en-navolato\/\" \/>\n<meta property=\"og:locale\" content=\"es_MX\" \/>\n<meta property=\"og:type\" content=\"article\" \/>\n<meta property=\"og:title\" content=\"Muere Regina, menor de 14 a\u00f1os, tras resultar herida en una balacera en Navolato - Fuentes Fidedignas\" \/>\n<meta property=\"og:description\" content=\"Hasta el momento, no hay detenidos ni detalles sobre los responsables. Regina, una adolescente de 14 a\u00f1os, muri\u00f3 este martes en un hospital tras luchar por su vida desde el 27 de febrero, cuando fue alcanzada por balas durante un ataque armado en la sindicatura de Villa Ju\u00e1rez, municipio de Navolato, Sinaloa. La menor recibi\u00f3 [&hellip;]\" \/>\n<meta property=\"og:url\" content=\"https:\/\/fuentesfidedignas.com.mx\/index.php\/2025\/03\/05\/muere-regina-menor-de-14-anos-tras-resultar-herida-en-una-balacera-en-navolato\/\" \/>\n<meta property=\"og:site_name\" content=\"Fuentes Fidedignas\" \/>\n<meta property=\"article:publisher\" content=\"https:\/\/www.facebook.com\/Fuentes-Fidedignas-368234489921644\" \/>\n<meta property=\"article:published_time\" content=\"2025-03-05T13:15:00+00:00\" \/>\n<meta property=\"article:modified_time\" content=\"2025-03-05T13:46:26+00:00\" \/>\n<meta property=\"og:image\" content=\"https:\/\/fuentesfidedignas.com.mx\/wp-content\/uploads\/2024\/04\/semefo2.webp\" \/>\n\t<meta property=\"og:image:width\" content=\"768\" \/>\n\t<meta property=\"og:image:height\" content=\"756\" \/>\n\t<meta property=\"og:image:type\" content=\"image\/webp\" \/>\n<meta name=\"author\" content=\"Milenio\" \/>\n<meta name=\"twitter:card\" content=\"summary_large_image\" \/>\n<meta name=\"twitter:creator\" content=\"@fidedignas\" \/>\n<meta name=\"twitter:site\" content=\"@fidedignas\" \/>\n<meta name=\"twitter:label1\" content=\"Escrito por\" \/>\n\t<meta name=\"twitter:data1\" content=\"Milenio\" \/>\n\t<meta name=\"twitter:label2\" content=\"Tiempo de lectura\" \/>\n\t<meta name=\"twitter:data2\" content=\"2 minutos\" \/>\n<script type=\"application\/ld+json\" class=\"yoast-schema-graph\">{\"@context\":\"https:\\\/\\\/schema.org\",\"@graph\":[{\"@type\":\"Article\",\"@id\":\"https:\\\/\\\/fuentesfidedignas.com.mx\\\/index.php\\\/2025\\\/03\\\/05\\\/muere-regina-menor-de-14-anos-tras-resultar-herida-en-una-balacera-en-navolato\\\/#article\",\"isPartOf\":{\"@id\":\"https:\\\/\\\/fuentesfidedignas.com.mx\\\/index.php\\\/2025\\\/03\\\/05\\\/muere-regina-menor-de-14-anos-tras-resultar-herida-en-una-balacera-en-navolato\\\/\"},\"author\":{\"name\":\"Milenio\",\"@id\":\"https:\\\/\\\/fuentesfidedignas.com.mx\\\/#\\\/schema\\\/person\\\/47ec0135738f4b0c7495f06a77a2c976\"},\"headline\":\"Muere Regina, menor de 14 a\u00f1os, tras resultar herida en una balacera en Navolato\",\"datePublished\":\"2025-03-05T13:15:00+00:00\",\"dateModified\":\"2025-03-05T13:46:26+00:00\",\"mainEntityOfPage\":{\"@id\":\"https:\\\/\\\/fuentesfidedignas.com.mx\\\/index.php\\\/2025\\\/03\\\/05\\\/muere-regina-menor-de-14-anos-tras-resultar-herida-en-una-balacera-en-navolato\\\/\"},\"wordCount\":341,\"commentCount\":0,\"publisher\":{\"@id\":\"https:\\\/\\\/fuentesfidedignas.com.mx\\\/#organization\"},\"image\":{\"@id\":\"https:\\\/\\\/fuentesfidedignas.com.mx\\\/index.php\\\/2025\\\/03\\\/05\\\/muere-regina-menor-de-14-anos-tras-resultar-herida-en-una-balacera-en-navolato\\\/#primaryimage\"},\"thumbnailUrl\":\"https:\\\/\\\/fuentesfidedignas.com.mx\\\/wp-content\\\/uploads\\\/2024\\\/04\\\/semefo2.webp\",\"articleSection\":[\"NOTA PRINCIPAL\"],\"inLanguage\":\"es\",\"potentialAction\":[{\"@type\":\"CommentAction\",\"name\":\"Comment\",\"target\":[\"https:\\\/\\\/fuentesfidedignas.com.mx\\\/index.php\\\/2025\\\/03\\\/05\\\/muere-regina-menor-de-14-anos-tras-resultar-herida-en-una-balacera-en-navolato\\\/#respond\"]}]},{\"@type\":\"WebPage\",\"@id\":\"https:\\\/\\\/fuentesfidedignas.com.mx\\\/index.php\\\/2025\\\/03\\\/05\\\/muere-regina-menor-de-14-anos-tras-resultar-herida-en-una-balacera-en-navolato\\\/\",\"url\":\"https:\\\/\\\/fuentesfidedignas.com.mx\\\/index.php\\\/2025\\\/03\\\/05\\\/muere-regina-menor-de-14-anos-tras-resultar-herida-en-una-balacera-en-navolato\\\/\",\"name\":\"Muere Regina, menor de 14 a\u00f1os, tras resultar herida en una balacera en Navolato - Fuentes Fidedignas\",\"isPartOf\":{\"@id\":\"https:\\\/\\\/fuentesfidedignas.com.mx\\\/#website\"},\"primaryImageOfPage\":{\"@id\":\"https:\\\/\\\/fuentesfidedignas.com.mx\\\/index.php\\\/2025\\\/03\\\/05\\\/muere-regina-menor-de-14-anos-tras-resultar-herida-en-una-balacera-en-navolato\\\/#primaryimage\"},\"image\":{\"@id\":\"https:\\\/\\\/fuentesfidedignas.com.mx\\\/index.php\\\/2025\\\/03\\\/05\\\/muere-regina-menor-de-14-anos-tras-resultar-herida-en-una-balacera-en-navolato\\\/#primaryimage\"},\"thumbnailUrl\":\"https:\\\/\\\/fuentesfidedignas.com.mx\\\/wp-content\\\/uploads\\\/2024\\\/04\\\/semefo2.webp\",\"datePublished\":\"2025-03-05T13:15:00+00:00\",\"dateModified\":\"2025-03-05T13:46:26+00:00\",\"breadcrumb\":{\"@id\":\"https:\\\/\\\/fuentesfidedignas.com.mx\\\/index.php\\\/2025\\\/03\\\/05\\\/muere-regina-menor-de-14-anos-tras-resultar-herida-en-una-balacera-en-navolato\\\/#breadcrumb\"},\"inLanguage\":\"es\",\"potentialAction\":[{\"@type\":\"ReadAction\",\"target\":[\"https:\\\/\\\/fuentesfidedignas.com.mx\\\/index.php\\\/2025\\\/03\\\/05\\\/muere-regina-menor-de-14-anos-tras-resultar-herida-en-una-balacera-en-navolato\\\/\"]}]},{\"@type\":\"ImageObject\",\"inLanguage\":\"es\",\"@id\":\"https:\\\/\\\/fuentesfidedignas.com.mx\\\/index.php\\\/2025\\\/03\\\/05\\\/muere-regina-menor-de-14-anos-tras-resultar-herida-en-una-balacera-en-navolato\\\/#primaryimage\",\"url\":\"https:\\\/\\\/fuentesfidedignas.com.mx\\\/wp-content\\\/uploads\\\/2024\\\/04\\\/semefo2.webp\",\"contentUrl\":\"https:\\\/\\\/fuentesfidedignas.com.mx\\\/wp-content\\\/uploads\\\/2024\\\/04\\\/semefo2.webp\",\"width\":768,\"height\":756},{\"@type\":\"BreadcrumbList\",\"@id\":\"https:\\\/\\\/fuentesfidedignas.com.mx\\\/index.php\\\/2025\\\/03\\\/05\\\/muere-regina-menor-de-14-anos-tras-resultar-herida-en-una-balacera-en-navolato\\\/#breadcrumb\",\"itemListElement\":[{\"@type\":\"ListItem\",\"position\":1,\"name\":\"Inicio\",\"item\":\"https:\\\/\\\/fuentesfidedignas.com.mx\\\/\"},{\"@type\":\"ListItem\",\"position\":2,\"name\":\"Muere Regina, menor de 14 a\u00f1os, tras resultar herida en una balacera en Navolato\"}]},{\"@type\":\"WebSite\",\"@id\":\"https:\\\/\\\/fuentesfidedignas.com.mx\\\/#website\",\"url\":\"https:\\\/\\\/fuentesfidedignas.com.mx\\\/\",\"name\":\"Fuentes Fidedignas\",\"description\":\"Otro sitio realizado con WordPress\",\"publisher\":{\"@id\":\"https:\\\/\\\/fuentesfidedignas.com.mx\\\/#organization\"},\"potentialAction\":[{\"@type\":\"SearchAction\",\"target\":{\"@type\":\"EntryPoint\",\"urlTemplate\":\"https:\\\/\\\/fuentesfidedignas.com.mx\\\/?s={search_term_string}\"},\"query-input\":{\"@type\":\"PropertyValueSpecification\",\"valueRequired\":true,\"valueName\":\"search_term_string\"}}],\"inLanguage\":\"es\"},{\"@type\":\"Organization\",\"@id\":\"https:\\\/\\\/fuentesfidedignas.com.mx\\\/#organization\",\"name\":\"Fuentes Fidedignas\",\"url\":\"https:\\\/\\\/fuentesfidedignas.com.mx\\\/\",\"logo\":{\"@type\":\"ImageObject\",\"inLanguage\":\"es\",\"@id\":\"https:\\\/\\\/fuentesfidedignas.com.mx\\\/#\\\/schema\\\/logo\\\/image\\\/\",\"url\":\"https:\\\/\\\/fuentesfidedignas.com.mx\\\/wp-content\\\/uploads\\\/2021\\\/04\\\/logo-retina.png\",\"contentUrl\":\"https:\\\/\\\/fuentesfidedignas.com.mx\\\/wp-content\\\/uploads\\\/2021\\\/04\\\/logo-retina.png\",\"width\":280,\"height\":51,\"caption\":\"Fuentes Fidedignas\"},\"image\":{\"@id\":\"https:\\\/\\\/fuentesfidedignas.com.mx\\\/#\\\/schema\\\/logo\\\/image\\\/\"},\"sameAs\":[\"https:\\\/\\\/www.facebook.com\\\/Fuentes-Fidedignas-368234489921644\",\"https:\\\/\\\/x.com\\\/fidedignas\"]},{\"@type\":\"Person\",\"@id\":\"https:\\\/\\\/fuentesfidedignas.com.mx\\\/#\\\/schema\\\/person\\\/47ec0135738f4b0c7495f06a77a2c976\",\"name\":\"Milenio\",\"image\":{\"@type\":\"ImageObject\",\"inLanguage\":\"es\",\"@id\":\"https:\\\/\\\/secure.gravatar.com\\\/avatar\\\/acabf7b54753e51c2c76457954577c236b3b764789b19879565769739d1e4a75?s=96&d=mm&r=g\",\"url\":\"https:\\\/\\\/secure.gravatar.com\\\/avatar\\\/acabf7b54753e51c2c76457954577c236b3b764789b19879565769739d1e4a75?s=96&d=mm&r=g\",\"contentUrl\":\"https:\\\/\\\/secure.gravatar.com\\\/avatar\\\/acabf7b54753e51c2c76457954577c236b3b764789b19879565769739d1e4a75?s=96&d=mm&r=g\",\"caption\":\"Milenio\"},\"url\":\"https:\\\/\\\/fuentesfidedignas.com.mx\\\/index.php\\\/author\\\/milenio\\\/\"}]}<\/script>\n<!-- \/ Yoast SEO plugin. -->","yoast_head_json":{"title":"Muere Regina, menor de 14 a\u00f1os, tras resultar herida en una balacera en Navolato - Fuentes Fidedignas","robots":{"index":"index","follow":"follow","max-snippet":"max-snippet:-1","max-image-preview":"max-image-preview:large","max-video-preview":"max-video-preview:-1"},"canonical":"https:\/\/fuentesfidedignas.com.mx\/index.php\/2025\/03\/05\/muere-regina-menor-de-14-anos-tras-resultar-herida-en-una-balacera-en-navolato\/","og_locale":"es_MX","og_type":"article","og_title":"Muere Regina, menor de 14 a\u00f1os, tras resultar herida en una balacera en Navolato - Fuentes Fidedignas","og_description":"Hasta el momento, no hay detenidos ni detalles sobre los responsables. Regina, una adolescente de 14 a\u00f1os, muri\u00f3 este martes en un hospital tras luchar por su vida desde el 27 de febrero, cuando fue alcanzada por balas durante un ataque armado en la sindicatura de Villa Ju\u00e1rez, municipio de Navolato, Sinaloa. La menor recibi\u00f3 [&hellip;]","og_url":"https:\/\/fuentesfidedignas.com.mx\/index.php\/2025\/03\/05\/muere-regina-menor-de-14-anos-tras-resultar-herida-en-una-balacera-en-navolato\/","og_site_name":"Fuentes Fidedignas","article_publisher":"https:\/\/www.facebook.com\/Fuentes-Fidedignas-368234489921644","article_published_time":"2025-03-05T13:15:00+00:00","article_modified_time":"2025-03-05T13:46:26+00:00","og_image":[{"width":768,"height":756,"url":"https:\/\/fuentesfidedignas.com.mx\/wp-content\/uploads\/2024\/04\/semefo2.webp","type":"image\/webp"}],"author":"Milenio","twitter_card":"summary_large_image","twitter_creator":"@fidedignas","twitter_site":"@fidedignas","twitter_misc":{"Escrito por":"Milenio","Tiempo de lectura":"2 minutos"},"schema":{"@context":"https:\/\/schema.org","@graph":[{"@type":"Article","@id":"https:\/\/fuentesfidedignas.com.mx\/index.php\/2025\/03\/05\/muere-regina-menor-de-14-anos-tras-resultar-herida-en-una-balacera-en-navolato\/#article","isPartOf":{"@id":"https:\/\/fuentesfidedignas.com.mx\/index.php\/2025\/03\/05\/muere-regina-menor-de-14-anos-tras-resultar-herida-en-una-balacera-en-navolato\/"},"author":{"name":"Milenio","@id":"https:\/\/fuentesfidedignas.com.mx\/#\/schema\/person\/47ec0135738f4b0c7495f06a77a2c976"},"headline":"Muere Regina, menor de 14 a\u00f1os, tras resultar herida en una balacera en Navolato","datePublished":"2025-03-05T13:15:00+00:00","dateModified":"2025-03-05T13:46:26+00:00","mainEntityOfPage":{"@id":"https:\/\/fuentesfidedignas.com.mx\/index.php\/2025\/03\/05\/muere-regina-menor-de-14-anos-tras-resultar-herida-en-una-balacera-en-navolato\/"},"wordCount":341,"commentCount":0,"publisher":{"@id":"https:\/\/fuentesfidedignas.com.mx\/#organization"},"image":{"@id":"https:\/\/fuentesfidedignas.com.mx\/index.php\/2025\/03\/05\/muere-regina-menor-de-14-anos-tras-resultar-herida-en-una-balacera-en-navolato\/#primaryimage"},"thumbnailUrl":"https:\/\/fuentesfidedignas.com.mx\/wp-content\/uploads\/2024\/04\/semefo2.webp","articleSection":["NOTA PRINCIPAL"],"inLanguage":"es","potentialAction":[{"@type":"CommentAction","name":"Comment","target":["https:\/\/fuentesfidedignas.com.mx\/index.php\/2025\/03\/05\/muere-regina-menor-de-14-anos-tras-resultar-herida-en-una-balacera-en-navolato\/#respond"]}]},{"@type":"WebPage","@id":"https:\/\/fuentesfidedignas.com.mx\/index.php\/2025\/03\/05\/muere-regina-menor-de-14-anos-tras-resultar-herida-en-una-balacera-en-navolato\/","url":"https:\/\/fuentesfidedignas.com.mx\/index.php\/2025\/03\/05\/muere-regina-menor-de-14-anos-tras-resultar-herida-en-una-balacera-en-navolato\/","name":"Muere Regina, menor de 14 a\u00f1os, tras resultar herida en una balacera en Navolato - Fuentes Fidedignas","isPartOf":{"@id":"https:\/\/fuentesfidedignas.com.mx\/#website"},"primaryImageOfPage":{"@id":"https:\/\/fuentesfidedignas.com.mx\/index.php\/2025\/03\/05\/muere-regina-menor-de-14-anos-tras-resultar-herida-en-una-balacera-en-navolato\/#primaryimage"},"image":{"@id":"https:\/\/fuentesfidedignas.com.mx\/index.php\/2025\/03\/05\/muere-regina-menor-de-14-anos-tras-resultar-herida-en-una-balacera-en-navolato\/#primaryimage"},"thumbnailUrl":"https:\/\/fuentesfidedignas.com.mx\/wp-content\/uploads\/2024\/04\/semefo2.webp","datePublished":"2025-03-05T13:15:00+00:00","dateModified":"2025-03-05T13:46:26+00:00","breadcrumb":{"@id":"https:\/\/fuentesfidedignas.com.mx\/index.php\/2025\/03\/05\/muere-regina-menor-de-14-anos-tras-resultar-herida-en-una-balacera-en-navolato\/#breadcrumb"},"inLanguage":"es","potentialAction":[{"@type":"ReadAction","target":["https:\/\/fuentesfidedignas.com.mx\/index.php\/2025\/03\/05\/muere-regina-menor-de-14-anos-tras-resultar-herida-en-una-balacera-en-navolato\/"]}]},{"@type":"ImageObject","inLanguage":"es","@id":"https:\/\/fuentesfidedignas.com.mx\/index.php\/2025\/03\/05\/muere-regina-menor-de-14-anos-tras-resultar-herida-en-una-balacera-en-navolato\/#primaryimage","url":"https:\/\/fuentesfidedignas.com.mx\/wp-content\/uploads\/2024\/04\/semefo2.webp","contentUrl":"https:\/\/fuentesfidedignas.com.mx\/wp-content\/uploads\/2024\/04\/semefo2.webp","width":768,"height":756},{"@type":"BreadcrumbList","@id":"https:\/\/fuentesfidedignas.com.mx\/index.php\/2025\/03\/05\/muere-regina-menor-de-14-anos-tras-resultar-herida-en-una-balacera-en-navolato\/#breadcrumb","itemListElement":[{"@type":"ListItem","position":1,"name":"Inicio","item":"https:\/\/fuentesfidedignas.com.mx\/"},{"@type":"ListItem","position":2,"name":"Muere Regina, menor de 14 a\u00f1os, tras resultar herida en una balacera en Navolato"}]},{"@type":"WebSite","@id":"https:\/\/fuentesfidedignas.com.mx\/#website","url":"https:\/\/fuentesfidedignas.com.mx\/","name":"Fuentes Fidedignas","description":"Otro sitio realizado con WordPress","publisher":{"@id":"https:\/\/fuentesfidedignas.com.mx\/#organization"},"potentialAction":[{"@type":"SearchAction","target":{"@type":"EntryPoint","urlTemplate":"https:\/\/fuentesfidedignas.com.mx\/?s={search_term_string}"},"query-input":{"@type":"PropertyValueSpecification","valueRequired":true,"valueName":"search_term_string"}}],"inLanguage":"es"},{"@type":"Organization","@id":"https:\/\/fuentesfidedignas.com.mx\/#organization","name":"Fuentes Fidedignas","url":"https:\/\/fuentesfidedignas.com.mx\/","logo":{"@type":"ImageObject","inLanguage":"es","@id":"https:\/\/fuentesfidedignas.com.mx\/#\/schema\/logo\/image\/","url":"https:\/\/fuentesfidedignas.com.mx\/wp-content\/uploads\/2021\/04\/logo-retina.png","contentUrl":"https:\/\/fuentesfidedignas.com.mx\/wp-content\/uploads\/2021\/04\/logo-retina.png","width":280,"height":51,"caption":"Fuentes Fidedignas"},"image":{"@id":"https:\/\/fuentesfidedignas.com.mx\/#\/schema\/logo\/image\/"},"sameAs":["https:\/\/www.facebook.com\/Fuentes-Fidedignas-368234489921644","https:\/\/x.com\/fidedignas"]},{"@type":"Person","@id":"https:\/\/fuentesfidedignas.com.mx\/#\/schema\/person\/47ec0135738f4b0c7495f06a77a2c976","name":"Milenio","image":{"@type":"ImageObject","inLanguage":"es","@id":"https:\/\/secure.gravatar.com\/avatar\/acabf7b54753e51c2c76457954577c236b3b764789b19879565769739d1e4a75?s=96&d=mm&r=g","url":"https:\/\/secure.gravatar.com\/avatar\/acabf7b54753e51c2c76457954577c236b3b764789b19879565769739d1e4a75?s=96&d=mm&r=g","contentUrl":"https:\/\/secure.gravatar.com\/avatar\/acabf7b54753e51c2c76457954577c236b3b764789b19879565769739d1e4a75?s=96&d=mm&r=g","caption":"Milenio"},"url":"https:\/\/fuentesfidedignas.com.mx\/index.php\/author\/milenio\/"}]}},"_links":{"self":[{"href":"https:\/\/fuentesfidedignas.com.mx\/index.php\/wp-json\/wp\/v2\/posts\/103166","targetHints":{"allow":["GET"]}}],"collection":[{"href":"https:\/\/fuentesfidedignas.com.mx\/index.php\/wp-json\/wp\/v2\/posts"}],"about":[{"href":"https:\/\/fuentesfidedignas.com.mx\/index.php\/wp-json\/wp\/v2\/types\/post"}],"author":[{"embeddable":true,"href":"https:\/\/fuentesfidedignas.com.mx\/index.php\/wp-json\/wp\/v2\/users\/9"}],"replies":[{"embeddable":true,"href":"https:\/\/fuentesfidedignas.com.mx\/index.php\/wp-json\/wp\/v2\/comments?post=103166"}],"version-history":[{"count":2,"href":"https:\/\/fuentesfidedignas.com.mx\/index.php\/wp-json\/wp\/v2\/posts\/103166\/revisions"}],"predecessor-version":[{"id":103168,"href":"https:\/\/fuentesfidedignas.com.mx\/index.php\/wp-json\/wp\/v2\/posts\/103166\/revisions\/103168"}],"wp:featuredmedia":[{"embeddable":true,"href":"https:\/\/fuentesfidedignas.com.mx\/index.php\/wp-json\/wp\/v2\/media\/79190"}],"wp:attachment":[{"href":"https:\/\/fuentesfidedignas.com.mx\/index.php\/wp-json\/wp\/v2\/media?parent=103166"}],"wp:term":[{"taxonomy":"category","embeddable":true,"href":"https:\/\/fuentesfidedignas.com.mx\/index.php\/wp-json\/wp\/v2\/categories?post=103166"},{"taxonomy":"post_tag","embeddable":true,"href":"https:\/\/fuentesfidedignas.com.mx\/index.php\/wp-json\/wp\/v2\/tags?post=103166"}],"curies":[{"name":"wp","href":"https:\/\/api.w.org\/{rel}","templated":true}]}}