{"id":103093,"date":"2025-03-04T07:16:42","date_gmt":"2025-03-04T14:16:42","guid":{"rendered":"https:\/\/fuentesfidedignas.com.mx\/?p=103093"},"modified":"2025-03-04T07:16:46","modified_gmt":"2025-03-04T14:16:46","slug":"mexico-anunciara-medidas-por-aranceles-de-eu-el-domingo-en-el-zocalo","status":"publish","type":"post","link":"https:\/\/fuentesfidedignas.com.mx\/index.php\/2025\/03\/04\/mexico-anunciara-medidas-por-aranceles-de-eu-el-domingo-en-el-zocalo\/","title":{"rendered":"M\u00e9xico anunciar\u00e1 medidas por aranceles de EU el domingo en el Z\u00f3calo"},"content":{"rendered":"\n<p><strong><em>La Presidenta dar\u00e1 a conocer las acciones que tomar\u00e1 su gobierno contra los grav\u00e1menes de Trump este domingo.<\/em><\/strong><\/p>\n\n\n\n<p>La presidenta Claudia Sheinbaum advirti\u00f3 que M\u00e9xico responder\u00e1 con medidas arancelarias y no arancelarias, despu\u00e9s de que su hom\u00f3logo norteamericano, Donald Trump, impuso aranceles a las exportaciones de nuestro pa\u00eds, impuesto que entr\u00f3 en vigor este martes.<\/p>\n\n\n\n<p>Al iniciar la conferencia de prensa matutina en Palacio Nacional, la mandataria mexicana se\u00f1al\u00f3 que los detalles de la medida de su gobierno se dar\u00e1n a conocer este domingo al mediod\u00eda en una asamblea informativa, la cual se llevar\u00e1 a cabo en el Z\u00f3calo de la Ciudad de M\u00e9xico.<\/p>\n\n\n\n<p>&#8220;Siempre buscaremos una soluci\u00f3n negociada, como lo hemos propuesto en el marco del respeto a nuestra soberan\u00eda, pero la decisi\u00f3n unilateral que tom\u00f3 Estados Unidos afecta a las empresas nacionales y extranjeras que operan en nuestro pa\u00eds y afecta a nuestros pueblos&#8221;.<\/p>\n\n\n\n<p>&#8220;Por ello hemos decidido responder con medidas arancelarias y no arancelarias que anunciar\u00e9 en plaza p\u00fablica el pr\u00f3ximo domingo. No es de ninguna manera o el prop\u00f3sito iniciar una confrontaci\u00f3n econ\u00f3mica o comercial que desafortunada y lamentablemente es lo opuesto a lo que deber\u00edamos estar haciendo, es decir, integrar m\u00e1s nuestras econom\u00edas para fortalecer nuestra regi\u00f3n ante el avance econ\u00f3mico y comercial de otra regiones&#8221;, destac\u00f3.<\/p>\n\n\n\n<p><strong><em>\u200bNoticia en desarrollo.<\/em><\/strong><\/p>\n","protected":false},"excerpt":{"rendered":"<p>La Presidenta dar\u00e1 a conocer las acciones que tomar\u00e1 su gobierno contra los grav\u00e1menes de Trump este domingo. La presidenta Claudia Sheinbaum advirti\u00f3 que M\u00e9xico responder\u00e1 con medidas arancelarias y no arancelarias, despu\u00e9s de que su hom\u00f3logo norteamericano, Donald Trump, impuso aranceles a las exportaciones de nuestro pa\u00eds, impuesto que entr\u00f3 en vigor este martes. [&hellip;]<\/p>\n","protected":false},"author":9,"featured_media":103094,"comment_status":"open","ping_status":"open","sticky":false,"template":"","format":"standard","meta":{"tdm_status":"","tdm_grid_status":"","footnotes":""},"categories":[39],"tags":[],"class_list":{"0":"post-103093","1":"post","2":"type-post","3":"status-publish","4":"format-standard","5":"has-post-thumbnail","7":"category-noticias-nacionales"},"yoast_head":"<!-- This site is optimized with the Yoast SEO plugin v27.5 - https:\/\/yoast.com\/product\/yoast-seo-wordpress\/ -->\n<title>M\u00e9xico anunciar\u00e1 medidas por aranceles de EU el domingo en el Z\u00f3calo - Fuentes Fidedignas<\/title>\n<meta name=\"robots\" content=\"index, follow, max-snippet:-1, max-image-preview:large, max-video-preview:-1\" \/>\n<link rel=\"canonical\" href=\"https:\/\/fuentesfidedignas.com.mx\/index.php\/2025\/03\/04\/mexico-anunciara-medidas-por-aranceles-de-eu-el-domingo-en-el-zocalo\/\" \/>\n<meta property=\"og:locale\" content=\"es_MX\" \/>\n<meta property=\"og:type\" content=\"article\" \/>\n<meta property=\"og:title\" content=\"M\u00e9xico anunciar\u00e1 medidas por aranceles de EU el domingo en el Z\u00f3calo - Fuentes Fidedignas\" \/>\n<meta property=\"og:description\" content=\"La Presidenta dar\u00e1 a conocer las acciones que tomar\u00e1 su gobierno contra los grav\u00e1menes de Trump este domingo. La presidenta Claudia Sheinbaum advirti\u00f3 que M\u00e9xico responder\u00e1 con medidas arancelarias y no arancelarias, despu\u00e9s de que su hom\u00f3logo norteamericano, Donald Trump, impuso aranceles a las exportaciones de nuestro pa\u00eds, impuesto que entr\u00f3 en vigor este martes. [&hellip;]\" \/>\n<meta property=\"og:url\" content=\"https:\/\/fuentesfidedignas.com.mx\/index.php\/2025\/03\/04\/mexico-anunciara-medidas-por-aranceles-de-eu-el-domingo-en-el-zocalo\/\" \/>\n<meta property=\"og:site_name\" content=\"Fuentes Fidedignas\" \/>\n<meta property=\"article:publisher\" content=\"https:\/\/www.facebook.com\/Fuentes-Fidedignas-368234489921644\" \/>\n<meta property=\"article:published_time\" content=\"2025-03-04T14:16:42+00:00\" \/>\n<meta property=\"article:modified_time\" content=\"2025-03-04T14:16:46+00:00\" \/>\n<meta property=\"og:image\" content=\"https:\/\/fuentesfidedignas.com.mx\/wp-content\/uploads\/2025\/03\/sheinbaum-aranceles-trump-1.jpg\" \/>\n\t<meta property=\"og:image:width\" content=\"600\" \/>\n\t<meta property=\"og:image:height\" content=\"400\" \/>\n\t<meta property=\"og:image:type\" content=\"image\/jpeg\" \/>\n<meta name=\"author\" content=\"Milenio\" \/>\n<meta name=\"twitter:card\" content=\"summary_large_image\" \/>\n<meta name=\"twitter:creator\" content=\"@fidedignas\" \/>\n<meta name=\"twitter:site\" content=\"@fidedignas\" \/>\n<meta name=\"twitter:label1\" content=\"Escrito por\" \/>\n\t<meta name=\"twitter:data1\" content=\"Milenio\" \/>\n\t<meta name=\"twitter:label2\" content=\"Tiempo de lectura\" \/>\n\t<meta name=\"twitter:data2\" content=\"2 minutos\" \/>\n<script type=\"application\/ld+json\" class=\"yoast-schema-graph\">{\"@context\":\"https:\\\/\\\/schema.org\",\"@graph\":[{\"@type\":\"Article\",\"@id\":\"https:\\\/\\\/fuentesfidedignas.com.mx\\\/index.php\\\/2025\\\/03\\\/04\\\/mexico-anunciara-medidas-por-aranceles-de-eu-el-domingo-en-el-zocalo\\\/#article\",\"isPartOf\":{\"@id\":\"https:\\\/\\\/fuentesfidedignas.com.mx\\\/index.php\\\/2025\\\/03\\\/04\\\/mexico-anunciara-medidas-por-aranceles-de-eu-el-domingo-en-el-zocalo\\\/\"},\"author\":{\"name\":\"Milenio\",\"@id\":\"https:\\\/\\\/fuentesfidedignas.com.mx\\\/#\\\/schema\\\/person\\\/47ec0135738f4b0c7495f06a77a2c976\"},\"headline\":\"M\u00e9xico anunciar\u00e1 medidas por aranceles de EU el domingo en el Z\u00f3calo\",\"datePublished\":\"2025-03-04T14:16:42+00:00\",\"dateModified\":\"2025-03-04T14:16:46+00:00\",\"mainEntityOfPage\":{\"@id\":\"https:\\\/\\\/fuentesfidedignas.com.mx\\\/index.php\\\/2025\\\/03\\\/04\\\/mexico-anunciara-medidas-por-aranceles-de-eu-el-domingo-en-el-zocalo\\\/\"},\"wordCount\":253,\"commentCount\":0,\"publisher\":{\"@id\":\"https:\\\/\\\/fuentesfidedignas.com.mx\\\/#organization\"},\"image\":{\"@id\":\"https:\\\/\\\/fuentesfidedignas.com.mx\\\/index.php\\\/2025\\\/03\\\/04\\\/mexico-anunciara-medidas-por-aranceles-de-eu-el-domingo-en-el-zocalo\\\/#primaryimage\"},\"thumbnailUrl\":\"https:\\\/\\\/fuentesfidedignas.com.mx\\\/wp-content\\\/uploads\\\/2025\\\/03\\\/sheinbaum-aranceles-trump-1.jpg\",\"articleSection\":[\"NOTICIAS NACIONALES\"],\"inLanguage\":\"es\",\"potentialAction\":[{\"@type\":\"CommentAction\",\"name\":\"Comment\",\"target\":[\"https:\\\/\\\/fuentesfidedignas.com.mx\\\/index.php\\\/2025\\\/03\\\/04\\\/mexico-anunciara-medidas-por-aranceles-de-eu-el-domingo-en-el-zocalo\\\/#respond\"]}]},{\"@type\":\"WebPage\",\"@id\":\"https:\\\/\\\/fuentesfidedignas.com.mx\\\/index.php\\\/2025\\\/03\\\/04\\\/mexico-anunciara-medidas-por-aranceles-de-eu-el-domingo-en-el-zocalo\\\/\",\"url\":\"https:\\\/\\\/fuentesfidedignas.com.mx\\\/index.php\\\/2025\\\/03\\\/04\\\/mexico-anunciara-medidas-por-aranceles-de-eu-el-domingo-en-el-zocalo\\\/\",\"name\":\"M\u00e9xico anunciar\u00e1 medidas por aranceles de EU el domingo en el Z\u00f3calo - Fuentes Fidedignas\",\"isPartOf\":{\"@id\":\"https:\\\/\\\/fuentesfidedignas.com.mx\\\/#website\"},\"primaryImageOfPage\":{\"@id\":\"https:\\\/\\\/fuentesfidedignas.com.mx\\\/index.php\\\/2025\\\/03\\\/04\\\/mexico-anunciara-medidas-por-aranceles-de-eu-el-domingo-en-el-zocalo\\\/#primaryimage\"},\"image\":{\"@id\":\"https:\\\/\\\/fuentesfidedignas.com.mx\\\/index.php\\\/2025\\\/03\\\/04\\\/mexico-anunciara-medidas-por-aranceles-de-eu-el-domingo-en-el-zocalo\\\/#primaryimage\"},\"thumbnailUrl\":\"https:\\\/\\\/fuentesfidedignas.com.mx\\\/wp-content\\\/uploads\\\/2025\\\/03\\\/sheinbaum-aranceles-trump-1.jpg\",\"datePublished\":\"2025-03-04T14:16:42+00:00\",\"dateModified\":\"2025-03-04T14:16:46+00:00\",\"breadcrumb\":{\"@id\":\"https:\\\/\\\/fuentesfidedignas.com.mx\\\/index.php\\\/2025\\\/03\\\/04\\\/mexico-anunciara-medidas-por-aranceles-de-eu-el-domingo-en-el-zocalo\\\/#breadcrumb\"},\"inLanguage\":\"es\",\"potentialAction\":[{\"@type\":\"ReadAction\",\"target\":[\"https:\\\/\\\/fuentesfidedignas.com.mx\\\/index.php\\\/2025\\\/03\\\/04\\\/mexico-anunciara-medidas-por-aranceles-de-eu-el-domingo-en-el-zocalo\\\/\"]}]},{\"@type\":\"ImageObject\",\"inLanguage\":\"es\",\"@id\":\"https:\\\/\\\/fuentesfidedignas.com.mx\\\/index.php\\\/2025\\\/03\\\/04\\\/mexico-anunciara-medidas-por-aranceles-de-eu-el-domingo-en-el-zocalo\\\/#primaryimage\",\"url\":\"https:\\\/\\\/fuentesfidedignas.com.mx\\\/wp-content\\\/uploads\\\/2025\\\/03\\\/sheinbaum-aranceles-trump-1.jpg\",\"contentUrl\":\"https:\\\/\\\/fuentesfidedignas.com.mx\\\/wp-content\\\/uploads\\\/2025\\\/03\\\/sheinbaum-aranceles-trump-1.jpg\",\"width\":600,\"height\":400},{\"@type\":\"BreadcrumbList\",\"@id\":\"https:\\\/\\\/fuentesfidedignas.com.mx\\\/index.php\\\/2025\\\/03\\\/04\\\/mexico-anunciara-medidas-por-aranceles-de-eu-el-domingo-en-el-zocalo\\\/#breadcrumb\",\"itemListElement\":[{\"@type\":\"ListItem\",\"position\":1,\"name\":\"Inicio\",\"item\":\"https:\\\/\\\/fuentesfidedignas.com.mx\\\/\"},{\"@type\":\"ListItem\",\"position\":2,\"name\":\"M\u00e9xico anunciar\u00e1 medidas por aranceles de EU el domingo en el Z\u00f3calo\"}]},{\"@type\":\"WebSite\",\"@id\":\"https:\\\/\\\/fuentesfidedignas.com.mx\\\/#website\",\"url\":\"https:\\\/\\\/fuentesfidedignas.com.mx\\\/\",\"name\":\"Fuentes Fidedignas\",\"description\":\"Otro sitio realizado con WordPress\",\"publisher\":{\"@id\":\"https:\\\/\\\/fuentesfidedignas.com.mx\\\/#organization\"},\"potentialAction\":[{\"@type\":\"SearchAction\",\"target\":{\"@type\":\"EntryPoint\",\"urlTemplate\":\"https:\\\/\\\/fuentesfidedignas.com.mx\\\/?s={search_term_string}\"},\"query-input\":{\"@type\":\"PropertyValueSpecification\",\"valueRequired\":true,\"valueName\":\"search_term_string\"}}],\"inLanguage\":\"es\"},{\"@type\":\"Organization\",\"@id\":\"https:\\\/\\\/fuentesfidedignas.com.mx\\\/#organization\",\"name\":\"Fuentes Fidedignas\",\"url\":\"https:\\\/\\\/fuentesfidedignas.com.mx\\\/\",\"logo\":{\"@type\":\"ImageObject\",\"inLanguage\":\"es\",\"@id\":\"https:\\\/\\\/fuentesfidedignas.com.mx\\\/#\\\/schema\\\/logo\\\/image\\\/\",\"url\":\"https:\\\/\\\/fuentesfidedignas.com.mx\\\/wp-content\\\/uploads\\\/2021\\\/04\\\/logo-retina.png\",\"contentUrl\":\"https:\\\/\\\/fuentesfidedignas.com.mx\\\/wp-content\\\/uploads\\\/2021\\\/04\\\/logo-retina.png\",\"width\":280,\"height\":51,\"caption\":\"Fuentes Fidedignas\"},\"image\":{\"@id\":\"https:\\\/\\\/fuentesfidedignas.com.mx\\\/#\\\/schema\\\/logo\\\/image\\\/\"},\"sameAs\":[\"https:\\\/\\\/www.facebook.com\\\/Fuentes-Fidedignas-368234489921644\",\"https:\\\/\\\/x.com\\\/fidedignas\"]},{\"@type\":\"Person\",\"@id\":\"https:\\\/\\\/fuentesfidedignas.com.mx\\\/#\\\/schema\\\/person\\\/47ec0135738f4b0c7495f06a77a2c976\",\"name\":\"Milenio\",\"image\":{\"@type\":\"ImageObject\",\"inLanguage\":\"es\",\"@id\":\"https:\\\/\\\/secure.gravatar.com\\\/avatar\\\/acabf7b54753e51c2c76457954577c236b3b764789b19879565769739d1e4a75?s=96&d=mm&r=g\",\"url\":\"https:\\\/\\\/secure.gravatar.com\\\/avatar\\\/acabf7b54753e51c2c76457954577c236b3b764789b19879565769739d1e4a75?s=96&d=mm&r=g\",\"contentUrl\":\"https:\\\/\\\/secure.gravatar.com\\\/avatar\\\/acabf7b54753e51c2c76457954577c236b3b764789b19879565769739d1e4a75?s=96&d=mm&r=g\",\"caption\":\"Milenio\"},\"url\":\"https:\\\/\\\/fuentesfidedignas.com.mx\\\/index.php\\\/author\\\/milenio\\\/\"}]}<\/script>\n<!-- \/ Yoast SEO plugin. -->","yoast_head_json":{"title":"M\u00e9xico anunciar\u00e1 medidas por aranceles de EU el domingo en el Z\u00f3calo - Fuentes Fidedignas","robots":{"index":"index","follow":"follow","max-snippet":"max-snippet:-1","max-image-preview":"max-image-preview:large","max-video-preview":"max-video-preview:-1"},"canonical":"https:\/\/fuentesfidedignas.com.mx\/index.php\/2025\/03\/04\/mexico-anunciara-medidas-por-aranceles-de-eu-el-domingo-en-el-zocalo\/","og_locale":"es_MX","og_type":"article","og_title":"M\u00e9xico anunciar\u00e1 medidas por aranceles de EU el domingo en el Z\u00f3calo - Fuentes Fidedignas","og_description":"La Presidenta dar\u00e1 a conocer las acciones que tomar\u00e1 su gobierno contra los grav\u00e1menes de Trump este domingo. La presidenta Claudia Sheinbaum advirti\u00f3 que M\u00e9xico responder\u00e1 con medidas arancelarias y no arancelarias, despu\u00e9s de que su hom\u00f3logo norteamericano, Donald Trump, impuso aranceles a las exportaciones de nuestro pa\u00eds, impuesto que entr\u00f3 en vigor este martes. [&hellip;]","og_url":"https:\/\/fuentesfidedignas.com.mx\/index.php\/2025\/03\/04\/mexico-anunciara-medidas-por-aranceles-de-eu-el-domingo-en-el-zocalo\/","og_site_name":"Fuentes Fidedignas","article_publisher":"https:\/\/www.facebook.com\/Fuentes-Fidedignas-368234489921644","article_published_time":"2025-03-04T14:16:42+00:00","article_modified_time":"2025-03-04T14:16:46+00:00","og_image":[{"width":600,"height":400,"url":"https:\/\/fuentesfidedignas.com.mx\/wp-content\/uploads\/2025\/03\/sheinbaum-aranceles-trump-1.jpg","type":"image\/jpeg"}],"author":"Milenio","twitter_card":"summary_large_image","twitter_creator":"@fidedignas","twitter_site":"@fidedignas","twitter_misc":{"Escrito por":"Milenio","Tiempo de lectura":"2 minutos"},"schema":{"@context":"https:\/\/schema.org","@graph":[{"@type":"Article","@id":"https:\/\/fuentesfidedignas.com.mx\/index.php\/2025\/03\/04\/mexico-anunciara-medidas-por-aranceles-de-eu-el-domingo-en-el-zocalo\/#article","isPartOf":{"@id":"https:\/\/fuentesfidedignas.com.mx\/index.php\/2025\/03\/04\/mexico-anunciara-medidas-por-aranceles-de-eu-el-domingo-en-el-zocalo\/"},"author":{"name":"Milenio","@id":"https:\/\/fuentesfidedignas.com.mx\/#\/schema\/person\/47ec0135738f4b0c7495f06a77a2c976"},"headline":"M\u00e9xico anunciar\u00e1 medidas por aranceles de EU el domingo en el Z\u00f3calo","datePublished":"2025-03-04T14:16:42+00:00","dateModified":"2025-03-04T14:16:46+00:00","mainEntityOfPage":{"@id":"https:\/\/fuentesfidedignas.com.mx\/index.php\/2025\/03\/04\/mexico-anunciara-medidas-por-aranceles-de-eu-el-domingo-en-el-zocalo\/"},"wordCount":253,"commentCount":0,"publisher":{"@id":"https:\/\/fuentesfidedignas.com.mx\/#organization"},"image":{"@id":"https:\/\/fuentesfidedignas.com.mx\/index.php\/2025\/03\/04\/mexico-anunciara-medidas-por-aranceles-de-eu-el-domingo-en-el-zocalo\/#primaryimage"},"thumbnailUrl":"https:\/\/fuentesfidedignas.com.mx\/wp-content\/uploads\/2025\/03\/sheinbaum-aranceles-trump-1.jpg","articleSection":["NOTICIAS NACIONALES"],"inLanguage":"es","potentialAction":[{"@type":"CommentAction","name":"Comment","target":["https:\/\/fuentesfidedignas.com.mx\/index.php\/2025\/03\/04\/mexico-anunciara-medidas-por-aranceles-de-eu-el-domingo-en-el-zocalo\/#respond"]}]},{"@type":"WebPage","@id":"https:\/\/fuentesfidedignas.com.mx\/index.php\/2025\/03\/04\/mexico-anunciara-medidas-por-aranceles-de-eu-el-domingo-en-el-zocalo\/","url":"https:\/\/fuentesfidedignas.com.mx\/index.php\/2025\/03\/04\/mexico-anunciara-medidas-por-aranceles-de-eu-el-domingo-en-el-zocalo\/","name":"M\u00e9xico anunciar\u00e1 medidas por aranceles de EU el domingo en el Z\u00f3calo - Fuentes Fidedignas","isPartOf":{"@id":"https:\/\/fuentesfidedignas.com.mx\/#website"},"primaryImageOfPage":{"@id":"https:\/\/fuentesfidedignas.com.mx\/index.php\/2025\/03\/04\/mexico-anunciara-medidas-por-aranceles-de-eu-el-domingo-en-el-zocalo\/#primaryimage"},"image":{"@id":"https:\/\/fuentesfidedignas.com.mx\/index.php\/2025\/03\/04\/mexico-anunciara-medidas-por-aranceles-de-eu-el-domingo-en-el-zocalo\/#primaryimage"},"thumbnailUrl":"https:\/\/fuentesfidedignas.com.mx\/wp-content\/uploads\/2025\/03\/sheinbaum-aranceles-trump-1.jpg","datePublished":"2025-03-04T14:16:42+00:00","dateModified":"2025-03-04T14:16:46+00:00","breadcrumb":{"@id":"https:\/\/fuentesfidedignas.com.mx\/index.php\/2025\/03\/04\/mexico-anunciara-medidas-por-aranceles-de-eu-el-domingo-en-el-zocalo\/#breadcrumb"},"inLanguage":"es","potentialAction":[{"@type":"ReadAction","target":["https:\/\/fuentesfidedignas.com.mx\/index.php\/2025\/03\/04\/mexico-anunciara-medidas-por-aranceles-de-eu-el-domingo-en-el-zocalo\/"]}]},{"@type":"ImageObject","inLanguage":"es","@id":"https:\/\/fuentesfidedignas.com.mx\/index.php\/2025\/03\/04\/mexico-anunciara-medidas-por-aranceles-de-eu-el-domingo-en-el-zocalo\/#primaryimage","url":"https:\/\/fuentesfidedignas.com.mx\/wp-content\/uploads\/2025\/03\/sheinbaum-aranceles-trump-1.jpg","contentUrl":"https:\/\/fuentesfidedignas.com.mx\/wp-content\/uploads\/2025\/03\/sheinbaum-aranceles-trump-1.jpg","width":600,"height":400},{"@type":"BreadcrumbList","@id":"https:\/\/fuentesfidedignas.com.mx\/index.php\/2025\/03\/04\/mexico-anunciara-medidas-por-aranceles-de-eu-el-domingo-en-el-zocalo\/#breadcrumb","itemListElement":[{"@type":"ListItem","position":1,"name":"Inicio","item":"https:\/\/fuentesfidedignas.com.mx\/"},{"@type":"ListItem","position":2,"name":"M\u00e9xico anunciar\u00e1 medidas por aranceles de EU el domingo en el Z\u00f3calo"}]},{"@type":"WebSite","@id":"https:\/\/fuentesfidedignas.com.mx\/#website","url":"https:\/\/fuentesfidedignas.com.mx\/","name":"Fuentes Fidedignas","description":"Otro sitio realizado con WordPress","publisher":{"@id":"https:\/\/fuentesfidedignas.com.mx\/#organization"},"potentialAction":[{"@type":"SearchAction","target":{"@type":"EntryPoint","urlTemplate":"https:\/\/fuentesfidedignas.com.mx\/?s={search_term_string}"},"query-input":{"@type":"PropertyValueSpecification","valueRequired":true,"valueName":"search_term_string"}}],"inLanguage":"es"},{"@type":"Organization","@id":"https:\/\/fuentesfidedignas.com.mx\/#organization","name":"Fuentes Fidedignas","url":"https:\/\/fuentesfidedignas.com.mx\/","logo":{"@type":"ImageObject","inLanguage":"es","@id":"https:\/\/fuentesfidedignas.com.mx\/#\/schema\/logo\/image\/","url":"https:\/\/fuentesfidedignas.com.mx\/wp-content\/uploads\/2021\/04\/logo-retina.png","contentUrl":"https:\/\/fuentesfidedignas.com.mx\/wp-content\/uploads\/2021\/04\/logo-retina.png","width":280,"height":51,"caption":"Fuentes Fidedignas"},"image":{"@id":"https:\/\/fuentesfidedignas.com.mx\/#\/schema\/logo\/image\/"},"sameAs":["https:\/\/www.facebook.com\/Fuentes-Fidedignas-368234489921644","https:\/\/x.com\/fidedignas"]},{"@type":"Person","@id":"https:\/\/fuentesfidedignas.com.mx\/#\/schema\/person\/47ec0135738f4b0c7495f06a77a2c976","name":"Milenio","image":{"@type":"ImageObject","inLanguage":"es","@id":"https:\/\/secure.gravatar.com\/avatar\/acabf7b54753e51c2c76457954577c236b3b764789b19879565769739d1e4a75?s=96&d=mm&r=g","url":"https:\/\/secure.gravatar.com\/avatar\/acabf7b54753e51c2c76457954577c236b3b764789b19879565769739d1e4a75?s=96&d=mm&r=g","contentUrl":"https:\/\/secure.gravatar.com\/avatar\/acabf7b54753e51c2c76457954577c236b3b764789b19879565769739d1e4a75?s=96&d=mm&r=g","caption":"Milenio"},"url":"https:\/\/fuentesfidedignas.com.mx\/index.php\/author\/milenio\/"}]}},"_links":{"self":[{"href":"https:\/\/fuentesfidedignas.com.mx\/index.php\/wp-json\/wp\/v2\/posts\/103093","targetHints":{"allow":["GET"]}}],"collection":[{"href":"https:\/\/fuentesfidedignas.com.mx\/index.php\/wp-json\/wp\/v2\/posts"}],"about":[{"href":"https:\/\/fuentesfidedignas.com.mx\/index.php\/wp-json\/wp\/v2\/types\/post"}],"author":[{"embeddable":true,"href":"https:\/\/fuentesfidedignas.com.mx\/index.php\/wp-json\/wp\/v2\/users\/9"}],"replies":[{"embeddable":true,"href":"https:\/\/fuentesfidedignas.com.mx\/index.php\/wp-json\/wp\/v2\/comments?post=103093"}],"version-history":[{"count":1,"href":"https:\/\/fuentesfidedignas.com.mx\/index.php\/wp-json\/wp\/v2\/posts\/103093\/revisions"}],"predecessor-version":[{"id":103095,"href":"https:\/\/fuentesfidedignas.com.mx\/index.php\/wp-json\/wp\/v2\/posts\/103093\/revisions\/103095"}],"wp:featuredmedia":[{"embeddable":true,"href":"https:\/\/fuentesfidedignas.com.mx\/index.php\/wp-json\/wp\/v2\/media\/103094"}],"wp:attachment":[{"href":"https:\/\/fuentesfidedignas.com.mx\/index.php\/wp-json\/wp\/v2\/media?parent=103093"}],"wp:term":[{"taxonomy":"category","embeddable":true,"href":"https:\/\/fuentesfidedignas.com.mx\/index.php\/wp-json\/wp\/v2\/categories?post=103093"},{"taxonomy":"post_tag","embeddable":true,"href":"https:\/\/fuentesfidedignas.com.mx\/index.php\/wp-json\/wp\/v2\/tags?post=103093"}],"curies":[{"name":"wp","href":"https:\/\/api.w.org\/{rel}","templated":true}]}}