{"id":103088,"date":"2025-03-04T06:55:02","date_gmt":"2025-03-04T13:55:02","guid":{"rendered":"https:\/\/fuentesfidedignas.com.mx\/?p=103088"},"modified":"2025-03-04T06:55:06","modified_gmt":"2025-03-04T13:55:06","slug":"canada-anuncia-represalias-contra-eu-por-aranceles-de-trump","status":"publish","type":"post","link":"https:\/\/fuentesfidedignas.com.mx\/index.php\/2025\/03\/04\/canada-anuncia-represalias-contra-eu-por-aranceles-de-trump\/","title":{"rendered":"Canad\u00e1 anuncia represalias contra EU por aranceles de Trump"},"content":{"rendered":"\n<p><strong><em>Canad\u00e1 tomar\u00e1 represalias de forma inmediata con grav\u00e1menes del 25 % a 30 mil millones de d\u00f3lares de importaciones de EU<\/em><\/strong><\/p>\n\n\n\n<p>El primer ministro canadiense, Justin Trudeau, dijo este lunes que la decisi\u00f3n del presidente estadounidense, Donald Trump, de imponer aranceles a los productos canadienses es \u201cinjustificada\u201d y que Canad\u00e1 tomar\u00e1 represalias de forma inmediata con grav\u00e1menes del 25 % a 30.000 millones de d\u00f3lares de importaciones de EE.UU.<\/p>\n\n\n\n<p>Trudeau a\u00f1adi\u00f3 en un comunicado dado a conocer a \u00faltima hora del lunes, que en si Washington mantiene los aranceles del 10 % a las importaciones de energ\u00eda y un 25 % al resto de productos canadienses, en 21 d\u00edas su Gobierno impondr\u00e1 grav\u00e1menes a otros 125.000 millones de d\u00f3lares. Canad\u00e1 tambi\u00e9n est\u00e1 estudiando represalias no arancelarias.<\/p>\n\n\n\n<p>&#8220;Canad\u00e1 no permitir\u00e1 que est\u00e1 decisi\u00f3n injustificada quede sin respuesta. Si los aranceles estadounidenses entran en efecto esta noche, Canad\u00e1 a partir de las 12.01 de ma\u00f1ana responder\u00e1 con aranceles del 25 % contra 155.000 millones de d\u00f3lares de bienes estadounidenses\u201d, declar\u00f3 Trudeau.<\/p>\n\n\n\n<p>\u201cNuestros aranceles permanecer\u00e1n en vigor hasta que la acci\u00f3n comercial de EE.UU. es revocada y si los aranceles estadounidenses no cesan, estamos en conversaciones con las provincias y territorios para implementar medidas no arancelarias\u201d, a\u00f1adi\u00f3.<\/p>\n\n\n\n<p>Estas medidas podr\u00edan incluir la interrupci\u00f3n de las exportaciones de energ\u00eda (tanto gas como petr\u00f3leo y electricidad) a Estados Unidos, algo que varios jefes de Gobierno provinciales han planteado y que podr\u00eda dejar sin electricidad a millones de hogares del norte de EE.UU.<\/p>\n\n\n\n<p>El dirigente canadiense record\u00f3 que los aranceles impuestos por Trump \u201cinfringen el mismo acuerdo que fue negociado por el presidente Trump en su anterior mandato\u201d y que Canad\u00e1 ha respondido a las demandas que Washington impuso en enero para evitar los aranceles.<\/p>\n\n\n\n<p>Canad\u00e1 ha incrementado la seguridad fronteriza con inversiones de cerca de 1.000 millones de d\u00f3lares estadounidenses, ha desplegado miles de agentes en las zonas colindantes a EE.UU. y ha reforzado las medidas para evitar el tr\u00e1fico de drogas, incluido el nombramiento de un \u2018zar del fentanilo\u2019.<\/p>\n\n\n\n<p>Gracias a esas medidas, el tr\u00e1fico de fentanilo de Canad\u00e1 a EE.UU. pr\u00e1cticamente ces\u00f3 al completo en enero de este a\u00f1o, cuando las autoridades estadounidenses s\u00f3lo aprehendieron 0,01 kilogramos de fentanilo, seg\u00fan los datos de las propias autoridades estadounidenses revelados por Trudeau.<\/p>\n","protected":false},"excerpt":{"rendered":"<p>Canad\u00e1 tomar\u00e1 represalias de forma inmediata con grav\u00e1menes del 25 % a 30 mil millones de d\u00f3lares de importaciones de EU El primer ministro canadiense, Justin Trudeau, dijo este lunes que la decisi\u00f3n del presidente estadounidense, Donald Trump, de imponer aranceles a los productos canadienses es \u201cinjustificada\u201d y que Canad\u00e1 tomar\u00e1 represalias de forma inmediata [&hellip;]<\/p>\n","protected":false},"author":47,"featured_media":22998,"comment_status":"open","ping_status":"open","sticky":false,"template":"","format":"standard","meta":{"tdm_status":"","tdm_grid_status":"","footnotes":""},"categories":[39],"tags":[],"class_list":{"0":"post-103088","1":"post","2":"type-post","3":"status-publish","4":"format-standard","5":"has-post-thumbnail","7":"category-noticias-nacionales"},"yoast_head":"<!-- This site is optimized with the Yoast SEO plugin v27.4 - https:\/\/yoast.com\/product\/yoast-seo-wordpress\/ -->\n<title>Canad\u00e1 anuncia represalias contra EU por aranceles de Trump - Fuentes Fidedignas<\/title>\n<meta name=\"robots\" content=\"index, follow, max-snippet:-1, max-image-preview:large, max-video-preview:-1\" \/>\n<link rel=\"canonical\" href=\"https:\/\/fuentesfidedignas.com.mx\/index.php\/2025\/03\/04\/canada-anuncia-represalias-contra-eu-por-aranceles-de-trump\/\" \/>\n<meta property=\"og:locale\" content=\"es_MX\" \/>\n<meta property=\"og:type\" content=\"article\" \/>\n<meta property=\"og:title\" content=\"Canad\u00e1 anuncia represalias contra EU por aranceles de Trump - Fuentes Fidedignas\" \/>\n<meta property=\"og:description\" content=\"Canad\u00e1 tomar\u00e1 represalias de forma inmediata con grav\u00e1menes del 25 % a 30 mil millones de d\u00f3lares de importaciones de EU El primer ministro canadiense, Justin Trudeau, dijo este lunes que la decisi\u00f3n del presidente estadounidense, Donald Trump, de imponer aranceles a los productos canadienses es \u201cinjustificada\u201d y que Canad\u00e1 tomar\u00e1 represalias de forma inmediata [&hellip;]\" \/>\n<meta property=\"og:url\" content=\"https:\/\/fuentesfidedignas.com.mx\/index.php\/2025\/03\/04\/canada-anuncia-represalias-contra-eu-por-aranceles-de-trump\/\" \/>\n<meta property=\"og:site_name\" content=\"Fuentes Fidedignas\" \/>\n<meta property=\"article:publisher\" content=\"https:\/\/www.facebook.com\/Fuentes-Fidedignas-368234489921644\" \/>\n<meta property=\"article:published_time\" content=\"2025-03-04T13:55:02+00:00\" \/>\n<meta property=\"article:modified_time\" content=\"2025-03-04T13:55:06+00:00\" \/>\n<meta property=\"og:image\" content=\"https:\/\/fuentesfidedignas.com.mx\/wp-content\/uploads\/2022\/01\/justin.jpg\" \/>\n\t<meta property=\"og:image:width\" content=\"800\" \/>\n\t<meta property=\"og:image:height\" content=\"600\" \/>\n\t<meta property=\"og:image:type\" content=\"image\/jpeg\" \/>\n<meta name=\"author\" content=\"L\u00f3pez D\u00f3riga\" \/>\n<meta name=\"twitter:card\" content=\"summary_large_image\" \/>\n<meta name=\"twitter:creator\" content=\"@fidedignas\" \/>\n<meta name=\"twitter:site\" content=\"@fidedignas\" \/>\n<meta name=\"twitter:label1\" content=\"Escrito por\" \/>\n\t<meta name=\"twitter:data1\" content=\"L\u00f3pez D\u00f3riga\" \/>\n\t<meta name=\"twitter:label2\" content=\"Tiempo de lectura\" \/>\n\t<meta name=\"twitter:data2\" content=\"2 minutos\" \/>\n<script type=\"application\/ld+json\" class=\"yoast-schema-graph\">{\"@context\":\"https:\\\/\\\/schema.org\",\"@graph\":[{\"@type\":\"Article\",\"@id\":\"https:\\\/\\\/fuentesfidedignas.com.mx\\\/index.php\\\/2025\\\/03\\\/04\\\/canada-anuncia-represalias-contra-eu-por-aranceles-de-trump\\\/#article\",\"isPartOf\":{\"@id\":\"https:\\\/\\\/fuentesfidedignas.com.mx\\\/index.php\\\/2025\\\/03\\\/04\\\/canada-anuncia-represalias-contra-eu-por-aranceles-de-trump\\\/\"},\"author\":{\"name\":\"L\u00f3pez D\u00f3riga\",\"@id\":\"https:\\\/\\\/fuentesfidedignas.com.mx\\\/#\\\/schema\\\/person\\\/67d852f0557c8509146a4b9ddebd543a\"},\"headline\":\"Canad\u00e1 anuncia represalias contra EU por aranceles de Trump\",\"datePublished\":\"2025-03-04T13:55:02+00:00\",\"dateModified\":\"2025-03-04T13:55:06+00:00\",\"mainEntityOfPage\":{\"@id\":\"https:\\\/\\\/fuentesfidedignas.com.mx\\\/index.php\\\/2025\\\/03\\\/04\\\/canada-anuncia-represalias-contra-eu-por-aranceles-de-trump\\\/\"},\"wordCount\":402,\"commentCount\":0,\"publisher\":{\"@id\":\"https:\\\/\\\/fuentesfidedignas.com.mx\\\/#organization\"},\"image\":{\"@id\":\"https:\\\/\\\/fuentesfidedignas.com.mx\\\/index.php\\\/2025\\\/03\\\/04\\\/canada-anuncia-represalias-contra-eu-por-aranceles-de-trump\\\/#primaryimage\"},\"thumbnailUrl\":\"https:\\\/\\\/fuentesfidedignas.com.mx\\\/wp-content\\\/uploads\\\/2022\\\/01\\\/justin.jpg\",\"articleSection\":[\"NOTICIAS NACIONALES\"],\"inLanguage\":\"es\",\"potentialAction\":[{\"@type\":\"CommentAction\",\"name\":\"Comment\",\"target\":[\"https:\\\/\\\/fuentesfidedignas.com.mx\\\/index.php\\\/2025\\\/03\\\/04\\\/canada-anuncia-represalias-contra-eu-por-aranceles-de-trump\\\/#respond\"]}]},{\"@type\":\"WebPage\",\"@id\":\"https:\\\/\\\/fuentesfidedignas.com.mx\\\/index.php\\\/2025\\\/03\\\/04\\\/canada-anuncia-represalias-contra-eu-por-aranceles-de-trump\\\/\",\"url\":\"https:\\\/\\\/fuentesfidedignas.com.mx\\\/index.php\\\/2025\\\/03\\\/04\\\/canada-anuncia-represalias-contra-eu-por-aranceles-de-trump\\\/\",\"name\":\"Canad\u00e1 anuncia represalias contra EU por aranceles de Trump - Fuentes Fidedignas\",\"isPartOf\":{\"@id\":\"https:\\\/\\\/fuentesfidedignas.com.mx\\\/#website\"},\"primaryImageOfPage\":{\"@id\":\"https:\\\/\\\/fuentesfidedignas.com.mx\\\/index.php\\\/2025\\\/03\\\/04\\\/canada-anuncia-represalias-contra-eu-por-aranceles-de-trump\\\/#primaryimage\"},\"image\":{\"@id\":\"https:\\\/\\\/fuentesfidedignas.com.mx\\\/index.php\\\/2025\\\/03\\\/04\\\/canada-anuncia-represalias-contra-eu-por-aranceles-de-trump\\\/#primaryimage\"},\"thumbnailUrl\":\"https:\\\/\\\/fuentesfidedignas.com.mx\\\/wp-content\\\/uploads\\\/2022\\\/01\\\/justin.jpg\",\"datePublished\":\"2025-03-04T13:55:02+00:00\",\"dateModified\":\"2025-03-04T13:55:06+00:00\",\"breadcrumb\":{\"@id\":\"https:\\\/\\\/fuentesfidedignas.com.mx\\\/index.php\\\/2025\\\/03\\\/04\\\/canada-anuncia-represalias-contra-eu-por-aranceles-de-trump\\\/#breadcrumb\"},\"inLanguage\":\"es\",\"potentialAction\":[{\"@type\":\"ReadAction\",\"target\":[\"https:\\\/\\\/fuentesfidedignas.com.mx\\\/index.php\\\/2025\\\/03\\\/04\\\/canada-anuncia-represalias-contra-eu-por-aranceles-de-trump\\\/\"]}]},{\"@type\":\"ImageObject\",\"inLanguage\":\"es\",\"@id\":\"https:\\\/\\\/fuentesfidedignas.com.mx\\\/index.php\\\/2025\\\/03\\\/04\\\/canada-anuncia-represalias-contra-eu-por-aranceles-de-trump\\\/#primaryimage\",\"url\":\"https:\\\/\\\/fuentesfidedignas.com.mx\\\/wp-content\\\/uploads\\\/2022\\\/01\\\/justin.jpg\",\"contentUrl\":\"https:\\\/\\\/fuentesfidedignas.com.mx\\\/wp-content\\\/uploads\\\/2022\\\/01\\\/justin.jpg\",\"width\":800,\"height\":600},{\"@type\":\"BreadcrumbList\",\"@id\":\"https:\\\/\\\/fuentesfidedignas.com.mx\\\/index.php\\\/2025\\\/03\\\/04\\\/canada-anuncia-represalias-contra-eu-por-aranceles-de-trump\\\/#breadcrumb\",\"itemListElement\":[{\"@type\":\"ListItem\",\"position\":1,\"name\":\"Inicio\",\"item\":\"https:\\\/\\\/fuentesfidedignas.com.mx\\\/\"},{\"@type\":\"ListItem\",\"position\":2,\"name\":\"Canad\u00e1 anuncia represalias contra EU por aranceles de Trump\"}]},{\"@type\":\"WebSite\",\"@id\":\"https:\\\/\\\/fuentesfidedignas.com.mx\\\/#website\",\"url\":\"https:\\\/\\\/fuentesfidedignas.com.mx\\\/\",\"name\":\"Fuentes Fidedignas\",\"description\":\"Otro sitio realizado con WordPress\",\"publisher\":{\"@id\":\"https:\\\/\\\/fuentesfidedignas.com.mx\\\/#organization\"},\"potentialAction\":[{\"@type\":\"SearchAction\",\"target\":{\"@type\":\"EntryPoint\",\"urlTemplate\":\"https:\\\/\\\/fuentesfidedignas.com.mx\\\/?s={search_term_string}\"},\"query-input\":{\"@type\":\"PropertyValueSpecification\",\"valueRequired\":true,\"valueName\":\"search_term_string\"}}],\"inLanguage\":\"es\"},{\"@type\":\"Organization\",\"@id\":\"https:\\\/\\\/fuentesfidedignas.com.mx\\\/#organization\",\"name\":\"Fuentes Fidedignas\",\"url\":\"https:\\\/\\\/fuentesfidedignas.com.mx\\\/\",\"logo\":{\"@type\":\"ImageObject\",\"inLanguage\":\"es\",\"@id\":\"https:\\\/\\\/fuentesfidedignas.com.mx\\\/#\\\/schema\\\/logo\\\/image\\\/\",\"url\":\"https:\\\/\\\/fuentesfidedignas.com.mx\\\/wp-content\\\/uploads\\\/2021\\\/04\\\/logo-retina.png\",\"contentUrl\":\"https:\\\/\\\/fuentesfidedignas.com.mx\\\/wp-content\\\/uploads\\\/2021\\\/04\\\/logo-retina.png\",\"width\":280,\"height\":51,\"caption\":\"Fuentes Fidedignas\"},\"image\":{\"@id\":\"https:\\\/\\\/fuentesfidedignas.com.mx\\\/#\\\/schema\\\/logo\\\/image\\\/\"},\"sameAs\":[\"https:\\\/\\\/www.facebook.com\\\/Fuentes-Fidedignas-368234489921644\",\"https:\\\/\\\/x.com\\\/fidedignas\"]},{\"@type\":\"Person\",\"@id\":\"https:\\\/\\\/fuentesfidedignas.com.mx\\\/#\\\/schema\\\/person\\\/67d852f0557c8509146a4b9ddebd543a\",\"name\":\"L\u00f3pez D\u00f3riga\",\"image\":{\"@type\":\"ImageObject\",\"inLanguage\":\"es\",\"@id\":\"https:\\\/\\\/secure.gravatar.com\\\/avatar\\\/e525b06574ca18b33cded59dfe5778d6c823b9513154eff47da551b0551bdd1e?s=96&d=mm&r=g\",\"url\":\"https:\\\/\\\/secure.gravatar.com\\\/avatar\\\/e525b06574ca18b33cded59dfe5778d6c823b9513154eff47da551b0551bdd1e?s=96&d=mm&r=g\",\"contentUrl\":\"https:\\\/\\\/secure.gravatar.com\\\/avatar\\\/e525b06574ca18b33cded59dfe5778d6c823b9513154eff47da551b0551bdd1e?s=96&d=mm&r=g\",\"caption\":\"L\u00f3pez D\u00f3riga\"},\"url\":\"https:\\\/\\\/fuentesfidedignas.com.mx\\\/index.php\\\/author\\\/doriga\\\/\"}]}<\/script>\n<!-- \/ Yoast SEO plugin. -->","yoast_head_json":{"title":"Canad\u00e1 anuncia represalias contra EU por aranceles de Trump - Fuentes Fidedignas","robots":{"index":"index","follow":"follow","max-snippet":"max-snippet:-1","max-image-preview":"max-image-preview:large","max-video-preview":"max-video-preview:-1"},"canonical":"https:\/\/fuentesfidedignas.com.mx\/index.php\/2025\/03\/04\/canada-anuncia-represalias-contra-eu-por-aranceles-de-trump\/","og_locale":"es_MX","og_type":"article","og_title":"Canad\u00e1 anuncia represalias contra EU por aranceles de Trump - Fuentes Fidedignas","og_description":"Canad\u00e1 tomar\u00e1 represalias de forma inmediata con grav\u00e1menes del 25 % a 30 mil millones de d\u00f3lares de importaciones de EU El primer ministro canadiense, Justin Trudeau, dijo este lunes que la decisi\u00f3n del presidente estadounidense, Donald Trump, de imponer aranceles a los productos canadienses es \u201cinjustificada\u201d y que Canad\u00e1 tomar\u00e1 represalias de forma inmediata [&hellip;]","og_url":"https:\/\/fuentesfidedignas.com.mx\/index.php\/2025\/03\/04\/canada-anuncia-represalias-contra-eu-por-aranceles-de-trump\/","og_site_name":"Fuentes Fidedignas","article_publisher":"https:\/\/www.facebook.com\/Fuentes-Fidedignas-368234489921644","article_published_time":"2025-03-04T13:55:02+00:00","article_modified_time":"2025-03-04T13:55:06+00:00","og_image":[{"width":800,"height":600,"url":"https:\/\/fuentesfidedignas.com.mx\/wp-content\/uploads\/2022\/01\/justin.jpg","type":"image\/jpeg"}],"author":"L\u00f3pez D\u00f3riga","twitter_card":"summary_large_image","twitter_creator":"@fidedignas","twitter_site":"@fidedignas","twitter_misc":{"Escrito por":"L\u00f3pez D\u00f3riga","Tiempo de lectura":"2 minutos"},"schema":{"@context":"https:\/\/schema.org","@graph":[{"@type":"Article","@id":"https:\/\/fuentesfidedignas.com.mx\/index.php\/2025\/03\/04\/canada-anuncia-represalias-contra-eu-por-aranceles-de-trump\/#article","isPartOf":{"@id":"https:\/\/fuentesfidedignas.com.mx\/index.php\/2025\/03\/04\/canada-anuncia-represalias-contra-eu-por-aranceles-de-trump\/"},"author":{"name":"L\u00f3pez D\u00f3riga","@id":"https:\/\/fuentesfidedignas.com.mx\/#\/schema\/person\/67d852f0557c8509146a4b9ddebd543a"},"headline":"Canad\u00e1 anuncia represalias contra EU por aranceles de Trump","datePublished":"2025-03-04T13:55:02+00:00","dateModified":"2025-03-04T13:55:06+00:00","mainEntityOfPage":{"@id":"https:\/\/fuentesfidedignas.com.mx\/index.php\/2025\/03\/04\/canada-anuncia-represalias-contra-eu-por-aranceles-de-trump\/"},"wordCount":402,"commentCount":0,"publisher":{"@id":"https:\/\/fuentesfidedignas.com.mx\/#organization"},"image":{"@id":"https:\/\/fuentesfidedignas.com.mx\/index.php\/2025\/03\/04\/canada-anuncia-represalias-contra-eu-por-aranceles-de-trump\/#primaryimage"},"thumbnailUrl":"https:\/\/fuentesfidedignas.com.mx\/wp-content\/uploads\/2022\/01\/justin.jpg","articleSection":["NOTICIAS NACIONALES"],"inLanguage":"es","potentialAction":[{"@type":"CommentAction","name":"Comment","target":["https:\/\/fuentesfidedignas.com.mx\/index.php\/2025\/03\/04\/canada-anuncia-represalias-contra-eu-por-aranceles-de-trump\/#respond"]}]},{"@type":"WebPage","@id":"https:\/\/fuentesfidedignas.com.mx\/index.php\/2025\/03\/04\/canada-anuncia-represalias-contra-eu-por-aranceles-de-trump\/","url":"https:\/\/fuentesfidedignas.com.mx\/index.php\/2025\/03\/04\/canada-anuncia-represalias-contra-eu-por-aranceles-de-trump\/","name":"Canad\u00e1 anuncia represalias contra EU por aranceles de Trump - Fuentes Fidedignas","isPartOf":{"@id":"https:\/\/fuentesfidedignas.com.mx\/#website"},"primaryImageOfPage":{"@id":"https:\/\/fuentesfidedignas.com.mx\/index.php\/2025\/03\/04\/canada-anuncia-represalias-contra-eu-por-aranceles-de-trump\/#primaryimage"},"image":{"@id":"https:\/\/fuentesfidedignas.com.mx\/index.php\/2025\/03\/04\/canada-anuncia-represalias-contra-eu-por-aranceles-de-trump\/#primaryimage"},"thumbnailUrl":"https:\/\/fuentesfidedignas.com.mx\/wp-content\/uploads\/2022\/01\/justin.jpg","datePublished":"2025-03-04T13:55:02+00:00","dateModified":"2025-03-04T13:55:06+00:00","breadcrumb":{"@id":"https:\/\/fuentesfidedignas.com.mx\/index.php\/2025\/03\/04\/canada-anuncia-represalias-contra-eu-por-aranceles-de-trump\/#breadcrumb"},"inLanguage":"es","potentialAction":[{"@type":"ReadAction","target":["https:\/\/fuentesfidedignas.com.mx\/index.php\/2025\/03\/04\/canada-anuncia-represalias-contra-eu-por-aranceles-de-trump\/"]}]},{"@type":"ImageObject","inLanguage":"es","@id":"https:\/\/fuentesfidedignas.com.mx\/index.php\/2025\/03\/04\/canada-anuncia-represalias-contra-eu-por-aranceles-de-trump\/#primaryimage","url":"https:\/\/fuentesfidedignas.com.mx\/wp-content\/uploads\/2022\/01\/justin.jpg","contentUrl":"https:\/\/fuentesfidedignas.com.mx\/wp-content\/uploads\/2022\/01\/justin.jpg","width":800,"height":600},{"@type":"BreadcrumbList","@id":"https:\/\/fuentesfidedignas.com.mx\/index.php\/2025\/03\/04\/canada-anuncia-represalias-contra-eu-por-aranceles-de-trump\/#breadcrumb","itemListElement":[{"@type":"ListItem","position":1,"name":"Inicio","item":"https:\/\/fuentesfidedignas.com.mx\/"},{"@type":"ListItem","position":2,"name":"Canad\u00e1 anuncia represalias contra EU por aranceles de Trump"}]},{"@type":"WebSite","@id":"https:\/\/fuentesfidedignas.com.mx\/#website","url":"https:\/\/fuentesfidedignas.com.mx\/","name":"Fuentes Fidedignas","description":"Otro sitio realizado con WordPress","publisher":{"@id":"https:\/\/fuentesfidedignas.com.mx\/#organization"},"potentialAction":[{"@type":"SearchAction","target":{"@type":"EntryPoint","urlTemplate":"https:\/\/fuentesfidedignas.com.mx\/?s={search_term_string}"},"query-input":{"@type":"PropertyValueSpecification","valueRequired":true,"valueName":"search_term_string"}}],"inLanguage":"es"},{"@type":"Organization","@id":"https:\/\/fuentesfidedignas.com.mx\/#organization","name":"Fuentes Fidedignas","url":"https:\/\/fuentesfidedignas.com.mx\/","logo":{"@type":"ImageObject","inLanguage":"es","@id":"https:\/\/fuentesfidedignas.com.mx\/#\/schema\/logo\/image\/","url":"https:\/\/fuentesfidedignas.com.mx\/wp-content\/uploads\/2021\/04\/logo-retina.png","contentUrl":"https:\/\/fuentesfidedignas.com.mx\/wp-content\/uploads\/2021\/04\/logo-retina.png","width":280,"height":51,"caption":"Fuentes Fidedignas"},"image":{"@id":"https:\/\/fuentesfidedignas.com.mx\/#\/schema\/logo\/image\/"},"sameAs":["https:\/\/www.facebook.com\/Fuentes-Fidedignas-368234489921644","https:\/\/x.com\/fidedignas"]},{"@type":"Person","@id":"https:\/\/fuentesfidedignas.com.mx\/#\/schema\/person\/67d852f0557c8509146a4b9ddebd543a","name":"L\u00f3pez D\u00f3riga","image":{"@type":"ImageObject","inLanguage":"es","@id":"https:\/\/secure.gravatar.com\/avatar\/e525b06574ca18b33cded59dfe5778d6c823b9513154eff47da551b0551bdd1e?s=96&d=mm&r=g","url":"https:\/\/secure.gravatar.com\/avatar\/e525b06574ca18b33cded59dfe5778d6c823b9513154eff47da551b0551bdd1e?s=96&d=mm&r=g","contentUrl":"https:\/\/secure.gravatar.com\/avatar\/e525b06574ca18b33cded59dfe5778d6c823b9513154eff47da551b0551bdd1e?s=96&d=mm&r=g","caption":"L\u00f3pez D\u00f3riga"},"url":"https:\/\/fuentesfidedignas.com.mx\/index.php\/author\/doriga\/"}]}},"_links":{"self":[{"href":"https:\/\/fuentesfidedignas.com.mx\/index.php\/wp-json\/wp\/v2\/posts\/103088","targetHints":{"allow":["GET"]}}],"collection":[{"href":"https:\/\/fuentesfidedignas.com.mx\/index.php\/wp-json\/wp\/v2\/posts"}],"about":[{"href":"https:\/\/fuentesfidedignas.com.mx\/index.php\/wp-json\/wp\/v2\/types\/post"}],"author":[{"embeddable":true,"href":"https:\/\/fuentesfidedignas.com.mx\/index.php\/wp-json\/wp\/v2\/users\/47"}],"replies":[{"embeddable":true,"href":"https:\/\/fuentesfidedignas.com.mx\/index.php\/wp-json\/wp\/v2\/comments?post=103088"}],"version-history":[{"count":1,"href":"https:\/\/fuentesfidedignas.com.mx\/index.php\/wp-json\/wp\/v2\/posts\/103088\/revisions"}],"predecessor-version":[{"id":103089,"href":"https:\/\/fuentesfidedignas.com.mx\/index.php\/wp-json\/wp\/v2\/posts\/103088\/revisions\/103089"}],"wp:featuredmedia":[{"embeddable":true,"href":"https:\/\/fuentesfidedignas.com.mx\/index.php\/wp-json\/wp\/v2\/media\/22998"}],"wp:attachment":[{"href":"https:\/\/fuentesfidedignas.com.mx\/index.php\/wp-json\/wp\/v2\/media?parent=103088"}],"wp:term":[{"taxonomy":"category","embeddable":true,"href":"https:\/\/fuentesfidedignas.com.mx\/index.php\/wp-json\/wp\/v2\/categories?post=103088"},{"taxonomy":"post_tag","embeddable":true,"href":"https:\/\/fuentesfidedignas.com.mx\/index.php\/wp-json\/wp\/v2\/tags?post=103088"}],"curies":[{"name":"wp","href":"https:\/\/api.w.org\/{rel}","templated":true}]}}