{"id":10305,"date":"2021-08-19T19:58:37","date_gmt":"2021-08-20T02:58:37","guid":{"rendered":"https:\/\/fuentesfidedignas.com.mx\/?p=10305"},"modified":"2021-08-19T19:58:38","modified_gmt":"2021-08-20T02:58:38","slug":"sinaloa-pasara-a-semaforo-epidemiologico-amarillo","status":"publish","type":"post","link":"https:\/\/fuentesfidedignas.com.mx\/index.php\/2021\/08\/19\/sinaloa-pasara-a-semaforo-epidemiologico-amarillo\/","title":{"rendered":"Sinaloa pasar\u00e1 a sem\u00e1foro epidemiol\u00f3gico amarillo"},"content":{"rendered":"\n<p>El nivel de riesgo epid\u00e9mico ser\u00e1 moderado, continuando con la aplicaci\u00f3n de las medidas de mitigaci\u00f3n correspondientes para el control de la pandemia._<\/p>\n\n\n\n<p>Culiac\u00e1n, Sinaloa.-  Para el periodo comprendido entre el 23 de agosto al 5 de septiembre de 2021, Sinaloa se posicionar\u00e1 en el Sem\u00e1foro Epidemiol\u00f3gico Amarillo, lo anterior de acuerdo a la nueva metodolog\u00eda de estimaci\u00f3n de riesgo aplicada por la Secretar\u00eda de Salud Federal.<\/p>\n\n\n\n<p>El Dr. Efr\u00e9n Encinas Torres, Secretario de Salud en Sinaloa, se\u00f1al\u00f3 que esto implica una mayor responsabilidad tanto de Gobiernos como de Sociedad en General, ya que el color del sem\u00e1foro no debe de significar que dejemos de cuidarnos.<\/p>\n\n\n\n<p>\u201cDeseo informarles que nos lleg\u00f3 oficialmente la informaci\u00f3n de Salud Federal en relaci\u00f3n al Sem\u00e1foro Epidemiol\u00f3gico, Sinaloa a partir del 23 de agosto al 5 de septiembre pasa a sem\u00e1foro de color amarillo, es un sem\u00e1foro epidemiol\u00f3gico de riesgo moderado y ello ha sido gracias a las medidas implementadas y el apego de las acciones por toda la sociedad indicadas por los tres niveles de gobierno, ello nos compromete m\u00e1s a seguir reforzando las acciones de prevenci\u00f3n, los cuidados que ya conocemos, as\u00ed como el hecho de mantener el proceso de vacunaci\u00f3n anti Covid, ser\u00e1 una responsabilidad de todos nosotros el mantener estas acciones para disminuir el impacto de la pandemia\u201d, explic\u00f3.<\/p>\n\n\n\n<p>De esta manera, y de acuerdo a los 10 indicadores tomados en cuenta por parte de la Sub Secretar\u00eda de Prevenci\u00f3n y Promoci\u00f3n de la Salud del Gobierno de M\u00e9xico, se tiene como resultado un porcentaje de 39.8 por ciento de camas generales ocupadas en hospitales de la Red IRAG, un porcentaje de 42.2 por ciento En camas con ventilador ocupadas en los hospitales de la Red IRAG y un porcentaje de positividad por PCR en USMER a SARS-CoV-2 de 44.9 por ciento.<\/p>\n\n\n\n<p>Para continuar con esta tendencia a la baja en los casos de COVID-19 se pide a la poblaci\u00f3n continuar con la implementaci\u00f3n de las medidas de prevenci\u00f3n&nbsp; como salir de casa solo si es necesario, el correcto uso del cubrebocas, mantener la sana distancia y el lavado de manos o uso de gel antibacterial de manera constante.<\/p>\n\n\n\n<p>En caso de presentar s\u00edntomas de la enfermedad o ante cualquier inquietud, marcar a un Call Center para que personal de salud le oriente, a los siguientes n\u00fameros, en Culiac\u00e1n 667 713 0063, Mazatl\u00e1n 669 910 1839, Guasave 687 721 0659, Los Mochis 668 123 4557 y Guam\u00fachil 673 688 0630.<\/p>\n","protected":false},"excerpt":{"rendered":"<p>El nivel de riesgo epid\u00e9mico ser\u00e1 moderado, continuando con la aplicaci\u00f3n de las medidas de mitigaci\u00f3n correspondientes para el control de la pandemia._ Culiac\u00e1n, Sinaloa.- Para el periodo comprendido entre el 23 de agosto al 5 de septiembre de 2021, Sinaloa se posicionar\u00e1 en el Sem\u00e1foro Epidemiol\u00f3gico Amarillo, lo anterior de acuerdo a la nueva [&hellip;]<\/p>\n","protected":false},"author":4,"featured_media":0,"comment_status":"open","ping_status":"open","sticky":false,"template":"","format":"standard","meta":{"tdm_status":"","tdm_grid_status":"","footnotes":""},"categories":[38],"tags":[1685],"class_list":{"0":"post-10305","1":"post","2":"type-post","3":"status-publish","4":"format-standard","6":"category-noticias-locales","7":"tag-sinaloa-amarillo"},"yoast_head":"<!-- This site is optimized with the Yoast SEO plugin v27.5 - https:\/\/yoast.com\/product\/yoast-seo-wordpress\/ -->\n<title>Sinaloa pasar\u00e1 a sem\u00e1foro epidemiol\u00f3gico amarillo - Fuentes Fidedignas<\/title>\n<meta name=\"robots\" content=\"index, follow, max-snippet:-1, max-image-preview:large, max-video-preview:-1\" \/>\n<link rel=\"canonical\" href=\"https:\/\/fuentesfidedignas.com.mx\/index.php\/2021\/08\/19\/sinaloa-pasara-a-semaforo-epidemiologico-amarillo\/\" \/>\n<meta property=\"og:locale\" content=\"es_MX\" \/>\n<meta property=\"og:type\" content=\"article\" \/>\n<meta property=\"og:title\" content=\"Sinaloa pasar\u00e1 a sem\u00e1foro epidemiol\u00f3gico amarillo - Fuentes Fidedignas\" \/>\n<meta property=\"og:description\" content=\"El nivel de riesgo epid\u00e9mico ser\u00e1 moderado, continuando con la aplicaci\u00f3n de las medidas de mitigaci\u00f3n correspondientes para el control de la pandemia._ Culiac\u00e1n, Sinaloa.- Para el periodo comprendido entre el 23 de agosto al 5 de septiembre de 2021, Sinaloa se posicionar\u00e1 en el Sem\u00e1foro Epidemiol\u00f3gico Amarillo, lo anterior de acuerdo a la nueva [&hellip;]\" \/>\n<meta property=\"og:url\" content=\"https:\/\/fuentesfidedignas.com.mx\/index.php\/2021\/08\/19\/sinaloa-pasara-a-semaforo-epidemiologico-amarillo\/\" \/>\n<meta property=\"og:site_name\" content=\"Fuentes Fidedignas\" \/>\n<meta property=\"article:publisher\" content=\"https:\/\/www.facebook.com\/Fuentes-Fidedignas-368234489921644\" \/>\n<meta property=\"article:published_time\" content=\"2021-08-20T02:58:37+00:00\" \/>\n<meta property=\"article:modified_time\" content=\"2021-08-20T02:58:38+00:00\" \/>\n<meta property=\"og:image\" content=\"https:\/\/fuentesfidedignas.com.mx\/wp-content\/uploads\/2021\/08\/amarillo-sinaloa.jpeg\" \/>\n\t<meta property=\"og:image:width\" content=\"720\" \/>\n\t<meta property=\"og:image:height\" content=\"449\" \/>\n\t<meta property=\"og:image:type\" content=\"image\/jpeg\" \/>\n<meta name=\"author\" content=\"Redacci\u00f3n\" \/>\n<meta name=\"twitter:card\" content=\"summary_large_image\" \/>\n<meta name=\"twitter:creator\" content=\"@fidedignas\" \/>\n<meta name=\"twitter:site\" content=\"@fidedignas\" \/>\n<meta name=\"twitter:label1\" content=\"Escrito por\" \/>\n\t<meta name=\"twitter:data1\" content=\"Redacci\u00f3n\" \/>\n\t<meta name=\"twitter:label2\" content=\"Tiempo de lectura\" \/>\n\t<meta name=\"twitter:data2\" content=\"2 minutos\" \/>\n<script type=\"application\/ld+json\" class=\"yoast-schema-graph\">{\"@context\":\"https:\\\/\\\/schema.org\",\"@graph\":[{\"@type\":\"Article\",\"@id\":\"https:\\\/\\\/fuentesfidedignas.com.mx\\\/index.php\\\/2021\\\/08\\\/19\\\/sinaloa-pasara-a-semaforo-epidemiologico-amarillo\\\/#article\",\"isPartOf\":{\"@id\":\"https:\\\/\\\/fuentesfidedignas.com.mx\\\/index.php\\\/2021\\\/08\\\/19\\\/sinaloa-pasara-a-semaforo-epidemiologico-amarillo\\\/\"},\"author\":{\"name\":\"Redacci\u00f3n\",\"@id\":\"https:\\\/\\\/fuentesfidedignas.com.mx\\\/#\\\/schema\\\/person\\\/331be9283d37198e2acd5750279085b0\"},\"headline\":\"Sinaloa pasar\u00e1 a sem\u00e1foro epidemiol\u00f3gico amarillo\",\"datePublished\":\"2021-08-20T02:58:37+00:00\",\"dateModified\":\"2021-08-20T02:58:38+00:00\",\"mainEntityOfPage\":{\"@id\":\"https:\\\/\\\/fuentesfidedignas.com.mx\\\/index.php\\\/2021\\\/08\\\/19\\\/sinaloa-pasara-a-semaforo-epidemiologico-amarillo\\\/\"},\"wordCount\":429,\"commentCount\":0,\"publisher\":{\"@id\":\"https:\\\/\\\/fuentesfidedignas.com.mx\\\/#organization\"},\"keywords\":[\"sinaloa amarillo\"],\"articleSection\":[\"NOTICIAS LOCALES\"],\"inLanguage\":\"es\",\"potentialAction\":[{\"@type\":\"CommentAction\",\"name\":\"Comment\",\"target\":[\"https:\\\/\\\/fuentesfidedignas.com.mx\\\/index.php\\\/2021\\\/08\\\/19\\\/sinaloa-pasara-a-semaforo-epidemiologico-amarillo\\\/#respond\"]}]},{\"@type\":\"WebPage\",\"@id\":\"https:\\\/\\\/fuentesfidedignas.com.mx\\\/index.php\\\/2021\\\/08\\\/19\\\/sinaloa-pasara-a-semaforo-epidemiologico-amarillo\\\/\",\"url\":\"https:\\\/\\\/fuentesfidedignas.com.mx\\\/index.php\\\/2021\\\/08\\\/19\\\/sinaloa-pasara-a-semaforo-epidemiologico-amarillo\\\/\",\"name\":\"Sinaloa pasar\u00e1 a sem\u00e1foro epidemiol\u00f3gico amarillo - Fuentes Fidedignas\",\"isPartOf\":{\"@id\":\"https:\\\/\\\/fuentesfidedignas.com.mx\\\/#website\"},\"datePublished\":\"2021-08-20T02:58:37+00:00\",\"dateModified\":\"2021-08-20T02:58:38+00:00\",\"breadcrumb\":{\"@id\":\"https:\\\/\\\/fuentesfidedignas.com.mx\\\/index.php\\\/2021\\\/08\\\/19\\\/sinaloa-pasara-a-semaforo-epidemiologico-amarillo\\\/#breadcrumb\"},\"inLanguage\":\"es\",\"potentialAction\":[{\"@type\":\"ReadAction\",\"target\":[\"https:\\\/\\\/fuentesfidedignas.com.mx\\\/index.php\\\/2021\\\/08\\\/19\\\/sinaloa-pasara-a-semaforo-epidemiologico-amarillo\\\/\"]}]},{\"@type\":\"BreadcrumbList\",\"@id\":\"https:\\\/\\\/fuentesfidedignas.com.mx\\\/index.php\\\/2021\\\/08\\\/19\\\/sinaloa-pasara-a-semaforo-epidemiologico-amarillo\\\/#breadcrumb\",\"itemListElement\":[{\"@type\":\"ListItem\",\"position\":1,\"name\":\"Inicio\",\"item\":\"https:\\\/\\\/fuentesfidedignas.com.mx\\\/\"},{\"@type\":\"ListItem\",\"position\":2,\"name\":\"Sinaloa pasar\u00e1 a sem\u00e1foro epidemiol\u00f3gico amarillo\"}]},{\"@type\":\"WebSite\",\"@id\":\"https:\\\/\\\/fuentesfidedignas.com.mx\\\/#website\",\"url\":\"https:\\\/\\\/fuentesfidedignas.com.mx\\\/\",\"name\":\"Fuentes Fidedignas\",\"description\":\"Otro sitio realizado con WordPress\",\"publisher\":{\"@id\":\"https:\\\/\\\/fuentesfidedignas.com.mx\\\/#organization\"},\"potentialAction\":[{\"@type\":\"SearchAction\",\"target\":{\"@type\":\"EntryPoint\",\"urlTemplate\":\"https:\\\/\\\/fuentesfidedignas.com.mx\\\/?s={search_term_string}\"},\"query-input\":{\"@type\":\"PropertyValueSpecification\",\"valueRequired\":true,\"valueName\":\"search_term_string\"}}],\"inLanguage\":\"es\"},{\"@type\":\"Organization\",\"@id\":\"https:\\\/\\\/fuentesfidedignas.com.mx\\\/#organization\",\"name\":\"Fuentes Fidedignas\",\"url\":\"https:\\\/\\\/fuentesfidedignas.com.mx\\\/\",\"logo\":{\"@type\":\"ImageObject\",\"inLanguage\":\"es\",\"@id\":\"https:\\\/\\\/fuentesfidedignas.com.mx\\\/#\\\/schema\\\/logo\\\/image\\\/\",\"url\":\"https:\\\/\\\/fuentesfidedignas.com.mx\\\/wp-content\\\/uploads\\\/2021\\\/04\\\/logo-retina.png\",\"contentUrl\":\"https:\\\/\\\/fuentesfidedignas.com.mx\\\/wp-content\\\/uploads\\\/2021\\\/04\\\/logo-retina.png\",\"width\":280,\"height\":51,\"caption\":\"Fuentes Fidedignas\"},\"image\":{\"@id\":\"https:\\\/\\\/fuentesfidedignas.com.mx\\\/#\\\/schema\\\/logo\\\/image\\\/\"},\"sameAs\":[\"https:\\\/\\\/www.facebook.com\\\/Fuentes-Fidedignas-368234489921644\",\"https:\\\/\\\/x.com\\\/fidedignas\"]},{\"@type\":\"Person\",\"@id\":\"https:\\\/\\\/fuentesfidedignas.com.mx\\\/#\\\/schema\\\/person\\\/331be9283d37198e2acd5750279085b0\",\"name\":\"Redacci\u00f3n\",\"image\":{\"@type\":\"ImageObject\",\"inLanguage\":\"es\",\"@id\":\"https:\\\/\\\/secure.gravatar.com\\\/avatar\\\/f6d8782c11d12b2d4ad3fbb6931aeab5309937a4d6cd2fc9cfaa28a6396a5aec?s=96&d=mm&r=g\",\"url\":\"https:\\\/\\\/secure.gravatar.com\\\/avatar\\\/f6d8782c11d12b2d4ad3fbb6931aeab5309937a4d6cd2fc9cfaa28a6396a5aec?s=96&d=mm&r=g\",\"contentUrl\":\"https:\\\/\\\/secure.gravatar.com\\\/avatar\\\/f6d8782c11d12b2d4ad3fbb6931aeab5309937a4d6cd2fc9cfaa28a6396a5aec?s=96&d=mm&r=g\",\"caption\":\"Redacci\u00f3n\"},\"url\":\"https:\\\/\\\/fuentesfidedignas.com.mx\\\/index.php\\\/author\\\/redaccion\\\/\"}]}<\/script>\n<!-- \/ Yoast SEO plugin. -->","yoast_head_json":{"title":"Sinaloa pasar\u00e1 a sem\u00e1foro epidemiol\u00f3gico amarillo - Fuentes Fidedignas","robots":{"index":"index","follow":"follow","max-snippet":"max-snippet:-1","max-image-preview":"max-image-preview:large","max-video-preview":"max-video-preview:-1"},"canonical":"https:\/\/fuentesfidedignas.com.mx\/index.php\/2021\/08\/19\/sinaloa-pasara-a-semaforo-epidemiologico-amarillo\/","og_locale":"es_MX","og_type":"article","og_title":"Sinaloa pasar\u00e1 a sem\u00e1foro epidemiol\u00f3gico amarillo - Fuentes Fidedignas","og_description":"El nivel de riesgo epid\u00e9mico ser\u00e1 moderado, continuando con la aplicaci\u00f3n de las medidas de mitigaci\u00f3n correspondientes para el control de la pandemia._ Culiac\u00e1n, Sinaloa.- Para el periodo comprendido entre el 23 de agosto al 5 de septiembre de 2021, Sinaloa se posicionar\u00e1 en el Sem\u00e1foro Epidemiol\u00f3gico Amarillo, lo anterior de acuerdo a la nueva [&hellip;]","og_url":"https:\/\/fuentesfidedignas.com.mx\/index.php\/2021\/08\/19\/sinaloa-pasara-a-semaforo-epidemiologico-amarillo\/","og_site_name":"Fuentes Fidedignas","article_publisher":"https:\/\/www.facebook.com\/Fuentes-Fidedignas-368234489921644","article_published_time":"2021-08-20T02:58:37+00:00","article_modified_time":"2021-08-20T02:58:38+00:00","og_image":[{"width":720,"height":449,"url":"https:\/\/fuentesfidedignas.com.mx\/wp-content\/uploads\/2021\/08\/amarillo-sinaloa.jpeg","type":"image\/jpeg"}],"author":"Redacci\u00f3n","twitter_card":"summary_large_image","twitter_creator":"@fidedignas","twitter_site":"@fidedignas","twitter_misc":{"Escrito por":"Redacci\u00f3n","Tiempo de lectura":"2 minutos"},"schema":{"@context":"https:\/\/schema.org","@graph":[{"@type":"Article","@id":"https:\/\/fuentesfidedignas.com.mx\/index.php\/2021\/08\/19\/sinaloa-pasara-a-semaforo-epidemiologico-amarillo\/#article","isPartOf":{"@id":"https:\/\/fuentesfidedignas.com.mx\/index.php\/2021\/08\/19\/sinaloa-pasara-a-semaforo-epidemiologico-amarillo\/"},"author":{"name":"Redacci\u00f3n","@id":"https:\/\/fuentesfidedignas.com.mx\/#\/schema\/person\/331be9283d37198e2acd5750279085b0"},"headline":"Sinaloa pasar\u00e1 a sem\u00e1foro epidemiol\u00f3gico amarillo","datePublished":"2021-08-20T02:58:37+00:00","dateModified":"2021-08-20T02:58:38+00:00","mainEntityOfPage":{"@id":"https:\/\/fuentesfidedignas.com.mx\/index.php\/2021\/08\/19\/sinaloa-pasara-a-semaforo-epidemiologico-amarillo\/"},"wordCount":429,"commentCount":0,"publisher":{"@id":"https:\/\/fuentesfidedignas.com.mx\/#organization"},"keywords":["sinaloa amarillo"],"articleSection":["NOTICIAS LOCALES"],"inLanguage":"es","potentialAction":[{"@type":"CommentAction","name":"Comment","target":["https:\/\/fuentesfidedignas.com.mx\/index.php\/2021\/08\/19\/sinaloa-pasara-a-semaforo-epidemiologico-amarillo\/#respond"]}]},{"@type":"WebPage","@id":"https:\/\/fuentesfidedignas.com.mx\/index.php\/2021\/08\/19\/sinaloa-pasara-a-semaforo-epidemiologico-amarillo\/","url":"https:\/\/fuentesfidedignas.com.mx\/index.php\/2021\/08\/19\/sinaloa-pasara-a-semaforo-epidemiologico-amarillo\/","name":"Sinaloa pasar\u00e1 a sem\u00e1foro epidemiol\u00f3gico amarillo - Fuentes Fidedignas","isPartOf":{"@id":"https:\/\/fuentesfidedignas.com.mx\/#website"},"datePublished":"2021-08-20T02:58:37+00:00","dateModified":"2021-08-20T02:58:38+00:00","breadcrumb":{"@id":"https:\/\/fuentesfidedignas.com.mx\/index.php\/2021\/08\/19\/sinaloa-pasara-a-semaforo-epidemiologico-amarillo\/#breadcrumb"},"inLanguage":"es","potentialAction":[{"@type":"ReadAction","target":["https:\/\/fuentesfidedignas.com.mx\/index.php\/2021\/08\/19\/sinaloa-pasara-a-semaforo-epidemiologico-amarillo\/"]}]},{"@type":"BreadcrumbList","@id":"https:\/\/fuentesfidedignas.com.mx\/index.php\/2021\/08\/19\/sinaloa-pasara-a-semaforo-epidemiologico-amarillo\/#breadcrumb","itemListElement":[{"@type":"ListItem","position":1,"name":"Inicio","item":"https:\/\/fuentesfidedignas.com.mx\/"},{"@type":"ListItem","position":2,"name":"Sinaloa pasar\u00e1 a sem\u00e1foro epidemiol\u00f3gico amarillo"}]},{"@type":"WebSite","@id":"https:\/\/fuentesfidedignas.com.mx\/#website","url":"https:\/\/fuentesfidedignas.com.mx\/","name":"Fuentes Fidedignas","description":"Otro sitio realizado con WordPress","publisher":{"@id":"https:\/\/fuentesfidedignas.com.mx\/#organization"},"potentialAction":[{"@type":"SearchAction","target":{"@type":"EntryPoint","urlTemplate":"https:\/\/fuentesfidedignas.com.mx\/?s={search_term_string}"},"query-input":{"@type":"PropertyValueSpecification","valueRequired":true,"valueName":"search_term_string"}}],"inLanguage":"es"},{"@type":"Organization","@id":"https:\/\/fuentesfidedignas.com.mx\/#organization","name":"Fuentes Fidedignas","url":"https:\/\/fuentesfidedignas.com.mx\/","logo":{"@type":"ImageObject","inLanguage":"es","@id":"https:\/\/fuentesfidedignas.com.mx\/#\/schema\/logo\/image\/","url":"https:\/\/fuentesfidedignas.com.mx\/wp-content\/uploads\/2021\/04\/logo-retina.png","contentUrl":"https:\/\/fuentesfidedignas.com.mx\/wp-content\/uploads\/2021\/04\/logo-retina.png","width":280,"height":51,"caption":"Fuentes Fidedignas"},"image":{"@id":"https:\/\/fuentesfidedignas.com.mx\/#\/schema\/logo\/image\/"},"sameAs":["https:\/\/www.facebook.com\/Fuentes-Fidedignas-368234489921644","https:\/\/x.com\/fidedignas"]},{"@type":"Person","@id":"https:\/\/fuentesfidedignas.com.mx\/#\/schema\/person\/331be9283d37198e2acd5750279085b0","name":"Redacci\u00f3n","image":{"@type":"ImageObject","inLanguage":"es","@id":"https:\/\/secure.gravatar.com\/avatar\/f6d8782c11d12b2d4ad3fbb6931aeab5309937a4d6cd2fc9cfaa28a6396a5aec?s=96&d=mm&r=g","url":"https:\/\/secure.gravatar.com\/avatar\/f6d8782c11d12b2d4ad3fbb6931aeab5309937a4d6cd2fc9cfaa28a6396a5aec?s=96&d=mm&r=g","contentUrl":"https:\/\/secure.gravatar.com\/avatar\/f6d8782c11d12b2d4ad3fbb6931aeab5309937a4d6cd2fc9cfaa28a6396a5aec?s=96&d=mm&r=g","caption":"Redacci\u00f3n"},"url":"https:\/\/fuentesfidedignas.com.mx\/index.php\/author\/redaccion\/"}]}},"_links":{"self":[{"href":"https:\/\/fuentesfidedignas.com.mx\/index.php\/wp-json\/wp\/v2\/posts\/10305","targetHints":{"allow":["GET"]}}],"collection":[{"href":"https:\/\/fuentesfidedignas.com.mx\/index.php\/wp-json\/wp\/v2\/posts"}],"about":[{"href":"https:\/\/fuentesfidedignas.com.mx\/index.php\/wp-json\/wp\/v2\/types\/post"}],"author":[{"embeddable":true,"href":"https:\/\/fuentesfidedignas.com.mx\/index.php\/wp-json\/wp\/v2\/users\/4"}],"replies":[{"embeddable":true,"href":"https:\/\/fuentesfidedignas.com.mx\/index.php\/wp-json\/wp\/v2\/comments?post=10305"}],"version-history":[{"count":1,"href":"https:\/\/fuentesfidedignas.com.mx\/index.php\/wp-json\/wp\/v2\/posts\/10305\/revisions"}],"predecessor-version":[{"id":10307,"href":"https:\/\/fuentesfidedignas.com.mx\/index.php\/wp-json\/wp\/v2\/posts\/10305\/revisions\/10307"}],"wp:attachment":[{"href":"https:\/\/fuentesfidedignas.com.mx\/index.php\/wp-json\/wp\/v2\/media?parent=10305"}],"wp:term":[{"taxonomy":"category","embeddable":true,"href":"https:\/\/fuentesfidedignas.com.mx\/index.php\/wp-json\/wp\/v2\/categories?post=10305"},{"taxonomy":"post_tag","embeddable":true,"href":"https:\/\/fuentesfidedignas.com.mx\/index.php\/wp-json\/wp\/v2\/tags?post=10305"}],"curies":[{"name":"wp","href":"https:\/\/api.w.org\/{rel}","templated":true}]}}