{"id":102968,"date":"2025-03-02T13:14:00","date_gmt":"2025-03-02T20:14:00","guid":{"rendered":"https:\/\/fuentesfidedignas.com.mx\/?p=102968"},"modified":"2025-03-02T12:37:49","modified_gmt":"2025-03-02T19:37:49","slug":"iglesia-advierte-crisis-familiar-en-mexico-y-pide-restaurar-el-tejido-social","status":"publish","type":"post","link":"https:\/\/fuentesfidedignas.com.mx\/index.php\/2025\/03\/02\/iglesia-advierte-crisis-familiar-en-mexico-y-pide-restaurar-el-tejido-social\/","title":{"rendered":"Iglesia advierte crisis familiar en M\u00e9xico y pide restaurar el tejido social"},"content":{"rendered":"\n<p><strong><em>La Arquidi\u00f3cesis Primada de M\u00e9xico advierte que si no se protege a la familia ser\u00e1 imposible transformar la realidad social del pa\u00eds<\/em><\/strong><\/p>\n\n\n\n<p>La Iglesia cat\u00f3lica en M\u00e9xico reconoci\u00f3 una crisis en la estructura familiar del pa\u00eds y llam\u00f3 a fortalecer los valores dentro del hogar para enfrentar problem\u00e1ticas como la violencia, la depresi\u00f3n y la fragmentaci\u00f3n social.<\/p>\n\n\n\n<p>En su editorial del semanario \u2018Desde la Fe\u2019 alert\u00f3 sobre el impacto que el individualismo y la indiferencia est\u00e1n teniendo en las familias, debilitando con ello el tejido social.<\/p>\n\n\n\n<p>La Arquidi\u00f3cesis Primada de M\u00e9xico subray\u00f3 que la familia es el n\u00facleo de la sociedad y que su deterioro tiene repercusiones directas en el aumento de la violencia, los asesinatos, la polarizaci\u00f3n y los problemas de salud mental, como la depresi\u00f3n y el suicidio.<\/p>\n\n\n\n<p>Seg\u00fan la publicaci\u00f3n, si no se protege a la familia, ser\u00e1 imposible transformar la realidad social del pa\u00eds.<\/p>\n\n\n\n<p>\u201cNo podemos ignorar que la crisis de la familia es tambi\u00e9n una crisis de la sociedad. Cuando los lazos familiares se resquebrajan, la solidaridad se desvanece, el compromiso se diluye y la comunidad se fragmenta\u201d, lament\u00f3.<\/p>\n\n\n\n<p>El semanario cat\u00f3lico retom\u00f3 las palabras del papa Francisco, quien ha insistido en que la familia es el primer espacio donde se aprende a amar y que debe mantenerse alejada del ego\u00edsmo y la cultura del descarte.<\/p>\n\n\n\n<p>Asimismo, destac\u00f3 que la crisis familiar no es un problema aislado, sino que afecta el compromiso comunitario y la solidaridad entre ciudadanos.<\/p>\n\n\n\n<h2 class=\"wp-block-heading\"><strong>Fortalecer el di\u00e1logo y el servicio<\/strong><\/h2>\n\n\n\n<p>Para atender esta crisis, Desde la Fe propuso dos acciones concretas: fortalecer la comunicaci\u00f3n y el di\u00e1logo dentro de los hogares y fomentar una cultura de servicio y entrega.<\/p>\n\n\n\n<p>Seg\u00fan el texto, la escucha atenta y el acompa\u00f1amiento diario dentro de la familia son claves para reconstruir los lazos afectivos, al tiempo que destac\u00f3 a los padres como ejemplo de generosidad y entrega para sus hijos.<\/p>\n\n\n\n<p>La iglesia cat\u00f3lica insisti\u00f3 en que la familia no es solo un espacio de crecimiento personal, sino tambi\u00e9n un centro de evangelizaci\u00f3n y compromiso con la sociedad.<\/p>\n\n\n\n<p>\u201cSi cada familia decide hoy vivir el Evangelio del amor, si cada hogar se convierte en una peque\u00f1a escuela de servicio y acogida, entonces seremos capaces de restaurar el tejido social\u201d, se\u00f1al\u00f3 el editorial.<\/p>\n\n\n\n<p>El llamado de la Iglesia se da en un contexto de creciente preocupaci\u00f3n por la creciente violencia en el pa\u00eds.<\/p>\n","protected":false},"excerpt":{"rendered":"<p>La Arquidi\u00f3cesis Primada de M\u00e9xico advierte que si no se protege a la familia ser\u00e1 imposible transformar la realidad social del pa\u00eds La Iglesia cat\u00f3lica en M\u00e9xico reconoci\u00f3 una crisis en la estructura familiar del pa\u00eds y llam\u00f3 a fortalecer los valores dentro del hogar para enfrentar problem\u00e1ticas como la violencia, la depresi\u00f3n y la [&hellip;]<\/p>\n","protected":false},"author":22,"featured_media":75682,"comment_status":"open","ping_status":"open","sticky":false,"template":"","format":"standard","meta":{"tdm_status":"","tdm_grid_status":"","footnotes":""},"categories":[39],"tags":[],"class_list":{"0":"post-102968","1":"post","2":"type-post","3":"status-publish","4":"format-standard","5":"has-post-thumbnail","7":"category-noticias-nacionales"},"yoast_head":"<!-- This site is optimized with the Yoast SEO plugin v27.5 - https:\/\/yoast.com\/product\/yoast-seo-wordpress\/ -->\n<title>Iglesia advierte crisis familiar en M\u00e9xico y pide restaurar el tejido social - Fuentes Fidedignas<\/title>\n<meta name=\"robots\" content=\"index, follow, max-snippet:-1, max-image-preview:large, max-video-preview:-1\" \/>\n<link rel=\"canonical\" href=\"https:\/\/fuentesfidedignas.com.mx\/index.php\/2025\/03\/02\/iglesia-advierte-crisis-familiar-en-mexico-y-pide-restaurar-el-tejido-social\/\" \/>\n<meta property=\"og:locale\" content=\"es_MX\" \/>\n<meta property=\"og:type\" content=\"article\" \/>\n<meta property=\"og:title\" content=\"Iglesia advierte crisis familiar en M\u00e9xico y pide restaurar el tejido social - Fuentes Fidedignas\" \/>\n<meta property=\"og:description\" content=\"La Arquidi\u00f3cesis Primada de M\u00e9xico advierte que si no se protege a la familia ser\u00e1 imposible transformar la realidad social del pa\u00eds La Iglesia cat\u00f3lica en M\u00e9xico reconoci\u00f3 una crisis en la estructura familiar del pa\u00eds y llam\u00f3 a fortalecer los valores dentro del hogar para enfrentar problem\u00e1ticas como la violencia, la depresi\u00f3n y la [&hellip;]\" \/>\n<meta property=\"og:url\" content=\"https:\/\/fuentesfidedignas.com.mx\/index.php\/2025\/03\/02\/iglesia-advierte-crisis-familiar-en-mexico-y-pide-restaurar-el-tejido-social\/\" \/>\n<meta property=\"og:site_name\" content=\"Fuentes Fidedignas\" \/>\n<meta property=\"article:publisher\" content=\"https:\/\/www.facebook.com\/Fuentes-Fidedignas-368234489921644\" \/>\n<meta property=\"article:published_time\" content=\"2025-03-02T20:14:00+00:00\" \/>\n<meta property=\"og:image\" content=\"https:\/\/fuentesfidedignas.com.mx\/wp-content\/uploads\/2024\/03\/DIA_FAMILIA.jpg\" \/>\n\t<meta property=\"og:image:width\" content=\"960\" \/>\n\t<meta property=\"og:image:height\" content=\"540\" \/>\n\t<meta property=\"og:image:type\" content=\"image\/jpeg\" \/>\n<meta name=\"author\" content=\"EFE\" \/>\n<meta name=\"twitter:card\" content=\"summary_large_image\" \/>\n<meta name=\"twitter:creator\" content=\"@fidedignas\" \/>\n<meta name=\"twitter:site\" content=\"@fidedignas\" \/>\n<meta name=\"twitter:label1\" content=\"Escrito por\" \/>\n\t<meta name=\"twitter:data1\" content=\"EFE\" \/>\n\t<meta name=\"twitter:label2\" content=\"Tiempo de lectura\" \/>\n\t<meta name=\"twitter:data2\" content=\"3 minutos\" \/>\n<script type=\"application\/ld+json\" class=\"yoast-schema-graph\">{\"@context\":\"https:\\\/\\\/schema.org\",\"@graph\":[{\"@type\":\"Article\",\"@id\":\"https:\\\/\\\/fuentesfidedignas.com.mx\\\/index.php\\\/2025\\\/03\\\/02\\\/iglesia-advierte-crisis-familiar-en-mexico-y-pide-restaurar-el-tejido-social\\\/#article\",\"isPartOf\":{\"@id\":\"https:\\\/\\\/fuentesfidedignas.com.mx\\\/index.php\\\/2025\\\/03\\\/02\\\/iglesia-advierte-crisis-familiar-en-mexico-y-pide-restaurar-el-tejido-social\\\/\"},\"author\":{\"name\":\"EFE\",\"@id\":\"https:\\\/\\\/fuentesfidedignas.com.mx\\\/#\\\/schema\\\/person\\\/0d44615087b5a626d5d3f13afe31ac41\"},\"headline\":\"Iglesia advierte crisis familiar en M\u00e9xico y pide restaurar el tejido social\",\"datePublished\":\"2025-03-02T20:14:00+00:00\",\"mainEntityOfPage\":{\"@id\":\"https:\\\/\\\/fuentesfidedignas.com.mx\\\/index.php\\\/2025\\\/03\\\/02\\\/iglesia-advierte-crisis-familiar-en-mexico-y-pide-restaurar-el-tejido-social\\\/\"},\"wordCount\":442,\"commentCount\":0,\"publisher\":{\"@id\":\"https:\\\/\\\/fuentesfidedignas.com.mx\\\/#organization\"},\"image\":{\"@id\":\"https:\\\/\\\/fuentesfidedignas.com.mx\\\/index.php\\\/2025\\\/03\\\/02\\\/iglesia-advierte-crisis-familiar-en-mexico-y-pide-restaurar-el-tejido-social\\\/#primaryimage\"},\"thumbnailUrl\":\"https:\\\/\\\/fuentesfidedignas.com.mx\\\/wp-content\\\/uploads\\\/2024\\\/03\\\/DIA_FAMILIA.jpg\",\"articleSection\":[\"NOTICIAS NACIONALES\"],\"inLanguage\":\"es\",\"potentialAction\":[{\"@type\":\"CommentAction\",\"name\":\"Comment\",\"target\":[\"https:\\\/\\\/fuentesfidedignas.com.mx\\\/index.php\\\/2025\\\/03\\\/02\\\/iglesia-advierte-crisis-familiar-en-mexico-y-pide-restaurar-el-tejido-social\\\/#respond\"]}]},{\"@type\":\"WebPage\",\"@id\":\"https:\\\/\\\/fuentesfidedignas.com.mx\\\/index.php\\\/2025\\\/03\\\/02\\\/iglesia-advierte-crisis-familiar-en-mexico-y-pide-restaurar-el-tejido-social\\\/\",\"url\":\"https:\\\/\\\/fuentesfidedignas.com.mx\\\/index.php\\\/2025\\\/03\\\/02\\\/iglesia-advierte-crisis-familiar-en-mexico-y-pide-restaurar-el-tejido-social\\\/\",\"name\":\"Iglesia advierte crisis familiar en M\u00e9xico y pide restaurar el tejido social - Fuentes Fidedignas\",\"isPartOf\":{\"@id\":\"https:\\\/\\\/fuentesfidedignas.com.mx\\\/#website\"},\"primaryImageOfPage\":{\"@id\":\"https:\\\/\\\/fuentesfidedignas.com.mx\\\/index.php\\\/2025\\\/03\\\/02\\\/iglesia-advierte-crisis-familiar-en-mexico-y-pide-restaurar-el-tejido-social\\\/#primaryimage\"},\"image\":{\"@id\":\"https:\\\/\\\/fuentesfidedignas.com.mx\\\/index.php\\\/2025\\\/03\\\/02\\\/iglesia-advierte-crisis-familiar-en-mexico-y-pide-restaurar-el-tejido-social\\\/#primaryimage\"},\"thumbnailUrl\":\"https:\\\/\\\/fuentesfidedignas.com.mx\\\/wp-content\\\/uploads\\\/2024\\\/03\\\/DIA_FAMILIA.jpg\",\"datePublished\":\"2025-03-02T20:14:00+00:00\",\"breadcrumb\":{\"@id\":\"https:\\\/\\\/fuentesfidedignas.com.mx\\\/index.php\\\/2025\\\/03\\\/02\\\/iglesia-advierte-crisis-familiar-en-mexico-y-pide-restaurar-el-tejido-social\\\/#breadcrumb\"},\"inLanguage\":\"es\",\"potentialAction\":[{\"@type\":\"ReadAction\",\"target\":[\"https:\\\/\\\/fuentesfidedignas.com.mx\\\/index.php\\\/2025\\\/03\\\/02\\\/iglesia-advierte-crisis-familiar-en-mexico-y-pide-restaurar-el-tejido-social\\\/\"]}]},{\"@type\":\"ImageObject\",\"inLanguage\":\"es\",\"@id\":\"https:\\\/\\\/fuentesfidedignas.com.mx\\\/index.php\\\/2025\\\/03\\\/02\\\/iglesia-advierte-crisis-familiar-en-mexico-y-pide-restaurar-el-tejido-social\\\/#primaryimage\",\"url\":\"https:\\\/\\\/fuentesfidedignas.com.mx\\\/wp-content\\\/uploads\\\/2024\\\/03\\\/DIA_FAMILIA.jpg\",\"contentUrl\":\"https:\\\/\\\/fuentesfidedignas.com.mx\\\/wp-content\\\/uploads\\\/2024\\\/03\\\/DIA_FAMILIA.jpg\",\"width\":960,\"height\":540},{\"@type\":\"BreadcrumbList\",\"@id\":\"https:\\\/\\\/fuentesfidedignas.com.mx\\\/index.php\\\/2025\\\/03\\\/02\\\/iglesia-advierte-crisis-familiar-en-mexico-y-pide-restaurar-el-tejido-social\\\/#breadcrumb\",\"itemListElement\":[{\"@type\":\"ListItem\",\"position\":1,\"name\":\"Inicio\",\"item\":\"https:\\\/\\\/fuentesfidedignas.com.mx\\\/\"},{\"@type\":\"ListItem\",\"position\":2,\"name\":\"Iglesia advierte crisis familiar en M\u00e9xico y pide restaurar el tejido social\"}]},{\"@type\":\"WebSite\",\"@id\":\"https:\\\/\\\/fuentesfidedignas.com.mx\\\/#website\",\"url\":\"https:\\\/\\\/fuentesfidedignas.com.mx\\\/\",\"name\":\"Fuentes Fidedignas\",\"description\":\"Otro sitio realizado con WordPress\",\"publisher\":{\"@id\":\"https:\\\/\\\/fuentesfidedignas.com.mx\\\/#organization\"},\"potentialAction\":[{\"@type\":\"SearchAction\",\"target\":{\"@type\":\"EntryPoint\",\"urlTemplate\":\"https:\\\/\\\/fuentesfidedignas.com.mx\\\/?s={search_term_string}\"},\"query-input\":{\"@type\":\"PropertyValueSpecification\",\"valueRequired\":true,\"valueName\":\"search_term_string\"}}],\"inLanguage\":\"es\"},{\"@type\":\"Organization\",\"@id\":\"https:\\\/\\\/fuentesfidedignas.com.mx\\\/#organization\",\"name\":\"Fuentes Fidedignas\",\"url\":\"https:\\\/\\\/fuentesfidedignas.com.mx\\\/\",\"logo\":{\"@type\":\"ImageObject\",\"inLanguage\":\"es\",\"@id\":\"https:\\\/\\\/fuentesfidedignas.com.mx\\\/#\\\/schema\\\/logo\\\/image\\\/\",\"url\":\"https:\\\/\\\/fuentesfidedignas.com.mx\\\/wp-content\\\/uploads\\\/2021\\\/04\\\/logo-retina.png\",\"contentUrl\":\"https:\\\/\\\/fuentesfidedignas.com.mx\\\/wp-content\\\/uploads\\\/2021\\\/04\\\/logo-retina.png\",\"width\":280,\"height\":51,\"caption\":\"Fuentes Fidedignas\"},\"image\":{\"@id\":\"https:\\\/\\\/fuentesfidedignas.com.mx\\\/#\\\/schema\\\/logo\\\/image\\\/\"},\"sameAs\":[\"https:\\\/\\\/www.facebook.com\\\/Fuentes-Fidedignas-368234489921644\",\"https:\\\/\\\/x.com\\\/fidedignas\"]},{\"@type\":\"Person\",\"@id\":\"https:\\\/\\\/fuentesfidedignas.com.mx\\\/#\\\/schema\\\/person\\\/0d44615087b5a626d5d3f13afe31ac41\",\"name\":\"EFE\",\"image\":{\"@type\":\"ImageObject\",\"inLanguage\":\"es\",\"@id\":\"https:\\\/\\\/secure.gravatar.com\\\/avatar\\\/7048c2d9b569d9bed55bb53ad23821e6e047aa66338fb6ea9868627bbb9f54e8?s=96&d=mm&r=g\",\"url\":\"https:\\\/\\\/secure.gravatar.com\\\/avatar\\\/7048c2d9b569d9bed55bb53ad23821e6e047aa66338fb6ea9868627bbb9f54e8?s=96&d=mm&r=g\",\"contentUrl\":\"https:\\\/\\\/secure.gravatar.com\\\/avatar\\\/7048c2d9b569d9bed55bb53ad23821e6e047aa66338fb6ea9868627bbb9f54e8?s=96&d=mm&r=g\",\"caption\":\"EFE\"},\"url\":\"https:\\\/\\\/fuentesfidedignas.com.mx\\\/index.php\\\/author\\\/efe\\\/\"}]}<\/script>\n<!-- \/ Yoast SEO plugin. -->","yoast_head_json":{"title":"Iglesia advierte crisis familiar en M\u00e9xico y pide restaurar el tejido social - Fuentes Fidedignas","robots":{"index":"index","follow":"follow","max-snippet":"max-snippet:-1","max-image-preview":"max-image-preview:large","max-video-preview":"max-video-preview:-1"},"canonical":"https:\/\/fuentesfidedignas.com.mx\/index.php\/2025\/03\/02\/iglesia-advierte-crisis-familiar-en-mexico-y-pide-restaurar-el-tejido-social\/","og_locale":"es_MX","og_type":"article","og_title":"Iglesia advierte crisis familiar en M\u00e9xico y pide restaurar el tejido social - Fuentes Fidedignas","og_description":"La Arquidi\u00f3cesis Primada de M\u00e9xico advierte que si no se protege a la familia ser\u00e1 imposible transformar la realidad social del pa\u00eds La Iglesia cat\u00f3lica en M\u00e9xico reconoci\u00f3 una crisis en la estructura familiar del pa\u00eds y llam\u00f3 a fortalecer los valores dentro del hogar para enfrentar problem\u00e1ticas como la violencia, la depresi\u00f3n y la [&hellip;]","og_url":"https:\/\/fuentesfidedignas.com.mx\/index.php\/2025\/03\/02\/iglesia-advierte-crisis-familiar-en-mexico-y-pide-restaurar-el-tejido-social\/","og_site_name":"Fuentes Fidedignas","article_publisher":"https:\/\/www.facebook.com\/Fuentes-Fidedignas-368234489921644","article_published_time":"2025-03-02T20:14:00+00:00","og_image":[{"width":960,"height":540,"url":"https:\/\/fuentesfidedignas.com.mx\/wp-content\/uploads\/2024\/03\/DIA_FAMILIA.jpg","type":"image\/jpeg"}],"author":"EFE","twitter_card":"summary_large_image","twitter_creator":"@fidedignas","twitter_site":"@fidedignas","twitter_misc":{"Escrito por":"EFE","Tiempo de lectura":"3 minutos"},"schema":{"@context":"https:\/\/schema.org","@graph":[{"@type":"Article","@id":"https:\/\/fuentesfidedignas.com.mx\/index.php\/2025\/03\/02\/iglesia-advierte-crisis-familiar-en-mexico-y-pide-restaurar-el-tejido-social\/#article","isPartOf":{"@id":"https:\/\/fuentesfidedignas.com.mx\/index.php\/2025\/03\/02\/iglesia-advierte-crisis-familiar-en-mexico-y-pide-restaurar-el-tejido-social\/"},"author":{"name":"EFE","@id":"https:\/\/fuentesfidedignas.com.mx\/#\/schema\/person\/0d44615087b5a626d5d3f13afe31ac41"},"headline":"Iglesia advierte crisis familiar en M\u00e9xico y pide restaurar el tejido social","datePublished":"2025-03-02T20:14:00+00:00","mainEntityOfPage":{"@id":"https:\/\/fuentesfidedignas.com.mx\/index.php\/2025\/03\/02\/iglesia-advierte-crisis-familiar-en-mexico-y-pide-restaurar-el-tejido-social\/"},"wordCount":442,"commentCount":0,"publisher":{"@id":"https:\/\/fuentesfidedignas.com.mx\/#organization"},"image":{"@id":"https:\/\/fuentesfidedignas.com.mx\/index.php\/2025\/03\/02\/iglesia-advierte-crisis-familiar-en-mexico-y-pide-restaurar-el-tejido-social\/#primaryimage"},"thumbnailUrl":"https:\/\/fuentesfidedignas.com.mx\/wp-content\/uploads\/2024\/03\/DIA_FAMILIA.jpg","articleSection":["NOTICIAS NACIONALES"],"inLanguage":"es","potentialAction":[{"@type":"CommentAction","name":"Comment","target":["https:\/\/fuentesfidedignas.com.mx\/index.php\/2025\/03\/02\/iglesia-advierte-crisis-familiar-en-mexico-y-pide-restaurar-el-tejido-social\/#respond"]}]},{"@type":"WebPage","@id":"https:\/\/fuentesfidedignas.com.mx\/index.php\/2025\/03\/02\/iglesia-advierte-crisis-familiar-en-mexico-y-pide-restaurar-el-tejido-social\/","url":"https:\/\/fuentesfidedignas.com.mx\/index.php\/2025\/03\/02\/iglesia-advierte-crisis-familiar-en-mexico-y-pide-restaurar-el-tejido-social\/","name":"Iglesia advierte crisis familiar en M\u00e9xico y pide restaurar el tejido social - Fuentes Fidedignas","isPartOf":{"@id":"https:\/\/fuentesfidedignas.com.mx\/#website"},"primaryImageOfPage":{"@id":"https:\/\/fuentesfidedignas.com.mx\/index.php\/2025\/03\/02\/iglesia-advierte-crisis-familiar-en-mexico-y-pide-restaurar-el-tejido-social\/#primaryimage"},"image":{"@id":"https:\/\/fuentesfidedignas.com.mx\/index.php\/2025\/03\/02\/iglesia-advierte-crisis-familiar-en-mexico-y-pide-restaurar-el-tejido-social\/#primaryimage"},"thumbnailUrl":"https:\/\/fuentesfidedignas.com.mx\/wp-content\/uploads\/2024\/03\/DIA_FAMILIA.jpg","datePublished":"2025-03-02T20:14:00+00:00","breadcrumb":{"@id":"https:\/\/fuentesfidedignas.com.mx\/index.php\/2025\/03\/02\/iglesia-advierte-crisis-familiar-en-mexico-y-pide-restaurar-el-tejido-social\/#breadcrumb"},"inLanguage":"es","potentialAction":[{"@type":"ReadAction","target":["https:\/\/fuentesfidedignas.com.mx\/index.php\/2025\/03\/02\/iglesia-advierte-crisis-familiar-en-mexico-y-pide-restaurar-el-tejido-social\/"]}]},{"@type":"ImageObject","inLanguage":"es","@id":"https:\/\/fuentesfidedignas.com.mx\/index.php\/2025\/03\/02\/iglesia-advierte-crisis-familiar-en-mexico-y-pide-restaurar-el-tejido-social\/#primaryimage","url":"https:\/\/fuentesfidedignas.com.mx\/wp-content\/uploads\/2024\/03\/DIA_FAMILIA.jpg","contentUrl":"https:\/\/fuentesfidedignas.com.mx\/wp-content\/uploads\/2024\/03\/DIA_FAMILIA.jpg","width":960,"height":540},{"@type":"BreadcrumbList","@id":"https:\/\/fuentesfidedignas.com.mx\/index.php\/2025\/03\/02\/iglesia-advierte-crisis-familiar-en-mexico-y-pide-restaurar-el-tejido-social\/#breadcrumb","itemListElement":[{"@type":"ListItem","position":1,"name":"Inicio","item":"https:\/\/fuentesfidedignas.com.mx\/"},{"@type":"ListItem","position":2,"name":"Iglesia advierte crisis familiar en M\u00e9xico y pide restaurar el tejido social"}]},{"@type":"WebSite","@id":"https:\/\/fuentesfidedignas.com.mx\/#website","url":"https:\/\/fuentesfidedignas.com.mx\/","name":"Fuentes Fidedignas","description":"Otro sitio realizado con WordPress","publisher":{"@id":"https:\/\/fuentesfidedignas.com.mx\/#organization"},"potentialAction":[{"@type":"SearchAction","target":{"@type":"EntryPoint","urlTemplate":"https:\/\/fuentesfidedignas.com.mx\/?s={search_term_string}"},"query-input":{"@type":"PropertyValueSpecification","valueRequired":true,"valueName":"search_term_string"}}],"inLanguage":"es"},{"@type":"Organization","@id":"https:\/\/fuentesfidedignas.com.mx\/#organization","name":"Fuentes Fidedignas","url":"https:\/\/fuentesfidedignas.com.mx\/","logo":{"@type":"ImageObject","inLanguage":"es","@id":"https:\/\/fuentesfidedignas.com.mx\/#\/schema\/logo\/image\/","url":"https:\/\/fuentesfidedignas.com.mx\/wp-content\/uploads\/2021\/04\/logo-retina.png","contentUrl":"https:\/\/fuentesfidedignas.com.mx\/wp-content\/uploads\/2021\/04\/logo-retina.png","width":280,"height":51,"caption":"Fuentes Fidedignas"},"image":{"@id":"https:\/\/fuentesfidedignas.com.mx\/#\/schema\/logo\/image\/"},"sameAs":["https:\/\/www.facebook.com\/Fuentes-Fidedignas-368234489921644","https:\/\/x.com\/fidedignas"]},{"@type":"Person","@id":"https:\/\/fuentesfidedignas.com.mx\/#\/schema\/person\/0d44615087b5a626d5d3f13afe31ac41","name":"EFE","image":{"@type":"ImageObject","inLanguage":"es","@id":"https:\/\/secure.gravatar.com\/avatar\/7048c2d9b569d9bed55bb53ad23821e6e047aa66338fb6ea9868627bbb9f54e8?s=96&d=mm&r=g","url":"https:\/\/secure.gravatar.com\/avatar\/7048c2d9b569d9bed55bb53ad23821e6e047aa66338fb6ea9868627bbb9f54e8?s=96&d=mm&r=g","contentUrl":"https:\/\/secure.gravatar.com\/avatar\/7048c2d9b569d9bed55bb53ad23821e6e047aa66338fb6ea9868627bbb9f54e8?s=96&d=mm&r=g","caption":"EFE"},"url":"https:\/\/fuentesfidedignas.com.mx\/index.php\/author\/efe\/"}]}},"_links":{"self":[{"href":"https:\/\/fuentesfidedignas.com.mx\/index.php\/wp-json\/wp\/v2\/posts\/102968","targetHints":{"allow":["GET"]}}],"collection":[{"href":"https:\/\/fuentesfidedignas.com.mx\/index.php\/wp-json\/wp\/v2\/posts"}],"about":[{"href":"https:\/\/fuentesfidedignas.com.mx\/index.php\/wp-json\/wp\/v2\/types\/post"}],"author":[{"embeddable":true,"href":"https:\/\/fuentesfidedignas.com.mx\/index.php\/wp-json\/wp\/v2\/users\/22"}],"replies":[{"embeddable":true,"href":"https:\/\/fuentesfidedignas.com.mx\/index.php\/wp-json\/wp\/v2\/comments?post=102968"}],"version-history":[{"count":1,"href":"https:\/\/fuentesfidedignas.com.mx\/index.php\/wp-json\/wp\/v2\/posts\/102968\/revisions"}],"predecessor-version":[{"id":102969,"href":"https:\/\/fuentesfidedignas.com.mx\/index.php\/wp-json\/wp\/v2\/posts\/102968\/revisions\/102969"}],"wp:featuredmedia":[{"embeddable":true,"href":"https:\/\/fuentesfidedignas.com.mx\/index.php\/wp-json\/wp\/v2\/media\/75682"}],"wp:attachment":[{"href":"https:\/\/fuentesfidedignas.com.mx\/index.php\/wp-json\/wp\/v2\/media?parent=102968"}],"wp:term":[{"taxonomy":"category","embeddable":true,"href":"https:\/\/fuentesfidedignas.com.mx\/index.php\/wp-json\/wp\/v2\/categories?post=102968"},{"taxonomy":"post_tag","embeddable":true,"href":"https:\/\/fuentesfidedignas.com.mx\/index.php\/wp-json\/wp\/v2\/tags?post=102968"}],"curies":[{"name":"wp","href":"https:\/\/api.w.org\/{rel}","templated":true}]}}