{"id":102803,"date":"2025-02-27T21:09:03","date_gmt":"2025-02-28T04:09:03","guid":{"rendered":"https:\/\/fuentesfidedignas.com.mx\/?p=102803"},"modified":"2025-02-27T21:09:06","modified_gmt":"2025-02-28T04:09:06","slug":"eduin-caz-da-su-postura-sobre-cancelacion-de-presentacion-en-el-carnaval-de-mazatlan","status":"publish","type":"post","link":"https:\/\/fuentesfidedignas.com.mx\/index.php\/2025\/02\/27\/eduin-caz-da-su-postura-sobre-cancelacion-de-presentacion-en-el-carnaval-de-mazatlan\/","title":{"rendered":"Eduin Caz da su postura sobre cancelaci\u00f3n de presentaci\u00f3n en el Carnaval de Mazatl\u00e1n"},"content":{"rendered":"\n<p><strong><em>El cantante inform\u00f3 en Instagram que el concierto se cancel\u00f3 para proteger a la banda no porque no hayan vendido boletos.<\/em><\/strong><\/p>\n\n\n\n<p>Tijuana, BC.- Despu\u00e9s del comunicado oficial emitido por Grupo Firme la tarde de ayer 26 de febrero donde informaron sobre la cancelaci\u00f3n de su presentaci\u00f3n en el Carnaval de Mazatl\u00e1n este 1 de marzo, su vocalista Eduin Caz dio su postura sobre dicha decisi\u00f3n.<\/p>\n\n\n\n<p>Por medio de su cuenta de Instagram el cantante tijuanense se\u00f1al\u00f3 que el concierto se cancel\u00f3 no porque no hayan vendido boletos, sino para proteger al resto de los miembros de la agrupaci\u00f3n y al equipo tras las amenazas dedicadas.<\/p>\n\n\n\n<p>&#8220;Pregunten ten\u00eda todo vendido. Gracias a Dios. Pero tampoco quiero poner en riesgo a mis compa\u00f1eros de trabajo. Al de las luces que fue muy mencionado aunque ustedes se burlen, ac\u00e1 el equipo no sinti\u00f3 lo mismo\u201d, escribi\u00f3.<\/p>\n\n\n\n<p>\u201cLos que vayan al carnaval cu\u00eddense mucho. El gobierno es m\u00e1s la mera v**ga y va a tener todo blindado. Pero y despu\u00e9s? Es por eso que no me anim\u00e9 a estar ah\u00ed\u201d, comparti\u00f3 el int\u00e9rprete.<\/p>\n\n\n\n<figure class=\"wp-block-image size-large\"><img decoding=\"async\" width=\"461\" height=\"1024\" src=\"https:\/\/fuentesfidedignas.com.mx\/wp-content\/uploads\/2025\/02\/image-4-13-461x1024.jpg\" alt=\"\" class=\"wp-image-102804\" srcset=\"https:\/\/fuentesfidedignas.com.mx\/wp-content\/uploads\/2025\/02\/image-4-13-461x1024.jpg 461w, https:\/\/fuentesfidedignas.com.mx\/wp-content\/uploads\/2025\/02\/image-4-13-135x300.jpg 135w, https:\/\/fuentesfidedignas.com.mx\/wp-content\/uploads\/2025\/02\/image-4-13-768x1707.jpg 768w, https:\/\/fuentesfidedignas.com.mx\/wp-content\/uploads\/2025\/02\/image-4-13-691x1536.jpg 691w, https:\/\/fuentesfidedignas.com.mx\/wp-content\/uploads\/2025\/02\/image-4-13-189x420.jpg 189w, https:\/\/fuentesfidedignas.com.mx\/wp-content\/uploads\/2025\/02\/image-4-13-378x840.jpg 378w, https:\/\/fuentesfidedignas.com.mx\/wp-content\/uploads\/2025\/02\/image-4-13-300x667.jpg 300w, https:\/\/fuentesfidedignas.com.mx\/wp-content\/uploads\/2025\/02\/image-4-13-600x1333.jpg 600w, https:\/\/fuentesfidedignas.com.mx\/wp-content\/uploads\/2025\/02\/image-4-13-696x1547.jpg 696w, https:\/\/fuentesfidedignas.com.mx\/wp-content\/uploads\/2025\/02\/image-4-13.jpg 864w\" sizes=\"(max-width: 461px) 100vw, 461px\" \/><\/figure>\n\n\n\n<p>Con disculpas de antemano, Caz indic\u00f3 que tratar\u00e1 de regresar cuando todo se calme.<\/p>\n\n\n\n<p>\u201c\u00c1nimo no agarren valent\u00eda por comentarios de cuentas falsas que no van a estar ah\u00ed. Am\u00e9n\u201d, concluy\u00f3.<\/p>\n","protected":false},"excerpt":{"rendered":"<p>El cantante inform\u00f3 en Instagram que el concierto se cancel\u00f3 para proteger a la banda no porque no hayan vendido boletos. Tijuana, BC.- Despu\u00e9s del comunicado oficial emitido por Grupo Firme la tarde de ayer 26 de febrero donde informaron sobre la cancelaci\u00f3n de su presentaci\u00f3n en el Carnaval de Mazatl\u00e1n este 1 de marzo, [&hellip;]<\/p>\n","protected":false},"author":40,"featured_media":102805,"comment_status":"open","ping_status":"open","sticky":false,"template":"","format":"standard","meta":{"tdm_status":"","tdm_grid_status":"","footnotes":""},"categories":[39],"tags":[],"class_list":{"0":"post-102803","1":"post","2":"type-post","3":"status-publish","4":"format-standard","5":"has-post-thumbnail","7":"category-noticias-nacionales"},"yoast_head":"<!-- This site is optimized with the Yoast SEO plugin v27.5 - https:\/\/yoast.com\/product\/yoast-seo-wordpress\/ -->\n<title>Eduin Caz da su postura sobre cancelaci\u00f3n de presentaci\u00f3n en el Carnaval de Mazatl\u00e1n - Fuentes Fidedignas<\/title>\n<meta name=\"robots\" content=\"index, follow, max-snippet:-1, max-image-preview:large, max-video-preview:-1\" \/>\n<link rel=\"canonical\" href=\"https:\/\/fuentesfidedignas.com.mx\/index.php\/2025\/02\/27\/eduin-caz-da-su-postura-sobre-cancelacion-de-presentacion-en-el-carnaval-de-mazatlan\/\" \/>\n<meta property=\"og:locale\" content=\"es_MX\" \/>\n<meta property=\"og:type\" content=\"article\" \/>\n<meta property=\"og:title\" content=\"Eduin Caz da su postura sobre cancelaci\u00f3n de presentaci\u00f3n en el Carnaval de Mazatl\u00e1n - Fuentes Fidedignas\" \/>\n<meta property=\"og:description\" content=\"El cantante inform\u00f3 en Instagram que el concierto se cancel\u00f3 para proteger a la banda no porque no hayan vendido boletos. Tijuana, BC.- Despu\u00e9s del comunicado oficial emitido por Grupo Firme la tarde de ayer 26 de febrero donde informaron sobre la cancelaci\u00f3n de su presentaci\u00f3n en el Carnaval de Mazatl\u00e1n este 1 de marzo, [&hellip;]\" \/>\n<meta property=\"og:url\" content=\"https:\/\/fuentesfidedignas.com.mx\/index.php\/2025\/02\/27\/eduin-caz-da-su-postura-sobre-cancelacion-de-presentacion-en-el-carnaval-de-mazatlan\/\" \/>\n<meta property=\"og:site_name\" content=\"Fuentes Fidedignas\" \/>\n<meta property=\"article:publisher\" content=\"https:\/\/www.facebook.com\/Fuentes-Fidedignas-368234489921644\" \/>\n<meta property=\"article:published_time\" content=\"2025-02-28T04:09:03+00:00\" \/>\n<meta property=\"article:modified_time\" content=\"2025-02-28T04:09:06+00:00\" \/>\n<meta property=\"og:image\" content=\"https:\/\/fuentesfidedignas.com.mx\/wp-content\/uploads\/2025\/02\/eduin_caz_.jpg\" \/>\n\t<meta property=\"og:image:width\" content=\"600\" \/>\n\t<meta property=\"og:image:height\" content=\"355\" \/>\n\t<meta property=\"og:image:type\" content=\"image\/jpeg\" \/>\n<meta name=\"author\" content=\"El Imparcial\" \/>\n<meta name=\"twitter:card\" content=\"summary_large_image\" \/>\n<meta name=\"twitter:creator\" content=\"@fidedignas\" \/>\n<meta name=\"twitter:site\" content=\"@fidedignas\" \/>\n<meta name=\"twitter:label1\" content=\"Escrito por\" \/>\n\t<meta name=\"twitter:data1\" content=\"El Imparcial\" \/>\n\t<meta name=\"twitter:label2\" content=\"Tiempo de lectura\" \/>\n\t<meta name=\"twitter:data2\" content=\"2 minutos\" \/>\n<script type=\"application\/ld+json\" class=\"yoast-schema-graph\">{\"@context\":\"https:\\\/\\\/schema.org\",\"@graph\":[{\"@type\":\"Article\",\"@id\":\"https:\\\/\\\/fuentesfidedignas.com.mx\\\/index.php\\\/2025\\\/02\\\/27\\\/eduin-caz-da-su-postura-sobre-cancelacion-de-presentacion-en-el-carnaval-de-mazatlan\\\/#article\",\"isPartOf\":{\"@id\":\"https:\\\/\\\/fuentesfidedignas.com.mx\\\/index.php\\\/2025\\\/02\\\/27\\\/eduin-caz-da-su-postura-sobre-cancelacion-de-presentacion-en-el-carnaval-de-mazatlan\\\/\"},\"author\":{\"name\":\"El Imparcial\",\"@id\":\"https:\\\/\\\/fuentesfidedignas.com.mx\\\/#\\\/schema\\\/person\\\/ff4db17f8fd9c584e0cfc2a0c436b8a1\"},\"headline\":\"Eduin Caz da su postura sobre cancelaci\u00f3n de presentaci\u00f3n en el Carnaval de Mazatl\u00e1n\",\"datePublished\":\"2025-02-28T04:09:03+00:00\",\"dateModified\":\"2025-02-28T04:09:06+00:00\",\"mainEntityOfPage\":{\"@id\":\"https:\\\/\\\/fuentesfidedignas.com.mx\\\/index.php\\\/2025\\\/02\\\/27\\\/eduin-caz-da-su-postura-sobre-cancelacion-de-presentacion-en-el-carnaval-de-mazatlan\\\/\"},\"wordCount\":242,\"commentCount\":0,\"publisher\":{\"@id\":\"https:\\\/\\\/fuentesfidedignas.com.mx\\\/#organization\"},\"image\":{\"@id\":\"https:\\\/\\\/fuentesfidedignas.com.mx\\\/index.php\\\/2025\\\/02\\\/27\\\/eduin-caz-da-su-postura-sobre-cancelacion-de-presentacion-en-el-carnaval-de-mazatlan\\\/#primaryimage\"},\"thumbnailUrl\":\"https:\\\/\\\/fuentesfidedignas.com.mx\\\/wp-content\\\/uploads\\\/2025\\\/02\\\/eduin_caz_.jpg\",\"articleSection\":[\"NOTICIAS NACIONALES\"],\"inLanguage\":\"es\",\"potentialAction\":[{\"@type\":\"CommentAction\",\"name\":\"Comment\",\"target\":[\"https:\\\/\\\/fuentesfidedignas.com.mx\\\/index.php\\\/2025\\\/02\\\/27\\\/eduin-caz-da-su-postura-sobre-cancelacion-de-presentacion-en-el-carnaval-de-mazatlan\\\/#respond\"]}]},{\"@type\":\"WebPage\",\"@id\":\"https:\\\/\\\/fuentesfidedignas.com.mx\\\/index.php\\\/2025\\\/02\\\/27\\\/eduin-caz-da-su-postura-sobre-cancelacion-de-presentacion-en-el-carnaval-de-mazatlan\\\/\",\"url\":\"https:\\\/\\\/fuentesfidedignas.com.mx\\\/index.php\\\/2025\\\/02\\\/27\\\/eduin-caz-da-su-postura-sobre-cancelacion-de-presentacion-en-el-carnaval-de-mazatlan\\\/\",\"name\":\"Eduin Caz da su postura sobre cancelaci\u00f3n de presentaci\u00f3n en el Carnaval de Mazatl\u00e1n - Fuentes Fidedignas\",\"isPartOf\":{\"@id\":\"https:\\\/\\\/fuentesfidedignas.com.mx\\\/#website\"},\"primaryImageOfPage\":{\"@id\":\"https:\\\/\\\/fuentesfidedignas.com.mx\\\/index.php\\\/2025\\\/02\\\/27\\\/eduin-caz-da-su-postura-sobre-cancelacion-de-presentacion-en-el-carnaval-de-mazatlan\\\/#primaryimage\"},\"image\":{\"@id\":\"https:\\\/\\\/fuentesfidedignas.com.mx\\\/index.php\\\/2025\\\/02\\\/27\\\/eduin-caz-da-su-postura-sobre-cancelacion-de-presentacion-en-el-carnaval-de-mazatlan\\\/#primaryimage\"},\"thumbnailUrl\":\"https:\\\/\\\/fuentesfidedignas.com.mx\\\/wp-content\\\/uploads\\\/2025\\\/02\\\/eduin_caz_.jpg\",\"datePublished\":\"2025-02-28T04:09:03+00:00\",\"dateModified\":\"2025-02-28T04:09:06+00:00\",\"breadcrumb\":{\"@id\":\"https:\\\/\\\/fuentesfidedignas.com.mx\\\/index.php\\\/2025\\\/02\\\/27\\\/eduin-caz-da-su-postura-sobre-cancelacion-de-presentacion-en-el-carnaval-de-mazatlan\\\/#breadcrumb\"},\"inLanguage\":\"es\",\"potentialAction\":[{\"@type\":\"ReadAction\",\"target\":[\"https:\\\/\\\/fuentesfidedignas.com.mx\\\/index.php\\\/2025\\\/02\\\/27\\\/eduin-caz-da-su-postura-sobre-cancelacion-de-presentacion-en-el-carnaval-de-mazatlan\\\/\"]}]},{\"@type\":\"ImageObject\",\"inLanguage\":\"es\",\"@id\":\"https:\\\/\\\/fuentesfidedignas.com.mx\\\/index.php\\\/2025\\\/02\\\/27\\\/eduin-caz-da-su-postura-sobre-cancelacion-de-presentacion-en-el-carnaval-de-mazatlan\\\/#primaryimage\",\"url\":\"https:\\\/\\\/fuentesfidedignas.com.mx\\\/wp-content\\\/uploads\\\/2025\\\/02\\\/eduin_caz_.jpg\",\"contentUrl\":\"https:\\\/\\\/fuentesfidedignas.com.mx\\\/wp-content\\\/uploads\\\/2025\\\/02\\\/eduin_caz_.jpg\",\"width\":600,\"height\":355},{\"@type\":\"BreadcrumbList\",\"@id\":\"https:\\\/\\\/fuentesfidedignas.com.mx\\\/index.php\\\/2025\\\/02\\\/27\\\/eduin-caz-da-su-postura-sobre-cancelacion-de-presentacion-en-el-carnaval-de-mazatlan\\\/#breadcrumb\",\"itemListElement\":[{\"@type\":\"ListItem\",\"position\":1,\"name\":\"Inicio\",\"item\":\"https:\\\/\\\/fuentesfidedignas.com.mx\\\/\"},{\"@type\":\"ListItem\",\"position\":2,\"name\":\"Eduin Caz da su postura sobre cancelaci\u00f3n de presentaci\u00f3n en el Carnaval de Mazatl\u00e1n\"}]},{\"@type\":\"WebSite\",\"@id\":\"https:\\\/\\\/fuentesfidedignas.com.mx\\\/#website\",\"url\":\"https:\\\/\\\/fuentesfidedignas.com.mx\\\/\",\"name\":\"Fuentes Fidedignas\",\"description\":\"Otro sitio realizado con WordPress\",\"publisher\":{\"@id\":\"https:\\\/\\\/fuentesfidedignas.com.mx\\\/#organization\"},\"potentialAction\":[{\"@type\":\"SearchAction\",\"target\":{\"@type\":\"EntryPoint\",\"urlTemplate\":\"https:\\\/\\\/fuentesfidedignas.com.mx\\\/?s={search_term_string}\"},\"query-input\":{\"@type\":\"PropertyValueSpecification\",\"valueRequired\":true,\"valueName\":\"search_term_string\"}}],\"inLanguage\":\"es\"},{\"@type\":\"Organization\",\"@id\":\"https:\\\/\\\/fuentesfidedignas.com.mx\\\/#organization\",\"name\":\"Fuentes Fidedignas\",\"url\":\"https:\\\/\\\/fuentesfidedignas.com.mx\\\/\",\"logo\":{\"@type\":\"ImageObject\",\"inLanguage\":\"es\",\"@id\":\"https:\\\/\\\/fuentesfidedignas.com.mx\\\/#\\\/schema\\\/logo\\\/image\\\/\",\"url\":\"https:\\\/\\\/fuentesfidedignas.com.mx\\\/wp-content\\\/uploads\\\/2021\\\/04\\\/logo-retina.png\",\"contentUrl\":\"https:\\\/\\\/fuentesfidedignas.com.mx\\\/wp-content\\\/uploads\\\/2021\\\/04\\\/logo-retina.png\",\"width\":280,\"height\":51,\"caption\":\"Fuentes Fidedignas\"},\"image\":{\"@id\":\"https:\\\/\\\/fuentesfidedignas.com.mx\\\/#\\\/schema\\\/logo\\\/image\\\/\"},\"sameAs\":[\"https:\\\/\\\/www.facebook.com\\\/Fuentes-Fidedignas-368234489921644\",\"https:\\\/\\\/x.com\\\/fidedignas\"]},{\"@type\":\"Person\",\"@id\":\"https:\\\/\\\/fuentesfidedignas.com.mx\\\/#\\\/schema\\\/person\\\/ff4db17f8fd9c584e0cfc2a0c436b8a1\",\"name\":\"El Imparcial\",\"image\":{\"@type\":\"ImageObject\",\"inLanguage\":\"es\",\"@id\":\"https:\\\/\\\/secure.gravatar.com\\\/avatar\\\/accd6807585a75316c237ee783498317be6f66ab34c47c940966f26a3f613161?s=96&d=mm&r=g\",\"url\":\"https:\\\/\\\/secure.gravatar.com\\\/avatar\\\/accd6807585a75316c237ee783498317be6f66ab34c47c940966f26a3f613161?s=96&d=mm&r=g\",\"contentUrl\":\"https:\\\/\\\/secure.gravatar.com\\\/avatar\\\/accd6807585a75316c237ee783498317be6f66ab34c47c940966f26a3f613161?s=96&d=mm&r=g\",\"caption\":\"El Imparcial\"},\"url\":\"https:\\\/\\\/fuentesfidedignas.com.mx\\\/index.php\\\/author\\\/imparcial\\\/\"}]}<\/script>\n<!-- \/ Yoast SEO plugin. -->","yoast_head_json":{"title":"Eduin Caz da su postura sobre cancelaci\u00f3n de presentaci\u00f3n en el Carnaval de Mazatl\u00e1n - Fuentes Fidedignas","robots":{"index":"index","follow":"follow","max-snippet":"max-snippet:-1","max-image-preview":"max-image-preview:large","max-video-preview":"max-video-preview:-1"},"canonical":"https:\/\/fuentesfidedignas.com.mx\/index.php\/2025\/02\/27\/eduin-caz-da-su-postura-sobre-cancelacion-de-presentacion-en-el-carnaval-de-mazatlan\/","og_locale":"es_MX","og_type":"article","og_title":"Eduin Caz da su postura sobre cancelaci\u00f3n de presentaci\u00f3n en el Carnaval de Mazatl\u00e1n - Fuentes Fidedignas","og_description":"El cantante inform\u00f3 en Instagram que el concierto se cancel\u00f3 para proteger a la banda no porque no hayan vendido boletos. Tijuana, BC.- Despu\u00e9s del comunicado oficial emitido por Grupo Firme la tarde de ayer 26 de febrero donde informaron sobre la cancelaci\u00f3n de su presentaci\u00f3n en el Carnaval de Mazatl\u00e1n este 1 de marzo, [&hellip;]","og_url":"https:\/\/fuentesfidedignas.com.mx\/index.php\/2025\/02\/27\/eduin-caz-da-su-postura-sobre-cancelacion-de-presentacion-en-el-carnaval-de-mazatlan\/","og_site_name":"Fuentes Fidedignas","article_publisher":"https:\/\/www.facebook.com\/Fuentes-Fidedignas-368234489921644","article_published_time":"2025-02-28T04:09:03+00:00","article_modified_time":"2025-02-28T04:09:06+00:00","og_image":[{"width":600,"height":355,"url":"https:\/\/fuentesfidedignas.com.mx\/wp-content\/uploads\/2025\/02\/eduin_caz_.jpg","type":"image\/jpeg"}],"author":"El Imparcial","twitter_card":"summary_large_image","twitter_creator":"@fidedignas","twitter_site":"@fidedignas","twitter_misc":{"Escrito por":"El Imparcial","Tiempo de lectura":"2 minutos"},"schema":{"@context":"https:\/\/schema.org","@graph":[{"@type":"Article","@id":"https:\/\/fuentesfidedignas.com.mx\/index.php\/2025\/02\/27\/eduin-caz-da-su-postura-sobre-cancelacion-de-presentacion-en-el-carnaval-de-mazatlan\/#article","isPartOf":{"@id":"https:\/\/fuentesfidedignas.com.mx\/index.php\/2025\/02\/27\/eduin-caz-da-su-postura-sobre-cancelacion-de-presentacion-en-el-carnaval-de-mazatlan\/"},"author":{"name":"El Imparcial","@id":"https:\/\/fuentesfidedignas.com.mx\/#\/schema\/person\/ff4db17f8fd9c584e0cfc2a0c436b8a1"},"headline":"Eduin Caz da su postura sobre cancelaci\u00f3n de presentaci\u00f3n en el Carnaval de Mazatl\u00e1n","datePublished":"2025-02-28T04:09:03+00:00","dateModified":"2025-02-28T04:09:06+00:00","mainEntityOfPage":{"@id":"https:\/\/fuentesfidedignas.com.mx\/index.php\/2025\/02\/27\/eduin-caz-da-su-postura-sobre-cancelacion-de-presentacion-en-el-carnaval-de-mazatlan\/"},"wordCount":242,"commentCount":0,"publisher":{"@id":"https:\/\/fuentesfidedignas.com.mx\/#organization"},"image":{"@id":"https:\/\/fuentesfidedignas.com.mx\/index.php\/2025\/02\/27\/eduin-caz-da-su-postura-sobre-cancelacion-de-presentacion-en-el-carnaval-de-mazatlan\/#primaryimage"},"thumbnailUrl":"https:\/\/fuentesfidedignas.com.mx\/wp-content\/uploads\/2025\/02\/eduin_caz_.jpg","articleSection":["NOTICIAS NACIONALES"],"inLanguage":"es","potentialAction":[{"@type":"CommentAction","name":"Comment","target":["https:\/\/fuentesfidedignas.com.mx\/index.php\/2025\/02\/27\/eduin-caz-da-su-postura-sobre-cancelacion-de-presentacion-en-el-carnaval-de-mazatlan\/#respond"]}]},{"@type":"WebPage","@id":"https:\/\/fuentesfidedignas.com.mx\/index.php\/2025\/02\/27\/eduin-caz-da-su-postura-sobre-cancelacion-de-presentacion-en-el-carnaval-de-mazatlan\/","url":"https:\/\/fuentesfidedignas.com.mx\/index.php\/2025\/02\/27\/eduin-caz-da-su-postura-sobre-cancelacion-de-presentacion-en-el-carnaval-de-mazatlan\/","name":"Eduin Caz da su postura sobre cancelaci\u00f3n de presentaci\u00f3n en el Carnaval de Mazatl\u00e1n - Fuentes Fidedignas","isPartOf":{"@id":"https:\/\/fuentesfidedignas.com.mx\/#website"},"primaryImageOfPage":{"@id":"https:\/\/fuentesfidedignas.com.mx\/index.php\/2025\/02\/27\/eduin-caz-da-su-postura-sobre-cancelacion-de-presentacion-en-el-carnaval-de-mazatlan\/#primaryimage"},"image":{"@id":"https:\/\/fuentesfidedignas.com.mx\/index.php\/2025\/02\/27\/eduin-caz-da-su-postura-sobre-cancelacion-de-presentacion-en-el-carnaval-de-mazatlan\/#primaryimage"},"thumbnailUrl":"https:\/\/fuentesfidedignas.com.mx\/wp-content\/uploads\/2025\/02\/eduin_caz_.jpg","datePublished":"2025-02-28T04:09:03+00:00","dateModified":"2025-02-28T04:09:06+00:00","breadcrumb":{"@id":"https:\/\/fuentesfidedignas.com.mx\/index.php\/2025\/02\/27\/eduin-caz-da-su-postura-sobre-cancelacion-de-presentacion-en-el-carnaval-de-mazatlan\/#breadcrumb"},"inLanguage":"es","potentialAction":[{"@type":"ReadAction","target":["https:\/\/fuentesfidedignas.com.mx\/index.php\/2025\/02\/27\/eduin-caz-da-su-postura-sobre-cancelacion-de-presentacion-en-el-carnaval-de-mazatlan\/"]}]},{"@type":"ImageObject","inLanguage":"es","@id":"https:\/\/fuentesfidedignas.com.mx\/index.php\/2025\/02\/27\/eduin-caz-da-su-postura-sobre-cancelacion-de-presentacion-en-el-carnaval-de-mazatlan\/#primaryimage","url":"https:\/\/fuentesfidedignas.com.mx\/wp-content\/uploads\/2025\/02\/eduin_caz_.jpg","contentUrl":"https:\/\/fuentesfidedignas.com.mx\/wp-content\/uploads\/2025\/02\/eduin_caz_.jpg","width":600,"height":355},{"@type":"BreadcrumbList","@id":"https:\/\/fuentesfidedignas.com.mx\/index.php\/2025\/02\/27\/eduin-caz-da-su-postura-sobre-cancelacion-de-presentacion-en-el-carnaval-de-mazatlan\/#breadcrumb","itemListElement":[{"@type":"ListItem","position":1,"name":"Inicio","item":"https:\/\/fuentesfidedignas.com.mx\/"},{"@type":"ListItem","position":2,"name":"Eduin Caz da su postura sobre cancelaci\u00f3n de presentaci\u00f3n en el Carnaval de Mazatl\u00e1n"}]},{"@type":"WebSite","@id":"https:\/\/fuentesfidedignas.com.mx\/#website","url":"https:\/\/fuentesfidedignas.com.mx\/","name":"Fuentes Fidedignas","description":"Otro sitio realizado con WordPress","publisher":{"@id":"https:\/\/fuentesfidedignas.com.mx\/#organization"},"potentialAction":[{"@type":"SearchAction","target":{"@type":"EntryPoint","urlTemplate":"https:\/\/fuentesfidedignas.com.mx\/?s={search_term_string}"},"query-input":{"@type":"PropertyValueSpecification","valueRequired":true,"valueName":"search_term_string"}}],"inLanguage":"es"},{"@type":"Organization","@id":"https:\/\/fuentesfidedignas.com.mx\/#organization","name":"Fuentes Fidedignas","url":"https:\/\/fuentesfidedignas.com.mx\/","logo":{"@type":"ImageObject","inLanguage":"es","@id":"https:\/\/fuentesfidedignas.com.mx\/#\/schema\/logo\/image\/","url":"https:\/\/fuentesfidedignas.com.mx\/wp-content\/uploads\/2021\/04\/logo-retina.png","contentUrl":"https:\/\/fuentesfidedignas.com.mx\/wp-content\/uploads\/2021\/04\/logo-retina.png","width":280,"height":51,"caption":"Fuentes Fidedignas"},"image":{"@id":"https:\/\/fuentesfidedignas.com.mx\/#\/schema\/logo\/image\/"},"sameAs":["https:\/\/www.facebook.com\/Fuentes-Fidedignas-368234489921644","https:\/\/x.com\/fidedignas"]},{"@type":"Person","@id":"https:\/\/fuentesfidedignas.com.mx\/#\/schema\/person\/ff4db17f8fd9c584e0cfc2a0c436b8a1","name":"El Imparcial","image":{"@type":"ImageObject","inLanguage":"es","@id":"https:\/\/secure.gravatar.com\/avatar\/accd6807585a75316c237ee783498317be6f66ab34c47c940966f26a3f613161?s=96&d=mm&r=g","url":"https:\/\/secure.gravatar.com\/avatar\/accd6807585a75316c237ee783498317be6f66ab34c47c940966f26a3f613161?s=96&d=mm&r=g","contentUrl":"https:\/\/secure.gravatar.com\/avatar\/accd6807585a75316c237ee783498317be6f66ab34c47c940966f26a3f613161?s=96&d=mm&r=g","caption":"El Imparcial"},"url":"https:\/\/fuentesfidedignas.com.mx\/index.php\/author\/imparcial\/"}]}},"_links":{"self":[{"href":"https:\/\/fuentesfidedignas.com.mx\/index.php\/wp-json\/wp\/v2\/posts\/102803","targetHints":{"allow":["GET"]}}],"collection":[{"href":"https:\/\/fuentesfidedignas.com.mx\/index.php\/wp-json\/wp\/v2\/posts"}],"about":[{"href":"https:\/\/fuentesfidedignas.com.mx\/index.php\/wp-json\/wp\/v2\/types\/post"}],"author":[{"embeddable":true,"href":"https:\/\/fuentesfidedignas.com.mx\/index.php\/wp-json\/wp\/v2\/users\/40"}],"replies":[{"embeddable":true,"href":"https:\/\/fuentesfidedignas.com.mx\/index.php\/wp-json\/wp\/v2\/comments?post=102803"}],"version-history":[{"count":1,"href":"https:\/\/fuentesfidedignas.com.mx\/index.php\/wp-json\/wp\/v2\/posts\/102803\/revisions"}],"predecessor-version":[{"id":102806,"href":"https:\/\/fuentesfidedignas.com.mx\/index.php\/wp-json\/wp\/v2\/posts\/102803\/revisions\/102806"}],"wp:featuredmedia":[{"embeddable":true,"href":"https:\/\/fuentesfidedignas.com.mx\/index.php\/wp-json\/wp\/v2\/media\/102805"}],"wp:attachment":[{"href":"https:\/\/fuentesfidedignas.com.mx\/index.php\/wp-json\/wp\/v2\/media?parent=102803"}],"wp:term":[{"taxonomy":"category","embeddable":true,"href":"https:\/\/fuentesfidedignas.com.mx\/index.php\/wp-json\/wp\/v2\/categories?post=102803"},{"taxonomy":"post_tag","embeddable":true,"href":"https:\/\/fuentesfidedignas.com.mx\/index.php\/wp-json\/wp\/v2\/tags?post=102803"}],"curies":[{"name":"wp","href":"https:\/\/api.w.org\/{rel}","templated":true}]}}