{"id":102787,"date":"2025-02-28T04:08:00","date_gmt":"2025-02-28T11:08:00","guid":{"rendered":"https:\/\/fuentesfidedignas.com.mx\/?p=102787"},"modified":"2025-02-27T18:05:50","modified_gmt":"2025-02-28T01:05:50","slug":"abuelito-viaja-a-mexico-desde-chile-para-cumplir-su-sueno-de-cantar-con-mariachi","status":"publish","type":"post","link":"https:\/\/fuentesfidedignas.com.mx\/index.php\/2025\/02\/28\/abuelito-viaja-a-mexico-desde-chile-para-cumplir-su-sueno-de-cantar-con-mariachi\/","title":{"rendered":"Abuelito viaja a M\u00e9xico desde Chile para cumplir su sue\u00f1o de cantar con mariachi"},"content":{"rendered":"\n<p><strong><em>A trav\u00e9s de redes sociales el momento se ha hecho viral en redes sociales<\/em><\/strong><\/p>\n\n\n\n<p>La m\u00fasica y cultura mexicana no solo ha cautivado a los propios \u2018hijos del ma\u00edz\u2019, sino que muchos son los extranjeros que se han enamorado de todo lo que pueden encontrar en tierras aztecas.<\/p>\n\n\n\n<p>Prueba de esto es un hombre chileno de la tercera edad que viaj\u00f3 desde su pa\u00eds a M\u00e9xico para as\u00ed cumplir su sue\u00f1o antes de fallecer, el cu\u00e1l era visitar nuestro pa\u00eds y poder cantar acompa\u00f1ado de mariachi.<\/p>\n\n\n\n<p><strong>Viaja a M\u00e9xico desde Chile para cantar con mariachi<\/strong><br>A trav\u00e9s de TikTok el perfil Mariachow ha publicado un video que ha conmovido a muchos usuarios de la red social, pues un hombre de la tercera edad de nombre Alfonso cumpli\u00f3 su sue\u00f1o de cantar con Mariachi.<\/p>\n\n\n\n<p>El video empieza con su hija diciendo: \u201cHola, vengo de Chile con la t\u00eda y con mi padre porque \u00e9l quiere cumplir un sue\u00f1o antes de morir, primero pisar la tierra mexicana, pero luego de eso quiere cantar y se compr\u00f3 un sombrero de charro porque quiere cantar como los mexicanos\u201d.<br>El hombre con emoci\u00f3n se coloca el sombrero y comienza a entonar canciones en compa\u00f1\u00eda del viol\u00edn y la guitarra de los mariachis.<\/p>\n\n\n\n<p>\u201cYo lo que quer\u00eda era esto (..) sean felices, gracias a los muchachos, yo soy chileno, vengo de Chile pero estoy enamorado de lo mexicano\u201d.<\/p>\n\n\n\n<p><strong>Reacci\u00f3n de los internautas<\/strong><br>R\u00e1pidamente el video se ha hecho viral y muchos han sido los internautas que se han conmovido con el hombre y han llenado el video con mensajes celebrando al nuevo \u201chermano mexicano\u201d.<\/p>\n\n\n\n<ul class=\"wp-block-list\">\n<li>don Alfonso hermano ya eres mexicano<\/li>\n\n\n\n<li>soy Chileno y vivo en Veracruz y de verdad mil gracias por ese gesto M\u00e9xico es un gran pa\u00eds y su gente muy ching*na<\/li>\n\n\n\n<li>En realidad todas las personas del mundo son mexicanas\u2026 solo hace falta que vengan a M\u00e9xico para descubrirlo.<\/li>\n\n\n\n<li>C\u00f3mo dijo Chabela Vargas\u201dlos mexicanos nacemos donde nos da la gana\u201d<\/li>\n\n\n\n<li>cuando vienen as\u00ed con esa sencillez y amor M\u00e9xico los acoge los abraza y los hace un hijo m\u00e1s de la patria y un hermano mexicano m\u00e1s bienvenidos a su segunda tierra.<\/li>\n\n\n\n<li>gracias Mariachow por hacerle sentir al se\u00f1or la hospitalidad y calidez mexicana y cumplirle su sue\u00f1o de cantar con mariachi! arriba jalisco si se\u00f1ooor<\/li>\n<\/ul>\n\n\n\n<blockquote class=\"tiktok-embed\" cite=\"https:\/\/www.tiktok.com\/@elmariachow\/video\/7473599989650869510\" data-video-id=\"7473599989650869510\" style=\"max-width: 605px;min-width: 325px;\" > <section> <a target=\"_blank\" title=\"@elmariachow\" href=\"https:\/\/www.tiktok.com\/@elmariachow?refer=embed\">@elmariachow<\/a> Viajo m\u00e1s de 6,000 kil\u00f3metros para lograr un sue\u00f1o y lo cumpli\u00f3 <a title=\"mariachi\" target=\"_blank\" href=\"https:\/\/www.tiktok.com\/tag\/mariachi?refer=embed\">#mariachi<\/a> <a title=\"sue\u00f1oscumplidos\" target=\"_blank\" href=\"https:\/\/www.tiktok.com\/tag\/sue%C3%B1oscumplidos?refer=embed\">#sue\u00f1oscumplidos<\/a> <a title=\"musicaqueune\" target=\"_blank\" href=\"https:\/\/www.tiktok.com\/tag\/musicaqueune?refer=embed\">#musicaqueune<\/a> <a title=\"mexico\" target=\"_blank\" href=\"https:\/\/www.tiktok.com\/tag\/mexico?refer=embed\">#mexico<\/a> <a title=\"historiareal\" target=\"_blank\" href=\"https:\/\/www.tiktok.com\/tag\/historiareal?refer=embed\">#historiareal<\/a> <a target=\"_blank\" title=\"\u266c sonido original - MARIACHOW\" href=\"https:\/\/www.tiktok.com\/music\/sonido-original-7473600024402053893?refer=embed\">\u266c sonido original &#8211; MARIACHOW<\/a> <\/section> <\/blockquote> <script async src=\"https:\/\/www.tiktok.com\/embed.js\"><\/script>\n","protected":false},"excerpt":{"rendered":"<p>A trav\u00e9s de redes sociales el momento se ha hecho viral en redes sociales La m\u00fasica y cultura mexicana no solo ha cautivado a los propios \u2018hijos del ma\u00edz\u2019, sino que muchos son los extranjeros que se han enamorado de todo lo que pueden encontrar en tierras aztecas. Prueba de esto es un hombre chileno [&hellip;]<\/p>\n","protected":false},"author":9,"featured_media":102788,"comment_status":"open","ping_status":"open","sticky":false,"template":"","format":"standard","meta":{"tdm_status":"","tdm_grid_status":"","footnotes":""},"categories":[40],"tags":[],"class_list":{"0":"post-102787","1":"post","2":"type-post","3":"status-publish","4":"format-standard","5":"has-post-thumbnail","7":"category-las-asombrosas"},"yoast_head":"<!-- This site is optimized with the Yoast SEO plugin v27.5 - https:\/\/yoast.com\/product\/yoast-seo-wordpress\/ -->\n<title>Abuelito viaja a M\u00e9xico desde Chile para cumplir su sue\u00f1o de cantar con mariachi - Fuentes Fidedignas<\/title>\n<meta name=\"robots\" content=\"index, follow, max-snippet:-1, max-image-preview:large, max-video-preview:-1\" \/>\n<link rel=\"canonical\" href=\"https:\/\/fuentesfidedignas.com.mx\/index.php\/2025\/02\/28\/abuelito-viaja-a-mexico-desde-chile-para-cumplir-su-sueno-de-cantar-con-mariachi\/\" \/>\n<meta property=\"og:locale\" content=\"es_MX\" \/>\n<meta property=\"og:type\" content=\"article\" \/>\n<meta property=\"og:title\" content=\"Abuelito viaja a M\u00e9xico desde Chile para cumplir su sue\u00f1o de cantar con mariachi - Fuentes Fidedignas\" \/>\n<meta property=\"og:description\" content=\"A trav\u00e9s de redes sociales el momento se ha hecho viral en redes sociales La m\u00fasica y cultura mexicana no solo ha cautivado a los propios \u2018hijos del ma\u00edz\u2019, sino que muchos son los extranjeros que se han enamorado de todo lo que pueden encontrar en tierras aztecas. Prueba de esto es un hombre chileno [&hellip;]\" \/>\n<meta property=\"og:url\" content=\"https:\/\/fuentesfidedignas.com.mx\/index.php\/2025\/02\/28\/abuelito-viaja-a-mexico-desde-chile-para-cumplir-su-sueno-de-cantar-con-mariachi\/\" \/>\n<meta property=\"og:site_name\" content=\"Fuentes Fidedignas\" \/>\n<meta property=\"article:publisher\" content=\"https:\/\/www.facebook.com\/Fuentes-Fidedignas-368234489921644\" \/>\n<meta property=\"article:published_time\" content=\"2025-02-28T11:08:00+00:00\" \/>\n<meta property=\"og:image\" content=\"https:\/\/fuentesfidedignas.com.mx\/wp-content\/uploads\/2025\/02\/sr_mariachi.jpg\" \/>\n\t<meta property=\"og:image:width\" content=\"600\" \/>\n\t<meta property=\"og:image:height\" content=\"389\" \/>\n\t<meta property=\"og:image:type\" content=\"image\/jpeg\" \/>\n<meta name=\"author\" content=\"Milenio\" \/>\n<meta name=\"twitter:card\" content=\"summary_large_image\" \/>\n<meta name=\"twitter:creator\" content=\"@fidedignas\" \/>\n<meta name=\"twitter:site\" content=\"@fidedignas\" \/>\n<meta name=\"twitter:label1\" content=\"Escrito por\" \/>\n\t<meta name=\"twitter:data1\" content=\"Milenio\" \/>\n\t<meta name=\"twitter:label2\" content=\"Tiempo de lectura\" \/>\n\t<meta name=\"twitter:data2\" content=\"2 minutos\" \/>\n<script type=\"application\/ld+json\" class=\"yoast-schema-graph\">{\"@context\":\"https:\\\/\\\/schema.org\",\"@graph\":[{\"@type\":\"Article\",\"@id\":\"https:\\\/\\\/fuentesfidedignas.com.mx\\\/index.php\\\/2025\\\/02\\\/28\\\/abuelito-viaja-a-mexico-desde-chile-para-cumplir-su-sueno-de-cantar-con-mariachi\\\/#article\",\"isPartOf\":{\"@id\":\"https:\\\/\\\/fuentesfidedignas.com.mx\\\/index.php\\\/2025\\\/02\\\/28\\\/abuelito-viaja-a-mexico-desde-chile-para-cumplir-su-sueno-de-cantar-con-mariachi\\\/\"},\"author\":{\"name\":\"Milenio\",\"@id\":\"https:\\\/\\\/fuentesfidedignas.com.mx\\\/#\\\/schema\\\/person\\\/47ec0135738f4b0c7495f06a77a2c976\"},\"headline\":\"Abuelito viaja a M\u00e9xico desde Chile para cumplir su sue\u00f1o de cantar con mariachi\",\"datePublished\":\"2025-02-28T11:08:00+00:00\",\"mainEntityOfPage\":{\"@id\":\"https:\\\/\\\/fuentesfidedignas.com.mx\\\/index.php\\\/2025\\\/02\\\/28\\\/abuelito-viaja-a-mexico-desde-chile-para-cumplir-su-sueno-de-cantar-con-mariachi\\\/\"},\"wordCount\":455,\"commentCount\":0,\"publisher\":{\"@id\":\"https:\\\/\\\/fuentesfidedignas.com.mx\\\/#organization\"},\"image\":{\"@id\":\"https:\\\/\\\/fuentesfidedignas.com.mx\\\/index.php\\\/2025\\\/02\\\/28\\\/abuelito-viaja-a-mexico-desde-chile-para-cumplir-su-sueno-de-cantar-con-mariachi\\\/#primaryimage\"},\"thumbnailUrl\":\"https:\\\/\\\/fuentesfidedignas.com.mx\\\/wp-content\\\/uploads\\\/2025\\\/02\\\/sr_mariachi.jpg\",\"articleSection\":[\"LAS ASOMBROSAS\"],\"inLanguage\":\"es\",\"potentialAction\":[{\"@type\":\"CommentAction\",\"name\":\"Comment\",\"target\":[\"https:\\\/\\\/fuentesfidedignas.com.mx\\\/index.php\\\/2025\\\/02\\\/28\\\/abuelito-viaja-a-mexico-desde-chile-para-cumplir-su-sueno-de-cantar-con-mariachi\\\/#respond\"]}]},{\"@type\":\"WebPage\",\"@id\":\"https:\\\/\\\/fuentesfidedignas.com.mx\\\/index.php\\\/2025\\\/02\\\/28\\\/abuelito-viaja-a-mexico-desde-chile-para-cumplir-su-sueno-de-cantar-con-mariachi\\\/\",\"url\":\"https:\\\/\\\/fuentesfidedignas.com.mx\\\/index.php\\\/2025\\\/02\\\/28\\\/abuelito-viaja-a-mexico-desde-chile-para-cumplir-su-sueno-de-cantar-con-mariachi\\\/\",\"name\":\"Abuelito viaja a M\u00e9xico desde Chile para cumplir su sue\u00f1o de cantar con mariachi - Fuentes Fidedignas\",\"isPartOf\":{\"@id\":\"https:\\\/\\\/fuentesfidedignas.com.mx\\\/#website\"},\"primaryImageOfPage\":{\"@id\":\"https:\\\/\\\/fuentesfidedignas.com.mx\\\/index.php\\\/2025\\\/02\\\/28\\\/abuelito-viaja-a-mexico-desde-chile-para-cumplir-su-sueno-de-cantar-con-mariachi\\\/#primaryimage\"},\"image\":{\"@id\":\"https:\\\/\\\/fuentesfidedignas.com.mx\\\/index.php\\\/2025\\\/02\\\/28\\\/abuelito-viaja-a-mexico-desde-chile-para-cumplir-su-sueno-de-cantar-con-mariachi\\\/#primaryimage\"},\"thumbnailUrl\":\"https:\\\/\\\/fuentesfidedignas.com.mx\\\/wp-content\\\/uploads\\\/2025\\\/02\\\/sr_mariachi.jpg\",\"datePublished\":\"2025-02-28T11:08:00+00:00\",\"breadcrumb\":{\"@id\":\"https:\\\/\\\/fuentesfidedignas.com.mx\\\/index.php\\\/2025\\\/02\\\/28\\\/abuelito-viaja-a-mexico-desde-chile-para-cumplir-su-sueno-de-cantar-con-mariachi\\\/#breadcrumb\"},\"inLanguage\":\"es\",\"potentialAction\":[{\"@type\":\"ReadAction\",\"target\":[\"https:\\\/\\\/fuentesfidedignas.com.mx\\\/index.php\\\/2025\\\/02\\\/28\\\/abuelito-viaja-a-mexico-desde-chile-para-cumplir-su-sueno-de-cantar-con-mariachi\\\/\"]}]},{\"@type\":\"ImageObject\",\"inLanguage\":\"es\",\"@id\":\"https:\\\/\\\/fuentesfidedignas.com.mx\\\/index.php\\\/2025\\\/02\\\/28\\\/abuelito-viaja-a-mexico-desde-chile-para-cumplir-su-sueno-de-cantar-con-mariachi\\\/#primaryimage\",\"url\":\"https:\\\/\\\/fuentesfidedignas.com.mx\\\/wp-content\\\/uploads\\\/2025\\\/02\\\/sr_mariachi.jpg\",\"contentUrl\":\"https:\\\/\\\/fuentesfidedignas.com.mx\\\/wp-content\\\/uploads\\\/2025\\\/02\\\/sr_mariachi.jpg\",\"width\":600,\"height\":389},{\"@type\":\"BreadcrumbList\",\"@id\":\"https:\\\/\\\/fuentesfidedignas.com.mx\\\/index.php\\\/2025\\\/02\\\/28\\\/abuelito-viaja-a-mexico-desde-chile-para-cumplir-su-sueno-de-cantar-con-mariachi\\\/#breadcrumb\",\"itemListElement\":[{\"@type\":\"ListItem\",\"position\":1,\"name\":\"Inicio\",\"item\":\"https:\\\/\\\/fuentesfidedignas.com.mx\\\/\"},{\"@type\":\"ListItem\",\"position\":2,\"name\":\"Abuelito viaja a M\u00e9xico desde Chile para cumplir su sue\u00f1o de cantar con mariachi\"}]},{\"@type\":\"WebSite\",\"@id\":\"https:\\\/\\\/fuentesfidedignas.com.mx\\\/#website\",\"url\":\"https:\\\/\\\/fuentesfidedignas.com.mx\\\/\",\"name\":\"Fuentes Fidedignas\",\"description\":\"Otro sitio realizado con WordPress\",\"publisher\":{\"@id\":\"https:\\\/\\\/fuentesfidedignas.com.mx\\\/#organization\"},\"potentialAction\":[{\"@type\":\"SearchAction\",\"target\":{\"@type\":\"EntryPoint\",\"urlTemplate\":\"https:\\\/\\\/fuentesfidedignas.com.mx\\\/?s={search_term_string}\"},\"query-input\":{\"@type\":\"PropertyValueSpecification\",\"valueRequired\":true,\"valueName\":\"search_term_string\"}}],\"inLanguage\":\"es\"},{\"@type\":\"Organization\",\"@id\":\"https:\\\/\\\/fuentesfidedignas.com.mx\\\/#organization\",\"name\":\"Fuentes Fidedignas\",\"url\":\"https:\\\/\\\/fuentesfidedignas.com.mx\\\/\",\"logo\":{\"@type\":\"ImageObject\",\"inLanguage\":\"es\",\"@id\":\"https:\\\/\\\/fuentesfidedignas.com.mx\\\/#\\\/schema\\\/logo\\\/image\\\/\",\"url\":\"https:\\\/\\\/fuentesfidedignas.com.mx\\\/wp-content\\\/uploads\\\/2021\\\/04\\\/logo-retina.png\",\"contentUrl\":\"https:\\\/\\\/fuentesfidedignas.com.mx\\\/wp-content\\\/uploads\\\/2021\\\/04\\\/logo-retina.png\",\"width\":280,\"height\":51,\"caption\":\"Fuentes Fidedignas\"},\"image\":{\"@id\":\"https:\\\/\\\/fuentesfidedignas.com.mx\\\/#\\\/schema\\\/logo\\\/image\\\/\"},\"sameAs\":[\"https:\\\/\\\/www.facebook.com\\\/Fuentes-Fidedignas-368234489921644\",\"https:\\\/\\\/x.com\\\/fidedignas\"]},{\"@type\":\"Person\",\"@id\":\"https:\\\/\\\/fuentesfidedignas.com.mx\\\/#\\\/schema\\\/person\\\/47ec0135738f4b0c7495f06a77a2c976\",\"name\":\"Milenio\",\"image\":{\"@type\":\"ImageObject\",\"inLanguage\":\"es\",\"@id\":\"https:\\\/\\\/secure.gravatar.com\\\/avatar\\\/acabf7b54753e51c2c76457954577c236b3b764789b19879565769739d1e4a75?s=96&d=mm&r=g\",\"url\":\"https:\\\/\\\/secure.gravatar.com\\\/avatar\\\/acabf7b54753e51c2c76457954577c236b3b764789b19879565769739d1e4a75?s=96&d=mm&r=g\",\"contentUrl\":\"https:\\\/\\\/secure.gravatar.com\\\/avatar\\\/acabf7b54753e51c2c76457954577c236b3b764789b19879565769739d1e4a75?s=96&d=mm&r=g\",\"caption\":\"Milenio\"},\"url\":\"https:\\\/\\\/fuentesfidedignas.com.mx\\\/index.php\\\/author\\\/milenio\\\/\"}]}<\/script>\n<!-- \/ Yoast SEO plugin. -->","yoast_head_json":{"title":"Abuelito viaja a M\u00e9xico desde Chile para cumplir su sue\u00f1o de cantar con mariachi - Fuentes Fidedignas","robots":{"index":"index","follow":"follow","max-snippet":"max-snippet:-1","max-image-preview":"max-image-preview:large","max-video-preview":"max-video-preview:-1"},"canonical":"https:\/\/fuentesfidedignas.com.mx\/index.php\/2025\/02\/28\/abuelito-viaja-a-mexico-desde-chile-para-cumplir-su-sueno-de-cantar-con-mariachi\/","og_locale":"es_MX","og_type":"article","og_title":"Abuelito viaja a M\u00e9xico desde Chile para cumplir su sue\u00f1o de cantar con mariachi - Fuentes Fidedignas","og_description":"A trav\u00e9s de redes sociales el momento se ha hecho viral en redes sociales La m\u00fasica y cultura mexicana no solo ha cautivado a los propios \u2018hijos del ma\u00edz\u2019, sino que muchos son los extranjeros que se han enamorado de todo lo que pueden encontrar en tierras aztecas. Prueba de esto es un hombre chileno [&hellip;]","og_url":"https:\/\/fuentesfidedignas.com.mx\/index.php\/2025\/02\/28\/abuelito-viaja-a-mexico-desde-chile-para-cumplir-su-sueno-de-cantar-con-mariachi\/","og_site_name":"Fuentes Fidedignas","article_publisher":"https:\/\/www.facebook.com\/Fuentes-Fidedignas-368234489921644","article_published_time":"2025-02-28T11:08:00+00:00","og_image":[{"width":600,"height":389,"url":"https:\/\/fuentesfidedignas.com.mx\/wp-content\/uploads\/2025\/02\/sr_mariachi.jpg","type":"image\/jpeg"}],"author":"Milenio","twitter_card":"summary_large_image","twitter_creator":"@fidedignas","twitter_site":"@fidedignas","twitter_misc":{"Escrito por":"Milenio","Tiempo de lectura":"2 minutos"},"schema":{"@context":"https:\/\/schema.org","@graph":[{"@type":"Article","@id":"https:\/\/fuentesfidedignas.com.mx\/index.php\/2025\/02\/28\/abuelito-viaja-a-mexico-desde-chile-para-cumplir-su-sueno-de-cantar-con-mariachi\/#article","isPartOf":{"@id":"https:\/\/fuentesfidedignas.com.mx\/index.php\/2025\/02\/28\/abuelito-viaja-a-mexico-desde-chile-para-cumplir-su-sueno-de-cantar-con-mariachi\/"},"author":{"name":"Milenio","@id":"https:\/\/fuentesfidedignas.com.mx\/#\/schema\/person\/47ec0135738f4b0c7495f06a77a2c976"},"headline":"Abuelito viaja a M\u00e9xico desde Chile para cumplir su sue\u00f1o de cantar con mariachi","datePublished":"2025-02-28T11:08:00+00:00","mainEntityOfPage":{"@id":"https:\/\/fuentesfidedignas.com.mx\/index.php\/2025\/02\/28\/abuelito-viaja-a-mexico-desde-chile-para-cumplir-su-sueno-de-cantar-con-mariachi\/"},"wordCount":455,"commentCount":0,"publisher":{"@id":"https:\/\/fuentesfidedignas.com.mx\/#organization"},"image":{"@id":"https:\/\/fuentesfidedignas.com.mx\/index.php\/2025\/02\/28\/abuelito-viaja-a-mexico-desde-chile-para-cumplir-su-sueno-de-cantar-con-mariachi\/#primaryimage"},"thumbnailUrl":"https:\/\/fuentesfidedignas.com.mx\/wp-content\/uploads\/2025\/02\/sr_mariachi.jpg","articleSection":["LAS ASOMBROSAS"],"inLanguage":"es","potentialAction":[{"@type":"CommentAction","name":"Comment","target":["https:\/\/fuentesfidedignas.com.mx\/index.php\/2025\/02\/28\/abuelito-viaja-a-mexico-desde-chile-para-cumplir-su-sueno-de-cantar-con-mariachi\/#respond"]}]},{"@type":"WebPage","@id":"https:\/\/fuentesfidedignas.com.mx\/index.php\/2025\/02\/28\/abuelito-viaja-a-mexico-desde-chile-para-cumplir-su-sueno-de-cantar-con-mariachi\/","url":"https:\/\/fuentesfidedignas.com.mx\/index.php\/2025\/02\/28\/abuelito-viaja-a-mexico-desde-chile-para-cumplir-su-sueno-de-cantar-con-mariachi\/","name":"Abuelito viaja a M\u00e9xico desde Chile para cumplir su sue\u00f1o de cantar con mariachi - Fuentes Fidedignas","isPartOf":{"@id":"https:\/\/fuentesfidedignas.com.mx\/#website"},"primaryImageOfPage":{"@id":"https:\/\/fuentesfidedignas.com.mx\/index.php\/2025\/02\/28\/abuelito-viaja-a-mexico-desde-chile-para-cumplir-su-sueno-de-cantar-con-mariachi\/#primaryimage"},"image":{"@id":"https:\/\/fuentesfidedignas.com.mx\/index.php\/2025\/02\/28\/abuelito-viaja-a-mexico-desde-chile-para-cumplir-su-sueno-de-cantar-con-mariachi\/#primaryimage"},"thumbnailUrl":"https:\/\/fuentesfidedignas.com.mx\/wp-content\/uploads\/2025\/02\/sr_mariachi.jpg","datePublished":"2025-02-28T11:08:00+00:00","breadcrumb":{"@id":"https:\/\/fuentesfidedignas.com.mx\/index.php\/2025\/02\/28\/abuelito-viaja-a-mexico-desde-chile-para-cumplir-su-sueno-de-cantar-con-mariachi\/#breadcrumb"},"inLanguage":"es","potentialAction":[{"@type":"ReadAction","target":["https:\/\/fuentesfidedignas.com.mx\/index.php\/2025\/02\/28\/abuelito-viaja-a-mexico-desde-chile-para-cumplir-su-sueno-de-cantar-con-mariachi\/"]}]},{"@type":"ImageObject","inLanguage":"es","@id":"https:\/\/fuentesfidedignas.com.mx\/index.php\/2025\/02\/28\/abuelito-viaja-a-mexico-desde-chile-para-cumplir-su-sueno-de-cantar-con-mariachi\/#primaryimage","url":"https:\/\/fuentesfidedignas.com.mx\/wp-content\/uploads\/2025\/02\/sr_mariachi.jpg","contentUrl":"https:\/\/fuentesfidedignas.com.mx\/wp-content\/uploads\/2025\/02\/sr_mariachi.jpg","width":600,"height":389},{"@type":"BreadcrumbList","@id":"https:\/\/fuentesfidedignas.com.mx\/index.php\/2025\/02\/28\/abuelito-viaja-a-mexico-desde-chile-para-cumplir-su-sueno-de-cantar-con-mariachi\/#breadcrumb","itemListElement":[{"@type":"ListItem","position":1,"name":"Inicio","item":"https:\/\/fuentesfidedignas.com.mx\/"},{"@type":"ListItem","position":2,"name":"Abuelito viaja a M\u00e9xico desde Chile para cumplir su sue\u00f1o de cantar con mariachi"}]},{"@type":"WebSite","@id":"https:\/\/fuentesfidedignas.com.mx\/#website","url":"https:\/\/fuentesfidedignas.com.mx\/","name":"Fuentes Fidedignas","description":"Otro sitio realizado con WordPress","publisher":{"@id":"https:\/\/fuentesfidedignas.com.mx\/#organization"},"potentialAction":[{"@type":"SearchAction","target":{"@type":"EntryPoint","urlTemplate":"https:\/\/fuentesfidedignas.com.mx\/?s={search_term_string}"},"query-input":{"@type":"PropertyValueSpecification","valueRequired":true,"valueName":"search_term_string"}}],"inLanguage":"es"},{"@type":"Organization","@id":"https:\/\/fuentesfidedignas.com.mx\/#organization","name":"Fuentes Fidedignas","url":"https:\/\/fuentesfidedignas.com.mx\/","logo":{"@type":"ImageObject","inLanguage":"es","@id":"https:\/\/fuentesfidedignas.com.mx\/#\/schema\/logo\/image\/","url":"https:\/\/fuentesfidedignas.com.mx\/wp-content\/uploads\/2021\/04\/logo-retina.png","contentUrl":"https:\/\/fuentesfidedignas.com.mx\/wp-content\/uploads\/2021\/04\/logo-retina.png","width":280,"height":51,"caption":"Fuentes Fidedignas"},"image":{"@id":"https:\/\/fuentesfidedignas.com.mx\/#\/schema\/logo\/image\/"},"sameAs":["https:\/\/www.facebook.com\/Fuentes-Fidedignas-368234489921644","https:\/\/x.com\/fidedignas"]},{"@type":"Person","@id":"https:\/\/fuentesfidedignas.com.mx\/#\/schema\/person\/47ec0135738f4b0c7495f06a77a2c976","name":"Milenio","image":{"@type":"ImageObject","inLanguage":"es","@id":"https:\/\/secure.gravatar.com\/avatar\/acabf7b54753e51c2c76457954577c236b3b764789b19879565769739d1e4a75?s=96&d=mm&r=g","url":"https:\/\/secure.gravatar.com\/avatar\/acabf7b54753e51c2c76457954577c236b3b764789b19879565769739d1e4a75?s=96&d=mm&r=g","contentUrl":"https:\/\/secure.gravatar.com\/avatar\/acabf7b54753e51c2c76457954577c236b3b764789b19879565769739d1e4a75?s=96&d=mm&r=g","caption":"Milenio"},"url":"https:\/\/fuentesfidedignas.com.mx\/index.php\/author\/milenio\/"}]}},"_links":{"self":[{"href":"https:\/\/fuentesfidedignas.com.mx\/index.php\/wp-json\/wp\/v2\/posts\/102787","targetHints":{"allow":["GET"]}}],"collection":[{"href":"https:\/\/fuentesfidedignas.com.mx\/index.php\/wp-json\/wp\/v2\/posts"}],"about":[{"href":"https:\/\/fuentesfidedignas.com.mx\/index.php\/wp-json\/wp\/v2\/types\/post"}],"author":[{"embeddable":true,"href":"https:\/\/fuentesfidedignas.com.mx\/index.php\/wp-json\/wp\/v2\/users\/9"}],"replies":[{"embeddable":true,"href":"https:\/\/fuentesfidedignas.com.mx\/index.php\/wp-json\/wp\/v2\/comments?post=102787"}],"version-history":[{"count":1,"href":"https:\/\/fuentesfidedignas.com.mx\/index.php\/wp-json\/wp\/v2\/posts\/102787\/revisions"}],"predecessor-version":[{"id":102789,"href":"https:\/\/fuentesfidedignas.com.mx\/index.php\/wp-json\/wp\/v2\/posts\/102787\/revisions\/102789"}],"wp:featuredmedia":[{"embeddable":true,"href":"https:\/\/fuentesfidedignas.com.mx\/index.php\/wp-json\/wp\/v2\/media\/102788"}],"wp:attachment":[{"href":"https:\/\/fuentesfidedignas.com.mx\/index.php\/wp-json\/wp\/v2\/media?parent=102787"}],"wp:term":[{"taxonomy":"category","embeddable":true,"href":"https:\/\/fuentesfidedignas.com.mx\/index.php\/wp-json\/wp\/v2\/categories?post=102787"},{"taxonomy":"post_tag","embeddable":true,"href":"https:\/\/fuentesfidedignas.com.mx\/index.php\/wp-json\/wp\/v2\/tags?post=102787"}],"curies":[{"name":"wp","href":"https:\/\/api.w.org\/{rel}","templated":true}]}}