{"id":102766,"date":"2025-02-27T13:38:33","date_gmt":"2025-02-27T20:38:33","guid":{"rendered":"https:\/\/fuentesfidedignas.com.mx\/?p=102766"},"modified":"2025-02-27T20:05:33","modified_gmt":"2025-02-28T03:05:33","slug":"reportan-extradicion-a-eu-de-caro-quintero-y-otra-veintena-de-narcotraficantes-de-alto-perfil","status":"publish","type":"post","link":"https:\/\/fuentesfidedignas.com.mx\/index.php\/2025\/02\/27\/reportan-extradicion-a-eu-de-caro-quintero-y-otra-veintena-de-narcotraficantes-de-alto-perfil\/","title":{"rendered":"Reportan extradici\u00f3n a EU de Caro Quintero y otra veintena de narcotraficantes de alto perfil"},"content":{"rendered":"\n<p><\/p>\n\n\n\n<p><strong><em>El capo del C\u00e1rtel de Guadalajara y otros narcotraficantes de distintos niveles fueron entregados a las autoridades estadunidenses<\/em><\/strong><\/p>\n\n\n\n<p>Fueron extraditados 29 narcotraficantes de distintos niveles, incluidos Rafael Caro Quintero y dos li\u0301deres de Los Zetas, de M\u00e9xico a Estados Unidos, informaron la Fiscal\u00eda General de la Rep\u00fablica (FGR) y la Secretar\u00eda de Seguridad y Protecci\u00f3n Ciudadana (SSPC).<\/p>\n\n\n\n<p>&#8220;<em>Esta ma\u00f1ana fueron trasladados a los Estados Unidos 29 personas que se encontraban privadas de su libertad en diferentes centros penitenciarios del pa\u00eds, las cuales eran requeridas por sus v\u00ednculos con organizaciones criminales por tr\u00e1fico de drogas, entre otros delitos&#8221;<\/em>, indicaron las autoridades mediante un comunicado.<\/p>\n\n\n\n<p>La&nbsp;<strong>custodia, traslado y entrega formal<\/strong>&nbsp;de las personas se realiz\u00f3 bajo los protocolos institucionales, con el debido respeto de sus derechos fundamentales, en apego a la Constituci\u00f3n y a la Ley de Seguridad Nacional, bajo solicitud del&nbsp;<strong>Departamento de Justicia de Estados Unidos<\/strong>.<\/p>\n\n\n\n<blockquote class=\"wp-block-quote is-layout-flow wp-block-quote-is-layout-flow\">\n<p>&#8220;Esta acci\u00f3n se enmarca dentro de las labores de&nbsp;<strong>coordinaci\u00f3n, cooperaci\u00f3n y reciprocidad bilateral<\/strong>, en el marco del respeto a la soberan\u00eda de ambas naciones&#8221;, se\u00f1alaron la FGR y la SSPC.<\/p>\n<\/blockquote>\n\n\n\n<figure class=\"wp-block-embed\"><div class=\"wp-block-embed__wrapper\">\nhttps:\/\/x.com\/sspcmexico\/status\/1895199866109714821?s=46\n<\/div><\/figure>\n\n\n\n<p>\u00bfQui\u00e9nes fueron los capos extraditados?<\/p>\n\n\n\n<p>Entre los extraditados se encuentran los li\u0301deres de Los Zetas, Miguel A\u0301ngel y Omar Trevin\u0303o Morales, El Z-40 y El Z-42, respectivamente, asi\u0301 como Rafael Caro Quintero.<\/p>\n\n\n\n<p>Tambi\u00e9n habr\u00eda sido entregado&nbsp;<strong>Antonio Oseguera Cervantes<\/strong>, hermano del l\u00edder del C\u00e1rtel Jalisco Nueva Generaci\u00f3n (<strong>CJNG<\/strong>), Nemesio Oseguera Cervantes,&nbsp;<em>El Mencho.<\/em><\/p>\n","protected":false},"excerpt":{"rendered":"<p>El capo del C\u00e1rtel de Guadalajara y otros narcotraficantes de distintos niveles fueron entregados a las autoridades estadunidenses Fueron extraditados 29 narcotraficantes de distintos niveles, incluidos Rafael Caro Quintero y dos li\u0301deres de Los Zetas, de M\u00e9xico a Estados Unidos, informaron la Fiscal\u00eda General de la Rep\u00fablica (FGR) y la Secretar\u00eda de Seguridad y Protecci\u00f3n [&hellip;]<\/p>\n","protected":false},"author":9,"featured_media":53994,"comment_status":"closed","ping_status":"open","sticky":false,"template":"","format":"standard","meta":{"tdm_status":"","tdm_grid_status":"","footnotes":""},"categories":[39],"tags":[],"class_list":{"0":"post-102766","1":"post","2":"type-post","3":"status-publish","4":"format-standard","5":"has-post-thumbnail","7":"category-noticias-nacionales"},"yoast_head":"<!-- This site is optimized with the Yoast SEO plugin v27.5 - https:\/\/yoast.com\/product\/yoast-seo-wordpress\/ -->\n<title>Reportan extradici\u00f3n a EU de Caro Quintero y otra veintena de narcotraficantes de alto perfil - Fuentes Fidedignas<\/title>\n<meta name=\"robots\" content=\"index, follow, max-snippet:-1, max-image-preview:large, max-video-preview:-1\" \/>\n<link rel=\"canonical\" href=\"https:\/\/fuentesfidedignas.com.mx\/index.php\/2025\/02\/27\/reportan-extradicion-a-eu-de-caro-quintero-y-otra-veintena-de-narcotraficantes-de-alto-perfil\/\" \/>\n<meta property=\"og:locale\" content=\"es_MX\" \/>\n<meta property=\"og:type\" content=\"article\" \/>\n<meta property=\"og:title\" content=\"Reportan extradici\u00f3n a EU de Caro Quintero y otra veintena de narcotraficantes de alto perfil - Fuentes Fidedignas\" \/>\n<meta property=\"og:description\" content=\"El capo del C\u00e1rtel de Guadalajara y otros narcotraficantes de distintos niveles fueron entregados a las autoridades estadunidenses Fueron extraditados 29 narcotraficantes de distintos niveles, incluidos Rafael Caro Quintero y dos li\u0301deres de Los Zetas, de M\u00e9xico a Estados Unidos, informaron la Fiscal\u00eda General de la Rep\u00fablica (FGR) y la Secretar\u00eda de Seguridad y Protecci\u00f3n [&hellip;]\" \/>\n<meta property=\"og:url\" content=\"https:\/\/fuentesfidedignas.com.mx\/index.php\/2025\/02\/27\/reportan-extradicion-a-eu-de-caro-quintero-y-otra-veintena-de-narcotraficantes-de-alto-perfil\/\" \/>\n<meta property=\"og:site_name\" content=\"Fuentes Fidedignas\" \/>\n<meta property=\"article:publisher\" content=\"https:\/\/www.facebook.com\/Fuentes-Fidedignas-368234489921644\" \/>\n<meta property=\"article:published_time\" content=\"2025-02-27T20:38:33+00:00\" \/>\n<meta property=\"article:modified_time\" content=\"2025-02-28T03:05:33+00:00\" \/>\n<meta property=\"og:image\" content=\"https:\/\/fuentesfidedignas.com.mx\/wp-content\/uploads\/2023\/07\/rafael-caro-.jpg\" \/>\n\t<meta property=\"og:image:width\" content=\"640\" \/>\n\t<meta property=\"og:image:height\" content=\"390\" \/>\n\t<meta property=\"og:image:type\" content=\"image\/jpeg\" \/>\n<meta name=\"author\" content=\"Milenio\" \/>\n<meta name=\"twitter:card\" content=\"summary_large_image\" \/>\n<meta name=\"twitter:creator\" content=\"@fidedignas\" \/>\n<meta name=\"twitter:site\" content=\"@fidedignas\" \/>\n<meta name=\"twitter:label1\" content=\"Escrito por\" \/>\n\t<meta name=\"twitter:data1\" content=\"Milenio\" \/>\n\t<meta name=\"twitter:label2\" content=\"Tiempo de lectura\" \/>\n\t<meta name=\"twitter:data2\" content=\"1 minuto\" \/>\n<script type=\"application\/ld+json\" class=\"yoast-schema-graph\">{\"@context\":\"https:\\\/\\\/schema.org\",\"@graph\":[{\"@type\":\"Article\",\"@id\":\"https:\\\/\\\/fuentesfidedignas.com.mx\\\/index.php\\\/2025\\\/02\\\/27\\\/reportan-extradicion-a-eu-de-caro-quintero-y-otra-veintena-de-narcotraficantes-de-alto-perfil\\\/#article\",\"isPartOf\":{\"@id\":\"https:\\\/\\\/fuentesfidedignas.com.mx\\\/index.php\\\/2025\\\/02\\\/27\\\/reportan-extradicion-a-eu-de-caro-quintero-y-otra-veintena-de-narcotraficantes-de-alto-perfil\\\/\"},\"author\":{\"name\":\"Milenio\",\"@id\":\"https:\\\/\\\/fuentesfidedignas.com.mx\\\/#\\\/schema\\\/person\\\/47ec0135738f4b0c7495f06a77a2c976\"},\"headline\":\"Reportan extradici\u00f3n a EU de Caro Quintero y otra veintena de narcotraficantes de alto perfil\",\"datePublished\":\"2025-02-27T20:38:33+00:00\",\"dateModified\":\"2025-02-28T03:05:33+00:00\",\"mainEntityOfPage\":{\"@id\":\"https:\\\/\\\/fuentesfidedignas.com.mx\\\/index.php\\\/2025\\\/02\\\/27\\\/reportan-extradicion-a-eu-de-caro-quintero-y-otra-veintena-de-narcotraficantes-de-alto-perfil\\\/\"},\"wordCount\":283,\"publisher\":{\"@id\":\"https:\\\/\\\/fuentesfidedignas.com.mx\\\/#organization\"},\"image\":{\"@id\":\"https:\\\/\\\/fuentesfidedignas.com.mx\\\/index.php\\\/2025\\\/02\\\/27\\\/reportan-extradicion-a-eu-de-caro-quintero-y-otra-veintena-de-narcotraficantes-de-alto-perfil\\\/#primaryimage\"},\"thumbnailUrl\":\"https:\\\/\\\/fuentesfidedignas.com.mx\\\/wp-content\\\/uploads\\\/2023\\\/07\\\/rafael-caro-.jpg\",\"articleSection\":[\"NOTICIAS NACIONALES\"],\"inLanguage\":\"es\"},{\"@type\":\"WebPage\",\"@id\":\"https:\\\/\\\/fuentesfidedignas.com.mx\\\/index.php\\\/2025\\\/02\\\/27\\\/reportan-extradicion-a-eu-de-caro-quintero-y-otra-veintena-de-narcotraficantes-de-alto-perfil\\\/\",\"url\":\"https:\\\/\\\/fuentesfidedignas.com.mx\\\/index.php\\\/2025\\\/02\\\/27\\\/reportan-extradicion-a-eu-de-caro-quintero-y-otra-veintena-de-narcotraficantes-de-alto-perfil\\\/\",\"name\":\"Reportan extradici\u00f3n a EU de Caro Quintero y otra veintena de narcotraficantes de alto perfil - Fuentes Fidedignas\",\"isPartOf\":{\"@id\":\"https:\\\/\\\/fuentesfidedignas.com.mx\\\/#website\"},\"primaryImageOfPage\":{\"@id\":\"https:\\\/\\\/fuentesfidedignas.com.mx\\\/index.php\\\/2025\\\/02\\\/27\\\/reportan-extradicion-a-eu-de-caro-quintero-y-otra-veintena-de-narcotraficantes-de-alto-perfil\\\/#primaryimage\"},\"image\":{\"@id\":\"https:\\\/\\\/fuentesfidedignas.com.mx\\\/index.php\\\/2025\\\/02\\\/27\\\/reportan-extradicion-a-eu-de-caro-quintero-y-otra-veintena-de-narcotraficantes-de-alto-perfil\\\/#primaryimage\"},\"thumbnailUrl\":\"https:\\\/\\\/fuentesfidedignas.com.mx\\\/wp-content\\\/uploads\\\/2023\\\/07\\\/rafael-caro-.jpg\",\"datePublished\":\"2025-02-27T20:38:33+00:00\",\"dateModified\":\"2025-02-28T03:05:33+00:00\",\"breadcrumb\":{\"@id\":\"https:\\\/\\\/fuentesfidedignas.com.mx\\\/index.php\\\/2025\\\/02\\\/27\\\/reportan-extradicion-a-eu-de-caro-quintero-y-otra-veintena-de-narcotraficantes-de-alto-perfil\\\/#breadcrumb\"},\"inLanguage\":\"es\",\"potentialAction\":[{\"@type\":\"ReadAction\",\"target\":[\"https:\\\/\\\/fuentesfidedignas.com.mx\\\/index.php\\\/2025\\\/02\\\/27\\\/reportan-extradicion-a-eu-de-caro-quintero-y-otra-veintena-de-narcotraficantes-de-alto-perfil\\\/\"]}]},{\"@type\":\"ImageObject\",\"inLanguage\":\"es\",\"@id\":\"https:\\\/\\\/fuentesfidedignas.com.mx\\\/index.php\\\/2025\\\/02\\\/27\\\/reportan-extradicion-a-eu-de-caro-quintero-y-otra-veintena-de-narcotraficantes-de-alto-perfil\\\/#primaryimage\",\"url\":\"https:\\\/\\\/fuentesfidedignas.com.mx\\\/wp-content\\\/uploads\\\/2023\\\/07\\\/rafael-caro-.jpg\",\"contentUrl\":\"https:\\\/\\\/fuentesfidedignas.com.mx\\\/wp-content\\\/uploads\\\/2023\\\/07\\\/rafael-caro-.jpg\",\"width\":640,\"height\":390},{\"@type\":\"BreadcrumbList\",\"@id\":\"https:\\\/\\\/fuentesfidedignas.com.mx\\\/index.php\\\/2025\\\/02\\\/27\\\/reportan-extradicion-a-eu-de-caro-quintero-y-otra-veintena-de-narcotraficantes-de-alto-perfil\\\/#breadcrumb\",\"itemListElement\":[{\"@type\":\"ListItem\",\"position\":1,\"name\":\"Inicio\",\"item\":\"https:\\\/\\\/fuentesfidedignas.com.mx\\\/\"},{\"@type\":\"ListItem\",\"position\":2,\"name\":\"Reportan extradici\u00f3n a EU de Caro Quintero y otra veintena de narcotraficantes de alto perfil\"}]},{\"@type\":\"WebSite\",\"@id\":\"https:\\\/\\\/fuentesfidedignas.com.mx\\\/#website\",\"url\":\"https:\\\/\\\/fuentesfidedignas.com.mx\\\/\",\"name\":\"Fuentes Fidedignas\",\"description\":\"Otro sitio realizado con WordPress\",\"publisher\":{\"@id\":\"https:\\\/\\\/fuentesfidedignas.com.mx\\\/#organization\"},\"potentialAction\":[{\"@type\":\"SearchAction\",\"target\":{\"@type\":\"EntryPoint\",\"urlTemplate\":\"https:\\\/\\\/fuentesfidedignas.com.mx\\\/?s={search_term_string}\"},\"query-input\":{\"@type\":\"PropertyValueSpecification\",\"valueRequired\":true,\"valueName\":\"search_term_string\"}}],\"inLanguage\":\"es\"},{\"@type\":\"Organization\",\"@id\":\"https:\\\/\\\/fuentesfidedignas.com.mx\\\/#organization\",\"name\":\"Fuentes Fidedignas\",\"url\":\"https:\\\/\\\/fuentesfidedignas.com.mx\\\/\",\"logo\":{\"@type\":\"ImageObject\",\"inLanguage\":\"es\",\"@id\":\"https:\\\/\\\/fuentesfidedignas.com.mx\\\/#\\\/schema\\\/logo\\\/image\\\/\",\"url\":\"https:\\\/\\\/fuentesfidedignas.com.mx\\\/wp-content\\\/uploads\\\/2021\\\/04\\\/logo-retina.png\",\"contentUrl\":\"https:\\\/\\\/fuentesfidedignas.com.mx\\\/wp-content\\\/uploads\\\/2021\\\/04\\\/logo-retina.png\",\"width\":280,\"height\":51,\"caption\":\"Fuentes Fidedignas\"},\"image\":{\"@id\":\"https:\\\/\\\/fuentesfidedignas.com.mx\\\/#\\\/schema\\\/logo\\\/image\\\/\"},\"sameAs\":[\"https:\\\/\\\/www.facebook.com\\\/Fuentes-Fidedignas-368234489921644\",\"https:\\\/\\\/x.com\\\/fidedignas\"]},{\"@type\":\"Person\",\"@id\":\"https:\\\/\\\/fuentesfidedignas.com.mx\\\/#\\\/schema\\\/person\\\/47ec0135738f4b0c7495f06a77a2c976\",\"name\":\"Milenio\",\"image\":{\"@type\":\"ImageObject\",\"inLanguage\":\"es\",\"@id\":\"https:\\\/\\\/secure.gravatar.com\\\/avatar\\\/acabf7b54753e51c2c76457954577c236b3b764789b19879565769739d1e4a75?s=96&d=mm&r=g\",\"url\":\"https:\\\/\\\/secure.gravatar.com\\\/avatar\\\/acabf7b54753e51c2c76457954577c236b3b764789b19879565769739d1e4a75?s=96&d=mm&r=g\",\"contentUrl\":\"https:\\\/\\\/secure.gravatar.com\\\/avatar\\\/acabf7b54753e51c2c76457954577c236b3b764789b19879565769739d1e4a75?s=96&d=mm&r=g\",\"caption\":\"Milenio\"},\"url\":\"https:\\\/\\\/fuentesfidedignas.com.mx\\\/index.php\\\/author\\\/milenio\\\/\"}]}<\/script>\n<!-- \/ Yoast SEO plugin. -->","yoast_head_json":{"title":"Reportan extradici\u00f3n a EU de Caro Quintero y otra veintena de narcotraficantes de alto perfil - Fuentes Fidedignas","robots":{"index":"index","follow":"follow","max-snippet":"max-snippet:-1","max-image-preview":"max-image-preview:large","max-video-preview":"max-video-preview:-1"},"canonical":"https:\/\/fuentesfidedignas.com.mx\/index.php\/2025\/02\/27\/reportan-extradicion-a-eu-de-caro-quintero-y-otra-veintena-de-narcotraficantes-de-alto-perfil\/","og_locale":"es_MX","og_type":"article","og_title":"Reportan extradici\u00f3n a EU de Caro Quintero y otra veintena de narcotraficantes de alto perfil - Fuentes Fidedignas","og_description":"El capo del C\u00e1rtel de Guadalajara y otros narcotraficantes de distintos niveles fueron entregados a las autoridades estadunidenses Fueron extraditados 29 narcotraficantes de distintos niveles, incluidos Rafael Caro Quintero y dos li\u0301deres de Los Zetas, de M\u00e9xico a Estados Unidos, informaron la Fiscal\u00eda General de la Rep\u00fablica (FGR) y la Secretar\u00eda de Seguridad y Protecci\u00f3n [&hellip;]","og_url":"https:\/\/fuentesfidedignas.com.mx\/index.php\/2025\/02\/27\/reportan-extradicion-a-eu-de-caro-quintero-y-otra-veintena-de-narcotraficantes-de-alto-perfil\/","og_site_name":"Fuentes Fidedignas","article_publisher":"https:\/\/www.facebook.com\/Fuentes-Fidedignas-368234489921644","article_published_time":"2025-02-27T20:38:33+00:00","article_modified_time":"2025-02-28T03:05:33+00:00","og_image":[{"width":640,"height":390,"url":"https:\/\/fuentesfidedignas.com.mx\/wp-content\/uploads\/2023\/07\/rafael-caro-.jpg","type":"image\/jpeg"}],"author":"Milenio","twitter_card":"summary_large_image","twitter_creator":"@fidedignas","twitter_site":"@fidedignas","twitter_misc":{"Escrito por":"Milenio","Tiempo de lectura":"1 minuto"},"schema":{"@context":"https:\/\/schema.org","@graph":[{"@type":"Article","@id":"https:\/\/fuentesfidedignas.com.mx\/index.php\/2025\/02\/27\/reportan-extradicion-a-eu-de-caro-quintero-y-otra-veintena-de-narcotraficantes-de-alto-perfil\/#article","isPartOf":{"@id":"https:\/\/fuentesfidedignas.com.mx\/index.php\/2025\/02\/27\/reportan-extradicion-a-eu-de-caro-quintero-y-otra-veintena-de-narcotraficantes-de-alto-perfil\/"},"author":{"name":"Milenio","@id":"https:\/\/fuentesfidedignas.com.mx\/#\/schema\/person\/47ec0135738f4b0c7495f06a77a2c976"},"headline":"Reportan extradici\u00f3n a EU de Caro Quintero y otra veintena de narcotraficantes de alto perfil","datePublished":"2025-02-27T20:38:33+00:00","dateModified":"2025-02-28T03:05:33+00:00","mainEntityOfPage":{"@id":"https:\/\/fuentesfidedignas.com.mx\/index.php\/2025\/02\/27\/reportan-extradicion-a-eu-de-caro-quintero-y-otra-veintena-de-narcotraficantes-de-alto-perfil\/"},"wordCount":283,"publisher":{"@id":"https:\/\/fuentesfidedignas.com.mx\/#organization"},"image":{"@id":"https:\/\/fuentesfidedignas.com.mx\/index.php\/2025\/02\/27\/reportan-extradicion-a-eu-de-caro-quintero-y-otra-veintena-de-narcotraficantes-de-alto-perfil\/#primaryimage"},"thumbnailUrl":"https:\/\/fuentesfidedignas.com.mx\/wp-content\/uploads\/2023\/07\/rafael-caro-.jpg","articleSection":["NOTICIAS NACIONALES"],"inLanguage":"es"},{"@type":"WebPage","@id":"https:\/\/fuentesfidedignas.com.mx\/index.php\/2025\/02\/27\/reportan-extradicion-a-eu-de-caro-quintero-y-otra-veintena-de-narcotraficantes-de-alto-perfil\/","url":"https:\/\/fuentesfidedignas.com.mx\/index.php\/2025\/02\/27\/reportan-extradicion-a-eu-de-caro-quintero-y-otra-veintena-de-narcotraficantes-de-alto-perfil\/","name":"Reportan extradici\u00f3n a EU de Caro Quintero y otra veintena de narcotraficantes de alto perfil - Fuentes Fidedignas","isPartOf":{"@id":"https:\/\/fuentesfidedignas.com.mx\/#website"},"primaryImageOfPage":{"@id":"https:\/\/fuentesfidedignas.com.mx\/index.php\/2025\/02\/27\/reportan-extradicion-a-eu-de-caro-quintero-y-otra-veintena-de-narcotraficantes-de-alto-perfil\/#primaryimage"},"image":{"@id":"https:\/\/fuentesfidedignas.com.mx\/index.php\/2025\/02\/27\/reportan-extradicion-a-eu-de-caro-quintero-y-otra-veintena-de-narcotraficantes-de-alto-perfil\/#primaryimage"},"thumbnailUrl":"https:\/\/fuentesfidedignas.com.mx\/wp-content\/uploads\/2023\/07\/rafael-caro-.jpg","datePublished":"2025-02-27T20:38:33+00:00","dateModified":"2025-02-28T03:05:33+00:00","breadcrumb":{"@id":"https:\/\/fuentesfidedignas.com.mx\/index.php\/2025\/02\/27\/reportan-extradicion-a-eu-de-caro-quintero-y-otra-veintena-de-narcotraficantes-de-alto-perfil\/#breadcrumb"},"inLanguage":"es","potentialAction":[{"@type":"ReadAction","target":["https:\/\/fuentesfidedignas.com.mx\/index.php\/2025\/02\/27\/reportan-extradicion-a-eu-de-caro-quintero-y-otra-veintena-de-narcotraficantes-de-alto-perfil\/"]}]},{"@type":"ImageObject","inLanguage":"es","@id":"https:\/\/fuentesfidedignas.com.mx\/index.php\/2025\/02\/27\/reportan-extradicion-a-eu-de-caro-quintero-y-otra-veintena-de-narcotraficantes-de-alto-perfil\/#primaryimage","url":"https:\/\/fuentesfidedignas.com.mx\/wp-content\/uploads\/2023\/07\/rafael-caro-.jpg","contentUrl":"https:\/\/fuentesfidedignas.com.mx\/wp-content\/uploads\/2023\/07\/rafael-caro-.jpg","width":640,"height":390},{"@type":"BreadcrumbList","@id":"https:\/\/fuentesfidedignas.com.mx\/index.php\/2025\/02\/27\/reportan-extradicion-a-eu-de-caro-quintero-y-otra-veintena-de-narcotraficantes-de-alto-perfil\/#breadcrumb","itemListElement":[{"@type":"ListItem","position":1,"name":"Inicio","item":"https:\/\/fuentesfidedignas.com.mx\/"},{"@type":"ListItem","position":2,"name":"Reportan extradici\u00f3n a EU de Caro Quintero y otra veintena de narcotraficantes de alto perfil"}]},{"@type":"WebSite","@id":"https:\/\/fuentesfidedignas.com.mx\/#website","url":"https:\/\/fuentesfidedignas.com.mx\/","name":"Fuentes Fidedignas","description":"Otro sitio realizado con WordPress","publisher":{"@id":"https:\/\/fuentesfidedignas.com.mx\/#organization"},"potentialAction":[{"@type":"SearchAction","target":{"@type":"EntryPoint","urlTemplate":"https:\/\/fuentesfidedignas.com.mx\/?s={search_term_string}"},"query-input":{"@type":"PropertyValueSpecification","valueRequired":true,"valueName":"search_term_string"}}],"inLanguage":"es"},{"@type":"Organization","@id":"https:\/\/fuentesfidedignas.com.mx\/#organization","name":"Fuentes Fidedignas","url":"https:\/\/fuentesfidedignas.com.mx\/","logo":{"@type":"ImageObject","inLanguage":"es","@id":"https:\/\/fuentesfidedignas.com.mx\/#\/schema\/logo\/image\/","url":"https:\/\/fuentesfidedignas.com.mx\/wp-content\/uploads\/2021\/04\/logo-retina.png","contentUrl":"https:\/\/fuentesfidedignas.com.mx\/wp-content\/uploads\/2021\/04\/logo-retina.png","width":280,"height":51,"caption":"Fuentes Fidedignas"},"image":{"@id":"https:\/\/fuentesfidedignas.com.mx\/#\/schema\/logo\/image\/"},"sameAs":["https:\/\/www.facebook.com\/Fuentes-Fidedignas-368234489921644","https:\/\/x.com\/fidedignas"]},{"@type":"Person","@id":"https:\/\/fuentesfidedignas.com.mx\/#\/schema\/person\/47ec0135738f4b0c7495f06a77a2c976","name":"Milenio","image":{"@type":"ImageObject","inLanguage":"es","@id":"https:\/\/secure.gravatar.com\/avatar\/acabf7b54753e51c2c76457954577c236b3b764789b19879565769739d1e4a75?s=96&d=mm&r=g","url":"https:\/\/secure.gravatar.com\/avatar\/acabf7b54753e51c2c76457954577c236b3b764789b19879565769739d1e4a75?s=96&d=mm&r=g","contentUrl":"https:\/\/secure.gravatar.com\/avatar\/acabf7b54753e51c2c76457954577c236b3b764789b19879565769739d1e4a75?s=96&d=mm&r=g","caption":"Milenio"},"url":"https:\/\/fuentesfidedignas.com.mx\/index.php\/author\/milenio\/"}]}},"_links":{"self":[{"href":"https:\/\/fuentesfidedignas.com.mx\/index.php\/wp-json\/wp\/v2\/posts\/102766","targetHints":{"allow":["GET"]}}],"collection":[{"href":"https:\/\/fuentesfidedignas.com.mx\/index.php\/wp-json\/wp\/v2\/posts"}],"about":[{"href":"https:\/\/fuentesfidedignas.com.mx\/index.php\/wp-json\/wp\/v2\/types\/post"}],"author":[{"embeddable":true,"href":"https:\/\/fuentesfidedignas.com.mx\/index.php\/wp-json\/wp\/v2\/users\/9"}],"replies":[{"embeddable":true,"href":"https:\/\/fuentesfidedignas.com.mx\/index.php\/wp-json\/wp\/v2\/comments?post=102766"}],"version-history":[{"count":1,"href":"https:\/\/fuentesfidedignas.com.mx\/index.php\/wp-json\/wp\/v2\/posts\/102766\/revisions"}],"predecessor-version":[{"id":102767,"href":"https:\/\/fuentesfidedignas.com.mx\/index.php\/wp-json\/wp\/v2\/posts\/102766\/revisions\/102767"}],"wp:featuredmedia":[{"embeddable":true,"href":"https:\/\/fuentesfidedignas.com.mx\/index.php\/wp-json\/wp\/v2\/media\/53994"}],"wp:attachment":[{"href":"https:\/\/fuentesfidedignas.com.mx\/index.php\/wp-json\/wp\/v2\/media?parent=102766"}],"wp:term":[{"taxonomy":"category","embeddable":true,"href":"https:\/\/fuentesfidedignas.com.mx\/index.php\/wp-json\/wp\/v2\/categories?post=102766"},{"taxonomy":"post_tag","embeddable":true,"href":"https:\/\/fuentesfidedignas.com.mx\/index.php\/wp-json\/wp\/v2\/tags?post=102766"}],"curies":[{"name":"wp","href":"https:\/\/api.w.org\/{rel}","templated":true}]}}