{"id":102729,"date":"2025-02-27T06:38:00","date_gmt":"2025-02-27T13:38:00","guid":{"rendered":"https:\/\/fuentesfidedignas.com.mx\/?p=102729"},"modified":"2025-02-27T07:08:41","modified_gmt":"2025-02-27T14:08:41","slug":"la-salud-del-papa-es-estable-y-se-somete-a-otras-pruebas-medicas","status":"publish","type":"post","link":"https:\/\/fuentesfidedignas.com.mx\/index.php\/2025\/02\/27\/la-salud-del-papa-es-estable-y-se-somete-a-otras-pruebas-medicas\/","title":{"rendered":"La salud del papa es estable y se somete a otras pruebas m\u00e9dicas"},"content":{"rendered":"\n<p><strong><em>Tras pasar una noche tranquila, el papa desayun\u00f3, sigui\u00f3 su terapia y fue sometido a otras pruebas, inform\u00f3 El Vaticano<\/em><\/strong><\/p>\n\n\n\n<p>Las condiciones de salud del papa son estables respecto al parte m\u00e9dico del mi\u00e9rcoles en su decimocuarto d\u00eda de hospitalizaci\u00f3n en el centro Gemelli de Roma por sus problemas respiratorios y es sometido a nuevas pruebas m\u00e9dicas, informaron este jueves fuentes vaticanas.<\/p>\n\n\n\n<p>Tras pasar una noche tranquila, el pont\u00edfice se ha despertado, ha desayunado y est\u00e1 siguiendo su terapia y se le han hecho tambi\u00e9n otras pruebas, sobre cuyas conclusiones deber\u00eda haber una nueva actualizaci\u00f3n en el pr\u00f3ximo parte m\u00e9dico, a\u00f1adieron dichas fuentes.<\/p>\n\n\n\n<p>No se tiene conocimiento de otras visitas recibidas por el papa, que \u201cest\u00e1 al corriente de lo que sucede, en particular de las iniciativas de oraci\u00f3n de los fieles\u201d.<\/p>\n\n\n\n<p>&#8220;Francisco ha podido sentarse en el sill\u00f3n de su habitaci\u00f3n en el d\u00e9cimo piso del Gemelli, siempre bajo oxigenoterapia, y su estado de \u00e1nimo \u201csigue siendo bueno\u201d, explicaron.<\/p>\n\n\n\n<p>Por el momento quedan anulados todos los actos del s\u00e1bado y tambi\u00e9n el rezo del \u00e1ngelus del domingo.<\/p>\n\n\n\n<p>Esta informaci\u00f3n llega despu\u00e9s de que en el \u00faltimo parte m\u00e9dico del mi\u00e9rcoles se comunicase que hab\u00eda experimentado una \u201cnueva y leve mejor\u00eda\u201d y que el TAC que se realiz\u00f3 para controlar la neumon\u00eda bilateral ha demostrado \u201cuna normal evoluci\u00f3n\u201d del cuadro pulmonar.<\/p>\n\n\n\n<p>&#8220;Las condiciones cl\u00ednicas del Santo Padre en las \u00faltimas 24 horas han mostrado una nueva y leve mejor\u00eda. La leve insuficiencia renal detectada en los d\u00edas pasados ha pasado\u201d, se le\u00eda en la \u00faltima informaci\u00f3n.<\/p>\n\n\n\n<p>El pont\u00edfice argentino sigue recibiendo ox\u00edgeno, a pesar de que tampoco este mi\u00e9rcoles ha sufrido crisis respiratorias asm\u00e1ticas.<\/p>\n\n\n\n<p>Francisco est\u00e1 llevando a cabo \u201cfisioterapia respiratoria\u201d y los m\u00e9dicos mantienen el pron\u00f3stico reservado, es decir, sin desvelar la posible evoluci\u00f3n de su salud,.<\/p>\n\n\n\n<p>Pero adem\u00e1s desapareci\u00f3 del parte \u201cel estado cr\u00edtico\u201d de los d\u00edas anteriores.<\/p>\n\n\n\n<p>Francisco, de 88 an\u0303os, fue hospitalizado el pasado 14 de febrero por una bronquitis con infeccio\u0301n polimicrobiana a la que se sumo\u0301 la neumoni\u0301a bilateral.<\/p>\n\n\n\n<p>Mientras tanto, el Vaticano continuar\u00e1 con el rezo del rosario por la salud del papa en la Plaza e San Pedro.<\/p>\n","protected":false},"excerpt":{"rendered":"<p>Tras pasar una noche tranquila, el papa desayun\u00f3, sigui\u00f3 su terapia y fue sometido a otras pruebas, inform\u00f3 El Vaticano Las condiciones de salud del papa son estables respecto al parte m\u00e9dico del mi\u00e9rcoles en su decimocuarto d\u00eda de hospitalizaci\u00f3n en el centro Gemelli de Roma por sus problemas respiratorios y es sometido a nuevas [&hellip;]<\/p>\n","protected":false},"author":47,"featured_media":102062,"comment_status":"open","ping_status":"open","sticky":false,"template":"","format":"standard","meta":{"tdm_status":"","tdm_grid_status":"","footnotes":""},"categories":[39],"tags":[],"class_list":{"0":"post-102729","1":"post","2":"type-post","3":"status-publish","4":"format-standard","5":"has-post-thumbnail","7":"category-noticias-nacionales"},"yoast_head":"<!-- This site is optimized with the Yoast SEO plugin v27.4 - https:\/\/yoast.com\/product\/yoast-seo-wordpress\/ -->\n<title>La salud del papa es estable y se somete a otras pruebas m\u00e9dicas - Fuentes Fidedignas<\/title>\n<meta name=\"robots\" content=\"index, follow, max-snippet:-1, max-image-preview:large, max-video-preview:-1\" \/>\n<link rel=\"canonical\" href=\"https:\/\/fuentesfidedignas.com.mx\/index.php\/2025\/02\/27\/la-salud-del-papa-es-estable-y-se-somete-a-otras-pruebas-medicas\/\" \/>\n<meta property=\"og:locale\" content=\"es_MX\" \/>\n<meta property=\"og:type\" content=\"article\" \/>\n<meta property=\"og:title\" content=\"La salud del papa es estable y se somete a otras pruebas m\u00e9dicas - Fuentes Fidedignas\" \/>\n<meta property=\"og:description\" content=\"Tras pasar una noche tranquila, el papa desayun\u00f3, sigui\u00f3 su terapia y fue sometido a otras pruebas, inform\u00f3 El Vaticano Las condiciones de salud del papa son estables respecto al parte m\u00e9dico del mi\u00e9rcoles en su decimocuarto d\u00eda de hospitalizaci\u00f3n en el centro Gemelli de Roma por sus problemas respiratorios y es sometido a nuevas [&hellip;]\" \/>\n<meta property=\"og:url\" content=\"https:\/\/fuentesfidedignas.com.mx\/index.php\/2025\/02\/27\/la-salud-del-papa-es-estable-y-se-somete-a-otras-pruebas-medicas\/\" \/>\n<meta property=\"og:site_name\" content=\"Fuentes Fidedignas\" \/>\n<meta property=\"article:publisher\" content=\"https:\/\/www.facebook.com\/Fuentes-Fidedignas-368234489921644\" \/>\n<meta property=\"article:published_time\" content=\"2025-02-27T13:38:00+00:00\" \/>\n<meta property=\"article:modified_time\" content=\"2025-02-27T14:08:41+00:00\" \/>\n<meta property=\"og:image\" content=\"https:\/\/fuentesfidedignas.com.mx\/wp-content\/uploads\/2025\/02\/hospital-Gemelli-de-Roma.jpg\" \/>\n\t<meta property=\"og:image:width\" content=\"600\" \/>\n\t<meta property=\"og:image:height\" content=\"399\" \/>\n\t<meta property=\"og:image:type\" content=\"image\/jpeg\" \/>\n<meta name=\"author\" content=\"L\u00f3pez D\u00f3riga\" \/>\n<meta name=\"twitter:card\" content=\"summary_large_image\" \/>\n<meta name=\"twitter:creator\" content=\"@fidedignas\" \/>\n<meta name=\"twitter:site\" content=\"@fidedignas\" \/>\n<meta name=\"twitter:label1\" content=\"Escrito por\" \/>\n\t<meta name=\"twitter:data1\" content=\"L\u00f3pez D\u00f3riga\" \/>\n\t<meta name=\"twitter:label2\" content=\"Tiempo de lectura\" \/>\n\t<meta name=\"twitter:data2\" content=\"2 minutos\" \/>\n<script type=\"application\/ld+json\" class=\"yoast-schema-graph\">{\"@context\":\"https:\\\/\\\/schema.org\",\"@graph\":[{\"@type\":\"Article\",\"@id\":\"https:\\\/\\\/fuentesfidedignas.com.mx\\\/index.php\\\/2025\\\/02\\\/27\\\/la-salud-del-papa-es-estable-y-se-somete-a-otras-pruebas-medicas\\\/#article\",\"isPartOf\":{\"@id\":\"https:\\\/\\\/fuentesfidedignas.com.mx\\\/index.php\\\/2025\\\/02\\\/27\\\/la-salud-del-papa-es-estable-y-se-somete-a-otras-pruebas-medicas\\\/\"},\"author\":{\"name\":\"L\u00f3pez D\u00f3riga\",\"@id\":\"https:\\\/\\\/fuentesfidedignas.com.mx\\\/#\\\/schema\\\/person\\\/67d852f0557c8509146a4b9ddebd543a\"},\"headline\":\"La salud del papa es estable y se somete a otras pruebas m\u00e9dicas\",\"datePublished\":\"2025-02-27T13:38:00+00:00\",\"dateModified\":\"2025-02-27T14:08:41+00:00\",\"mainEntityOfPage\":{\"@id\":\"https:\\\/\\\/fuentesfidedignas.com.mx\\\/index.php\\\/2025\\\/02\\\/27\\\/la-salud-del-papa-es-estable-y-se-somete-a-otras-pruebas-medicas\\\/\"},\"wordCount\":411,\"commentCount\":0,\"publisher\":{\"@id\":\"https:\\\/\\\/fuentesfidedignas.com.mx\\\/#organization\"},\"image\":{\"@id\":\"https:\\\/\\\/fuentesfidedignas.com.mx\\\/index.php\\\/2025\\\/02\\\/27\\\/la-salud-del-papa-es-estable-y-se-somete-a-otras-pruebas-medicas\\\/#primaryimage\"},\"thumbnailUrl\":\"https:\\\/\\\/fuentesfidedignas.com.mx\\\/wp-content\\\/uploads\\\/2025\\\/02\\\/hospital-Gemelli-de-Roma.jpg\",\"articleSection\":[\"NOTICIAS NACIONALES\"],\"inLanguage\":\"es\",\"potentialAction\":[{\"@type\":\"CommentAction\",\"name\":\"Comment\",\"target\":[\"https:\\\/\\\/fuentesfidedignas.com.mx\\\/index.php\\\/2025\\\/02\\\/27\\\/la-salud-del-papa-es-estable-y-se-somete-a-otras-pruebas-medicas\\\/#respond\"]}]},{\"@type\":\"WebPage\",\"@id\":\"https:\\\/\\\/fuentesfidedignas.com.mx\\\/index.php\\\/2025\\\/02\\\/27\\\/la-salud-del-papa-es-estable-y-se-somete-a-otras-pruebas-medicas\\\/\",\"url\":\"https:\\\/\\\/fuentesfidedignas.com.mx\\\/index.php\\\/2025\\\/02\\\/27\\\/la-salud-del-papa-es-estable-y-se-somete-a-otras-pruebas-medicas\\\/\",\"name\":\"La salud del papa es estable y se somete a otras pruebas m\u00e9dicas - Fuentes Fidedignas\",\"isPartOf\":{\"@id\":\"https:\\\/\\\/fuentesfidedignas.com.mx\\\/#website\"},\"primaryImageOfPage\":{\"@id\":\"https:\\\/\\\/fuentesfidedignas.com.mx\\\/index.php\\\/2025\\\/02\\\/27\\\/la-salud-del-papa-es-estable-y-se-somete-a-otras-pruebas-medicas\\\/#primaryimage\"},\"image\":{\"@id\":\"https:\\\/\\\/fuentesfidedignas.com.mx\\\/index.php\\\/2025\\\/02\\\/27\\\/la-salud-del-papa-es-estable-y-se-somete-a-otras-pruebas-medicas\\\/#primaryimage\"},\"thumbnailUrl\":\"https:\\\/\\\/fuentesfidedignas.com.mx\\\/wp-content\\\/uploads\\\/2025\\\/02\\\/hospital-Gemelli-de-Roma.jpg\",\"datePublished\":\"2025-02-27T13:38:00+00:00\",\"dateModified\":\"2025-02-27T14:08:41+00:00\",\"breadcrumb\":{\"@id\":\"https:\\\/\\\/fuentesfidedignas.com.mx\\\/index.php\\\/2025\\\/02\\\/27\\\/la-salud-del-papa-es-estable-y-se-somete-a-otras-pruebas-medicas\\\/#breadcrumb\"},\"inLanguage\":\"es\",\"potentialAction\":[{\"@type\":\"ReadAction\",\"target\":[\"https:\\\/\\\/fuentesfidedignas.com.mx\\\/index.php\\\/2025\\\/02\\\/27\\\/la-salud-del-papa-es-estable-y-se-somete-a-otras-pruebas-medicas\\\/\"]}]},{\"@type\":\"ImageObject\",\"inLanguage\":\"es\",\"@id\":\"https:\\\/\\\/fuentesfidedignas.com.mx\\\/index.php\\\/2025\\\/02\\\/27\\\/la-salud-del-papa-es-estable-y-se-somete-a-otras-pruebas-medicas\\\/#primaryimage\",\"url\":\"https:\\\/\\\/fuentesfidedignas.com.mx\\\/wp-content\\\/uploads\\\/2025\\\/02\\\/hospital-Gemelli-de-Roma.jpg\",\"contentUrl\":\"https:\\\/\\\/fuentesfidedignas.com.mx\\\/wp-content\\\/uploads\\\/2025\\\/02\\\/hospital-Gemelli-de-Roma.jpg\",\"width\":600,\"height\":399},{\"@type\":\"BreadcrumbList\",\"@id\":\"https:\\\/\\\/fuentesfidedignas.com.mx\\\/index.php\\\/2025\\\/02\\\/27\\\/la-salud-del-papa-es-estable-y-se-somete-a-otras-pruebas-medicas\\\/#breadcrumb\",\"itemListElement\":[{\"@type\":\"ListItem\",\"position\":1,\"name\":\"Inicio\",\"item\":\"https:\\\/\\\/fuentesfidedignas.com.mx\\\/\"},{\"@type\":\"ListItem\",\"position\":2,\"name\":\"La salud del papa es estable y se somete a otras pruebas m\u00e9dicas\"}]},{\"@type\":\"WebSite\",\"@id\":\"https:\\\/\\\/fuentesfidedignas.com.mx\\\/#website\",\"url\":\"https:\\\/\\\/fuentesfidedignas.com.mx\\\/\",\"name\":\"Fuentes Fidedignas\",\"description\":\"Otro sitio realizado con WordPress\",\"publisher\":{\"@id\":\"https:\\\/\\\/fuentesfidedignas.com.mx\\\/#organization\"},\"potentialAction\":[{\"@type\":\"SearchAction\",\"target\":{\"@type\":\"EntryPoint\",\"urlTemplate\":\"https:\\\/\\\/fuentesfidedignas.com.mx\\\/?s={search_term_string}\"},\"query-input\":{\"@type\":\"PropertyValueSpecification\",\"valueRequired\":true,\"valueName\":\"search_term_string\"}}],\"inLanguage\":\"es\"},{\"@type\":\"Organization\",\"@id\":\"https:\\\/\\\/fuentesfidedignas.com.mx\\\/#organization\",\"name\":\"Fuentes Fidedignas\",\"url\":\"https:\\\/\\\/fuentesfidedignas.com.mx\\\/\",\"logo\":{\"@type\":\"ImageObject\",\"inLanguage\":\"es\",\"@id\":\"https:\\\/\\\/fuentesfidedignas.com.mx\\\/#\\\/schema\\\/logo\\\/image\\\/\",\"url\":\"https:\\\/\\\/fuentesfidedignas.com.mx\\\/wp-content\\\/uploads\\\/2021\\\/04\\\/logo-retina.png\",\"contentUrl\":\"https:\\\/\\\/fuentesfidedignas.com.mx\\\/wp-content\\\/uploads\\\/2021\\\/04\\\/logo-retina.png\",\"width\":280,\"height\":51,\"caption\":\"Fuentes Fidedignas\"},\"image\":{\"@id\":\"https:\\\/\\\/fuentesfidedignas.com.mx\\\/#\\\/schema\\\/logo\\\/image\\\/\"},\"sameAs\":[\"https:\\\/\\\/www.facebook.com\\\/Fuentes-Fidedignas-368234489921644\",\"https:\\\/\\\/x.com\\\/fidedignas\"]},{\"@type\":\"Person\",\"@id\":\"https:\\\/\\\/fuentesfidedignas.com.mx\\\/#\\\/schema\\\/person\\\/67d852f0557c8509146a4b9ddebd543a\",\"name\":\"L\u00f3pez D\u00f3riga\",\"image\":{\"@type\":\"ImageObject\",\"inLanguage\":\"es\",\"@id\":\"https:\\\/\\\/secure.gravatar.com\\\/avatar\\\/e525b06574ca18b33cded59dfe5778d6c823b9513154eff47da551b0551bdd1e?s=96&d=mm&r=g\",\"url\":\"https:\\\/\\\/secure.gravatar.com\\\/avatar\\\/e525b06574ca18b33cded59dfe5778d6c823b9513154eff47da551b0551bdd1e?s=96&d=mm&r=g\",\"contentUrl\":\"https:\\\/\\\/secure.gravatar.com\\\/avatar\\\/e525b06574ca18b33cded59dfe5778d6c823b9513154eff47da551b0551bdd1e?s=96&d=mm&r=g\",\"caption\":\"L\u00f3pez D\u00f3riga\"},\"url\":\"https:\\\/\\\/fuentesfidedignas.com.mx\\\/index.php\\\/author\\\/doriga\\\/\"}]}<\/script>\n<!-- \/ Yoast SEO plugin. -->","yoast_head_json":{"title":"La salud del papa es estable y se somete a otras pruebas m\u00e9dicas - Fuentes Fidedignas","robots":{"index":"index","follow":"follow","max-snippet":"max-snippet:-1","max-image-preview":"max-image-preview:large","max-video-preview":"max-video-preview:-1"},"canonical":"https:\/\/fuentesfidedignas.com.mx\/index.php\/2025\/02\/27\/la-salud-del-papa-es-estable-y-se-somete-a-otras-pruebas-medicas\/","og_locale":"es_MX","og_type":"article","og_title":"La salud del papa es estable y se somete a otras pruebas m\u00e9dicas - Fuentes Fidedignas","og_description":"Tras pasar una noche tranquila, el papa desayun\u00f3, sigui\u00f3 su terapia y fue sometido a otras pruebas, inform\u00f3 El Vaticano Las condiciones de salud del papa son estables respecto al parte m\u00e9dico del mi\u00e9rcoles en su decimocuarto d\u00eda de hospitalizaci\u00f3n en el centro Gemelli de Roma por sus problemas respiratorios y es sometido a nuevas [&hellip;]","og_url":"https:\/\/fuentesfidedignas.com.mx\/index.php\/2025\/02\/27\/la-salud-del-papa-es-estable-y-se-somete-a-otras-pruebas-medicas\/","og_site_name":"Fuentes Fidedignas","article_publisher":"https:\/\/www.facebook.com\/Fuentes-Fidedignas-368234489921644","article_published_time":"2025-02-27T13:38:00+00:00","article_modified_time":"2025-02-27T14:08:41+00:00","og_image":[{"width":600,"height":399,"url":"https:\/\/fuentesfidedignas.com.mx\/wp-content\/uploads\/2025\/02\/hospital-Gemelli-de-Roma.jpg","type":"image\/jpeg"}],"author":"L\u00f3pez D\u00f3riga","twitter_card":"summary_large_image","twitter_creator":"@fidedignas","twitter_site":"@fidedignas","twitter_misc":{"Escrito por":"L\u00f3pez D\u00f3riga","Tiempo de lectura":"2 minutos"},"schema":{"@context":"https:\/\/schema.org","@graph":[{"@type":"Article","@id":"https:\/\/fuentesfidedignas.com.mx\/index.php\/2025\/02\/27\/la-salud-del-papa-es-estable-y-se-somete-a-otras-pruebas-medicas\/#article","isPartOf":{"@id":"https:\/\/fuentesfidedignas.com.mx\/index.php\/2025\/02\/27\/la-salud-del-papa-es-estable-y-se-somete-a-otras-pruebas-medicas\/"},"author":{"name":"L\u00f3pez D\u00f3riga","@id":"https:\/\/fuentesfidedignas.com.mx\/#\/schema\/person\/67d852f0557c8509146a4b9ddebd543a"},"headline":"La salud del papa es estable y se somete a otras pruebas m\u00e9dicas","datePublished":"2025-02-27T13:38:00+00:00","dateModified":"2025-02-27T14:08:41+00:00","mainEntityOfPage":{"@id":"https:\/\/fuentesfidedignas.com.mx\/index.php\/2025\/02\/27\/la-salud-del-papa-es-estable-y-se-somete-a-otras-pruebas-medicas\/"},"wordCount":411,"commentCount":0,"publisher":{"@id":"https:\/\/fuentesfidedignas.com.mx\/#organization"},"image":{"@id":"https:\/\/fuentesfidedignas.com.mx\/index.php\/2025\/02\/27\/la-salud-del-papa-es-estable-y-se-somete-a-otras-pruebas-medicas\/#primaryimage"},"thumbnailUrl":"https:\/\/fuentesfidedignas.com.mx\/wp-content\/uploads\/2025\/02\/hospital-Gemelli-de-Roma.jpg","articleSection":["NOTICIAS NACIONALES"],"inLanguage":"es","potentialAction":[{"@type":"CommentAction","name":"Comment","target":["https:\/\/fuentesfidedignas.com.mx\/index.php\/2025\/02\/27\/la-salud-del-papa-es-estable-y-se-somete-a-otras-pruebas-medicas\/#respond"]}]},{"@type":"WebPage","@id":"https:\/\/fuentesfidedignas.com.mx\/index.php\/2025\/02\/27\/la-salud-del-papa-es-estable-y-se-somete-a-otras-pruebas-medicas\/","url":"https:\/\/fuentesfidedignas.com.mx\/index.php\/2025\/02\/27\/la-salud-del-papa-es-estable-y-se-somete-a-otras-pruebas-medicas\/","name":"La salud del papa es estable y se somete a otras pruebas m\u00e9dicas - Fuentes Fidedignas","isPartOf":{"@id":"https:\/\/fuentesfidedignas.com.mx\/#website"},"primaryImageOfPage":{"@id":"https:\/\/fuentesfidedignas.com.mx\/index.php\/2025\/02\/27\/la-salud-del-papa-es-estable-y-se-somete-a-otras-pruebas-medicas\/#primaryimage"},"image":{"@id":"https:\/\/fuentesfidedignas.com.mx\/index.php\/2025\/02\/27\/la-salud-del-papa-es-estable-y-se-somete-a-otras-pruebas-medicas\/#primaryimage"},"thumbnailUrl":"https:\/\/fuentesfidedignas.com.mx\/wp-content\/uploads\/2025\/02\/hospital-Gemelli-de-Roma.jpg","datePublished":"2025-02-27T13:38:00+00:00","dateModified":"2025-02-27T14:08:41+00:00","breadcrumb":{"@id":"https:\/\/fuentesfidedignas.com.mx\/index.php\/2025\/02\/27\/la-salud-del-papa-es-estable-y-se-somete-a-otras-pruebas-medicas\/#breadcrumb"},"inLanguage":"es","potentialAction":[{"@type":"ReadAction","target":["https:\/\/fuentesfidedignas.com.mx\/index.php\/2025\/02\/27\/la-salud-del-papa-es-estable-y-se-somete-a-otras-pruebas-medicas\/"]}]},{"@type":"ImageObject","inLanguage":"es","@id":"https:\/\/fuentesfidedignas.com.mx\/index.php\/2025\/02\/27\/la-salud-del-papa-es-estable-y-se-somete-a-otras-pruebas-medicas\/#primaryimage","url":"https:\/\/fuentesfidedignas.com.mx\/wp-content\/uploads\/2025\/02\/hospital-Gemelli-de-Roma.jpg","contentUrl":"https:\/\/fuentesfidedignas.com.mx\/wp-content\/uploads\/2025\/02\/hospital-Gemelli-de-Roma.jpg","width":600,"height":399},{"@type":"BreadcrumbList","@id":"https:\/\/fuentesfidedignas.com.mx\/index.php\/2025\/02\/27\/la-salud-del-papa-es-estable-y-se-somete-a-otras-pruebas-medicas\/#breadcrumb","itemListElement":[{"@type":"ListItem","position":1,"name":"Inicio","item":"https:\/\/fuentesfidedignas.com.mx\/"},{"@type":"ListItem","position":2,"name":"La salud del papa es estable y se somete a otras pruebas m\u00e9dicas"}]},{"@type":"WebSite","@id":"https:\/\/fuentesfidedignas.com.mx\/#website","url":"https:\/\/fuentesfidedignas.com.mx\/","name":"Fuentes Fidedignas","description":"Otro sitio realizado con WordPress","publisher":{"@id":"https:\/\/fuentesfidedignas.com.mx\/#organization"},"potentialAction":[{"@type":"SearchAction","target":{"@type":"EntryPoint","urlTemplate":"https:\/\/fuentesfidedignas.com.mx\/?s={search_term_string}"},"query-input":{"@type":"PropertyValueSpecification","valueRequired":true,"valueName":"search_term_string"}}],"inLanguage":"es"},{"@type":"Organization","@id":"https:\/\/fuentesfidedignas.com.mx\/#organization","name":"Fuentes Fidedignas","url":"https:\/\/fuentesfidedignas.com.mx\/","logo":{"@type":"ImageObject","inLanguage":"es","@id":"https:\/\/fuentesfidedignas.com.mx\/#\/schema\/logo\/image\/","url":"https:\/\/fuentesfidedignas.com.mx\/wp-content\/uploads\/2021\/04\/logo-retina.png","contentUrl":"https:\/\/fuentesfidedignas.com.mx\/wp-content\/uploads\/2021\/04\/logo-retina.png","width":280,"height":51,"caption":"Fuentes Fidedignas"},"image":{"@id":"https:\/\/fuentesfidedignas.com.mx\/#\/schema\/logo\/image\/"},"sameAs":["https:\/\/www.facebook.com\/Fuentes-Fidedignas-368234489921644","https:\/\/x.com\/fidedignas"]},{"@type":"Person","@id":"https:\/\/fuentesfidedignas.com.mx\/#\/schema\/person\/67d852f0557c8509146a4b9ddebd543a","name":"L\u00f3pez D\u00f3riga","image":{"@type":"ImageObject","inLanguage":"es","@id":"https:\/\/secure.gravatar.com\/avatar\/e525b06574ca18b33cded59dfe5778d6c823b9513154eff47da551b0551bdd1e?s=96&d=mm&r=g","url":"https:\/\/secure.gravatar.com\/avatar\/e525b06574ca18b33cded59dfe5778d6c823b9513154eff47da551b0551bdd1e?s=96&d=mm&r=g","contentUrl":"https:\/\/secure.gravatar.com\/avatar\/e525b06574ca18b33cded59dfe5778d6c823b9513154eff47da551b0551bdd1e?s=96&d=mm&r=g","caption":"L\u00f3pez D\u00f3riga"},"url":"https:\/\/fuentesfidedignas.com.mx\/index.php\/author\/doriga\/"}]}},"_links":{"self":[{"href":"https:\/\/fuentesfidedignas.com.mx\/index.php\/wp-json\/wp\/v2\/posts\/102729","targetHints":{"allow":["GET"]}}],"collection":[{"href":"https:\/\/fuentesfidedignas.com.mx\/index.php\/wp-json\/wp\/v2\/posts"}],"about":[{"href":"https:\/\/fuentesfidedignas.com.mx\/index.php\/wp-json\/wp\/v2\/types\/post"}],"author":[{"embeddable":true,"href":"https:\/\/fuentesfidedignas.com.mx\/index.php\/wp-json\/wp\/v2\/users\/47"}],"replies":[{"embeddable":true,"href":"https:\/\/fuentesfidedignas.com.mx\/index.php\/wp-json\/wp\/v2\/comments?post=102729"}],"version-history":[{"count":1,"href":"https:\/\/fuentesfidedignas.com.mx\/index.php\/wp-json\/wp\/v2\/posts\/102729\/revisions"}],"predecessor-version":[{"id":102730,"href":"https:\/\/fuentesfidedignas.com.mx\/index.php\/wp-json\/wp\/v2\/posts\/102729\/revisions\/102730"}],"wp:featuredmedia":[{"embeddable":true,"href":"https:\/\/fuentesfidedignas.com.mx\/index.php\/wp-json\/wp\/v2\/media\/102062"}],"wp:attachment":[{"href":"https:\/\/fuentesfidedignas.com.mx\/index.php\/wp-json\/wp\/v2\/media?parent=102729"}],"wp:term":[{"taxonomy":"category","embeddable":true,"href":"https:\/\/fuentesfidedignas.com.mx\/index.php\/wp-json\/wp\/v2\/categories?post=102729"},{"taxonomy":"post_tag","embeddable":true,"href":"https:\/\/fuentesfidedignas.com.mx\/index.php\/wp-json\/wp\/v2\/tags?post=102729"}],"curies":[{"name":"wp","href":"https:\/\/api.w.org\/{rel}","templated":true}]}}