{"id":102707,"date":"2025-02-27T04:48:00","date_gmt":"2025-02-27T11:48:00","guid":{"rendered":"https:\/\/fuentesfidedignas.com.mx\/?p=102707"},"modified":"2025-02-26T20:53:09","modified_gmt":"2025-02-27T03:53:09","slug":"abuelo-rompe-el-retrato-de-boda-de-su-hija-tras-su-divorcio-y-su-nieta-lo-graba","status":"publish","type":"post","link":"https:\/\/fuentesfidedignas.com.mx\/index.php\/2025\/02\/27\/abuelo-rompe-el-retrato-de-boda-de-su-hija-tras-su-divorcio-y-su-nieta-lo-graba\/","title":{"rendered":"VIDEO | Abuelo rompe el retrato de boda de su hija tras su divorcio y su nieta lo graba"},"content":{"rendered":"\n<p><strong><em>Sin duda, el video ha dejado en evidencia c\u00f3mo algunas personas enfrentan los cambios familiares de maneras inesperadas, convirtiendo un acto simb\u00f3lico en todo un fen\u00f3meno viral.<\/em><\/strong><\/p>\n\n\n\n<p>M\u00c9XICO-.Un video compartido en redes sociales ha causado sensaci\u00f3n al mostrar c\u00f3mo un adulto mayor, con total determinaci\u00f3n, destruye un cuadro de boda con una cortadora el\u00e9ctrica circular.<\/p>\n\n\n\n<p><strong>Un gesto simb\u00f3lico tras el divorcio<\/strong><br>La escena fue grabada por su nieta, quien acompa\u00f1\u00f3 el video con un texto que dice: \u201cMi mam\u00e1 se divorcia. Mi abuelito autom\u00e1ticamente:\u201d. A continuaci\u00f3n, se ve al hombre cortando en dos la imagen del matrimonio de su hija, dejando en claro que el divorcio era definitivo, al menos en lo que respecta a los recuerdos f\u00edsicos.<\/p>\n\n\n\n<p>El video r\u00e1pidamente se hizo viral en Facebook, acumulando m\u00e1s de 335 mil reacciones y generando una ola de comentarios, donde muchos internautas compararon la escena con la pel\u00edcula \u2018Coco\u2019, en la que un personaje rasga la foto de su esposo para eliminarlo de la historia familiar.<\/p>\n\n\n\n<iframe loading=\"lazy\" src=\"https:\/\/www.facebook.com\/plugins\/video.php?height=476&#038;href=https%3A%2F%2Fwww.facebook.com%2FBAABY.SHOP%2Fvideos%2F1158687818996708%2F&#038;show_text=false&#038;width=267&#038;t=0\" width=\"267\" height=\"476\" style=\"border:none;overflow:hidden\" scrolling=\"no\" frameborder=\"0\" allowfullscreen=\"true\" allow=\"autoplay; clipboard-write; encrypted-media; picture-in-picture; web-share\" allowFullScreen=\"true\"><\/iframe>\n\n\n\n<p><strong>Reacciones en redes<\/strong><br>Las opiniones estuvieron divididas entre quienes aplaudieron el apoyo incondicional del abuelo y quienes lo tomaron con humor. Algunos comentarios destacados fueron:<\/p>\n\n\n\n<p>\u201cEsto es amor de padre en su m\u00e1xima expresi\u00f3n.\u201d<br>\u201cD\u00edganme que no soy la \u00fanica que pens\u00f3 en \u2018Coco\u2019 viendo esto.\u201d<br>\u201cEl abuelo solo asegur\u00e1ndose de que no haya vuelta atr\u00e1s.\u201d<\/p>\n\n\n\n<p>Sin duda, el video ha dejado en evidencia c\u00f3mo algunas personas enfrentan los cambios familiares de maneras inesperadas, convirtiendo un acto simb\u00f3lico en todo un fen\u00f3meno viral.<\/p>\n\n\n\n<p><\/p>\n\n\n\n<p><\/p>\n","protected":false},"excerpt":{"rendered":"<p>Sin duda, el video ha dejado en evidencia c\u00f3mo algunas personas enfrentan los cambios familiares de maneras inesperadas, convirtiendo un acto simb\u00f3lico en todo un fen\u00f3meno viral. M\u00c9XICO-.Un video compartido en redes sociales ha causado sensaci\u00f3n al mostrar c\u00f3mo un adulto mayor, con total determinaci\u00f3n, destruye un cuadro de boda con una cortadora el\u00e9ctrica circular. [&hellip;]<\/p>\n","protected":false},"author":40,"featured_media":102708,"comment_status":"open","ping_status":"open","sticky":false,"template":"","format":"standard","meta":{"tdm_status":"","tdm_grid_status":"","footnotes":""},"categories":[40],"tags":[],"class_list":{"0":"post-102707","1":"post","2":"type-post","3":"status-publish","4":"format-standard","5":"has-post-thumbnail","7":"category-las-asombrosas"},"yoast_head":"<!-- This site is optimized with the Yoast SEO plugin v27.5 - https:\/\/yoast.com\/product\/yoast-seo-wordpress\/ -->\n<title>VIDEO | Abuelo rompe el retrato de boda de su hija tras su divorcio y su nieta lo graba - Fuentes Fidedignas<\/title>\n<meta name=\"robots\" content=\"index, follow, max-snippet:-1, max-image-preview:large, max-video-preview:-1\" \/>\n<link rel=\"canonical\" href=\"https:\/\/fuentesfidedignas.com.mx\/index.php\/2025\/02\/27\/abuelo-rompe-el-retrato-de-boda-de-su-hija-tras-su-divorcio-y-su-nieta-lo-graba\/\" \/>\n<meta property=\"og:locale\" content=\"es_MX\" \/>\n<meta property=\"og:type\" content=\"article\" \/>\n<meta property=\"og:title\" content=\"VIDEO | Abuelo rompe el retrato de boda de su hija tras su divorcio y su nieta lo graba - Fuentes Fidedignas\" \/>\n<meta property=\"og:description\" content=\"Sin duda, el video ha dejado en evidencia c\u00f3mo algunas personas enfrentan los cambios familiares de maneras inesperadas, convirtiendo un acto simb\u00f3lico en todo un fen\u00f3meno viral. M\u00c9XICO-.Un video compartido en redes sociales ha causado sensaci\u00f3n al mostrar c\u00f3mo un adulto mayor, con total determinaci\u00f3n, destruye un cuadro de boda con una cortadora el\u00e9ctrica circular. [&hellip;]\" \/>\n<meta property=\"og:url\" content=\"https:\/\/fuentesfidedignas.com.mx\/index.php\/2025\/02\/27\/abuelo-rompe-el-retrato-de-boda-de-su-hija-tras-su-divorcio-y-su-nieta-lo-graba\/\" \/>\n<meta property=\"og:site_name\" content=\"Fuentes Fidedignas\" \/>\n<meta property=\"article:publisher\" content=\"https:\/\/www.facebook.com\/Fuentes-Fidedignas-368234489921644\" \/>\n<meta property=\"article:published_time\" content=\"2025-02-27T11:48:00+00:00\" \/>\n<meta property=\"og:image\" content=\"https:\/\/fuentesfidedignas.com.mx\/wp-content\/uploads\/2025\/02\/cuadro_papa.jpg\" \/>\n\t<meta property=\"og:image:width\" content=\"600\" \/>\n\t<meta property=\"og:image:height\" content=\"368\" \/>\n\t<meta property=\"og:image:type\" content=\"image\/jpeg\" \/>\n<meta name=\"author\" content=\"El Imparcial\" \/>\n<meta name=\"twitter:card\" content=\"summary_large_image\" \/>\n<meta name=\"twitter:creator\" content=\"@fidedignas\" \/>\n<meta name=\"twitter:site\" content=\"@fidedignas\" \/>\n<meta name=\"twitter:label1\" content=\"Escrito por\" \/>\n\t<meta name=\"twitter:data1\" content=\"El Imparcial\" \/>\n\t<meta name=\"twitter:label2\" content=\"Tiempo de lectura\" \/>\n\t<meta name=\"twitter:data2\" content=\"2 minutos\" \/>\n<script type=\"application\/ld+json\" class=\"yoast-schema-graph\">{\"@context\":\"https:\\\/\\\/schema.org\",\"@graph\":[{\"@type\":\"Article\",\"@id\":\"https:\\\/\\\/fuentesfidedignas.com.mx\\\/index.php\\\/2025\\\/02\\\/27\\\/abuelo-rompe-el-retrato-de-boda-de-su-hija-tras-su-divorcio-y-su-nieta-lo-graba\\\/#article\",\"isPartOf\":{\"@id\":\"https:\\\/\\\/fuentesfidedignas.com.mx\\\/index.php\\\/2025\\\/02\\\/27\\\/abuelo-rompe-el-retrato-de-boda-de-su-hija-tras-su-divorcio-y-su-nieta-lo-graba\\\/\"},\"author\":{\"name\":\"El Imparcial\",\"@id\":\"https:\\\/\\\/fuentesfidedignas.com.mx\\\/#\\\/schema\\\/person\\\/ff4db17f8fd9c584e0cfc2a0c436b8a1\"},\"headline\":\"VIDEO | Abuelo rompe el retrato de boda de su hija tras su divorcio y su nieta lo graba\",\"datePublished\":\"2025-02-27T11:48:00+00:00\",\"mainEntityOfPage\":{\"@id\":\"https:\\\/\\\/fuentesfidedignas.com.mx\\\/index.php\\\/2025\\\/02\\\/27\\\/abuelo-rompe-el-retrato-de-boda-de-su-hija-tras-su-divorcio-y-su-nieta-lo-graba\\\/\"},\"wordCount\":289,\"commentCount\":0,\"publisher\":{\"@id\":\"https:\\\/\\\/fuentesfidedignas.com.mx\\\/#organization\"},\"image\":{\"@id\":\"https:\\\/\\\/fuentesfidedignas.com.mx\\\/index.php\\\/2025\\\/02\\\/27\\\/abuelo-rompe-el-retrato-de-boda-de-su-hija-tras-su-divorcio-y-su-nieta-lo-graba\\\/#primaryimage\"},\"thumbnailUrl\":\"https:\\\/\\\/fuentesfidedignas.com.mx\\\/wp-content\\\/uploads\\\/2025\\\/02\\\/cuadro_papa.jpg\",\"articleSection\":[\"LAS ASOMBROSAS\"],\"inLanguage\":\"es\",\"potentialAction\":[{\"@type\":\"CommentAction\",\"name\":\"Comment\",\"target\":[\"https:\\\/\\\/fuentesfidedignas.com.mx\\\/index.php\\\/2025\\\/02\\\/27\\\/abuelo-rompe-el-retrato-de-boda-de-su-hija-tras-su-divorcio-y-su-nieta-lo-graba\\\/#respond\"]}]},{\"@type\":\"WebPage\",\"@id\":\"https:\\\/\\\/fuentesfidedignas.com.mx\\\/index.php\\\/2025\\\/02\\\/27\\\/abuelo-rompe-el-retrato-de-boda-de-su-hija-tras-su-divorcio-y-su-nieta-lo-graba\\\/\",\"url\":\"https:\\\/\\\/fuentesfidedignas.com.mx\\\/index.php\\\/2025\\\/02\\\/27\\\/abuelo-rompe-el-retrato-de-boda-de-su-hija-tras-su-divorcio-y-su-nieta-lo-graba\\\/\",\"name\":\"VIDEO | Abuelo rompe el retrato de boda de su hija tras su divorcio y su nieta lo graba - Fuentes Fidedignas\",\"isPartOf\":{\"@id\":\"https:\\\/\\\/fuentesfidedignas.com.mx\\\/#website\"},\"primaryImageOfPage\":{\"@id\":\"https:\\\/\\\/fuentesfidedignas.com.mx\\\/index.php\\\/2025\\\/02\\\/27\\\/abuelo-rompe-el-retrato-de-boda-de-su-hija-tras-su-divorcio-y-su-nieta-lo-graba\\\/#primaryimage\"},\"image\":{\"@id\":\"https:\\\/\\\/fuentesfidedignas.com.mx\\\/index.php\\\/2025\\\/02\\\/27\\\/abuelo-rompe-el-retrato-de-boda-de-su-hija-tras-su-divorcio-y-su-nieta-lo-graba\\\/#primaryimage\"},\"thumbnailUrl\":\"https:\\\/\\\/fuentesfidedignas.com.mx\\\/wp-content\\\/uploads\\\/2025\\\/02\\\/cuadro_papa.jpg\",\"datePublished\":\"2025-02-27T11:48:00+00:00\",\"breadcrumb\":{\"@id\":\"https:\\\/\\\/fuentesfidedignas.com.mx\\\/index.php\\\/2025\\\/02\\\/27\\\/abuelo-rompe-el-retrato-de-boda-de-su-hija-tras-su-divorcio-y-su-nieta-lo-graba\\\/#breadcrumb\"},\"inLanguage\":\"es\",\"potentialAction\":[{\"@type\":\"ReadAction\",\"target\":[\"https:\\\/\\\/fuentesfidedignas.com.mx\\\/index.php\\\/2025\\\/02\\\/27\\\/abuelo-rompe-el-retrato-de-boda-de-su-hija-tras-su-divorcio-y-su-nieta-lo-graba\\\/\"]}]},{\"@type\":\"ImageObject\",\"inLanguage\":\"es\",\"@id\":\"https:\\\/\\\/fuentesfidedignas.com.mx\\\/index.php\\\/2025\\\/02\\\/27\\\/abuelo-rompe-el-retrato-de-boda-de-su-hija-tras-su-divorcio-y-su-nieta-lo-graba\\\/#primaryimage\",\"url\":\"https:\\\/\\\/fuentesfidedignas.com.mx\\\/wp-content\\\/uploads\\\/2025\\\/02\\\/cuadro_papa.jpg\",\"contentUrl\":\"https:\\\/\\\/fuentesfidedignas.com.mx\\\/wp-content\\\/uploads\\\/2025\\\/02\\\/cuadro_papa.jpg\",\"width\":600,\"height\":368},{\"@type\":\"BreadcrumbList\",\"@id\":\"https:\\\/\\\/fuentesfidedignas.com.mx\\\/index.php\\\/2025\\\/02\\\/27\\\/abuelo-rompe-el-retrato-de-boda-de-su-hija-tras-su-divorcio-y-su-nieta-lo-graba\\\/#breadcrumb\",\"itemListElement\":[{\"@type\":\"ListItem\",\"position\":1,\"name\":\"Inicio\",\"item\":\"https:\\\/\\\/fuentesfidedignas.com.mx\\\/\"},{\"@type\":\"ListItem\",\"position\":2,\"name\":\"VIDEO | Abuelo rompe el retrato de boda de su hija tras su divorcio y su nieta lo graba\"}]},{\"@type\":\"WebSite\",\"@id\":\"https:\\\/\\\/fuentesfidedignas.com.mx\\\/#website\",\"url\":\"https:\\\/\\\/fuentesfidedignas.com.mx\\\/\",\"name\":\"Fuentes Fidedignas\",\"description\":\"Otro sitio realizado con WordPress\",\"publisher\":{\"@id\":\"https:\\\/\\\/fuentesfidedignas.com.mx\\\/#organization\"},\"potentialAction\":[{\"@type\":\"SearchAction\",\"target\":{\"@type\":\"EntryPoint\",\"urlTemplate\":\"https:\\\/\\\/fuentesfidedignas.com.mx\\\/?s={search_term_string}\"},\"query-input\":{\"@type\":\"PropertyValueSpecification\",\"valueRequired\":true,\"valueName\":\"search_term_string\"}}],\"inLanguage\":\"es\"},{\"@type\":\"Organization\",\"@id\":\"https:\\\/\\\/fuentesfidedignas.com.mx\\\/#organization\",\"name\":\"Fuentes Fidedignas\",\"url\":\"https:\\\/\\\/fuentesfidedignas.com.mx\\\/\",\"logo\":{\"@type\":\"ImageObject\",\"inLanguage\":\"es\",\"@id\":\"https:\\\/\\\/fuentesfidedignas.com.mx\\\/#\\\/schema\\\/logo\\\/image\\\/\",\"url\":\"https:\\\/\\\/fuentesfidedignas.com.mx\\\/wp-content\\\/uploads\\\/2021\\\/04\\\/logo-retina.png\",\"contentUrl\":\"https:\\\/\\\/fuentesfidedignas.com.mx\\\/wp-content\\\/uploads\\\/2021\\\/04\\\/logo-retina.png\",\"width\":280,\"height\":51,\"caption\":\"Fuentes Fidedignas\"},\"image\":{\"@id\":\"https:\\\/\\\/fuentesfidedignas.com.mx\\\/#\\\/schema\\\/logo\\\/image\\\/\"},\"sameAs\":[\"https:\\\/\\\/www.facebook.com\\\/Fuentes-Fidedignas-368234489921644\",\"https:\\\/\\\/x.com\\\/fidedignas\"]},{\"@type\":\"Person\",\"@id\":\"https:\\\/\\\/fuentesfidedignas.com.mx\\\/#\\\/schema\\\/person\\\/ff4db17f8fd9c584e0cfc2a0c436b8a1\",\"name\":\"El Imparcial\",\"image\":{\"@type\":\"ImageObject\",\"inLanguage\":\"es\",\"@id\":\"https:\\\/\\\/secure.gravatar.com\\\/avatar\\\/accd6807585a75316c237ee783498317be6f66ab34c47c940966f26a3f613161?s=96&d=mm&r=g\",\"url\":\"https:\\\/\\\/secure.gravatar.com\\\/avatar\\\/accd6807585a75316c237ee783498317be6f66ab34c47c940966f26a3f613161?s=96&d=mm&r=g\",\"contentUrl\":\"https:\\\/\\\/secure.gravatar.com\\\/avatar\\\/accd6807585a75316c237ee783498317be6f66ab34c47c940966f26a3f613161?s=96&d=mm&r=g\",\"caption\":\"El Imparcial\"},\"url\":\"https:\\\/\\\/fuentesfidedignas.com.mx\\\/index.php\\\/author\\\/imparcial\\\/\"}]}<\/script>\n<!-- \/ Yoast SEO plugin. -->","yoast_head_json":{"title":"VIDEO | Abuelo rompe el retrato de boda de su hija tras su divorcio y su nieta lo graba - Fuentes Fidedignas","robots":{"index":"index","follow":"follow","max-snippet":"max-snippet:-1","max-image-preview":"max-image-preview:large","max-video-preview":"max-video-preview:-1"},"canonical":"https:\/\/fuentesfidedignas.com.mx\/index.php\/2025\/02\/27\/abuelo-rompe-el-retrato-de-boda-de-su-hija-tras-su-divorcio-y-su-nieta-lo-graba\/","og_locale":"es_MX","og_type":"article","og_title":"VIDEO | Abuelo rompe el retrato de boda de su hija tras su divorcio y su nieta lo graba - Fuentes Fidedignas","og_description":"Sin duda, el video ha dejado en evidencia c\u00f3mo algunas personas enfrentan los cambios familiares de maneras inesperadas, convirtiendo un acto simb\u00f3lico en todo un fen\u00f3meno viral. M\u00c9XICO-.Un video compartido en redes sociales ha causado sensaci\u00f3n al mostrar c\u00f3mo un adulto mayor, con total determinaci\u00f3n, destruye un cuadro de boda con una cortadora el\u00e9ctrica circular. [&hellip;]","og_url":"https:\/\/fuentesfidedignas.com.mx\/index.php\/2025\/02\/27\/abuelo-rompe-el-retrato-de-boda-de-su-hija-tras-su-divorcio-y-su-nieta-lo-graba\/","og_site_name":"Fuentes Fidedignas","article_publisher":"https:\/\/www.facebook.com\/Fuentes-Fidedignas-368234489921644","article_published_time":"2025-02-27T11:48:00+00:00","og_image":[{"width":600,"height":368,"url":"https:\/\/fuentesfidedignas.com.mx\/wp-content\/uploads\/2025\/02\/cuadro_papa.jpg","type":"image\/jpeg"}],"author":"El Imparcial","twitter_card":"summary_large_image","twitter_creator":"@fidedignas","twitter_site":"@fidedignas","twitter_misc":{"Escrito por":"El Imparcial","Tiempo de lectura":"2 minutos"},"schema":{"@context":"https:\/\/schema.org","@graph":[{"@type":"Article","@id":"https:\/\/fuentesfidedignas.com.mx\/index.php\/2025\/02\/27\/abuelo-rompe-el-retrato-de-boda-de-su-hija-tras-su-divorcio-y-su-nieta-lo-graba\/#article","isPartOf":{"@id":"https:\/\/fuentesfidedignas.com.mx\/index.php\/2025\/02\/27\/abuelo-rompe-el-retrato-de-boda-de-su-hija-tras-su-divorcio-y-su-nieta-lo-graba\/"},"author":{"name":"El Imparcial","@id":"https:\/\/fuentesfidedignas.com.mx\/#\/schema\/person\/ff4db17f8fd9c584e0cfc2a0c436b8a1"},"headline":"VIDEO | Abuelo rompe el retrato de boda de su hija tras su divorcio y su nieta lo graba","datePublished":"2025-02-27T11:48:00+00:00","mainEntityOfPage":{"@id":"https:\/\/fuentesfidedignas.com.mx\/index.php\/2025\/02\/27\/abuelo-rompe-el-retrato-de-boda-de-su-hija-tras-su-divorcio-y-su-nieta-lo-graba\/"},"wordCount":289,"commentCount":0,"publisher":{"@id":"https:\/\/fuentesfidedignas.com.mx\/#organization"},"image":{"@id":"https:\/\/fuentesfidedignas.com.mx\/index.php\/2025\/02\/27\/abuelo-rompe-el-retrato-de-boda-de-su-hija-tras-su-divorcio-y-su-nieta-lo-graba\/#primaryimage"},"thumbnailUrl":"https:\/\/fuentesfidedignas.com.mx\/wp-content\/uploads\/2025\/02\/cuadro_papa.jpg","articleSection":["LAS ASOMBROSAS"],"inLanguage":"es","potentialAction":[{"@type":"CommentAction","name":"Comment","target":["https:\/\/fuentesfidedignas.com.mx\/index.php\/2025\/02\/27\/abuelo-rompe-el-retrato-de-boda-de-su-hija-tras-su-divorcio-y-su-nieta-lo-graba\/#respond"]}]},{"@type":"WebPage","@id":"https:\/\/fuentesfidedignas.com.mx\/index.php\/2025\/02\/27\/abuelo-rompe-el-retrato-de-boda-de-su-hija-tras-su-divorcio-y-su-nieta-lo-graba\/","url":"https:\/\/fuentesfidedignas.com.mx\/index.php\/2025\/02\/27\/abuelo-rompe-el-retrato-de-boda-de-su-hija-tras-su-divorcio-y-su-nieta-lo-graba\/","name":"VIDEO | Abuelo rompe el retrato de boda de su hija tras su divorcio y su nieta lo graba - Fuentes Fidedignas","isPartOf":{"@id":"https:\/\/fuentesfidedignas.com.mx\/#website"},"primaryImageOfPage":{"@id":"https:\/\/fuentesfidedignas.com.mx\/index.php\/2025\/02\/27\/abuelo-rompe-el-retrato-de-boda-de-su-hija-tras-su-divorcio-y-su-nieta-lo-graba\/#primaryimage"},"image":{"@id":"https:\/\/fuentesfidedignas.com.mx\/index.php\/2025\/02\/27\/abuelo-rompe-el-retrato-de-boda-de-su-hija-tras-su-divorcio-y-su-nieta-lo-graba\/#primaryimage"},"thumbnailUrl":"https:\/\/fuentesfidedignas.com.mx\/wp-content\/uploads\/2025\/02\/cuadro_papa.jpg","datePublished":"2025-02-27T11:48:00+00:00","breadcrumb":{"@id":"https:\/\/fuentesfidedignas.com.mx\/index.php\/2025\/02\/27\/abuelo-rompe-el-retrato-de-boda-de-su-hija-tras-su-divorcio-y-su-nieta-lo-graba\/#breadcrumb"},"inLanguage":"es","potentialAction":[{"@type":"ReadAction","target":["https:\/\/fuentesfidedignas.com.mx\/index.php\/2025\/02\/27\/abuelo-rompe-el-retrato-de-boda-de-su-hija-tras-su-divorcio-y-su-nieta-lo-graba\/"]}]},{"@type":"ImageObject","inLanguage":"es","@id":"https:\/\/fuentesfidedignas.com.mx\/index.php\/2025\/02\/27\/abuelo-rompe-el-retrato-de-boda-de-su-hija-tras-su-divorcio-y-su-nieta-lo-graba\/#primaryimage","url":"https:\/\/fuentesfidedignas.com.mx\/wp-content\/uploads\/2025\/02\/cuadro_papa.jpg","contentUrl":"https:\/\/fuentesfidedignas.com.mx\/wp-content\/uploads\/2025\/02\/cuadro_papa.jpg","width":600,"height":368},{"@type":"BreadcrumbList","@id":"https:\/\/fuentesfidedignas.com.mx\/index.php\/2025\/02\/27\/abuelo-rompe-el-retrato-de-boda-de-su-hija-tras-su-divorcio-y-su-nieta-lo-graba\/#breadcrumb","itemListElement":[{"@type":"ListItem","position":1,"name":"Inicio","item":"https:\/\/fuentesfidedignas.com.mx\/"},{"@type":"ListItem","position":2,"name":"VIDEO | Abuelo rompe el retrato de boda de su hija tras su divorcio y su nieta lo graba"}]},{"@type":"WebSite","@id":"https:\/\/fuentesfidedignas.com.mx\/#website","url":"https:\/\/fuentesfidedignas.com.mx\/","name":"Fuentes Fidedignas","description":"Otro sitio realizado con WordPress","publisher":{"@id":"https:\/\/fuentesfidedignas.com.mx\/#organization"},"potentialAction":[{"@type":"SearchAction","target":{"@type":"EntryPoint","urlTemplate":"https:\/\/fuentesfidedignas.com.mx\/?s={search_term_string}"},"query-input":{"@type":"PropertyValueSpecification","valueRequired":true,"valueName":"search_term_string"}}],"inLanguage":"es"},{"@type":"Organization","@id":"https:\/\/fuentesfidedignas.com.mx\/#organization","name":"Fuentes Fidedignas","url":"https:\/\/fuentesfidedignas.com.mx\/","logo":{"@type":"ImageObject","inLanguage":"es","@id":"https:\/\/fuentesfidedignas.com.mx\/#\/schema\/logo\/image\/","url":"https:\/\/fuentesfidedignas.com.mx\/wp-content\/uploads\/2021\/04\/logo-retina.png","contentUrl":"https:\/\/fuentesfidedignas.com.mx\/wp-content\/uploads\/2021\/04\/logo-retina.png","width":280,"height":51,"caption":"Fuentes Fidedignas"},"image":{"@id":"https:\/\/fuentesfidedignas.com.mx\/#\/schema\/logo\/image\/"},"sameAs":["https:\/\/www.facebook.com\/Fuentes-Fidedignas-368234489921644","https:\/\/x.com\/fidedignas"]},{"@type":"Person","@id":"https:\/\/fuentesfidedignas.com.mx\/#\/schema\/person\/ff4db17f8fd9c584e0cfc2a0c436b8a1","name":"El Imparcial","image":{"@type":"ImageObject","inLanguage":"es","@id":"https:\/\/secure.gravatar.com\/avatar\/accd6807585a75316c237ee783498317be6f66ab34c47c940966f26a3f613161?s=96&d=mm&r=g","url":"https:\/\/secure.gravatar.com\/avatar\/accd6807585a75316c237ee783498317be6f66ab34c47c940966f26a3f613161?s=96&d=mm&r=g","contentUrl":"https:\/\/secure.gravatar.com\/avatar\/accd6807585a75316c237ee783498317be6f66ab34c47c940966f26a3f613161?s=96&d=mm&r=g","caption":"El Imparcial"},"url":"https:\/\/fuentesfidedignas.com.mx\/index.php\/author\/imparcial\/"}]}},"_links":{"self":[{"href":"https:\/\/fuentesfidedignas.com.mx\/index.php\/wp-json\/wp\/v2\/posts\/102707","targetHints":{"allow":["GET"]}}],"collection":[{"href":"https:\/\/fuentesfidedignas.com.mx\/index.php\/wp-json\/wp\/v2\/posts"}],"about":[{"href":"https:\/\/fuentesfidedignas.com.mx\/index.php\/wp-json\/wp\/v2\/types\/post"}],"author":[{"embeddable":true,"href":"https:\/\/fuentesfidedignas.com.mx\/index.php\/wp-json\/wp\/v2\/users\/40"}],"replies":[{"embeddable":true,"href":"https:\/\/fuentesfidedignas.com.mx\/index.php\/wp-json\/wp\/v2\/comments?post=102707"}],"version-history":[{"count":2,"href":"https:\/\/fuentesfidedignas.com.mx\/index.php\/wp-json\/wp\/v2\/posts\/102707\/revisions"}],"predecessor-version":[{"id":102711,"href":"https:\/\/fuentesfidedignas.com.mx\/index.php\/wp-json\/wp\/v2\/posts\/102707\/revisions\/102711"}],"wp:featuredmedia":[{"embeddable":true,"href":"https:\/\/fuentesfidedignas.com.mx\/index.php\/wp-json\/wp\/v2\/media\/102708"}],"wp:attachment":[{"href":"https:\/\/fuentesfidedignas.com.mx\/index.php\/wp-json\/wp\/v2\/media?parent=102707"}],"wp:term":[{"taxonomy":"category","embeddable":true,"href":"https:\/\/fuentesfidedignas.com.mx\/index.php\/wp-json\/wp\/v2\/categories?post=102707"},{"taxonomy":"post_tag","embeddable":true,"href":"https:\/\/fuentesfidedignas.com.mx\/index.php\/wp-json\/wp\/v2\/tags?post=102707"}],"curies":[{"name":"wp","href":"https:\/\/api.w.org\/{rel}","templated":true}]}}