{"id":102701,"date":"2025-02-26T19:01:12","date_gmt":"2025-02-27T02:01:12","guid":{"rendered":"https:\/\/fuentesfidedignas.com.mx\/?p=102701"},"modified":"2025-02-26T19:01:16","modified_gmt":"2025-02-27T02:01:16","slug":"extraditan-a-eu-a-el-micha-ex-operador-del-cartel-de-sinaloa-ligado-con-el-chapo-y-el-mayo","status":"publish","type":"post","link":"https:\/\/fuentesfidedignas.com.mx\/index.php\/2025\/02\/26\/extraditan-a-eu-a-el-micha-ex-operador-del-cartel-de-sinaloa-ligado-con-el-chapo-y-el-mayo\/","title":{"rendered":"Extraditan a EU a &#8216;El Micha&#8217;, ex operador del C\u00e1rtel de Sinaloa ligado con El Chapo y El Mayo"},"content":{"rendered":"\n<p><strong><em>Daniel Franco L\u00f3pez est\u00e1 acusado por crimen organizado, tr\u00e1fico de drogas, lavado de dinero y posesi\u00f3n de armas.<\/em><\/strong><\/p>\n\n\n\n<p>El gobierno mexicano extradit\u00f3 a Estados Unidos a Daniel Franco L\u00f3pez, conocido como El Micha, El Ne\u00f3n o Fer, de 40 a\u00f1os.<\/p>\n\n\n\n<p>El hombre es identificado como miembro de alto nivel dentro del C\u00e1rtel de Sinaloa, cuando operaba junto a Joaqu\u00edn Guzm\u00e1n Loera, El Chapo e Ismael Zambada Garc\u00eda, El Mayo.<\/p>\n\n\n\n<p><strong>De qu\u00e9 acusan a El Micha?<\/strong><br>Daniel Franco L\u00f3pez est\u00e1 acusado por crimen organizado, tr\u00e1fico de drogas, lavado de dinero y posesi\u00f3n de armas en la Corte del Distrito Oeste de Texas.<\/p>\n\n\n\n<p>Seg\u00fan las investigaciones del gobierno estadunidense, Franco coordinaba los env\u00edos de cientos de kilos de coca\u00edna y mariguana a los Estados Unidos, as\u00ed como de la recolecci\u00f3n de las ganancias, adem\u00e1s de secuestros y asesinatos vinculados a la operaci\u00f3n de la organizaci\u00f3n criminal.<\/p>\n\n\n\n<p>L\u00f3pez fue acusado en abril de 2012 junto a Joaqu\u00edn Guzm\u00e1n Loera, El Chapo, Ismael Zambada Garc\u00eda, El Mayo, y m\u00e1s de una docena de sus coacusados.<\/p>\n\n\n\n<p><strong>\u00bfCu\u00e1ndo lo detuvieron?<\/strong><br>Fue arrestado el 14 de agosto de 2012 y permaneci\u00f3 en custodia hasta su extradici\u00f3n. L\u00f3pez fue presentado por primera vez en una corte federal este lunes.<\/p>\n\n\n\n<p>El hombre est\u00e1 acusado de un cargo por participar en una conspiraci\u00f3n bajo el estatuto de Organizaciones Corruptas Influenciadas por Crimen Organizado (RICO), dos cargos por tr\u00e1fico de coca\u00edna y mariguana, un cargo por lavado de dinero, un cargo por posesi\u00f3n de armas de fuego y un cargo por crimen organizado.<\/p>\n\n\n\n<p>De ser encontrado culpable, podr\u00eda enfrentar hasta prisi\u00f3n de por vida.<\/p>\n\n\n\n<p><strong>\u00daltimos extraditados a EU\u00a0<\/strong><br>Me\u0301xico ha extraditado a Estados Unidos a ocho personas de alto perfil en la \u00faltima semana, un esfuerzo sin precedentes, de acuerdo con el gobierno mexicano, entre ellas se encuentran los li\u0301deres de una ce\u0301lula del Ca\u0301rtel de Jua\u0301rez, un cabecilla de Los Rojos, un ex operador de los Beltra\u0301n Leyva y un importante traficante de personas.<\/p>\n\n\n\n<p>De acuerdo con informacio\u0301n del Departamento de Justicia (DOJ), de Estados Unidos, y de la Fiscali\u0301a General de la Repu\u0301blica (FGR), de Me\u0301xico, el 20 de febrero fueron extraditados Eduardo Ravelo, El Tablas, y Enrique Guajardo Lo\u0301pez, El Kiki, para enfrentar acusaciones por tra\u0301fico de drogas al pertenecer a Barrio Azteca, una ce\u0301lula de sicarios al servicio del Ca\u0301rtel de Jua\u0301rez en Ciudad Jua\u0301rez, Chihuahua.<\/p>\n\n\n\n<p>Adem\u00e1s, se les vincula con el asesinato de tres empleados del consulado estadunidense en Ciudad Jua\u0301rez, en marzo de 2010.<\/p>\n\n\n\n<p>Sin dar nombres, el fiscal General de la Rep\u00fablica, Alejandro Gertz Manero, destac\u00f3 estas extradiciones, en la conferencia matutina del martes 25 de febrero.\u00a0<\/p>\n","protected":false},"excerpt":{"rendered":"<p>Daniel Franco L\u00f3pez est\u00e1 acusado por crimen organizado, tr\u00e1fico de drogas, lavado de dinero y posesi\u00f3n de armas. El gobierno mexicano extradit\u00f3 a Estados Unidos a Daniel Franco L\u00f3pez, conocido como El Micha, El Ne\u00f3n o Fer, de 40 a\u00f1os. El hombre es identificado como miembro de alto nivel dentro del C\u00e1rtel de Sinaloa, cuando [&hellip;]<\/p>\n","protected":false},"author":9,"featured_media":102702,"comment_status":"open","ping_status":"open","sticky":false,"template":"","format":"standard","meta":{"tdm_status":"","tdm_grid_status":"","footnotes":""},"categories":[39],"tags":[],"class_list":{"0":"post-102701","1":"post","2":"type-post","3":"status-publish","4":"format-standard","5":"has-post-thumbnail","7":"category-noticias-nacionales"},"yoast_head":"<!-- This site is optimized with the Yoast SEO plugin v27.5 - https:\/\/yoast.com\/product\/yoast-seo-wordpress\/ -->\n<title>Extraditan a EU a &#039;El Micha&#039;, ex operador del C\u00e1rtel de Sinaloa ligado con El Chapo y El Mayo - Fuentes Fidedignas<\/title>\n<meta name=\"robots\" content=\"index, follow, max-snippet:-1, max-image-preview:large, max-video-preview:-1\" \/>\n<link rel=\"canonical\" href=\"https:\/\/fuentesfidedignas.com.mx\/index.php\/2025\/02\/26\/extraditan-a-eu-a-el-micha-ex-operador-del-cartel-de-sinaloa-ligado-con-el-chapo-y-el-mayo\/\" \/>\n<meta property=\"og:locale\" content=\"es_MX\" \/>\n<meta property=\"og:type\" content=\"article\" \/>\n<meta property=\"og:title\" content=\"Extraditan a EU a &#039;El Micha&#039;, ex operador del C\u00e1rtel de Sinaloa ligado con El Chapo y El Mayo - Fuentes Fidedignas\" \/>\n<meta property=\"og:description\" content=\"Daniel Franco L\u00f3pez est\u00e1 acusado por crimen organizado, tr\u00e1fico de drogas, lavado de dinero y posesi\u00f3n de armas. El gobierno mexicano extradit\u00f3 a Estados Unidos a Daniel Franco L\u00f3pez, conocido como El Micha, El Ne\u00f3n o Fer, de 40 a\u00f1os. El hombre es identificado como miembro de alto nivel dentro del C\u00e1rtel de Sinaloa, cuando [&hellip;]\" \/>\n<meta property=\"og:url\" content=\"https:\/\/fuentesfidedignas.com.mx\/index.php\/2025\/02\/26\/extraditan-a-eu-a-el-micha-ex-operador-del-cartel-de-sinaloa-ligado-con-el-chapo-y-el-mayo\/\" \/>\n<meta property=\"og:site_name\" content=\"Fuentes Fidedignas\" \/>\n<meta property=\"article:publisher\" content=\"https:\/\/www.facebook.com\/Fuentes-Fidedignas-368234489921644\" \/>\n<meta property=\"article:published_time\" content=\"2025-02-27T02:01:12+00:00\" \/>\n<meta property=\"article:modified_time\" content=\"2025-02-27T02:01:16+00:00\" \/>\n<meta property=\"og:image\" content=\"https:\/\/fuentesfidedignas.com.mx\/wp-content\/uploads\/2025\/02\/extraditado_EU.jpg\" \/>\n\t<meta property=\"og:image:width\" content=\"600\" \/>\n\t<meta property=\"og:image:height\" content=\"333\" \/>\n\t<meta property=\"og:image:type\" content=\"image\/jpeg\" \/>\n<meta name=\"author\" content=\"Milenio\" \/>\n<meta name=\"twitter:card\" content=\"summary_large_image\" \/>\n<meta name=\"twitter:creator\" content=\"@fidedignas\" \/>\n<meta name=\"twitter:site\" content=\"@fidedignas\" \/>\n<meta name=\"twitter:label1\" content=\"Escrito por\" \/>\n\t<meta name=\"twitter:data1\" content=\"Milenio\" \/>\n\t<meta name=\"twitter:label2\" content=\"Tiempo de lectura\" \/>\n\t<meta name=\"twitter:data2\" content=\"3 minutos\" \/>\n<script type=\"application\/ld+json\" class=\"yoast-schema-graph\">{\"@context\":\"https:\\\/\\\/schema.org\",\"@graph\":[{\"@type\":\"Article\",\"@id\":\"https:\\\/\\\/fuentesfidedignas.com.mx\\\/index.php\\\/2025\\\/02\\\/26\\\/extraditan-a-eu-a-el-micha-ex-operador-del-cartel-de-sinaloa-ligado-con-el-chapo-y-el-mayo\\\/#article\",\"isPartOf\":{\"@id\":\"https:\\\/\\\/fuentesfidedignas.com.mx\\\/index.php\\\/2025\\\/02\\\/26\\\/extraditan-a-eu-a-el-micha-ex-operador-del-cartel-de-sinaloa-ligado-con-el-chapo-y-el-mayo\\\/\"},\"author\":{\"name\":\"Milenio\",\"@id\":\"https:\\\/\\\/fuentesfidedignas.com.mx\\\/#\\\/schema\\\/person\\\/47ec0135738f4b0c7495f06a77a2c976\"},\"headline\":\"Extraditan a EU a &#8216;El Micha&#8217;, ex operador del C\u00e1rtel de Sinaloa ligado con El Chapo y El Mayo\",\"datePublished\":\"2025-02-27T02:01:12+00:00\",\"dateModified\":\"2025-02-27T02:01:16+00:00\",\"mainEntityOfPage\":{\"@id\":\"https:\\\/\\\/fuentesfidedignas.com.mx\\\/index.php\\\/2025\\\/02\\\/26\\\/extraditan-a-eu-a-el-micha-ex-operador-del-cartel-de-sinaloa-ligado-con-el-chapo-y-el-mayo\\\/\"},\"wordCount\":499,\"commentCount\":0,\"publisher\":{\"@id\":\"https:\\\/\\\/fuentesfidedignas.com.mx\\\/#organization\"},\"image\":{\"@id\":\"https:\\\/\\\/fuentesfidedignas.com.mx\\\/index.php\\\/2025\\\/02\\\/26\\\/extraditan-a-eu-a-el-micha-ex-operador-del-cartel-de-sinaloa-ligado-con-el-chapo-y-el-mayo\\\/#primaryimage\"},\"thumbnailUrl\":\"https:\\\/\\\/fuentesfidedignas.com.mx\\\/wp-content\\\/uploads\\\/2025\\\/02\\\/extraditado_EU.jpg\",\"articleSection\":[\"NOTICIAS NACIONALES\"],\"inLanguage\":\"es\",\"potentialAction\":[{\"@type\":\"CommentAction\",\"name\":\"Comment\",\"target\":[\"https:\\\/\\\/fuentesfidedignas.com.mx\\\/index.php\\\/2025\\\/02\\\/26\\\/extraditan-a-eu-a-el-micha-ex-operador-del-cartel-de-sinaloa-ligado-con-el-chapo-y-el-mayo\\\/#respond\"]}]},{\"@type\":\"WebPage\",\"@id\":\"https:\\\/\\\/fuentesfidedignas.com.mx\\\/index.php\\\/2025\\\/02\\\/26\\\/extraditan-a-eu-a-el-micha-ex-operador-del-cartel-de-sinaloa-ligado-con-el-chapo-y-el-mayo\\\/\",\"url\":\"https:\\\/\\\/fuentesfidedignas.com.mx\\\/index.php\\\/2025\\\/02\\\/26\\\/extraditan-a-eu-a-el-micha-ex-operador-del-cartel-de-sinaloa-ligado-con-el-chapo-y-el-mayo\\\/\",\"name\":\"Extraditan a EU a 'El Micha', ex operador del C\u00e1rtel de Sinaloa ligado con El Chapo y El Mayo - Fuentes Fidedignas\",\"isPartOf\":{\"@id\":\"https:\\\/\\\/fuentesfidedignas.com.mx\\\/#website\"},\"primaryImageOfPage\":{\"@id\":\"https:\\\/\\\/fuentesfidedignas.com.mx\\\/index.php\\\/2025\\\/02\\\/26\\\/extraditan-a-eu-a-el-micha-ex-operador-del-cartel-de-sinaloa-ligado-con-el-chapo-y-el-mayo\\\/#primaryimage\"},\"image\":{\"@id\":\"https:\\\/\\\/fuentesfidedignas.com.mx\\\/index.php\\\/2025\\\/02\\\/26\\\/extraditan-a-eu-a-el-micha-ex-operador-del-cartel-de-sinaloa-ligado-con-el-chapo-y-el-mayo\\\/#primaryimage\"},\"thumbnailUrl\":\"https:\\\/\\\/fuentesfidedignas.com.mx\\\/wp-content\\\/uploads\\\/2025\\\/02\\\/extraditado_EU.jpg\",\"datePublished\":\"2025-02-27T02:01:12+00:00\",\"dateModified\":\"2025-02-27T02:01:16+00:00\",\"breadcrumb\":{\"@id\":\"https:\\\/\\\/fuentesfidedignas.com.mx\\\/index.php\\\/2025\\\/02\\\/26\\\/extraditan-a-eu-a-el-micha-ex-operador-del-cartel-de-sinaloa-ligado-con-el-chapo-y-el-mayo\\\/#breadcrumb\"},\"inLanguage\":\"es\",\"potentialAction\":[{\"@type\":\"ReadAction\",\"target\":[\"https:\\\/\\\/fuentesfidedignas.com.mx\\\/index.php\\\/2025\\\/02\\\/26\\\/extraditan-a-eu-a-el-micha-ex-operador-del-cartel-de-sinaloa-ligado-con-el-chapo-y-el-mayo\\\/\"]}]},{\"@type\":\"ImageObject\",\"inLanguage\":\"es\",\"@id\":\"https:\\\/\\\/fuentesfidedignas.com.mx\\\/index.php\\\/2025\\\/02\\\/26\\\/extraditan-a-eu-a-el-micha-ex-operador-del-cartel-de-sinaloa-ligado-con-el-chapo-y-el-mayo\\\/#primaryimage\",\"url\":\"https:\\\/\\\/fuentesfidedignas.com.mx\\\/wp-content\\\/uploads\\\/2025\\\/02\\\/extraditado_EU.jpg\",\"contentUrl\":\"https:\\\/\\\/fuentesfidedignas.com.mx\\\/wp-content\\\/uploads\\\/2025\\\/02\\\/extraditado_EU.jpg\",\"width\":600,\"height\":333},{\"@type\":\"BreadcrumbList\",\"@id\":\"https:\\\/\\\/fuentesfidedignas.com.mx\\\/index.php\\\/2025\\\/02\\\/26\\\/extraditan-a-eu-a-el-micha-ex-operador-del-cartel-de-sinaloa-ligado-con-el-chapo-y-el-mayo\\\/#breadcrumb\",\"itemListElement\":[{\"@type\":\"ListItem\",\"position\":1,\"name\":\"Inicio\",\"item\":\"https:\\\/\\\/fuentesfidedignas.com.mx\\\/\"},{\"@type\":\"ListItem\",\"position\":2,\"name\":\"Extraditan a EU a &#8216;El Micha&#8217;, ex operador del C\u00e1rtel de Sinaloa ligado con El Chapo y El Mayo\"}]},{\"@type\":\"WebSite\",\"@id\":\"https:\\\/\\\/fuentesfidedignas.com.mx\\\/#website\",\"url\":\"https:\\\/\\\/fuentesfidedignas.com.mx\\\/\",\"name\":\"Fuentes Fidedignas\",\"description\":\"Otro sitio realizado con WordPress\",\"publisher\":{\"@id\":\"https:\\\/\\\/fuentesfidedignas.com.mx\\\/#organization\"},\"potentialAction\":[{\"@type\":\"SearchAction\",\"target\":{\"@type\":\"EntryPoint\",\"urlTemplate\":\"https:\\\/\\\/fuentesfidedignas.com.mx\\\/?s={search_term_string}\"},\"query-input\":{\"@type\":\"PropertyValueSpecification\",\"valueRequired\":true,\"valueName\":\"search_term_string\"}}],\"inLanguage\":\"es\"},{\"@type\":\"Organization\",\"@id\":\"https:\\\/\\\/fuentesfidedignas.com.mx\\\/#organization\",\"name\":\"Fuentes Fidedignas\",\"url\":\"https:\\\/\\\/fuentesfidedignas.com.mx\\\/\",\"logo\":{\"@type\":\"ImageObject\",\"inLanguage\":\"es\",\"@id\":\"https:\\\/\\\/fuentesfidedignas.com.mx\\\/#\\\/schema\\\/logo\\\/image\\\/\",\"url\":\"https:\\\/\\\/fuentesfidedignas.com.mx\\\/wp-content\\\/uploads\\\/2021\\\/04\\\/logo-retina.png\",\"contentUrl\":\"https:\\\/\\\/fuentesfidedignas.com.mx\\\/wp-content\\\/uploads\\\/2021\\\/04\\\/logo-retina.png\",\"width\":280,\"height\":51,\"caption\":\"Fuentes Fidedignas\"},\"image\":{\"@id\":\"https:\\\/\\\/fuentesfidedignas.com.mx\\\/#\\\/schema\\\/logo\\\/image\\\/\"},\"sameAs\":[\"https:\\\/\\\/www.facebook.com\\\/Fuentes-Fidedignas-368234489921644\",\"https:\\\/\\\/x.com\\\/fidedignas\"]},{\"@type\":\"Person\",\"@id\":\"https:\\\/\\\/fuentesfidedignas.com.mx\\\/#\\\/schema\\\/person\\\/47ec0135738f4b0c7495f06a77a2c976\",\"name\":\"Milenio\",\"image\":{\"@type\":\"ImageObject\",\"inLanguage\":\"es\",\"@id\":\"https:\\\/\\\/secure.gravatar.com\\\/avatar\\\/acabf7b54753e51c2c76457954577c236b3b764789b19879565769739d1e4a75?s=96&d=mm&r=g\",\"url\":\"https:\\\/\\\/secure.gravatar.com\\\/avatar\\\/acabf7b54753e51c2c76457954577c236b3b764789b19879565769739d1e4a75?s=96&d=mm&r=g\",\"contentUrl\":\"https:\\\/\\\/secure.gravatar.com\\\/avatar\\\/acabf7b54753e51c2c76457954577c236b3b764789b19879565769739d1e4a75?s=96&d=mm&r=g\",\"caption\":\"Milenio\"},\"url\":\"https:\\\/\\\/fuentesfidedignas.com.mx\\\/index.php\\\/author\\\/milenio\\\/\"}]}<\/script>\n<!-- \/ Yoast SEO plugin. -->","yoast_head_json":{"title":"Extraditan a EU a 'El Micha', ex operador del C\u00e1rtel de Sinaloa ligado con El Chapo y El Mayo - Fuentes Fidedignas","robots":{"index":"index","follow":"follow","max-snippet":"max-snippet:-1","max-image-preview":"max-image-preview:large","max-video-preview":"max-video-preview:-1"},"canonical":"https:\/\/fuentesfidedignas.com.mx\/index.php\/2025\/02\/26\/extraditan-a-eu-a-el-micha-ex-operador-del-cartel-de-sinaloa-ligado-con-el-chapo-y-el-mayo\/","og_locale":"es_MX","og_type":"article","og_title":"Extraditan a EU a 'El Micha', ex operador del C\u00e1rtel de Sinaloa ligado con El Chapo y El Mayo - Fuentes Fidedignas","og_description":"Daniel Franco L\u00f3pez est\u00e1 acusado por crimen organizado, tr\u00e1fico de drogas, lavado de dinero y posesi\u00f3n de armas. El gobierno mexicano extradit\u00f3 a Estados Unidos a Daniel Franco L\u00f3pez, conocido como El Micha, El Ne\u00f3n o Fer, de 40 a\u00f1os. El hombre es identificado como miembro de alto nivel dentro del C\u00e1rtel de Sinaloa, cuando [&hellip;]","og_url":"https:\/\/fuentesfidedignas.com.mx\/index.php\/2025\/02\/26\/extraditan-a-eu-a-el-micha-ex-operador-del-cartel-de-sinaloa-ligado-con-el-chapo-y-el-mayo\/","og_site_name":"Fuentes Fidedignas","article_publisher":"https:\/\/www.facebook.com\/Fuentes-Fidedignas-368234489921644","article_published_time":"2025-02-27T02:01:12+00:00","article_modified_time":"2025-02-27T02:01:16+00:00","og_image":[{"width":600,"height":333,"url":"https:\/\/fuentesfidedignas.com.mx\/wp-content\/uploads\/2025\/02\/extraditado_EU.jpg","type":"image\/jpeg"}],"author":"Milenio","twitter_card":"summary_large_image","twitter_creator":"@fidedignas","twitter_site":"@fidedignas","twitter_misc":{"Escrito por":"Milenio","Tiempo de lectura":"3 minutos"},"schema":{"@context":"https:\/\/schema.org","@graph":[{"@type":"Article","@id":"https:\/\/fuentesfidedignas.com.mx\/index.php\/2025\/02\/26\/extraditan-a-eu-a-el-micha-ex-operador-del-cartel-de-sinaloa-ligado-con-el-chapo-y-el-mayo\/#article","isPartOf":{"@id":"https:\/\/fuentesfidedignas.com.mx\/index.php\/2025\/02\/26\/extraditan-a-eu-a-el-micha-ex-operador-del-cartel-de-sinaloa-ligado-con-el-chapo-y-el-mayo\/"},"author":{"name":"Milenio","@id":"https:\/\/fuentesfidedignas.com.mx\/#\/schema\/person\/47ec0135738f4b0c7495f06a77a2c976"},"headline":"Extraditan a EU a &#8216;El Micha&#8217;, ex operador del C\u00e1rtel de Sinaloa ligado con El Chapo y El Mayo","datePublished":"2025-02-27T02:01:12+00:00","dateModified":"2025-02-27T02:01:16+00:00","mainEntityOfPage":{"@id":"https:\/\/fuentesfidedignas.com.mx\/index.php\/2025\/02\/26\/extraditan-a-eu-a-el-micha-ex-operador-del-cartel-de-sinaloa-ligado-con-el-chapo-y-el-mayo\/"},"wordCount":499,"commentCount":0,"publisher":{"@id":"https:\/\/fuentesfidedignas.com.mx\/#organization"},"image":{"@id":"https:\/\/fuentesfidedignas.com.mx\/index.php\/2025\/02\/26\/extraditan-a-eu-a-el-micha-ex-operador-del-cartel-de-sinaloa-ligado-con-el-chapo-y-el-mayo\/#primaryimage"},"thumbnailUrl":"https:\/\/fuentesfidedignas.com.mx\/wp-content\/uploads\/2025\/02\/extraditado_EU.jpg","articleSection":["NOTICIAS NACIONALES"],"inLanguage":"es","potentialAction":[{"@type":"CommentAction","name":"Comment","target":["https:\/\/fuentesfidedignas.com.mx\/index.php\/2025\/02\/26\/extraditan-a-eu-a-el-micha-ex-operador-del-cartel-de-sinaloa-ligado-con-el-chapo-y-el-mayo\/#respond"]}]},{"@type":"WebPage","@id":"https:\/\/fuentesfidedignas.com.mx\/index.php\/2025\/02\/26\/extraditan-a-eu-a-el-micha-ex-operador-del-cartel-de-sinaloa-ligado-con-el-chapo-y-el-mayo\/","url":"https:\/\/fuentesfidedignas.com.mx\/index.php\/2025\/02\/26\/extraditan-a-eu-a-el-micha-ex-operador-del-cartel-de-sinaloa-ligado-con-el-chapo-y-el-mayo\/","name":"Extraditan a EU a 'El Micha', ex operador del C\u00e1rtel de Sinaloa ligado con El Chapo y El Mayo - Fuentes Fidedignas","isPartOf":{"@id":"https:\/\/fuentesfidedignas.com.mx\/#website"},"primaryImageOfPage":{"@id":"https:\/\/fuentesfidedignas.com.mx\/index.php\/2025\/02\/26\/extraditan-a-eu-a-el-micha-ex-operador-del-cartel-de-sinaloa-ligado-con-el-chapo-y-el-mayo\/#primaryimage"},"image":{"@id":"https:\/\/fuentesfidedignas.com.mx\/index.php\/2025\/02\/26\/extraditan-a-eu-a-el-micha-ex-operador-del-cartel-de-sinaloa-ligado-con-el-chapo-y-el-mayo\/#primaryimage"},"thumbnailUrl":"https:\/\/fuentesfidedignas.com.mx\/wp-content\/uploads\/2025\/02\/extraditado_EU.jpg","datePublished":"2025-02-27T02:01:12+00:00","dateModified":"2025-02-27T02:01:16+00:00","breadcrumb":{"@id":"https:\/\/fuentesfidedignas.com.mx\/index.php\/2025\/02\/26\/extraditan-a-eu-a-el-micha-ex-operador-del-cartel-de-sinaloa-ligado-con-el-chapo-y-el-mayo\/#breadcrumb"},"inLanguage":"es","potentialAction":[{"@type":"ReadAction","target":["https:\/\/fuentesfidedignas.com.mx\/index.php\/2025\/02\/26\/extraditan-a-eu-a-el-micha-ex-operador-del-cartel-de-sinaloa-ligado-con-el-chapo-y-el-mayo\/"]}]},{"@type":"ImageObject","inLanguage":"es","@id":"https:\/\/fuentesfidedignas.com.mx\/index.php\/2025\/02\/26\/extraditan-a-eu-a-el-micha-ex-operador-del-cartel-de-sinaloa-ligado-con-el-chapo-y-el-mayo\/#primaryimage","url":"https:\/\/fuentesfidedignas.com.mx\/wp-content\/uploads\/2025\/02\/extraditado_EU.jpg","contentUrl":"https:\/\/fuentesfidedignas.com.mx\/wp-content\/uploads\/2025\/02\/extraditado_EU.jpg","width":600,"height":333},{"@type":"BreadcrumbList","@id":"https:\/\/fuentesfidedignas.com.mx\/index.php\/2025\/02\/26\/extraditan-a-eu-a-el-micha-ex-operador-del-cartel-de-sinaloa-ligado-con-el-chapo-y-el-mayo\/#breadcrumb","itemListElement":[{"@type":"ListItem","position":1,"name":"Inicio","item":"https:\/\/fuentesfidedignas.com.mx\/"},{"@type":"ListItem","position":2,"name":"Extraditan a EU a &#8216;El Micha&#8217;, ex operador del C\u00e1rtel de Sinaloa ligado con El Chapo y El Mayo"}]},{"@type":"WebSite","@id":"https:\/\/fuentesfidedignas.com.mx\/#website","url":"https:\/\/fuentesfidedignas.com.mx\/","name":"Fuentes Fidedignas","description":"Otro sitio realizado con WordPress","publisher":{"@id":"https:\/\/fuentesfidedignas.com.mx\/#organization"},"potentialAction":[{"@type":"SearchAction","target":{"@type":"EntryPoint","urlTemplate":"https:\/\/fuentesfidedignas.com.mx\/?s={search_term_string}"},"query-input":{"@type":"PropertyValueSpecification","valueRequired":true,"valueName":"search_term_string"}}],"inLanguage":"es"},{"@type":"Organization","@id":"https:\/\/fuentesfidedignas.com.mx\/#organization","name":"Fuentes Fidedignas","url":"https:\/\/fuentesfidedignas.com.mx\/","logo":{"@type":"ImageObject","inLanguage":"es","@id":"https:\/\/fuentesfidedignas.com.mx\/#\/schema\/logo\/image\/","url":"https:\/\/fuentesfidedignas.com.mx\/wp-content\/uploads\/2021\/04\/logo-retina.png","contentUrl":"https:\/\/fuentesfidedignas.com.mx\/wp-content\/uploads\/2021\/04\/logo-retina.png","width":280,"height":51,"caption":"Fuentes Fidedignas"},"image":{"@id":"https:\/\/fuentesfidedignas.com.mx\/#\/schema\/logo\/image\/"},"sameAs":["https:\/\/www.facebook.com\/Fuentes-Fidedignas-368234489921644","https:\/\/x.com\/fidedignas"]},{"@type":"Person","@id":"https:\/\/fuentesfidedignas.com.mx\/#\/schema\/person\/47ec0135738f4b0c7495f06a77a2c976","name":"Milenio","image":{"@type":"ImageObject","inLanguage":"es","@id":"https:\/\/secure.gravatar.com\/avatar\/acabf7b54753e51c2c76457954577c236b3b764789b19879565769739d1e4a75?s=96&d=mm&r=g","url":"https:\/\/secure.gravatar.com\/avatar\/acabf7b54753e51c2c76457954577c236b3b764789b19879565769739d1e4a75?s=96&d=mm&r=g","contentUrl":"https:\/\/secure.gravatar.com\/avatar\/acabf7b54753e51c2c76457954577c236b3b764789b19879565769739d1e4a75?s=96&d=mm&r=g","caption":"Milenio"},"url":"https:\/\/fuentesfidedignas.com.mx\/index.php\/author\/milenio\/"}]}},"_links":{"self":[{"href":"https:\/\/fuentesfidedignas.com.mx\/index.php\/wp-json\/wp\/v2\/posts\/102701","targetHints":{"allow":["GET"]}}],"collection":[{"href":"https:\/\/fuentesfidedignas.com.mx\/index.php\/wp-json\/wp\/v2\/posts"}],"about":[{"href":"https:\/\/fuentesfidedignas.com.mx\/index.php\/wp-json\/wp\/v2\/types\/post"}],"author":[{"embeddable":true,"href":"https:\/\/fuentesfidedignas.com.mx\/index.php\/wp-json\/wp\/v2\/users\/9"}],"replies":[{"embeddable":true,"href":"https:\/\/fuentesfidedignas.com.mx\/index.php\/wp-json\/wp\/v2\/comments?post=102701"}],"version-history":[{"count":1,"href":"https:\/\/fuentesfidedignas.com.mx\/index.php\/wp-json\/wp\/v2\/posts\/102701\/revisions"}],"predecessor-version":[{"id":102703,"href":"https:\/\/fuentesfidedignas.com.mx\/index.php\/wp-json\/wp\/v2\/posts\/102701\/revisions\/102703"}],"wp:featuredmedia":[{"embeddable":true,"href":"https:\/\/fuentesfidedignas.com.mx\/index.php\/wp-json\/wp\/v2\/media\/102702"}],"wp:attachment":[{"href":"https:\/\/fuentesfidedignas.com.mx\/index.php\/wp-json\/wp\/v2\/media?parent=102701"}],"wp:term":[{"taxonomy":"category","embeddable":true,"href":"https:\/\/fuentesfidedignas.com.mx\/index.php\/wp-json\/wp\/v2\/categories?post=102701"},{"taxonomy":"post_tag","embeddable":true,"href":"https:\/\/fuentesfidedignas.com.mx\/index.php\/wp-json\/wp\/v2\/tags?post=102701"}],"curies":[{"name":"wp","href":"https:\/\/api.w.org\/{rel}","templated":true}]}}