{"id":102635,"date":"2025-02-26T06:52:58","date_gmt":"2025-02-26T13:52:58","guid":{"rendered":"https:\/\/fuentesfidedignas.com.mx\/?p=102635"},"modified":"2025-02-26T06:52:59","modified_gmt":"2025-02-26T13:52:59","slug":"chile-retoma-la-normalidad-tras-apagon-que-afecto-al-95-de-la-poblacion","status":"publish","type":"post","link":"https:\/\/fuentesfidedignas.com.mx\/index.php\/2025\/02\/26\/chile-retoma-la-normalidad-tras-apagon-que-afecto-al-95-de-la-poblacion\/","title":{"rendered":"Chile retoma la normalidad tras apag\u00f3n que afect\u00f3 al 95% de la poblaci\u00f3n"},"content":{"rendered":"\n<p><strong><em>El gobierno chileno levant\u00f3 el toque de queda que hab\u00eda impuesto tras el apag\u00f3n masivo.<\/em><\/strong><\/p>\n\n\n\n<p>El gobierno chileno anunci\u00f3 el mi\u00e9rcoles el fin del estado de excepci\u00f3n que permiti\u00f3 imponer el toque de queda, decretado en respuesta al masivo apag\u00f3n que afect\u00f3 el martes al pa\u00eds.<\/p>\n\n\n\n<p>&#8220;El estado de excepci\u00f3n por cat\u00e1strofe se levanta a partir de este momento&#8221; (a las 08:25 locales), declar\u00f3 la ministra chilena del interior, Carolina Toh\u00e1.<\/p>\n\n\n\n<p>La alta funcionaria dijo que &#8220;tambi\u00e9n quedan sin efecto las decisiones (\u2026) respecto al toque de queda&#8221;, por lo que &#8220;hoy debi\u00e9ramos tener un d\u00eda normal&#8221;.<\/p>\n\n\n\n<p>En pleno verano austral, 95 por ciento de los 20 millones de chilenos sufri\u00f3 la tarde del martes la inusual interrupci\u00f3n del servicio que sumi\u00f3 al pa\u00eds en el caos y el desconcierto.<\/p>\n\n\n\n<p>El apag\u00f3n, que se inici\u00f3 a las 15:16, afect\u00f3 a una vasta zona que va desde la regi\u00f3n de Arica y Parinacota (norte) a la regi\u00f3n de Los Lagos (sur).<\/p>\n\n\n\n<p><strong>Electricidad regresa a Chile:<\/strong><\/p>\n\n\n\n<figure class=\"wp-block-embed is-type-rich is-provider-twitter wp-block-embed-twitter\"><div class=\"wp-block-embed__wrapper\">\n<blockquote class=\"twitter-tweet\" data-width=\"550\" data-dnt=\"true\"><p lang=\"es\" dir=\"ltr\">Volvi\u00f3 la luz en Recoleta y los vecinos; &quot;A ver porno ctm, a ver porno!!!&quot;<a href=\"https:\/\/twitter.com\/hashtag\/CorteDeLuz?src=hash&amp;ref_src=twsrc%5Etfw\">#CorteDeLuz<\/a> <a href=\"https:\/\/twitter.com\/hashtag\/SinLuz?src=hash&amp;ref_src=twsrc%5Etfw\">#SinLuz<\/a> <a href=\"https:\/\/t.co\/12YdNJtOIX\">pic.twitter.com\/12YdNJtOIX<\/a><\/p>&mdash; Cami (@CamiVIPChile) <a href=\"https:\/\/twitter.com\/CamiVIPChile\/status\/1894548753547215286?ref_src=twsrc%5Etfw\">February 26, 2025<\/a><\/blockquote><script async src=\"https:\/\/platform.twitter.com\/widgets.js\" charset=\"utf-8\"><\/script>\n<\/div><\/figure>\n\n\n\n<p>En respuesta a la emergencia el gobierno decret\u00f3 el estado de excepci\u00f3n por cat\u00e1strofe e impuso un toque de queda desde las 22:00 locales del martes hasta las 06:00 del mi\u00e9rcoles.<\/p>\n\n\n\n<p>Sin embargo, la Superintendencia de Electricidad y Combustibles (SEC) inform\u00f3 la ma\u00f1ana del mi\u00e9rcoles que 97.5 por ciento de los hogares ya contaban con suministro el\u00e9ctrico.<\/p>\n\n\n\n<p>As\u00ed, los chilenos retornaban a las calles luego del fin del toque de queda.&nbsp;Las personas se movilizaban a sus trabajos, y autos y buses transitaban por las calles.<\/p>\n\n\n\n<p>El metro de Santiago funcionaba con normalidad en todas sus l\u00edneas, luego de que el martes hubo que evacuar a sus pasajeros y cerrar sus estaciones por la falta de energ\u00eda.<\/p>\n\n\n\n<p><strong>As\u00ed se vivi\u00f3 el apag\u00f3n:<\/strong><\/p>\n\n\n\n<figure class=\"wp-block-embed is-type-rich is-provider-twitter wp-block-embed-twitter\"><div class=\"wp-block-embed__wrapper\">\n<blockquote class=\"twitter-tweet\" data-width=\"550\" data-dnt=\"true\"><p lang=\"es\" dir=\"ltr\"><a href=\"https:\/\/twitter.com\/hashtag\/Chile?src=hash&amp;ref_src=twsrc%5Etfw\">#Chile<\/a> vive el mayor apag\u00f3n el\u00e9ctrico en 15 a\u00f1os y Gobierno decreta estado de excepci\u00f3n y toque de queda.<br>Es el mayor apag\u00f3n ocurrido en el pa\u00eds desde el terremoto de 2010 que afecta a 19 millones de personas, equivalente a m\u00e1s del 98% de la poblaci\u00f3n del pa\u00eds<a href=\"https:\/\/twitter.com\/hashtag\/Apag%C3%B3nChile?src=hash&amp;ref_src=twsrc%5Etfw\">#Apag\u00f3nChile<\/a> <a href=\"https:\/\/t.co\/O5xlKVKm0r\">pic.twitter.com\/O5xlKVKm0r<\/a><\/p>&mdash; David de la Paz \u6234\u7ef4 (@daviddelapaz) <a href=\"https:\/\/twitter.com\/daviddelapaz\/status\/1894562974838243460?ref_src=twsrc%5Etfw\">February 26, 2025<\/a><\/blockquote><script async src=\"https:\/\/platform.twitter.com\/widgets.js\" charset=\"utf-8\"><\/script>\n<\/div><\/figure>\n\n\n\n<p>El martes en la capital miles de personas tuvieron que caminar por horas en medio de unos 30 grados de temperatura para regresar a sus hogares.<\/p>\n\n\n\n<p>El apag\u00f3n hizo que el gobierno cancelara las clases del mi\u00e9rcoles de 300 mil estudiantes.<\/p>\n\n\n\n<p>Adem\u00e1s, se suspendieron partidos de f\u00fatbol y la tercera noche del Festival Internacional de Vi\u00f1a del Mar.<\/p>\n","protected":false},"excerpt":{"rendered":"<p>El gobierno chileno levant\u00f3 el toque de queda que hab\u00eda impuesto tras el apag\u00f3n masivo. El gobierno chileno anunci\u00f3 el mi\u00e9rcoles el fin del estado de excepci\u00f3n que permiti\u00f3 imponer el toque de queda, decretado en respuesta al masivo apag\u00f3n que afect\u00f3 el martes al pa\u00eds. &#8220;El estado de excepci\u00f3n por cat\u00e1strofe se levanta a [&hellip;]<\/p>\n","protected":false},"author":12,"featured_media":102636,"comment_status":"open","ping_status":"open","sticky":false,"template":"","format":"standard","meta":{"tdm_status":"","tdm_grid_status":"","footnotes":""},"categories":[39],"tags":[],"class_list":{"0":"post-102635","1":"post","2":"type-post","3":"status-publish","4":"format-standard","5":"has-post-thumbnail","7":"category-noticias-nacionales"},"yoast_head":"<!-- This site is optimized with the Yoast SEO plugin v27.5 - https:\/\/yoast.com\/product\/yoast-seo-wordpress\/ -->\n<title>Chile retoma la normalidad tras apag\u00f3n que afect\u00f3 al 95% de la poblaci\u00f3n - Fuentes Fidedignas<\/title>\n<meta name=\"robots\" content=\"index, follow, max-snippet:-1, max-image-preview:large, max-video-preview:-1\" \/>\n<link rel=\"canonical\" href=\"https:\/\/fuentesfidedignas.com.mx\/index.php\/2025\/02\/26\/chile-retoma-la-normalidad-tras-apagon-que-afecto-al-95-de-la-poblacion\/\" \/>\n<meta property=\"og:locale\" content=\"es_MX\" \/>\n<meta property=\"og:type\" content=\"article\" \/>\n<meta property=\"og:title\" content=\"Chile retoma la normalidad tras apag\u00f3n que afect\u00f3 al 95% de la poblaci\u00f3n - Fuentes Fidedignas\" \/>\n<meta property=\"og:description\" content=\"El gobierno chileno levant\u00f3 el toque de queda que hab\u00eda impuesto tras el apag\u00f3n masivo. El gobierno chileno anunci\u00f3 el mi\u00e9rcoles el fin del estado de excepci\u00f3n que permiti\u00f3 imponer el toque de queda, decretado en respuesta al masivo apag\u00f3n que afect\u00f3 el martes al pa\u00eds. &#8220;El estado de excepci\u00f3n por cat\u00e1strofe se levanta a [&hellip;]\" \/>\n<meta property=\"og:url\" content=\"https:\/\/fuentesfidedignas.com.mx\/index.php\/2025\/02\/26\/chile-retoma-la-normalidad-tras-apagon-que-afecto-al-95-de-la-poblacion\/\" \/>\n<meta property=\"og:site_name\" content=\"Fuentes Fidedignas\" \/>\n<meta property=\"article:publisher\" content=\"https:\/\/www.facebook.com\/Fuentes-Fidedignas-368234489921644\" \/>\n<meta property=\"article:published_time\" content=\"2025-02-26T13:52:58+00:00\" \/>\n<meta property=\"article:modified_time\" content=\"2025-02-26T13:52:59+00:00\" \/>\n<meta property=\"og:image\" content=\"https:\/\/fuentesfidedignas.com.mx\/wp-content\/uploads\/2025\/02\/apagon-chile.jpg\" \/>\n\t<meta property=\"og:image:width\" content=\"600\" \/>\n\t<meta property=\"og:image:height\" content=\"379\" \/>\n\t<meta property=\"og:image:type\" content=\"image\/jpeg\" \/>\n<meta name=\"author\" content=\"AFP\" \/>\n<meta name=\"twitter:card\" content=\"summary_large_image\" \/>\n<meta name=\"twitter:creator\" content=\"@fidedignas\" \/>\n<meta name=\"twitter:site\" content=\"@fidedignas\" \/>\n<meta name=\"twitter:label1\" content=\"Escrito por\" \/>\n\t<meta name=\"twitter:data1\" content=\"AFP\" \/>\n\t<meta name=\"twitter:label2\" content=\"Tiempo de lectura\" \/>\n\t<meta name=\"twitter:data2\" content=\"2 minutos\" \/>\n<script type=\"application\/ld+json\" class=\"yoast-schema-graph\">{\"@context\":\"https:\\\/\\\/schema.org\",\"@graph\":[{\"@type\":\"Article\",\"@id\":\"https:\\\/\\\/fuentesfidedignas.com.mx\\\/index.php\\\/2025\\\/02\\\/26\\\/chile-retoma-la-normalidad-tras-apagon-que-afecto-al-95-de-la-poblacion\\\/#article\",\"isPartOf\":{\"@id\":\"https:\\\/\\\/fuentesfidedignas.com.mx\\\/index.php\\\/2025\\\/02\\\/26\\\/chile-retoma-la-normalidad-tras-apagon-que-afecto-al-95-de-la-poblacion\\\/\"},\"author\":{\"name\":\"AFP\",\"@id\":\"https:\\\/\\\/fuentesfidedignas.com.mx\\\/#\\\/schema\\\/person\\\/1827b38c6cf89e1d6cc7d78ca3fae732\"},\"headline\":\"Chile retoma la normalidad tras apag\u00f3n que afect\u00f3 al 95% de la poblaci\u00f3n\",\"datePublished\":\"2025-02-26T13:52:58+00:00\",\"dateModified\":\"2025-02-26T13:52:59+00:00\",\"mainEntityOfPage\":{\"@id\":\"https:\\\/\\\/fuentesfidedignas.com.mx\\\/index.php\\\/2025\\\/02\\\/26\\\/chile-retoma-la-normalidad-tras-apagon-que-afecto-al-95-de-la-poblacion\\\/\"},\"wordCount\":389,\"commentCount\":0,\"publisher\":{\"@id\":\"https:\\\/\\\/fuentesfidedignas.com.mx\\\/#organization\"},\"image\":{\"@id\":\"https:\\\/\\\/fuentesfidedignas.com.mx\\\/index.php\\\/2025\\\/02\\\/26\\\/chile-retoma-la-normalidad-tras-apagon-que-afecto-al-95-de-la-poblacion\\\/#primaryimage\"},\"thumbnailUrl\":\"https:\\\/\\\/fuentesfidedignas.com.mx\\\/wp-content\\\/uploads\\\/2025\\\/02\\\/apagon-chile.jpg\",\"articleSection\":[\"NOTICIAS NACIONALES\"],\"inLanguage\":\"es\",\"potentialAction\":[{\"@type\":\"CommentAction\",\"name\":\"Comment\",\"target\":[\"https:\\\/\\\/fuentesfidedignas.com.mx\\\/index.php\\\/2025\\\/02\\\/26\\\/chile-retoma-la-normalidad-tras-apagon-que-afecto-al-95-de-la-poblacion\\\/#respond\"]}]},{\"@type\":\"WebPage\",\"@id\":\"https:\\\/\\\/fuentesfidedignas.com.mx\\\/index.php\\\/2025\\\/02\\\/26\\\/chile-retoma-la-normalidad-tras-apagon-que-afecto-al-95-de-la-poblacion\\\/\",\"url\":\"https:\\\/\\\/fuentesfidedignas.com.mx\\\/index.php\\\/2025\\\/02\\\/26\\\/chile-retoma-la-normalidad-tras-apagon-que-afecto-al-95-de-la-poblacion\\\/\",\"name\":\"Chile retoma la normalidad tras apag\u00f3n que afect\u00f3 al 95% de la poblaci\u00f3n - Fuentes Fidedignas\",\"isPartOf\":{\"@id\":\"https:\\\/\\\/fuentesfidedignas.com.mx\\\/#website\"},\"primaryImageOfPage\":{\"@id\":\"https:\\\/\\\/fuentesfidedignas.com.mx\\\/index.php\\\/2025\\\/02\\\/26\\\/chile-retoma-la-normalidad-tras-apagon-que-afecto-al-95-de-la-poblacion\\\/#primaryimage\"},\"image\":{\"@id\":\"https:\\\/\\\/fuentesfidedignas.com.mx\\\/index.php\\\/2025\\\/02\\\/26\\\/chile-retoma-la-normalidad-tras-apagon-que-afecto-al-95-de-la-poblacion\\\/#primaryimage\"},\"thumbnailUrl\":\"https:\\\/\\\/fuentesfidedignas.com.mx\\\/wp-content\\\/uploads\\\/2025\\\/02\\\/apagon-chile.jpg\",\"datePublished\":\"2025-02-26T13:52:58+00:00\",\"dateModified\":\"2025-02-26T13:52:59+00:00\",\"breadcrumb\":{\"@id\":\"https:\\\/\\\/fuentesfidedignas.com.mx\\\/index.php\\\/2025\\\/02\\\/26\\\/chile-retoma-la-normalidad-tras-apagon-que-afecto-al-95-de-la-poblacion\\\/#breadcrumb\"},\"inLanguage\":\"es\",\"potentialAction\":[{\"@type\":\"ReadAction\",\"target\":[\"https:\\\/\\\/fuentesfidedignas.com.mx\\\/index.php\\\/2025\\\/02\\\/26\\\/chile-retoma-la-normalidad-tras-apagon-que-afecto-al-95-de-la-poblacion\\\/\"]}]},{\"@type\":\"ImageObject\",\"inLanguage\":\"es\",\"@id\":\"https:\\\/\\\/fuentesfidedignas.com.mx\\\/index.php\\\/2025\\\/02\\\/26\\\/chile-retoma-la-normalidad-tras-apagon-que-afecto-al-95-de-la-poblacion\\\/#primaryimage\",\"url\":\"https:\\\/\\\/fuentesfidedignas.com.mx\\\/wp-content\\\/uploads\\\/2025\\\/02\\\/apagon-chile.jpg\",\"contentUrl\":\"https:\\\/\\\/fuentesfidedignas.com.mx\\\/wp-content\\\/uploads\\\/2025\\\/02\\\/apagon-chile.jpg\",\"width\":600,\"height\":379},{\"@type\":\"BreadcrumbList\",\"@id\":\"https:\\\/\\\/fuentesfidedignas.com.mx\\\/index.php\\\/2025\\\/02\\\/26\\\/chile-retoma-la-normalidad-tras-apagon-que-afecto-al-95-de-la-poblacion\\\/#breadcrumb\",\"itemListElement\":[{\"@type\":\"ListItem\",\"position\":1,\"name\":\"Inicio\",\"item\":\"https:\\\/\\\/fuentesfidedignas.com.mx\\\/\"},{\"@type\":\"ListItem\",\"position\":2,\"name\":\"Chile retoma la normalidad tras apag\u00f3n que afect\u00f3 al 95% de la poblaci\u00f3n\"}]},{\"@type\":\"WebSite\",\"@id\":\"https:\\\/\\\/fuentesfidedignas.com.mx\\\/#website\",\"url\":\"https:\\\/\\\/fuentesfidedignas.com.mx\\\/\",\"name\":\"Fuentes Fidedignas\",\"description\":\"Otro sitio realizado con WordPress\",\"publisher\":{\"@id\":\"https:\\\/\\\/fuentesfidedignas.com.mx\\\/#organization\"},\"potentialAction\":[{\"@type\":\"SearchAction\",\"target\":{\"@type\":\"EntryPoint\",\"urlTemplate\":\"https:\\\/\\\/fuentesfidedignas.com.mx\\\/?s={search_term_string}\"},\"query-input\":{\"@type\":\"PropertyValueSpecification\",\"valueRequired\":true,\"valueName\":\"search_term_string\"}}],\"inLanguage\":\"es\"},{\"@type\":\"Organization\",\"@id\":\"https:\\\/\\\/fuentesfidedignas.com.mx\\\/#organization\",\"name\":\"Fuentes Fidedignas\",\"url\":\"https:\\\/\\\/fuentesfidedignas.com.mx\\\/\",\"logo\":{\"@type\":\"ImageObject\",\"inLanguage\":\"es\",\"@id\":\"https:\\\/\\\/fuentesfidedignas.com.mx\\\/#\\\/schema\\\/logo\\\/image\\\/\",\"url\":\"https:\\\/\\\/fuentesfidedignas.com.mx\\\/wp-content\\\/uploads\\\/2021\\\/04\\\/logo-retina.png\",\"contentUrl\":\"https:\\\/\\\/fuentesfidedignas.com.mx\\\/wp-content\\\/uploads\\\/2021\\\/04\\\/logo-retina.png\",\"width\":280,\"height\":51,\"caption\":\"Fuentes Fidedignas\"},\"image\":{\"@id\":\"https:\\\/\\\/fuentesfidedignas.com.mx\\\/#\\\/schema\\\/logo\\\/image\\\/\"},\"sameAs\":[\"https:\\\/\\\/www.facebook.com\\\/Fuentes-Fidedignas-368234489921644\",\"https:\\\/\\\/x.com\\\/fidedignas\"]},{\"@type\":\"Person\",\"@id\":\"https:\\\/\\\/fuentesfidedignas.com.mx\\\/#\\\/schema\\\/person\\\/1827b38c6cf89e1d6cc7d78ca3fae732\",\"name\":\"AFP\",\"image\":{\"@type\":\"ImageObject\",\"inLanguage\":\"es\",\"@id\":\"https:\\\/\\\/secure.gravatar.com\\\/avatar\\\/236827d2ee9bf15e1ea99e0c1cd1b467cffa55e324d177638d0f8de7950cbae6?s=96&d=mm&r=g\",\"url\":\"https:\\\/\\\/secure.gravatar.com\\\/avatar\\\/236827d2ee9bf15e1ea99e0c1cd1b467cffa55e324d177638d0f8de7950cbae6?s=96&d=mm&r=g\",\"contentUrl\":\"https:\\\/\\\/secure.gravatar.com\\\/avatar\\\/236827d2ee9bf15e1ea99e0c1cd1b467cffa55e324d177638d0f8de7950cbae6?s=96&d=mm&r=g\",\"caption\":\"AFP\"},\"url\":\"https:\\\/\\\/fuentesfidedignas.com.mx\\\/index.php\\\/author\\\/afp\\\/\"}]}<\/script>\n<!-- \/ Yoast SEO plugin. -->","yoast_head_json":{"title":"Chile retoma la normalidad tras apag\u00f3n que afect\u00f3 al 95% de la poblaci\u00f3n - Fuentes Fidedignas","robots":{"index":"index","follow":"follow","max-snippet":"max-snippet:-1","max-image-preview":"max-image-preview:large","max-video-preview":"max-video-preview:-1"},"canonical":"https:\/\/fuentesfidedignas.com.mx\/index.php\/2025\/02\/26\/chile-retoma-la-normalidad-tras-apagon-que-afecto-al-95-de-la-poblacion\/","og_locale":"es_MX","og_type":"article","og_title":"Chile retoma la normalidad tras apag\u00f3n que afect\u00f3 al 95% de la poblaci\u00f3n - Fuentes Fidedignas","og_description":"El gobierno chileno levant\u00f3 el toque de queda que hab\u00eda impuesto tras el apag\u00f3n masivo. El gobierno chileno anunci\u00f3 el mi\u00e9rcoles el fin del estado de excepci\u00f3n que permiti\u00f3 imponer el toque de queda, decretado en respuesta al masivo apag\u00f3n que afect\u00f3 el martes al pa\u00eds. &#8220;El estado de excepci\u00f3n por cat\u00e1strofe se levanta a [&hellip;]","og_url":"https:\/\/fuentesfidedignas.com.mx\/index.php\/2025\/02\/26\/chile-retoma-la-normalidad-tras-apagon-que-afecto-al-95-de-la-poblacion\/","og_site_name":"Fuentes Fidedignas","article_publisher":"https:\/\/www.facebook.com\/Fuentes-Fidedignas-368234489921644","article_published_time":"2025-02-26T13:52:58+00:00","article_modified_time":"2025-02-26T13:52:59+00:00","og_image":[{"width":600,"height":379,"url":"https:\/\/fuentesfidedignas.com.mx\/wp-content\/uploads\/2025\/02\/apagon-chile.jpg","type":"image\/jpeg"}],"author":"AFP","twitter_card":"summary_large_image","twitter_creator":"@fidedignas","twitter_site":"@fidedignas","twitter_misc":{"Escrito por":"AFP","Tiempo de lectura":"2 minutos"},"schema":{"@context":"https:\/\/schema.org","@graph":[{"@type":"Article","@id":"https:\/\/fuentesfidedignas.com.mx\/index.php\/2025\/02\/26\/chile-retoma-la-normalidad-tras-apagon-que-afecto-al-95-de-la-poblacion\/#article","isPartOf":{"@id":"https:\/\/fuentesfidedignas.com.mx\/index.php\/2025\/02\/26\/chile-retoma-la-normalidad-tras-apagon-que-afecto-al-95-de-la-poblacion\/"},"author":{"name":"AFP","@id":"https:\/\/fuentesfidedignas.com.mx\/#\/schema\/person\/1827b38c6cf89e1d6cc7d78ca3fae732"},"headline":"Chile retoma la normalidad tras apag\u00f3n que afect\u00f3 al 95% de la poblaci\u00f3n","datePublished":"2025-02-26T13:52:58+00:00","dateModified":"2025-02-26T13:52:59+00:00","mainEntityOfPage":{"@id":"https:\/\/fuentesfidedignas.com.mx\/index.php\/2025\/02\/26\/chile-retoma-la-normalidad-tras-apagon-que-afecto-al-95-de-la-poblacion\/"},"wordCount":389,"commentCount":0,"publisher":{"@id":"https:\/\/fuentesfidedignas.com.mx\/#organization"},"image":{"@id":"https:\/\/fuentesfidedignas.com.mx\/index.php\/2025\/02\/26\/chile-retoma-la-normalidad-tras-apagon-que-afecto-al-95-de-la-poblacion\/#primaryimage"},"thumbnailUrl":"https:\/\/fuentesfidedignas.com.mx\/wp-content\/uploads\/2025\/02\/apagon-chile.jpg","articleSection":["NOTICIAS NACIONALES"],"inLanguage":"es","potentialAction":[{"@type":"CommentAction","name":"Comment","target":["https:\/\/fuentesfidedignas.com.mx\/index.php\/2025\/02\/26\/chile-retoma-la-normalidad-tras-apagon-que-afecto-al-95-de-la-poblacion\/#respond"]}]},{"@type":"WebPage","@id":"https:\/\/fuentesfidedignas.com.mx\/index.php\/2025\/02\/26\/chile-retoma-la-normalidad-tras-apagon-que-afecto-al-95-de-la-poblacion\/","url":"https:\/\/fuentesfidedignas.com.mx\/index.php\/2025\/02\/26\/chile-retoma-la-normalidad-tras-apagon-que-afecto-al-95-de-la-poblacion\/","name":"Chile retoma la normalidad tras apag\u00f3n que afect\u00f3 al 95% de la poblaci\u00f3n - Fuentes Fidedignas","isPartOf":{"@id":"https:\/\/fuentesfidedignas.com.mx\/#website"},"primaryImageOfPage":{"@id":"https:\/\/fuentesfidedignas.com.mx\/index.php\/2025\/02\/26\/chile-retoma-la-normalidad-tras-apagon-que-afecto-al-95-de-la-poblacion\/#primaryimage"},"image":{"@id":"https:\/\/fuentesfidedignas.com.mx\/index.php\/2025\/02\/26\/chile-retoma-la-normalidad-tras-apagon-que-afecto-al-95-de-la-poblacion\/#primaryimage"},"thumbnailUrl":"https:\/\/fuentesfidedignas.com.mx\/wp-content\/uploads\/2025\/02\/apagon-chile.jpg","datePublished":"2025-02-26T13:52:58+00:00","dateModified":"2025-02-26T13:52:59+00:00","breadcrumb":{"@id":"https:\/\/fuentesfidedignas.com.mx\/index.php\/2025\/02\/26\/chile-retoma-la-normalidad-tras-apagon-que-afecto-al-95-de-la-poblacion\/#breadcrumb"},"inLanguage":"es","potentialAction":[{"@type":"ReadAction","target":["https:\/\/fuentesfidedignas.com.mx\/index.php\/2025\/02\/26\/chile-retoma-la-normalidad-tras-apagon-que-afecto-al-95-de-la-poblacion\/"]}]},{"@type":"ImageObject","inLanguage":"es","@id":"https:\/\/fuentesfidedignas.com.mx\/index.php\/2025\/02\/26\/chile-retoma-la-normalidad-tras-apagon-que-afecto-al-95-de-la-poblacion\/#primaryimage","url":"https:\/\/fuentesfidedignas.com.mx\/wp-content\/uploads\/2025\/02\/apagon-chile.jpg","contentUrl":"https:\/\/fuentesfidedignas.com.mx\/wp-content\/uploads\/2025\/02\/apagon-chile.jpg","width":600,"height":379},{"@type":"BreadcrumbList","@id":"https:\/\/fuentesfidedignas.com.mx\/index.php\/2025\/02\/26\/chile-retoma-la-normalidad-tras-apagon-que-afecto-al-95-de-la-poblacion\/#breadcrumb","itemListElement":[{"@type":"ListItem","position":1,"name":"Inicio","item":"https:\/\/fuentesfidedignas.com.mx\/"},{"@type":"ListItem","position":2,"name":"Chile retoma la normalidad tras apag\u00f3n que afect\u00f3 al 95% de la poblaci\u00f3n"}]},{"@type":"WebSite","@id":"https:\/\/fuentesfidedignas.com.mx\/#website","url":"https:\/\/fuentesfidedignas.com.mx\/","name":"Fuentes Fidedignas","description":"Otro sitio realizado con WordPress","publisher":{"@id":"https:\/\/fuentesfidedignas.com.mx\/#organization"},"potentialAction":[{"@type":"SearchAction","target":{"@type":"EntryPoint","urlTemplate":"https:\/\/fuentesfidedignas.com.mx\/?s={search_term_string}"},"query-input":{"@type":"PropertyValueSpecification","valueRequired":true,"valueName":"search_term_string"}}],"inLanguage":"es"},{"@type":"Organization","@id":"https:\/\/fuentesfidedignas.com.mx\/#organization","name":"Fuentes Fidedignas","url":"https:\/\/fuentesfidedignas.com.mx\/","logo":{"@type":"ImageObject","inLanguage":"es","@id":"https:\/\/fuentesfidedignas.com.mx\/#\/schema\/logo\/image\/","url":"https:\/\/fuentesfidedignas.com.mx\/wp-content\/uploads\/2021\/04\/logo-retina.png","contentUrl":"https:\/\/fuentesfidedignas.com.mx\/wp-content\/uploads\/2021\/04\/logo-retina.png","width":280,"height":51,"caption":"Fuentes Fidedignas"},"image":{"@id":"https:\/\/fuentesfidedignas.com.mx\/#\/schema\/logo\/image\/"},"sameAs":["https:\/\/www.facebook.com\/Fuentes-Fidedignas-368234489921644","https:\/\/x.com\/fidedignas"]},{"@type":"Person","@id":"https:\/\/fuentesfidedignas.com.mx\/#\/schema\/person\/1827b38c6cf89e1d6cc7d78ca3fae732","name":"AFP","image":{"@type":"ImageObject","inLanguage":"es","@id":"https:\/\/secure.gravatar.com\/avatar\/236827d2ee9bf15e1ea99e0c1cd1b467cffa55e324d177638d0f8de7950cbae6?s=96&d=mm&r=g","url":"https:\/\/secure.gravatar.com\/avatar\/236827d2ee9bf15e1ea99e0c1cd1b467cffa55e324d177638d0f8de7950cbae6?s=96&d=mm&r=g","contentUrl":"https:\/\/secure.gravatar.com\/avatar\/236827d2ee9bf15e1ea99e0c1cd1b467cffa55e324d177638d0f8de7950cbae6?s=96&d=mm&r=g","caption":"AFP"},"url":"https:\/\/fuentesfidedignas.com.mx\/index.php\/author\/afp\/"}]}},"_links":{"self":[{"href":"https:\/\/fuentesfidedignas.com.mx\/index.php\/wp-json\/wp\/v2\/posts\/102635","targetHints":{"allow":["GET"]}}],"collection":[{"href":"https:\/\/fuentesfidedignas.com.mx\/index.php\/wp-json\/wp\/v2\/posts"}],"about":[{"href":"https:\/\/fuentesfidedignas.com.mx\/index.php\/wp-json\/wp\/v2\/types\/post"}],"author":[{"embeddable":true,"href":"https:\/\/fuentesfidedignas.com.mx\/index.php\/wp-json\/wp\/v2\/users\/12"}],"replies":[{"embeddable":true,"href":"https:\/\/fuentesfidedignas.com.mx\/index.php\/wp-json\/wp\/v2\/comments?post=102635"}],"version-history":[{"count":1,"href":"https:\/\/fuentesfidedignas.com.mx\/index.php\/wp-json\/wp\/v2\/posts\/102635\/revisions"}],"predecessor-version":[{"id":102637,"href":"https:\/\/fuentesfidedignas.com.mx\/index.php\/wp-json\/wp\/v2\/posts\/102635\/revisions\/102637"}],"wp:featuredmedia":[{"embeddable":true,"href":"https:\/\/fuentesfidedignas.com.mx\/index.php\/wp-json\/wp\/v2\/media\/102636"}],"wp:attachment":[{"href":"https:\/\/fuentesfidedignas.com.mx\/index.php\/wp-json\/wp\/v2\/media?parent=102635"}],"wp:term":[{"taxonomy":"category","embeddable":true,"href":"https:\/\/fuentesfidedignas.com.mx\/index.php\/wp-json\/wp\/v2\/categories?post=102635"},{"taxonomy":"post_tag","embeddable":true,"href":"https:\/\/fuentesfidedignas.com.mx\/index.php\/wp-json\/wp\/v2\/tags?post=102635"}],"curies":[{"name":"wp","href":"https:\/\/api.w.org\/{rel}","templated":true}]}}