{"id":102633,"date":"2025-02-26T06:43:42","date_gmt":"2025-02-26T13:43:42","guid":{"rendered":"https:\/\/fuentesfidedignas.com.mx\/?p=102633"},"modified":"2025-02-26T06:43:45","modified_gmt":"2025-02-26T13:43:45","slug":"diputados-aprueban-prohibicion-de-maiz-transgenico-pasara-al-senado","status":"publish","type":"post","link":"https:\/\/fuentesfidedignas.com.mx\/index.php\/2025\/02\/26\/diputados-aprueban-prohibicion-de-maiz-transgenico-pasara-al-senado\/","title":{"rendered":"Diputados aprueban prohibici\u00f3n de ma\u00edz transg\u00e9nico; pasar\u00e1 al Senado"},"content":{"rendered":"\n<p><strong><em>La presidenta Claudia Sheinbaum envi\u00f3 una iniciativa para declarar el ma\u00edz como elemento de identidad nacional y garantizar su cultivo \u201clibre de transg\u00e9nicos\u201d.<\/em><\/strong><\/p>\n\n\n\n<p>Con 409 votos a favor y 69 en contra, el pleno de la C\u00e1mara de Diputados aprob\u00f3 en lo general y particular&nbsp;las reformas a los art\u00edculos 4 y 27 de la Constituci\u00f3n para prohibir el cultivo de ma\u00edz transg\u00e9nico en M\u00e9xico.<\/p>\n\n\n\n<p>Despu\u00e9s de cuatro horas y media de discusi\u00f3n, Morena y sus aliados, as\u00ed como las bancadas del PRI y MC, respaldaron el dictamen, mientras el PAN mantuvo su oposici\u00f3n al proyecto propuesto por la presidenta Claudia Sheinbaum.<\/p>\n\n\n\n<p>Legisladores de los diversos grupos parlamentarios presentaron diversas reservas para su discusi\u00f3n en lo particular.<\/p>\n\n\n\n<p>Durante el debate, el bloque oficialista defendi\u00f3 la prohibici\u00f3n del cultivo de ma\u00edz transg\u00e9nico y la protecci\u00f3n de las semillas nativas, al tiempo de acusar a los legisladores de Acci\u00f3n Nacional de servir a los intereses de las trasnacionales del sector agroalimentario.<\/p>\n\n\n\n<p>\u201cNo parecen mexicanas ni mexicanos. Se parecen m\u00e1s a Santa Anna, aquel vende patrias que nos lastim\u00f3 tanto. No, sean honestos. Dicen que quieren proteger el ma\u00edz nativo y que es muy importante, pero, al mismo tiempo, dicen con firmeza que debemos sembrar el ma\u00edz transg\u00e9nico, justific\u00e1ndose con el discurso de la productividad, con el discurso de la competitividad y del desarrollo financiero. Pero que hablen claro, que lo digan, qu\u00e9 acuerdos, qu\u00e9 intereses oscuros tienen con Monsanto, con Bayer, con Syngenta\u201d, areng\u00f3 X\u00f3chitl Zagal, al fijar la posici\u00f3n de Morena.<br>Por el PAN, el diputado Agust\u00edn Rodr\u00edguez rechaz\u00f3 los se\u00f1alamientos y advirti\u00f3 que la reforma ata de manos al Ejecutivo ante una eventual contingencia internacional por escasez de ma\u00edz, pues M\u00e9xico es el principal importador del grano en el mundo, con alrededor de 20 millones de toneladas anualmente y un crecimiento de entre diez y veinte por ciento cada a\u00f1o.<\/p>\n\n\n\n<p>\u201cLa ciencia no es de creencias ni tampoco es de rumores; desde hace m\u00e1s de 28 a\u00f1os se consume ma\u00edz transg\u00e9nico y no hay una sola evidencia cient\u00edfica que demuestre que el ma\u00edz transg\u00e9nico o gen\u00e9ticamente modificado genere alg\u00fan da\u00f1o al ser humano o al ser animal\u201d, subray\u00f3.<\/p>\n\n\n\n<p>As\u00ed fue la discusi\u00f3n sobre el ma\u00edz transg\u00e9nico en San L\u00e1zaro:<\/p>\n\n\n\n<iframe loading=\"lazy\" width=\"866\" height=\"487\" src=\"https:\/\/www.youtube.com\/embed\/TOdD2atFnIw\" title=\"\ud83d\udd34Sesi\u00f3n Vespertina de la C\u00e1mara de Diputados 25\/02\/2025\" frameborder=\"0\" allow=\"accelerometer; autoplay; clipboard-write; encrypted-media; gyroscope; picture-in-picture; web-share\" referrerpolicy=\"strict-origin-when-cross-origin\" allowfullscreen><\/iframe>\n\n\n\n<p>La legisladora Claudia Ruiz Massieu, de MC, se declar\u00f3 a favor de prohibir e ma\u00edz transg\u00e9nico, pero alert\u00f3 sobre ambig\u00fcedades en la reforma que ponen en riesgo la seguridad alimentaria del pa\u00eds.<\/p>\n\n\n\n<p>\u201cQue se proh\u00edba el cultivo de ma\u00edz transg\u00e9nico para consumo humano en M\u00e9xico, que se promuevan la ciencia y la innovaci\u00f3n, que, desprovistos de prejuicios ideol\u00f3gicos, hagamos todo lo necesario para que seamos cada vez m\u00e1s productivos, m\u00e1s competitivos y que nuestro campo sea m\u00e1s rentable para todos, incluidos los campesinos, por supuesto, en primer lugar, y los peque\u00f1os propietarios, pero no podemos respaldar una prohibici\u00f3n ambigua que pone en riesgo otros desarrollos cient\u00edficos y tecnol\u00f3gicos y, con ello, la seguridad alimentaria de nuestro pa\u00eds en los pr\u00f3ximos a\u00f1os\u201d, puntualiz\u00f3.<br>\u00bfDe qu\u00e9 trata la reforma para prohibir el ma\u00edz transg\u00e9nico?<\/p>\n\n\n\n<p>De acuerdo con el dictamen, M\u00e9xico es centro de origen y diversidad del ma\u00edz, definido como un elemento de identidad nacional, alimento b\u00e1sico del pueblo de M\u00e9xico y base de la existencia de los pueblos ind\u00edgenas y afromexicanos.<\/p>\n\n\n\n<p>\u201cSu cultivo en el territorio nacional debe ser libre de modificaciones gen\u00e9ticas producidas con t\u00e9cnicas que superen las barreras naturales de la reproducci\u00f3n o recombinaci\u00f3n, como las transg\u00e9nicas\u201d, subrayan los cambios al art\u00edculo 4 constitucional.<br>Establecen asimismo que \u201ctodo otro uso del ma\u00edz gen\u00e9ticamente modificado debe ser evaluado en los t\u00e9rminos de las disposiciones legales, para quedar libre de amenazas para la bioseguridad, la salud y el patrimonio biocultural de M\u00e9xico y su poblaci\u00f3n\u201d, puntualizan las adiciones.<\/p>\n\n\n\n<p>La reforma prioriza adem\u00e1s la protecci\u00f3n de la biodiversidad, la soberan\u00eda alimentaria, su manejo agroecol\u00f3gico, promoviendo la investigaci\u00f3n cient\u00edfica human\u00edstica, la investigaci\u00f3n y los conocimientos tradicionales.<\/p>\n\n\n\n<p>Las adiciones al art\u00edculo 27 plantean, a su vez, que el Estado promover\u00e1 las condiciones para el desarrollo rural, cultural, econ\u00f3mico y de salud, con el prop\u00f3sito de generar empleos y garantizar a la poblaci\u00f3n campesina su bienestar y su participaci\u00f3n e incorporaci\u00f3n en el desarrollo nacional.<\/p>\n\n\n\n<p>\u201cFomentar\u00e1 la actividad agropecuaria y forestal, cultivos tradicionales con semillas nativas, en especial el sistema de milpa, para el \u00f3ptimo uso de la tierra libre de cultivo de ma\u00edz transg\u00e9nico modificado en los t\u00e9rminos definidos en el art\u00edculo 4 constitucional\u201d, se\u00f1ala el documento.<\/p>\n","protected":false},"excerpt":{"rendered":"<p>La presidenta Claudia Sheinbaum envi\u00f3 una iniciativa para declarar el ma\u00edz como elemento de identidad nacional y garantizar su cultivo \u201clibre de transg\u00e9nicos\u201d. Con 409 votos a favor y 69 en contra, el pleno de la C\u00e1mara de Diputados aprob\u00f3 en lo general y particular&nbsp;las reformas a los art\u00edculos 4 y 27 de la Constituci\u00f3n [&hellip;]<\/p>\n","protected":false},"author":9,"featured_media":87707,"comment_status":"open","ping_status":"open","sticky":false,"template":"","format":"standard","meta":{"tdm_status":"","tdm_grid_status":"","footnotes":""},"categories":[39],"tags":[],"class_list":{"0":"post-102633","1":"post","2":"type-post","3":"status-publish","4":"format-standard","5":"has-post-thumbnail","7":"category-noticias-nacionales"},"yoast_head":"<!-- This site is optimized with the Yoast SEO plugin v27.5 - https:\/\/yoast.com\/product\/yoast-seo-wordpress\/ -->\n<title>Diputados aprueban prohibici\u00f3n de ma\u00edz transg\u00e9nico; pasar\u00e1 al Senado - Fuentes Fidedignas<\/title>\n<meta name=\"robots\" content=\"index, follow, max-snippet:-1, max-image-preview:large, max-video-preview:-1\" \/>\n<link rel=\"canonical\" href=\"https:\/\/fuentesfidedignas.com.mx\/index.php\/2025\/02\/26\/diputados-aprueban-prohibicion-de-maiz-transgenico-pasara-al-senado\/\" \/>\n<meta property=\"og:locale\" content=\"es_MX\" \/>\n<meta property=\"og:type\" content=\"article\" \/>\n<meta property=\"og:title\" content=\"Diputados aprueban prohibici\u00f3n de ma\u00edz transg\u00e9nico; pasar\u00e1 al Senado - Fuentes Fidedignas\" \/>\n<meta property=\"og:description\" content=\"La presidenta Claudia Sheinbaum envi\u00f3 una iniciativa para declarar el ma\u00edz como elemento de identidad nacional y garantizar su cultivo \u201clibre de transg\u00e9nicos\u201d. Con 409 votos a favor y 69 en contra, el pleno de la C\u00e1mara de Diputados aprob\u00f3 en lo general y particular&nbsp;las reformas a los art\u00edculos 4 y 27 de la Constituci\u00f3n [&hellip;]\" \/>\n<meta property=\"og:url\" content=\"https:\/\/fuentesfidedignas.com.mx\/index.php\/2025\/02\/26\/diputados-aprueban-prohibicion-de-maiz-transgenico-pasara-al-senado\/\" \/>\n<meta property=\"og:site_name\" content=\"Fuentes Fidedignas\" \/>\n<meta property=\"article:publisher\" content=\"https:\/\/www.facebook.com\/Fuentes-Fidedignas-368234489921644\" \/>\n<meta property=\"article:published_time\" content=\"2025-02-26T13:43:42+00:00\" \/>\n<meta property=\"article:modified_time\" content=\"2025-02-26T13:43:45+00:00\" \/>\n<meta property=\"og:image\" content=\"https:\/\/fuentesfidedignas.com.mx\/wp-content\/uploads\/2024\/07\/Maiz-Transgenico.jpg\" \/>\n\t<meta property=\"og:image:width\" content=\"650\" \/>\n\t<meta property=\"og:image:height\" content=\"374\" \/>\n\t<meta property=\"og:image:type\" content=\"image\/jpeg\" \/>\n<meta name=\"author\" content=\"Milenio\" \/>\n<meta name=\"twitter:card\" content=\"summary_large_image\" \/>\n<meta name=\"twitter:creator\" content=\"@fidedignas\" \/>\n<meta name=\"twitter:site\" content=\"@fidedignas\" \/>\n<meta name=\"twitter:label1\" content=\"Escrito por\" \/>\n\t<meta name=\"twitter:data1\" content=\"Milenio\" \/>\n\t<meta name=\"twitter:label2\" content=\"Tiempo de lectura\" \/>\n\t<meta name=\"twitter:data2\" content=\"4 minutos\" \/>\n<script type=\"application\/ld+json\" class=\"yoast-schema-graph\">{\"@context\":\"https:\\\/\\\/schema.org\",\"@graph\":[{\"@type\":\"Article\",\"@id\":\"https:\\\/\\\/fuentesfidedignas.com.mx\\\/index.php\\\/2025\\\/02\\\/26\\\/diputados-aprueban-prohibicion-de-maiz-transgenico-pasara-al-senado\\\/#article\",\"isPartOf\":{\"@id\":\"https:\\\/\\\/fuentesfidedignas.com.mx\\\/index.php\\\/2025\\\/02\\\/26\\\/diputados-aprueban-prohibicion-de-maiz-transgenico-pasara-al-senado\\\/\"},\"author\":{\"name\":\"Milenio\",\"@id\":\"https:\\\/\\\/fuentesfidedignas.com.mx\\\/#\\\/schema\\\/person\\\/47ec0135738f4b0c7495f06a77a2c976\"},\"headline\":\"Diputados aprueban prohibici\u00f3n de ma\u00edz transg\u00e9nico; pasar\u00e1 al Senado\",\"datePublished\":\"2025-02-26T13:43:42+00:00\",\"dateModified\":\"2025-02-26T13:43:45+00:00\",\"mainEntityOfPage\":{\"@id\":\"https:\\\/\\\/fuentesfidedignas.com.mx\\\/index.php\\\/2025\\\/02\\\/26\\\/diputados-aprueban-prohibicion-de-maiz-transgenico-pasara-al-senado\\\/\"},\"wordCount\":837,\"commentCount\":0,\"publisher\":{\"@id\":\"https:\\\/\\\/fuentesfidedignas.com.mx\\\/#organization\"},\"image\":{\"@id\":\"https:\\\/\\\/fuentesfidedignas.com.mx\\\/index.php\\\/2025\\\/02\\\/26\\\/diputados-aprueban-prohibicion-de-maiz-transgenico-pasara-al-senado\\\/#primaryimage\"},\"thumbnailUrl\":\"https:\\\/\\\/fuentesfidedignas.com.mx\\\/wp-content\\\/uploads\\\/2024\\\/07\\\/Maiz-Transgenico.jpg\",\"articleSection\":[\"NOTICIAS NACIONALES\"],\"inLanguage\":\"es\",\"potentialAction\":[{\"@type\":\"CommentAction\",\"name\":\"Comment\",\"target\":[\"https:\\\/\\\/fuentesfidedignas.com.mx\\\/index.php\\\/2025\\\/02\\\/26\\\/diputados-aprueban-prohibicion-de-maiz-transgenico-pasara-al-senado\\\/#respond\"]}]},{\"@type\":\"WebPage\",\"@id\":\"https:\\\/\\\/fuentesfidedignas.com.mx\\\/index.php\\\/2025\\\/02\\\/26\\\/diputados-aprueban-prohibicion-de-maiz-transgenico-pasara-al-senado\\\/\",\"url\":\"https:\\\/\\\/fuentesfidedignas.com.mx\\\/index.php\\\/2025\\\/02\\\/26\\\/diputados-aprueban-prohibicion-de-maiz-transgenico-pasara-al-senado\\\/\",\"name\":\"Diputados aprueban prohibici\u00f3n de ma\u00edz transg\u00e9nico; pasar\u00e1 al Senado - Fuentes Fidedignas\",\"isPartOf\":{\"@id\":\"https:\\\/\\\/fuentesfidedignas.com.mx\\\/#website\"},\"primaryImageOfPage\":{\"@id\":\"https:\\\/\\\/fuentesfidedignas.com.mx\\\/index.php\\\/2025\\\/02\\\/26\\\/diputados-aprueban-prohibicion-de-maiz-transgenico-pasara-al-senado\\\/#primaryimage\"},\"image\":{\"@id\":\"https:\\\/\\\/fuentesfidedignas.com.mx\\\/index.php\\\/2025\\\/02\\\/26\\\/diputados-aprueban-prohibicion-de-maiz-transgenico-pasara-al-senado\\\/#primaryimage\"},\"thumbnailUrl\":\"https:\\\/\\\/fuentesfidedignas.com.mx\\\/wp-content\\\/uploads\\\/2024\\\/07\\\/Maiz-Transgenico.jpg\",\"datePublished\":\"2025-02-26T13:43:42+00:00\",\"dateModified\":\"2025-02-26T13:43:45+00:00\",\"breadcrumb\":{\"@id\":\"https:\\\/\\\/fuentesfidedignas.com.mx\\\/index.php\\\/2025\\\/02\\\/26\\\/diputados-aprueban-prohibicion-de-maiz-transgenico-pasara-al-senado\\\/#breadcrumb\"},\"inLanguage\":\"es\",\"potentialAction\":[{\"@type\":\"ReadAction\",\"target\":[\"https:\\\/\\\/fuentesfidedignas.com.mx\\\/index.php\\\/2025\\\/02\\\/26\\\/diputados-aprueban-prohibicion-de-maiz-transgenico-pasara-al-senado\\\/\"]}]},{\"@type\":\"ImageObject\",\"inLanguage\":\"es\",\"@id\":\"https:\\\/\\\/fuentesfidedignas.com.mx\\\/index.php\\\/2025\\\/02\\\/26\\\/diputados-aprueban-prohibicion-de-maiz-transgenico-pasara-al-senado\\\/#primaryimage\",\"url\":\"https:\\\/\\\/fuentesfidedignas.com.mx\\\/wp-content\\\/uploads\\\/2024\\\/07\\\/Maiz-Transgenico.jpg\",\"contentUrl\":\"https:\\\/\\\/fuentesfidedignas.com.mx\\\/wp-content\\\/uploads\\\/2024\\\/07\\\/Maiz-Transgenico.jpg\",\"width\":650,\"height\":374},{\"@type\":\"BreadcrumbList\",\"@id\":\"https:\\\/\\\/fuentesfidedignas.com.mx\\\/index.php\\\/2025\\\/02\\\/26\\\/diputados-aprueban-prohibicion-de-maiz-transgenico-pasara-al-senado\\\/#breadcrumb\",\"itemListElement\":[{\"@type\":\"ListItem\",\"position\":1,\"name\":\"Inicio\",\"item\":\"https:\\\/\\\/fuentesfidedignas.com.mx\\\/\"},{\"@type\":\"ListItem\",\"position\":2,\"name\":\"Diputados aprueban prohibici\u00f3n de ma\u00edz transg\u00e9nico; pasar\u00e1 al Senado\"}]},{\"@type\":\"WebSite\",\"@id\":\"https:\\\/\\\/fuentesfidedignas.com.mx\\\/#website\",\"url\":\"https:\\\/\\\/fuentesfidedignas.com.mx\\\/\",\"name\":\"Fuentes Fidedignas\",\"description\":\"Otro sitio realizado con WordPress\",\"publisher\":{\"@id\":\"https:\\\/\\\/fuentesfidedignas.com.mx\\\/#organization\"},\"potentialAction\":[{\"@type\":\"SearchAction\",\"target\":{\"@type\":\"EntryPoint\",\"urlTemplate\":\"https:\\\/\\\/fuentesfidedignas.com.mx\\\/?s={search_term_string}\"},\"query-input\":{\"@type\":\"PropertyValueSpecification\",\"valueRequired\":true,\"valueName\":\"search_term_string\"}}],\"inLanguage\":\"es\"},{\"@type\":\"Organization\",\"@id\":\"https:\\\/\\\/fuentesfidedignas.com.mx\\\/#organization\",\"name\":\"Fuentes Fidedignas\",\"url\":\"https:\\\/\\\/fuentesfidedignas.com.mx\\\/\",\"logo\":{\"@type\":\"ImageObject\",\"inLanguage\":\"es\",\"@id\":\"https:\\\/\\\/fuentesfidedignas.com.mx\\\/#\\\/schema\\\/logo\\\/image\\\/\",\"url\":\"https:\\\/\\\/fuentesfidedignas.com.mx\\\/wp-content\\\/uploads\\\/2021\\\/04\\\/logo-retina.png\",\"contentUrl\":\"https:\\\/\\\/fuentesfidedignas.com.mx\\\/wp-content\\\/uploads\\\/2021\\\/04\\\/logo-retina.png\",\"width\":280,\"height\":51,\"caption\":\"Fuentes Fidedignas\"},\"image\":{\"@id\":\"https:\\\/\\\/fuentesfidedignas.com.mx\\\/#\\\/schema\\\/logo\\\/image\\\/\"},\"sameAs\":[\"https:\\\/\\\/www.facebook.com\\\/Fuentes-Fidedignas-368234489921644\",\"https:\\\/\\\/x.com\\\/fidedignas\"]},{\"@type\":\"Person\",\"@id\":\"https:\\\/\\\/fuentesfidedignas.com.mx\\\/#\\\/schema\\\/person\\\/47ec0135738f4b0c7495f06a77a2c976\",\"name\":\"Milenio\",\"image\":{\"@type\":\"ImageObject\",\"inLanguage\":\"es\",\"@id\":\"https:\\\/\\\/secure.gravatar.com\\\/avatar\\\/acabf7b54753e51c2c76457954577c236b3b764789b19879565769739d1e4a75?s=96&d=mm&r=g\",\"url\":\"https:\\\/\\\/secure.gravatar.com\\\/avatar\\\/acabf7b54753e51c2c76457954577c236b3b764789b19879565769739d1e4a75?s=96&d=mm&r=g\",\"contentUrl\":\"https:\\\/\\\/secure.gravatar.com\\\/avatar\\\/acabf7b54753e51c2c76457954577c236b3b764789b19879565769739d1e4a75?s=96&d=mm&r=g\",\"caption\":\"Milenio\"},\"url\":\"https:\\\/\\\/fuentesfidedignas.com.mx\\\/index.php\\\/author\\\/milenio\\\/\"}]}<\/script>\n<!-- \/ Yoast SEO plugin. -->","yoast_head_json":{"title":"Diputados aprueban prohibici\u00f3n de ma\u00edz transg\u00e9nico; pasar\u00e1 al Senado - Fuentes Fidedignas","robots":{"index":"index","follow":"follow","max-snippet":"max-snippet:-1","max-image-preview":"max-image-preview:large","max-video-preview":"max-video-preview:-1"},"canonical":"https:\/\/fuentesfidedignas.com.mx\/index.php\/2025\/02\/26\/diputados-aprueban-prohibicion-de-maiz-transgenico-pasara-al-senado\/","og_locale":"es_MX","og_type":"article","og_title":"Diputados aprueban prohibici\u00f3n de ma\u00edz transg\u00e9nico; pasar\u00e1 al Senado - Fuentes Fidedignas","og_description":"La presidenta Claudia Sheinbaum envi\u00f3 una iniciativa para declarar el ma\u00edz como elemento de identidad nacional y garantizar su cultivo \u201clibre de transg\u00e9nicos\u201d. Con 409 votos a favor y 69 en contra, el pleno de la C\u00e1mara de Diputados aprob\u00f3 en lo general y particular&nbsp;las reformas a los art\u00edculos 4 y 27 de la Constituci\u00f3n [&hellip;]","og_url":"https:\/\/fuentesfidedignas.com.mx\/index.php\/2025\/02\/26\/diputados-aprueban-prohibicion-de-maiz-transgenico-pasara-al-senado\/","og_site_name":"Fuentes Fidedignas","article_publisher":"https:\/\/www.facebook.com\/Fuentes-Fidedignas-368234489921644","article_published_time":"2025-02-26T13:43:42+00:00","article_modified_time":"2025-02-26T13:43:45+00:00","og_image":[{"width":650,"height":374,"url":"https:\/\/fuentesfidedignas.com.mx\/wp-content\/uploads\/2024\/07\/Maiz-Transgenico.jpg","type":"image\/jpeg"}],"author":"Milenio","twitter_card":"summary_large_image","twitter_creator":"@fidedignas","twitter_site":"@fidedignas","twitter_misc":{"Escrito por":"Milenio","Tiempo de lectura":"4 minutos"},"schema":{"@context":"https:\/\/schema.org","@graph":[{"@type":"Article","@id":"https:\/\/fuentesfidedignas.com.mx\/index.php\/2025\/02\/26\/diputados-aprueban-prohibicion-de-maiz-transgenico-pasara-al-senado\/#article","isPartOf":{"@id":"https:\/\/fuentesfidedignas.com.mx\/index.php\/2025\/02\/26\/diputados-aprueban-prohibicion-de-maiz-transgenico-pasara-al-senado\/"},"author":{"name":"Milenio","@id":"https:\/\/fuentesfidedignas.com.mx\/#\/schema\/person\/47ec0135738f4b0c7495f06a77a2c976"},"headline":"Diputados aprueban prohibici\u00f3n de ma\u00edz transg\u00e9nico; pasar\u00e1 al Senado","datePublished":"2025-02-26T13:43:42+00:00","dateModified":"2025-02-26T13:43:45+00:00","mainEntityOfPage":{"@id":"https:\/\/fuentesfidedignas.com.mx\/index.php\/2025\/02\/26\/diputados-aprueban-prohibicion-de-maiz-transgenico-pasara-al-senado\/"},"wordCount":837,"commentCount":0,"publisher":{"@id":"https:\/\/fuentesfidedignas.com.mx\/#organization"},"image":{"@id":"https:\/\/fuentesfidedignas.com.mx\/index.php\/2025\/02\/26\/diputados-aprueban-prohibicion-de-maiz-transgenico-pasara-al-senado\/#primaryimage"},"thumbnailUrl":"https:\/\/fuentesfidedignas.com.mx\/wp-content\/uploads\/2024\/07\/Maiz-Transgenico.jpg","articleSection":["NOTICIAS NACIONALES"],"inLanguage":"es","potentialAction":[{"@type":"CommentAction","name":"Comment","target":["https:\/\/fuentesfidedignas.com.mx\/index.php\/2025\/02\/26\/diputados-aprueban-prohibicion-de-maiz-transgenico-pasara-al-senado\/#respond"]}]},{"@type":"WebPage","@id":"https:\/\/fuentesfidedignas.com.mx\/index.php\/2025\/02\/26\/diputados-aprueban-prohibicion-de-maiz-transgenico-pasara-al-senado\/","url":"https:\/\/fuentesfidedignas.com.mx\/index.php\/2025\/02\/26\/diputados-aprueban-prohibicion-de-maiz-transgenico-pasara-al-senado\/","name":"Diputados aprueban prohibici\u00f3n de ma\u00edz transg\u00e9nico; pasar\u00e1 al Senado - Fuentes Fidedignas","isPartOf":{"@id":"https:\/\/fuentesfidedignas.com.mx\/#website"},"primaryImageOfPage":{"@id":"https:\/\/fuentesfidedignas.com.mx\/index.php\/2025\/02\/26\/diputados-aprueban-prohibicion-de-maiz-transgenico-pasara-al-senado\/#primaryimage"},"image":{"@id":"https:\/\/fuentesfidedignas.com.mx\/index.php\/2025\/02\/26\/diputados-aprueban-prohibicion-de-maiz-transgenico-pasara-al-senado\/#primaryimage"},"thumbnailUrl":"https:\/\/fuentesfidedignas.com.mx\/wp-content\/uploads\/2024\/07\/Maiz-Transgenico.jpg","datePublished":"2025-02-26T13:43:42+00:00","dateModified":"2025-02-26T13:43:45+00:00","breadcrumb":{"@id":"https:\/\/fuentesfidedignas.com.mx\/index.php\/2025\/02\/26\/diputados-aprueban-prohibicion-de-maiz-transgenico-pasara-al-senado\/#breadcrumb"},"inLanguage":"es","potentialAction":[{"@type":"ReadAction","target":["https:\/\/fuentesfidedignas.com.mx\/index.php\/2025\/02\/26\/diputados-aprueban-prohibicion-de-maiz-transgenico-pasara-al-senado\/"]}]},{"@type":"ImageObject","inLanguage":"es","@id":"https:\/\/fuentesfidedignas.com.mx\/index.php\/2025\/02\/26\/diputados-aprueban-prohibicion-de-maiz-transgenico-pasara-al-senado\/#primaryimage","url":"https:\/\/fuentesfidedignas.com.mx\/wp-content\/uploads\/2024\/07\/Maiz-Transgenico.jpg","contentUrl":"https:\/\/fuentesfidedignas.com.mx\/wp-content\/uploads\/2024\/07\/Maiz-Transgenico.jpg","width":650,"height":374},{"@type":"BreadcrumbList","@id":"https:\/\/fuentesfidedignas.com.mx\/index.php\/2025\/02\/26\/diputados-aprueban-prohibicion-de-maiz-transgenico-pasara-al-senado\/#breadcrumb","itemListElement":[{"@type":"ListItem","position":1,"name":"Inicio","item":"https:\/\/fuentesfidedignas.com.mx\/"},{"@type":"ListItem","position":2,"name":"Diputados aprueban prohibici\u00f3n de ma\u00edz transg\u00e9nico; pasar\u00e1 al Senado"}]},{"@type":"WebSite","@id":"https:\/\/fuentesfidedignas.com.mx\/#website","url":"https:\/\/fuentesfidedignas.com.mx\/","name":"Fuentes Fidedignas","description":"Otro sitio realizado con WordPress","publisher":{"@id":"https:\/\/fuentesfidedignas.com.mx\/#organization"},"potentialAction":[{"@type":"SearchAction","target":{"@type":"EntryPoint","urlTemplate":"https:\/\/fuentesfidedignas.com.mx\/?s={search_term_string}"},"query-input":{"@type":"PropertyValueSpecification","valueRequired":true,"valueName":"search_term_string"}}],"inLanguage":"es"},{"@type":"Organization","@id":"https:\/\/fuentesfidedignas.com.mx\/#organization","name":"Fuentes Fidedignas","url":"https:\/\/fuentesfidedignas.com.mx\/","logo":{"@type":"ImageObject","inLanguage":"es","@id":"https:\/\/fuentesfidedignas.com.mx\/#\/schema\/logo\/image\/","url":"https:\/\/fuentesfidedignas.com.mx\/wp-content\/uploads\/2021\/04\/logo-retina.png","contentUrl":"https:\/\/fuentesfidedignas.com.mx\/wp-content\/uploads\/2021\/04\/logo-retina.png","width":280,"height":51,"caption":"Fuentes Fidedignas"},"image":{"@id":"https:\/\/fuentesfidedignas.com.mx\/#\/schema\/logo\/image\/"},"sameAs":["https:\/\/www.facebook.com\/Fuentes-Fidedignas-368234489921644","https:\/\/x.com\/fidedignas"]},{"@type":"Person","@id":"https:\/\/fuentesfidedignas.com.mx\/#\/schema\/person\/47ec0135738f4b0c7495f06a77a2c976","name":"Milenio","image":{"@type":"ImageObject","inLanguage":"es","@id":"https:\/\/secure.gravatar.com\/avatar\/acabf7b54753e51c2c76457954577c236b3b764789b19879565769739d1e4a75?s=96&d=mm&r=g","url":"https:\/\/secure.gravatar.com\/avatar\/acabf7b54753e51c2c76457954577c236b3b764789b19879565769739d1e4a75?s=96&d=mm&r=g","contentUrl":"https:\/\/secure.gravatar.com\/avatar\/acabf7b54753e51c2c76457954577c236b3b764789b19879565769739d1e4a75?s=96&d=mm&r=g","caption":"Milenio"},"url":"https:\/\/fuentesfidedignas.com.mx\/index.php\/author\/milenio\/"}]}},"_links":{"self":[{"href":"https:\/\/fuentesfidedignas.com.mx\/index.php\/wp-json\/wp\/v2\/posts\/102633","targetHints":{"allow":["GET"]}}],"collection":[{"href":"https:\/\/fuentesfidedignas.com.mx\/index.php\/wp-json\/wp\/v2\/posts"}],"about":[{"href":"https:\/\/fuentesfidedignas.com.mx\/index.php\/wp-json\/wp\/v2\/types\/post"}],"author":[{"embeddable":true,"href":"https:\/\/fuentesfidedignas.com.mx\/index.php\/wp-json\/wp\/v2\/users\/9"}],"replies":[{"embeddable":true,"href":"https:\/\/fuentesfidedignas.com.mx\/index.php\/wp-json\/wp\/v2\/comments?post=102633"}],"version-history":[{"count":1,"href":"https:\/\/fuentesfidedignas.com.mx\/index.php\/wp-json\/wp\/v2\/posts\/102633\/revisions"}],"predecessor-version":[{"id":102634,"href":"https:\/\/fuentesfidedignas.com.mx\/index.php\/wp-json\/wp\/v2\/posts\/102633\/revisions\/102634"}],"wp:featuredmedia":[{"embeddable":true,"href":"https:\/\/fuentesfidedignas.com.mx\/index.php\/wp-json\/wp\/v2\/media\/87707"}],"wp:attachment":[{"href":"https:\/\/fuentesfidedignas.com.mx\/index.php\/wp-json\/wp\/v2\/media?parent=102633"}],"wp:term":[{"taxonomy":"category","embeddable":true,"href":"https:\/\/fuentesfidedignas.com.mx\/index.php\/wp-json\/wp\/v2\/categories?post=102633"},{"taxonomy":"post_tag","embeddable":true,"href":"https:\/\/fuentesfidedignas.com.mx\/index.php\/wp-json\/wp\/v2\/tags?post=102633"}],"curies":[{"name":"wp","href":"https:\/\/api.w.org\/{rel}","templated":true}]}}