{"id":102599,"date":"2025-02-25T15:45:51","date_gmt":"2025-02-25T22:45:51","guid":{"rendered":"https:\/\/fuentesfidedignas.com.mx\/?p=102599"},"modified":"2025-02-26T06:53:21","modified_gmt":"2025-02-26T13:53:21","slug":"apagon-afecta-al-99-de-chile-en-plena-ola-de-calor","status":"publish","type":"post","link":"https:\/\/fuentesfidedignas.com.mx\/index.php\/2025\/02\/25\/apagon-afecta-al-99-de-chile-en-plena-ola-de-calor\/","title":{"rendered":"Apag\u00f3n afecta al 99 % de Chile en plena ola de calor"},"content":{"rendered":"\n<p><br><em>Chile enfrenta un inusual y masivo apag\u00f3n que oblig\u00f3 a la evacuaci\u00f3n del metro de Santiago, en medio de la confusi\u00f3n generalizada de la poblaci\u00f3n.<\/em><\/p>\n\n\n\n<p>Un corte general que afecta al 99 % de Chile y a dos provincias argentinas deja sin suministro el\u00e9ctrico a millones de personas este martes, cuyas causas se desconocen hasta el momento y en medio de una fuerte ola de calor.<\/p>\n\n\n\n<p>La oficina del Coordinador El\u00e9ctrico Nacional inform\u00f3 que a las 15.16 hora local (18.00 GMT) se produjo una interrupci\u00f3n del suministro el\u00e9ctrico desde Arica hasta la regi\u00f3n de Los Lagos, provocado por una desconexi\u00f3n del sistema de transmisi\u00f3n de 500 kV en el Norte Chico.<\/p>\n\n\n\n<p>Las autoridades de inmediato activaron el Plan de Recuperaci\u00f3n de Servicio para reponer los consumos en el menor tiempo posible.<\/p>\n\n\n\n<p>Tambi\u00e9n se\u00f1alaron que las causas de este corte del suministro ser\u00e1n investigadas y analizadas de conformidad al protocolo previsto por este tipo de contingencias, habi\u00e9ndose informado de su ocurrencia a la autoridad pertinente.<\/p>\n\n\n\n<p><strong>Las posibles causas<\/strong><\/p>\n\n\n\n<p>Adem\u00e1s, la Presidencia inform\u00f3 que el mandatario chileno, Gabriel Boric, se encuentra en la Central de Gesti\u00f3n Operativa de Carabineros de Chile haciendo el monitoreo de la emergencia.<\/p>\n\n\n\n<p>Momentos antes, el Ministerio del Interior anunci\u00f3 que se convoc\u00f3 a una sesi\u00f3n especial para analizar las causas, que podr\u00edan estar relacionadas con los incendios forestales o incluso se piensa en un posible sabotaje.<\/p>\n\n\n\n<p>En Santiago de Chile, los bancos, los comercios y los centros comerciales han cerrado y se registra un caos vial debido a la falla el\u00e9ctrica en los sem\u00e1foros y el corte del metro suburbano.<\/p>\n\n\n\n<p>Seg\u00fan pudo saber EFE, en la reuni\u00f3n de emergencia en el Servicio Nacional de Prevenci\u00f3n y Respuesta ante Desastres (Senapred) est\u00e1n los ministros de la mayor\u00eda del Gabinete como Interior, Energ\u00eda, Salud, Obras P\u00fablicas, Medio Ambiente, adem\u00e1s, del Estado Mayor Conjunto, Carabineros, bomberos y la Polic\u00eda de Investigaciones.<\/p>\n","protected":false},"excerpt":{"rendered":"<p>Chile enfrenta un inusual y masivo apag\u00f3n que oblig\u00f3 a la evacuaci\u00f3n del metro de Santiago, en medio de la confusi\u00f3n generalizada de la poblaci\u00f3n. Un corte general que afecta al 99 % de Chile y a dos provincias argentinas deja sin suministro el\u00e9ctrico a millones de personas este martes, cuyas causas se desconocen hasta [&hellip;]<\/p>\n","protected":false},"author":22,"featured_media":102598,"comment_status":"closed","ping_status":"open","sticky":false,"template":"","format":"standard","meta":{"tdm_status":"","tdm_grid_status":"","footnotes":""},"categories":[1],"tags":[],"class_list":{"0":"post-102599","1":"post","2":"type-post","3":"status-publish","4":"format-standard","5":"has-post-thumbnail","7":"category-sin-categoria"},"yoast_head":"<!-- This site is optimized with the Yoast SEO plugin v27.5 - https:\/\/yoast.com\/product\/yoast-seo-wordpress\/ -->\n<title>Apag\u00f3n afecta al 99 % de Chile en plena ola de calor - Fuentes Fidedignas<\/title>\n<meta name=\"robots\" content=\"index, follow, max-snippet:-1, max-image-preview:large, max-video-preview:-1\" \/>\n<link rel=\"canonical\" href=\"https:\/\/fuentesfidedignas.com.mx\/index.php\/2025\/02\/25\/apagon-afecta-al-99-de-chile-en-plena-ola-de-calor\/\" \/>\n<meta property=\"og:locale\" content=\"es_MX\" \/>\n<meta property=\"og:type\" content=\"article\" \/>\n<meta property=\"og:title\" content=\"Apag\u00f3n afecta al 99 % de Chile en plena ola de calor - Fuentes Fidedignas\" \/>\n<meta property=\"og:description\" content=\"Chile enfrenta un inusual y masivo apag\u00f3n que oblig\u00f3 a la evacuaci\u00f3n del metro de Santiago, en medio de la confusi\u00f3n generalizada de la poblaci\u00f3n. Un corte general que afecta al 99 % de Chile y a dos provincias argentinas deja sin suministro el\u00e9ctrico a millones de personas este martes, cuyas causas se desconocen hasta [&hellip;]\" \/>\n<meta property=\"og:url\" content=\"https:\/\/fuentesfidedignas.com.mx\/index.php\/2025\/02\/25\/apagon-afecta-al-99-de-chile-en-plena-ola-de-calor\/\" \/>\n<meta property=\"og:site_name\" content=\"Fuentes Fidedignas\" \/>\n<meta property=\"article:publisher\" content=\"https:\/\/www.facebook.com\/Fuentes-Fidedignas-368234489921644\" \/>\n<meta property=\"article:published_time\" content=\"2025-02-25T22:45:51+00:00\" \/>\n<meta property=\"article:modified_time\" content=\"2025-02-26T13:53:21+00:00\" \/>\n<meta property=\"og:image\" content=\"https:\/\/fuentesfidedignas.com.mx\/wp-content\/uploads\/2025\/02\/img_9722-1.jpg\" \/>\n\t<meta property=\"og:image:width\" content=\"722\" \/>\n\t<meta property=\"og:image:height\" content=\"425\" \/>\n\t<meta property=\"og:image:type\" content=\"image\/jpeg\" \/>\n<meta name=\"author\" content=\"EFE\" \/>\n<meta name=\"twitter:card\" content=\"summary_large_image\" \/>\n<meta name=\"twitter:creator\" content=\"@fidedignas\" \/>\n<meta name=\"twitter:site\" content=\"@fidedignas\" \/>\n<meta name=\"twitter:label1\" content=\"Escrito por\" \/>\n\t<meta name=\"twitter:data1\" content=\"EFE\" \/>\n\t<meta name=\"twitter:label2\" content=\"Tiempo de lectura\" \/>\n\t<meta name=\"twitter:data2\" content=\"2 minutos\" \/>\n<script type=\"application\/ld+json\" class=\"yoast-schema-graph\">{\"@context\":\"https:\\\/\\\/schema.org\",\"@graph\":[{\"@type\":\"Article\",\"@id\":\"https:\\\/\\\/fuentesfidedignas.com.mx\\\/index.php\\\/2025\\\/02\\\/25\\\/apagon-afecta-al-99-de-chile-en-plena-ola-de-calor\\\/#article\",\"isPartOf\":{\"@id\":\"https:\\\/\\\/fuentesfidedignas.com.mx\\\/index.php\\\/2025\\\/02\\\/25\\\/apagon-afecta-al-99-de-chile-en-plena-ola-de-calor\\\/\"},\"author\":{\"name\":\"EFE\",\"@id\":\"https:\\\/\\\/fuentesfidedignas.com.mx\\\/#\\\/schema\\\/person\\\/0d44615087b5a626d5d3f13afe31ac41\"},\"headline\":\"Apag\u00f3n afecta al 99 % de Chile en plena ola de calor\",\"datePublished\":\"2025-02-25T22:45:51+00:00\",\"dateModified\":\"2025-02-26T13:53:21+00:00\",\"mainEntityOfPage\":{\"@id\":\"https:\\\/\\\/fuentesfidedignas.com.mx\\\/index.php\\\/2025\\\/02\\\/25\\\/apagon-afecta-al-99-de-chile-en-plena-ola-de-calor\\\/\"},\"wordCount\":348,\"publisher\":{\"@id\":\"https:\\\/\\\/fuentesfidedignas.com.mx\\\/#organization\"},\"image\":{\"@id\":\"https:\\\/\\\/fuentesfidedignas.com.mx\\\/index.php\\\/2025\\\/02\\\/25\\\/apagon-afecta-al-99-de-chile-en-plena-ola-de-calor\\\/#primaryimage\"},\"thumbnailUrl\":\"https:\\\/\\\/fuentesfidedignas.com.mx\\\/wp-content\\\/uploads\\\/2025\\\/02\\\/img_9722-1.jpg\",\"inLanguage\":\"es\"},{\"@type\":\"WebPage\",\"@id\":\"https:\\\/\\\/fuentesfidedignas.com.mx\\\/index.php\\\/2025\\\/02\\\/25\\\/apagon-afecta-al-99-de-chile-en-plena-ola-de-calor\\\/\",\"url\":\"https:\\\/\\\/fuentesfidedignas.com.mx\\\/index.php\\\/2025\\\/02\\\/25\\\/apagon-afecta-al-99-de-chile-en-plena-ola-de-calor\\\/\",\"name\":\"Apag\u00f3n afecta al 99 % de Chile en plena ola de calor - Fuentes Fidedignas\",\"isPartOf\":{\"@id\":\"https:\\\/\\\/fuentesfidedignas.com.mx\\\/#website\"},\"primaryImageOfPage\":{\"@id\":\"https:\\\/\\\/fuentesfidedignas.com.mx\\\/index.php\\\/2025\\\/02\\\/25\\\/apagon-afecta-al-99-de-chile-en-plena-ola-de-calor\\\/#primaryimage\"},\"image\":{\"@id\":\"https:\\\/\\\/fuentesfidedignas.com.mx\\\/index.php\\\/2025\\\/02\\\/25\\\/apagon-afecta-al-99-de-chile-en-plena-ola-de-calor\\\/#primaryimage\"},\"thumbnailUrl\":\"https:\\\/\\\/fuentesfidedignas.com.mx\\\/wp-content\\\/uploads\\\/2025\\\/02\\\/img_9722-1.jpg\",\"datePublished\":\"2025-02-25T22:45:51+00:00\",\"dateModified\":\"2025-02-26T13:53:21+00:00\",\"breadcrumb\":{\"@id\":\"https:\\\/\\\/fuentesfidedignas.com.mx\\\/index.php\\\/2025\\\/02\\\/25\\\/apagon-afecta-al-99-de-chile-en-plena-ola-de-calor\\\/#breadcrumb\"},\"inLanguage\":\"es\",\"potentialAction\":[{\"@type\":\"ReadAction\",\"target\":[\"https:\\\/\\\/fuentesfidedignas.com.mx\\\/index.php\\\/2025\\\/02\\\/25\\\/apagon-afecta-al-99-de-chile-en-plena-ola-de-calor\\\/\"]}]},{\"@type\":\"ImageObject\",\"inLanguage\":\"es\",\"@id\":\"https:\\\/\\\/fuentesfidedignas.com.mx\\\/index.php\\\/2025\\\/02\\\/25\\\/apagon-afecta-al-99-de-chile-en-plena-ola-de-calor\\\/#primaryimage\",\"url\":\"https:\\\/\\\/fuentesfidedignas.com.mx\\\/wp-content\\\/uploads\\\/2025\\\/02\\\/img_9722-1.jpg\",\"contentUrl\":\"https:\\\/\\\/fuentesfidedignas.com.mx\\\/wp-content\\\/uploads\\\/2025\\\/02\\\/img_9722-1.jpg\",\"width\":722,\"height\":425},{\"@type\":\"BreadcrumbList\",\"@id\":\"https:\\\/\\\/fuentesfidedignas.com.mx\\\/index.php\\\/2025\\\/02\\\/25\\\/apagon-afecta-al-99-de-chile-en-plena-ola-de-calor\\\/#breadcrumb\",\"itemListElement\":[{\"@type\":\"ListItem\",\"position\":1,\"name\":\"Inicio\",\"item\":\"https:\\\/\\\/fuentesfidedignas.com.mx\\\/\"},{\"@type\":\"ListItem\",\"position\":2,\"name\":\"Apag\u00f3n afecta al 99 % de Chile en plena ola de calor\"}]},{\"@type\":\"WebSite\",\"@id\":\"https:\\\/\\\/fuentesfidedignas.com.mx\\\/#website\",\"url\":\"https:\\\/\\\/fuentesfidedignas.com.mx\\\/\",\"name\":\"Fuentes Fidedignas\",\"description\":\"Otro sitio realizado con WordPress\",\"publisher\":{\"@id\":\"https:\\\/\\\/fuentesfidedignas.com.mx\\\/#organization\"},\"potentialAction\":[{\"@type\":\"SearchAction\",\"target\":{\"@type\":\"EntryPoint\",\"urlTemplate\":\"https:\\\/\\\/fuentesfidedignas.com.mx\\\/?s={search_term_string}\"},\"query-input\":{\"@type\":\"PropertyValueSpecification\",\"valueRequired\":true,\"valueName\":\"search_term_string\"}}],\"inLanguage\":\"es\"},{\"@type\":\"Organization\",\"@id\":\"https:\\\/\\\/fuentesfidedignas.com.mx\\\/#organization\",\"name\":\"Fuentes Fidedignas\",\"url\":\"https:\\\/\\\/fuentesfidedignas.com.mx\\\/\",\"logo\":{\"@type\":\"ImageObject\",\"inLanguage\":\"es\",\"@id\":\"https:\\\/\\\/fuentesfidedignas.com.mx\\\/#\\\/schema\\\/logo\\\/image\\\/\",\"url\":\"https:\\\/\\\/fuentesfidedignas.com.mx\\\/wp-content\\\/uploads\\\/2021\\\/04\\\/logo-retina.png\",\"contentUrl\":\"https:\\\/\\\/fuentesfidedignas.com.mx\\\/wp-content\\\/uploads\\\/2021\\\/04\\\/logo-retina.png\",\"width\":280,\"height\":51,\"caption\":\"Fuentes Fidedignas\"},\"image\":{\"@id\":\"https:\\\/\\\/fuentesfidedignas.com.mx\\\/#\\\/schema\\\/logo\\\/image\\\/\"},\"sameAs\":[\"https:\\\/\\\/www.facebook.com\\\/Fuentes-Fidedignas-368234489921644\",\"https:\\\/\\\/x.com\\\/fidedignas\"]},{\"@type\":\"Person\",\"@id\":\"https:\\\/\\\/fuentesfidedignas.com.mx\\\/#\\\/schema\\\/person\\\/0d44615087b5a626d5d3f13afe31ac41\",\"name\":\"EFE\",\"image\":{\"@type\":\"ImageObject\",\"inLanguage\":\"es\",\"@id\":\"https:\\\/\\\/secure.gravatar.com\\\/avatar\\\/7048c2d9b569d9bed55bb53ad23821e6e047aa66338fb6ea9868627bbb9f54e8?s=96&d=mm&r=g\",\"url\":\"https:\\\/\\\/secure.gravatar.com\\\/avatar\\\/7048c2d9b569d9bed55bb53ad23821e6e047aa66338fb6ea9868627bbb9f54e8?s=96&d=mm&r=g\",\"contentUrl\":\"https:\\\/\\\/secure.gravatar.com\\\/avatar\\\/7048c2d9b569d9bed55bb53ad23821e6e047aa66338fb6ea9868627bbb9f54e8?s=96&d=mm&r=g\",\"caption\":\"EFE\"},\"url\":\"https:\\\/\\\/fuentesfidedignas.com.mx\\\/index.php\\\/author\\\/efe\\\/\"}]}<\/script>\n<!-- \/ Yoast SEO plugin. -->","yoast_head_json":{"title":"Apag\u00f3n afecta al 99 % de Chile en plena ola de calor - Fuentes Fidedignas","robots":{"index":"index","follow":"follow","max-snippet":"max-snippet:-1","max-image-preview":"max-image-preview:large","max-video-preview":"max-video-preview:-1"},"canonical":"https:\/\/fuentesfidedignas.com.mx\/index.php\/2025\/02\/25\/apagon-afecta-al-99-de-chile-en-plena-ola-de-calor\/","og_locale":"es_MX","og_type":"article","og_title":"Apag\u00f3n afecta al 99 % de Chile en plena ola de calor - Fuentes Fidedignas","og_description":"Chile enfrenta un inusual y masivo apag\u00f3n que oblig\u00f3 a la evacuaci\u00f3n del metro de Santiago, en medio de la confusi\u00f3n generalizada de la poblaci\u00f3n. Un corte general que afecta al 99 % de Chile y a dos provincias argentinas deja sin suministro el\u00e9ctrico a millones de personas este martes, cuyas causas se desconocen hasta [&hellip;]","og_url":"https:\/\/fuentesfidedignas.com.mx\/index.php\/2025\/02\/25\/apagon-afecta-al-99-de-chile-en-plena-ola-de-calor\/","og_site_name":"Fuentes Fidedignas","article_publisher":"https:\/\/www.facebook.com\/Fuentes-Fidedignas-368234489921644","article_published_time":"2025-02-25T22:45:51+00:00","article_modified_time":"2025-02-26T13:53:21+00:00","og_image":[{"width":722,"height":425,"url":"https:\/\/fuentesfidedignas.com.mx\/wp-content\/uploads\/2025\/02\/img_9722-1.jpg","type":"image\/jpeg"}],"author":"EFE","twitter_card":"summary_large_image","twitter_creator":"@fidedignas","twitter_site":"@fidedignas","twitter_misc":{"Escrito por":"EFE","Tiempo de lectura":"2 minutos"},"schema":{"@context":"https:\/\/schema.org","@graph":[{"@type":"Article","@id":"https:\/\/fuentesfidedignas.com.mx\/index.php\/2025\/02\/25\/apagon-afecta-al-99-de-chile-en-plena-ola-de-calor\/#article","isPartOf":{"@id":"https:\/\/fuentesfidedignas.com.mx\/index.php\/2025\/02\/25\/apagon-afecta-al-99-de-chile-en-plena-ola-de-calor\/"},"author":{"name":"EFE","@id":"https:\/\/fuentesfidedignas.com.mx\/#\/schema\/person\/0d44615087b5a626d5d3f13afe31ac41"},"headline":"Apag\u00f3n afecta al 99 % de Chile en plena ola de calor","datePublished":"2025-02-25T22:45:51+00:00","dateModified":"2025-02-26T13:53:21+00:00","mainEntityOfPage":{"@id":"https:\/\/fuentesfidedignas.com.mx\/index.php\/2025\/02\/25\/apagon-afecta-al-99-de-chile-en-plena-ola-de-calor\/"},"wordCount":348,"publisher":{"@id":"https:\/\/fuentesfidedignas.com.mx\/#organization"},"image":{"@id":"https:\/\/fuentesfidedignas.com.mx\/index.php\/2025\/02\/25\/apagon-afecta-al-99-de-chile-en-plena-ola-de-calor\/#primaryimage"},"thumbnailUrl":"https:\/\/fuentesfidedignas.com.mx\/wp-content\/uploads\/2025\/02\/img_9722-1.jpg","inLanguage":"es"},{"@type":"WebPage","@id":"https:\/\/fuentesfidedignas.com.mx\/index.php\/2025\/02\/25\/apagon-afecta-al-99-de-chile-en-plena-ola-de-calor\/","url":"https:\/\/fuentesfidedignas.com.mx\/index.php\/2025\/02\/25\/apagon-afecta-al-99-de-chile-en-plena-ola-de-calor\/","name":"Apag\u00f3n afecta al 99 % de Chile en plena ola de calor - Fuentes Fidedignas","isPartOf":{"@id":"https:\/\/fuentesfidedignas.com.mx\/#website"},"primaryImageOfPage":{"@id":"https:\/\/fuentesfidedignas.com.mx\/index.php\/2025\/02\/25\/apagon-afecta-al-99-de-chile-en-plena-ola-de-calor\/#primaryimage"},"image":{"@id":"https:\/\/fuentesfidedignas.com.mx\/index.php\/2025\/02\/25\/apagon-afecta-al-99-de-chile-en-plena-ola-de-calor\/#primaryimage"},"thumbnailUrl":"https:\/\/fuentesfidedignas.com.mx\/wp-content\/uploads\/2025\/02\/img_9722-1.jpg","datePublished":"2025-02-25T22:45:51+00:00","dateModified":"2025-02-26T13:53:21+00:00","breadcrumb":{"@id":"https:\/\/fuentesfidedignas.com.mx\/index.php\/2025\/02\/25\/apagon-afecta-al-99-de-chile-en-plena-ola-de-calor\/#breadcrumb"},"inLanguage":"es","potentialAction":[{"@type":"ReadAction","target":["https:\/\/fuentesfidedignas.com.mx\/index.php\/2025\/02\/25\/apagon-afecta-al-99-de-chile-en-plena-ola-de-calor\/"]}]},{"@type":"ImageObject","inLanguage":"es","@id":"https:\/\/fuentesfidedignas.com.mx\/index.php\/2025\/02\/25\/apagon-afecta-al-99-de-chile-en-plena-ola-de-calor\/#primaryimage","url":"https:\/\/fuentesfidedignas.com.mx\/wp-content\/uploads\/2025\/02\/img_9722-1.jpg","contentUrl":"https:\/\/fuentesfidedignas.com.mx\/wp-content\/uploads\/2025\/02\/img_9722-1.jpg","width":722,"height":425},{"@type":"BreadcrumbList","@id":"https:\/\/fuentesfidedignas.com.mx\/index.php\/2025\/02\/25\/apagon-afecta-al-99-de-chile-en-plena-ola-de-calor\/#breadcrumb","itemListElement":[{"@type":"ListItem","position":1,"name":"Inicio","item":"https:\/\/fuentesfidedignas.com.mx\/"},{"@type":"ListItem","position":2,"name":"Apag\u00f3n afecta al 99 % de Chile en plena ola de calor"}]},{"@type":"WebSite","@id":"https:\/\/fuentesfidedignas.com.mx\/#website","url":"https:\/\/fuentesfidedignas.com.mx\/","name":"Fuentes Fidedignas","description":"Otro sitio realizado con WordPress","publisher":{"@id":"https:\/\/fuentesfidedignas.com.mx\/#organization"},"potentialAction":[{"@type":"SearchAction","target":{"@type":"EntryPoint","urlTemplate":"https:\/\/fuentesfidedignas.com.mx\/?s={search_term_string}"},"query-input":{"@type":"PropertyValueSpecification","valueRequired":true,"valueName":"search_term_string"}}],"inLanguage":"es"},{"@type":"Organization","@id":"https:\/\/fuentesfidedignas.com.mx\/#organization","name":"Fuentes Fidedignas","url":"https:\/\/fuentesfidedignas.com.mx\/","logo":{"@type":"ImageObject","inLanguage":"es","@id":"https:\/\/fuentesfidedignas.com.mx\/#\/schema\/logo\/image\/","url":"https:\/\/fuentesfidedignas.com.mx\/wp-content\/uploads\/2021\/04\/logo-retina.png","contentUrl":"https:\/\/fuentesfidedignas.com.mx\/wp-content\/uploads\/2021\/04\/logo-retina.png","width":280,"height":51,"caption":"Fuentes Fidedignas"},"image":{"@id":"https:\/\/fuentesfidedignas.com.mx\/#\/schema\/logo\/image\/"},"sameAs":["https:\/\/www.facebook.com\/Fuentes-Fidedignas-368234489921644","https:\/\/x.com\/fidedignas"]},{"@type":"Person","@id":"https:\/\/fuentesfidedignas.com.mx\/#\/schema\/person\/0d44615087b5a626d5d3f13afe31ac41","name":"EFE","image":{"@type":"ImageObject","inLanguage":"es","@id":"https:\/\/secure.gravatar.com\/avatar\/7048c2d9b569d9bed55bb53ad23821e6e047aa66338fb6ea9868627bbb9f54e8?s=96&d=mm&r=g","url":"https:\/\/secure.gravatar.com\/avatar\/7048c2d9b569d9bed55bb53ad23821e6e047aa66338fb6ea9868627bbb9f54e8?s=96&d=mm&r=g","contentUrl":"https:\/\/secure.gravatar.com\/avatar\/7048c2d9b569d9bed55bb53ad23821e6e047aa66338fb6ea9868627bbb9f54e8?s=96&d=mm&r=g","caption":"EFE"},"url":"https:\/\/fuentesfidedignas.com.mx\/index.php\/author\/efe\/"}]}},"_links":{"self":[{"href":"https:\/\/fuentesfidedignas.com.mx\/index.php\/wp-json\/wp\/v2\/posts\/102599","targetHints":{"allow":["GET"]}}],"collection":[{"href":"https:\/\/fuentesfidedignas.com.mx\/index.php\/wp-json\/wp\/v2\/posts"}],"about":[{"href":"https:\/\/fuentesfidedignas.com.mx\/index.php\/wp-json\/wp\/v2\/types\/post"}],"author":[{"embeddable":true,"href":"https:\/\/fuentesfidedignas.com.mx\/index.php\/wp-json\/wp\/v2\/users\/22"}],"replies":[{"embeddable":true,"href":"https:\/\/fuentesfidedignas.com.mx\/index.php\/wp-json\/wp\/v2\/comments?post=102599"}],"version-history":[{"count":1,"href":"https:\/\/fuentesfidedignas.com.mx\/index.php\/wp-json\/wp\/v2\/posts\/102599\/revisions"}],"predecessor-version":[{"id":102600,"href":"https:\/\/fuentesfidedignas.com.mx\/index.php\/wp-json\/wp\/v2\/posts\/102599\/revisions\/102600"}],"wp:featuredmedia":[{"embeddable":true,"href":"https:\/\/fuentesfidedignas.com.mx\/index.php\/wp-json\/wp\/v2\/media\/102598"}],"wp:attachment":[{"href":"https:\/\/fuentesfidedignas.com.mx\/index.php\/wp-json\/wp\/v2\/media?parent=102599"}],"wp:term":[{"taxonomy":"category","embeddable":true,"href":"https:\/\/fuentesfidedignas.com.mx\/index.php\/wp-json\/wp\/v2\/categories?post=102599"},{"taxonomy":"post_tag","embeddable":true,"href":"https:\/\/fuentesfidedignas.com.mx\/index.php\/wp-json\/wp\/v2\/tags?post=102599"}],"curies":[{"name":"wp","href":"https:\/\/api.w.org\/{rel}","templated":true}]}}