{"id":102557,"date":"2025-02-25T09:51:46","date_gmt":"2025-02-25T16:51:46","guid":{"rendered":"https:\/\/fuentesfidedignas.com.mx\/?p=102557"},"modified":"2025-02-25T09:51:46","modified_gmt":"2025-02-25T16:51:46","slug":"sheinbaum-presume-reduccion-del-28-7-de-homicidios-en-mexico","status":"publish","type":"post","link":"https:\/\/fuentesfidedignas.com.mx\/index.php\/2025\/02\/25\/sheinbaum-presume-reduccion-del-28-7-de-homicidios-en-mexico\/","title":{"rendered":"Sheinbaum presume reducci\u00f3n del 28.7% de homicidios en M\u00e9xico"},"content":{"rendered":"\n<p><em><br>La presidenta Sheinbaum presumi\u00f3 la baja en los homicidios en los \u00faltimos seis a\u00f1os, con la llegada de la Cuarta Transformaci\u00f3n<\/em><\/p>\n\n\n\n<p>La presidenta Claudia Sheinbaum Pardo destac\u00f3 que en M\u00e9xico se ha logrado una reducci\u00f3n del 28.7 por ciento en homicidios dolosos desde 2018 a la fecha.<\/p>\n\n\n\n<p>En la conferencia matutina de Palacio Nacional, Sheinbaum Pardo enfatiz\u00f3 que desde octubre a la fecha se han registrado 10 asesinatos menos al d\u00eda en promedio.<\/p>\n\n\n\n<blockquote class=\"wp-block-quote is-layout-flow wp-block-quote-is-layout-flow\">\n<p>\u201cA los datos de hoy si tomamos en cuenta el promedio de v\u00edctimas de homicidio doloso por a\u00f1o, tenemos una reducci\u00f3n del 28.7 por ciento del 2018 a la fecha\u201d, dijo.<\/p>\n<\/blockquote>\n\n\n\n<p>\u201cY del cierre del 2024 al 2025 obviamente es mes y medio con cifras preliminares una reducci\u00f3n pr\u00e1cticamente de 10 homicidios diarios menos, es una cifra muy importante del logro del Gabinete de Seguridad\u201d, puntualiz\u00f3.<\/p>\n\n\n\n<p><strong>Marcela Figueroa Franco<\/strong>, titular del Secretariado Ejecutivo del Sistema Nacional de Seguridad P\u00fablica (SESNSP), detall\u00f3 que de 2018 a febrero de 2025, el promedio diario de homicidios pas\u00f3 de 100.5 a 71.6 v\u00edctimas.<\/p>\n\n\n\n<p>\u201cLa gr\u00e1fica indica. una tendencia a la baja visiblemente, con un promedio diario de 100.5 v\u00edctimas en 2018 que se reduce a 71.6 en el dato preliminar con corte a l d\u00eda de ayer. Esta disminuci\u00f3n implicar\u00eda una disminuci\u00f3n del 28.7 por ciento entre 2018 y 2025\u201d, destac\u00f3 la funcionaria federal<\/p>\n\n\n\n<p>Adem\u00e1s, apunt\u00f3 que el 54.37 por ciento de los asesinatos se concentran en solo siete estados:&nbsp;<strong>Guanajuato, Estado de M\u00e9xico, Baja California, Sinaloa, Michoac\u00e1n, Tabasco y Sonora.<\/strong><\/p>\n\n\n\n<p>Sheinbaum asumi\u00f3 la presidencia el 1 de octubre de 2024 despu\u00e9s del r\u00e9cord de m\u00e1s de 196 mil asesinatos registrados en el sexenio de Andr\u00e9s Manuel L\u00f3pez Obrador, mientras que los homicidios repuntaron un 1.2 por ciento anual en 2024 hasta los 30 mil 57, seg\u00fan las estad\u00edsticas del SESNSP.<\/p>\n","protected":false},"excerpt":{"rendered":"<p>La presidenta Sheinbaum presumi\u00f3 la baja en los homicidios en los \u00faltimos seis a\u00f1os, con la llegada de la Cuarta Transformaci\u00f3n La presidenta Claudia Sheinbaum Pardo destac\u00f3 que en M\u00e9xico se ha logrado una reducci\u00f3n del 28.7 por ciento en homicidios dolosos desde 2018 a la fecha. En la conferencia matutina de Palacio Nacional, Sheinbaum [&hellip;]<\/p>\n","protected":false},"author":47,"featured_media":102556,"comment_status":"closed","ping_status":"open","sticky":false,"template":"","format":"standard","meta":{"tdm_status":"","tdm_grid_status":"","footnotes":""},"categories":[39],"tags":[],"class_list":{"0":"post-102557","1":"post","2":"type-post","3":"status-publish","4":"format-standard","5":"has-post-thumbnail","7":"category-noticias-nacionales"},"yoast_head":"<!-- This site is optimized with the Yoast SEO plugin v27.4 - https:\/\/yoast.com\/product\/yoast-seo-wordpress\/ -->\n<title>Sheinbaum presume reducci\u00f3n del 28.7% de homicidios en M\u00e9xico - Fuentes Fidedignas<\/title>\n<meta name=\"robots\" content=\"index, follow, max-snippet:-1, max-image-preview:large, max-video-preview:-1\" \/>\n<link rel=\"canonical\" href=\"https:\/\/fuentesfidedignas.com.mx\/index.php\/2025\/02\/25\/sheinbaum-presume-reduccion-del-28-7-de-homicidios-en-mexico\/\" \/>\n<meta property=\"og:locale\" content=\"es_MX\" \/>\n<meta property=\"og:type\" content=\"article\" \/>\n<meta property=\"og:title\" content=\"Sheinbaum presume reducci\u00f3n del 28.7% de homicidios en M\u00e9xico - Fuentes Fidedignas\" \/>\n<meta property=\"og:description\" content=\"La presidenta Sheinbaum presumi\u00f3 la baja en los homicidios en los \u00faltimos seis a\u00f1os, con la llegada de la Cuarta Transformaci\u00f3n La presidenta Claudia Sheinbaum Pardo destac\u00f3 que en M\u00e9xico se ha logrado una reducci\u00f3n del 28.7 por ciento en homicidios dolosos desde 2018 a la fecha. En la conferencia matutina de Palacio Nacional, Sheinbaum [&hellip;]\" \/>\n<meta property=\"og:url\" content=\"https:\/\/fuentesfidedignas.com.mx\/index.php\/2025\/02\/25\/sheinbaum-presume-reduccion-del-28-7-de-homicidios-en-mexico\/\" \/>\n<meta property=\"og:site_name\" content=\"Fuentes Fidedignas\" \/>\n<meta property=\"article:publisher\" content=\"https:\/\/www.facebook.com\/Fuentes-Fidedignas-368234489921644\" \/>\n<meta property=\"article:published_time\" content=\"2025-02-25T16:51:46+00:00\" \/>\n<meta property=\"og:image\" content=\"https:\/\/fuentesfidedignas.com.mx\/wp-content\/uploads\/2025\/02\/img_9492-1.jpg\" \/>\n\t<meta property=\"og:image:width\" content=\"1536\" \/>\n\t<meta property=\"og:image:height\" content=\"1022\" \/>\n\t<meta property=\"og:image:type\" content=\"image\/jpeg\" \/>\n<meta name=\"author\" content=\"L\u00f3pez D\u00f3riga\" \/>\n<meta name=\"twitter:card\" content=\"summary_large_image\" \/>\n<meta name=\"twitter:creator\" content=\"@fidedignas\" \/>\n<meta name=\"twitter:site\" content=\"@fidedignas\" \/>\n<meta name=\"twitter:label1\" content=\"Escrito por\" \/>\n\t<meta name=\"twitter:data1\" content=\"L\u00f3pez D\u00f3riga\" \/>\n\t<meta name=\"twitter:label2\" content=\"Tiempo de lectura\" \/>\n\t<meta name=\"twitter:data2\" content=\"2 minutos\" \/>\n<script type=\"application\/ld+json\" class=\"yoast-schema-graph\">{\"@context\":\"https:\\\/\\\/schema.org\",\"@graph\":[{\"@type\":\"Article\",\"@id\":\"https:\\\/\\\/fuentesfidedignas.com.mx\\\/index.php\\\/2025\\\/02\\\/25\\\/sheinbaum-presume-reduccion-del-28-7-de-homicidios-en-mexico\\\/#article\",\"isPartOf\":{\"@id\":\"https:\\\/\\\/fuentesfidedignas.com.mx\\\/index.php\\\/2025\\\/02\\\/25\\\/sheinbaum-presume-reduccion-del-28-7-de-homicidios-en-mexico\\\/\"},\"author\":{\"name\":\"L\u00f3pez D\u00f3riga\",\"@id\":\"https:\\\/\\\/fuentesfidedignas.com.mx\\\/#\\\/schema\\\/person\\\/67d852f0557c8509146a4b9ddebd543a\"},\"headline\":\"Sheinbaum presume reducci\u00f3n del 28.7% de homicidios en M\u00e9xico\",\"datePublished\":\"2025-02-25T16:51:46+00:00\",\"mainEntityOfPage\":{\"@id\":\"https:\\\/\\\/fuentesfidedignas.com.mx\\\/index.php\\\/2025\\\/02\\\/25\\\/sheinbaum-presume-reduccion-del-28-7-de-homicidios-en-mexico\\\/\"},\"wordCount\":313,\"publisher\":{\"@id\":\"https:\\\/\\\/fuentesfidedignas.com.mx\\\/#organization\"},\"image\":{\"@id\":\"https:\\\/\\\/fuentesfidedignas.com.mx\\\/index.php\\\/2025\\\/02\\\/25\\\/sheinbaum-presume-reduccion-del-28-7-de-homicidios-en-mexico\\\/#primaryimage\"},\"thumbnailUrl\":\"https:\\\/\\\/fuentesfidedignas.com.mx\\\/wp-content\\\/uploads\\\/2025\\\/02\\\/img_9492-1.jpg\",\"articleSection\":[\"NOTICIAS NACIONALES\"],\"inLanguage\":\"es\"},{\"@type\":\"WebPage\",\"@id\":\"https:\\\/\\\/fuentesfidedignas.com.mx\\\/index.php\\\/2025\\\/02\\\/25\\\/sheinbaum-presume-reduccion-del-28-7-de-homicidios-en-mexico\\\/\",\"url\":\"https:\\\/\\\/fuentesfidedignas.com.mx\\\/index.php\\\/2025\\\/02\\\/25\\\/sheinbaum-presume-reduccion-del-28-7-de-homicidios-en-mexico\\\/\",\"name\":\"Sheinbaum presume reducci\u00f3n del 28.7% de homicidios en M\u00e9xico - Fuentes Fidedignas\",\"isPartOf\":{\"@id\":\"https:\\\/\\\/fuentesfidedignas.com.mx\\\/#website\"},\"primaryImageOfPage\":{\"@id\":\"https:\\\/\\\/fuentesfidedignas.com.mx\\\/index.php\\\/2025\\\/02\\\/25\\\/sheinbaum-presume-reduccion-del-28-7-de-homicidios-en-mexico\\\/#primaryimage\"},\"image\":{\"@id\":\"https:\\\/\\\/fuentesfidedignas.com.mx\\\/index.php\\\/2025\\\/02\\\/25\\\/sheinbaum-presume-reduccion-del-28-7-de-homicidios-en-mexico\\\/#primaryimage\"},\"thumbnailUrl\":\"https:\\\/\\\/fuentesfidedignas.com.mx\\\/wp-content\\\/uploads\\\/2025\\\/02\\\/img_9492-1.jpg\",\"datePublished\":\"2025-02-25T16:51:46+00:00\",\"breadcrumb\":{\"@id\":\"https:\\\/\\\/fuentesfidedignas.com.mx\\\/index.php\\\/2025\\\/02\\\/25\\\/sheinbaum-presume-reduccion-del-28-7-de-homicidios-en-mexico\\\/#breadcrumb\"},\"inLanguage\":\"es\",\"potentialAction\":[{\"@type\":\"ReadAction\",\"target\":[\"https:\\\/\\\/fuentesfidedignas.com.mx\\\/index.php\\\/2025\\\/02\\\/25\\\/sheinbaum-presume-reduccion-del-28-7-de-homicidios-en-mexico\\\/\"]}]},{\"@type\":\"ImageObject\",\"inLanguage\":\"es\",\"@id\":\"https:\\\/\\\/fuentesfidedignas.com.mx\\\/index.php\\\/2025\\\/02\\\/25\\\/sheinbaum-presume-reduccion-del-28-7-de-homicidios-en-mexico\\\/#primaryimage\",\"url\":\"https:\\\/\\\/fuentesfidedignas.com.mx\\\/wp-content\\\/uploads\\\/2025\\\/02\\\/img_9492-1.jpg\",\"contentUrl\":\"https:\\\/\\\/fuentesfidedignas.com.mx\\\/wp-content\\\/uploads\\\/2025\\\/02\\\/img_9492-1.jpg\",\"width\":1536,\"height\":1022},{\"@type\":\"BreadcrumbList\",\"@id\":\"https:\\\/\\\/fuentesfidedignas.com.mx\\\/index.php\\\/2025\\\/02\\\/25\\\/sheinbaum-presume-reduccion-del-28-7-de-homicidios-en-mexico\\\/#breadcrumb\",\"itemListElement\":[{\"@type\":\"ListItem\",\"position\":1,\"name\":\"Inicio\",\"item\":\"https:\\\/\\\/fuentesfidedignas.com.mx\\\/\"},{\"@type\":\"ListItem\",\"position\":2,\"name\":\"Sheinbaum presume reducci\u00f3n del 28.7% de homicidios en M\u00e9xico\"}]},{\"@type\":\"WebSite\",\"@id\":\"https:\\\/\\\/fuentesfidedignas.com.mx\\\/#website\",\"url\":\"https:\\\/\\\/fuentesfidedignas.com.mx\\\/\",\"name\":\"Fuentes Fidedignas\",\"description\":\"Otro sitio realizado con WordPress\",\"publisher\":{\"@id\":\"https:\\\/\\\/fuentesfidedignas.com.mx\\\/#organization\"},\"potentialAction\":[{\"@type\":\"SearchAction\",\"target\":{\"@type\":\"EntryPoint\",\"urlTemplate\":\"https:\\\/\\\/fuentesfidedignas.com.mx\\\/?s={search_term_string}\"},\"query-input\":{\"@type\":\"PropertyValueSpecification\",\"valueRequired\":true,\"valueName\":\"search_term_string\"}}],\"inLanguage\":\"es\"},{\"@type\":\"Organization\",\"@id\":\"https:\\\/\\\/fuentesfidedignas.com.mx\\\/#organization\",\"name\":\"Fuentes Fidedignas\",\"url\":\"https:\\\/\\\/fuentesfidedignas.com.mx\\\/\",\"logo\":{\"@type\":\"ImageObject\",\"inLanguage\":\"es\",\"@id\":\"https:\\\/\\\/fuentesfidedignas.com.mx\\\/#\\\/schema\\\/logo\\\/image\\\/\",\"url\":\"https:\\\/\\\/fuentesfidedignas.com.mx\\\/wp-content\\\/uploads\\\/2021\\\/04\\\/logo-retina.png\",\"contentUrl\":\"https:\\\/\\\/fuentesfidedignas.com.mx\\\/wp-content\\\/uploads\\\/2021\\\/04\\\/logo-retina.png\",\"width\":280,\"height\":51,\"caption\":\"Fuentes Fidedignas\"},\"image\":{\"@id\":\"https:\\\/\\\/fuentesfidedignas.com.mx\\\/#\\\/schema\\\/logo\\\/image\\\/\"},\"sameAs\":[\"https:\\\/\\\/www.facebook.com\\\/Fuentes-Fidedignas-368234489921644\",\"https:\\\/\\\/x.com\\\/fidedignas\"]},{\"@type\":\"Person\",\"@id\":\"https:\\\/\\\/fuentesfidedignas.com.mx\\\/#\\\/schema\\\/person\\\/67d852f0557c8509146a4b9ddebd543a\",\"name\":\"L\u00f3pez D\u00f3riga\",\"image\":{\"@type\":\"ImageObject\",\"inLanguage\":\"es\",\"@id\":\"https:\\\/\\\/secure.gravatar.com\\\/avatar\\\/e525b06574ca18b33cded59dfe5778d6c823b9513154eff47da551b0551bdd1e?s=96&d=mm&r=g\",\"url\":\"https:\\\/\\\/secure.gravatar.com\\\/avatar\\\/e525b06574ca18b33cded59dfe5778d6c823b9513154eff47da551b0551bdd1e?s=96&d=mm&r=g\",\"contentUrl\":\"https:\\\/\\\/secure.gravatar.com\\\/avatar\\\/e525b06574ca18b33cded59dfe5778d6c823b9513154eff47da551b0551bdd1e?s=96&d=mm&r=g\",\"caption\":\"L\u00f3pez D\u00f3riga\"},\"url\":\"https:\\\/\\\/fuentesfidedignas.com.mx\\\/index.php\\\/author\\\/doriga\\\/\"}]}<\/script>\n<!-- \/ Yoast SEO plugin. -->","yoast_head_json":{"title":"Sheinbaum presume reducci\u00f3n del 28.7% de homicidios en M\u00e9xico - Fuentes Fidedignas","robots":{"index":"index","follow":"follow","max-snippet":"max-snippet:-1","max-image-preview":"max-image-preview:large","max-video-preview":"max-video-preview:-1"},"canonical":"https:\/\/fuentesfidedignas.com.mx\/index.php\/2025\/02\/25\/sheinbaum-presume-reduccion-del-28-7-de-homicidios-en-mexico\/","og_locale":"es_MX","og_type":"article","og_title":"Sheinbaum presume reducci\u00f3n del 28.7% de homicidios en M\u00e9xico - Fuentes Fidedignas","og_description":"La presidenta Sheinbaum presumi\u00f3 la baja en los homicidios en los \u00faltimos seis a\u00f1os, con la llegada de la Cuarta Transformaci\u00f3n La presidenta Claudia Sheinbaum Pardo destac\u00f3 que en M\u00e9xico se ha logrado una reducci\u00f3n del 28.7 por ciento en homicidios dolosos desde 2018 a la fecha. En la conferencia matutina de Palacio Nacional, Sheinbaum [&hellip;]","og_url":"https:\/\/fuentesfidedignas.com.mx\/index.php\/2025\/02\/25\/sheinbaum-presume-reduccion-del-28-7-de-homicidios-en-mexico\/","og_site_name":"Fuentes Fidedignas","article_publisher":"https:\/\/www.facebook.com\/Fuentes-Fidedignas-368234489921644","article_published_time":"2025-02-25T16:51:46+00:00","og_image":[{"width":1536,"height":1022,"url":"https:\/\/fuentesfidedignas.com.mx\/wp-content\/uploads\/2025\/02\/img_9492-1.jpg","type":"image\/jpeg"}],"author":"L\u00f3pez D\u00f3riga","twitter_card":"summary_large_image","twitter_creator":"@fidedignas","twitter_site":"@fidedignas","twitter_misc":{"Escrito por":"L\u00f3pez D\u00f3riga","Tiempo de lectura":"2 minutos"},"schema":{"@context":"https:\/\/schema.org","@graph":[{"@type":"Article","@id":"https:\/\/fuentesfidedignas.com.mx\/index.php\/2025\/02\/25\/sheinbaum-presume-reduccion-del-28-7-de-homicidios-en-mexico\/#article","isPartOf":{"@id":"https:\/\/fuentesfidedignas.com.mx\/index.php\/2025\/02\/25\/sheinbaum-presume-reduccion-del-28-7-de-homicidios-en-mexico\/"},"author":{"name":"L\u00f3pez D\u00f3riga","@id":"https:\/\/fuentesfidedignas.com.mx\/#\/schema\/person\/67d852f0557c8509146a4b9ddebd543a"},"headline":"Sheinbaum presume reducci\u00f3n del 28.7% de homicidios en M\u00e9xico","datePublished":"2025-02-25T16:51:46+00:00","mainEntityOfPage":{"@id":"https:\/\/fuentesfidedignas.com.mx\/index.php\/2025\/02\/25\/sheinbaum-presume-reduccion-del-28-7-de-homicidios-en-mexico\/"},"wordCount":313,"publisher":{"@id":"https:\/\/fuentesfidedignas.com.mx\/#organization"},"image":{"@id":"https:\/\/fuentesfidedignas.com.mx\/index.php\/2025\/02\/25\/sheinbaum-presume-reduccion-del-28-7-de-homicidios-en-mexico\/#primaryimage"},"thumbnailUrl":"https:\/\/fuentesfidedignas.com.mx\/wp-content\/uploads\/2025\/02\/img_9492-1.jpg","articleSection":["NOTICIAS NACIONALES"],"inLanguage":"es"},{"@type":"WebPage","@id":"https:\/\/fuentesfidedignas.com.mx\/index.php\/2025\/02\/25\/sheinbaum-presume-reduccion-del-28-7-de-homicidios-en-mexico\/","url":"https:\/\/fuentesfidedignas.com.mx\/index.php\/2025\/02\/25\/sheinbaum-presume-reduccion-del-28-7-de-homicidios-en-mexico\/","name":"Sheinbaum presume reducci\u00f3n del 28.7% de homicidios en M\u00e9xico - Fuentes Fidedignas","isPartOf":{"@id":"https:\/\/fuentesfidedignas.com.mx\/#website"},"primaryImageOfPage":{"@id":"https:\/\/fuentesfidedignas.com.mx\/index.php\/2025\/02\/25\/sheinbaum-presume-reduccion-del-28-7-de-homicidios-en-mexico\/#primaryimage"},"image":{"@id":"https:\/\/fuentesfidedignas.com.mx\/index.php\/2025\/02\/25\/sheinbaum-presume-reduccion-del-28-7-de-homicidios-en-mexico\/#primaryimage"},"thumbnailUrl":"https:\/\/fuentesfidedignas.com.mx\/wp-content\/uploads\/2025\/02\/img_9492-1.jpg","datePublished":"2025-02-25T16:51:46+00:00","breadcrumb":{"@id":"https:\/\/fuentesfidedignas.com.mx\/index.php\/2025\/02\/25\/sheinbaum-presume-reduccion-del-28-7-de-homicidios-en-mexico\/#breadcrumb"},"inLanguage":"es","potentialAction":[{"@type":"ReadAction","target":["https:\/\/fuentesfidedignas.com.mx\/index.php\/2025\/02\/25\/sheinbaum-presume-reduccion-del-28-7-de-homicidios-en-mexico\/"]}]},{"@type":"ImageObject","inLanguage":"es","@id":"https:\/\/fuentesfidedignas.com.mx\/index.php\/2025\/02\/25\/sheinbaum-presume-reduccion-del-28-7-de-homicidios-en-mexico\/#primaryimage","url":"https:\/\/fuentesfidedignas.com.mx\/wp-content\/uploads\/2025\/02\/img_9492-1.jpg","contentUrl":"https:\/\/fuentesfidedignas.com.mx\/wp-content\/uploads\/2025\/02\/img_9492-1.jpg","width":1536,"height":1022},{"@type":"BreadcrumbList","@id":"https:\/\/fuentesfidedignas.com.mx\/index.php\/2025\/02\/25\/sheinbaum-presume-reduccion-del-28-7-de-homicidios-en-mexico\/#breadcrumb","itemListElement":[{"@type":"ListItem","position":1,"name":"Inicio","item":"https:\/\/fuentesfidedignas.com.mx\/"},{"@type":"ListItem","position":2,"name":"Sheinbaum presume reducci\u00f3n del 28.7% de homicidios en M\u00e9xico"}]},{"@type":"WebSite","@id":"https:\/\/fuentesfidedignas.com.mx\/#website","url":"https:\/\/fuentesfidedignas.com.mx\/","name":"Fuentes Fidedignas","description":"Otro sitio realizado con WordPress","publisher":{"@id":"https:\/\/fuentesfidedignas.com.mx\/#organization"},"potentialAction":[{"@type":"SearchAction","target":{"@type":"EntryPoint","urlTemplate":"https:\/\/fuentesfidedignas.com.mx\/?s={search_term_string}"},"query-input":{"@type":"PropertyValueSpecification","valueRequired":true,"valueName":"search_term_string"}}],"inLanguage":"es"},{"@type":"Organization","@id":"https:\/\/fuentesfidedignas.com.mx\/#organization","name":"Fuentes Fidedignas","url":"https:\/\/fuentesfidedignas.com.mx\/","logo":{"@type":"ImageObject","inLanguage":"es","@id":"https:\/\/fuentesfidedignas.com.mx\/#\/schema\/logo\/image\/","url":"https:\/\/fuentesfidedignas.com.mx\/wp-content\/uploads\/2021\/04\/logo-retina.png","contentUrl":"https:\/\/fuentesfidedignas.com.mx\/wp-content\/uploads\/2021\/04\/logo-retina.png","width":280,"height":51,"caption":"Fuentes Fidedignas"},"image":{"@id":"https:\/\/fuentesfidedignas.com.mx\/#\/schema\/logo\/image\/"},"sameAs":["https:\/\/www.facebook.com\/Fuentes-Fidedignas-368234489921644","https:\/\/x.com\/fidedignas"]},{"@type":"Person","@id":"https:\/\/fuentesfidedignas.com.mx\/#\/schema\/person\/67d852f0557c8509146a4b9ddebd543a","name":"L\u00f3pez D\u00f3riga","image":{"@type":"ImageObject","inLanguage":"es","@id":"https:\/\/secure.gravatar.com\/avatar\/e525b06574ca18b33cded59dfe5778d6c823b9513154eff47da551b0551bdd1e?s=96&d=mm&r=g","url":"https:\/\/secure.gravatar.com\/avatar\/e525b06574ca18b33cded59dfe5778d6c823b9513154eff47da551b0551bdd1e?s=96&d=mm&r=g","contentUrl":"https:\/\/secure.gravatar.com\/avatar\/e525b06574ca18b33cded59dfe5778d6c823b9513154eff47da551b0551bdd1e?s=96&d=mm&r=g","caption":"L\u00f3pez D\u00f3riga"},"url":"https:\/\/fuentesfidedignas.com.mx\/index.php\/author\/doriga\/"}]}},"_links":{"self":[{"href":"https:\/\/fuentesfidedignas.com.mx\/index.php\/wp-json\/wp\/v2\/posts\/102557","targetHints":{"allow":["GET"]}}],"collection":[{"href":"https:\/\/fuentesfidedignas.com.mx\/index.php\/wp-json\/wp\/v2\/posts"}],"about":[{"href":"https:\/\/fuentesfidedignas.com.mx\/index.php\/wp-json\/wp\/v2\/types\/post"}],"author":[{"embeddable":true,"href":"https:\/\/fuentesfidedignas.com.mx\/index.php\/wp-json\/wp\/v2\/users\/47"}],"replies":[{"embeddable":true,"href":"https:\/\/fuentesfidedignas.com.mx\/index.php\/wp-json\/wp\/v2\/comments?post=102557"}],"version-history":[{"count":1,"href":"https:\/\/fuentesfidedignas.com.mx\/index.php\/wp-json\/wp\/v2\/posts\/102557\/revisions"}],"predecessor-version":[{"id":102558,"href":"https:\/\/fuentesfidedignas.com.mx\/index.php\/wp-json\/wp\/v2\/posts\/102557\/revisions\/102558"}],"wp:featuredmedia":[{"embeddable":true,"href":"https:\/\/fuentesfidedignas.com.mx\/index.php\/wp-json\/wp\/v2\/media\/102556"}],"wp:attachment":[{"href":"https:\/\/fuentesfidedignas.com.mx\/index.php\/wp-json\/wp\/v2\/media?parent=102557"}],"wp:term":[{"taxonomy":"category","embeddable":true,"href":"https:\/\/fuentesfidedignas.com.mx\/index.php\/wp-json\/wp\/v2\/categories?post=102557"},{"taxonomy":"post_tag","embeddable":true,"href":"https:\/\/fuentesfidedignas.com.mx\/index.php\/wp-json\/wp\/v2\/tags?post=102557"}],"curies":[{"name":"wp","href":"https:\/\/api.w.org\/{rel}","templated":true}]}}